{"id":278209,"date":"2020-02-03T09:53:40","date_gmt":"2020-02-03T08:53:40","guid":{"rendered":"http:\/\/kapitalis.com\/tunisie\/?p=278209"},"modified":"2020-03-01T15:22:26","modified_gmt":"2020-03-01T14:22:26","slug":"2e-edition-de-dreams-chebeb-le-reve-continue-pour-les-jeunes-talents","status":"publish","type":"post","link":"https:\/\/kapitalis.com\/tunisie\/2020\/02\/03\/2e-edition-de-dreams-chebeb-le-reve-continue-pour-les-jeunes-talents\/","title":{"rendered":"2e \u00e9dition de Dream\u2019s Chebeb : Le r\u00eave continue pour les jeunes talents"},"content":{"rendered":"\n<figure class=\"wp-block-image size-large\"><img decoding=\"async\" src=\"http:\/\/kapitalis.com\/tunisie\/wp-content\/uploads\/2020\/02\/Dreams-Chebeb.jpg\" alt=\"\" class=\"wp-image-278212\"\/><\/figure>\n\n\n\n<p><strong><em> Le projet d\u2019aide \u00e0 la cr\u00e9ation Dream\u2019s Chebeb, lanc\u00e9 par la com\u00e9dienne et metteuse en sc\u00e8ne Leila Toubel, lance sa deuxi\u00e8me \u00e9dition dont l\u2019appel \u00e0 candidature est fix\u00e9 jusqu\u2019au 31 mars 2020.<\/em><\/strong><\/p>\n\n\n\n<!--more-->\n\n\n\n<p> Dream\u2019s Chebeb est une initiative de soutien \u00e0 la cr\u00e9ation artistique lanc\u00e9e en 2018 par Leila Toubel. Le projet s\u2019adresse aux jeunes ayant entre 18 et 30 ans et concerne les 24 gouvernorats du pays, afin  de cr\u00e9er une dynamique cr\u00e9ative, notamment dans les r\u00e9gions int\u00e9rieures.<\/p>\n\n\n\n<p> Soutenue par le minist\u00e8re des Affaires culturelles et la Fondation Stichting DOEN, cette initiative permet aux jeunes talents de concr\u00e9tiser leurs r\u00eaves en leur offrant un soutien financier, des formations et un accompagnement continu jusqu\u2019\u00e0 l\u2019aboutissement de leurs projets.<\/p>\n\n\n\n<p> Cette nouvelle \u00e9dition regroupera diff\u00e9rentes disciplines artistiques : th\u00e9\u00e2tre, danse, musique, photographie, \u00e9criture et vid\u00e9o; et chaque talent se doit de r\u00e9aliser son \u0153uvre dans son gouvernorat d\u2019origine en faisant participer les jeunes de sa r\u00e9gion.<\/p>\n\n\n\n<div class=\"wp-block-image\"><figure class=\"aligncenter size-large is-resized\"><img decoding=\"async\" src=\"http:\/\/kapitalis.com\/tunisie\/wp-content\/uploads\/2020\/02\/Leila-Toubel.jpg\" alt=\"\" class=\"wp-image-278213\" width=\"500\"\/><figcaption><em>Leila Toubel.<\/em><\/figcaption><\/figure><\/div>\n\n\n\n<p><em> \u00abDream\u2019s Chebeb est n\u00e9 d\u2019un besoin urgent de rendre le r\u00eave \u00e0 la cr\u00e9ation accessible et possible, pour une jeunesse d\u00e9sillusionn\u00e9e et d\u00e9sesp\u00e9r\u00e9e qui prend le large pour mourir, ou les armes pour tuer. Un r\u00eave contre l\u2019amertume du quotidien haut en couleurs, parfum\u00e9 d\u2019ambre et de beaut\u00e9\u00bb<\/em>, indique Leila Toubel.<\/p>\n\n\n\n<p class=\"has-text-align-right\"><strong> Fawz Ben Ali<\/strong><\/p>\n","protected":false},"excerpt":{"rendered":"<p>Le projet d\u2019aide \u00e0 la cr\u00e9ation Dream\u2019s Chebeb, lanc\u00e9 par la com\u00e9dienne et metteuse en sc\u00e8ne Leila Toubel, lance sa deuxi\u00e8me \u00e9dition dont l\u2019appel \u00e0 candidature est fix\u00e9 jusqu\u2019au 31 mars 2020.<\/p>\n","protected":false},"author":8,"featured_media":278212,"comment_status":"open","ping_status":"open","sticky":false,"template":"","format":"standard","meta":{"footnotes":""},"categories":[994,1],"tags":[73946,537],"class_list":["post-278209","post","type-post","status-publish","format-standard","has-post-thumbnail","hentry","category-culture","category-non-classe","tag-fondation-stichting-doen","tag-leila-toubel"],"yoast_head":"<!-- This site is optimized with the Yoast SEO plugin v26.6 - https:\/\/yoast.com\/wordpress\/plugins\/seo\/ -->\n<title>2e \u00e9dition de Dream\u2019s Chebeb : Le r\u00eave continue pour les jeunes talents - Kapitalis<\/title>\n<meta name=\"robots\" content=\"index, follow, max-snippet:-1, max-image-preview:large, max-video-preview:-1\" \/>\n<link rel=\"canonical\" href=\"https:\/\/kapitalis.com\/tunisie\/2020\/02\/03\/2e-edition-de-dreams-chebeb-le-reve-continue-pour-les-jeunes-talents\/\" \/>\n<meta property=\"og:locale\" content=\"fr_FR\" \/>\n<meta property=\"og:type\" content=\"article\" \/>\n<meta property=\"og:title\" content=\"2e \u00e9dition de Dream\u2019s Chebeb : Le r\u00eave continue pour les jeunes talents - Kapitalis\" \/>\n<meta property=\"og:description\" content=\"Le projet d\u2019aide \u00e0 la cr\u00e9ation Dream\u2019s Chebeb, lanc\u00e9 par la com\u00e9dienne et metteuse en sc\u00e8ne Leila Toubel, lance sa deuxi\u00e8me \u00e9dition dont l\u2019appel \u00e0 candidature est fix\u00e9 jusqu\u2019au 31 mars 2020.\" \/>\n<meta property=\"og:url\" content=\"https:\/\/kapitalis.com\/tunisie\/2020\/02\/03\/2e-edition-de-dreams-chebeb-le-reve-continue-pour-les-jeunes-talents\/\" \/>\n<meta property=\"og:site_name\" content=\"Kapitalis\" \/>\n<meta property=\"article:publisher\" content=\"https:\/\/www.facebook.com\/KapitalisInfo\/\" \/>\n<meta property=\"article:published_time\" content=\"2020-02-03T08:53:40+00:00\" \/>\n<meta property=\"article:modified_time\" content=\"2020-03-01T14:22:26+00:00\" \/>\n<meta property=\"og:image\" content=\"https:\/\/kapitalis.com\/tunisie\/wp-content\/uploads\/2022\/05\/kapitalis-logo-fb.png\" \/>\n\t<meta property=\"og:image:width\" content=\"1200\" \/>\n\t<meta property=\"og:image:height\" content=\"630\" \/>\n\t<meta property=\"og:image:type\" content=\"image\/png\" \/>\n<meta name=\"author\" content=\"webmaster kapitalis\" \/>\n<meta name=\"twitter:card\" content=\"summary_large_image\" \/>\n<meta name=\"twitter:creator\" content=\"@KapitalisInfo\" \/>\n<meta name=\"twitter:site\" content=\"@KapitalisInfo\" \/>\n<meta name=\"twitter:label1\" content=\"\u00c9crit par\" \/>\n\t<meta name=\"twitter:data1\" content=\"webmaster kapitalis\" \/>\n\t<meta name=\"twitter:label2\" content=\"Dur\u00e9e de lecture estim\u00e9e\" \/>\n\t<meta name=\"twitter:data2\" content=\"1 minute\" \/>\n<script type=\"application\/ld+json\" class=\"yoast-schema-graph\">{\"@context\":\"https:\/\/schema.org\",\"@graph\":[{\"@type\":\"Article\",\"@id\":\"https:\/\/kapitalis.com\/tunisie\/2020\/02\/03\/2e-edition-de-dreams-chebeb-le-reve-continue-pour-les-jeunes-talents\/#article\",\"isPartOf\":{\"@id\":\"https:\/\/kapitalis.com\/tunisie\/2020\/02\/03\/2e-edition-de-dreams-chebeb-le-reve-continue-pour-les-jeunes-talents\/\"},\"author\":{\"name\":\"webmaster kapitalis\",\"@id\":\"https:\/\/kapitalis.com\/tunisie\/#\/schema\/person\/d71f33a9ca44f7bad4698210b480c8e9\"},\"headline\":\"2e \u00e9dition de Dream\u2019s Chebeb : Le r\u00eave continue pour les jeunes talents\",\"datePublished\":\"2020-02-03T08:53:40+00:00\",\"dateModified\":\"2020-03-01T14:22:26+00:00\",\"mainEntityOfPage\":{\"@id\":\"https:\/\/kapitalis.com\/tunisie\/2020\/02\/03\/2e-edition-de-dreams-chebeb-le-reve-continue-pour-les-jeunes-talents\/\"},\"wordCount\":250,\"commentCount\":0,\"publisher\":{\"@id\":\"https:\/\/kapitalis.com\/tunisie\/#organization\"},\"image\":{\"@id\":\"https:\/\/kapitalis.com\/tunisie\/2020\/02\/03\/2e-edition-de-dreams-chebeb-le-reve-continue-pour-les-jeunes-talents\/#primaryimage\"},\"thumbnailUrl\":\"\",\"keywords\":[\"Fondation Stichting DOEN\",\"Le\u00efla Toubel\"],\"articleSection\":[\"CULTURE\"],\"inLanguage\":\"fr-FR\",\"potentialAction\":[{\"@type\":\"CommentAction\",\"name\":\"Comment\",\"target\":[\"https:\/\/kapitalis.com\/tunisie\/2020\/02\/03\/2e-edition-de-dreams-chebeb-le-reve-continue-pour-les-jeunes-talents\/#respond\"]}]},{\"@type\":\"WebPage\",\"@id\":\"https:\/\/kapitalis.com\/tunisie\/2020\/02\/03\/2e-edition-de-dreams-chebeb-le-reve-continue-pour-les-jeunes-talents\/\",\"url\":\"https:\/\/kapitalis.com\/tunisie\/2020\/02\/03\/2e-edition-de-dreams-chebeb-le-reve-continue-pour-les-jeunes-talents\/\",\"name\":\"2e \u00e9dition de Dream\u2019s Chebeb : Le r\u00eave continue pour les jeunes talents - Kapitalis\",\"isPartOf\":{\"@id\":\"https:\/\/kapitalis.com\/tunisie\/#website\"},\"primaryImageOfPage\":{\"@id\":\"https:\/\/kapitalis.com\/tunisie\/2020\/02\/03\/2e-edition-de-dreams-chebeb-le-reve-continue-pour-les-jeunes-talents\/#primaryimage\"},\"image\":{\"@id\":\"https:\/\/kapitalis.com\/tunisie\/2020\/02\/03\/2e-edition-de-dreams-chebeb-le-reve-continue-pour-les-jeunes-talents\/#primaryimage\"},\"thumbnailUrl\":\"\",\"datePublished\":\"2020-02-03T08:53:40+00:00\",\"dateModified\":\"2020-03-01T14:22:26+00:00\",\"breadcrumb\":{\"@id\":\"https:\/\/kapitalis.com\/tunisie\/2020\/02\/03\/2e-edition-de-dreams-chebeb-le-reve-continue-pour-les-jeunes-talents\/#breadcrumb\"},\"inLanguage\":\"fr-FR\",\"potentialAction\":[{\"@type\":\"ReadAction\",\"target\":[\"https:\/\/kapitalis.com\/tunisie\/2020\/02\/03\/2e-edition-de-dreams-chebeb-le-reve-continue-pour-les-jeunes-talents\/\"]}]},{\"@type\":\"ImageObject\",\"inLanguage\":\"fr-FR\",\"@id\":\"https:\/\/kapitalis.com\/tunisie\/2020\/02\/03\/2e-edition-de-dreams-chebeb-le-reve-continue-pour-les-jeunes-talents\/#primaryimage\",\"url\":\"\",\"contentUrl\":\"\"},{\"@type\":\"BreadcrumbList\",\"@id\":\"https:\/\/kapitalis.com\/tunisie\/2020\/02\/03\/2e-edition-de-dreams-chebeb-le-reve-continue-pour-les-jeunes-talents\/#breadcrumb\",\"itemListElement\":[{\"@type\":\"ListItem\",\"position\":1,\"name\":\"Accueil\",\"item\":\"https:\/\/kapitalis.com\/tunisie\/\"},{\"@type\":\"ListItem\",\"position\":2,\"name\":\"2e \u00e9dition de Dream\u2019s Chebeb : Le r\u00eave continue pour les jeunes talents\"}]},{\"@type\":\"WebSite\",\"@id\":\"https:\/\/kapitalis.com\/tunisie\/#website\",\"url\":\"https:\/\/kapitalis.com\/tunisie\/\",\"name\":\"Kapitalis\",\"description\":\"L&#039;actualit\u00e9 en Tunisie et dans le monde\",\"publisher\":{\"@id\":\"https:\/\/kapitalis.com\/tunisie\/#organization\"},\"potentialAction\":[{\"@type\":\"SearchAction\",\"target\":{\"@type\":\"EntryPoint\",\"urlTemplate\":\"https:\/\/kapitalis.com\/tunisie\/?s={search_term_string}\"},\"query-input\":{\"@type\":\"PropertyValueSpecification\",\"valueRequired\":true,\"valueName\":\"search_term_string\"}}],\"inLanguage\":\"fr-FR\"},{\"@type\":\"Organization\",\"@id\":\"https:\/\/kapitalis.com\/tunisie\/#organization\",\"name\":\"Kapitalis\",\"url\":\"https:\/\/kapitalis.com\/tunisie\/\",\"logo\":{\"@type\":\"ImageObject\",\"inLanguage\":\"fr-FR\",\"@id\":\"https:\/\/kapitalis.com\/tunisie\/#\/schema\/logo\/image\/\",\"url\":\"https:\/\/kapitalis.com\/tunisie\/wp-content\/uploads\/2022\/05\/Kapitalis-big-size.png\",\"contentUrl\":\"https:\/\/kapitalis.com\/tunisie\/wp-content\/uploads\/2022\/05\/Kapitalis-big-size.png\",\"width\":5000,\"height\":1500,\"caption\":\"Kapitalis\"},\"image\":{\"@id\":\"https:\/\/kapitalis.com\/tunisie\/#\/schema\/logo\/image\/\"},\"sameAs\":[\"https:\/\/www.facebook.com\/KapitalisInfo\/\",\"https:\/\/x.com\/KapitalisInfo\",\"https:\/\/www.youtube.com\/channel\/UC-yDYrHyfFBWWZaOw3FPg9Q\"]},{\"@type\":\"Person\",\"@id\":\"https:\/\/kapitalis.com\/tunisie\/#\/schema\/person\/d71f33a9ca44f7bad4698210b480c8e9\",\"name\":\"webmaster kapitalis\",\"url\":\"https:\/\/kapitalis.com\/tunisie\/author\/webmaster-kapitalis\/\"}]}<\/script>\n<!-- \/ Yoast SEO plugin. -->","yoast_head_json":{"title":"2e \u00e9dition de Dream\u2019s Chebeb : Le r\u00eave continue pour les jeunes talents - Kapitalis","robots":{"index":"index","follow":"follow","max-snippet":"max-snippet:-1","max-image-preview":"max-image-preview:large","max-video-preview":"max-video-preview:-1"},"canonical":"https:\/\/kapitalis.com\/tunisie\/2020\/02\/03\/2e-edition-de-dreams-chebeb-le-reve-continue-pour-les-jeunes-talents\/","og_locale":"fr_FR","og_type":"article","og_title":"2e \u00e9dition de Dream\u2019s Chebeb : Le r\u00eave continue pour les jeunes talents - Kapitalis","og_description":"Le projet d\u2019aide \u00e0 la cr\u00e9ation Dream\u2019s Chebeb, lanc\u00e9 par la com\u00e9dienne et metteuse en sc\u00e8ne Leila Toubel, lance sa deuxi\u00e8me \u00e9dition dont l\u2019appel \u00e0 candidature est fix\u00e9 jusqu\u2019au 31 mars 2020.","og_url":"https:\/\/kapitalis.com\/tunisie\/2020\/02\/03\/2e-edition-de-dreams-chebeb-le-reve-continue-pour-les-jeunes-talents\/","og_site_name":"Kapitalis","article_publisher":"https:\/\/www.facebook.com\/KapitalisInfo\/","article_published_time":"2020-02-03T08:53:40+00:00","article_modified_time":"2020-03-01T14:22:26+00:00","og_image":[{"width":1200,"height":630,"url":"https:\/\/kapitalis.com\/tunisie\/wp-content\/uploads\/2022\/05\/kapitalis-logo-fb.png","type":"image\/png"}],"author":"webmaster kapitalis","twitter_card":"summary_large_image","twitter_creator":"@KapitalisInfo","twitter_site":"@KapitalisInfo","twitter_misc":{"\u00c9crit par":"webmaster kapitalis","Dur\u00e9e de lecture estim\u00e9e":"1 minute"},"schema":{"@context":"https:\/\/schema.org","@graph":[{"@type":"Article","@id":"https:\/\/kapitalis.com\/tunisie\/2020\/02\/03\/2e-edition-de-dreams-chebeb-le-reve-continue-pour-les-jeunes-talents\/#article","isPartOf":{"@id":"https:\/\/kapitalis.com\/tunisie\/2020\/02\/03\/2e-edition-de-dreams-chebeb-le-reve-continue-pour-les-jeunes-talents\/"},"author":{"name":"webmaster kapitalis","@id":"https:\/\/kapitalis.com\/tunisie\/#\/schema\/person\/d71f33a9ca44f7bad4698210b480c8e9"},"headline":"2e \u00e9dition de Dream\u2019s Chebeb : Le r\u00eave continue pour les jeunes talents","datePublished":"2020-02-03T08:53:40+00:00","dateModified":"2020-03-01T14:22:26+00:00","mainEntityOfPage":{"@id":"https:\/\/kapitalis.com\/tunisie\/2020\/02\/03\/2e-edition-de-dreams-chebeb-le-reve-continue-pour-les-jeunes-talents\/"},"wordCount":250,"commentCount":0,"publisher":{"@id":"https:\/\/kapitalis.com\/tunisie\/#organization"},"image":{"@id":"https:\/\/kapitalis.com\/tunisie\/2020\/02\/03\/2e-edition-de-dreams-chebeb-le-reve-continue-pour-les-jeunes-talents\/#primaryimage"},"thumbnailUrl":"","keywords":["Fondation Stichting DOEN","Le\u00efla Toubel"],"articleSection":["CULTURE"],"inLanguage":"fr-FR","potentialAction":[{"@type":"CommentAction","name":"Comment","target":["https:\/\/kapitalis.com\/tunisie\/2020\/02\/03\/2e-edition-de-dreams-chebeb-le-reve-continue-pour-les-jeunes-talents\/#respond"]}]},{"@type":"WebPage","@id":"https:\/\/kapitalis.com\/tunisie\/2020\/02\/03\/2e-edition-de-dreams-chebeb-le-reve-continue-pour-les-jeunes-talents\/","url":"https:\/\/kapitalis.com\/tunisie\/2020\/02\/03\/2e-edition-de-dreams-chebeb-le-reve-continue-pour-les-jeunes-talents\/","name":"2e \u00e9dition de Dream\u2019s Chebeb : Le r\u00eave continue pour les jeunes talents - Kapitalis","isPartOf":{"@id":"https:\/\/kapitalis.com\/tunisie\/#website"},"primaryImageOfPage":{"@id":"https:\/\/kapitalis.com\/tunisie\/2020\/02\/03\/2e-edition-de-dreams-chebeb-le-reve-continue-pour-les-jeunes-talents\/#primaryimage"},"image":{"@id":"https:\/\/kapitalis.com\/tunisie\/2020\/02\/03\/2e-edition-de-dreams-chebeb-le-reve-continue-pour-les-jeunes-talents\/#primaryimage"},"thumbnailUrl":"","datePublished":"2020-02-03T08:53:40+00:00","dateModified":"2020-03-01T14:22:26+00:00","breadcrumb":{"@id":"https:\/\/kapitalis.com\/tunisie\/2020\/02\/03\/2e-edition-de-dreams-chebeb-le-reve-continue-pour-les-jeunes-talents\/#breadcrumb"},"inLanguage":"fr-FR","potentialAction":[{"@type":"ReadAction","target":["https:\/\/kapitalis.com\/tunisie\/2020\/02\/03\/2e-edition-de-dreams-chebeb-le-reve-continue-pour-les-jeunes-talents\/"]}]},{"@type":"ImageObject","inLanguage":"fr-FR","@id":"https:\/\/kapitalis.com\/tunisie\/2020\/02\/03\/2e-edition-de-dreams-chebeb-le-reve-continue-pour-les-jeunes-talents\/#primaryimage","url":"","contentUrl":""},{"@type":"BreadcrumbList","@id":"https:\/\/kapitalis.com\/tunisie\/2020\/02\/03\/2e-edition-de-dreams-chebeb-le-reve-continue-pour-les-jeunes-talents\/#breadcrumb","itemListElement":[{"@type":"ListItem","position":1,"name":"Accueil","item":"https:\/\/kapitalis.com\/tunisie\/"},{"@type":"ListItem","position":2,"name":"2e \u00e9dition de Dream\u2019s Chebeb : Le r\u00eave continue pour les jeunes talents"}]},{"@type":"WebSite","@id":"https:\/\/kapitalis.com\/tunisie\/#website","url":"https:\/\/kapitalis.com\/tunisie\/","name":"Kapitalis","description":"L&#039;actualit\u00e9 en Tunisie et dans le monde","publisher":{"@id":"https:\/\/kapitalis.com\/tunisie\/#organization"},"potentialAction":[{"@type":"SearchAction","target":{"@type":"EntryPoint","urlTemplate":"https:\/\/kapitalis.com\/tunisie\/?s={search_term_string}"},"query-input":{"@type":"PropertyValueSpecification","valueRequired":true,"valueName":"search_term_string"}}],"inLanguage":"fr-FR"},{"@type":"Organization","@id":"https:\/\/kapitalis.com\/tunisie\/#organization","name":"Kapitalis","url":"https:\/\/kapitalis.com\/tunisie\/","logo":{"@type":"ImageObject","inLanguage":"fr-FR","@id":"https:\/\/kapitalis.com\/tunisie\/#\/schema\/logo\/image\/","url":"https:\/\/kapitalis.com\/tunisie\/wp-content\/uploads\/2022\/05\/Kapitalis-big-size.png","contentUrl":"https:\/\/kapitalis.com\/tunisie\/wp-content\/uploads\/2022\/05\/Kapitalis-big-size.png","width":5000,"height":1500,"caption":"Kapitalis"},"image":{"@id":"https:\/\/kapitalis.com\/tunisie\/#\/schema\/logo\/image\/"},"sameAs":["https:\/\/www.facebook.com\/KapitalisInfo\/","https:\/\/x.com\/KapitalisInfo","https:\/\/www.youtube.com\/channel\/UC-yDYrHyfFBWWZaOw3FPg9Q"]},{"@type":"Person","@id":"https:\/\/kapitalis.com\/tunisie\/#\/schema\/person\/d71f33a9ca44f7bad4698210b480c8e9","name":"webmaster kapitalis","url":"https:\/\/kapitalis.com\/tunisie\/author\/webmaster-kapitalis\/"}]}},"_links":{"self":[{"href":"https:\/\/kapitalis.com\/tunisie\/wp-json\/wp\/v2\/posts\/278209","targetHints":{"allow":["GET"]}}],"collection":[{"href":"https:\/\/kapitalis.com\/tunisie\/wp-json\/wp\/v2\/posts"}],"about":[{"href":"https:\/\/kapitalis.com\/tunisie\/wp-json\/wp\/v2\/types\/post"}],"author":[{"embeddable":true,"href":"https:\/\/kapitalis.com\/tunisie\/wp-json\/wp\/v2\/users\/8"}],"replies":[{"embeddable":true,"href":"https:\/\/kapitalis.com\/tunisie\/wp-json\/wp\/v2\/comments?post=278209"}],"version-history":[{"count":0,"href":"https:\/\/kapitalis.com\/tunisie\/wp-json\/wp\/v2\/posts\/278209\/revisions"}],"wp:featuredmedia":[{"embeddable":true,"href":"https:\/\/kapitalis.com\/tunisie\/wp-json\/wp\/v2\/media\/278212"}],"wp:attachment":[{"href":"https:\/\/kapitalis.com\/tunisie\/wp-json\/wp\/v2\/media?parent=278209"}],"wp:term":[{"taxonomy":"category","embeddable":true,"href":"https:\/\/kapitalis.com\/tunisie\/wp-json\/wp\/v2\/categories?post=278209"},{"taxonomy":"post_tag","embeddable":true,"href":"https:\/\/kapitalis.com\/tunisie\/wp-json\/wp\/v2\/tags?post=278209"}],"curies":[{"name":"wp","href":"https:\/\/api.w.org\/{rel}","templated":true}]}}