{"id":278278,"date":"2020-02-03T11:03:36","date_gmt":"2020-02-03T10:03:36","guid":{"rendered":"http:\/\/kapitalis.com\/tunisie\/?p=278278"},"modified":"2020-02-03T11:06:55","modified_gmt":"2020-02-03T10:06:55","slug":"aymen-mathlouthi-premiere-seance-avec-letoile-du-sahel","status":"publish","type":"post","link":"https:\/\/kapitalis.com\/tunisie\/2020\/02\/03\/aymen-mathlouthi-premiere-seance-avec-letoile-du-sahel\/","title":{"rendered":"Aymen Mathlouthi : Premi\u00e8re s\u00e9ance avec l\u2019Etoile du Sahel"},"content":{"rendered":"\n<figure class=\"wp-block-image size-large\"><img decoding=\"async\" src=\"http:\/\/kapitalis.com\/tunisie\/wp-content\/uploads\/2020\/02\/Aymen-Mathlouthi-Etoile-du-Sahel.jpg\" alt=\"\" class=\"wp-image-278279\"\/><figcaption><em>Aymen Mathlouthi au milieu de ses anciens camarades. <\/em><\/figcaption><\/figure>\n\n\n\n<p><strong><em> L\u2019Etoile sportive du Sahel (ESS) a repris les entra\u00eenements hier, dimanche matin 2 f\u00e9vrier 2020, pour pr\u00e9parer son match en retard contre le Club sportif sfaxien (CSS) demain, mardi 4 f\u00e9vrier, \u00e0 partir de 14h, \u00e0 huis-clos, <a href=\"http:\/\/kapitalis.com\/tunisie\/2020\/01\/31\/el-menzah-accueillera-le-classico-etoile-du-sahel-club-sfaxien\/\" target=\"_blank\" rel=\"noreferrer noopener\" aria-label=\"au stade d\u2019El-Menzah (s\u2019ouvre dans un nouvel onglet)\">au stade d\u2019El-Menzah<\/a>, \u00e0 Tunis.<\/em><\/strong><\/p>\n\n\n\n<!--more-->\n\n\n\n<p> La session a \u00e9t\u00e9 marqu\u00e9e par la pr\u00e9sence d&rsquo;Aymen Mathlouthi, plus connu sous le surnom de Balbouli, apr\u00e8s son retour cet hiver \u00e0 l\u2019ESS en provenance du club saoudien El-Adalah.<\/p>\n\n\n\n<p> On s\u2019attend \u00e0 ce que le gardien \u00e9toil\u00e9, qui vient de signer pour une saison et demie, participe aux prochaines rencontres du championnat, et non \u00e0 la Ligue des champions, n\u2019\u00e9tant pas inscrit sur la liste africaine.<\/p>\n\n\n\n<p> Balbouli avait quitt\u00e9 l\u2019ESS d\u00e9but 2018 pour rejoindre l&rsquo;\u00e9quipe saoudienne d\u2019El-Baten, avant de revenir jouer en Ligue 1 pour jouer dans les rangs du Club africain. Retour ensuite dans le championnat saoudien par la porte d\u2019El-Adalah, qu\u2019il a quitt\u00e9 le mois dernier pour renouveler la collaboration avec l\u2019ESS.<\/p>\n\n\n\n<p class=\"has-text-align-right\"><strong> H. M.<\/strong><\/p>\n\n\n\n<figure class=\"wp-block-embed-wordpress wp-block-embed is-type-wp-embed is-provider-kapitalis\"><div class=\"wp-block-embed__wrapper\">\n<blockquote class=\"wp-embedded-content\" data-secret=\"SIa9ONa2wF\"><a href=\"https:\/\/kapitalis.com\/tunisie\/2020\/01\/31\/el-menzah-accueillera-le-classico-etoile-du-sahel-club-sfaxien\/\">El Menzah accueillera le classico Etoile du Sahel-Club sfaxien<\/a><\/blockquote><iframe loading=\"lazy\" class=\"wp-embedded-content\" sandbox=\"allow-scripts\" security=\"restricted\" style=\"position: absolute; clip: rect(1px, 1px, 1px, 1px);\" title=\"\u00ab\u00a0El Menzah accueillera le classico Etoile du Sahel-Club sfaxien\u00a0\u00bb &#8212; Kapitalis\" src=\"https:\/\/kapitalis.com\/tunisie\/2020\/01\/31\/el-menzah-accueillera-le-classico-etoile-du-sahel-club-sfaxien\/embed\/#?secret=zUlB3RCbif#?secret=SIa9ONa2wF\" data-secret=\"SIa9ONa2wF\" width=\"600\" height=\"338\" frameborder=\"0\" marginwidth=\"0\" marginheight=\"0\" scrolling=\"no\"><\/iframe>\n<\/div><\/figure>\n","protected":false},"excerpt":{"rendered":"<p>L\u2019Etoile sportive du Sahel (ESS) a repris les entra\u00eenements hier, dimanche matin 2 f\u00e9vrier 2020, pour pr\u00e9parer son match en retard contre le Club sportif sfaxien (CSS) demain, mardi 4 f\u00e9vrier, \u00e0 partir de 14h, \u00e0 huis-clos, au stade d\u2019El-Menzah, \u00e0 Tunis.<\/p>\n","protected":false},"author":8,"featured_media":278279,"comment_status":"open","ping_status":"open","sticky":false,"template":"","format":"standard","meta":{"footnotes":""},"categories":[999,2433],"tags":[24859,211,3771,1295,36699],"class_list":["post-278278","post","type-post","status-publish","format-standard","has-post-thumbnail","hentry","category-sport","category-tunisie","tag-aymen-mathlouthi","tag-club-africain","tag-club-sfaxien","tag-etoile-du-sahel","tag-stade-del-menzah"],"yoast_head":"<!-- This site is optimized with the Yoast SEO plugin v26.6 - https:\/\/yoast.com\/wordpress\/plugins\/seo\/ -->\n<title>Aymen Mathlouthi : Premi\u00e8re s\u00e9ance avec l\u2019Etoile du Sahel - Kapitalis<\/title>\n<meta name=\"robots\" content=\"index, follow, max-snippet:-1, max-image-preview:large, max-video-preview:-1\" \/>\n<link rel=\"canonical\" href=\"https:\/\/kapitalis.com\/tunisie\/2020\/02\/03\/aymen-mathlouthi-premiere-seance-avec-letoile-du-sahel\/\" \/>\n<meta property=\"og:locale\" content=\"fr_FR\" \/>\n<meta property=\"og:type\" content=\"article\" \/>\n<meta property=\"og:title\" content=\"Aymen Mathlouthi : Premi\u00e8re s\u00e9ance avec l\u2019Etoile du Sahel - Kapitalis\" \/>\n<meta property=\"og:description\" content=\"L\u2019Etoile sportive du Sahel (ESS) a repris les entra\u00eenements hier, dimanche matin 2 f\u00e9vrier 2020, pour pr\u00e9parer son match en retard contre le Club sportif sfaxien (CSS) demain, mardi 4 f\u00e9vrier, \u00e0 partir de 14h, \u00e0 huis-clos, au stade d\u2019El-Menzah, \u00e0 Tunis.\" \/>\n<meta property=\"og:url\" content=\"https:\/\/kapitalis.com\/tunisie\/2020\/02\/03\/aymen-mathlouthi-premiere-seance-avec-letoile-du-sahel\/\" \/>\n<meta property=\"og:site_name\" content=\"Kapitalis\" \/>\n<meta property=\"article:publisher\" content=\"https:\/\/www.facebook.com\/KapitalisInfo\/\" \/>\n<meta property=\"article:published_time\" content=\"2020-02-03T10:03:36+00:00\" \/>\n<meta property=\"article:modified_time\" content=\"2020-02-03T10:06:55+00:00\" \/>\n<meta property=\"og:image\" content=\"https:\/\/kapitalis.com\/tunisie\/wp-content\/uploads\/2022\/05\/kapitalis-logo-fb.png\" \/>\n\t<meta property=\"og:image:width\" content=\"1200\" \/>\n\t<meta property=\"og:image:height\" content=\"630\" \/>\n\t<meta property=\"og:image:type\" content=\"image\/png\" \/>\n<meta name=\"author\" content=\"webmaster kapitalis\" \/>\n<meta name=\"twitter:card\" content=\"summary_large_image\" \/>\n<meta name=\"twitter:creator\" content=\"@KapitalisInfo\" \/>\n<meta name=\"twitter:site\" content=\"@KapitalisInfo\" \/>\n<meta name=\"twitter:label1\" content=\"\u00c9crit par\" \/>\n\t<meta name=\"twitter:data1\" content=\"webmaster kapitalis\" \/>\n\t<meta name=\"twitter:label2\" content=\"Dur\u00e9e de lecture estim\u00e9e\" \/>\n\t<meta name=\"twitter:data2\" content=\"1 minute\" \/>\n<script type=\"application\/ld+json\" class=\"yoast-schema-graph\">{\"@context\":\"https:\/\/schema.org\",\"@graph\":[{\"@type\":\"Article\",\"@id\":\"https:\/\/kapitalis.com\/tunisie\/2020\/02\/03\/aymen-mathlouthi-premiere-seance-avec-letoile-du-sahel\/#article\",\"isPartOf\":{\"@id\":\"https:\/\/kapitalis.com\/tunisie\/2020\/02\/03\/aymen-mathlouthi-premiere-seance-avec-letoile-du-sahel\/\"},\"author\":{\"name\":\"webmaster kapitalis\",\"@id\":\"https:\/\/kapitalis.com\/tunisie\/#\/schema\/person\/d71f33a9ca44f7bad4698210b480c8e9\"},\"headline\":\"Aymen Mathlouthi : Premi\u00e8re s\u00e9ance avec l\u2019Etoile du Sahel\",\"datePublished\":\"2020-02-03T10:03:36+00:00\",\"dateModified\":\"2020-02-03T10:06:55+00:00\",\"mainEntityOfPage\":{\"@id\":\"https:\/\/kapitalis.com\/tunisie\/2020\/02\/03\/aymen-mathlouthi-premiere-seance-avec-letoile-du-sahel\/\"},\"wordCount\":191,\"commentCount\":0,\"publisher\":{\"@id\":\"https:\/\/kapitalis.com\/tunisie\/#organization\"},\"image\":{\"@id\":\"https:\/\/kapitalis.com\/tunisie\/2020\/02\/03\/aymen-mathlouthi-premiere-seance-avec-letoile-du-sahel\/#primaryimage\"},\"thumbnailUrl\":\"\",\"keywords\":[\"Aymen Mathlouthi\",\"Club Africain\",\"Club sfaxien\",\"Etoile du Sahel\",\"stade d\u2019El Menzah\"],\"articleSection\":[\"SPORT\",\"Tunisie\"],\"inLanguage\":\"fr-FR\",\"potentialAction\":[{\"@type\":\"CommentAction\",\"name\":\"Comment\",\"target\":[\"https:\/\/kapitalis.com\/tunisie\/2020\/02\/03\/aymen-mathlouthi-premiere-seance-avec-letoile-du-sahel\/#respond\"]}]},{\"@type\":\"WebPage\",\"@id\":\"https:\/\/kapitalis.com\/tunisie\/2020\/02\/03\/aymen-mathlouthi-premiere-seance-avec-letoile-du-sahel\/\",\"url\":\"https:\/\/kapitalis.com\/tunisie\/2020\/02\/03\/aymen-mathlouthi-premiere-seance-avec-letoile-du-sahel\/\",\"name\":\"Aymen Mathlouthi : Premi\u00e8re s\u00e9ance avec l\u2019Etoile du Sahel - Kapitalis\",\"isPartOf\":{\"@id\":\"https:\/\/kapitalis.com\/tunisie\/#website\"},\"primaryImageOfPage\":{\"@id\":\"https:\/\/kapitalis.com\/tunisie\/2020\/02\/03\/aymen-mathlouthi-premiere-seance-avec-letoile-du-sahel\/#primaryimage\"},\"image\":{\"@id\":\"https:\/\/kapitalis.com\/tunisie\/2020\/02\/03\/aymen-mathlouthi-premiere-seance-avec-letoile-du-sahel\/#primaryimage\"},\"thumbnailUrl\":\"\",\"datePublished\":\"2020-02-03T10:03:36+00:00\",\"dateModified\":\"2020-02-03T10:06:55+00:00\",\"breadcrumb\":{\"@id\":\"https:\/\/kapitalis.com\/tunisie\/2020\/02\/03\/aymen-mathlouthi-premiere-seance-avec-letoile-du-sahel\/#breadcrumb\"},\"inLanguage\":\"fr-FR\",\"potentialAction\":[{\"@type\":\"ReadAction\",\"target\":[\"https:\/\/kapitalis.com\/tunisie\/2020\/02\/03\/aymen-mathlouthi-premiere-seance-avec-letoile-du-sahel\/\"]}]},{\"@type\":\"ImageObject\",\"inLanguage\":\"fr-FR\",\"@id\":\"https:\/\/kapitalis.com\/tunisie\/2020\/02\/03\/aymen-mathlouthi-premiere-seance-avec-letoile-du-sahel\/#primaryimage\",\"url\":\"\",\"contentUrl\":\"\"},{\"@type\":\"BreadcrumbList\",\"@id\":\"https:\/\/kapitalis.com\/tunisie\/2020\/02\/03\/aymen-mathlouthi-premiere-seance-avec-letoile-du-sahel\/#breadcrumb\",\"itemListElement\":[{\"@type\":\"ListItem\",\"position\":1,\"name\":\"Accueil\",\"item\":\"https:\/\/kapitalis.com\/tunisie\/\"},{\"@type\":\"ListItem\",\"position\":2,\"name\":\"Aymen Mathlouthi : Premi\u00e8re s\u00e9ance avec l\u2019Etoile du Sahel\"}]},{\"@type\":\"WebSite\",\"@id\":\"https:\/\/kapitalis.com\/tunisie\/#website\",\"url\":\"https:\/\/kapitalis.com\/tunisie\/\",\"name\":\"Kapitalis\",\"description\":\"L&#039;actualit\u00e9 en Tunisie et dans le monde\",\"publisher\":{\"@id\":\"https:\/\/kapitalis.com\/tunisie\/#organization\"},\"potentialAction\":[{\"@type\":\"SearchAction\",\"target\":{\"@type\":\"EntryPoint\",\"urlTemplate\":\"https:\/\/kapitalis.com\/tunisie\/?s={search_term_string}\"},\"query-input\":{\"@type\":\"PropertyValueSpecification\",\"valueRequired\":true,\"valueName\":\"search_term_string\"}}],\"inLanguage\":\"fr-FR\"},{\"@type\":\"Organization\",\"@id\":\"https:\/\/kapitalis.com\/tunisie\/#organization\",\"name\":\"Kapitalis\",\"url\":\"https:\/\/kapitalis.com\/tunisie\/\",\"logo\":{\"@type\":\"ImageObject\",\"inLanguage\":\"fr-FR\",\"@id\":\"https:\/\/kapitalis.com\/tunisie\/#\/schema\/logo\/image\/\",\"url\":\"https:\/\/kapitalis.com\/tunisie\/wp-content\/uploads\/2022\/05\/Kapitalis-big-size.png\",\"contentUrl\":\"https:\/\/kapitalis.com\/tunisie\/wp-content\/uploads\/2022\/05\/Kapitalis-big-size.png\",\"width\":5000,\"height\":1500,\"caption\":\"Kapitalis\"},\"image\":{\"@id\":\"https:\/\/kapitalis.com\/tunisie\/#\/schema\/logo\/image\/\"},\"sameAs\":[\"https:\/\/www.facebook.com\/KapitalisInfo\/\",\"https:\/\/x.com\/KapitalisInfo\",\"https:\/\/www.youtube.com\/channel\/UC-yDYrHyfFBWWZaOw3FPg9Q\"]},{\"@type\":\"Person\",\"@id\":\"https:\/\/kapitalis.com\/tunisie\/#\/schema\/person\/d71f33a9ca44f7bad4698210b480c8e9\",\"name\":\"webmaster kapitalis\",\"url\":\"https:\/\/kapitalis.com\/tunisie\/author\/webmaster-kapitalis\/\"}]}<\/script>\n<!-- \/ Yoast SEO plugin. -->","yoast_head_json":{"title":"Aymen Mathlouthi : Premi\u00e8re s\u00e9ance avec l\u2019Etoile du Sahel - Kapitalis","robots":{"index":"index","follow":"follow","max-snippet":"max-snippet:-1","max-image-preview":"max-image-preview:large","max-video-preview":"max-video-preview:-1"},"canonical":"https:\/\/kapitalis.com\/tunisie\/2020\/02\/03\/aymen-mathlouthi-premiere-seance-avec-letoile-du-sahel\/","og_locale":"fr_FR","og_type":"article","og_title":"Aymen Mathlouthi : Premi\u00e8re s\u00e9ance avec l\u2019Etoile du Sahel - Kapitalis","og_description":"L\u2019Etoile sportive du Sahel (ESS) a repris les entra\u00eenements hier, dimanche matin 2 f\u00e9vrier 2020, pour pr\u00e9parer son match en retard contre le Club sportif sfaxien (CSS) demain, mardi 4 f\u00e9vrier, \u00e0 partir de 14h, \u00e0 huis-clos, au stade d\u2019El-Menzah, \u00e0 Tunis.","og_url":"https:\/\/kapitalis.com\/tunisie\/2020\/02\/03\/aymen-mathlouthi-premiere-seance-avec-letoile-du-sahel\/","og_site_name":"Kapitalis","article_publisher":"https:\/\/www.facebook.com\/KapitalisInfo\/","article_published_time":"2020-02-03T10:03:36+00:00","article_modified_time":"2020-02-03T10:06:55+00:00","og_image":[{"width":1200,"height":630,"url":"https:\/\/kapitalis.com\/tunisie\/wp-content\/uploads\/2022\/05\/kapitalis-logo-fb.png","type":"image\/png"}],"author":"webmaster kapitalis","twitter_card":"summary_large_image","twitter_creator":"@KapitalisInfo","twitter_site":"@KapitalisInfo","twitter_misc":{"\u00c9crit par":"webmaster kapitalis","Dur\u00e9e de lecture estim\u00e9e":"1 minute"},"schema":{"@context":"https:\/\/schema.org","@graph":[{"@type":"Article","@id":"https:\/\/kapitalis.com\/tunisie\/2020\/02\/03\/aymen-mathlouthi-premiere-seance-avec-letoile-du-sahel\/#article","isPartOf":{"@id":"https:\/\/kapitalis.com\/tunisie\/2020\/02\/03\/aymen-mathlouthi-premiere-seance-avec-letoile-du-sahel\/"},"author":{"name":"webmaster kapitalis","@id":"https:\/\/kapitalis.com\/tunisie\/#\/schema\/person\/d71f33a9ca44f7bad4698210b480c8e9"},"headline":"Aymen Mathlouthi : Premi\u00e8re s\u00e9ance avec l\u2019Etoile du Sahel","datePublished":"2020-02-03T10:03:36+00:00","dateModified":"2020-02-03T10:06:55+00:00","mainEntityOfPage":{"@id":"https:\/\/kapitalis.com\/tunisie\/2020\/02\/03\/aymen-mathlouthi-premiere-seance-avec-letoile-du-sahel\/"},"wordCount":191,"commentCount":0,"publisher":{"@id":"https:\/\/kapitalis.com\/tunisie\/#organization"},"image":{"@id":"https:\/\/kapitalis.com\/tunisie\/2020\/02\/03\/aymen-mathlouthi-premiere-seance-avec-letoile-du-sahel\/#primaryimage"},"thumbnailUrl":"","keywords":["Aymen Mathlouthi","Club Africain","Club sfaxien","Etoile du Sahel","stade d\u2019El Menzah"],"articleSection":["SPORT","Tunisie"],"inLanguage":"fr-FR","potentialAction":[{"@type":"CommentAction","name":"Comment","target":["https:\/\/kapitalis.com\/tunisie\/2020\/02\/03\/aymen-mathlouthi-premiere-seance-avec-letoile-du-sahel\/#respond"]}]},{"@type":"WebPage","@id":"https:\/\/kapitalis.com\/tunisie\/2020\/02\/03\/aymen-mathlouthi-premiere-seance-avec-letoile-du-sahel\/","url":"https:\/\/kapitalis.com\/tunisie\/2020\/02\/03\/aymen-mathlouthi-premiere-seance-avec-letoile-du-sahel\/","name":"Aymen Mathlouthi : Premi\u00e8re s\u00e9ance avec l\u2019Etoile du Sahel - Kapitalis","isPartOf":{"@id":"https:\/\/kapitalis.com\/tunisie\/#website"},"primaryImageOfPage":{"@id":"https:\/\/kapitalis.com\/tunisie\/2020\/02\/03\/aymen-mathlouthi-premiere-seance-avec-letoile-du-sahel\/#primaryimage"},"image":{"@id":"https:\/\/kapitalis.com\/tunisie\/2020\/02\/03\/aymen-mathlouthi-premiere-seance-avec-letoile-du-sahel\/#primaryimage"},"thumbnailUrl":"","datePublished":"2020-02-03T10:03:36+00:00","dateModified":"2020-02-03T10:06:55+00:00","breadcrumb":{"@id":"https:\/\/kapitalis.com\/tunisie\/2020\/02\/03\/aymen-mathlouthi-premiere-seance-avec-letoile-du-sahel\/#breadcrumb"},"inLanguage":"fr-FR","potentialAction":[{"@type":"ReadAction","target":["https:\/\/kapitalis.com\/tunisie\/2020\/02\/03\/aymen-mathlouthi-premiere-seance-avec-letoile-du-sahel\/"]}]},{"@type":"ImageObject","inLanguage":"fr-FR","@id":"https:\/\/kapitalis.com\/tunisie\/2020\/02\/03\/aymen-mathlouthi-premiere-seance-avec-letoile-du-sahel\/#primaryimage","url":"","contentUrl":""},{"@type":"BreadcrumbList","@id":"https:\/\/kapitalis.com\/tunisie\/2020\/02\/03\/aymen-mathlouthi-premiere-seance-avec-letoile-du-sahel\/#breadcrumb","itemListElement":[{"@type":"ListItem","position":1,"name":"Accueil","item":"https:\/\/kapitalis.com\/tunisie\/"},{"@type":"ListItem","position":2,"name":"Aymen Mathlouthi : Premi\u00e8re s\u00e9ance avec l\u2019Etoile du Sahel"}]},{"@type":"WebSite","@id":"https:\/\/kapitalis.com\/tunisie\/#website","url":"https:\/\/kapitalis.com\/tunisie\/","name":"Kapitalis","description":"L&#039;actualit\u00e9 en Tunisie et dans le monde","publisher":{"@id":"https:\/\/kapitalis.com\/tunisie\/#organization"},"potentialAction":[{"@type":"SearchAction","target":{"@type":"EntryPoint","urlTemplate":"https:\/\/kapitalis.com\/tunisie\/?s={search_term_string}"},"query-input":{"@type":"PropertyValueSpecification","valueRequired":true,"valueName":"search_term_string"}}],"inLanguage":"fr-FR"},{"@type":"Organization","@id":"https:\/\/kapitalis.com\/tunisie\/#organization","name":"Kapitalis","url":"https:\/\/kapitalis.com\/tunisie\/","logo":{"@type":"ImageObject","inLanguage":"fr-FR","@id":"https:\/\/kapitalis.com\/tunisie\/#\/schema\/logo\/image\/","url":"https:\/\/kapitalis.com\/tunisie\/wp-content\/uploads\/2022\/05\/Kapitalis-big-size.png","contentUrl":"https:\/\/kapitalis.com\/tunisie\/wp-content\/uploads\/2022\/05\/Kapitalis-big-size.png","width":5000,"height":1500,"caption":"Kapitalis"},"image":{"@id":"https:\/\/kapitalis.com\/tunisie\/#\/schema\/logo\/image\/"},"sameAs":["https:\/\/www.facebook.com\/KapitalisInfo\/","https:\/\/x.com\/KapitalisInfo","https:\/\/www.youtube.com\/channel\/UC-yDYrHyfFBWWZaOw3FPg9Q"]},{"@type":"Person","@id":"https:\/\/kapitalis.com\/tunisie\/#\/schema\/person\/d71f33a9ca44f7bad4698210b480c8e9","name":"webmaster kapitalis","url":"https:\/\/kapitalis.com\/tunisie\/author\/webmaster-kapitalis\/"}]}},"_links":{"self":[{"href":"https:\/\/kapitalis.com\/tunisie\/wp-json\/wp\/v2\/posts\/278278","targetHints":{"allow":["GET"]}}],"collection":[{"href":"https:\/\/kapitalis.com\/tunisie\/wp-json\/wp\/v2\/posts"}],"about":[{"href":"https:\/\/kapitalis.com\/tunisie\/wp-json\/wp\/v2\/types\/post"}],"author":[{"embeddable":true,"href":"https:\/\/kapitalis.com\/tunisie\/wp-json\/wp\/v2\/users\/8"}],"replies":[{"embeddable":true,"href":"https:\/\/kapitalis.com\/tunisie\/wp-json\/wp\/v2\/comments?post=278278"}],"version-history":[{"count":0,"href":"https:\/\/kapitalis.com\/tunisie\/wp-json\/wp\/v2\/posts\/278278\/revisions"}],"wp:featuredmedia":[{"embeddable":true,"href":"https:\/\/kapitalis.com\/tunisie\/wp-json\/wp\/v2\/media\/278279"}],"wp:attachment":[{"href":"https:\/\/kapitalis.com\/tunisie\/wp-json\/wp\/v2\/media?parent=278278"}],"wp:term":[{"taxonomy":"category","embeddable":true,"href":"https:\/\/kapitalis.com\/tunisie\/wp-json\/wp\/v2\/categories?post=278278"},{"taxonomy":"post_tag","embeddable":true,"href":"https:\/\/kapitalis.com\/tunisie\/wp-json\/wp\/v2\/tags?post=278278"}],"curies":[{"name":"wp","href":"https:\/\/api.w.org\/{rel}","templated":true}]}}