{"id":278322,"date":"2020-02-03T14:57:44","date_gmt":"2020-02-03T13:57:44","guid":{"rendered":"http:\/\/kapitalis.com\/tunisie\/?p=278322"},"modified":"2020-02-03T15:35:31","modified_gmt":"2020-02-03T14:35:31","slug":"un-eleve-agresse-par-un-policier-a-linterieur-du-lycee-de-sidi-hassine","status":"publish","type":"post","link":"https:\/\/kapitalis.com\/tunisie\/2020\/02\/03\/un-eleve-agresse-par-un-policier-a-linterieur-du-lycee-de-sidi-hassine\/","title":{"rendered":"Un \u00e9l\u00e8ve agress\u00e9 par un policier \u00e0 l&rsquo;int\u00e9rieur du lyc\u00e9e de Sidi Hassine"},"content":{"rendered":"\n<figure class=\"wp-block-image size-large\"><img decoding=\"async\" src=\"http:\/\/kapitalis.com\/tunisie\/wp-content\/uploads\/2019\/01\/Lyc\u00e9e-Tunisie-\u00e9l\u00e8ves.jpg\" alt=\"\" class=\"wp-image-192827\"\/><figcaption><em>Archives.<\/em><\/figcaption><\/figure>\n\n\n\n<p> <em><strong>\u00abJe suis un policier et je te frappe l\u00e0 o\u00f9 je veux!\u00bb. C&rsquo;est le hashtag qui accompagne un incident scandaleux en train cr\u00e9er la pol\u00e9mique sur les r\u00e9seaux sociaux, rapport\u00e9 par un \u00e9l\u00e8ve du lyc\u00e9e de Sidi Hassine (gouvernorat de Tunis), qui aurait \u00e9t\u00e9 tabass\u00e9 par un policier, qui plus est \u00e0 l&rsquo;int\u00e9rieur de son \u00e9tablissement scolaire !<\/strong><\/em><\/p>\n\n\n\n<!--more-->\n\n\n\n<p>L&rsquo;\u00e9l\u00e8ve raconte que jeudi dernier, 30 janvier 2020, \u00e0 sa sortie du lyc\u00e9e, un policier lui a demand\u00e9 de lui fournir sa carte d\u2019identit\u00e9 scolaire, et l&rsquo;a, ensuite, gifl\u00e9 2 fois rien que parce qu&rsquo;il lui a dit qu&rsquo;il ne l&rsquo;avait pas sur lui. Par la suite, l&rsquo;agent aurait ramen\u00e9 l&rsquo;enfant au bureau du directeur du lyc\u00e9e pour s&rsquo;assurer qu&rsquo;il \u00e9tait bel et bien inscrit \u00e0 l&rsquo;\u00e9tablissement, tout en continuant de l&rsquo;agresser !<\/p>\n\n\n\n<p>Intervenu aujourd&rsquo;hui, lundi, 3 f\u00e9vrier 2020, sur les ondes de Mosa\u00efque FM, pour donner sa version des faits, le directeur du lyc\u00e9e, Jalel Ben Jalleb, a confirm\u00e9 le fait qu&rsquo;un agent de police \u00e9tait venu le voir ce jour-l\u00e0 accompagn\u00e9 de deux \u00e9l\u00e8ves pour v\u00e9rifier s\u2019ils \u00e9taient inscrits au lyc\u00e9e, indiquant, toutefois, qu&rsquo;il n&rsquo;\u00e9tait pas t\u00e9moin des coups qu&rsquo;aurait re\u00e7us la victime.<\/p>\n\n\n\n<p> \u00ab<em>Je me suis mis devant mon ordinateur pour consulter&nbsp;le syst\u00e8me informatique. L\u2019\u00e9l\u00e8ve a indiqu\u00e9 qu\u2019il s&rsquo;est fait agresser par l\u2019agent devant le bureau, alors que j\u2019\u00e9tais en train de chercher son nom sur la liste, mais je n\u2019ai rien vu et rien entendu<\/em>\u00bb, a-t-il racont\u00e9, ajoutant qu&rsquo;au<em> <\/em>bureau, il n\u2019\u00e9tait pas seul, et qu&rsquo;il y avait, avec lui, une professeure et le proviseur du lyc\u00e9e. \u00ab<em>J\u2019ai, par la suite, \u00e9t\u00e9 inform\u00e9 par l\u2019\u00e9l\u00e8ve qu\u2019il a \u00e9t\u00e9 agress\u00e9. J\u2019ai alors essay\u00e9 de le calmer parce qu\u2019il \u00e9tait tr\u00e8s perturb\u00e9<\/em>\u00bb, a-t-il poursuivi.<\/p>\n\n\n\n<p>M\u00eame s&rsquo;il a d\u00e9clar\u00e9 qu&rsquo;il \u00e9tait contre la violence et qu&rsquo;il n&rsquo;aurait m\u00eame pas permis \u00e0 un parent de frapper son enfant au lyc\u00e9e, le directeur ne para\u00eet pas assez conscient de la gravit\u00e9 de ce qui se se serait pass\u00e9, comme en t\u00e9moigne son appel au calme \u00e0 l&rsquo;\u00e9gard de ses \u00e9l\u00e8ves. <\/p>\n\n\n\n<p>Ceux-ci \u00e9tant indign\u00e9s par l&rsquo;incident et par la passivit\u00e9 de la direction de l&rsquo;\u00e9cole &#8211; qui n&rsquo;a pas boug\u00e9 le petit doigt ne serait-ce que pour s&rsquo;assurer de la v\u00e9racit\u00e9 des propos de l&rsquo;\u00e9l\u00e8ve agress\u00e9 &#8211; protestent et menacent d\u2019escalade par solidarit\u00e9 avec leur camarade.<\/p>\n\n\n\n<p class=\"has-text-align-right\"><strong>C. B. Y<\/strong>.<\/p>\n","protected":false},"excerpt":{"rendered":"<p>\u00abJe suis un policier et je te frappe l\u00e0 o\u00f9 je veux!\u00bb. C&rsquo;est le hashtag qui accompagne un incident scandaleux en train cr\u00e9er la pol\u00e9mique sur les r\u00e9seaux sociaux, rapport\u00e9 par un \u00e9l\u00e8ve du lyc\u00e9e de Sidi Hassine (gouvernorat de Tunis), qui aurait \u00e9t\u00e9 tabass\u00e9 par un policier, qui plus est \u00e0 l&rsquo;int\u00e9rieur de son&#8230;<\/p>\n","protected":false},"author":24,"featured_media":0,"comment_status":"open","ping_status":"open","sticky":false,"template":"","format":"standard","meta":{"footnotes":""},"categories":[998,2433],"tags":[73983,73981],"class_list":["post-278322","post","type-post","status-publish","format-standard","hentry","category-societe","category-tunisie","tag-jalel-ben-jalleb","tag-lycee-sidi-hassine"],"yoast_head":"<!-- This site is optimized with the Yoast SEO plugin v26.6 - https:\/\/yoast.com\/wordpress\/plugins\/seo\/ -->\n<title>Un \u00e9l\u00e8ve agress\u00e9 par un policier \u00e0 l&#039;int\u00e9rieur du lyc\u00e9e de Sidi Hassine - Kapitalis<\/title>\n<meta name=\"robots\" content=\"index, follow, max-snippet:-1, max-image-preview:large, max-video-preview:-1\" \/>\n<link rel=\"canonical\" href=\"https:\/\/kapitalis.com\/tunisie\/2020\/02\/03\/un-eleve-agresse-par-un-policier-a-linterieur-du-lycee-de-sidi-hassine\/\" \/>\n<meta property=\"og:locale\" content=\"fr_FR\" \/>\n<meta property=\"og:type\" content=\"article\" \/>\n<meta property=\"og:title\" content=\"Un \u00e9l\u00e8ve agress\u00e9 par un policier \u00e0 l&#039;int\u00e9rieur du lyc\u00e9e de Sidi Hassine - Kapitalis\" \/>\n<meta property=\"og:description\" content=\"\u00abJe suis un policier et je te frappe l\u00e0 o\u00f9 je veux!\u00bb. C&rsquo;est le hashtag qui accompagne un incident scandaleux en train cr\u00e9er la pol\u00e9mique sur les r\u00e9seaux sociaux, rapport\u00e9 par un \u00e9l\u00e8ve du lyc\u00e9e de Sidi Hassine (gouvernorat de Tunis), qui aurait \u00e9t\u00e9 tabass\u00e9 par un policier, qui plus est \u00e0 l&rsquo;int\u00e9rieur de son...\" \/>\n<meta property=\"og:url\" content=\"https:\/\/kapitalis.com\/tunisie\/2020\/02\/03\/un-eleve-agresse-par-un-policier-a-linterieur-du-lycee-de-sidi-hassine\/\" \/>\n<meta property=\"og:site_name\" content=\"Kapitalis\" \/>\n<meta property=\"article:publisher\" content=\"https:\/\/www.facebook.com\/KapitalisInfo\/\" \/>\n<meta property=\"article:published_time\" content=\"2020-02-03T13:57:44+00:00\" \/>\n<meta property=\"article:modified_time\" content=\"2020-02-03T14:35:31+00:00\" \/>\n<meta property=\"og:image\" content=\"https:\/\/kapitalis.com\/tunisie\/wp-content\/uploads\/2022\/05\/kapitalis-logo-fb.png\" \/>\n\t<meta property=\"og:image:width\" content=\"1200\" \/>\n\t<meta property=\"og:image:height\" content=\"630\" \/>\n\t<meta property=\"og:image:type\" content=\"image\/png\" \/>\n<meta name=\"author\" content=\"Cherif Benyounes\" \/>\n<meta name=\"twitter:card\" content=\"summary_large_image\" \/>\n<meta name=\"twitter:creator\" content=\"@KapitalisInfo\" \/>\n<meta name=\"twitter:site\" content=\"@KapitalisInfo\" \/>\n<meta name=\"twitter:label1\" content=\"\u00c9crit par\" \/>\n\t<meta name=\"twitter:data1\" content=\"Cherif Benyounes\" \/>\n\t<meta name=\"twitter:label2\" content=\"Dur\u00e9e de lecture estim\u00e9e\" \/>\n\t<meta name=\"twitter:data2\" content=\"2 minutes\" \/>\n<script type=\"application\/ld+json\" class=\"yoast-schema-graph\">{\"@context\":\"https:\/\/schema.org\",\"@graph\":[{\"@type\":\"Article\",\"@id\":\"https:\/\/kapitalis.com\/tunisie\/2020\/02\/03\/un-eleve-agresse-par-un-policier-a-linterieur-du-lycee-de-sidi-hassine\/#article\",\"isPartOf\":{\"@id\":\"https:\/\/kapitalis.com\/tunisie\/2020\/02\/03\/un-eleve-agresse-par-un-policier-a-linterieur-du-lycee-de-sidi-hassine\/\"},\"author\":{\"name\":\"Cherif Benyounes\",\"@id\":\"https:\/\/kapitalis.com\/tunisie\/#\/schema\/person\/b35b8d631961131107263178aeb8019e\"},\"headline\":\"Un \u00e9l\u00e8ve agress\u00e9 par un policier \u00e0 l&rsquo;int\u00e9rieur du lyc\u00e9e de Sidi Hassine\",\"datePublished\":\"2020-02-03T13:57:44+00:00\",\"dateModified\":\"2020-02-03T14:35:31+00:00\",\"mainEntityOfPage\":{\"@id\":\"https:\/\/kapitalis.com\/tunisie\/2020\/02\/03\/un-eleve-agresse-par-un-policier-a-linterieur-du-lycee-de-sidi-hassine\/\"},\"wordCount\":442,\"commentCount\":4,\"publisher\":{\"@id\":\"https:\/\/kapitalis.com\/tunisie\/#organization\"},\"keywords\":[\"Jalel Ben Jalleb\",\"lyc\u00e9e sidi hassine\"],\"articleSection\":[\"SOCIETE\",\"Tunisie\"],\"inLanguage\":\"fr-FR\",\"potentialAction\":[{\"@type\":\"CommentAction\",\"name\":\"Comment\",\"target\":[\"https:\/\/kapitalis.com\/tunisie\/2020\/02\/03\/un-eleve-agresse-par-un-policier-a-linterieur-du-lycee-de-sidi-hassine\/#respond\"]}]},{\"@type\":\"WebPage\",\"@id\":\"https:\/\/kapitalis.com\/tunisie\/2020\/02\/03\/un-eleve-agresse-par-un-policier-a-linterieur-du-lycee-de-sidi-hassine\/\",\"url\":\"https:\/\/kapitalis.com\/tunisie\/2020\/02\/03\/un-eleve-agresse-par-un-policier-a-linterieur-du-lycee-de-sidi-hassine\/\",\"name\":\"Un \u00e9l\u00e8ve agress\u00e9 par un policier \u00e0 l'int\u00e9rieur du lyc\u00e9e de Sidi Hassine - Kapitalis\",\"isPartOf\":{\"@id\":\"https:\/\/kapitalis.com\/tunisie\/#website\"},\"datePublished\":\"2020-02-03T13:57:44+00:00\",\"dateModified\":\"2020-02-03T14:35:31+00:00\",\"breadcrumb\":{\"@id\":\"https:\/\/kapitalis.com\/tunisie\/2020\/02\/03\/un-eleve-agresse-par-un-policier-a-linterieur-du-lycee-de-sidi-hassine\/#breadcrumb\"},\"inLanguage\":\"fr-FR\",\"potentialAction\":[{\"@type\":\"ReadAction\",\"target\":[\"https:\/\/kapitalis.com\/tunisie\/2020\/02\/03\/un-eleve-agresse-par-un-policier-a-linterieur-du-lycee-de-sidi-hassine\/\"]}]},{\"@type\":\"BreadcrumbList\",\"@id\":\"https:\/\/kapitalis.com\/tunisie\/2020\/02\/03\/un-eleve-agresse-par-un-policier-a-linterieur-du-lycee-de-sidi-hassine\/#breadcrumb\",\"itemListElement\":[{\"@type\":\"ListItem\",\"position\":1,\"name\":\"Accueil\",\"item\":\"https:\/\/kapitalis.com\/tunisie\/\"},{\"@type\":\"ListItem\",\"position\":2,\"name\":\"Un \u00e9l\u00e8ve agress\u00e9 par un policier \u00e0 l&rsquo;int\u00e9rieur du lyc\u00e9e de Sidi Hassine\"}]},{\"@type\":\"WebSite\",\"@id\":\"https:\/\/kapitalis.com\/tunisie\/#website\",\"url\":\"https:\/\/kapitalis.com\/tunisie\/\",\"name\":\"Kapitalis\",\"description\":\"L&#039;actualit\u00e9 en Tunisie et dans le monde\",\"publisher\":{\"@id\":\"https:\/\/kapitalis.com\/tunisie\/#organization\"},\"potentialAction\":[{\"@type\":\"SearchAction\",\"target\":{\"@type\":\"EntryPoint\",\"urlTemplate\":\"https:\/\/kapitalis.com\/tunisie\/?s={search_term_string}\"},\"query-input\":{\"@type\":\"PropertyValueSpecification\",\"valueRequired\":true,\"valueName\":\"search_term_string\"}}],\"inLanguage\":\"fr-FR\"},{\"@type\":\"Organization\",\"@id\":\"https:\/\/kapitalis.com\/tunisie\/#organization\",\"name\":\"Kapitalis\",\"url\":\"https:\/\/kapitalis.com\/tunisie\/\",\"logo\":{\"@type\":\"ImageObject\",\"inLanguage\":\"fr-FR\",\"@id\":\"https:\/\/kapitalis.com\/tunisie\/#\/schema\/logo\/image\/\",\"url\":\"https:\/\/kapitalis.com\/tunisie\/wp-content\/uploads\/2022\/05\/Kapitalis-big-size.png\",\"contentUrl\":\"https:\/\/kapitalis.com\/tunisie\/wp-content\/uploads\/2022\/05\/Kapitalis-big-size.png\",\"width\":5000,\"height\":1500,\"caption\":\"Kapitalis\"},\"image\":{\"@id\":\"https:\/\/kapitalis.com\/tunisie\/#\/schema\/logo\/image\/\"},\"sameAs\":[\"https:\/\/www.facebook.com\/KapitalisInfo\/\",\"https:\/\/x.com\/KapitalisInfo\",\"https:\/\/www.youtube.com\/channel\/UC-yDYrHyfFBWWZaOw3FPg9Q\"]},{\"@type\":\"Person\",\"@id\":\"https:\/\/kapitalis.com\/tunisie\/#\/schema\/person\/b35b8d631961131107263178aeb8019e\",\"name\":\"Cherif Benyounes\",\"url\":\"https:\/\/kapitalis.com\/tunisie\/author\/cherif\/\"}]}<\/script>\n<!-- \/ Yoast SEO plugin. -->","yoast_head_json":{"title":"Un \u00e9l\u00e8ve agress\u00e9 par un policier \u00e0 l'int\u00e9rieur du lyc\u00e9e de Sidi Hassine - Kapitalis","robots":{"index":"index","follow":"follow","max-snippet":"max-snippet:-1","max-image-preview":"max-image-preview:large","max-video-preview":"max-video-preview:-1"},"canonical":"https:\/\/kapitalis.com\/tunisie\/2020\/02\/03\/un-eleve-agresse-par-un-policier-a-linterieur-du-lycee-de-sidi-hassine\/","og_locale":"fr_FR","og_type":"article","og_title":"Un \u00e9l\u00e8ve agress\u00e9 par un policier \u00e0 l'int\u00e9rieur du lyc\u00e9e de Sidi Hassine - Kapitalis","og_description":"\u00abJe suis un policier et je te frappe l\u00e0 o\u00f9 je veux!\u00bb. C&rsquo;est le hashtag qui accompagne un incident scandaleux en train cr\u00e9er la pol\u00e9mique sur les r\u00e9seaux sociaux, rapport\u00e9 par un \u00e9l\u00e8ve du lyc\u00e9e de Sidi Hassine (gouvernorat de Tunis), qui aurait \u00e9t\u00e9 tabass\u00e9 par un policier, qui plus est \u00e0 l&rsquo;int\u00e9rieur de son...","og_url":"https:\/\/kapitalis.com\/tunisie\/2020\/02\/03\/un-eleve-agresse-par-un-policier-a-linterieur-du-lycee-de-sidi-hassine\/","og_site_name":"Kapitalis","article_publisher":"https:\/\/www.facebook.com\/KapitalisInfo\/","article_published_time":"2020-02-03T13:57:44+00:00","article_modified_time":"2020-02-03T14:35:31+00:00","og_image":[{"width":1200,"height":630,"url":"https:\/\/kapitalis.com\/tunisie\/wp-content\/uploads\/2022\/05\/kapitalis-logo-fb.png","type":"image\/png"}],"author":"Cherif Benyounes","twitter_card":"summary_large_image","twitter_creator":"@KapitalisInfo","twitter_site":"@KapitalisInfo","twitter_misc":{"\u00c9crit par":"Cherif Benyounes","Dur\u00e9e de lecture estim\u00e9e":"2 minutes"},"schema":{"@context":"https:\/\/schema.org","@graph":[{"@type":"Article","@id":"https:\/\/kapitalis.com\/tunisie\/2020\/02\/03\/un-eleve-agresse-par-un-policier-a-linterieur-du-lycee-de-sidi-hassine\/#article","isPartOf":{"@id":"https:\/\/kapitalis.com\/tunisie\/2020\/02\/03\/un-eleve-agresse-par-un-policier-a-linterieur-du-lycee-de-sidi-hassine\/"},"author":{"name":"Cherif Benyounes","@id":"https:\/\/kapitalis.com\/tunisie\/#\/schema\/person\/b35b8d631961131107263178aeb8019e"},"headline":"Un \u00e9l\u00e8ve agress\u00e9 par un policier \u00e0 l&rsquo;int\u00e9rieur du lyc\u00e9e de Sidi Hassine","datePublished":"2020-02-03T13:57:44+00:00","dateModified":"2020-02-03T14:35:31+00:00","mainEntityOfPage":{"@id":"https:\/\/kapitalis.com\/tunisie\/2020\/02\/03\/un-eleve-agresse-par-un-policier-a-linterieur-du-lycee-de-sidi-hassine\/"},"wordCount":442,"commentCount":4,"publisher":{"@id":"https:\/\/kapitalis.com\/tunisie\/#organization"},"keywords":["Jalel Ben Jalleb","lyc\u00e9e sidi hassine"],"articleSection":["SOCIETE","Tunisie"],"inLanguage":"fr-FR","potentialAction":[{"@type":"CommentAction","name":"Comment","target":["https:\/\/kapitalis.com\/tunisie\/2020\/02\/03\/un-eleve-agresse-par-un-policier-a-linterieur-du-lycee-de-sidi-hassine\/#respond"]}]},{"@type":"WebPage","@id":"https:\/\/kapitalis.com\/tunisie\/2020\/02\/03\/un-eleve-agresse-par-un-policier-a-linterieur-du-lycee-de-sidi-hassine\/","url":"https:\/\/kapitalis.com\/tunisie\/2020\/02\/03\/un-eleve-agresse-par-un-policier-a-linterieur-du-lycee-de-sidi-hassine\/","name":"Un \u00e9l\u00e8ve agress\u00e9 par un policier \u00e0 l'int\u00e9rieur du lyc\u00e9e de Sidi Hassine - Kapitalis","isPartOf":{"@id":"https:\/\/kapitalis.com\/tunisie\/#website"},"datePublished":"2020-02-03T13:57:44+00:00","dateModified":"2020-02-03T14:35:31+00:00","breadcrumb":{"@id":"https:\/\/kapitalis.com\/tunisie\/2020\/02\/03\/un-eleve-agresse-par-un-policier-a-linterieur-du-lycee-de-sidi-hassine\/#breadcrumb"},"inLanguage":"fr-FR","potentialAction":[{"@type":"ReadAction","target":["https:\/\/kapitalis.com\/tunisie\/2020\/02\/03\/un-eleve-agresse-par-un-policier-a-linterieur-du-lycee-de-sidi-hassine\/"]}]},{"@type":"BreadcrumbList","@id":"https:\/\/kapitalis.com\/tunisie\/2020\/02\/03\/un-eleve-agresse-par-un-policier-a-linterieur-du-lycee-de-sidi-hassine\/#breadcrumb","itemListElement":[{"@type":"ListItem","position":1,"name":"Accueil","item":"https:\/\/kapitalis.com\/tunisie\/"},{"@type":"ListItem","position":2,"name":"Un \u00e9l\u00e8ve agress\u00e9 par un policier \u00e0 l&rsquo;int\u00e9rieur du lyc\u00e9e de Sidi Hassine"}]},{"@type":"WebSite","@id":"https:\/\/kapitalis.com\/tunisie\/#website","url":"https:\/\/kapitalis.com\/tunisie\/","name":"Kapitalis","description":"L&#039;actualit\u00e9 en Tunisie et dans le monde","publisher":{"@id":"https:\/\/kapitalis.com\/tunisie\/#organization"},"potentialAction":[{"@type":"SearchAction","target":{"@type":"EntryPoint","urlTemplate":"https:\/\/kapitalis.com\/tunisie\/?s={search_term_string}"},"query-input":{"@type":"PropertyValueSpecification","valueRequired":true,"valueName":"search_term_string"}}],"inLanguage":"fr-FR"},{"@type":"Organization","@id":"https:\/\/kapitalis.com\/tunisie\/#organization","name":"Kapitalis","url":"https:\/\/kapitalis.com\/tunisie\/","logo":{"@type":"ImageObject","inLanguage":"fr-FR","@id":"https:\/\/kapitalis.com\/tunisie\/#\/schema\/logo\/image\/","url":"https:\/\/kapitalis.com\/tunisie\/wp-content\/uploads\/2022\/05\/Kapitalis-big-size.png","contentUrl":"https:\/\/kapitalis.com\/tunisie\/wp-content\/uploads\/2022\/05\/Kapitalis-big-size.png","width":5000,"height":1500,"caption":"Kapitalis"},"image":{"@id":"https:\/\/kapitalis.com\/tunisie\/#\/schema\/logo\/image\/"},"sameAs":["https:\/\/www.facebook.com\/KapitalisInfo\/","https:\/\/x.com\/KapitalisInfo","https:\/\/www.youtube.com\/channel\/UC-yDYrHyfFBWWZaOw3FPg9Q"]},{"@type":"Person","@id":"https:\/\/kapitalis.com\/tunisie\/#\/schema\/person\/b35b8d631961131107263178aeb8019e","name":"Cherif Benyounes","url":"https:\/\/kapitalis.com\/tunisie\/author\/cherif\/"}]}},"_links":{"self":[{"href":"https:\/\/kapitalis.com\/tunisie\/wp-json\/wp\/v2\/posts\/278322","targetHints":{"allow":["GET"]}}],"collection":[{"href":"https:\/\/kapitalis.com\/tunisie\/wp-json\/wp\/v2\/posts"}],"about":[{"href":"https:\/\/kapitalis.com\/tunisie\/wp-json\/wp\/v2\/types\/post"}],"author":[{"embeddable":true,"href":"https:\/\/kapitalis.com\/tunisie\/wp-json\/wp\/v2\/users\/24"}],"replies":[{"embeddable":true,"href":"https:\/\/kapitalis.com\/tunisie\/wp-json\/wp\/v2\/comments?post=278322"}],"version-history":[{"count":0,"href":"https:\/\/kapitalis.com\/tunisie\/wp-json\/wp\/v2\/posts\/278322\/revisions"}],"wp:attachment":[{"href":"https:\/\/kapitalis.com\/tunisie\/wp-json\/wp\/v2\/media?parent=278322"}],"wp:term":[{"taxonomy":"category","embeddable":true,"href":"https:\/\/kapitalis.com\/tunisie\/wp-json\/wp\/v2\/categories?post=278322"},{"taxonomy":"post_tag","embeddable":true,"href":"https:\/\/kapitalis.com\/tunisie\/wp-json\/wp\/v2\/tags?post=278322"}],"curies":[{"name":"wp","href":"https:\/\/api.w.org\/{rel}","templated":true}]}}