{"id":278440,"date":"2020-02-03T18:14:07","date_gmt":"2020-02-03T17:14:07","guid":{"rendered":"http:\/\/kapitalis.com\/tunisie\/?p=278440"},"modified":"2020-02-03T18:14:10","modified_gmt":"2020-02-03T17:14:10","slug":"pique-nique-champetre-apres-une-panne-de-train-sur-la-route-de-beja","status":"publish","type":"post","link":"https:\/\/kapitalis.com\/tunisie\/2020\/02\/03\/pique-nique-champetre-apres-une-panne-de-train-sur-la-route-de-beja\/","title":{"rendered":"Pique-nique  champ\u00eatre apr\u00e8s une panne de train sur la route de B\u00e9ja"},"content":{"rendered":"\n<figure class=\"wp-block-image size-large\"><img decoding=\"async\" src=\"http:\/\/kapitalis.com\/tunisie\/wp-content\/uploads\/2020\/02\/Panne-de-train.jpg\" alt=\"\" class=\"wp-image-278441\"\/><\/figure>\n\n\n\n<p><strong><em> Il y a quelques semaines, le train entre Tokyo et Kyoto fauta de quelques minutes de retard; le lendemain le ministre des Transports a \u00e9t\u00e9 remerci\u00e9. Cela ne risque pas d\u2019arriver en Tunisie, constate l\u2019auteur de ce t\u00e9moignage sur une m\u00e9saventure v\u00e9cue avec un train de la Soci\u00e9t\u00e9 nationale des chemins de fer tunisiens (SNCFT). Edifiant\u2026 <\/em><\/strong><\/p>\n\n\n\n<p> Par <strong>Farouk Ben Miled<\/strong> *<\/p>\n\n\n\n<!--more-->\n\n\n\n<div class=\"wp-block-image\"><figure class=\"alignleft size-large\"><img decoding=\"async\" src=\"http:\/\/kapitalis.com\/tunisie\/wp-content\/uploads\/2018\/06\/Farouk-Ben-Miled.jpg\" alt=\"\" class=\"wp-image-160525\"\/><\/figure><\/div>\n\n\n\n<p> Fuyant  les inconv\u00e9nients de la route et le dimanche, j\u2019ai d\u00e9cid\u00e9 de prendre le train pour aller  visiter \u00e0 Ghardimaou le mus\u00e9e de Chemtou, bijou d\u2019architecture construit par la coop\u00e9ration allemande. Accompagn\u00e9 de Chadlia, la gardienne de la zaouia, une amiti\u00e9 de 50 ans, employant syst\u00e9matiquement et sans complexe le masculin \u00e0 la place du f\u00e9minin, et confondant toujours Ghardimaou avec Ain Draham, alors qu\u2019elle conna\u00eet parfaitement les Emirats et Singapour.<\/p>\n\n\n\n<p> J\u2019embarque vers 10 heures du matin dans une rame suppos\u00e9e deux classes, mais vendue enti\u00e8rement comme une classe de premi\u00e8re. Le contr\u00f4leur interpel\u00e9 fron\u00e7a m\u00e9chamment les sourcils sans daigner nous r\u00e9pondre. Syndicat oblige.<\/p>\n\n\n\n<p> Au bout de deux heures de trajet, le train s\u2019immobilisa  en pleine campagne, \u00e0 environ 80 km de Tunis, pour manque d\u2019eau dans les radiateurs ! Les roues bloqu\u00e9es par deux gros cailloux.<\/p>\n\n\n\n<p> Un voisin, fellah g\u00e9n\u00e9reux, nous envoie deux bidons d\u2019eau avec  un cordage, car le bouchon de remplissage se trouve sur le toit de la voiture. Le conducteur pr\u00e9textant son embonpoint et ses v\u00eatements neufs refusa d\u2019y grimper sans \u00e9chelle. Un jeune passager sportif le fit  \u00e0 sa place \u00e0 la courte \u00e9chelle sous les quolibets des voyageurs.<\/p>\n\n\n\n<p> Toujours en civil, l\u2019arrogance initiale du contr\u00f4leur a disparu, mais pas sa suffisance. Finalement, au bout de 3 heures de pique-nique champ\u00eatre, le train suivant nous d\u00e9posa \u00e0 B\u00e9ja, heureux que nous \u00e9tions d\u2019avoir \u00e9chapp\u00e9 aux \u00e9pisodes sinistres des d\u00e9raillements en s\u00e9rie.<\/p>\n\n\n\n<p> Seul regret dans tout \u00e7a l\u2019absence de Jacques Tati.<\/p>\n\n\n\n<figure class=\"wp-block-gallery columns-3 is-cropped wp-block-gallery-1 is-layout-flex wp-block-gallery-is-layout-flex\"><ul class=\"blocks-gallery-grid\"><li class=\"blocks-gallery-item\"><figure><img decoding=\"async\" src=\"http:\/\/kapitalis.com\/tunisie\/wp-content\/uploads\/2020\/02\/Panne-de-train-1.jpg\" alt=\"\" data-id=\"278442\" data-full-url=\"http:\/\/kapitalis.com\/tunisie\/wp-content\/uploads\/2020\/02\/Panne-de-train-1.jpg\" data-link=\"http:\/\/kapitalis.com\/tunisie\/?attachment_id=278442\" class=\"wp-image-278442\"\/><figcaption class=\"blocks-gallery-item__caption\"><em>En panne en rase campagne.<\/em>..<\/figcaption><\/figure><\/li><li class=\"blocks-gallery-item\"><figure><img decoding=\"async\" src=\"http:\/\/kapitalis.com\/tunisie\/wp-content\/uploads\/2020\/02\/Panne-de-train-2.jpg\" alt=\"\" data-id=\"278443\" data-full-url=\"http:\/\/kapitalis.com\/tunisie\/wp-content\/uploads\/2020\/02\/Panne-de-train-2.jpg\" data-link=\"http:\/\/kapitalis.com\/tunisie\/?attachment_id=278443\" class=\"wp-image-278443\"\/><figcaption class=\"blocks-gallery-item__caption\"><em>Et c&rsquo;est le client qui met la main dans le cambouis.<\/em><\/figcaption><\/figure><\/li><li class=\"blocks-gallery-item\"><figure><img decoding=\"async\" src=\"http:\/\/kapitalis.com\/tunisie\/wp-content\/uploads\/2020\/02\/Panne-de-train-3.jpg\" alt=\"\" data-id=\"278444\" data-full-url=\"http:\/\/kapitalis.com\/tunisie\/wp-content\/uploads\/2020\/02\/Panne-de-train-3.jpg\" data-link=\"http:\/\/kapitalis.com\/tunisie\/?attachment_id=278444\" class=\"wp-image-278444\"\/><figcaption class=\"blocks-gallery-item__caption\"><em>On en a pour 3 heures de pique-nique champ\u00eatre.<\/em><\/figcaption><\/figure><\/li><\/ul><\/figure>\n\n\n\n<p> De B\u00e9ja, un v\u00e9hicule de louage aux amortisseurs inexistants, majorant pour la circonstance de 50% son tarif, conduit par un jeunot habill\u00e9 \u00e0 la Travolta, nous ramena \u00e0 Tunis, le t\u00e9l\u00e9phone scotch\u00e9 \u00e0 l\u2019oreille comme d\u2019ailleurs le reste des passagers et conduisant d\u2019une seule main !<\/p>\n\n\n\n<p> Ah mon cher Pdg comme j\u2019aurais voulu vous voir sur le toit de votre train \u00e0 la place de ce jeune volontaire !<\/p>\n\n\n\n<p> Mon cher Pdg, si vous savez combien votre fauteuil s\u2019av\u00e8re trop grand pour vous, et combien vous d\u00e9shonorez le pavillon national accroch\u00e9 derri\u00e8re vous.<\/p>\n\n\n\n<p> Je vous propose sinc\u00e8rement d\u2019exiger vos droits \u00e0 la retraite fusse-t-elle  anticip\u00e9e et qui vous attend d\u2019ailleurs, en n\u2019oubliant pas surtout pas de rendre votre limousine et son chauffeur .<\/p>\n\n\n\n<p> Pour votre gouverne, sachez qu\u2019il y a \u00e0 peine quelques semaines, le train entre Tokyo et Kyoto fauta de quelques minutes de retard; le lendemain le ministre des Transports a \u00e9t\u00e9 remerci\u00e9.<\/p>\n\n\n\n<p> Autre pays, autres m\u0153urs <\/p>\n\n\n\n<p><em>* Architecte D.P.L.G. <\/em><\/p>\n\n\n\n<h3 class=\"wp-block-heading\">Articles du m\u00eame auteur dans Kapitalis : <\/h3>\n\n\n\n<figure class=\"wp-block-embed-wordpress wp-block-embed is-type-wp-embed is-provider-kapitalis\"><div class=\"wp-block-embed__wrapper\">\n<blockquote class=\"wp-embedded-content\" data-secret=\"yvkVyK7TPD\"><a href=\"https:\/\/kapitalis.com\/tunisie\/2019\/11\/16\/souvenirs-dr-ahmed-ben-miled-et-la-guerre-de-bizerte\/\">Souvenirs : Dr Ahmed Ben Miled et la guerre de Bizerte<\/a><\/blockquote><iframe loading=\"lazy\" class=\"wp-embedded-content\" sandbox=\"allow-scripts\" security=\"restricted\" style=\"position: absolute; clip: rect(1px, 1px, 1px, 1px);\" title=\"\u00ab\u00a0Souvenirs : Dr Ahmed Ben Miled et la guerre de Bizerte\u00a0\u00bb &#8212; Kapitalis\" src=\"https:\/\/kapitalis.com\/tunisie\/2019\/11\/16\/souvenirs-dr-ahmed-ben-miled-et-la-guerre-de-bizerte\/embed\/#?secret=dpEOt61mNw#?secret=yvkVyK7TPD\" data-secret=\"yvkVyK7TPD\" width=\"600\" height=\"338\" frameborder=\"0\" marginwidth=\"0\" marginheight=\"0\" scrolling=\"no\"><\/iframe>\n<\/div><\/figure>\n\n\n\n<figure class=\"wp-block-embed-wordpress wp-block-embed is-type-wp-embed is-provider-kapitalis\"><div class=\"wp-block-embed__wrapper\">\n<blockquote class=\"wp-embedded-content\" data-secret=\"A8qurw4qJv\"><a href=\"https:\/\/kapitalis.com\/tunisie\/2019\/08\/19\/sidi-bou-said-un-village-enchanteur-devoye-par-un-tourisme-de-pacotille\/\">Sidi Bou Said, un village enchanteur d\u00e9voy\u00e9 par un tourisme de pacotille<\/a><\/blockquote><iframe loading=\"lazy\" class=\"wp-embedded-content\" sandbox=\"allow-scripts\" security=\"restricted\" style=\"position: absolute; clip: rect(1px, 1px, 1px, 1px);\" title=\"\u00ab\u00a0Sidi Bou Said, un village enchanteur d\u00e9voy\u00e9 par un tourisme de pacotille\u00a0\u00bb &#8212; Kapitalis\" src=\"https:\/\/kapitalis.com\/tunisie\/2019\/08\/19\/sidi-bou-said-un-village-enchanteur-devoye-par-un-tourisme-de-pacotille\/embed\/#?secret=7xnjfSkBmV#?secret=A8qurw4qJv\" data-secret=\"A8qurw4qJv\" width=\"600\" height=\"338\" frameborder=\"0\" marginwidth=\"0\" marginheight=\"0\" scrolling=\"no\"><\/iframe>\n<\/div><\/figure>\n\n\n\n<figure class=\"wp-block-embed-wordpress wp-block-embed is-type-wp-embed is-provider-kapitalis\"><div class=\"wp-block-embed__wrapper\">\n<blockquote class=\"wp-embedded-content\" data-secret=\"W4Ud1vBxiK\"><a href=\"https:\/\/kapitalis.com\/tunisie\/2018\/06\/20\/il-etait-une-fois-des-immigres-italiens-en-tunisie\/\">Il \u00e9tait une fois, des immigr\u00e9s italiens en&#8230; Tunisie<\/a><\/blockquote><iframe loading=\"lazy\" class=\"wp-embedded-content\" sandbox=\"allow-scripts\" security=\"restricted\" style=\"position: absolute; clip: rect(1px, 1px, 1px, 1px);\" title=\"\u00ab\u00a0Il \u00e9tait une fois, des immigr\u00e9s italiens en&#8230; Tunisie\u00a0\u00bb &#8212; Kapitalis\" src=\"https:\/\/kapitalis.com\/tunisie\/2018\/06\/20\/il-etait-une-fois-des-immigres-italiens-en-tunisie\/embed\/#?secret=FIdkTwgjlH#?secret=W4Ud1vBxiK\" data-secret=\"W4Ud1vBxiK\" width=\"600\" height=\"338\" frameborder=\"0\" marginwidth=\"0\" marginheight=\"0\" scrolling=\"no\"><\/iframe>\n<\/div><\/figure>\n","protected":false},"excerpt":{"rendered":"<p>Il y a quelques semaines, le train entre Tokyo et Kyoto fauta de quelques minutes de retard; le lendemain le ministre des Transports a \u00e9t\u00e9 remerci\u00e9. Cela ne risque pas d\u2019arriver en Tunisie, constate l\u2019auteur de ce t\u00e9moignage sur une m\u00e9saventure v\u00e9cue avec un train de la Soci\u00e9t\u00e9 nationale des chemins de fer tunisiens (SNCFT)&#8230;.<\/p>\n","protected":false},"author":8,"featured_media":278441,"comment_status":"open","ping_status":"open","sticky":false,"template":"","format":"standard","meta":{"footnotes":""},"categories":[992,998,1000,2433],"tags":[2940,136,2097,837],"class_list":["post-278440","post","type-post","status-publish","format-standard","has-post-thumbnail","hentry","category-a-la-une","category-societe","category-tribune","category-tunisie","tag-ain-draham","tag-beja","tag-ghardimaou","tag-sncft"],"yoast_head":"<!-- This site is optimized with the Yoast SEO plugin v26.6 - https:\/\/yoast.com\/wordpress\/plugins\/seo\/ -->\n<title>Pique-nique champ\u00eatre apr\u00e8s une panne de train sur la route de B\u00e9ja - Kapitalis<\/title>\n<meta name=\"robots\" content=\"index, follow, max-snippet:-1, max-image-preview:large, max-video-preview:-1\" \/>\n<link rel=\"canonical\" href=\"https:\/\/kapitalis.com\/tunisie\/2020\/02\/03\/pique-nique-champetre-apres-une-panne-de-train-sur-la-route-de-beja\/\" \/>\n<meta property=\"og:locale\" content=\"fr_FR\" \/>\n<meta property=\"og:type\" content=\"article\" \/>\n<meta property=\"og:title\" content=\"Pique-nique champ\u00eatre apr\u00e8s une panne de train sur la route de B\u00e9ja - Kapitalis\" \/>\n<meta property=\"og:description\" content=\"Il y a quelques semaines, le train entre Tokyo et Kyoto fauta de quelques minutes de retard; le lendemain le ministre des Transports a \u00e9t\u00e9 remerci\u00e9. Cela ne risque pas d\u2019arriver en Tunisie, constate l\u2019auteur de ce t\u00e9moignage sur une m\u00e9saventure v\u00e9cue avec un train de la Soci\u00e9t\u00e9 nationale des chemins de fer tunisiens (SNCFT)....\" \/>\n<meta property=\"og:url\" content=\"https:\/\/kapitalis.com\/tunisie\/2020\/02\/03\/pique-nique-champetre-apres-une-panne-de-train-sur-la-route-de-beja\/\" \/>\n<meta property=\"og:site_name\" content=\"Kapitalis\" \/>\n<meta property=\"article:publisher\" content=\"https:\/\/www.facebook.com\/KapitalisInfo\/\" \/>\n<meta property=\"article:published_time\" content=\"2020-02-03T17:14:07+00:00\" \/>\n<meta property=\"article:modified_time\" content=\"2020-02-03T17:14:10+00:00\" \/>\n<meta property=\"og:image\" content=\"https:\/\/kapitalis.com\/tunisie\/wp-content\/uploads\/2022\/05\/kapitalis-logo-fb.png\" \/>\n\t<meta property=\"og:image:width\" content=\"1200\" \/>\n\t<meta property=\"og:image:height\" content=\"630\" \/>\n\t<meta property=\"og:image:type\" content=\"image\/png\" \/>\n<meta name=\"author\" content=\"webmaster kapitalis\" \/>\n<meta name=\"twitter:card\" content=\"summary_large_image\" \/>\n<meta name=\"twitter:creator\" content=\"@KapitalisInfo\" \/>\n<meta name=\"twitter:site\" content=\"@KapitalisInfo\" \/>\n<meta name=\"twitter:label1\" content=\"\u00c9crit par\" \/>\n\t<meta name=\"twitter:data1\" content=\"webmaster kapitalis\" \/>\n\t<meta name=\"twitter:label2\" content=\"Dur\u00e9e de lecture estim\u00e9e\" \/>\n\t<meta name=\"twitter:data2\" content=\"3 minutes\" \/>\n<script type=\"application\/ld+json\" class=\"yoast-schema-graph\">{\"@context\":\"https:\/\/schema.org\",\"@graph\":[{\"@type\":\"Article\",\"@id\":\"https:\/\/kapitalis.com\/tunisie\/2020\/02\/03\/pique-nique-champetre-apres-une-panne-de-train-sur-la-route-de-beja\/#article\",\"isPartOf\":{\"@id\":\"https:\/\/kapitalis.com\/tunisie\/2020\/02\/03\/pique-nique-champetre-apres-une-panne-de-train-sur-la-route-de-beja\/\"},\"author\":{\"name\":\"webmaster kapitalis\",\"@id\":\"https:\/\/kapitalis.com\/tunisie\/#\/schema\/person\/d71f33a9ca44f7bad4698210b480c8e9\"},\"headline\":\"Pique-nique champ\u00eatre apr\u00e8s une panne de train sur la route de B\u00e9ja\",\"datePublished\":\"2020-02-03T17:14:07+00:00\",\"dateModified\":\"2020-02-03T17:14:10+00:00\",\"mainEntityOfPage\":{\"@id\":\"https:\/\/kapitalis.com\/tunisie\/2020\/02\/03\/pique-nique-champetre-apres-une-panne-de-train-sur-la-route-de-beja\/\"},\"wordCount\":571,\"commentCount\":3,\"publisher\":{\"@id\":\"https:\/\/kapitalis.com\/tunisie\/#organization\"},\"image\":{\"@id\":\"https:\/\/kapitalis.com\/tunisie\/2020\/02\/03\/pique-nique-champetre-apres-une-panne-de-train-sur-la-route-de-beja\/#primaryimage\"},\"thumbnailUrl\":\"\",\"keywords\":[\"A\u00efn Draham\",\"B\u00e9ja\",\"Ghardimaou\",\"SNCFT\"],\"articleSection\":[\"A LA UNE\",\"SOCIETE\",\"TRIBUNE\",\"Tunisie\"],\"inLanguage\":\"fr-FR\",\"potentialAction\":[{\"@type\":\"CommentAction\",\"name\":\"Comment\",\"target\":[\"https:\/\/kapitalis.com\/tunisie\/2020\/02\/03\/pique-nique-champetre-apres-une-panne-de-train-sur-la-route-de-beja\/#respond\"]}]},{\"@type\":\"WebPage\",\"@id\":\"https:\/\/kapitalis.com\/tunisie\/2020\/02\/03\/pique-nique-champetre-apres-une-panne-de-train-sur-la-route-de-beja\/\",\"url\":\"https:\/\/kapitalis.com\/tunisie\/2020\/02\/03\/pique-nique-champetre-apres-une-panne-de-train-sur-la-route-de-beja\/\",\"name\":\"Pique-nique champ\u00eatre apr\u00e8s une panne de train sur la route de B\u00e9ja - Kapitalis\",\"isPartOf\":{\"@id\":\"https:\/\/kapitalis.com\/tunisie\/#website\"},\"primaryImageOfPage\":{\"@id\":\"https:\/\/kapitalis.com\/tunisie\/2020\/02\/03\/pique-nique-champetre-apres-une-panne-de-train-sur-la-route-de-beja\/#primaryimage\"},\"image\":{\"@id\":\"https:\/\/kapitalis.com\/tunisie\/2020\/02\/03\/pique-nique-champetre-apres-une-panne-de-train-sur-la-route-de-beja\/#primaryimage\"},\"thumbnailUrl\":\"\",\"datePublished\":\"2020-02-03T17:14:07+00:00\",\"dateModified\":\"2020-02-03T17:14:10+00:00\",\"breadcrumb\":{\"@id\":\"https:\/\/kapitalis.com\/tunisie\/2020\/02\/03\/pique-nique-champetre-apres-une-panne-de-train-sur-la-route-de-beja\/#breadcrumb\"},\"inLanguage\":\"fr-FR\",\"potentialAction\":[{\"@type\":\"ReadAction\",\"target\":[\"https:\/\/kapitalis.com\/tunisie\/2020\/02\/03\/pique-nique-champetre-apres-une-panne-de-train-sur-la-route-de-beja\/\"]}]},{\"@type\":\"ImageObject\",\"inLanguage\":\"fr-FR\",\"@id\":\"https:\/\/kapitalis.com\/tunisie\/2020\/02\/03\/pique-nique-champetre-apres-une-panne-de-train-sur-la-route-de-beja\/#primaryimage\",\"url\":\"\",\"contentUrl\":\"\"},{\"@type\":\"BreadcrumbList\",\"@id\":\"https:\/\/kapitalis.com\/tunisie\/2020\/02\/03\/pique-nique-champetre-apres-une-panne-de-train-sur-la-route-de-beja\/#breadcrumb\",\"itemListElement\":[{\"@type\":\"ListItem\",\"position\":1,\"name\":\"Accueil\",\"item\":\"https:\/\/kapitalis.com\/tunisie\/\"},{\"@type\":\"ListItem\",\"position\":2,\"name\":\"Pique-nique champ\u00eatre apr\u00e8s une panne de train sur la route de B\u00e9ja\"}]},{\"@type\":\"WebSite\",\"@id\":\"https:\/\/kapitalis.com\/tunisie\/#website\",\"url\":\"https:\/\/kapitalis.com\/tunisie\/\",\"name\":\"Kapitalis\",\"description\":\"L&#039;actualit\u00e9 en Tunisie et dans le monde\",\"publisher\":{\"@id\":\"https:\/\/kapitalis.com\/tunisie\/#organization\"},\"potentialAction\":[{\"@type\":\"SearchAction\",\"target\":{\"@type\":\"EntryPoint\",\"urlTemplate\":\"https:\/\/kapitalis.com\/tunisie\/?s={search_term_string}\"},\"query-input\":{\"@type\":\"PropertyValueSpecification\",\"valueRequired\":true,\"valueName\":\"search_term_string\"}}],\"inLanguage\":\"fr-FR\"},{\"@type\":\"Organization\",\"@id\":\"https:\/\/kapitalis.com\/tunisie\/#organization\",\"name\":\"Kapitalis\",\"url\":\"https:\/\/kapitalis.com\/tunisie\/\",\"logo\":{\"@type\":\"ImageObject\",\"inLanguage\":\"fr-FR\",\"@id\":\"https:\/\/kapitalis.com\/tunisie\/#\/schema\/logo\/image\/\",\"url\":\"https:\/\/kapitalis.com\/tunisie\/wp-content\/uploads\/2022\/05\/Kapitalis-big-size.png\",\"contentUrl\":\"https:\/\/kapitalis.com\/tunisie\/wp-content\/uploads\/2022\/05\/Kapitalis-big-size.png\",\"width\":5000,\"height\":1500,\"caption\":\"Kapitalis\"},\"image\":{\"@id\":\"https:\/\/kapitalis.com\/tunisie\/#\/schema\/logo\/image\/\"},\"sameAs\":[\"https:\/\/www.facebook.com\/KapitalisInfo\/\",\"https:\/\/x.com\/KapitalisInfo\",\"https:\/\/www.youtube.com\/channel\/UC-yDYrHyfFBWWZaOw3FPg9Q\"]},{\"@type\":\"Person\",\"@id\":\"https:\/\/kapitalis.com\/tunisie\/#\/schema\/person\/d71f33a9ca44f7bad4698210b480c8e9\",\"name\":\"webmaster kapitalis\",\"url\":\"https:\/\/kapitalis.com\/tunisie\/author\/webmaster-kapitalis\/\"}]}<\/script>\n<!-- \/ Yoast SEO plugin. -->","yoast_head_json":{"title":"Pique-nique champ\u00eatre apr\u00e8s une panne de train sur la route de B\u00e9ja - Kapitalis","robots":{"index":"index","follow":"follow","max-snippet":"max-snippet:-1","max-image-preview":"max-image-preview:large","max-video-preview":"max-video-preview:-1"},"canonical":"https:\/\/kapitalis.com\/tunisie\/2020\/02\/03\/pique-nique-champetre-apres-une-panne-de-train-sur-la-route-de-beja\/","og_locale":"fr_FR","og_type":"article","og_title":"Pique-nique champ\u00eatre apr\u00e8s une panne de train sur la route de B\u00e9ja - Kapitalis","og_description":"Il y a quelques semaines, le train entre Tokyo et Kyoto fauta de quelques minutes de retard; le lendemain le ministre des Transports a \u00e9t\u00e9 remerci\u00e9. Cela ne risque pas d\u2019arriver en Tunisie, constate l\u2019auteur de ce t\u00e9moignage sur une m\u00e9saventure v\u00e9cue avec un train de la Soci\u00e9t\u00e9 nationale des chemins de fer tunisiens (SNCFT)....","og_url":"https:\/\/kapitalis.com\/tunisie\/2020\/02\/03\/pique-nique-champetre-apres-une-panne-de-train-sur-la-route-de-beja\/","og_site_name":"Kapitalis","article_publisher":"https:\/\/www.facebook.com\/KapitalisInfo\/","article_published_time":"2020-02-03T17:14:07+00:00","article_modified_time":"2020-02-03T17:14:10+00:00","og_image":[{"width":1200,"height":630,"url":"https:\/\/kapitalis.com\/tunisie\/wp-content\/uploads\/2022\/05\/kapitalis-logo-fb.png","type":"image\/png"}],"author":"webmaster kapitalis","twitter_card":"summary_large_image","twitter_creator":"@KapitalisInfo","twitter_site":"@KapitalisInfo","twitter_misc":{"\u00c9crit par":"webmaster kapitalis","Dur\u00e9e de lecture estim\u00e9e":"3 minutes"},"schema":{"@context":"https:\/\/schema.org","@graph":[{"@type":"Article","@id":"https:\/\/kapitalis.com\/tunisie\/2020\/02\/03\/pique-nique-champetre-apres-une-panne-de-train-sur-la-route-de-beja\/#article","isPartOf":{"@id":"https:\/\/kapitalis.com\/tunisie\/2020\/02\/03\/pique-nique-champetre-apres-une-panne-de-train-sur-la-route-de-beja\/"},"author":{"name":"webmaster kapitalis","@id":"https:\/\/kapitalis.com\/tunisie\/#\/schema\/person\/d71f33a9ca44f7bad4698210b480c8e9"},"headline":"Pique-nique champ\u00eatre apr\u00e8s une panne de train sur la route de B\u00e9ja","datePublished":"2020-02-03T17:14:07+00:00","dateModified":"2020-02-03T17:14:10+00:00","mainEntityOfPage":{"@id":"https:\/\/kapitalis.com\/tunisie\/2020\/02\/03\/pique-nique-champetre-apres-une-panne-de-train-sur-la-route-de-beja\/"},"wordCount":571,"commentCount":3,"publisher":{"@id":"https:\/\/kapitalis.com\/tunisie\/#organization"},"image":{"@id":"https:\/\/kapitalis.com\/tunisie\/2020\/02\/03\/pique-nique-champetre-apres-une-panne-de-train-sur-la-route-de-beja\/#primaryimage"},"thumbnailUrl":"","keywords":["A\u00efn Draham","B\u00e9ja","Ghardimaou","SNCFT"],"articleSection":["A LA UNE","SOCIETE","TRIBUNE","Tunisie"],"inLanguage":"fr-FR","potentialAction":[{"@type":"CommentAction","name":"Comment","target":["https:\/\/kapitalis.com\/tunisie\/2020\/02\/03\/pique-nique-champetre-apres-une-panne-de-train-sur-la-route-de-beja\/#respond"]}]},{"@type":"WebPage","@id":"https:\/\/kapitalis.com\/tunisie\/2020\/02\/03\/pique-nique-champetre-apres-une-panne-de-train-sur-la-route-de-beja\/","url":"https:\/\/kapitalis.com\/tunisie\/2020\/02\/03\/pique-nique-champetre-apres-une-panne-de-train-sur-la-route-de-beja\/","name":"Pique-nique champ\u00eatre apr\u00e8s une panne de train sur la route de B\u00e9ja - Kapitalis","isPartOf":{"@id":"https:\/\/kapitalis.com\/tunisie\/#website"},"primaryImageOfPage":{"@id":"https:\/\/kapitalis.com\/tunisie\/2020\/02\/03\/pique-nique-champetre-apres-une-panne-de-train-sur-la-route-de-beja\/#primaryimage"},"image":{"@id":"https:\/\/kapitalis.com\/tunisie\/2020\/02\/03\/pique-nique-champetre-apres-une-panne-de-train-sur-la-route-de-beja\/#primaryimage"},"thumbnailUrl":"","datePublished":"2020-02-03T17:14:07+00:00","dateModified":"2020-02-03T17:14:10+00:00","breadcrumb":{"@id":"https:\/\/kapitalis.com\/tunisie\/2020\/02\/03\/pique-nique-champetre-apres-une-panne-de-train-sur-la-route-de-beja\/#breadcrumb"},"inLanguage":"fr-FR","potentialAction":[{"@type":"ReadAction","target":["https:\/\/kapitalis.com\/tunisie\/2020\/02\/03\/pique-nique-champetre-apres-une-panne-de-train-sur-la-route-de-beja\/"]}]},{"@type":"ImageObject","inLanguage":"fr-FR","@id":"https:\/\/kapitalis.com\/tunisie\/2020\/02\/03\/pique-nique-champetre-apres-une-panne-de-train-sur-la-route-de-beja\/#primaryimage","url":"","contentUrl":""},{"@type":"BreadcrumbList","@id":"https:\/\/kapitalis.com\/tunisie\/2020\/02\/03\/pique-nique-champetre-apres-une-panne-de-train-sur-la-route-de-beja\/#breadcrumb","itemListElement":[{"@type":"ListItem","position":1,"name":"Accueil","item":"https:\/\/kapitalis.com\/tunisie\/"},{"@type":"ListItem","position":2,"name":"Pique-nique champ\u00eatre apr\u00e8s une panne de train sur la route de B\u00e9ja"}]},{"@type":"WebSite","@id":"https:\/\/kapitalis.com\/tunisie\/#website","url":"https:\/\/kapitalis.com\/tunisie\/","name":"Kapitalis","description":"L&#039;actualit\u00e9 en Tunisie et dans le monde","publisher":{"@id":"https:\/\/kapitalis.com\/tunisie\/#organization"},"potentialAction":[{"@type":"SearchAction","target":{"@type":"EntryPoint","urlTemplate":"https:\/\/kapitalis.com\/tunisie\/?s={search_term_string}"},"query-input":{"@type":"PropertyValueSpecification","valueRequired":true,"valueName":"search_term_string"}}],"inLanguage":"fr-FR"},{"@type":"Organization","@id":"https:\/\/kapitalis.com\/tunisie\/#organization","name":"Kapitalis","url":"https:\/\/kapitalis.com\/tunisie\/","logo":{"@type":"ImageObject","inLanguage":"fr-FR","@id":"https:\/\/kapitalis.com\/tunisie\/#\/schema\/logo\/image\/","url":"https:\/\/kapitalis.com\/tunisie\/wp-content\/uploads\/2022\/05\/Kapitalis-big-size.png","contentUrl":"https:\/\/kapitalis.com\/tunisie\/wp-content\/uploads\/2022\/05\/Kapitalis-big-size.png","width":5000,"height":1500,"caption":"Kapitalis"},"image":{"@id":"https:\/\/kapitalis.com\/tunisie\/#\/schema\/logo\/image\/"},"sameAs":["https:\/\/www.facebook.com\/KapitalisInfo\/","https:\/\/x.com\/KapitalisInfo","https:\/\/www.youtube.com\/channel\/UC-yDYrHyfFBWWZaOw3FPg9Q"]},{"@type":"Person","@id":"https:\/\/kapitalis.com\/tunisie\/#\/schema\/person\/d71f33a9ca44f7bad4698210b480c8e9","name":"webmaster kapitalis","url":"https:\/\/kapitalis.com\/tunisie\/author\/webmaster-kapitalis\/"}]}},"_links":{"self":[{"href":"https:\/\/kapitalis.com\/tunisie\/wp-json\/wp\/v2\/posts\/278440","targetHints":{"allow":["GET"]}}],"collection":[{"href":"https:\/\/kapitalis.com\/tunisie\/wp-json\/wp\/v2\/posts"}],"about":[{"href":"https:\/\/kapitalis.com\/tunisie\/wp-json\/wp\/v2\/types\/post"}],"author":[{"embeddable":true,"href":"https:\/\/kapitalis.com\/tunisie\/wp-json\/wp\/v2\/users\/8"}],"replies":[{"embeddable":true,"href":"https:\/\/kapitalis.com\/tunisie\/wp-json\/wp\/v2\/comments?post=278440"}],"version-history":[{"count":0,"href":"https:\/\/kapitalis.com\/tunisie\/wp-json\/wp\/v2\/posts\/278440\/revisions"}],"wp:featuredmedia":[{"embeddable":true,"href":"https:\/\/kapitalis.com\/tunisie\/wp-json\/wp\/v2\/media\/278441"}],"wp:attachment":[{"href":"https:\/\/kapitalis.com\/tunisie\/wp-json\/wp\/v2\/media?parent=278440"}],"wp:term":[{"taxonomy":"category","embeddable":true,"href":"https:\/\/kapitalis.com\/tunisie\/wp-json\/wp\/v2\/categories?post=278440"},{"taxonomy":"post_tag","embeddable":true,"href":"https:\/\/kapitalis.com\/tunisie\/wp-json\/wp\/v2\/tags?post=278440"}],"curies":[{"name":"wp","href":"https:\/\/api.w.org\/{rel}","templated":true}]}}