{"id":278687,"date":"2020-02-04T15:56:06","date_gmt":"2020-02-04T14:56:06","guid":{"rendered":"http:\/\/kapitalis.com\/tunisie\/?p=278687"},"modified":"2020-02-04T15:56:08","modified_gmt":"2020-02-04T14:56:08","slug":"bourse-de-tunisie-modern-leasing-change-de-denomination-sociale","status":"publish","type":"post","link":"https:\/\/kapitalis.com\/tunisie\/2020\/02\/04\/bourse-de-tunisie-modern-leasing-change-de-denomination-sociale\/","title":{"rendered":"Bourse de Tunisie : Modern Leasing change de d\u00e9nomination sociale"},"content":{"rendered":"\n<figure class=\"wp-block-image size-large\"><img decoding=\"async\" src=\"http:\/\/kapitalis.com\/tunisie\/wp-content\/uploads\/2020\/02\/Modern-Leasing-BH-Leasing.jpg\" alt=\"\" class=\"wp-image-278697\"\/><\/figure>\n\n\n\n<p><strong><em>La soci\u00e9t\u00e9 Modern Leasing a chang\u00e9 de d\u00e9nomination sociale tel qu&rsquo;adopt\u00e9 lors de son assembl\u00e9e g\u00e9n\u00e9rale extraordinaire du 11 octobre 2019. Elle sera dor\u00e9navant libell\u00e9e BH Leasing \u00e0 partir de demain,\u00a0mercredi<\/em><\/strong> <em><strong>5 f\u00e9vrier 2020<\/strong>. <\/em><\/p>\n\n\n\n<!--more-->\n\n\n\n<p>Les caract\u00e9ristiques du titre seront dor\u00e9navant comme suit: <\/p>\n\n\n\n<p><strong>Libell\u00e9<\/strong> : BH Leasing; <strong>Code ISIN<\/strong> : TN0006720049; <strong>Code mn\u00e9monique<\/strong> : BHL; et <strong>Groupe de cotation<\/strong> : 12. <\/p>\n\n\n\n<p>Ce changement de code mn\u00e9monique, pr\u00e9cise la Bourse des valeurs mobili\u00e8res de Tunis (<a rel=\"noreferrer noopener\" aria-label=\"BVMT (s\u2019ouvre dans un nouvel onglet)\" href=\"http:\/\/www.bvmt.com.tn\/sites\/default\/files\/avis-decisions\/bh-l-tgyyr-lsm-ljtmy-l-lshrk-lsry-llyjr-lmly.pdf\" target=\"_blank\">BVMT<\/a>), qui a publi\u00e9 cette information mardi 4 f\u00e9vrier, entra\u00eene une purge du carnet d\u2019ordres. <\/p>\n\n\n\n<p class=\"has-text-align-right\"><strong>A.M.<\/strong><\/p>\n","protected":false},"excerpt":{"rendered":"<p>La soci\u00e9t\u00e9 Modern Leasing a chang\u00e9 de d\u00e9nomination sociale tel qu&rsquo;adopt\u00e9 lors de son assembl\u00e9e g\u00e9n\u00e9rale extraordinaire du 11 octobre 2019. Elle sera dor\u00e9navant libell\u00e9e BH Leasing \u00e0 partir de demain,\u00a0mercredi 5 f\u00e9vrier 2020.<\/p>\n","protected":false},"author":22,"featured_media":278697,"comment_status":"open","ping_status":"open","sticky":false,"template":"","format":"standard","meta":{"footnotes":""},"categories":[995,2433],"tags":[9985,5895],"class_list":["post-278687","post","type-post","status-publish","format-standard","has-post-thumbnail","hentry","category-economie","category-tunisie","tag-bvmt","tag-modern-leasing"],"yoast_head":"<!-- This site is optimized with the Yoast SEO plugin v26.6 - https:\/\/yoast.com\/wordpress\/plugins\/seo\/ -->\n<title>Bourse de Tunisie : Modern Leasing change de d\u00e9nomination sociale - Kapitalis<\/title>\n<meta name=\"robots\" content=\"index, follow, max-snippet:-1, max-image-preview:large, max-video-preview:-1\" \/>\n<link rel=\"canonical\" href=\"https:\/\/kapitalis.com\/tunisie\/2020\/02\/04\/bourse-de-tunisie-modern-leasing-change-de-denomination-sociale\/\" \/>\n<meta property=\"og:locale\" content=\"fr_FR\" \/>\n<meta property=\"og:type\" content=\"article\" \/>\n<meta property=\"og:title\" content=\"Bourse de Tunisie : Modern Leasing change de d\u00e9nomination sociale - Kapitalis\" \/>\n<meta property=\"og:description\" content=\"La soci\u00e9t\u00e9 Modern Leasing a chang\u00e9 de d\u00e9nomination sociale tel qu&rsquo;adopt\u00e9 lors de son assembl\u00e9e g\u00e9n\u00e9rale extraordinaire du 11 octobre 2019. Elle sera dor\u00e9navant libell\u00e9e BH Leasing \u00e0 partir de demain,\u00a0mercredi 5 f\u00e9vrier 2020.\" \/>\n<meta property=\"og:url\" content=\"https:\/\/kapitalis.com\/tunisie\/2020\/02\/04\/bourse-de-tunisie-modern-leasing-change-de-denomination-sociale\/\" \/>\n<meta property=\"og:site_name\" content=\"Kapitalis\" \/>\n<meta property=\"article:publisher\" content=\"https:\/\/www.facebook.com\/KapitalisInfo\/\" \/>\n<meta property=\"article:published_time\" content=\"2020-02-04T14:56:06+00:00\" \/>\n<meta property=\"article:modified_time\" content=\"2020-02-04T14:56:08+00:00\" \/>\n<meta property=\"og:image\" content=\"https:\/\/kapitalis.com\/tunisie\/wp-content\/uploads\/2022\/05\/kapitalis-logo-fb.png\" \/>\n\t<meta property=\"og:image:width\" content=\"1200\" \/>\n\t<meta property=\"og:image:height\" content=\"630\" \/>\n\t<meta property=\"og:image:type\" content=\"image\/png\" \/>\n<meta name=\"author\" content=\"Amina Mkada\" \/>\n<meta name=\"twitter:card\" content=\"summary_large_image\" \/>\n<meta name=\"twitter:creator\" content=\"@KapitalisInfo\" \/>\n<meta name=\"twitter:site\" content=\"@KapitalisInfo\" \/>\n<meta name=\"twitter:label1\" content=\"\u00c9crit par\" \/>\n\t<meta name=\"twitter:data1\" content=\"Amina Mkada\" \/>\n<script type=\"application\/ld+json\" class=\"yoast-schema-graph\">{\"@context\":\"https:\/\/schema.org\",\"@graph\":[{\"@type\":\"Article\",\"@id\":\"https:\/\/kapitalis.com\/tunisie\/2020\/02\/04\/bourse-de-tunisie-modern-leasing-change-de-denomination-sociale\/#article\",\"isPartOf\":{\"@id\":\"https:\/\/kapitalis.com\/tunisie\/2020\/02\/04\/bourse-de-tunisie-modern-leasing-change-de-denomination-sociale\/\"},\"author\":{\"name\":\"Amina Mkada\",\"@id\":\"https:\/\/kapitalis.com\/tunisie\/#\/schema\/person\/093913313d3017554cb3ad077fff3fbd\"},\"headline\":\"Bourse de Tunisie : Modern Leasing change de d\u00e9nomination sociale\",\"datePublished\":\"2020-02-04T14:56:06+00:00\",\"dateModified\":\"2020-02-04T14:56:08+00:00\",\"mainEntityOfPage\":{\"@id\":\"https:\/\/kapitalis.com\/tunisie\/2020\/02\/04\/bourse-de-tunisie-modern-leasing-change-de-denomination-sociale\/\"},\"wordCount\":107,\"commentCount\":0,\"publisher\":{\"@id\":\"https:\/\/kapitalis.com\/tunisie\/#organization\"},\"image\":{\"@id\":\"https:\/\/kapitalis.com\/tunisie\/2020\/02\/04\/bourse-de-tunisie-modern-leasing-change-de-denomination-sociale\/#primaryimage\"},\"thumbnailUrl\":\"\",\"keywords\":[\"BVMT\",\"Modern Leasing\"],\"articleSection\":[\"ECONOMIE\",\"Tunisie\"],\"inLanguage\":\"fr-FR\",\"potentialAction\":[{\"@type\":\"CommentAction\",\"name\":\"Comment\",\"target\":[\"https:\/\/kapitalis.com\/tunisie\/2020\/02\/04\/bourse-de-tunisie-modern-leasing-change-de-denomination-sociale\/#respond\"]}]},{\"@type\":\"WebPage\",\"@id\":\"https:\/\/kapitalis.com\/tunisie\/2020\/02\/04\/bourse-de-tunisie-modern-leasing-change-de-denomination-sociale\/\",\"url\":\"https:\/\/kapitalis.com\/tunisie\/2020\/02\/04\/bourse-de-tunisie-modern-leasing-change-de-denomination-sociale\/\",\"name\":\"Bourse de Tunisie : Modern Leasing change de d\u00e9nomination sociale - Kapitalis\",\"isPartOf\":{\"@id\":\"https:\/\/kapitalis.com\/tunisie\/#website\"},\"primaryImageOfPage\":{\"@id\":\"https:\/\/kapitalis.com\/tunisie\/2020\/02\/04\/bourse-de-tunisie-modern-leasing-change-de-denomination-sociale\/#primaryimage\"},\"image\":{\"@id\":\"https:\/\/kapitalis.com\/tunisie\/2020\/02\/04\/bourse-de-tunisie-modern-leasing-change-de-denomination-sociale\/#primaryimage\"},\"thumbnailUrl\":\"\",\"datePublished\":\"2020-02-04T14:56:06+00:00\",\"dateModified\":\"2020-02-04T14:56:08+00:00\",\"breadcrumb\":{\"@id\":\"https:\/\/kapitalis.com\/tunisie\/2020\/02\/04\/bourse-de-tunisie-modern-leasing-change-de-denomination-sociale\/#breadcrumb\"},\"inLanguage\":\"fr-FR\",\"potentialAction\":[{\"@type\":\"ReadAction\",\"target\":[\"https:\/\/kapitalis.com\/tunisie\/2020\/02\/04\/bourse-de-tunisie-modern-leasing-change-de-denomination-sociale\/\"]}]},{\"@type\":\"ImageObject\",\"inLanguage\":\"fr-FR\",\"@id\":\"https:\/\/kapitalis.com\/tunisie\/2020\/02\/04\/bourse-de-tunisie-modern-leasing-change-de-denomination-sociale\/#primaryimage\",\"url\":\"\",\"contentUrl\":\"\"},{\"@type\":\"BreadcrumbList\",\"@id\":\"https:\/\/kapitalis.com\/tunisie\/2020\/02\/04\/bourse-de-tunisie-modern-leasing-change-de-denomination-sociale\/#breadcrumb\",\"itemListElement\":[{\"@type\":\"ListItem\",\"position\":1,\"name\":\"Accueil\",\"item\":\"https:\/\/kapitalis.com\/tunisie\/\"},{\"@type\":\"ListItem\",\"position\":2,\"name\":\"Bourse de Tunisie : Modern Leasing change de d\u00e9nomination sociale\"}]},{\"@type\":\"WebSite\",\"@id\":\"https:\/\/kapitalis.com\/tunisie\/#website\",\"url\":\"https:\/\/kapitalis.com\/tunisie\/\",\"name\":\"Kapitalis\",\"description\":\"L&#039;actualit\u00e9 en Tunisie et dans le monde\",\"publisher\":{\"@id\":\"https:\/\/kapitalis.com\/tunisie\/#organization\"},\"potentialAction\":[{\"@type\":\"SearchAction\",\"target\":{\"@type\":\"EntryPoint\",\"urlTemplate\":\"https:\/\/kapitalis.com\/tunisie\/?s={search_term_string}\"},\"query-input\":{\"@type\":\"PropertyValueSpecification\",\"valueRequired\":true,\"valueName\":\"search_term_string\"}}],\"inLanguage\":\"fr-FR\"},{\"@type\":\"Organization\",\"@id\":\"https:\/\/kapitalis.com\/tunisie\/#organization\",\"name\":\"Kapitalis\",\"url\":\"https:\/\/kapitalis.com\/tunisie\/\",\"logo\":{\"@type\":\"ImageObject\",\"inLanguage\":\"fr-FR\",\"@id\":\"https:\/\/kapitalis.com\/tunisie\/#\/schema\/logo\/image\/\",\"url\":\"https:\/\/kapitalis.com\/tunisie\/wp-content\/uploads\/2022\/05\/Kapitalis-big-size.png\",\"contentUrl\":\"https:\/\/kapitalis.com\/tunisie\/wp-content\/uploads\/2022\/05\/Kapitalis-big-size.png\",\"width\":5000,\"height\":1500,\"caption\":\"Kapitalis\"},\"image\":{\"@id\":\"https:\/\/kapitalis.com\/tunisie\/#\/schema\/logo\/image\/\"},\"sameAs\":[\"https:\/\/www.facebook.com\/KapitalisInfo\/\",\"https:\/\/x.com\/KapitalisInfo\",\"https:\/\/www.youtube.com\/channel\/UC-yDYrHyfFBWWZaOw3FPg9Q\"]},{\"@type\":\"Person\",\"@id\":\"https:\/\/kapitalis.com\/tunisie\/#\/schema\/person\/093913313d3017554cb3ad077fff3fbd\",\"name\":\"Amina Mkada\",\"url\":\"https:\/\/kapitalis.com\/tunisie\/author\/amina\/\"}]}<\/script>\n<!-- \/ Yoast SEO plugin. -->","yoast_head_json":{"title":"Bourse de Tunisie : Modern Leasing change de d\u00e9nomination sociale - Kapitalis","robots":{"index":"index","follow":"follow","max-snippet":"max-snippet:-1","max-image-preview":"max-image-preview:large","max-video-preview":"max-video-preview:-1"},"canonical":"https:\/\/kapitalis.com\/tunisie\/2020\/02\/04\/bourse-de-tunisie-modern-leasing-change-de-denomination-sociale\/","og_locale":"fr_FR","og_type":"article","og_title":"Bourse de Tunisie : Modern Leasing change de d\u00e9nomination sociale - Kapitalis","og_description":"La soci\u00e9t\u00e9 Modern Leasing a chang\u00e9 de d\u00e9nomination sociale tel qu&rsquo;adopt\u00e9 lors de son assembl\u00e9e g\u00e9n\u00e9rale extraordinaire du 11 octobre 2019. Elle sera dor\u00e9navant libell\u00e9e BH Leasing \u00e0 partir de demain,\u00a0mercredi 5 f\u00e9vrier 2020.","og_url":"https:\/\/kapitalis.com\/tunisie\/2020\/02\/04\/bourse-de-tunisie-modern-leasing-change-de-denomination-sociale\/","og_site_name":"Kapitalis","article_publisher":"https:\/\/www.facebook.com\/KapitalisInfo\/","article_published_time":"2020-02-04T14:56:06+00:00","article_modified_time":"2020-02-04T14:56:08+00:00","og_image":[{"width":1200,"height":630,"url":"https:\/\/kapitalis.com\/tunisie\/wp-content\/uploads\/2022\/05\/kapitalis-logo-fb.png","type":"image\/png"}],"author":"Amina Mkada","twitter_card":"summary_large_image","twitter_creator":"@KapitalisInfo","twitter_site":"@KapitalisInfo","twitter_misc":{"\u00c9crit par":"Amina Mkada"},"schema":{"@context":"https:\/\/schema.org","@graph":[{"@type":"Article","@id":"https:\/\/kapitalis.com\/tunisie\/2020\/02\/04\/bourse-de-tunisie-modern-leasing-change-de-denomination-sociale\/#article","isPartOf":{"@id":"https:\/\/kapitalis.com\/tunisie\/2020\/02\/04\/bourse-de-tunisie-modern-leasing-change-de-denomination-sociale\/"},"author":{"name":"Amina Mkada","@id":"https:\/\/kapitalis.com\/tunisie\/#\/schema\/person\/093913313d3017554cb3ad077fff3fbd"},"headline":"Bourse de Tunisie : Modern Leasing change de d\u00e9nomination sociale","datePublished":"2020-02-04T14:56:06+00:00","dateModified":"2020-02-04T14:56:08+00:00","mainEntityOfPage":{"@id":"https:\/\/kapitalis.com\/tunisie\/2020\/02\/04\/bourse-de-tunisie-modern-leasing-change-de-denomination-sociale\/"},"wordCount":107,"commentCount":0,"publisher":{"@id":"https:\/\/kapitalis.com\/tunisie\/#organization"},"image":{"@id":"https:\/\/kapitalis.com\/tunisie\/2020\/02\/04\/bourse-de-tunisie-modern-leasing-change-de-denomination-sociale\/#primaryimage"},"thumbnailUrl":"","keywords":["BVMT","Modern Leasing"],"articleSection":["ECONOMIE","Tunisie"],"inLanguage":"fr-FR","potentialAction":[{"@type":"CommentAction","name":"Comment","target":["https:\/\/kapitalis.com\/tunisie\/2020\/02\/04\/bourse-de-tunisie-modern-leasing-change-de-denomination-sociale\/#respond"]}]},{"@type":"WebPage","@id":"https:\/\/kapitalis.com\/tunisie\/2020\/02\/04\/bourse-de-tunisie-modern-leasing-change-de-denomination-sociale\/","url":"https:\/\/kapitalis.com\/tunisie\/2020\/02\/04\/bourse-de-tunisie-modern-leasing-change-de-denomination-sociale\/","name":"Bourse de Tunisie : Modern Leasing change de d\u00e9nomination sociale - Kapitalis","isPartOf":{"@id":"https:\/\/kapitalis.com\/tunisie\/#website"},"primaryImageOfPage":{"@id":"https:\/\/kapitalis.com\/tunisie\/2020\/02\/04\/bourse-de-tunisie-modern-leasing-change-de-denomination-sociale\/#primaryimage"},"image":{"@id":"https:\/\/kapitalis.com\/tunisie\/2020\/02\/04\/bourse-de-tunisie-modern-leasing-change-de-denomination-sociale\/#primaryimage"},"thumbnailUrl":"","datePublished":"2020-02-04T14:56:06+00:00","dateModified":"2020-02-04T14:56:08+00:00","breadcrumb":{"@id":"https:\/\/kapitalis.com\/tunisie\/2020\/02\/04\/bourse-de-tunisie-modern-leasing-change-de-denomination-sociale\/#breadcrumb"},"inLanguage":"fr-FR","potentialAction":[{"@type":"ReadAction","target":["https:\/\/kapitalis.com\/tunisie\/2020\/02\/04\/bourse-de-tunisie-modern-leasing-change-de-denomination-sociale\/"]}]},{"@type":"ImageObject","inLanguage":"fr-FR","@id":"https:\/\/kapitalis.com\/tunisie\/2020\/02\/04\/bourse-de-tunisie-modern-leasing-change-de-denomination-sociale\/#primaryimage","url":"","contentUrl":""},{"@type":"BreadcrumbList","@id":"https:\/\/kapitalis.com\/tunisie\/2020\/02\/04\/bourse-de-tunisie-modern-leasing-change-de-denomination-sociale\/#breadcrumb","itemListElement":[{"@type":"ListItem","position":1,"name":"Accueil","item":"https:\/\/kapitalis.com\/tunisie\/"},{"@type":"ListItem","position":2,"name":"Bourse de Tunisie : Modern Leasing change de d\u00e9nomination sociale"}]},{"@type":"WebSite","@id":"https:\/\/kapitalis.com\/tunisie\/#website","url":"https:\/\/kapitalis.com\/tunisie\/","name":"Kapitalis","description":"L&#039;actualit\u00e9 en Tunisie et dans le monde","publisher":{"@id":"https:\/\/kapitalis.com\/tunisie\/#organization"},"potentialAction":[{"@type":"SearchAction","target":{"@type":"EntryPoint","urlTemplate":"https:\/\/kapitalis.com\/tunisie\/?s={search_term_string}"},"query-input":{"@type":"PropertyValueSpecification","valueRequired":true,"valueName":"search_term_string"}}],"inLanguage":"fr-FR"},{"@type":"Organization","@id":"https:\/\/kapitalis.com\/tunisie\/#organization","name":"Kapitalis","url":"https:\/\/kapitalis.com\/tunisie\/","logo":{"@type":"ImageObject","inLanguage":"fr-FR","@id":"https:\/\/kapitalis.com\/tunisie\/#\/schema\/logo\/image\/","url":"https:\/\/kapitalis.com\/tunisie\/wp-content\/uploads\/2022\/05\/Kapitalis-big-size.png","contentUrl":"https:\/\/kapitalis.com\/tunisie\/wp-content\/uploads\/2022\/05\/Kapitalis-big-size.png","width":5000,"height":1500,"caption":"Kapitalis"},"image":{"@id":"https:\/\/kapitalis.com\/tunisie\/#\/schema\/logo\/image\/"},"sameAs":["https:\/\/www.facebook.com\/KapitalisInfo\/","https:\/\/x.com\/KapitalisInfo","https:\/\/www.youtube.com\/channel\/UC-yDYrHyfFBWWZaOw3FPg9Q"]},{"@type":"Person","@id":"https:\/\/kapitalis.com\/tunisie\/#\/schema\/person\/093913313d3017554cb3ad077fff3fbd","name":"Amina Mkada","url":"https:\/\/kapitalis.com\/tunisie\/author\/amina\/"}]}},"_links":{"self":[{"href":"https:\/\/kapitalis.com\/tunisie\/wp-json\/wp\/v2\/posts\/278687","targetHints":{"allow":["GET"]}}],"collection":[{"href":"https:\/\/kapitalis.com\/tunisie\/wp-json\/wp\/v2\/posts"}],"about":[{"href":"https:\/\/kapitalis.com\/tunisie\/wp-json\/wp\/v2\/types\/post"}],"author":[{"embeddable":true,"href":"https:\/\/kapitalis.com\/tunisie\/wp-json\/wp\/v2\/users\/22"}],"replies":[{"embeddable":true,"href":"https:\/\/kapitalis.com\/tunisie\/wp-json\/wp\/v2\/comments?post=278687"}],"version-history":[{"count":0,"href":"https:\/\/kapitalis.com\/tunisie\/wp-json\/wp\/v2\/posts\/278687\/revisions"}],"wp:featuredmedia":[{"embeddable":true,"href":"https:\/\/kapitalis.com\/tunisie\/wp-json\/wp\/v2\/media\/278697"}],"wp:attachment":[{"href":"https:\/\/kapitalis.com\/tunisie\/wp-json\/wp\/v2\/media?parent=278687"}],"wp:term":[{"taxonomy":"category","embeddable":true,"href":"https:\/\/kapitalis.com\/tunisie\/wp-json\/wp\/v2\/categories?post=278687"},{"taxonomy":"post_tag","embeddable":true,"href":"https:\/\/kapitalis.com\/tunisie\/wp-json\/wp\/v2\/tags?post=278687"}],"curies":[{"name":"wp","href":"https:\/\/api.w.org\/{rel}","templated":true}]}}