{"id":278755,"date":"2020-02-04T17:18:38","date_gmt":"2020-02-04T16:18:38","guid":{"rendered":"http:\/\/kapitalis.com\/tunisie\/?p=278755"},"modified":"2020-02-04T17:19:05","modified_gmt":"2020-02-04T16:19:05","slug":"demarrage-a-hammamet-de-lecole-de-la-physique-des-plasmas-et-de-la-fusion","status":"publish","type":"post","link":"https:\/\/kapitalis.com\/tunisie\/2020\/02\/04\/demarrage-a-hammamet-de-lecole-de-la-physique-des-plasmas-et-de-la-fusion\/","title":{"rendered":"D\u00e9marrage \u00e0 Hammamet de l\u2019\u00c9cole de la physique des plasmas et de la fusion"},"content":{"rendered":"\n<figure class=\"wp-block-image size-large\"><img decoding=\"async\" src=\"http:\/\/kapitalis.com\/tunisie\/wp-content\/uploads\/2020\/02\/Hatem-Ben-Salem.jpg\" alt=\"\" class=\"wp-image-278759\"\/><\/figure>\n\n\n\n<p><strong> <\/strong><em><strong>Le minist\u00e8re de l\u2019Enseignement sup\u00e9rieur et de la Recherche scientifique organise, 3-7 f\u00e9vrier 2020, \u00e0 Hammamet, le d\u00e9marrage des travaux de l\u2019\u00c9cole de la physique des plasmas et de la fusion<\/strong>.<\/em><\/p>\n\n\n\n<!--more-->\n\n\n\n<p> Cet \u00e9v\u00e9nement est organis\u00e9 en partenariat avec la repr\u00e9sentation r\u00e9gionale du Commissariat \u00e0 l\u2019\u00c9nergie Atomique et aux \u00e9nergies alternatives (CEA), son Institut de recherche sur la fusion magn\u00e9tique  (IRFM) et le Centre national des sciences et technologies nucl\u00e9aires (CNSTN). <\/p>\n\n\n\n<p> Il s\u2019agit de la premi\u00e8re \u00e9cole de la physique du plasma et de la fusion dans la r\u00e9gion d\u2019Afrique du Nord et du Moyen-Orient (Mena).<\/p>\n\n\n\n<p> Cet important \u00e9v\u00e9nement scientifique international est organis\u00e9 avec le soutien de la Soci\u00e9t\u00e9 tunisienne d\u2019\u00e9lectricit\u00e9 et de gaz (Steg) et de l&rsquo;Institut fran\u00e7ais de Tunisie (IFT).<\/p>\n\n\n\n<p> Cette \u00e9cole vise \u00e0 mettre en r\u00e9seaux les structures de recherche de la r\u00e9gion et \u00e0 favoriser une coop\u00e9ration internationale active autour des possibilit\u00e9s offertes par la physique des plasmas et de la fusion et de ses multiples applications industrielles, m\u00e9dicales et agricoles.<\/p>\n\n\n\n<p> Hatem Ben Salem, ministre de l\u2019Enseignement sup\u00e9rieur et de la Recherche scientifique (MESRS) par int\u00e9rim, a pr\u00e9sid\u00e9 la s\u00e9ance inaugurale de cet \u00e9v\u00e9nement international en pr\u00e9sence notamment de Nidhal Ouerfelli, haut repr\u00e9sentant de l\u2019administrateur g\u00e9n\u00e9ral du CEA pour la r\u00e9gion Mena, Khaled Nasraoui, secr\u00e9taire g\u00e9n\u00e9ral du CNSTN; Rim Saied, directrice g\u00e9n\u00e9rale de la valorisation de la Recherche au MESRS; et Malek Kochlef, directeur g\u00e9n\u00e9ral de la Coop\u00e9ration internationale au MESRS.<\/p>\n\n\n\n<p> Apr\u00e8s une br\u00e8ve pr\u00e9sentation du syst\u00e8me national de recherche et innovation, M. Ben Salem a rappel\u00e9, dans son intervention, l\u2019importance accord\u00e9e par le minist\u00e8re \u00e0 la mise en r\u00e9seau des structures de recherche et \u00e0 l\u2019\u00e9change d\u2019exp\u00e9riences internationale dans les disciplines scientifiques de pointe.<\/p>\n\n\n\n<p> Il a \u00e9galement expos\u00e9 les m\u00e9canismes de financement qui ont \u00e9t\u00e9 d\u00e9velopp\u00e9s dans le cadre de la r\u00e9forme de la recherche scientifique afin de soutenir les projets de recherche appliqu\u00e9s qui sont men\u00e9s dans des th\u00e9matiques prioritaires telles que les \u00e9nergies alternatives, la sant\u00e9 et l\u2019agriculture.<\/p>\n\n\n\n<p> Il a rappel\u00e9 dans ce contexte qu\u2019une enveloppe de 33 millions de dinars tunisiens (MDT) a \u00e9t\u00e9 d\u00e9ploy\u00e9e sous forme de financements comp\u00e9titifs entre 2017 et 2019 afin d&rsquo;appuyer des projets de recherche f\u00e9d\u00e9r\u00e9s ayant des applications concr\u00e8tes dans les th\u00e9matiques suivantes : 1\/ Education, culture, jeunesse et transition d\u00e9mocratique ; 2\/ Eau, \u00e9nergie et s\u00e9curit\u00e9 alimentaire et adaptation aux changements climatiques ; 3\/ Economie circulaire et protection de l\u2019environnement; 4\/ Sant\u00e9 et bien-\u00eatre ; 5\/ D\u00e9centralisation et gouvernance locale (d\u00e9veloppement des r\u00e9gions) ; 6\/ Transition num\u00e9rique et Industrie 4.0.<\/p>\n\n\n\n<p> Le s\u00e9minaire, qui se poursuit jusqu\u2019au 7 f\u00e9vrier, pr\u00e9voit un riche programme de communications scientifiques et d\u2019\u00e9changes autour des applications industrielles de la physique des plasmas et de la fusion en pr\u00e9sence d\u2019un grand nombre de chercheurs et d\u2019\u00e9tudiants.<\/p>\n\n\n\n<p><strong><em>  Source<\/em><\/strong> : communiqu\u00e9. <\/p>\n","protected":false},"excerpt":{"rendered":"<p>Le minist\u00e8re de l\u2019Enseignement sup\u00e9rieur et de la Recherche scientifique organise, 3-7 f\u00e9vrier 2020, \u00e0 Hammamet, le d\u00e9marrage des travaux de l\u2019\u00c9cole de la physique des plasmas et de la fusion.<\/p>\n","protected":false},"author":8,"featured_media":278759,"comment_status":"open","ping_status":"open","sticky":false,"template":"","format":"standard","meta":{"footnotes":""},"categories":[995,2433],"tags":[439,1908],"class_list":["post-278755","post","type-post","status-publish","format-standard","has-post-thumbnail","hentry","category-economie","category-tunisie","tag-hammamet","tag-hatem-ben-salem"],"yoast_head":"<!-- This site is optimized with the Yoast SEO plugin v26.6 - https:\/\/yoast.com\/wordpress\/plugins\/seo\/ -->\n<title>D\u00e9marrage \u00e0 Hammamet de l\u2019\u00c9cole de la physique des plasmas et de la fusion - Kapitalis<\/title>\n<meta name=\"robots\" content=\"index, follow, max-snippet:-1, max-image-preview:large, max-video-preview:-1\" \/>\n<link rel=\"canonical\" href=\"https:\/\/kapitalis.com\/tunisie\/2020\/02\/04\/demarrage-a-hammamet-de-lecole-de-la-physique-des-plasmas-et-de-la-fusion\/\" \/>\n<meta property=\"og:locale\" content=\"fr_FR\" \/>\n<meta property=\"og:type\" content=\"article\" \/>\n<meta property=\"og:title\" content=\"D\u00e9marrage \u00e0 Hammamet de l\u2019\u00c9cole de la physique des plasmas et de la fusion - Kapitalis\" \/>\n<meta property=\"og:description\" content=\"Le minist\u00e8re de l\u2019Enseignement sup\u00e9rieur et de la Recherche scientifique organise, 3-7 f\u00e9vrier 2020, \u00e0 Hammamet, le d\u00e9marrage des travaux de l\u2019\u00c9cole de la physique des plasmas et de la fusion.\" \/>\n<meta property=\"og:url\" content=\"https:\/\/kapitalis.com\/tunisie\/2020\/02\/04\/demarrage-a-hammamet-de-lecole-de-la-physique-des-plasmas-et-de-la-fusion\/\" \/>\n<meta property=\"og:site_name\" content=\"Kapitalis\" \/>\n<meta property=\"article:publisher\" content=\"https:\/\/www.facebook.com\/KapitalisInfo\/\" \/>\n<meta property=\"article:published_time\" content=\"2020-02-04T16:18:38+00:00\" \/>\n<meta property=\"article:modified_time\" content=\"2020-02-04T16:19:05+00:00\" \/>\n<meta property=\"og:image\" content=\"https:\/\/kapitalis.com\/tunisie\/wp-content\/uploads\/2022\/05\/kapitalis-logo-fb.png\" \/>\n\t<meta property=\"og:image:width\" content=\"1200\" \/>\n\t<meta property=\"og:image:height\" content=\"630\" \/>\n\t<meta property=\"og:image:type\" content=\"image\/png\" \/>\n<meta name=\"author\" content=\"webmaster kapitalis\" \/>\n<meta name=\"twitter:card\" content=\"summary_large_image\" \/>\n<meta name=\"twitter:creator\" content=\"@KapitalisInfo\" \/>\n<meta name=\"twitter:site\" content=\"@KapitalisInfo\" \/>\n<meta name=\"twitter:label1\" content=\"\u00c9crit par\" \/>\n\t<meta name=\"twitter:data1\" content=\"webmaster kapitalis\" \/>\n\t<meta name=\"twitter:label2\" content=\"Dur\u00e9e de lecture estim\u00e9e\" \/>\n\t<meta name=\"twitter:data2\" content=\"3 minutes\" \/>\n<script type=\"application\/ld+json\" class=\"yoast-schema-graph\">{\"@context\":\"https:\/\/schema.org\",\"@graph\":[{\"@type\":\"Article\",\"@id\":\"https:\/\/kapitalis.com\/tunisie\/2020\/02\/04\/demarrage-a-hammamet-de-lecole-de-la-physique-des-plasmas-et-de-la-fusion\/#article\",\"isPartOf\":{\"@id\":\"https:\/\/kapitalis.com\/tunisie\/2020\/02\/04\/demarrage-a-hammamet-de-lecole-de-la-physique-des-plasmas-et-de-la-fusion\/\"},\"author\":{\"name\":\"webmaster kapitalis\",\"@id\":\"https:\/\/kapitalis.com\/tunisie\/#\/schema\/person\/d71f33a9ca44f7bad4698210b480c8e9\"},\"headline\":\"D\u00e9marrage \u00e0 Hammamet de l\u2019\u00c9cole de la physique des plasmas et de la fusion\",\"datePublished\":\"2020-02-04T16:18:38+00:00\",\"dateModified\":\"2020-02-04T16:19:05+00:00\",\"mainEntityOfPage\":{\"@id\":\"https:\/\/kapitalis.com\/tunisie\/2020\/02\/04\/demarrage-a-hammamet-de-lecole-de-la-physique-des-plasmas-et-de-la-fusion\/\"},\"wordCount\":536,\"commentCount\":2,\"publisher\":{\"@id\":\"https:\/\/kapitalis.com\/tunisie\/#organization\"},\"image\":{\"@id\":\"https:\/\/kapitalis.com\/tunisie\/2020\/02\/04\/demarrage-a-hammamet-de-lecole-de-la-physique-des-plasmas-et-de-la-fusion\/#primaryimage\"},\"thumbnailUrl\":\"\",\"keywords\":[\"Hammamet\",\"Hatem Ben Salem\"],\"articleSection\":[\"ECONOMIE\",\"Tunisie\"],\"inLanguage\":\"fr-FR\",\"potentialAction\":[{\"@type\":\"CommentAction\",\"name\":\"Comment\",\"target\":[\"https:\/\/kapitalis.com\/tunisie\/2020\/02\/04\/demarrage-a-hammamet-de-lecole-de-la-physique-des-plasmas-et-de-la-fusion\/#respond\"]}]},{\"@type\":\"WebPage\",\"@id\":\"https:\/\/kapitalis.com\/tunisie\/2020\/02\/04\/demarrage-a-hammamet-de-lecole-de-la-physique-des-plasmas-et-de-la-fusion\/\",\"url\":\"https:\/\/kapitalis.com\/tunisie\/2020\/02\/04\/demarrage-a-hammamet-de-lecole-de-la-physique-des-plasmas-et-de-la-fusion\/\",\"name\":\"D\u00e9marrage \u00e0 Hammamet de l\u2019\u00c9cole de la physique des plasmas et de la fusion - Kapitalis\",\"isPartOf\":{\"@id\":\"https:\/\/kapitalis.com\/tunisie\/#website\"},\"primaryImageOfPage\":{\"@id\":\"https:\/\/kapitalis.com\/tunisie\/2020\/02\/04\/demarrage-a-hammamet-de-lecole-de-la-physique-des-plasmas-et-de-la-fusion\/#primaryimage\"},\"image\":{\"@id\":\"https:\/\/kapitalis.com\/tunisie\/2020\/02\/04\/demarrage-a-hammamet-de-lecole-de-la-physique-des-plasmas-et-de-la-fusion\/#primaryimage\"},\"thumbnailUrl\":\"\",\"datePublished\":\"2020-02-04T16:18:38+00:00\",\"dateModified\":\"2020-02-04T16:19:05+00:00\",\"breadcrumb\":{\"@id\":\"https:\/\/kapitalis.com\/tunisie\/2020\/02\/04\/demarrage-a-hammamet-de-lecole-de-la-physique-des-plasmas-et-de-la-fusion\/#breadcrumb\"},\"inLanguage\":\"fr-FR\",\"potentialAction\":[{\"@type\":\"ReadAction\",\"target\":[\"https:\/\/kapitalis.com\/tunisie\/2020\/02\/04\/demarrage-a-hammamet-de-lecole-de-la-physique-des-plasmas-et-de-la-fusion\/\"]}]},{\"@type\":\"ImageObject\",\"inLanguage\":\"fr-FR\",\"@id\":\"https:\/\/kapitalis.com\/tunisie\/2020\/02\/04\/demarrage-a-hammamet-de-lecole-de-la-physique-des-plasmas-et-de-la-fusion\/#primaryimage\",\"url\":\"\",\"contentUrl\":\"\"},{\"@type\":\"BreadcrumbList\",\"@id\":\"https:\/\/kapitalis.com\/tunisie\/2020\/02\/04\/demarrage-a-hammamet-de-lecole-de-la-physique-des-plasmas-et-de-la-fusion\/#breadcrumb\",\"itemListElement\":[{\"@type\":\"ListItem\",\"position\":1,\"name\":\"Accueil\",\"item\":\"https:\/\/kapitalis.com\/tunisie\/\"},{\"@type\":\"ListItem\",\"position\":2,\"name\":\"D\u00e9marrage \u00e0 Hammamet de l\u2019\u00c9cole de la physique des plasmas et de la fusion\"}]},{\"@type\":\"WebSite\",\"@id\":\"https:\/\/kapitalis.com\/tunisie\/#website\",\"url\":\"https:\/\/kapitalis.com\/tunisie\/\",\"name\":\"Kapitalis\",\"description\":\"L&#039;actualit\u00e9 en Tunisie et dans le monde\",\"publisher\":{\"@id\":\"https:\/\/kapitalis.com\/tunisie\/#organization\"},\"potentialAction\":[{\"@type\":\"SearchAction\",\"target\":{\"@type\":\"EntryPoint\",\"urlTemplate\":\"https:\/\/kapitalis.com\/tunisie\/?s={search_term_string}\"},\"query-input\":{\"@type\":\"PropertyValueSpecification\",\"valueRequired\":true,\"valueName\":\"search_term_string\"}}],\"inLanguage\":\"fr-FR\"},{\"@type\":\"Organization\",\"@id\":\"https:\/\/kapitalis.com\/tunisie\/#organization\",\"name\":\"Kapitalis\",\"url\":\"https:\/\/kapitalis.com\/tunisie\/\",\"logo\":{\"@type\":\"ImageObject\",\"inLanguage\":\"fr-FR\",\"@id\":\"https:\/\/kapitalis.com\/tunisie\/#\/schema\/logo\/image\/\",\"url\":\"https:\/\/kapitalis.com\/tunisie\/wp-content\/uploads\/2022\/05\/Kapitalis-big-size.png\",\"contentUrl\":\"https:\/\/kapitalis.com\/tunisie\/wp-content\/uploads\/2022\/05\/Kapitalis-big-size.png\",\"width\":5000,\"height\":1500,\"caption\":\"Kapitalis\"},\"image\":{\"@id\":\"https:\/\/kapitalis.com\/tunisie\/#\/schema\/logo\/image\/\"},\"sameAs\":[\"https:\/\/www.facebook.com\/KapitalisInfo\/\",\"https:\/\/x.com\/KapitalisInfo\",\"https:\/\/www.youtube.com\/channel\/UC-yDYrHyfFBWWZaOw3FPg9Q\"]},{\"@type\":\"Person\",\"@id\":\"https:\/\/kapitalis.com\/tunisie\/#\/schema\/person\/d71f33a9ca44f7bad4698210b480c8e9\",\"name\":\"webmaster kapitalis\",\"url\":\"https:\/\/kapitalis.com\/tunisie\/author\/webmaster-kapitalis\/\"}]}<\/script>\n<!-- \/ Yoast SEO plugin. -->","yoast_head_json":{"title":"D\u00e9marrage \u00e0 Hammamet de l\u2019\u00c9cole de la physique des plasmas et de la fusion - Kapitalis","robots":{"index":"index","follow":"follow","max-snippet":"max-snippet:-1","max-image-preview":"max-image-preview:large","max-video-preview":"max-video-preview:-1"},"canonical":"https:\/\/kapitalis.com\/tunisie\/2020\/02\/04\/demarrage-a-hammamet-de-lecole-de-la-physique-des-plasmas-et-de-la-fusion\/","og_locale":"fr_FR","og_type":"article","og_title":"D\u00e9marrage \u00e0 Hammamet de l\u2019\u00c9cole de la physique des plasmas et de la fusion - Kapitalis","og_description":"Le minist\u00e8re de l\u2019Enseignement sup\u00e9rieur et de la Recherche scientifique organise, 3-7 f\u00e9vrier 2020, \u00e0 Hammamet, le d\u00e9marrage des travaux de l\u2019\u00c9cole de la physique des plasmas et de la fusion.","og_url":"https:\/\/kapitalis.com\/tunisie\/2020\/02\/04\/demarrage-a-hammamet-de-lecole-de-la-physique-des-plasmas-et-de-la-fusion\/","og_site_name":"Kapitalis","article_publisher":"https:\/\/www.facebook.com\/KapitalisInfo\/","article_published_time":"2020-02-04T16:18:38+00:00","article_modified_time":"2020-02-04T16:19:05+00:00","og_image":[{"width":1200,"height":630,"url":"https:\/\/kapitalis.com\/tunisie\/wp-content\/uploads\/2022\/05\/kapitalis-logo-fb.png","type":"image\/png"}],"author":"webmaster kapitalis","twitter_card":"summary_large_image","twitter_creator":"@KapitalisInfo","twitter_site":"@KapitalisInfo","twitter_misc":{"\u00c9crit par":"webmaster kapitalis","Dur\u00e9e de lecture estim\u00e9e":"3 minutes"},"schema":{"@context":"https:\/\/schema.org","@graph":[{"@type":"Article","@id":"https:\/\/kapitalis.com\/tunisie\/2020\/02\/04\/demarrage-a-hammamet-de-lecole-de-la-physique-des-plasmas-et-de-la-fusion\/#article","isPartOf":{"@id":"https:\/\/kapitalis.com\/tunisie\/2020\/02\/04\/demarrage-a-hammamet-de-lecole-de-la-physique-des-plasmas-et-de-la-fusion\/"},"author":{"name":"webmaster kapitalis","@id":"https:\/\/kapitalis.com\/tunisie\/#\/schema\/person\/d71f33a9ca44f7bad4698210b480c8e9"},"headline":"D\u00e9marrage \u00e0 Hammamet de l\u2019\u00c9cole de la physique des plasmas et de la fusion","datePublished":"2020-02-04T16:18:38+00:00","dateModified":"2020-02-04T16:19:05+00:00","mainEntityOfPage":{"@id":"https:\/\/kapitalis.com\/tunisie\/2020\/02\/04\/demarrage-a-hammamet-de-lecole-de-la-physique-des-plasmas-et-de-la-fusion\/"},"wordCount":536,"commentCount":2,"publisher":{"@id":"https:\/\/kapitalis.com\/tunisie\/#organization"},"image":{"@id":"https:\/\/kapitalis.com\/tunisie\/2020\/02\/04\/demarrage-a-hammamet-de-lecole-de-la-physique-des-plasmas-et-de-la-fusion\/#primaryimage"},"thumbnailUrl":"","keywords":["Hammamet","Hatem Ben Salem"],"articleSection":["ECONOMIE","Tunisie"],"inLanguage":"fr-FR","potentialAction":[{"@type":"CommentAction","name":"Comment","target":["https:\/\/kapitalis.com\/tunisie\/2020\/02\/04\/demarrage-a-hammamet-de-lecole-de-la-physique-des-plasmas-et-de-la-fusion\/#respond"]}]},{"@type":"WebPage","@id":"https:\/\/kapitalis.com\/tunisie\/2020\/02\/04\/demarrage-a-hammamet-de-lecole-de-la-physique-des-plasmas-et-de-la-fusion\/","url":"https:\/\/kapitalis.com\/tunisie\/2020\/02\/04\/demarrage-a-hammamet-de-lecole-de-la-physique-des-plasmas-et-de-la-fusion\/","name":"D\u00e9marrage \u00e0 Hammamet de l\u2019\u00c9cole de la physique des plasmas et de la fusion - Kapitalis","isPartOf":{"@id":"https:\/\/kapitalis.com\/tunisie\/#website"},"primaryImageOfPage":{"@id":"https:\/\/kapitalis.com\/tunisie\/2020\/02\/04\/demarrage-a-hammamet-de-lecole-de-la-physique-des-plasmas-et-de-la-fusion\/#primaryimage"},"image":{"@id":"https:\/\/kapitalis.com\/tunisie\/2020\/02\/04\/demarrage-a-hammamet-de-lecole-de-la-physique-des-plasmas-et-de-la-fusion\/#primaryimage"},"thumbnailUrl":"","datePublished":"2020-02-04T16:18:38+00:00","dateModified":"2020-02-04T16:19:05+00:00","breadcrumb":{"@id":"https:\/\/kapitalis.com\/tunisie\/2020\/02\/04\/demarrage-a-hammamet-de-lecole-de-la-physique-des-plasmas-et-de-la-fusion\/#breadcrumb"},"inLanguage":"fr-FR","potentialAction":[{"@type":"ReadAction","target":["https:\/\/kapitalis.com\/tunisie\/2020\/02\/04\/demarrage-a-hammamet-de-lecole-de-la-physique-des-plasmas-et-de-la-fusion\/"]}]},{"@type":"ImageObject","inLanguage":"fr-FR","@id":"https:\/\/kapitalis.com\/tunisie\/2020\/02\/04\/demarrage-a-hammamet-de-lecole-de-la-physique-des-plasmas-et-de-la-fusion\/#primaryimage","url":"","contentUrl":""},{"@type":"BreadcrumbList","@id":"https:\/\/kapitalis.com\/tunisie\/2020\/02\/04\/demarrage-a-hammamet-de-lecole-de-la-physique-des-plasmas-et-de-la-fusion\/#breadcrumb","itemListElement":[{"@type":"ListItem","position":1,"name":"Accueil","item":"https:\/\/kapitalis.com\/tunisie\/"},{"@type":"ListItem","position":2,"name":"D\u00e9marrage \u00e0 Hammamet de l\u2019\u00c9cole de la physique des plasmas et de la fusion"}]},{"@type":"WebSite","@id":"https:\/\/kapitalis.com\/tunisie\/#website","url":"https:\/\/kapitalis.com\/tunisie\/","name":"Kapitalis","description":"L&#039;actualit\u00e9 en Tunisie et dans le monde","publisher":{"@id":"https:\/\/kapitalis.com\/tunisie\/#organization"},"potentialAction":[{"@type":"SearchAction","target":{"@type":"EntryPoint","urlTemplate":"https:\/\/kapitalis.com\/tunisie\/?s={search_term_string}"},"query-input":{"@type":"PropertyValueSpecification","valueRequired":true,"valueName":"search_term_string"}}],"inLanguage":"fr-FR"},{"@type":"Organization","@id":"https:\/\/kapitalis.com\/tunisie\/#organization","name":"Kapitalis","url":"https:\/\/kapitalis.com\/tunisie\/","logo":{"@type":"ImageObject","inLanguage":"fr-FR","@id":"https:\/\/kapitalis.com\/tunisie\/#\/schema\/logo\/image\/","url":"https:\/\/kapitalis.com\/tunisie\/wp-content\/uploads\/2022\/05\/Kapitalis-big-size.png","contentUrl":"https:\/\/kapitalis.com\/tunisie\/wp-content\/uploads\/2022\/05\/Kapitalis-big-size.png","width":5000,"height":1500,"caption":"Kapitalis"},"image":{"@id":"https:\/\/kapitalis.com\/tunisie\/#\/schema\/logo\/image\/"},"sameAs":["https:\/\/www.facebook.com\/KapitalisInfo\/","https:\/\/x.com\/KapitalisInfo","https:\/\/www.youtube.com\/channel\/UC-yDYrHyfFBWWZaOw3FPg9Q"]},{"@type":"Person","@id":"https:\/\/kapitalis.com\/tunisie\/#\/schema\/person\/d71f33a9ca44f7bad4698210b480c8e9","name":"webmaster kapitalis","url":"https:\/\/kapitalis.com\/tunisie\/author\/webmaster-kapitalis\/"}]}},"_links":{"self":[{"href":"https:\/\/kapitalis.com\/tunisie\/wp-json\/wp\/v2\/posts\/278755","targetHints":{"allow":["GET"]}}],"collection":[{"href":"https:\/\/kapitalis.com\/tunisie\/wp-json\/wp\/v2\/posts"}],"about":[{"href":"https:\/\/kapitalis.com\/tunisie\/wp-json\/wp\/v2\/types\/post"}],"author":[{"embeddable":true,"href":"https:\/\/kapitalis.com\/tunisie\/wp-json\/wp\/v2\/users\/8"}],"replies":[{"embeddable":true,"href":"https:\/\/kapitalis.com\/tunisie\/wp-json\/wp\/v2\/comments?post=278755"}],"version-history":[{"count":0,"href":"https:\/\/kapitalis.com\/tunisie\/wp-json\/wp\/v2\/posts\/278755\/revisions"}],"wp:featuredmedia":[{"embeddable":true,"href":"https:\/\/kapitalis.com\/tunisie\/wp-json\/wp\/v2\/media\/278759"}],"wp:attachment":[{"href":"https:\/\/kapitalis.com\/tunisie\/wp-json\/wp\/v2\/media?parent=278755"}],"wp:term":[{"taxonomy":"category","embeddable":true,"href":"https:\/\/kapitalis.com\/tunisie\/wp-json\/wp\/v2\/categories?post=278755"},{"taxonomy":"post_tag","embeddable":true,"href":"https:\/\/kapitalis.com\/tunisie\/wp-json\/wp\/v2\/tags?post=278755"}],"curies":[{"name":"wp","href":"https:\/\/api.w.org\/{rel}","templated":true}]}}