{"id":278774,"date":"2020-02-04T18:25:30","date_gmt":"2020-02-04T17:25:30","guid":{"rendered":"http:\/\/kapitalis.com\/tunisie\/?p=278774"},"modified":"2020-02-05T07:26:37","modified_gmt":"2020-02-05T06:26:37","slug":"inauguration-de-la-nouvelle-prison-civile-a-oudhna-photos","status":"publish","type":"post","link":"https:\/\/kapitalis.com\/tunisie\/2020\/02\/04\/inauguration-de-la-nouvelle-prison-civile-a-oudhna-photos\/","title":{"rendered":"Inauguration de la nouvelle prison civile \u00e0 Oudhna (Photos)"},"content":{"rendered":"\n<figure class=\"wp-block-image size-large\"><img decoding=\"async\" src=\"http:\/\/kapitalis.com\/tunisie\/wp-content\/uploads\/2020\/02\/Prison-oudhna-Tunisie-BA.jpg\" alt=\"\" class=\"wp-image-278781\"\/><\/figure>\n\n\n\n<p><strong><em>La nouvelle prison civile de Oudhna a \u00e9t\u00e9 inaugur\u00e9e aujourd\u2019hui, mardi 4 f\u00e9vrier 2020. Elle est d\u00e9sormais op\u00e9rationnelle, offrant une capacit\u00e9 d&rsquo;accueil estim\u00e9e \u00e0 500 lits, selon Karim Jamoussi, ministre de la Justice et de la D\u00e9fense par int\u00e9rim.<\/em><\/strong><\/p>\n\n\n\n<!--more-->\n\n\n\n<p>La prison d&rsquo;Oudhna va contribuer \u00e0 r\u00e9soudre le probl\u00e8me de la surpopulation carc\u00e9rale dans certains \u00e9tablissements p\u00e9nitentiaires, indique un communiqu\u00e9 du minist\u00e8re de la Justice, en ajoutant que la prison compte plusieurs espaces de formation dans diff\u00e9rentes sp\u00e9cialit\u00e9s, notamment en forgerie, menuiserie, coiffure et agriculture, ainsi que des espaces pour pratiquer du sport, tel un terrain de foot et de hand, ou encore une biblioth\u00e8que am\u00e9nag\u00e9e, ainsi qu&rsquo;un centre de sant\u00e9.<\/p>\n\n\n\n<figure class=\"wp-block-gallery columns-2 is-cropped wp-block-gallery-1 is-layout-flex wp-block-gallery-is-layout-flex\"><ul class=\"blocks-gallery-grid\"><li class=\"blocks-gallery-item\"><figure><img decoding=\"async\" src=\"http:\/\/kapitalis.com\/tunisie\/wp-content\/uploads\/2020\/02\/PO-terrain-1024x683.jpg\" alt=\"\" data-id=\"278782\" data-full-url=\"http:\/\/kapitalis.com\/tunisie\/wp-content\/uploads\/2020\/02\/PO-terrain.jpg\" data-link=\"http:\/\/kapitalis.com\/tunisie\/?attachment_id=278782\" class=\"wp-image-278782\"\/><\/figure><\/li><li class=\"blocks-gallery-item\"><figure><img decoding=\"async\" src=\"http:\/\/kapitalis.com\/tunisie\/wp-content\/uploads\/2020\/02\/PO-sant\u00e9-1024x683.jpg\" alt=\"\" data-id=\"278783\" data-full-url=\"http:\/\/kapitalis.com\/tunisie\/wp-content\/uploads\/2020\/02\/PO-sant\u00e9.jpg\" data-link=\"http:\/\/kapitalis.com\/tunisie\/?attachment_id=278783\" class=\"wp-image-278783\"\/><\/figure><\/li><li class=\"blocks-gallery-item\"><figure><img decoding=\"async\" src=\"http:\/\/kapitalis.com\/tunisie\/wp-content\/uploads\/2020\/02\/PO-cellule.jpg\" alt=\"\" data-id=\"278784\" data-full-url=\"http:\/\/kapitalis.com\/tunisie\/wp-content\/uploads\/2020\/02\/PO-cellule.jpg\" data-link=\"http:\/\/kapitalis.com\/tunisie\/?attachment_id=278784\" class=\"wp-image-278784\"\/><\/figure><\/li><li class=\"blocks-gallery-item\"><figure><img decoding=\"async\" src=\"http:\/\/kapitalis.com\/tunisie\/wp-content\/uploads\/2020\/02\/PO5-1024x683.jpg\" alt=\"\" data-id=\"278785\" data-full-url=\"http:\/\/kapitalis.com\/tunisie\/wp-content\/uploads\/2020\/02\/PO5.jpg\" data-link=\"http:\/\/kapitalis.com\/tunisie\/?attachment_id=278785\" class=\"wp-image-278785\"\/><\/figure><\/li><li class=\"blocks-gallery-item\"><figure><img decoding=\"async\" src=\"http:\/\/kapitalis.com\/tunisie\/wp-content\/uploads\/2020\/02\/PO4-1024x683.jpg\" alt=\"\" data-id=\"278786\" data-full-url=\"http:\/\/kapitalis.com\/tunisie\/wp-content\/uploads\/2020\/02\/PO4.jpg\" data-link=\"http:\/\/kapitalis.com\/tunisie\/?attachment_id=278786\" class=\"wp-image-278786\"\/><\/figure><\/li><li class=\"blocks-gallery-item\"><figure><img decoding=\"async\" src=\"http:\/\/kapitalis.com\/tunisie\/wp-content\/uploads\/2020\/02\/PO3-1024x683.jpg\" alt=\"\" data-id=\"278787\" data-full-url=\"http:\/\/kapitalis.com\/tunisie\/wp-content\/uploads\/2020\/02\/PO3.jpg\" data-link=\"http:\/\/kapitalis.com\/tunisie\/?attachment_id=278787\" class=\"wp-image-278787\"\/><\/figure><\/li><\/ul><\/figure>\n\n\n\n<p>\u00ab<em>Cette nouvelle prison vient concr\u00e9tiser les grandes orientations de la politique p\u00e9nale du pays visant une meilleure r\u00e9insertion des d\u00e9tenus et leur r\u00e9habilitation dans la soci\u00e9t\u00e9 en tant que citoyens actifs apr\u00e8s avoir purg\u00e9 leurs peines<\/em>\u00bb, pr\u00e9cise encore le minist\u00e8re de la Justice, en assurant que des projets d&rsquo;am\u00e9lioration de l&rsquo;infrastructure sont en cours dans d&rsquo;autres d&rsquo;unit\u00e9s carc\u00e9rales afin d&rsquo;am\u00e9liorer les conditions de d\u00e9tention des prisonniers.<\/p>\n\n\n\n<p>Notons qu&rsquo;apr\u00e8s l&rsquo;inauguration de la nouvelle prison, le ministre a visit\u00e9 les diff\u00e9rents espaces, en compagnie du gouverneur de Ben Arous, ainsi que du directeur g\u00e9n\u00e9ral des prisons et de la r\u00e9\u00e9ducation et des cadres de ce d\u00e9partement.<\/p>\n\n\n\n<p class=\"has-text-align-right\"><strong>Y. N.<\/strong><\/p>\n\n\n\n<figure class=\"wp-block-embed-wordpress wp-block-embed is-type-wp-embed is-provider-kapitalis\"><div class=\"wp-block-embed__wrapper\">\n<blockquote class=\"wp-embedded-content\" data-secret=\"Ww6Zj9W6u8\"><a href=\"https:\/\/kapitalis.com\/tunisie\/2019\/11\/20\/tunisie-deux-nouvelles-prisons-ouvrent-leurs-postes-a-oudhna-et-belli\/\">Tunisie : Deux nouvelles prisons ouvrent leurs portes, \u00e0 Oudhna et Belli<\/a><\/blockquote><iframe loading=\"lazy\" class=\"wp-embedded-content\" sandbox=\"allow-scripts\" security=\"restricted\" style=\"position: absolute; clip: rect(1px, 1px, 1px, 1px);\" title=\"\u00ab\u00a0Tunisie : Deux nouvelles prisons ouvrent leurs portes, \u00e0 Oudhna et Belli\u00a0\u00bb &#8212; Kapitalis\" src=\"https:\/\/kapitalis.com\/tunisie\/2019\/11\/20\/tunisie-deux-nouvelles-prisons-ouvrent-leurs-postes-a-oudhna-et-belli\/embed\/#?secret=7E4o1hp1tm#?secret=Ww6Zj9W6u8\" data-secret=\"Ww6Zj9W6u8\" width=\"600\" height=\"338\" frameborder=\"0\" marginwidth=\"0\" marginheight=\"0\" scrolling=\"no\"><\/iframe>\n<\/div><\/figure>\n","protected":false},"excerpt":{"rendered":"<p>La nouvelle prison civile de Oudhna a \u00e9t\u00e9 inaugur\u00e9e aujourd\u2019hui, mardi 4 f\u00e9vrier 2020. Elle est d\u00e9sormais op\u00e9rationnelle, offrant une capacit\u00e9 d&rsquo;accueil estim\u00e9e \u00e0 500 lits, selon Karim Jamoussi, ministre de la Justice et de la D\u00e9fense par int\u00e9rim.<\/p>\n","protected":false},"author":6,"featured_media":278781,"comment_status":"open","ping_status":"open","sticky":false,"template":"","format":"standard","meta":{"footnotes":""},"categories":[998,2433],"tags":[141,4406,44287,25596,6566,62643],"class_list":["post-278774","post","type-post","status-publish","format-standard","has-post-thumbnail","hentry","category-societe","category-tunisie","tag-ben-arous","tag-detenus","tag-karim-jamoussi","tag-prison-civile","tag-prisonniers","tag-tunisie"],"yoast_head":"<!-- This site is optimized with the Yoast SEO plugin v26.6 - https:\/\/yoast.com\/wordpress\/plugins\/seo\/ -->\n<title>Inauguration de la nouvelle prison civile \u00e0 Oudhna (Photos) - Kapitalis<\/title>\n<meta name=\"robots\" content=\"index, follow, max-snippet:-1, max-image-preview:large, max-video-preview:-1\" \/>\n<link rel=\"canonical\" href=\"https:\/\/kapitalis.com\/tunisie\/2020\/02\/04\/inauguration-de-la-nouvelle-prison-civile-a-oudhna-photos\/\" \/>\n<meta property=\"og:locale\" content=\"fr_FR\" \/>\n<meta property=\"og:type\" content=\"article\" \/>\n<meta property=\"og:title\" content=\"Inauguration de la nouvelle prison civile \u00e0 Oudhna (Photos) - Kapitalis\" \/>\n<meta property=\"og:description\" content=\"La nouvelle prison civile de Oudhna a \u00e9t\u00e9 inaugur\u00e9e aujourd\u2019hui, mardi 4 f\u00e9vrier 2020. Elle est d\u00e9sormais op\u00e9rationnelle, offrant une capacit\u00e9 d&rsquo;accueil estim\u00e9e \u00e0 500 lits, selon Karim Jamoussi, ministre de la Justice et de la D\u00e9fense par int\u00e9rim.\" \/>\n<meta property=\"og:url\" content=\"https:\/\/kapitalis.com\/tunisie\/2020\/02\/04\/inauguration-de-la-nouvelle-prison-civile-a-oudhna-photos\/\" \/>\n<meta property=\"og:site_name\" content=\"Kapitalis\" \/>\n<meta property=\"article:publisher\" content=\"https:\/\/www.facebook.com\/KapitalisInfo\/\" \/>\n<meta property=\"article:published_time\" content=\"2020-02-04T17:25:30+00:00\" \/>\n<meta property=\"article:modified_time\" content=\"2020-02-05T06:26:37+00:00\" \/>\n<meta property=\"og:image\" content=\"https:\/\/kapitalis.com\/tunisie\/wp-content\/uploads\/2022\/05\/kapitalis-logo-fb.png\" \/>\n\t<meta property=\"og:image:width\" content=\"1200\" \/>\n\t<meta property=\"og:image:height\" content=\"630\" \/>\n\t<meta property=\"og:image:type\" content=\"image\/png\" \/>\n<meta name=\"author\" content=\"Yusra NY\" \/>\n<meta name=\"twitter:card\" content=\"summary_large_image\" \/>\n<meta name=\"twitter:creator\" content=\"@KapitalisInfo\" \/>\n<meta name=\"twitter:site\" content=\"@KapitalisInfo\" \/>\n<meta name=\"twitter:label1\" content=\"\u00c9crit par\" \/>\n\t<meta name=\"twitter:data1\" content=\"Yusra NY\" \/>\n\t<meta name=\"twitter:label2\" content=\"Dur\u00e9e de lecture estim\u00e9e\" \/>\n\t<meta name=\"twitter:data2\" content=\"1 minute\" \/>\n<script type=\"application\/ld+json\" class=\"yoast-schema-graph\">{\"@context\":\"https:\/\/schema.org\",\"@graph\":[{\"@type\":\"Article\",\"@id\":\"https:\/\/kapitalis.com\/tunisie\/2020\/02\/04\/inauguration-de-la-nouvelle-prison-civile-a-oudhna-photos\/#article\",\"isPartOf\":{\"@id\":\"https:\/\/kapitalis.com\/tunisie\/2020\/02\/04\/inauguration-de-la-nouvelle-prison-civile-a-oudhna-photos\/\"},\"author\":{\"name\":\"Yusra NY\",\"@id\":\"https:\/\/kapitalis.com\/tunisie\/#\/schema\/person\/74bbde0154d49d790a92aaeac5bc01d5\"},\"headline\":\"Inauguration de la nouvelle prison civile \u00e0 Oudhna (Photos)\",\"datePublished\":\"2020-02-04T17:25:30+00:00\",\"dateModified\":\"2020-02-05T06:26:37+00:00\",\"mainEntityOfPage\":{\"@id\":\"https:\/\/kapitalis.com\/tunisie\/2020\/02\/04\/inauguration-de-la-nouvelle-prison-civile-a-oudhna-photos\/\"},\"wordCount\":263,\"commentCount\":2,\"publisher\":{\"@id\":\"https:\/\/kapitalis.com\/tunisie\/#organization\"},\"image\":{\"@id\":\"https:\/\/kapitalis.com\/tunisie\/2020\/02\/04\/inauguration-de-la-nouvelle-prison-civile-a-oudhna-photos\/#primaryimage\"},\"thumbnailUrl\":\"\",\"keywords\":[\"Ben Arous\",\"d\u00e9tenus\",\"Karim Jamoussi\",\"prison civile\",\"prisonniers\",\"Tunisie\"],\"articleSection\":[\"SOCIETE\",\"Tunisie\"],\"inLanguage\":\"fr-FR\",\"potentialAction\":[{\"@type\":\"CommentAction\",\"name\":\"Comment\",\"target\":[\"https:\/\/kapitalis.com\/tunisie\/2020\/02\/04\/inauguration-de-la-nouvelle-prison-civile-a-oudhna-photos\/#respond\"]}]},{\"@type\":\"WebPage\",\"@id\":\"https:\/\/kapitalis.com\/tunisie\/2020\/02\/04\/inauguration-de-la-nouvelle-prison-civile-a-oudhna-photos\/\",\"url\":\"https:\/\/kapitalis.com\/tunisie\/2020\/02\/04\/inauguration-de-la-nouvelle-prison-civile-a-oudhna-photos\/\",\"name\":\"Inauguration de la nouvelle prison civile \u00e0 Oudhna (Photos) - Kapitalis\",\"isPartOf\":{\"@id\":\"https:\/\/kapitalis.com\/tunisie\/#website\"},\"primaryImageOfPage\":{\"@id\":\"https:\/\/kapitalis.com\/tunisie\/2020\/02\/04\/inauguration-de-la-nouvelle-prison-civile-a-oudhna-photos\/#primaryimage\"},\"image\":{\"@id\":\"https:\/\/kapitalis.com\/tunisie\/2020\/02\/04\/inauguration-de-la-nouvelle-prison-civile-a-oudhna-photos\/#primaryimage\"},\"thumbnailUrl\":\"\",\"datePublished\":\"2020-02-04T17:25:30+00:00\",\"dateModified\":\"2020-02-05T06:26:37+00:00\",\"breadcrumb\":{\"@id\":\"https:\/\/kapitalis.com\/tunisie\/2020\/02\/04\/inauguration-de-la-nouvelle-prison-civile-a-oudhna-photos\/#breadcrumb\"},\"inLanguage\":\"fr-FR\",\"potentialAction\":[{\"@type\":\"ReadAction\",\"target\":[\"https:\/\/kapitalis.com\/tunisie\/2020\/02\/04\/inauguration-de-la-nouvelle-prison-civile-a-oudhna-photos\/\"]}]},{\"@type\":\"ImageObject\",\"inLanguage\":\"fr-FR\",\"@id\":\"https:\/\/kapitalis.com\/tunisie\/2020\/02\/04\/inauguration-de-la-nouvelle-prison-civile-a-oudhna-photos\/#primaryimage\",\"url\":\"\",\"contentUrl\":\"\"},{\"@type\":\"BreadcrumbList\",\"@id\":\"https:\/\/kapitalis.com\/tunisie\/2020\/02\/04\/inauguration-de-la-nouvelle-prison-civile-a-oudhna-photos\/#breadcrumb\",\"itemListElement\":[{\"@type\":\"ListItem\",\"position\":1,\"name\":\"Accueil\",\"item\":\"https:\/\/kapitalis.com\/tunisie\/\"},{\"@type\":\"ListItem\",\"position\":2,\"name\":\"Inauguration de la nouvelle prison civile \u00e0 Oudhna (Photos)\"}]},{\"@type\":\"WebSite\",\"@id\":\"https:\/\/kapitalis.com\/tunisie\/#website\",\"url\":\"https:\/\/kapitalis.com\/tunisie\/\",\"name\":\"Kapitalis\",\"description\":\"L&#039;actualit\u00e9 en Tunisie et dans le monde\",\"publisher\":{\"@id\":\"https:\/\/kapitalis.com\/tunisie\/#organization\"},\"potentialAction\":[{\"@type\":\"SearchAction\",\"target\":{\"@type\":\"EntryPoint\",\"urlTemplate\":\"https:\/\/kapitalis.com\/tunisie\/?s={search_term_string}\"},\"query-input\":{\"@type\":\"PropertyValueSpecification\",\"valueRequired\":true,\"valueName\":\"search_term_string\"}}],\"inLanguage\":\"fr-FR\"},{\"@type\":\"Organization\",\"@id\":\"https:\/\/kapitalis.com\/tunisie\/#organization\",\"name\":\"Kapitalis\",\"url\":\"https:\/\/kapitalis.com\/tunisie\/\",\"logo\":{\"@type\":\"ImageObject\",\"inLanguage\":\"fr-FR\",\"@id\":\"https:\/\/kapitalis.com\/tunisie\/#\/schema\/logo\/image\/\",\"url\":\"https:\/\/kapitalis.com\/tunisie\/wp-content\/uploads\/2022\/05\/Kapitalis-big-size.png\",\"contentUrl\":\"https:\/\/kapitalis.com\/tunisie\/wp-content\/uploads\/2022\/05\/Kapitalis-big-size.png\",\"width\":5000,\"height\":1500,\"caption\":\"Kapitalis\"},\"image\":{\"@id\":\"https:\/\/kapitalis.com\/tunisie\/#\/schema\/logo\/image\/\"},\"sameAs\":[\"https:\/\/www.facebook.com\/KapitalisInfo\/\",\"https:\/\/x.com\/KapitalisInfo\",\"https:\/\/www.youtube.com\/channel\/UC-yDYrHyfFBWWZaOw3FPg9Q\"]},{\"@type\":\"Person\",\"@id\":\"https:\/\/kapitalis.com\/tunisie\/#\/schema\/person\/74bbde0154d49d790a92aaeac5bc01d5\",\"name\":\"Yusra NY\",\"url\":\"https:\/\/kapitalis.com\/tunisie\/author\/yuza_adam\/\"}]}<\/script>\n<!-- \/ Yoast SEO plugin. -->","yoast_head_json":{"title":"Inauguration de la nouvelle prison civile \u00e0 Oudhna (Photos) - Kapitalis","robots":{"index":"index","follow":"follow","max-snippet":"max-snippet:-1","max-image-preview":"max-image-preview:large","max-video-preview":"max-video-preview:-1"},"canonical":"https:\/\/kapitalis.com\/tunisie\/2020\/02\/04\/inauguration-de-la-nouvelle-prison-civile-a-oudhna-photos\/","og_locale":"fr_FR","og_type":"article","og_title":"Inauguration de la nouvelle prison civile \u00e0 Oudhna (Photos) - Kapitalis","og_description":"La nouvelle prison civile de Oudhna a \u00e9t\u00e9 inaugur\u00e9e aujourd\u2019hui, mardi 4 f\u00e9vrier 2020. Elle est d\u00e9sormais op\u00e9rationnelle, offrant une capacit\u00e9 d&rsquo;accueil estim\u00e9e \u00e0 500 lits, selon Karim Jamoussi, ministre de la Justice et de la D\u00e9fense par int\u00e9rim.","og_url":"https:\/\/kapitalis.com\/tunisie\/2020\/02\/04\/inauguration-de-la-nouvelle-prison-civile-a-oudhna-photos\/","og_site_name":"Kapitalis","article_publisher":"https:\/\/www.facebook.com\/KapitalisInfo\/","article_published_time":"2020-02-04T17:25:30+00:00","article_modified_time":"2020-02-05T06:26:37+00:00","og_image":[{"width":1200,"height":630,"url":"https:\/\/kapitalis.com\/tunisie\/wp-content\/uploads\/2022\/05\/kapitalis-logo-fb.png","type":"image\/png"}],"author":"Yusra NY","twitter_card":"summary_large_image","twitter_creator":"@KapitalisInfo","twitter_site":"@KapitalisInfo","twitter_misc":{"\u00c9crit par":"Yusra NY","Dur\u00e9e de lecture estim\u00e9e":"1 minute"},"schema":{"@context":"https:\/\/schema.org","@graph":[{"@type":"Article","@id":"https:\/\/kapitalis.com\/tunisie\/2020\/02\/04\/inauguration-de-la-nouvelle-prison-civile-a-oudhna-photos\/#article","isPartOf":{"@id":"https:\/\/kapitalis.com\/tunisie\/2020\/02\/04\/inauguration-de-la-nouvelle-prison-civile-a-oudhna-photos\/"},"author":{"name":"Yusra NY","@id":"https:\/\/kapitalis.com\/tunisie\/#\/schema\/person\/74bbde0154d49d790a92aaeac5bc01d5"},"headline":"Inauguration de la nouvelle prison civile \u00e0 Oudhna (Photos)","datePublished":"2020-02-04T17:25:30+00:00","dateModified":"2020-02-05T06:26:37+00:00","mainEntityOfPage":{"@id":"https:\/\/kapitalis.com\/tunisie\/2020\/02\/04\/inauguration-de-la-nouvelle-prison-civile-a-oudhna-photos\/"},"wordCount":263,"commentCount":2,"publisher":{"@id":"https:\/\/kapitalis.com\/tunisie\/#organization"},"image":{"@id":"https:\/\/kapitalis.com\/tunisie\/2020\/02\/04\/inauguration-de-la-nouvelle-prison-civile-a-oudhna-photos\/#primaryimage"},"thumbnailUrl":"","keywords":["Ben Arous","d\u00e9tenus","Karim Jamoussi","prison civile","prisonniers","Tunisie"],"articleSection":["SOCIETE","Tunisie"],"inLanguage":"fr-FR","potentialAction":[{"@type":"CommentAction","name":"Comment","target":["https:\/\/kapitalis.com\/tunisie\/2020\/02\/04\/inauguration-de-la-nouvelle-prison-civile-a-oudhna-photos\/#respond"]}]},{"@type":"WebPage","@id":"https:\/\/kapitalis.com\/tunisie\/2020\/02\/04\/inauguration-de-la-nouvelle-prison-civile-a-oudhna-photos\/","url":"https:\/\/kapitalis.com\/tunisie\/2020\/02\/04\/inauguration-de-la-nouvelle-prison-civile-a-oudhna-photos\/","name":"Inauguration de la nouvelle prison civile \u00e0 Oudhna (Photos) - Kapitalis","isPartOf":{"@id":"https:\/\/kapitalis.com\/tunisie\/#website"},"primaryImageOfPage":{"@id":"https:\/\/kapitalis.com\/tunisie\/2020\/02\/04\/inauguration-de-la-nouvelle-prison-civile-a-oudhna-photos\/#primaryimage"},"image":{"@id":"https:\/\/kapitalis.com\/tunisie\/2020\/02\/04\/inauguration-de-la-nouvelle-prison-civile-a-oudhna-photos\/#primaryimage"},"thumbnailUrl":"","datePublished":"2020-02-04T17:25:30+00:00","dateModified":"2020-02-05T06:26:37+00:00","breadcrumb":{"@id":"https:\/\/kapitalis.com\/tunisie\/2020\/02\/04\/inauguration-de-la-nouvelle-prison-civile-a-oudhna-photos\/#breadcrumb"},"inLanguage":"fr-FR","potentialAction":[{"@type":"ReadAction","target":["https:\/\/kapitalis.com\/tunisie\/2020\/02\/04\/inauguration-de-la-nouvelle-prison-civile-a-oudhna-photos\/"]}]},{"@type":"ImageObject","inLanguage":"fr-FR","@id":"https:\/\/kapitalis.com\/tunisie\/2020\/02\/04\/inauguration-de-la-nouvelle-prison-civile-a-oudhna-photos\/#primaryimage","url":"","contentUrl":""},{"@type":"BreadcrumbList","@id":"https:\/\/kapitalis.com\/tunisie\/2020\/02\/04\/inauguration-de-la-nouvelle-prison-civile-a-oudhna-photos\/#breadcrumb","itemListElement":[{"@type":"ListItem","position":1,"name":"Accueil","item":"https:\/\/kapitalis.com\/tunisie\/"},{"@type":"ListItem","position":2,"name":"Inauguration de la nouvelle prison civile \u00e0 Oudhna (Photos)"}]},{"@type":"WebSite","@id":"https:\/\/kapitalis.com\/tunisie\/#website","url":"https:\/\/kapitalis.com\/tunisie\/","name":"Kapitalis","description":"L&#039;actualit\u00e9 en Tunisie et dans le monde","publisher":{"@id":"https:\/\/kapitalis.com\/tunisie\/#organization"},"potentialAction":[{"@type":"SearchAction","target":{"@type":"EntryPoint","urlTemplate":"https:\/\/kapitalis.com\/tunisie\/?s={search_term_string}"},"query-input":{"@type":"PropertyValueSpecification","valueRequired":true,"valueName":"search_term_string"}}],"inLanguage":"fr-FR"},{"@type":"Organization","@id":"https:\/\/kapitalis.com\/tunisie\/#organization","name":"Kapitalis","url":"https:\/\/kapitalis.com\/tunisie\/","logo":{"@type":"ImageObject","inLanguage":"fr-FR","@id":"https:\/\/kapitalis.com\/tunisie\/#\/schema\/logo\/image\/","url":"https:\/\/kapitalis.com\/tunisie\/wp-content\/uploads\/2022\/05\/Kapitalis-big-size.png","contentUrl":"https:\/\/kapitalis.com\/tunisie\/wp-content\/uploads\/2022\/05\/Kapitalis-big-size.png","width":5000,"height":1500,"caption":"Kapitalis"},"image":{"@id":"https:\/\/kapitalis.com\/tunisie\/#\/schema\/logo\/image\/"},"sameAs":["https:\/\/www.facebook.com\/KapitalisInfo\/","https:\/\/x.com\/KapitalisInfo","https:\/\/www.youtube.com\/channel\/UC-yDYrHyfFBWWZaOw3FPg9Q"]},{"@type":"Person","@id":"https:\/\/kapitalis.com\/tunisie\/#\/schema\/person\/74bbde0154d49d790a92aaeac5bc01d5","name":"Yusra NY","url":"https:\/\/kapitalis.com\/tunisie\/author\/yuza_adam\/"}]}},"_links":{"self":[{"href":"https:\/\/kapitalis.com\/tunisie\/wp-json\/wp\/v2\/posts\/278774","targetHints":{"allow":["GET"]}}],"collection":[{"href":"https:\/\/kapitalis.com\/tunisie\/wp-json\/wp\/v2\/posts"}],"about":[{"href":"https:\/\/kapitalis.com\/tunisie\/wp-json\/wp\/v2\/types\/post"}],"author":[{"embeddable":true,"href":"https:\/\/kapitalis.com\/tunisie\/wp-json\/wp\/v2\/users\/6"}],"replies":[{"embeddable":true,"href":"https:\/\/kapitalis.com\/tunisie\/wp-json\/wp\/v2\/comments?post=278774"}],"version-history":[{"count":0,"href":"https:\/\/kapitalis.com\/tunisie\/wp-json\/wp\/v2\/posts\/278774\/revisions"}],"wp:featuredmedia":[{"embeddable":true,"href":"https:\/\/kapitalis.com\/tunisie\/wp-json\/wp\/v2\/media\/278781"}],"wp:attachment":[{"href":"https:\/\/kapitalis.com\/tunisie\/wp-json\/wp\/v2\/media?parent=278774"}],"wp:term":[{"taxonomy":"category","embeddable":true,"href":"https:\/\/kapitalis.com\/tunisie\/wp-json\/wp\/v2\/categories?post=278774"},{"taxonomy":"post_tag","embeddable":true,"href":"https:\/\/kapitalis.com\/tunisie\/wp-json\/wp\/v2\/tags?post=278774"}],"curies":[{"name":"wp","href":"https:\/\/api.w.org\/{rel}","templated":true}]}}