{"id":279076,"date":"2020-02-05T16:52:09","date_gmt":"2020-02-05T15:52:09","guid":{"rendered":"http:\/\/kapitalis.com\/tunisie\/?p=279076"},"modified":"2020-02-05T18:00:25","modified_gmt":"2020-02-05T17:00:25","slug":"lamt-deplore-la-degradation-de-letat-des-infrastructures-des-tribunaux","status":"publish","type":"post","link":"https:\/\/kapitalis.com\/tunisie\/2020\/02\/05\/lamt-deplore-la-degradation-de-letat-des-infrastructures-des-tribunaux\/","title":{"rendered":"L&rsquo;AMT d\u00e9plore la d\u00e9gradation de l&rsquo;\u00e9tat des infrastructures des tribunaux"},"content":{"rendered":"\n<figure class=\"wp-block-image size-large\"><img decoding=\"async\" src=\"http:\/\/kapitalis.com\/tunisie\/wp-content\/uploads\/2019\/09\/AMT.jpg\" alt=\"\" class=\"wp-image-243686\"\/><\/figure>\n\n\n\n<p><strong><em>Alors que les voix ne cessent de s&rsquo;\u00e9lever pour d\u00e9plorer la lenteur de la justice tunisienne, son manque d&rsquo;efficience et surtout l&rsquo;impunit\u00e9 qu&rsquo;elle accorde \u00e0 plusieurs personnalit\u00e9s publiques influentes, l&rsquo;Association des magistrats tunisiens (AMT) continue, pour sa part, \u00e0 revendiquer de meilleures conditions de travail, notamment en adoptant le projet de loi du Fonds pour la qualit\u00e9 de la justice, qui a d\u00e9j\u00e0 \u00e9t\u00e9 rejet\u00e9 par le Parlement.<\/em><\/strong><\/p>\n\n\n\n<!--more-->\n\n\n\n<p>L&rsquo;AMT&nbsp;a, une nouvelle fois, tir\u00e9 la sonnette d&rsquo;alarme hier, mardi 4 f\u00e9vrier 2020, quant \u00e0 l&rsquo;\u00e9tat d\u00e9plorable des tribunaux tunisiens, suite \u00e0 la d\u00e9cision d\u2019\u00e9vacuer imm\u00e9diatement le si\u00e8ge du tribunal cantonal situ\u00e9 au centre-ville de Kasserine, du fait de sa d\u00e9gradation.<\/p>\n\n\n\n<p>En effet, la chambre r\u00e9gionale des affaires juridiques, des contentieux et des affaires fonci\u00e8res du gouvernorat de Kasserine avait \u00e9mis hier une d\u00e9cision ordonnant l\u2019\u00e9vacuation imm\u00e9diate de l\u2019\u00e9difice abritant le tribunal cantonal de Kasserine, \u00e0 cause de son \u00e9tat d\u00e9labr\u00e9. <\/p>\n\n\n\n<p>\u00ab<em>Plusieurs tribunaux sont dans un \u00e9tat d\u00e9sastreux et repr\u00e9sentent un danger  pour les magistrats, les assistants et les justiciables<\/em>\u00bb, a regrett\u00e9 le bureau ex\u00e9cutif de l&rsquo;association dans un <a href=\"https:\/\/www.facebook.com\/AmtTunisie\/posts\/1613055508834657?__xts__[0]=68.ARDI5ITFDNMg3BYAxa6rdcP8djUqHWD3VTcM_MPCHORZnVFnEQP1dqaUNUmIifunwHWIntOepdt79gTKlYng_2VcvAgVrzgkZWS1IrAOl_EgH-e7ej3o-QU4EfyKy_6HoEXvpqeeW8P3HGFOn47FInEKIWW4ehNur_UqkXow_RkxwNnJzdnz_QzDUYS-6Gnm2Ez4zHPml-aWwIIFTOOUuod6uBSNjvJ1-hz-1QP6cjJXoQLG6OQL3P1XRLe9CjyXeLyJSy73KqsrS7yz92hOnAYtSlkhndJvDHdyNLadSiNfBhXp13oqbzYUDZ4d7pnRaIQJIp359dA3N5_6bw8hzVu20Q&amp;__tn__=-R\">communiqu\u00e9<\/a>, rendu public ce mardi, tout en rappelant que l&rsquo;AMT a d\u00e9j\u00e0 mis en garde contre cette situation \u00e0 maintes reprises par le pass\u00e9.<\/p>\n\n\n\n<p>L&rsquo;AMT a renouvel\u00e9, cette occasion, \u00ab<em>son appel urgent au Parlement pour qu&rsquo;il adopte le projet de loi du Fonds pour la qualit\u00e9 de la justice, qui repr\u00e9sente la solution radicale \u00e0 l&rsquo;\u00e9tat actuel de l&rsquo;infrastructure de plusieurs tribunaux menac\u00e9s par l&rsquo;effondrement<\/em>\u00bb, imputant la responsabilit\u00e9 de la situation actuelle \u00e0 tous ceux qui ont contribu\u00e9 au rejet dudit projet de loi.<\/p>\n\n\n\n<p> \u00ab<em>Continuer \u00e0 ignorer la d\u00e9t\u00e9rioration des conditions de la justice peut conduire \u00e0 une catastrophe humaine<\/em>\u00bb, lit-on \u00e9galement dans le communiqu\u00e9.<\/p>\n\n\n\n<p>L&rsquo;association a, par ailleurs, appel\u00e9 le pouvoir ex\u00e9cutif \u00e0 fournir un nouveau si\u00e8ge d\u00e9cent pour le tribunal cantonal de Kasserine, qui soit susceptible d\u2019assurer la continuit\u00e9 du service judiciaire dans la r\u00e9gion dans les meilleures conditions. <\/p>\n\n\n\n<p class=\"has-text-align-right\"><strong>C. B. Y.<\/strong><\/p>\n\n\n\n<figure class=\"wp-block-embed-wordpress wp-block-embed is-type-wp-embed is-provider-kapitalis\"><div class=\"wp-block-embed__wrapper\">\n<blockquote class=\"wp-embedded-content\" data-secret=\"4MiblT06aH\"><a href=\"https:\/\/kapitalis.com\/tunisie\/2019\/12\/24\/tunisie-les-magistrats-vont-tenir-une-journee-de-greve\/\">Tunisie: Les magistrats vont tenir une journ\u00e9e de gr\u00e8ve<\/a><\/blockquote><iframe loading=\"lazy\" class=\"wp-embedded-content\" sandbox=\"allow-scripts\" security=\"restricted\" style=\"position: absolute; clip: rect(1px, 1px, 1px, 1px);\" title=\"\u00ab\u00a0Tunisie: Les magistrats vont tenir une journ\u00e9e de gr\u00e8ve\u00a0\u00bb &#8212; Kapitalis\" src=\"https:\/\/kapitalis.com\/tunisie\/2019\/12\/24\/tunisie-les-magistrats-vont-tenir-une-journee-de-greve\/embed\/#?secret=y6VtuYuSTI#?secret=4MiblT06aH\" data-secret=\"4MiblT06aH\" width=\"600\" height=\"338\" frameborder=\"0\" marginwidth=\"0\" marginheight=\"0\" scrolling=\"no\"><\/iframe>\n<\/div><\/figure>\n\n\n\n<figure class=\"wp-block-embed-wordpress wp-block-embed is-type-wp-embed is-provider-kapitalis\"><div class=\"wp-block-embed__wrapper\">\n<blockquote class=\"wp-embedded-content\" data-secret=\"HCCSXybeEo\"><a href=\"https:\/\/kapitalis.com\/tunisie\/2019\/12\/11\/lassociation-des-magistrats-craint-laffaiblissement-du-pouvoir-judiciaire-pour-mieux-lexploiter-par-les-politiciens\/\">L&rsquo;Association des magistrats craint l&rsquo;affaiblissement du pouvoir judiciaire par l&rsquo;ARP pour faciliter son instrumentalisation<\/a><\/blockquote><iframe loading=\"lazy\" class=\"wp-embedded-content\" sandbox=\"allow-scripts\" security=\"restricted\" style=\"position: absolute; clip: rect(1px, 1px, 1px, 1px);\" title=\"\u00ab\u00a0L&rsquo;Association des magistrats craint l&rsquo;affaiblissement du pouvoir judiciaire par l&rsquo;ARP pour faciliter son instrumentalisation\u00a0\u00bb &#8212; Kapitalis\" src=\"https:\/\/kapitalis.com\/tunisie\/2019\/12\/11\/lassociation-des-magistrats-craint-laffaiblissement-du-pouvoir-judiciaire-pour-mieux-lexploiter-par-les-politiciens\/embed\/#?secret=thpa91S7Nb#?secret=HCCSXybeEo\" data-secret=\"HCCSXybeEo\" width=\"600\" height=\"338\" frameborder=\"0\" marginwidth=\"0\" marginheight=\"0\" scrolling=\"no\"><\/iframe>\n<\/div><\/figure>\n\n\n\n<figure class=\"wp-block-embed-wordpress wp-block-embed is-type-wp-embed is-provider-kapitalis\"><div class=\"wp-block-embed__wrapper\">\n<blockquote class=\"wp-embedded-content\" data-secret=\"UghUedMnvV\"><a href=\"https:\/\/kapitalis.com\/tunisie\/2019\/12\/17\/lindependance-du-pouvoir-judiciaire-au-centre-de-la-rencontre-de-kais-saied-avec-les-magistrats\/\">Que peut faire Ka\u00efs Sa\u00efed pour garantir l&rsquo;ind\u00e9pendance du pouvoir judiciaire ?<\/a><\/blockquote><iframe loading=\"lazy\" class=\"wp-embedded-content\" sandbox=\"allow-scripts\" security=\"restricted\" style=\"position: absolute; clip: rect(1px, 1px, 1px, 1px);\" title=\"\u00ab\u00a0Que peut faire Ka\u00efs Sa\u00efed pour garantir l&rsquo;ind\u00e9pendance du pouvoir judiciaire ?\u00a0\u00bb &#8212; Kapitalis\" src=\"https:\/\/kapitalis.com\/tunisie\/2019\/12\/17\/lindependance-du-pouvoir-judiciaire-au-centre-de-la-rencontre-de-kais-saied-avec-les-magistrats\/embed\/#?secret=yPTabzGiAR#?secret=UghUedMnvV\" data-secret=\"UghUedMnvV\" width=\"600\" height=\"338\" frameborder=\"0\" marginwidth=\"0\" marginheight=\"0\" scrolling=\"no\"><\/iframe>\n<\/div><\/figure>\n","protected":false},"excerpt":{"rendered":"<p>Alors que les voix ne cessent de s&rsquo;\u00e9lever pour d\u00e9plorer la lenteur de la justice tunisienne, son manque d&rsquo;efficience et surtout l&rsquo;impunit\u00e9 qu&rsquo;elle accorde \u00e0 plusieurs personnalit\u00e9s publiques influentes, l&rsquo;Association des magistrats tunisiens (AMT) continue, pour sa part, \u00e0 revendiquer de meilleures conditions de travail, notamment en adoptant le projet de loi du Fonds pour&#8230;<\/p>\n","protected":false},"author":24,"featured_media":0,"comment_status":"open","ping_status":"open","sticky":false,"template":"","format":"standard","meta":{"footnotes":""},"categories":[997,998,2433],"tags":[71],"class_list":["post-279076","post","type-post","status-publish","format-standard","hentry","category-politique","category-societe","category-tunisie","tag-amt"],"yoast_head":"<!-- This site is optimized with the Yoast SEO plugin v26.6 - https:\/\/yoast.com\/wordpress\/plugins\/seo\/ -->\n<title>L&#039;AMT d\u00e9plore la d\u00e9gradation de l&#039;\u00e9tat des infrastructures des tribunaux - Kapitalis<\/title>\n<meta name=\"robots\" content=\"index, follow, max-snippet:-1, max-image-preview:large, max-video-preview:-1\" \/>\n<link rel=\"canonical\" href=\"https:\/\/kapitalis.com\/tunisie\/2020\/02\/05\/lamt-deplore-la-degradation-de-letat-des-infrastructures-des-tribunaux\/\" \/>\n<meta property=\"og:locale\" content=\"fr_FR\" \/>\n<meta property=\"og:type\" content=\"article\" \/>\n<meta property=\"og:title\" content=\"L&#039;AMT d\u00e9plore la d\u00e9gradation de l&#039;\u00e9tat des infrastructures des tribunaux - Kapitalis\" \/>\n<meta property=\"og:description\" content=\"Alors que les voix ne cessent de s&rsquo;\u00e9lever pour d\u00e9plorer la lenteur de la justice tunisienne, son manque d&rsquo;efficience et surtout l&rsquo;impunit\u00e9 qu&rsquo;elle accorde \u00e0 plusieurs personnalit\u00e9s publiques influentes, l&rsquo;Association des magistrats tunisiens (AMT) continue, pour sa part, \u00e0 revendiquer de meilleures conditions de travail, notamment en adoptant le projet de loi du Fonds pour...\" \/>\n<meta property=\"og:url\" content=\"https:\/\/kapitalis.com\/tunisie\/2020\/02\/05\/lamt-deplore-la-degradation-de-letat-des-infrastructures-des-tribunaux\/\" \/>\n<meta property=\"og:site_name\" content=\"Kapitalis\" \/>\n<meta property=\"article:publisher\" content=\"https:\/\/www.facebook.com\/KapitalisInfo\/\" \/>\n<meta property=\"article:published_time\" content=\"2020-02-05T15:52:09+00:00\" \/>\n<meta property=\"article:modified_time\" content=\"2020-02-05T17:00:25+00:00\" \/>\n<meta property=\"og:image\" content=\"http:\/\/kapitalis.com\/tunisie\/wp-content\/uploads\/2019\/09\/AMT.jpg\" \/>\n<meta name=\"author\" content=\"Cherif Benyounes\" \/>\n<meta name=\"twitter:card\" content=\"summary_large_image\" \/>\n<meta name=\"twitter:creator\" content=\"@KapitalisInfo\" \/>\n<meta name=\"twitter:site\" content=\"@KapitalisInfo\" \/>\n<meta name=\"twitter:label1\" content=\"\u00c9crit par\" \/>\n\t<meta name=\"twitter:data1\" content=\"Cherif Benyounes\" \/>\n\t<meta name=\"twitter:label2\" content=\"Dur\u00e9e de lecture estim\u00e9e\" \/>\n\t<meta name=\"twitter:data2\" content=\"2 minutes\" \/>\n<script type=\"application\/ld+json\" class=\"yoast-schema-graph\">{\"@context\":\"https:\/\/schema.org\",\"@graph\":[{\"@type\":\"Article\",\"@id\":\"https:\/\/kapitalis.com\/tunisie\/2020\/02\/05\/lamt-deplore-la-degradation-de-letat-des-infrastructures-des-tribunaux\/#article\",\"isPartOf\":{\"@id\":\"https:\/\/kapitalis.com\/tunisie\/2020\/02\/05\/lamt-deplore-la-degradation-de-letat-des-infrastructures-des-tribunaux\/\"},\"author\":{\"name\":\"Cherif Benyounes\",\"@id\":\"https:\/\/kapitalis.com\/tunisie\/#\/schema\/person\/b35b8d631961131107263178aeb8019e\"},\"headline\":\"L&rsquo;AMT d\u00e9plore la d\u00e9gradation de l&rsquo;\u00e9tat des infrastructures des tribunaux\",\"datePublished\":\"2020-02-05T15:52:09+00:00\",\"dateModified\":\"2020-02-05T17:00:25+00:00\",\"mainEntityOfPage\":{\"@id\":\"https:\/\/kapitalis.com\/tunisie\/2020\/02\/05\/lamt-deplore-la-degradation-de-letat-des-infrastructures-des-tribunaux\/\"},\"wordCount\":371,\"commentCount\":1,\"publisher\":{\"@id\":\"https:\/\/kapitalis.com\/tunisie\/#organization\"},\"image\":{\"@id\":\"https:\/\/kapitalis.com\/tunisie\/2020\/02\/05\/lamt-deplore-la-degradation-de-letat-des-infrastructures-des-tribunaux\/#primaryimage\"},\"thumbnailUrl\":\"http:\/\/kapitalis.com\/tunisie\/wp-content\/uploads\/2019\/09\/AMT.jpg\",\"keywords\":[\"AMT\"],\"articleSection\":[\"POLITIQUE\",\"SOCIETE\",\"Tunisie\"],\"inLanguage\":\"fr-FR\",\"potentialAction\":[{\"@type\":\"CommentAction\",\"name\":\"Comment\",\"target\":[\"https:\/\/kapitalis.com\/tunisie\/2020\/02\/05\/lamt-deplore-la-degradation-de-letat-des-infrastructures-des-tribunaux\/#respond\"]}]},{\"@type\":\"WebPage\",\"@id\":\"https:\/\/kapitalis.com\/tunisie\/2020\/02\/05\/lamt-deplore-la-degradation-de-letat-des-infrastructures-des-tribunaux\/\",\"url\":\"https:\/\/kapitalis.com\/tunisie\/2020\/02\/05\/lamt-deplore-la-degradation-de-letat-des-infrastructures-des-tribunaux\/\",\"name\":\"L'AMT d\u00e9plore la d\u00e9gradation de l'\u00e9tat des infrastructures des tribunaux - Kapitalis\",\"isPartOf\":{\"@id\":\"https:\/\/kapitalis.com\/tunisie\/#website\"},\"primaryImageOfPage\":{\"@id\":\"https:\/\/kapitalis.com\/tunisie\/2020\/02\/05\/lamt-deplore-la-degradation-de-letat-des-infrastructures-des-tribunaux\/#primaryimage\"},\"image\":{\"@id\":\"https:\/\/kapitalis.com\/tunisie\/2020\/02\/05\/lamt-deplore-la-degradation-de-letat-des-infrastructures-des-tribunaux\/#primaryimage\"},\"thumbnailUrl\":\"http:\/\/kapitalis.com\/tunisie\/wp-content\/uploads\/2019\/09\/AMT.jpg\",\"datePublished\":\"2020-02-05T15:52:09+00:00\",\"dateModified\":\"2020-02-05T17:00:25+00:00\",\"breadcrumb\":{\"@id\":\"https:\/\/kapitalis.com\/tunisie\/2020\/02\/05\/lamt-deplore-la-degradation-de-letat-des-infrastructures-des-tribunaux\/#breadcrumb\"},\"inLanguage\":\"fr-FR\",\"potentialAction\":[{\"@type\":\"ReadAction\",\"target\":[\"https:\/\/kapitalis.com\/tunisie\/2020\/02\/05\/lamt-deplore-la-degradation-de-letat-des-infrastructures-des-tribunaux\/\"]}]},{\"@type\":\"ImageObject\",\"inLanguage\":\"fr-FR\",\"@id\":\"https:\/\/kapitalis.com\/tunisie\/2020\/02\/05\/lamt-deplore-la-degradation-de-letat-des-infrastructures-des-tribunaux\/#primaryimage\",\"url\":\"\",\"contentUrl\":\"\"},{\"@type\":\"BreadcrumbList\",\"@id\":\"https:\/\/kapitalis.com\/tunisie\/2020\/02\/05\/lamt-deplore-la-degradation-de-letat-des-infrastructures-des-tribunaux\/#breadcrumb\",\"itemListElement\":[{\"@type\":\"ListItem\",\"position\":1,\"name\":\"Accueil\",\"item\":\"https:\/\/kapitalis.com\/tunisie\/\"},{\"@type\":\"ListItem\",\"position\":2,\"name\":\"L&rsquo;AMT d\u00e9plore la d\u00e9gradation de l&rsquo;\u00e9tat des infrastructures des tribunaux\"}]},{\"@type\":\"WebSite\",\"@id\":\"https:\/\/kapitalis.com\/tunisie\/#website\",\"url\":\"https:\/\/kapitalis.com\/tunisie\/\",\"name\":\"Kapitalis\",\"description\":\"L&#039;actualit\u00e9 en Tunisie et dans le monde\",\"publisher\":{\"@id\":\"https:\/\/kapitalis.com\/tunisie\/#organization\"},\"potentialAction\":[{\"@type\":\"SearchAction\",\"target\":{\"@type\":\"EntryPoint\",\"urlTemplate\":\"https:\/\/kapitalis.com\/tunisie\/?s={search_term_string}\"},\"query-input\":{\"@type\":\"PropertyValueSpecification\",\"valueRequired\":true,\"valueName\":\"search_term_string\"}}],\"inLanguage\":\"fr-FR\"},{\"@type\":\"Organization\",\"@id\":\"https:\/\/kapitalis.com\/tunisie\/#organization\",\"name\":\"Kapitalis\",\"url\":\"https:\/\/kapitalis.com\/tunisie\/\",\"logo\":{\"@type\":\"ImageObject\",\"inLanguage\":\"fr-FR\",\"@id\":\"https:\/\/kapitalis.com\/tunisie\/#\/schema\/logo\/image\/\",\"url\":\"https:\/\/kapitalis.com\/tunisie\/wp-content\/uploads\/2022\/05\/Kapitalis-big-size.png\",\"contentUrl\":\"https:\/\/kapitalis.com\/tunisie\/wp-content\/uploads\/2022\/05\/Kapitalis-big-size.png\",\"width\":5000,\"height\":1500,\"caption\":\"Kapitalis\"},\"image\":{\"@id\":\"https:\/\/kapitalis.com\/tunisie\/#\/schema\/logo\/image\/\"},\"sameAs\":[\"https:\/\/www.facebook.com\/KapitalisInfo\/\",\"https:\/\/x.com\/KapitalisInfo\",\"https:\/\/www.youtube.com\/channel\/UC-yDYrHyfFBWWZaOw3FPg9Q\"]},{\"@type\":\"Person\",\"@id\":\"https:\/\/kapitalis.com\/tunisie\/#\/schema\/person\/b35b8d631961131107263178aeb8019e\",\"name\":\"Cherif Benyounes\",\"url\":\"https:\/\/kapitalis.com\/tunisie\/author\/cherif\/\"}]}<\/script>\n<!-- \/ Yoast SEO plugin. -->","yoast_head_json":{"title":"L'AMT d\u00e9plore la d\u00e9gradation de l'\u00e9tat des infrastructures des tribunaux - Kapitalis","robots":{"index":"index","follow":"follow","max-snippet":"max-snippet:-1","max-image-preview":"max-image-preview:large","max-video-preview":"max-video-preview:-1"},"canonical":"https:\/\/kapitalis.com\/tunisie\/2020\/02\/05\/lamt-deplore-la-degradation-de-letat-des-infrastructures-des-tribunaux\/","og_locale":"fr_FR","og_type":"article","og_title":"L'AMT d\u00e9plore la d\u00e9gradation de l'\u00e9tat des infrastructures des tribunaux - Kapitalis","og_description":"Alors que les voix ne cessent de s&rsquo;\u00e9lever pour d\u00e9plorer la lenteur de la justice tunisienne, son manque d&rsquo;efficience et surtout l&rsquo;impunit\u00e9 qu&rsquo;elle accorde \u00e0 plusieurs personnalit\u00e9s publiques influentes, l&rsquo;Association des magistrats tunisiens (AMT) continue, pour sa part, \u00e0 revendiquer de meilleures conditions de travail, notamment en adoptant le projet de loi du Fonds pour...","og_url":"https:\/\/kapitalis.com\/tunisie\/2020\/02\/05\/lamt-deplore-la-degradation-de-letat-des-infrastructures-des-tribunaux\/","og_site_name":"Kapitalis","article_publisher":"https:\/\/www.facebook.com\/KapitalisInfo\/","article_published_time":"2020-02-05T15:52:09+00:00","article_modified_time":"2020-02-05T17:00:25+00:00","og_image":[{"url":"http:\/\/kapitalis.com\/tunisie\/wp-content\/uploads\/2019\/09\/AMT.jpg","type":"","width":"","height":""}],"author":"Cherif Benyounes","twitter_card":"summary_large_image","twitter_creator":"@KapitalisInfo","twitter_site":"@KapitalisInfo","twitter_misc":{"\u00c9crit par":"Cherif Benyounes","Dur\u00e9e de lecture estim\u00e9e":"2 minutes"},"schema":{"@context":"https:\/\/schema.org","@graph":[{"@type":"Article","@id":"https:\/\/kapitalis.com\/tunisie\/2020\/02\/05\/lamt-deplore-la-degradation-de-letat-des-infrastructures-des-tribunaux\/#article","isPartOf":{"@id":"https:\/\/kapitalis.com\/tunisie\/2020\/02\/05\/lamt-deplore-la-degradation-de-letat-des-infrastructures-des-tribunaux\/"},"author":{"name":"Cherif Benyounes","@id":"https:\/\/kapitalis.com\/tunisie\/#\/schema\/person\/b35b8d631961131107263178aeb8019e"},"headline":"L&rsquo;AMT d\u00e9plore la d\u00e9gradation de l&rsquo;\u00e9tat des infrastructures des tribunaux","datePublished":"2020-02-05T15:52:09+00:00","dateModified":"2020-02-05T17:00:25+00:00","mainEntityOfPage":{"@id":"https:\/\/kapitalis.com\/tunisie\/2020\/02\/05\/lamt-deplore-la-degradation-de-letat-des-infrastructures-des-tribunaux\/"},"wordCount":371,"commentCount":1,"publisher":{"@id":"https:\/\/kapitalis.com\/tunisie\/#organization"},"image":{"@id":"https:\/\/kapitalis.com\/tunisie\/2020\/02\/05\/lamt-deplore-la-degradation-de-letat-des-infrastructures-des-tribunaux\/#primaryimage"},"thumbnailUrl":"http:\/\/kapitalis.com\/tunisie\/wp-content\/uploads\/2019\/09\/AMT.jpg","keywords":["AMT"],"articleSection":["POLITIQUE","SOCIETE","Tunisie"],"inLanguage":"fr-FR","potentialAction":[{"@type":"CommentAction","name":"Comment","target":["https:\/\/kapitalis.com\/tunisie\/2020\/02\/05\/lamt-deplore-la-degradation-de-letat-des-infrastructures-des-tribunaux\/#respond"]}]},{"@type":"WebPage","@id":"https:\/\/kapitalis.com\/tunisie\/2020\/02\/05\/lamt-deplore-la-degradation-de-letat-des-infrastructures-des-tribunaux\/","url":"https:\/\/kapitalis.com\/tunisie\/2020\/02\/05\/lamt-deplore-la-degradation-de-letat-des-infrastructures-des-tribunaux\/","name":"L'AMT d\u00e9plore la d\u00e9gradation de l'\u00e9tat des infrastructures des tribunaux - Kapitalis","isPartOf":{"@id":"https:\/\/kapitalis.com\/tunisie\/#website"},"primaryImageOfPage":{"@id":"https:\/\/kapitalis.com\/tunisie\/2020\/02\/05\/lamt-deplore-la-degradation-de-letat-des-infrastructures-des-tribunaux\/#primaryimage"},"image":{"@id":"https:\/\/kapitalis.com\/tunisie\/2020\/02\/05\/lamt-deplore-la-degradation-de-letat-des-infrastructures-des-tribunaux\/#primaryimage"},"thumbnailUrl":"http:\/\/kapitalis.com\/tunisie\/wp-content\/uploads\/2019\/09\/AMT.jpg","datePublished":"2020-02-05T15:52:09+00:00","dateModified":"2020-02-05T17:00:25+00:00","breadcrumb":{"@id":"https:\/\/kapitalis.com\/tunisie\/2020\/02\/05\/lamt-deplore-la-degradation-de-letat-des-infrastructures-des-tribunaux\/#breadcrumb"},"inLanguage":"fr-FR","potentialAction":[{"@type":"ReadAction","target":["https:\/\/kapitalis.com\/tunisie\/2020\/02\/05\/lamt-deplore-la-degradation-de-letat-des-infrastructures-des-tribunaux\/"]}]},{"@type":"ImageObject","inLanguage":"fr-FR","@id":"https:\/\/kapitalis.com\/tunisie\/2020\/02\/05\/lamt-deplore-la-degradation-de-letat-des-infrastructures-des-tribunaux\/#primaryimage","url":"","contentUrl":""},{"@type":"BreadcrumbList","@id":"https:\/\/kapitalis.com\/tunisie\/2020\/02\/05\/lamt-deplore-la-degradation-de-letat-des-infrastructures-des-tribunaux\/#breadcrumb","itemListElement":[{"@type":"ListItem","position":1,"name":"Accueil","item":"https:\/\/kapitalis.com\/tunisie\/"},{"@type":"ListItem","position":2,"name":"L&rsquo;AMT d\u00e9plore la d\u00e9gradation de l&rsquo;\u00e9tat des infrastructures des tribunaux"}]},{"@type":"WebSite","@id":"https:\/\/kapitalis.com\/tunisie\/#website","url":"https:\/\/kapitalis.com\/tunisie\/","name":"Kapitalis","description":"L&#039;actualit\u00e9 en Tunisie et dans le monde","publisher":{"@id":"https:\/\/kapitalis.com\/tunisie\/#organization"},"potentialAction":[{"@type":"SearchAction","target":{"@type":"EntryPoint","urlTemplate":"https:\/\/kapitalis.com\/tunisie\/?s={search_term_string}"},"query-input":{"@type":"PropertyValueSpecification","valueRequired":true,"valueName":"search_term_string"}}],"inLanguage":"fr-FR"},{"@type":"Organization","@id":"https:\/\/kapitalis.com\/tunisie\/#organization","name":"Kapitalis","url":"https:\/\/kapitalis.com\/tunisie\/","logo":{"@type":"ImageObject","inLanguage":"fr-FR","@id":"https:\/\/kapitalis.com\/tunisie\/#\/schema\/logo\/image\/","url":"https:\/\/kapitalis.com\/tunisie\/wp-content\/uploads\/2022\/05\/Kapitalis-big-size.png","contentUrl":"https:\/\/kapitalis.com\/tunisie\/wp-content\/uploads\/2022\/05\/Kapitalis-big-size.png","width":5000,"height":1500,"caption":"Kapitalis"},"image":{"@id":"https:\/\/kapitalis.com\/tunisie\/#\/schema\/logo\/image\/"},"sameAs":["https:\/\/www.facebook.com\/KapitalisInfo\/","https:\/\/x.com\/KapitalisInfo","https:\/\/www.youtube.com\/channel\/UC-yDYrHyfFBWWZaOw3FPg9Q"]},{"@type":"Person","@id":"https:\/\/kapitalis.com\/tunisie\/#\/schema\/person\/b35b8d631961131107263178aeb8019e","name":"Cherif Benyounes","url":"https:\/\/kapitalis.com\/tunisie\/author\/cherif\/"}]}},"_links":{"self":[{"href":"https:\/\/kapitalis.com\/tunisie\/wp-json\/wp\/v2\/posts\/279076","targetHints":{"allow":["GET"]}}],"collection":[{"href":"https:\/\/kapitalis.com\/tunisie\/wp-json\/wp\/v2\/posts"}],"about":[{"href":"https:\/\/kapitalis.com\/tunisie\/wp-json\/wp\/v2\/types\/post"}],"author":[{"embeddable":true,"href":"https:\/\/kapitalis.com\/tunisie\/wp-json\/wp\/v2\/users\/24"}],"replies":[{"embeddable":true,"href":"https:\/\/kapitalis.com\/tunisie\/wp-json\/wp\/v2\/comments?post=279076"}],"version-history":[{"count":0,"href":"https:\/\/kapitalis.com\/tunisie\/wp-json\/wp\/v2\/posts\/279076\/revisions"}],"wp:attachment":[{"href":"https:\/\/kapitalis.com\/tunisie\/wp-json\/wp\/v2\/media?parent=279076"}],"wp:term":[{"taxonomy":"category","embeddable":true,"href":"https:\/\/kapitalis.com\/tunisie\/wp-json\/wp\/v2\/categories?post=279076"},{"taxonomy":"post_tag","embeddable":true,"href":"https:\/\/kapitalis.com\/tunisie\/wp-json\/wp\/v2\/tags?post=279076"}],"curies":[{"name":"wp","href":"https:\/\/api.w.org\/{rel}","templated":true}]}}