{"id":279387,"date":"2020-02-07T10:00:00","date_gmt":"2020-02-07T09:00:00","guid":{"rendered":"http:\/\/kapitalis.com\/tunisie\/?p=279387"},"modified":"2020-02-07T10:38:48","modified_gmt":"2020-02-07T09:38:48","slug":"magasin-general-annonce-une-hausse-de-719-de-son-chiffre-daffaires-en-2019","status":"publish","type":"post","link":"https:\/\/kapitalis.com\/tunisie\/2020\/02\/07\/magasin-general-annonce-une-hausse-de-719-de-son-chiffre-daffaires-en-2019\/","title":{"rendered":"Magasin g\u00e9n\u00e9ral annonce une hausse de 7,19% de son chiffre d&rsquo;affaires en 2019"},"content":{"rendered":"\n<figure class=\"wp-block-image size-large\"><img decoding=\"async\" src=\"http:\/\/kapitalis.com\/tunisie\/wp-content\/uploads\/2015\/06\/Magasin-General.jpg\" alt=\"\" class=\"wp-image-3613\"\/><\/figure>\n\n\n\n<p><strong><em>Le chiffre d&rsquo;affaires de Magasin g\u00e9n\u00e9ral a augment\u00e9 de 7,19% toutes taxes comprises en 2019, et s&rsquo;est \u00e9tabli \u00e0 1,027.889 milliard DT (MrDT) contre 958,902 millions de dinars (MDT) en 2018.<\/em><\/strong><\/p>\n\n\n\n<!--more-->\n\n\n\n<p>Les revenus de la soci\u00e9t\u00e9 ont \u00e9galement augment\u00e9 (1,39%) au cours du 4e trimestre 2019, par rapport \u00e0 la m\u00eame p\u00e9riode en 2018.<\/p>\n\n\n\n<p>Magasin g\u00e9n\u00e9ral a termin\u00e9 l&rsquo;ann\u00e9e 2019 avec 101 points de vente alors qu&rsquo;ils \u00e9taient au nombre de 96 l&rsquo;ann\u00e9e d&rsquo;avant, avec  l\u2019ouverture de MG Proxi Hrairiya, MG Maxi Nabeul, MG Proxi Cit\u00e9 el Wahat, MG Proxi Bardo Chaker, et Batam Zaghouan. <\/p>\n\n\n\n<p>L&rsquo;effectif moyen a par contre baiss\u00e9 \u00e0 3.915 employ\u00e9s, contre 3.959 en 2018.<\/p>\n\n\n\n<p class=\"has-text-align-right\"><strong>A. M.<em> <\/em> <\/strong><em>(avec <a rel=\"noreferrer noopener\" aria-label=\"CMF (s\u2019ouvre dans un nouvel onglet)\" href=\"https:\/\/www.cmf.tn\/sites\/default\/files\/pdfs\/emetteurs\/informations\/indicateurs\/indic_4trim19_smg.pdf\" target=\"_blank\">CMF<\/a>).<\/em><\/p>\n\n\n\n<figure class=\"wp-block-embed-wordpress wp-block-embed is-type-wp-embed is-provider-kapitalis\"><div class=\"wp-block-embed__wrapper\">\n<blockquote class=\"wp-embedded-content\" data-secret=\"4mqXYsqawZ\"><a href=\"https:\/\/kapitalis.com\/tunisie\/2019\/06\/18\/magasin-general-un-chiffre-daffaires-en-hausse-de-67-au-terme-de-lannee-2018\/\">Magasin G\u00e9n\u00e9ral: Chiffre d&rsquo;affaires en hausse de 6,7% au terme de l&rsquo;ann\u00e9e 2018<\/a><\/blockquote><iframe loading=\"lazy\" class=\"wp-embedded-content\" sandbox=\"allow-scripts\" security=\"restricted\" style=\"position: absolute; clip: rect(1px, 1px, 1px, 1px);\" title=\"\u00ab\u00a0Magasin G\u00e9n\u00e9ral: Chiffre d&rsquo;affaires en hausse de 6,7% au terme de l&rsquo;ann\u00e9e 2018\u00a0\u00bb &#8212; Kapitalis\" src=\"https:\/\/kapitalis.com\/tunisie\/2019\/06\/18\/magasin-general-un-chiffre-daffaires-en-hausse-de-67-au-terme-de-lannee-2018\/embed\/#?secret=7RIOylDLel#?secret=4mqXYsqawZ\" data-secret=\"4mqXYsqawZ\" width=\"600\" height=\"338\" frameborder=\"0\" marginwidth=\"0\" marginheight=\"0\" scrolling=\"no\"><\/iframe>\n<\/div><\/figure>\n","protected":false},"excerpt":{"rendered":"<p>Le chiffre d&rsquo;affaires de Magasin g\u00e9n\u00e9ral a augment\u00e9 de 7,19% toutes taxes comprises en 2019, et s&rsquo;est \u00e9tabli \u00e0 1,027.889 milliard DT (MrDT) contre 958,902 millions de dinars (MDT) en 2018.<\/p>\n","protected":false},"author":22,"featured_media":0,"comment_status":"open","ping_status":"open","sticky":false,"template":"","format":"standard","meta":{"footnotes":""},"categories":[995,2433],"tags":[74210,3843,563,74209,74208,74206,74207],"class_list":["post-279387","post","type-post","status-publish","format-standard","hentry","category-economie","category-tunisie","tag-batam-zaghouan","tag-cmf","tag-magasin-general","tag-mg-proxi-bardo-chaker","tag-mg-proxi-cite-el-wahat","tag-mg-proxi-hrairiya","tag-mg-proxi-nabeul"],"yoast_head":"<!-- This site is optimized with the Yoast SEO plugin v26.6 - https:\/\/yoast.com\/wordpress\/plugins\/seo\/ -->\n<title>Magasin g\u00e9n\u00e9ral annonce une hausse de 7,19% de son chiffre d&#039;affaires en 2019 - Kapitalis<\/title>\n<meta name=\"robots\" content=\"index, follow, max-snippet:-1, max-image-preview:large, max-video-preview:-1\" \/>\n<link rel=\"canonical\" href=\"https:\/\/kapitalis.com\/tunisie\/2020\/02\/07\/magasin-general-annonce-une-hausse-de-719-de-son-chiffre-daffaires-en-2019\/\" \/>\n<meta property=\"og:locale\" content=\"fr_FR\" \/>\n<meta property=\"og:type\" content=\"article\" \/>\n<meta property=\"og:title\" content=\"Magasin g\u00e9n\u00e9ral annonce une hausse de 7,19% de son chiffre d&#039;affaires en 2019 - Kapitalis\" \/>\n<meta property=\"og:description\" content=\"Le chiffre d&rsquo;affaires de Magasin g\u00e9n\u00e9ral a augment\u00e9 de 7,19% toutes taxes comprises en 2019, et s&rsquo;est \u00e9tabli \u00e0 1,027.889 milliard DT (MrDT) contre 958,902 millions de dinars (MDT) en 2018.\" \/>\n<meta property=\"og:url\" content=\"https:\/\/kapitalis.com\/tunisie\/2020\/02\/07\/magasin-general-annonce-une-hausse-de-719-de-son-chiffre-daffaires-en-2019\/\" \/>\n<meta property=\"og:site_name\" content=\"Kapitalis\" \/>\n<meta property=\"article:publisher\" content=\"https:\/\/www.facebook.com\/KapitalisInfo\/\" \/>\n<meta property=\"article:published_time\" content=\"2020-02-07T09:00:00+00:00\" \/>\n<meta property=\"article:modified_time\" content=\"2020-02-07T09:38:48+00:00\" \/>\n<meta property=\"og:image\" content=\"http:\/\/kapitalis.com\/tunisie\/wp-content\/uploads\/2015\/06\/Magasin-General.jpg\" \/>\n<meta name=\"author\" content=\"Amina Mkada\" \/>\n<meta name=\"twitter:card\" content=\"summary_large_image\" \/>\n<meta name=\"twitter:creator\" content=\"@KapitalisInfo\" \/>\n<meta name=\"twitter:site\" content=\"@KapitalisInfo\" \/>\n<meta name=\"twitter:label1\" content=\"\u00c9crit par\" \/>\n\t<meta name=\"twitter:data1\" content=\"Amina Mkada\" \/>\n\t<meta name=\"twitter:label2\" content=\"Dur\u00e9e de lecture estim\u00e9e\" \/>\n\t<meta name=\"twitter:data2\" content=\"1 minute\" \/>\n<script type=\"application\/ld+json\" class=\"yoast-schema-graph\">{\"@context\":\"https:\/\/schema.org\",\"@graph\":[{\"@type\":\"Article\",\"@id\":\"https:\/\/kapitalis.com\/tunisie\/2020\/02\/07\/magasin-general-annonce-une-hausse-de-719-de-son-chiffre-daffaires-en-2019\/#article\",\"isPartOf\":{\"@id\":\"https:\/\/kapitalis.com\/tunisie\/2020\/02\/07\/magasin-general-annonce-une-hausse-de-719-de-son-chiffre-daffaires-en-2019\/\"},\"author\":{\"name\":\"Amina Mkada\",\"@id\":\"https:\/\/kapitalis.com\/tunisie\/#\/schema\/person\/093913313d3017554cb3ad077fff3fbd\"},\"headline\":\"Magasin g\u00e9n\u00e9ral annonce une hausse de 7,19% de son chiffre d&rsquo;affaires en 2019\",\"datePublished\":\"2020-02-07T09:00:00+00:00\",\"dateModified\":\"2020-02-07T09:38:48+00:00\",\"mainEntityOfPage\":{\"@id\":\"https:\/\/kapitalis.com\/tunisie\/2020\/02\/07\/magasin-general-annonce-une-hausse-de-719-de-son-chiffre-daffaires-en-2019\/\"},\"wordCount\":125,\"commentCount\":1,\"publisher\":{\"@id\":\"https:\/\/kapitalis.com\/tunisie\/#organization\"},\"image\":{\"@id\":\"https:\/\/kapitalis.com\/tunisie\/2020\/02\/07\/magasin-general-annonce-une-hausse-de-719-de-son-chiffre-daffaires-en-2019\/#primaryimage\"},\"thumbnailUrl\":\"http:\/\/kapitalis.com\/tunisie\/wp-content\/uploads\/2015\/06\/Magasin-General.jpg\",\"keywords\":[\"Batam Zaghouan\",\"CMF\",\"Magasin G\u00e9n\u00e9ral\",\"MG Proxi Bardo Chaker\",\"MG Proxi Cit\u00e9 El Wahat\",\"MG Proxi Hrairiya\",\"MG Proxi Nabeul\"],\"articleSection\":[\"ECONOMIE\",\"Tunisie\"],\"inLanguage\":\"fr-FR\",\"potentialAction\":[{\"@type\":\"CommentAction\",\"name\":\"Comment\",\"target\":[\"https:\/\/kapitalis.com\/tunisie\/2020\/02\/07\/magasin-general-annonce-une-hausse-de-719-de-son-chiffre-daffaires-en-2019\/#respond\"]}]},{\"@type\":\"WebPage\",\"@id\":\"https:\/\/kapitalis.com\/tunisie\/2020\/02\/07\/magasin-general-annonce-une-hausse-de-719-de-son-chiffre-daffaires-en-2019\/\",\"url\":\"https:\/\/kapitalis.com\/tunisie\/2020\/02\/07\/magasin-general-annonce-une-hausse-de-719-de-son-chiffre-daffaires-en-2019\/\",\"name\":\"Magasin g\u00e9n\u00e9ral annonce une hausse de 7,19% de son chiffre d'affaires en 2019 - Kapitalis\",\"isPartOf\":{\"@id\":\"https:\/\/kapitalis.com\/tunisie\/#website\"},\"primaryImageOfPage\":{\"@id\":\"https:\/\/kapitalis.com\/tunisie\/2020\/02\/07\/magasin-general-annonce-une-hausse-de-719-de-son-chiffre-daffaires-en-2019\/#primaryimage\"},\"image\":{\"@id\":\"https:\/\/kapitalis.com\/tunisie\/2020\/02\/07\/magasin-general-annonce-une-hausse-de-719-de-son-chiffre-daffaires-en-2019\/#primaryimage\"},\"thumbnailUrl\":\"http:\/\/kapitalis.com\/tunisie\/wp-content\/uploads\/2015\/06\/Magasin-General.jpg\",\"datePublished\":\"2020-02-07T09:00:00+00:00\",\"dateModified\":\"2020-02-07T09:38:48+00:00\",\"breadcrumb\":{\"@id\":\"https:\/\/kapitalis.com\/tunisie\/2020\/02\/07\/magasin-general-annonce-une-hausse-de-719-de-son-chiffre-daffaires-en-2019\/#breadcrumb\"},\"inLanguage\":\"fr-FR\",\"potentialAction\":[{\"@type\":\"ReadAction\",\"target\":[\"https:\/\/kapitalis.com\/tunisie\/2020\/02\/07\/magasin-general-annonce-une-hausse-de-719-de-son-chiffre-daffaires-en-2019\/\"]}]},{\"@type\":\"ImageObject\",\"inLanguage\":\"fr-FR\",\"@id\":\"https:\/\/kapitalis.com\/tunisie\/2020\/02\/07\/magasin-general-annonce-une-hausse-de-719-de-son-chiffre-daffaires-en-2019\/#primaryimage\",\"url\":\"http:\/\/kapitalis.com\/tunisie\/wp-content\/uploads\/2015\/06\/Magasin-General.jpg\",\"contentUrl\":\"http:\/\/kapitalis.com\/tunisie\/wp-content\/uploads\/2015\/06\/Magasin-General.jpg\"},{\"@type\":\"BreadcrumbList\",\"@id\":\"https:\/\/kapitalis.com\/tunisie\/2020\/02\/07\/magasin-general-annonce-une-hausse-de-719-de-son-chiffre-daffaires-en-2019\/#breadcrumb\",\"itemListElement\":[{\"@type\":\"ListItem\",\"position\":1,\"name\":\"Accueil\",\"item\":\"https:\/\/kapitalis.com\/tunisie\/\"},{\"@type\":\"ListItem\",\"position\":2,\"name\":\"Magasin g\u00e9n\u00e9ral annonce une hausse de 7,19% de son chiffre d&rsquo;affaires en 2019\"}]},{\"@type\":\"WebSite\",\"@id\":\"https:\/\/kapitalis.com\/tunisie\/#website\",\"url\":\"https:\/\/kapitalis.com\/tunisie\/\",\"name\":\"Kapitalis\",\"description\":\"L&#039;actualit\u00e9 en Tunisie et dans le monde\",\"publisher\":{\"@id\":\"https:\/\/kapitalis.com\/tunisie\/#organization\"},\"potentialAction\":[{\"@type\":\"SearchAction\",\"target\":{\"@type\":\"EntryPoint\",\"urlTemplate\":\"https:\/\/kapitalis.com\/tunisie\/?s={search_term_string}\"},\"query-input\":{\"@type\":\"PropertyValueSpecification\",\"valueRequired\":true,\"valueName\":\"search_term_string\"}}],\"inLanguage\":\"fr-FR\"},{\"@type\":\"Organization\",\"@id\":\"https:\/\/kapitalis.com\/tunisie\/#organization\",\"name\":\"Kapitalis\",\"url\":\"https:\/\/kapitalis.com\/tunisie\/\",\"logo\":{\"@type\":\"ImageObject\",\"inLanguage\":\"fr-FR\",\"@id\":\"https:\/\/kapitalis.com\/tunisie\/#\/schema\/logo\/image\/\",\"url\":\"https:\/\/kapitalis.com\/tunisie\/wp-content\/uploads\/2022\/05\/Kapitalis-big-size.png\",\"contentUrl\":\"https:\/\/kapitalis.com\/tunisie\/wp-content\/uploads\/2022\/05\/Kapitalis-big-size.png\",\"width\":5000,\"height\":1500,\"caption\":\"Kapitalis\"},\"image\":{\"@id\":\"https:\/\/kapitalis.com\/tunisie\/#\/schema\/logo\/image\/\"},\"sameAs\":[\"https:\/\/www.facebook.com\/KapitalisInfo\/\",\"https:\/\/x.com\/KapitalisInfo\",\"https:\/\/www.youtube.com\/channel\/UC-yDYrHyfFBWWZaOw3FPg9Q\"]},{\"@type\":\"Person\",\"@id\":\"https:\/\/kapitalis.com\/tunisie\/#\/schema\/person\/093913313d3017554cb3ad077fff3fbd\",\"name\":\"Amina Mkada\",\"url\":\"https:\/\/kapitalis.com\/tunisie\/author\/amina\/\"}]}<\/script>\n<!-- \/ Yoast SEO plugin. -->","yoast_head_json":{"title":"Magasin g\u00e9n\u00e9ral annonce une hausse de 7,19% de son chiffre d'affaires en 2019 - Kapitalis","robots":{"index":"index","follow":"follow","max-snippet":"max-snippet:-1","max-image-preview":"max-image-preview:large","max-video-preview":"max-video-preview:-1"},"canonical":"https:\/\/kapitalis.com\/tunisie\/2020\/02\/07\/magasin-general-annonce-une-hausse-de-719-de-son-chiffre-daffaires-en-2019\/","og_locale":"fr_FR","og_type":"article","og_title":"Magasin g\u00e9n\u00e9ral annonce une hausse de 7,19% de son chiffre d'affaires en 2019 - Kapitalis","og_description":"Le chiffre d&rsquo;affaires de Magasin g\u00e9n\u00e9ral a augment\u00e9 de 7,19% toutes taxes comprises en 2019, et s&rsquo;est \u00e9tabli \u00e0 1,027.889 milliard DT (MrDT) contre 958,902 millions de dinars (MDT) en 2018.","og_url":"https:\/\/kapitalis.com\/tunisie\/2020\/02\/07\/magasin-general-annonce-une-hausse-de-719-de-son-chiffre-daffaires-en-2019\/","og_site_name":"Kapitalis","article_publisher":"https:\/\/www.facebook.com\/KapitalisInfo\/","article_published_time":"2020-02-07T09:00:00+00:00","article_modified_time":"2020-02-07T09:38:48+00:00","og_image":[{"url":"http:\/\/kapitalis.com\/tunisie\/wp-content\/uploads\/2015\/06\/Magasin-General.jpg","type":"","width":"","height":""}],"author":"Amina Mkada","twitter_card":"summary_large_image","twitter_creator":"@KapitalisInfo","twitter_site":"@KapitalisInfo","twitter_misc":{"\u00c9crit par":"Amina Mkada","Dur\u00e9e de lecture estim\u00e9e":"1 minute"},"schema":{"@context":"https:\/\/schema.org","@graph":[{"@type":"Article","@id":"https:\/\/kapitalis.com\/tunisie\/2020\/02\/07\/magasin-general-annonce-une-hausse-de-719-de-son-chiffre-daffaires-en-2019\/#article","isPartOf":{"@id":"https:\/\/kapitalis.com\/tunisie\/2020\/02\/07\/magasin-general-annonce-une-hausse-de-719-de-son-chiffre-daffaires-en-2019\/"},"author":{"name":"Amina Mkada","@id":"https:\/\/kapitalis.com\/tunisie\/#\/schema\/person\/093913313d3017554cb3ad077fff3fbd"},"headline":"Magasin g\u00e9n\u00e9ral annonce une hausse de 7,19% de son chiffre d&rsquo;affaires en 2019","datePublished":"2020-02-07T09:00:00+00:00","dateModified":"2020-02-07T09:38:48+00:00","mainEntityOfPage":{"@id":"https:\/\/kapitalis.com\/tunisie\/2020\/02\/07\/magasin-general-annonce-une-hausse-de-719-de-son-chiffre-daffaires-en-2019\/"},"wordCount":125,"commentCount":1,"publisher":{"@id":"https:\/\/kapitalis.com\/tunisie\/#organization"},"image":{"@id":"https:\/\/kapitalis.com\/tunisie\/2020\/02\/07\/magasin-general-annonce-une-hausse-de-719-de-son-chiffre-daffaires-en-2019\/#primaryimage"},"thumbnailUrl":"http:\/\/kapitalis.com\/tunisie\/wp-content\/uploads\/2015\/06\/Magasin-General.jpg","keywords":["Batam Zaghouan","CMF","Magasin G\u00e9n\u00e9ral","MG Proxi Bardo Chaker","MG Proxi Cit\u00e9 El Wahat","MG Proxi Hrairiya","MG Proxi Nabeul"],"articleSection":["ECONOMIE","Tunisie"],"inLanguage":"fr-FR","potentialAction":[{"@type":"CommentAction","name":"Comment","target":["https:\/\/kapitalis.com\/tunisie\/2020\/02\/07\/magasin-general-annonce-une-hausse-de-719-de-son-chiffre-daffaires-en-2019\/#respond"]}]},{"@type":"WebPage","@id":"https:\/\/kapitalis.com\/tunisie\/2020\/02\/07\/magasin-general-annonce-une-hausse-de-719-de-son-chiffre-daffaires-en-2019\/","url":"https:\/\/kapitalis.com\/tunisie\/2020\/02\/07\/magasin-general-annonce-une-hausse-de-719-de-son-chiffre-daffaires-en-2019\/","name":"Magasin g\u00e9n\u00e9ral annonce une hausse de 7,19% de son chiffre d'affaires en 2019 - Kapitalis","isPartOf":{"@id":"https:\/\/kapitalis.com\/tunisie\/#website"},"primaryImageOfPage":{"@id":"https:\/\/kapitalis.com\/tunisie\/2020\/02\/07\/magasin-general-annonce-une-hausse-de-719-de-son-chiffre-daffaires-en-2019\/#primaryimage"},"image":{"@id":"https:\/\/kapitalis.com\/tunisie\/2020\/02\/07\/magasin-general-annonce-une-hausse-de-719-de-son-chiffre-daffaires-en-2019\/#primaryimage"},"thumbnailUrl":"http:\/\/kapitalis.com\/tunisie\/wp-content\/uploads\/2015\/06\/Magasin-General.jpg","datePublished":"2020-02-07T09:00:00+00:00","dateModified":"2020-02-07T09:38:48+00:00","breadcrumb":{"@id":"https:\/\/kapitalis.com\/tunisie\/2020\/02\/07\/magasin-general-annonce-une-hausse-de-719-de-son-chiffre-daffaires-en-2019\/#breadcrumb"},"inLanguage":"fr-FR","potentialAction":[{"@type":"ReadAction","target":["https:\/\/kapitalis.com\/tunisie\/2020\/02\/07\/magasin-general-annonce-une-hausse-de-719-de-son-chiffre-daffaires-en-2019\/"]}]},{"@type":"ImageObject","inLanguage":"fr-FR","@id":"https:\/\/kapitalis.com\/tunisie\/2020\/02\/07\/magasin-general-annonce-une-hausse-de-719-de-son-chiffre-daffaires-en-2019\/#primaryimage","url":"http:\/\/kapitalis.com\/tunisie\/wp-content\/uploads\/2015\/06\/Magasin-General.jpg","contentUrl":"http:\/\/kapitalis.com\/tunisie\/wp-content\/uploads\/2015\/06\/Magasin-General.jpg"},{"@type":"BreadcrumbList","@id":"https:\/\/kapitalis.com\/tunisie\/2020\/02\/07\/magasin-general-annonce-une-hausse-de-719-de-son-chiffre-daffaires-en-2019\/#breadcrumb","itemListElement":[{"@type":"ListItem","position":1,"name":"Accueil","item":"https:\/\/kapitalis.com\/tunisie\/"},{"@type":"ListItem","position":2,"name":"Magasin g\u00e9n\u00e9ral annonce une hausse de 7,19% de son chiffre d&rsquo;affaires en 2019"}]},{"@type":"WebSite","@id":"https:\/\/kapitalis.com\/tunisie\/#website","url":"https:\/\/kapitalis.com\/tunisie\/","name":"Kapitalis","description":"L&#039;actualit\u00e9 en Tunisie et dans le monde","publisher":{"@id":"https:\/\/kapitalis.com\/tunisie\/#organization"},"potentialAction":[{"@type":"SearchAction","target":{"@type":"EntryPoint","urlTemplate":"https:\/\/kapitalis.com\/tunisie\/?s={search_term_string}"},"query-input":{"@type":"PropertyValueSpecification","valueRequired":true,"valueName":"search_term_string"}}],"inLanguage":"fr-FR"},{"@type":"Organization","@id":"https:\/\/kapitalis.com\/tunisie\/#organization","name":"Kapitalis","url":"https:\/\/kapitalis.com\/tunisie\/","logo":{"@type":"ImageObject","inLanguage":"fr-FR","@id":"https:\/\/kapitalis.com\/tunisie\/#\/schema\/logo\/image\/","url":"https:\/\/kapitalis.com\/tunisie\/wp-content\/uploads\/2022\/05\/Kapitalis-big-size.png","contentUrl":"https:\/\/kapitalis.com\/tunisie\/wp-content\/uploads\/2022\/05\/Kapitalis-big-size.png","width":5000,"height":1500,"caption":"Kapitalis"},"image":{"@id":"https:\/\/kapitalis.com\/tunisie\/#\/schema\/logo\/image\/"},"sameAs":["https:\/\/www.facebook.com\/KapitalisInfo\/","https:\/\/x.com\/KapitalisInfo","https:\/\/www.youtube.com\/channel\/UC-yDYrHyfFBWWZaOw3FPg9Q"]},{"@type":"Person","@id":"https:\/\/kapitalis.com\/tunisie\/#\/schema\/person\/093913313d3017554cb3ad077fff3fbd","name":"Amina Mkada","url":"https:\/\/kapitalis.com\/tunisie\/author\/amina\/"}]}},"_links":{"self":[{"href":"https:\/\/kapitalis.com\/tunisie\/wp-json\/wp\/v2\/posts\/279387","targetHints":{"allow":["GET"]}}],"collection":[{"href":"https:\/\/kapitalis.com\/tunisie\/wp-json\/wp\/v2\/posts"}],"about":[{"href":"https:\/\/kapitalis.com\/tunisie\/wp-json\/wp\/v2\/types\/post"}],"author":[{"embeddable":true,"href":"https:\/\/kapitalis.com\/tunisie\/wp-json\/wp\/v2\/users\/22"}],"replies":[{"embeddable":true,"href":"https:\/\/kapitalis.com\/tunisie\/wp-json\/wp\/v2\/comments?post=279387"}],"version-history":[{"count":0,"href":"https:\/\/kapitalis.com\/tunisie\/wp-json\/wp\/v2\/posts\/279387\/revisions"}],"wp:attachment":[{"href":"https:\/\/kapitalis.com\/tunisie\/wp-json\/wp\/v2\/media?parent=279387"}],"wp:term":[{"taxonomy":"category","embeddable":true,"href":"https:\/\/kapitalis.com\/tunisie\/wp-json\/wp\/v2\/categories?post=279387"},{"taxonomy":"post_tag","embeddable":true,"href":"https:\/\/kapitalis.com\/tunisie\/wp-json\/wp\/v2\/tags?post=279387"}],"curies":[{"name":"wp","href":"https:\/\/api.w.org\/{rel}","templated":true}]}}