{"id":279470,"date":"2020-02-06T17:08:11","date_gmt":"2020-02-06T16:08:11","guid":{"rendered":"http:\/\/kapitalis.com\/tunisie\/?p=279470"},"modified":"2020-02-06T18:06:36","modified_gmt":"2020-02-06T17:06:36","slug":"ennahdha-nest-concerne-par-aucun-portefeuille-ministeriel-jusqua-nouvel-ordre","status":"publish","type":"post","link":"https:\/\/kapitalis.com\/tunisie\/2020\/02\/06\/ennahdha-nest-concerne-par-aucun-portefeuille-ministeriel-jusqua-nouvel-ordre\/","title":{"rendered":"Ennahdha n&rsquo;est concern\u00e9 par aucun portefeuille minist\u00e9riel&#8230; jusqu&rsquo;\u00e0 nouvel ordre"},"content":{"rendered":"\n<figure class=\"wp-block-image size-large\"><img decoding=\"async\" src=\"http:\/\/kapitalis.com\/tunisie\/wp-content\/uploads\/2020\/02\/Fakhfakh-Ghannouchi.jpg\" alt=\"\" class=\"wp-image-279092\"\/><\/figure>\n\n\n\n<p><em><strong>Le bras-de-fer entre Ennahdha qui veut, co\u00fbte que co\u00fbte, int\u00e9grer Qalb Tounes au prochain gouvernement, et Elyes Fakhfakh, qui a choisi d&rsquo;\u00e9carter ce parti, se poursuit&#8230;<\/strong><\/em><\/p>\n\n\n\n<!--more-->\n\n\n\n<p>Le porte-parole du parti islamiste, Imed Khemiri, a fait savoir aux m\u00e9dias, aujourd&rsquo;hui, 6 f\u00e9vrier 2020, que son mouvement n&rsquo;est pas concern\u00e9 par l&rsquo;attribution des d\u00e9partements minist\u00e9riels dans le cadre du gouvernement Fakhfakh.<\/p>\n\n\n\n<p>Ennahdha n&rsquo;a donc propos\u00e9 aucun nom au charg\u00e9 de former le prochain gouvernement, Elyes Fakfakh, ne donnant, ainsi, pas suite \u00e0 sa demande, \u00e0 cet effet, \u00e0 l&rsquo;attention des partis avec lesquels il m\u00e8ne actuellement des concertations officielles.<\/p>\n\n\n\n<p>Khemiri a, par ailleurs, pr\u00e9cis\u00e9 qu&rsquo;Ennahdha est dans l&rsquo;attente d&rsquo;un accord avec le chef du gouvernement d\u00e9sign\u00e9, qui correspond \u00e0 sa vision de mettre en place \u00ab<em>un gouvernement d\u2019unit\u00e9 nationale qui n\u2019exclue&nbsp;aucune partie et qui soit soutenu par une large coalition politique<\/em>\u00bb. Autrement dit, un gouvernement qui int\u00e8gre aussi Qalb Tounes.<\/p>\n\n\n\n<p>Rappelons que le pr\u00e9sident d&rsquo;Ennahdha, Rached Ghannouchi, a r\u00e9uni ce matin, chez lui, Fakhfakh et le pr\u00e9sident de Qalb Tounes, Nabil Karoui, en vue de convaincre le premier d&rsquo;int\u00e9grer le parti du second \u00e0 son gouvernement. Rien n&rsquo;a filtr\u00e9 sur les discussions et aucun accord n&rsquo;a \u00e9t\u00e9 annonc\u00e9 par aucune des trois parties, et on peut donc estimer  que  la situation est encore au point mort, chacun campant sur ses positions. <\/p>\n\n\n\n<p>Notons \u00e9galement qu&rsquo;hier, le leader islamiste est pass\u00e9 \u00e0 la vitesse sup\u00e9rieure dans sa pression exerc\u00e9e sur Fakhfakh, en mena\u00e7ant m\u00e9diatiquement de ne pas le soutenir au parlement (et donc de faire tomber son gouvernement) s&rsquo;il s&rsquo;obstinait \u00e0 \u00e9carter Qalb Tounes. Et ce, quelques semaines seulement apr\u00e8s avoir lui-m\u00eame d\u00e9clar\u00e9 que&#8230; son mouvement ne participera pas \u00e0 un gouvernement incluant Qalb Tounes, \u00ab<em>le parti qui fait face \u00e0 des soup\u00e7ons de corruption<\/em>\u00bb, avait-il justifi\u00e9. Cherchez l&rsquo;erreur !<\/p>\n\n\n\n<p class=\"has-text-align-right\"><strong>C. B. Y.<\/strong><\/p>\n\n\n\n<figure class=\"wp-block-embed-wordpress wp-block-embed is-type-wp-embed is-provider-kapitalis\"><div class=\"wp-block-embed__wrapper\">\n<blockquote class=\"wp-embedded-content\" data-secret=\"80LIHOnvBh\"><a href=\"https:\/\/kapitalis.com\/tunisie\/2020\/02\/06\/formation-du-gouvernement-ghannouchi-reunit-karoui-et-fakhfakh\/\">Formation du gouvernement : Ghannouchi r\u00e9unit Karoui et Fakhfakh<\/a><\/blockquote><iframe loading=\"lazy\" class=\"wp-embedded-content\" sandbox=\"allow-scripts\" security=\"restricted\" style=\"position: absolute; clip: rect(1px, 1px, 1px, 1px);\" title=\"\u00ab\u00a0Formation du gouvernement : Ghannouchi r\u00e9unit Karoui et Fakhfakh\u00a0\u00bb &#8212; Kapitalis\" src=\"https:\/\/kapitalis.com\/tunisie\/2020\/02\/06\/formation-du-gouvernement-ghannouchi-reunit-karoui-et-fakhfakh\/embed\/#?secret=DHyZBBL1xb#?secret=80LIHOnvBh\" data-secret=\"80LIHOnvBh\" width=\"600\" height=\"338\" frameborder=\"0\" marginwidth=\"0\" marginheight=\"0\" scrolling=\"no\"><\/iframe>\n<\/div><\/figure>\n\n\n\n<figure class=\"wp-block-embed-wordpress wp-block-embed is-type-wp-embed is-provider-kapitalis\"><div class=\"wp-block-embed__wrapper\">\n<blockquote class=\"wp-embedded-content\" data-secret=\"X0M5EirObR\"><a href=\"https:\/\/kapitalis.com\/tunisie\/2020\/02\/06\/le-mariage-catholique-entre-rchouda-et-bilou-se-consomme\/\">Le mariage catholique entre Rchouda et Bilou se consomme\u2026<\/a><\/blockquote><iframe loading=\"lazy\" class=\"wp-embedded-content\" sandbox=\"allow-scripts\" security=\"restricted\" style=\"position: absolute; clip: rect(1px, 1px, 1px, 1px);\" title=\"\u00ab\u00a0Le mariage catholique entre Rchouda et Bilou se consomme\u2026\u00a0\u00bb &#8212; Kapitalis\" src=\"https:\/\/kapitalis.com\/tunisie\/2020\/02\/06\/le-mariage-catholique-entre-rchouda-et-bilou-se-consomme\/embed\/#?secret=flVMO3eU4e#?secret=X0M5EirObR\" data-secret=\"X0M5EirObR\" width=\"600\" height=\"338\" frameborder=\"0\" marginwidth=\"0\" marginheight=\"0\" scrolling=\"no\"><\/iframe>\n<\/div><\/figure>\n","protected":false},"excerpt":{"rendered":"<p>Le bras-de-fer entre Ennahdha qui veut, co\u00fbte que co\u00fbte, int\u00e9grer Qalb Tounes au prochain gouvernement, et Elyes Fakhfakh, qui a choisi d&rsquo;\u00e9carter ce parti, se poursuit&#8230;<\/p>\n","protected":false},"author":24,"featured_media":0,"comment_status":"open","ping_status":"open","sticky":false,"template":"","format":"standard","meta":{"footnotes":""},"categories":[997,2433],"tags":[74238,27831,74237,758],"class_list":["post-279470","post","type-post","status-publish","format-standard","hentry","category-politique","category-tunisie","tag-eles-fakhfakh","tag-imed-khemiri","tag-rached","tag-rached-ghannouchi"],"yoast_head":"<!-- This site is optimized with the Yoast SEO plugin v26.6 - https:\/\/yoast.com\/wordpress\/plugins\/seo\/ -->\n<title>Ennahdha n&#039;est concern\u00e9 par aucun portefeuille minist\u00e9riel... jusqu&#039;\u00e0 nouvel ordre - Kapitalis<\/title>\n<meta name=\"robots\" content=\"index, follow, max-snippet:-1, max-image-preview:large, max-video-preview:-1\" \/>\n<link rel=\"canonical\" href=\"https:\/\/kapitalis.com\/tunisie\/2020\/02\/06\/ennahdha-nest-concerne-par-aucun-portefeuille-ministeriel-jusqua-nouvel-ordre\/\" \/>\n<meta property=\"og:locale\" content=\"fr_FR\" \/>\n<meta property=\"og:type\" content=\"article\" \/>\n<meta property=\"og:title\" content=\"Ennahdha n&#039;est concern\u00e9 par aucun portefeuille minist\u00e9riel... jusqu&#039;\u00e0 nouvel ordre - Kapitalis\" \/>\n<meta property=\"og:description\" content=\"Le bras-de-fer entre Ennahdha qui veut, co\u00fbte que co\u00fbte, int\u00e9grer Qalb Tounes au prochain gouvernement, et Elyes Fakhfakh, qui a choisi d&rsquo;\u00e9carter ce parti, se poursuit&#8230;\" \/>\n<meta property=\"og:url\" content=\"https:\/\/kapitalis.com\/tunisie\/2020\/02\/06\/ennahdha-nest-concerne-par-aucun-portefeuille-ministeriel-jusqua-nouvel-ordre\/\" \/>\n<meta property=\"og:site_name\" content=\"Kapitalis\" \/>\n<meta property=\"article:publisher\" content=\"https:\/\/www.facebook.com\/KapitalisInfo\/\" \/>\n<meta property=\"article:published_time\" content=\"2020-02-06T16:08:11+00:00\" \/>\n<meta property=\"article:modified_time\" content=\"2020-02-06T17:06:36+00:00\" \/>\n<meta property=\"og:image\" content=\"http:\/\/kapitalis.com\/tunisie\/wp-content\/uploads\/2020\/02\/Fakhfakh-Ghannouchi.jpg\" \/>\n<meta name=\"author\" content=\"Cherif Benyounes\" \/>\n<meta name=\"twitter:card\" content=\"summary_large_image\" \/>\n<meta name=\"twitter:creator\" content=\"@KapitalisInfo\" \/>\n<meta name=\"twitter:site\" content=\"@KapitalisInfo\" \/>\n<meta name=\"twitter:label1\" content=\"\u00c9crit par\" \/>\n\t<meta name=\"twitter:data1\" content=\"Cherif Benyounes\" \/>\n\t<meta name=\"twitter:label2\" content=\"Dur\u00e9e de lecture estim\u00e9e\" \/>\n\t<meta name=\"twitter:data2\" content=\"2 minutes\" \/>\n<script type=\"application\/ld+json\" class=\"yoast-schema-graph\">{\"@context\":\"https:\/\/schema.org\",\"@graph\":[{\"@type\":\"Article\",\"@id\":\"https:\/\/kapitalis.com\/tunisie\/2020\/02\/06\/ennahdha-nest-concerne-par-aucun-portefeuille-ministeriel-jusqua-nouvel-ordre\/#article\",\"isPartOf\":{\"@id\":\"https:\/\/kapitalis.com\/tunisie\/2020\/02\/06\/ennahdha-nest-concerne-par-aucun-portefeuille-ministeriel-jusqua-nouvel-ordre\/\"},\"author\":{\"name\":\"Cherif Benyounes\",\"@id\":\"https:\/\/kapitalis.com\/tunisie\/#\/schema\/person\/b35b8d631961131107263178aeb8019e\"},\"headline\":\"Ennahdha n&rsquo;est concern\u00e9 par aucun portefeuille minist\u00e9riel&#8230; jusqu&rsquo;\u00e0 nouvel ordre\",\"datePublished\":\"2020-02-06T16:08:11+00:00\",\"dateModified\":\"2020-02-06T17:06:36+00:00\",\"mainEntityOfPage\":{\"@id\":\"https:\/\/kapitalis.com\/tunisie\/2020\/02\/06\/ennahdha-nest-concerne-par-aucun-portefeuille-ministeriel-jusqua-nouvel-ordre\/\"},\"wordCount\":336,\"commentCount\":1,\"publisher\":{\"@id\":\"https:\/\/kapitalis.com\/tunisie\/#organization\"},\"image\":{\"@id\":\"https:\/\/kapitalis.com\/tunisie\/2020\/02\/06\/ennahdha-nest-concerne-par-aucun-portefeuille-ministeriel-jusqua-nouvel-ordre\/#primaryimage\"},\"thumbnailUrl\":\"http:\/\/kapitalis.com\/tunisie\/wp-content\/uploads\/2020\/02\/Fakhfakh-Ghannouchi.jpg\",\"keywords\":[\"eles fakhfakh\",\"Imed Khemiri\",\"rached\",\"Rached Ghannouchi\"],\"articleSection\":[\"POLITIQUE\",\"Tunisie\"],\"inLanguage\":\"fr-FR\",\"potentialAction\":[{\"@type\":\"CommentAction\",\"name\":\"Comment\",\"target\":[\"https:\/\/kapitalis.com\/tunisie\/2020\/02\/06\/ennahdha-nest-concerne-par-aucun-portefeuille-ministeriel-jusqua-nouvel-ordre\/#respond\"]}]},{\"@type\":\"WebPage\",\"@id\":\"https:\/\/kapitalis.com\/tunisie\/2020\/02\/06\/ennahdha-nest-concerne-par-aucun-portefeuille-ministeriel-jusqua-nouvel-ordre\/\",\"url\":\"https:\/\/kapitalis.com\/tunisie\/2020\/02\/06\/ennahdha-nest-concerne-par-aucun-portefeuille-ministeriel-jusqua-nouvel-ordre\/\",\"name\":\"Ennahdha n'est concern\u00e9 par aucun portefeuille minist\u00e9riel... jusqu'\u00e0 nouvel ordre - Kapitalis\",\"isPartOf\":{\"@id\":\"https:\/\/kapitalis.com\/tunisie\/#website\"},\"primaryImageOfPage\":{\"@id\":\"https:\/\/kapitalis.com\/tunisie\/2020\/02\/06\/ennahdha-nest-concerne-par-aucun-portefeuille-ministeriel-jusqua-nouvel-ordre\/#primaryimage\"},\"image\":{\"@id\":\"https:\/\/kapitalis.com\/tunisie\/2020\/02\/06\/ennahdha-nest-concerne-par-aucun-portefeuille-ministeriel-jusqua-nouvel-ordre\/#primaryimage\"},\"thumbnailUrl\":\"http:\/\/kapitalis.com\/tunisie\/wp-content\/uploads\/2020\/02\/Fakhfakh-Ghannouchi.jpg\",\"datePublished\":\"2020-02-06T16:08:11+00:00\",\"dateModified\":\"2020-02-06T17:06:36+00:00\",\"breadcrumb\":{\"@id\":\"https:\/\/kapitalis.com\/tunisie\/2020\/02\/06\/ennahdha-nest-concerne-par-aucun-portefeuille-ministeriel-jusqua-nouvel-ordre\/#breadcrumb\"},\"inLanguage\":\"fr-FR\",\"potentialAction\":[{\"@type\":\"ReadAction\",\"target\":[\"https:\/\/kapitalis.com\/tunisie\/2020\/02\/06\/ennahdha-nest-concerne-par-aucun-portefeuille-ministeriel-jusqua-nouvel-ordre\/\"]}]},{\"@type\":\"ImageObject\",\"inLanguage\":\"fr-FR\",\"@id\":\"https:\/\/kapitalis.com\/tunisie\/2020\/02\/06\/ennahdha-nest-concerne-par-aucun-portefeuille-ministeriel-jusqua-nouvel-ordre\/#primaryimage\",\"url\":\"\",\"contentUrl\":\"\"},{\"@type\":\"BreadcrumbList\",\"@id\":\"https:\/\/kapitalis.com\/tunisie\/2020\/02\/06\/ennahdha-nest-concerne-par-aucun-portefeuille-ministeriel-jusqua-nouvel-ordre\/#breadcrumb\",\"itemListElement\":[{\"@type\":\"ListItem\",\"position\":1,\"name\":\"Accueil\",\"item\":\"https:\/\/kapitalis.com\/tunisie\/\"},{\"@type\":\"ListItem\",\"position\":2,\"name\":\"Ennahdha n&rsquo;est concern\u00e9 par aucun portefeuille minist\u00e9riel&#8230; jusqu&rsquo;\u00e0 nouvel ordre\"}]},{\"@type\":\"WebSite\",\"@id\":\"https:\/\/kapitalis.com\/tunisie\/#website\",\"url\":\"https:\/\/kapitalis.com\/tunisie\/\",\"name\":\"Kapitalis\",\"description\":\"L&#039;actualit\u00e9 en Tunisie et dans le monde\",\"publisher\":{\"@id\":\"https:\/\/kapitalis.com\/tunisie\/#organization\"},\"potentialAction\":[{\"@type\":\"SearchAction\",\"target\":{\"@type\":\"EntryPoint\",\"urlTemplate\":\"https:\/\/kapitalis.com\/tunisie\/?s={search_term_string}\"},\"query-input\":{\"@type\":\"PropertyValueSpecification\",\"valueRequired\":true,\"valueName\":\"search_term_string\"}}],\"inLanguage\":\"fr-FR\"},{\"@type\":\"Organization\",\"@id\":\"https:\/\/kapitalis.com\/tunisie\/#organization\",\"name\":\"Kapitalis\",\"url\":\"https:\/\/kapitalis.com\/tunisie\/\",\"logo\":{\"@type\":\"ImageObject\",\"inLanguage\":\"fr-FR\",\"@id\":\"https:\/\/kapitalis.com\/tunisie\/#\/schema\/logo\/image\/\",\"url\":\"https:\/\/kapitalis.com\/tunisie\/wp-content\/uploads\/2022\/05\/Kapitalis-big-size.png\",\"contentUrl\":\"https:\/\/kapitalis.com\/tunisie\/wp-content\/uploads\/2022\/05\/Kapitalis-big-size.png\",\"width\":5000,\"height\":1500,\"caption\":\"Kapitalis\"},\"image\":{\"@id\":\"https:\/\/kapitalis.com\/tunisie\/#\/schema\/logo\/image\/\"},\"sameAs\":[\"https:\/\/www.facebook.com\/KapitalisInfo\/\",\"https:\/\/x.com\/KapitalisInfo\",\"https:\/\/www.youtube.com\/channel\/UC-yDYrHyfFBWWZaOw3FPg9Q\"]},{\"@type\":\"Person\",\"@id\":\"https:\/\/kapitalis.com\/tunisie\/#\/schema\/person\/b35b8d631961131107263178aeb8019e\",\"name\":\"Cherif Benyounes\",\"url\":\"https:\/\/kapitalis.com\/tunisie\/author\/cherif\/\"}]}<\/script>\n<!-- \/ Yoast SEO plugin. -->","yoast_head_json":{"title":"Ennahdha n'est concern\u00e9 par aucun portefeuille minist\u00e9riel... jusqu'\u00e0 nouvel ordre - Kapitalis","robots":{"index":"index","follow":"follow","max-snippet":"max-snippet:-1","max-image-preview":"max-image-preview:large","max-video-preview":"max-video-preview:-1"},"canonical":"https:\/\/kapitalis.com\/tunisie\/2020\/02\/06\/ennahdha-nest-concerne-par-aucun-portefeuille-ministeriel-jusqua-nouvel-ordre\/","og_locale":"fr_FR","og_type":"article","og_title":"Ennahdha n'est concern\u00e9 par aucun portefeuille minist\u00e9riel... jusqu'\u00e0 nouvel ordre - Kapitalis","og_description":"Le bras-de-fer entre Ennahdha qui veut, co\u00fbte que co\u00fbte, int\u00e9grer Qalb Tounes au prochain gouvernement, et Elyes Fakhfakh, qui a choisi d&rsquo;\u00e9carter ce parti, se poursuit&#8230;","og_url":"https:\/\/kapitalis.com\/tunisie\/2020\/02\/06\/ennahdha-nest-concerne-par-aucun-portefeuille-ministeriel-jusqua-nouvel-ordre\/","og_site_name":"Kapitalis","article_publisher":"https:\/\/www.facebook.com\/KapitalisInfo\/","article_published_time":"2020-02-06T16:08:11+00:00","article_modified_time":"2020-02-06T17:06:36+00:00","og_image":[{"url":"http:\/\/kapitalis.com\/tunisie\/wp-content\/uploads\/2020\/02\/Fakhfakh-Ghannouchi.jpg","type":"","width":"","height":""}],"author":"Cherif Benyounes","twitter_card":"summary_large_image","twitter_creator":"@KapitalisInfo","twitter_site":"@KapitalisInfo","twitter_misc":{"\u00c9crit par":"Cherif Benyounes","Dur\u00e9e de lecture estim\u00e9e":"2 minutes"},"schema":{"@context":"https:\/\/schema.org","@graph":[{"@type":"Article","@id":"https:\/\/kapitalis.com\/tunisie\/2020\/02\/06\/ennahdha-nest-concerne-par-aucun-portefeuille-ministeriel-jusqua-nouvel-ordre\/#article","isPartOf":{"@id":"https:\/\/kapitalis.com\/tunisie\/2020\/02\/06\/ennahdha-nest-concerne-par-aucun-portefeuille-ministeriel-jusqua-nouvel-ordre\/"},"author":{"name":"Cherif Benyounes","@id":"https:\/\/kapitalis.com\/tunisie\/#\/schema\/person\/b35b8d631961131107263178aeb8019e"},"headline":"Ennahdha n&rsquo;est concern\u00e9 par aucun portefeuille minist\u00e9riel&#8230; jusqu&rsquo;\u00e0 nouvel ordre","datePublished":"2020-02-06T16:08:11+00:00","dateModified":"2020-02-06T17:06:36+00:00","mainEntityOfPage":{"@id":"https:\/\/kapitalis.com\/tunisie\/2020\/02\/06\/ennahdha-nest-concerne-par-aucun-portefeuille-ministeriel-jusqua-nouvel-ordre\/"},"wordCount":336,"commentCount":1,"publisher":{"@id":"https:\/\/kapitalis.com\/tunisie\/#organization"},"image":{"@id":"https:\/\/kapitalis.com\/tunisie\/2020\/02\/06\/ennahdha-nest-concerne-par-aucun-portefeuille-ministeriel-jusqua-nouvel-ordre\/#primaryimage"},"thumbnailUrl":"http:\/\/kapitalis.com\/tunisie\/wp-content\/uploads\/2020\/02\/Fakhfakh-Ghannouchi.jpg","keywords":["eles fakhfakh","Imed Khemiri","rached","Rached Ghannouchi"],"articleSection":["POLITIQUE","Tunisie"],"inLanguage":"fr-FR","potentialAction":[{"@type":"CommentAction","name":"Comment","target":["https:\/\/kapitalis.com\/tunisie\/2020\/02\/06\/ennahdha-nest-concerne-par-aucun-portefeuille-ministeriel-jusqua-nouvel-ordre\/#respond"]}]},{"@type":"WebPage","@id":"https:\/\/kapitalis.com\/tunisie\/2020\/02\/06\/ennahdha-nest-concerne-par-aucun-portefeuille-ministeriel-jusqua-nouvel-ordre\/","url":"https:\/\/kapitalis.com\/tunisie\/2020\/02\/06\/ennahdha-nest-concerne-par-aucun-portefeuille-ministeriel-jusqua-nouvel-ordre\/","name":"Ennahdha n'est concern\u00e9 par aucun portefeuille minist\u00e9riel... jusqu'\u00e0 nouvel ordre - Kapitalis","isPartOf":{"@id":"https:\/\/kapitalis.com\/tunisie\/#website"},"primaryImageOfPage":{"@id":"https:\/\/kapitalis.com\/tunisie\/2020\/02\/06\/ennahdha-nest-concerne-par-aucun-portefeuille-ministeriel-jusqua-nouvel-ordre\/#primaryimage"},"image":{"@id":"https:\/\/kapitalis.com\/tunisie\/2020\/02\/06\/ennahdha-nest-concerne-par-aucun-portefeuille-ministeriel-jusqua-nouvel-ordre\/#primaryimage"},"thumbnailUrl":"http:\/\/kapitalis.com\/tunisie\/wp-content\/uploads\/2020\/02\/Fakhfakh-Ghannouchi.jpg","datePublished":"2020-02-06T16:08:11+00:00","dateModified":"2020-02-06T17:06:36+00:00","breadcrumb":{"@id":"https:\/\/kapitalis.com\/tunisie\/2020\/02\/06\/ennahdha-nest-concerne-par-aucun-portefeuille-ministeriel-jusqua-nouvel-ordre\/#breadcrumb"},"inLanguage":"fr-FR","potentialAction":[{"@type":"ReadAction","target":["https:\/\/kapitalis.com\/tunisie\/2020\/02\/06\/ennahdha-nest-concerne-par-aucun-portefeuille-ministeriel-jusqua-nouvel-ordre\/"]}]},{"@type":"ImageObject","inLanguage":"fr-FR","@id":"https:\/\/kapitalis.com\/tunisie\/2020\/02\/06\/ennahdha-nest-concerne-par-aucun-portefeuille-ministeriel-jusqua-nouvel-ordre\/#primaryimage","url":"","contentUrl":""},{"@type":"BreadcrumbList","@id":"https:\/\/kapitalis.com\/tunisie\/2020\/02\/06\/ennahdha-nest-concerne-par-aucun-portefeuille-ministeriel-jusqua-nouvel-ordre\/#breadcrumb","itemListElement":[{"@type":"ListItem","position":1,"name":"Accueil","item":"https:\/\/kapitalis.com\/tunisie\/"},{"@type":"ListItem","position":2,"name":"Ennahdha n&rsquo;est concern\u00e9 par aucun portefeuille minist\u00e9riel&#8230; jusqu&rsquo;\u00e0 nouvel ordre"}]},{"@type":"WebSite","@id":"https:\/\/kapitalis.com\/tunisie\/#website","url":"https:\/\/kapitalis.com\/tunisie\/","name":"Kapitalis","description":"L&#039;actualit\u00e9 en Tunisie et dans le monde","publisher":{"@id":"https:\/\/kapitalis.com\/tunisie\/#organization"},"potentialAction":[{"@type":"SearchAction","target":{"@type":"EntryPoint","urlTemplate":"https:\/\/kapitalis.com\/tunisie\/?s={search_term_string}"},"query-input":{"@type":"PropertyValueSpecification","valueRequired":true,"valueName":"search_term_string"}}],"inLanguage":"fr-FR"},{"@type":"Organization","@id":"https:\/\/kapitalis.com\/tunisie\/#organization","name":"Kapitalis","url":"https:\/\/kapitalis.com\/tunisie\/","logo":{"@type":"ImageObject","inLanguage":"fr-FR","@id":"https:\/\/kapitalis.com\/tunisie\/#\/schema\/logo\/image\/","url":"https:\/\/kapitalis.com\/tunisie\/wp-content\/uploads\/2022\/05\/Kapitalis-big-size.png","contentUrl":"https:\/\/kapitalis.com\/tunisie\/wp-content\/uploads\/2022\/05\/Kapitalis-big-size.png","width":5000,"height":1500,"caption":"Kapitalis"},"image":{"@id":"https:\/\/kapitalis.com\/tunisie\/#\/schema\/logo\/image\/"},"sameAs":["https:\/\/www.facebook.com\/KapitalisInfo\/","https:\/\/x.com\/KapitalisInfo","https:\/\/www.youtube.com\/channel\/UC-yDYrHyfFBWWZaOw3FPg9Q"]},{"@type":"Person","@id":"https:\/\/kapitalis.com\/tunisie\/#\/schema\/person\/b35b8d631961131107263178aeb8019e","name":"Cherif Benyounes","url":"https:\/\/kapitalis.com\/tunisie\/author\/cherif\/"}]}},"_links":{"self":[{"href":"https:\/\/kapitalis.com\/tunisie\/wp-json\/wp\/v2\/posts\/279470","targetHints":{"allow":["GET"]}}],"collection":[{"href":"https:\/\/kapitalis.com\/tunisie\/wp-json\/wp\/v2\/posts"}],"about":[{"href":"https:\/\/kapitalis.com\/tunisie\/wp-json\/wp\/v2\/types\/post"}],"author":[{"embeddable":true,"href":"https:\/\/kapitalis.com\/tunisie\/wp-json\/wp\/v2\/users\/24"}],"replies":[{"embeddable":true,"href":"https:\/\/kapitalis.com\/tunisie\/wp-json\/wp\/v2\/comments?post=279470"}],"version-history":[{"count":0,"href":"https:\/\/kapitalis.com\/tunisie\/wp-json\/wp\/v2\/posts\/279470\/revisions"}],"wp:attachment":[{"href":"https:\/\/kapitalis.com\/tunisie\/wp-json\/wp\/v2\/media?parent=279470"}],"wp:term":[{"taxonomy":"category","embeddable":true,"href":"https:\/\/kapitalis.com\/tunisie\/wp-json\/wp\/v2\/categories?post=279470"},{"taxonomy":"post_tag","embeddable":true,"href":"https:\/\/kapitalis.com\/tunisie\/wp-json\/wp\/v2\/tags?post=279470"}],"curies":[{"name":"wp","href":"https:\/\/api.w.org\/{rel}","templated":true}]}}