{"id":279618,"date":"2020-02-07T11:23:14","date_gmt":"2020-02-07T10:23:14","guid":{"rendered":"http:\/\/kapitalis.com\/tunisie\/?p=279618"},"modified":"2020-02-07T11:23:19","modified_gmt":"2020-02-07T10:23:19","slug":"emouvantes-retrouvailles-du-trio-joubran-avec-le-public-tunisien","status":"publish","type":"post","link":"https:\/\/kapitalis.com\/tunisie\/2020\/02\/07\/emouvantes-retrouvailles-du-trio-joubran-avec-le-public-tunisien\/","title":{"rendered":"Emouvantes retrouvailles du Trio Joubran avec le public tunisien"},"content":{"rendered":"\n<figure class=\"wp-block-image size-large\"><img decoding=\"async\" src=\"http:\/\/kapitalis.com\/tunisie\/wp-content\/uploads\/2020\/02\/Trio-Joubran-Ban.jpg\" alt=\"\" class=\"wp-image-279620\"\/><\/figure>\n\n\n\n<p><strong><em> Dans le cadre du Festival arabe de musique engag\u00e9e, le Trio Joubran, groupe d\u2019instrumentistes palestiniens \u00e0 la renomm\u00e9e internationale, a offert un moment de grande musique au public tunisien, le soir du mardi 4 f\u00e9vrier 2020, \u00e0 la salle de l\u2019Op\u00e9ra, \u00e0 la Cit\u00e9 de la culture de Tunis.<\/em><\/strong><\/p>\n\n\n\n<p> Par <strong>Fawz Ben Ali<\/strong><\/p>\n\n\n\n<!--more-->\n\n\n\n<p> Le Festival arabe de musique engag\u00e9e qui avait d\u00e9marr\u00e9 le 1e f\u00e9vrier et qui s\u2019est cl\u00f4tur\u00e9 hier soir, jeudi 6 f\u00e9vrier, avec la chanteuse syrienne Fa\u00efa Younan, a investi cette ann\u00e9e, pour la premi\u00e8re, la Cit\u00e9 de la culture de Tunis, en plus des deux maisons de culture, Ibn Rachiq et Ibn Khaldoun.<\/p>\n\n\n\n<h3 class=\"wp-block-heading\"> Les ambassadeurs de la Palestine dans le monde<\/h3>\n\n\n\n<p> La date phare de cette \u00e9dition a \u00e9t\u00e9 celle du Trio Joubran, attendu depuis plusieurs ann\u00e9es en Tunisie o\u00f9 les trois musiciens palestiniens comptent un grand nombre de fans; d\u2019ailleurs les billets s\u2019\u00e9taient envol\u00e9s deux jours seulement apr\u00e8s leur mise en vente.<\/p>\n\n\n\n<p> C\u2019est donc \u00e0 guichet ferm\u00e9 que le trio de fr\u00e8res palestiniens originaires de Nazareth s\u2019est produit sur la sc\u00e8ne de l\u2019Op\u00e9ra, la plus grande salle du pays. Depuis leur premier concert en 2004 donn\u00e9 au Jardin du Luxembourg \u00e0 Paris, Samir, Wissam et Adnan Joubran ont sillonn\u00e9 les plus grandes sc\u00e8nes d\u2019Europe et d\u2019Am\u00e9rique; ils sont d\u00e9sormais les ambassadeurs de la culture et de la cause palestiniennes dans le monde.<\/p>\n\n\n\n<p> Apr\u00e8s une longue absence, les trois virtuoses du oud ont retrouv\u00e9 avec beaucoup d\u2019\u00e9motion le public tunisien. Une date avec laquelle ils ont choisi de cl\u00f4turer une longue tourn\u00e9e mondiale o\u00f9 ils s\u2019\u00e9taient fait accompagner notamment pas le percussionniste palestinien Youssef Hbeisch, qui fait d\u00e9sormais partie de la troupe.<em> \u00abHeureux de revenir en Tunisie, l\u00e0 o\u00f9 il y a eu la plus belle r\u00e9volution arabe, et qui repr\u00e9sente pour nous un deuxi\u00e8me pays et une deuxi\u00e8me famille\u00bb<\/em>, a confi\u00e9 le trio lors d\u2019un point de presse, quelques heures avant de monter sur sc\u00e8ne.<\/p>\n\n\n\n<p> Le oud repr\u00e9sente un h\u00e9ritage culturel mais aussi familial pour les fr\u00e8res Joubran, puisqu\u2019ils sont issus d\u2019une famille de luthistes sur quatre g\u00e9n\u00e9rations. L\u2019ensemble de leurs compositions tourne autour de cet instrument embl\u00e9matique de la musique arabe dont ils ont su pr\u00e9server l\u2019authenticit\u00e9 tout en l\u2019emmenant vers des registres plus modernes et plus jazzy o\u00f9 la m\u00e9lodie orientale rencontre les sons de la contrebasse et des percussions dans une parfaite harmonie.<\/p>\n\n\n\n<div class=\"wp-block-image\"><figure class=\"aligncenter size-large is-resized\"><img decoding=\"async\" src=\"http:\/\/kapitalis.com\/tunisie\/wp-content\/uploads\/2020\/02\/Trio-Joubran-2.jpg\" alt=\"\" class=\"wp-image-279621\" width=\"500\"\/><\/figure><\/div>\n\n\n\n<h3 class=\"wp-block-heading\"> Mahmoud Darwich, toujours l\u00e0\u2026<\/h3>\n\n\n\n<p> Depuis le tout d\u00e9but, la musique du Trio Joubran a \u00e9t\u00e9 associ\u00e9e \u00e0 la figure du grand po\u00e8te palestinien Mahmoud Darwich qui a toujours occup\u00e9 une place importante dans tous les albums, et dont la po\u00e9sie a donn\u00e9 voix aux compositions instrumentales du trio, on retiendra notamment le c\u00e9l\u00e9brissime <em>\u2018\u2018L\u2019art d\u2019aimer\u2019\u2019<\/em> (<em>Intadher\u2019ha<\/em>), ayant cumul\u00e9 des millions d\u2019\u00e9coutes sur les r\u00e9seaux sociaux et d\u00e9clench\u00e9 la notori\u00e9t\u00e9 du groupe. <em>\u00abNous ne pourrons jamais nous d\u00e9tacher de Mahmoud Darwich<\/em>\u00bb, soulignent-ils.<\/p>\n\n\n\n<p> Au sommet de leur art, les fr\u00e8res Joubran nous ont offert un d\u00e9licieux r\u00e9cital aux allures d\u2019un show ayant pour vedette un trio de luths comme on en entend tr\u00e8s peu d\u00e9sormais dans le monde arabe. Le concert \u00e9tait majoritairement consacr\u00e9 \u00e0 la d\u00e9couverte du nouvel album<em> \u2018\u2018The long march\u2019\u2019 <\/em>qui sort apr\u00e8s cinq ans d\u2019absence.<\/p>\n\n\n\n<p> Durant cette soir\u00e9e, on a \u00e9cout\u00e9 des titres de ce 6e album qui repr\u00e9sente un tournant dans la carri\u00e8re du Trio, puisqu\u2019il est marqu\u00e9 par une collaboration in\u00e9dite avec le chanteur, guitariste et cofondateur du l\u00e9gendaire groupe britannique Pink Floyd. En tant que fervent d\u00e9fenseur de la cause palestinienne, Waters a donn\u00e9 sa voix dans cet album \u00e0 des titres comme <em>\u2018\u2018Carry the earth\u2019\u2019 <\/em>(qui rend hommage aux enfants tu\u00e9s en 2014 sur une plage \u00e0 Gaza alors qu\u2019ils \u00e9taient en train de jouer), ou encore <em>\u2018\u2018Supremacy\u2019\u2019<\/em> (en r\u00e9ponse au pr\u00e9sident am\u00e9ricain Trump qui avait reconnu J\u00e9rusalem comme capitale d\u2019Isra\u00ebl), deux titres parmi d\u2019autre qui reprennent des po\u00e8mes de Darwich traduits en anglais.<\/p>\n\n\n\n<p> Le trio palestinien dont on se rappelle encore la belle performance au Th\u00e9\u00e2tre romain de Carthage en 2012, a promis de revenir tr\u00e8s prochainement en Tunisie, ce pays qu\u2019ils semblent tout particuli\u00e8rement ch\u00e9rir.<\/p>\n","protected":false},"excerpt":{"rendered":"<p>Dans le cadre du Festival arabe de musique engag\u00e9e, le Trio Joubran, groupe d\u2019instrumentistes palestiniens \u00e0 la renomm\u00e9e internationale, a offert un moment de grande musique au public tunisien, le soir du mardi 4 f\u00e9vrier 2020, \u00e0 la salle de l\u2019Op\u00e9ra, \u00e0 la Cit\u00e9 de la culture de Tunis. Par Fawz Ben Ali<\/p>\n","protected":false},"author":8,"featured_media":279620,"comment_status":"open","ping_status":"open","sticky":false,"template":"","format":"standard","meta":{"footnotes":""},"categories":[992,994,2433],"tags":[43554,73522,21487,73524],"class_list":["post-279618","post","type-post","status-publish","format-standard","has-post-thumbnail","hentry","category-a-la-une","category-culture","category-tunisie","tag-cite-de-la-culture-de-tunis","tag-festival-arabe-de-musique-engagee","tag-mahmoud-darwich","tag-trio-joubran"],"yoast_head":"<!-- This site is optimized with the Yoast SEO plugin v26.6 - https:\/\/yoast.com\/wordpress\/plugins\/seo\/ -->\n<title>Emouvantes retrouvailles du Trio Joubran avec le public tunisien - Kapitalis<\/title>\n<meta name=\"robots\" content=\"index, follow, max-snippet:-1, max-image-preview:large, max-video-preview:-1\" \/>\n<link rel=\"canonical\" href=\"https:\/\/kapitalis.com\/tunisie\/2020\/02\/07\/emouvantes-retrouvailles-du-trio-joubran-avec-le-public-tunisien\/\" \/>\n<meta property=\"og:locale\" content=\"fr_FR\" \/>\n<meta property=\"og:type\" content=\"article\" \/>\n<meta property=\"og:title\" content=\"Emouvantes retrouvailles du Trio Joubran avec le public tunisien - Kapitalis\" \/>\n<meta property=\"og:description\" content=\"Dans le cadre du Festival arabe de musique engag\u00e9e, le Trio Joubran, groupe d\u2019instrumentistes palestiniens \u00e0 la renomm\u00e9e internationale, a offert un moment de grande musique au public tunisien, le soir du mardi 4 f\u00e9vrier 2020, \u00e0 la salle de l\u2019Op\u00e9ra, \u00e0 la Cit\u00e9 de la culture de Tunis. Par Fawz Ben Ali\" \/>\n<meta property=\"og:url\" content=\"https:\/\/kapitalis.com\/tunisie\/2020\/02\/07\/emouvantes-retrouvailles-du-trio-joubran-avec-le-public-tunisien\/\" \/>\n<meta property=\"og:site_name\" content=\"Kapitalis\" \/>\n<meta property=\"article:publisher\" content=\"https:\/\/www.facebook.com\/KapitalisInfo\/\" \/>\n<meta property=\"article:published_time\" content=\"2020-02-07T10:23:14+00:00\" \/>\n<meta property=\"article:modified_time\" content=\"2020-02-07T10:23:19+00:00\" \/>\n<meta property=\"og:image\" content=\"https:\/\/kapitalis.com\/tunisie\/wp-content\/uploads\/2022\/05\/kapitalis-logo-fb.png\" \/>\n\t<meta property=\"og:image:width\" content=\"1200\" \/>\n\t<meta property=\"og:image:height\" content=\"630\" \/>\n\t<meta property=\"og:image:type\" content=\"image\/png\" \/>\n<meta name=\"author\" content=\"webmaster kapitalis\" \/>\n<meta name=\"twitter:card\" content=\"summary_large_image\" \/>\n<meta name=\"twitter:creator\" content=\"@KapitalisInfo\" \/>\n<meta name=\"twitter:site\" content=\"@KapitalisInfo\" \/>\n<meta name=\"twitter:label1\" content=\"\u00c9crit par\" \/>\n\t<meta name=\"twitter:data1\" content=\"webmaster kapitalis\" \/>\n\t<meta name=\"twitter:label2\" content=\"Dur\u00e9e de lecture estim\u00e9e\" \/>\n\t<meta name=\"twitter:data2\" content=\"4 minutes\" \/>\n<script type=\"application\/ld+json\" class=\"yoast-schema-graph\">{\"@context\":\"https:\/\/schema.org\",\"@graph\":[{\"@type\":\"Article\",\"@id\":\"https:\/\/kapitalis.com\/tunisie\/2020\/02\/07\/emouvantes-retrouvailles-du-trio-joubran-avec-le-public-tunisien\/#article\",\"isPartOf\":{\"@id\":\"https:\/\/kapitalis.com\/tunisie\/2020\/02\/07\/emouvantes-retrouvailles-du-trio-joubran-avec-le-public-tunisien\/\"},\"author\":{\"name\":\"webmaster kapitalis\",\"@id\":\"https:\/\/kapitalis.com\/tunisie\/#\/schema\/person\/d71f33a9ca44f7bad4698210b480c8e9\"},\"headline\":\"Emouvantes retrouvailles du Trio Joubran avec le public tunisien\",\"datePublished\":\"2020-02-07T10:23:14+00:00\",\"dateModified\":\"2020-02-07T10:23:19+00:00\",\"mainEntityOfPage\":{\"@id\":\"https:\/\/kapitalis.com\/tunisie\/2020\/02\/07\/emouvantes-retrouvailles-du-trio-joubran-avec-le-public-tunisien\/\"},\"wordCount\":768,\"commentCount\":0,\"publisher\":{\"@id\":\"https:\/\/kapitalis.com\/tunisie\/#organization\"},\"image\":{\"@id\":\"https:\/\/kapitalis.com\/tunisie\/2020\/02\/07\/emouvantes-retrouvailles-du-trio-joubran-avec-le-public-tunisien\/#primaryimage\"},\"thumbnailUrl\":\"\",\"keywords\":[\"Cit\u00e9 de la Culture de Tunis\",\"Festival arabe de musique engag\u00e9e\",\"Mahmoud Darwich\",\"Trio Joubran\"],\"articleSection\":[\"A LA UNE\",\"CULTURE\",\"Tunisie\"],\"inLanguage\":\"fr-FR\",\"potentialAction\":[{\"@type\":\"CommentAction\",\"name\":\"Comment\",\"target\":[\"https:\/\/kapitalis.com\/tunisie\/2020\/02\/07\/emouvantes-retrouvailles-du-trio-joubran-avec-le-public-tunisien\/#respond\"]}]},{\"@type\":\"WebPage\",\"@id\":\"https:\/\/kapitalis.com\/tunisie\/2020\/02\/07\/emouvantes-retrouvailles-du-trio-joubran-avec-le-public-tunisien\/\",\"url\":\"https:\/\/kapitalis.com\/tunisie\/2020\/02\/07\/emouvantes-retrouvailles-du-trio-joubran-avec-le-public-tunisien\/\",\"name\":\"Emouvantes retrouvailles du Trio Joubran avec le public tunisien - Kapitalis\",\"isPartOf\":{\"@id\":\"https:\/\/kapitalis.com\/tunisie\/#website\"},\"primaryImageOfPage\":{\"@id\":\"https:\/\/kapitalis.com\/tunisie\/2020\/02\/07\/emouvantes-retrouvailles-du-trio-joubran-avec-le-public-tunisien\/#primaryimage\"},\"image\":{\"@id\":\"https:\/\/kapitalis.com\/tunisie\/2020\/02\/07\/emouvantes-retrouvailles-du-trio-joubran-avec-le-public-tunisien\/#primaryimage\"},\"thumbnailUrl\":\"\",\"datePublished\":\"2020-02-07T10:23:14+00:00\",\"dateModified\":\"2020-02-07T10:23:19+00:00\",\"breadcrumb\":{\"@id\":\"https:\/\/kapitalis.com\/tunisie\/2020\/02\/07\/emouvantes-retrouvailles-du-trio-joubran-avec-le-public-tunisien\/#breadcrumb\"},\"inLanguage\":\"fr-FR\",\"potentialAction\":[{\"@type\":\"ReadAction\",\"target\":[\"https:\/\/kapitalis.com\/tunisie\/2020\/02\/07\/emouvantes-retrouvailles-du-trio-joubran-avec-le-public-tunisien\/\"]}]},{\"@type\":\"ImageObject\",\"inLanguage\":\"fr-FR\",\"@id\":\"https:\/\/kapitalis.com\/tunisie\/2020\/02\/07\/emouvantes-retrouvailles-du-trio-joubran-avec-le-public-tunisien\/#primaryimage\",\"url\":\"\",\"contentUrl\":\"\"},{\"@type\":\"BreadcrumbList\",\"@id\":\"https:\/\/kapitalis.com\/tunisie\/2020\/02\/07\/emouvantes-retrouvailles-du-trio-joubran-avec-le-public-tunisien\/#breadcrumb\",\"itemListElement\":[{\"@type\":\"ListItem\",\"position\":1,\"name\":\"Accueil\",\"item\":\"https:\/\/kapitalis.com\/tunisie\/\"},{\"@type\":\"ListItem\",\"position\":2,\"name\":\"Emouvantes retrouvailles du Trio Joubran avec le public tunisien\"}]},{\"@type\":\"WebSite\",\"@id\":\"https:\/\/kapitalis.com\/tunisie\/#website\",\"url\":\"https:\/\/kapitalis.com\/tunisie\/\",\"name\":\"Kapitalis\",\"description\":\"L&#039;actualit\u00e9 en Tunisie et dans le monde\",\"publisher\":{\"@id\":\"https:\/\/kapitalis.com\/tunisie\/#organization\"},\"potentialAction\":[{\"@type\":\"SearchAction\",\"target\":{\"@type\":\"EntryPoint\",\"urlTemplate\":\"https:\/\/kapitalis.com\/tunisie\/?s={search_term_string}\"},\"query-input\":{\"@type\":\"PropertyValueSpecification\",\"valueRequired\":true,\"valueName\":\"search_term_string\"}}],\"inLanguage\":\"fr-FR\"},{\"@type\":\"Organization\",\"@id\":\"https:\/\/kapitalis.com\/tunisie\/#organization\",\"name\":\"Kapitalis\",\"url\":\"https:\/\/kapitalis.com\/tunisie\/\",\"logo\":{\"@type\":\"ImageObject\",\"inLanguage\":\"fr-FR\",\"@id\":\"https:\/\/kapitalis.com\/tunisie\/#\/schema\/logo\/image\/\",\"url\":\"https:\/\/kapitalis.com\/tunisie\/wp-content\/uploads\/2022\/05\/Kapitalis-big-size.png\",\"contentUrl\":\"https:\/\/kapitalis.com\/tunisie\/wp-content\/uploads\/2022\/05\/Kapitalis-big-size.png\",\"width\":5000,\"height\":1500,\"caption\":\"Kapitalis\"},\"image\":{\"@id\":\"https:\/\/kapitalis.com\/tunisie\/#\/schema\/logo\/image\/\"},\"sameAs\":[\"https:\/\/www.facebook.com\/KapitalisInfo\/\",\"https:\/\/x.com\/KapitalisInfo\",\"https:\/\/www.youtube.com\/channel\/UC-yDYrHyfFBWWZaOw3FPg9Q\"]},{\"@type\":\"Person\",\"@id\":\"https:\/\/kapitalis.com\/tunisie\/#\/schema\/person\/d71f33a9ca44f7bad4698210b480c8e9\",\"name\":\"webmaster kapitalis\",\"url\":\"https:\/\/kapitalis.com\/tunisie\/author\/webmaster-kapitalis\/\"}]}<\/script>\n<!-- \/ Yoast SEO plugin. -->","yoast_head_json":{"title":"Emouvantes retrouvailles du Trio Joubran avec le public tunisien - Kapitalis","robots":{"index":"index","follow":"follow","max-snippet":"max-snippet:-1","max-image-preview":"max-image-preview:large","max-video-preview":"max-video-preview:-1"},"canonical":"https:\/\/kapitalis.com\/tunisie\/2020\/02\/07\/emouvantes-retrouvailles-du-trio-joubran-avec-le-public-tunisien\/","og_locale":"fr_FR","og_type":"article","og_title":"Emouvantes retrouvailles du Trio Joubran avec le public tunisien - Kapitalis","og_description":"Dans le cadre du Festival arabe de musique engag\u00e9e, le Trio Joubran, groupe d\u2019instrumentistes palestiniens \u00e0 la renomm\u00e9e internationale, a offert un moment de grande musique au public tunisien, le soir du mardi 4 f\u00e9vrier 2020, \u00e0 la salle de l\u2019Op\u00e9ra, \u00e0 la Cit\u00e9 de la culture de Tunis. Par Fawz Ben Ali","og_url":"https:\/\/kapitalis.com\/tunisie\/2020\/02\/07\/emouvantes-retrouvailles-du-trio-joubran-avec-le-public-tunisien\/","og_site_name":"Kapitalis","article_publisher":"https:\/\/www.facebook.com\/KapitalisInfo\/","article_published_time":"2020-02-07T10:23:14+00:00","article_modified_time":"2020-02-07T10:23:19+00:00","og_image":[{"width":1200,"height":630,"url":"https:\/\/kapitalis.com\/tunisie\/wp-content\/uploads\/2022\/05\/kapitalis-logo-fb.png","type":"image\/png"}],"author":"webmaster kapitalis","twitter_card":"summary_large_image","twitter_creator":"@KapitalisInfo","twitter_site":"@KapitalisInfo","twitter_misc":{"\u00c9crit par":"webmaster kapitalis","Dur\u00e9e de lecture estim\u00e9e":"4 minutes"},"schema":{"@context":"https:\/\/schema.org","@graph":[{"@type":"Article","@id":"https:\/\/kapitalis.com\/tunisie\/2020\/02\/07\/emouvantes-retrouvailles-du-trio-joubran-avec-le-public-tunisien\/#article","isPartOf":{"@id":"https:\/\/kapitalis.com\/tunisie\/2020\/02\/07\/emouvantes-retrouvailles-du-trio-joubran-avec-le-public-tunisien\/"},"author":{"name":"webmaster kapitalis","@id":"https:\/\/kapitalis.com\/tunisie\/#\/schema\/person\/d71f33a9ca44f7bad4698210b480c8e9"},"headline":"Emouvantes retrouvailles du Trio Joubran avec le public tunisien","datePublished":"2020-02-07T10:23:14+00:00","dateModified":"2020-02-07T10:23:19+00:00","mainEntityOfPage":{"@id":"https:\/\/kapitalis.com\/tunisie\/2020\/02\/07\/emouvantes-retrouvailles-du-trio-joubran-avec-le-public-tunisien\/"},"wordCount":768,"commentCount":0,"publisher":{"@id":"https:\/\/kapitalis.com\/tunisie\/#organization"},"image":{"@id":"https:\/\/kapitalis.com\/tunisie\/2020\/02\/07\/emouvantes-retrouvailles-du-trio-joubran-avec-le-public-tunisien\/#primaryimage"},"thumbnailUrl":"","keywords":["Cit\u00e9 de la Culture de Tunis","Festival arabe de musique engag\u00e9e","Mahmoud Darwich","Trio Joubran"],"articleSection":["A LA UNE","CULTURE","Tunisie"],"inLanguage":"fr-FR","potentialAction":[{"@type":"CommentAction","name":"Comment","target":["https:\/\/kapitalis.com\/tunisie\/2020\/02\/07\/emouvantes-retrouvailles-du-trio-joubran-avec-le-public-tunisien\/#respond"]}]},{"@type":"WebPage","@id":"https:\/\/kapitalis.com\/tunisie\/2020\/02\/07\/emouvantes-retrouvailles-du-trio-joubran-avec-le-public-tunisien\/","url":"https:\/\/kapitalis.com\/tunisie\/2020\/02\/07\/emouvantes-retrouvailles-du-trio-joubran-avec-le-public-tunisien\/","name":"Emouvantes retrouvailles du Trio Joubran avec le public tunisien - Kapitalis","isPartOf":{"@id":"https:\/\/kapitalis.com\/tunisie\/#website"},"primaryImageOfPage":{"@id":"https:\/\/kapitalis.com\/tunisie\/2020\/02\/07\/emouvantes-retrouvailles-du-trio-joubran-avec-le-public-tunisien\/#primaryimage"},"image":{"@id":"https:\/\/kapitalis.com\/tunisie\/2020\/02\/07\/emouvantes-retrouvailles-du-trio-joubran-avec-le-public-tunisien\/#primaryimage"},"thumbnailUrl":"","datePublished":"2020-02-07T10:23:14+00:00","dateModified":"2020-02-07T10:23:19+00:00","breadcrumb":{"@id":"https:\/\/kapitalis.com\/tunisie\/2020\/02\/07\/emouvantes-retrouvailles-du-trio-joubran-avec-le-public-tunisien\/#breadcrumb"},"inLanguage":"fr-FR","potentialAction":[{"@type":"ReadAction","target":["https:\/\/kapitalis.com\/tunisie\/2020\/02\/07\/emouvantes-retrouvailles-du-trio-joubran-avec-le-public-tunisien\/"]}]},{"@type":"ImageObject","inLanguage":"fr-FR","@id":"https:\/\/kapitalis.com\/tunisie\/2020\/02\/07\/emouvantes-retrouvailles-du-trio-joubran-avec-le-public-tunisien\/#primaryimage","url":"","contentUrl":""},{"@type":"BreadcrumbList","@id":"https:\/\/kapitalis.com\/tunisie\/2020\/02\/07\/emouvantes-retrouvailles-du-trio-joubran-avec-le-public-tunisien\/#breadcrumb","itemListElement":[{"@type":"ListItem","position":1,"name":"Accueil","item":"https:\/\/kapitalis.com\/tunisie\/"},{"@type":"ListItem","position":2,"name":"Emouvantes retrouvailles du Trio Joubran avec le public tunisien"}]},{"@type":"WebSite","@id":"https:\/\/kapitalis.com\/tunisie\/#website","url":"https:\/\/kapitalis.com\/tunisie\/","name":"Kapitalis","description":"L&#039;actualit\u00e9 en Tunisie et dans le monde","publisher":{"@id":"https:\/\/kapitalis.com\/tunisie\/#organization"},"potentialAction":[{"@type":"SearchAction","target":{"@type":"EntryPoint","urlTemplate":"https:\/\/kapitalis.com\/tunisie\/?s={search_term_string}"},"query-input":{"@type":"PropertyValueSpecification","valueRequired":true,"valueName":"search_term_string"}}],"inLanguage":"fr-FR"},{"@type":"Organization","@id":"https:\/\/kapitalis.com\/tunisie\/#organization","name":"Kapitalis","url":"https:\/\/kapitalis.com\/tunisie\/","logo":{"@type":"ImageObject","inLanguage":"fr-FR","@id":"https:\/\/kapitalis.com\/tunisie\/#\/schema\/logo\/image\/","url":"https:\/\/kapitalis.com\/tunisie\/wp-content\/uploads\/2022\/05\/Kapitalis-big-size.png","contentUrl":"https:\/\/kapitalis.com\/tunisie\/wp-content\/uploads\/2022\/05\/Kapitalis-big-size.png","width":5000,"height":1500,"caption":"Kapitalis"},"image":{"@id":"https:\/\/kapitalis.com\/tunisie\/#\/schema\/logo\/image\/"},"sameAs":["https:\/\/www.facebook.com\/KapitalisInfo\/","https:\/\/x.com\/KapitalisInfo","https:\/\/www.youtube.com\/channel\/UC-yDYrHyfFBWWZaOw3FPg9Q"]},{"@type":"Person","@id":"https:\/\/kapitalis.com\/tunisie\/#\/schema\/person\/d71f33a9ca44f7bad4698210b480c8e9","name":"webmaster kapitalis","url":"https:\/\/kapitalis.com\/tunisie\/author\/webmaster-kapitalis\/"}]}},"_links":{"self":[{"href":"https:\/\/kapitalis.com\/tunisie\/wp-json\/wp\/v2\/posts\/279618","targetHints":{"allow":["GET"]}}],"collection":[{"href":"https:\/\/kapitalis.com\/tunisie\/wp-json\/wp\/v2\/posts"}],"about":[{"href":"https:\/\/kapitalis.com\/tunisie\/wp-json\/wp\/v2\/types\/post"}],"author":[{"embeddable":true,"href":"https:\/\/kapitalis.com\/tunisie\/wp-json\/wp\/v2\/users\/8"}],"replies":[{"embeddable":true,"href":"https:\/\/kapitalis.com\/tunisie\/wp-json\/wp\/v2\/comments?post=279618"}],"version-history":[{"count":0,"href":"https:\/\/kapitalis.com\/tunisie\/wp-json\/wp\/v2\/posts\/279618\/revisions"}],"wp:featuredmedia":[{"embeddable":true,"href":"https:\/\/kapitalis.com\/tunisie\/wp-json\/wp\/v2\/media\/279620"}],"wp:attachment":[{"href":"https:\/\/kapitalis.com\/tunisie\/wp-json\/wp\/v2\/media?parent=279618"}],"wp:term":[{"taxonomy":"category","embeddable":true,"href":"https:\/\/kapitalis.com\/tunisie\/wp-json\/wp\/v2\/categories?post=279618"},{"taxonomy":"post_tag","embeddable":true,"href":"https:\/\/kapitalis.com\/tunisie\/wp-json\/wp\/v2\/tags?post=279618"}],"curies":[{"name":"wp","href":"https:\/\/api.w.org\/{rel}","templated":true}]}}