{"id":279751,"date":"2020-02-07T20:27:43","date_gmt":"2020-02-07T19:27:43","guid":{"rendered":"http:\/\/kapitalis.com\/tunisie\/?p=279751"},"modified":"2020-02-08T08:35:44","modified_gmt":"2020-02-08T07:35:44","slug":"recit-le-grimpeur-tunisien-anis-trimeche-a-lassaut-de-laconcagua","status":"publish","type":"post","link":"https:\/\/kapitalis.com\/tunisie\/2020\/02\/07\/recit-le-grimpeur-tunisien-anis-trimeche-a-lassaut-de-laconcagua\/","title":{"rendered":"R\u00e9cit : Le grimpeur tunisien Anis Trim\u00e8che \u00e0 l\u2019assaut de l\u2019Aconcagua"},"content":{"rendered":"\n<figure class=\"wp-block-image size-large\"><img decoding=\"async\" src=\"http:\/\/kapitalis.com\/tunisie\/wp-content\/uploads\/2020\/02\/Anis-Trimeche-Acaconga-Ban.jpg\" alt=\"\" class=\"wp-image-279787\"\/><\/figure>\n\n\n\n<p><strong><em>Grimpeur-voyageur de vocation, l&rsquo;auteur, ing\u00e9nieur informaticien tunisien travaillant pour Airbus, raconte, ici, l&rsquo;une de ses ascensions les plus dures et les plus m\u00e9morables, <a href=\"http:\/\/kapitalis.com\/tunisie\/2020\/01\/13\/tunisie-anis-trimeche-domine-le-sommet-de-laconcagua-a-7000-m-daltitude\/\" target=\"_blank\" rel=\"noreferrer noopener\" aria-label=\"celle de l'Aconcagua (s\u2019ouvre dans un nouvel onglet)\">celle de l&rsquo;Aconcagua<\/a>, la plus haute montagne du continent am\u00e9ricain. Une le\u00e7on de vie, d&rsquo;humilit\u00e9 et de bravoure&#8230;  <\/em><\/strong><\/p>\n\n\n\n<p>Par <strong>Anis Trim\u00e8che<\/strong> *<\/p>\n\n\n\n<p> Vouloir attaquer le sommet le plus hasardeux et versatile du monde, l\u2019Aconcagua 7000m en ce mois de d\u00e9cembre 2019, est certes un peu fou et risqu\u00e9 ! Mais apr\u00e8s le 6000 du Kilimandjaro en Afrique, le 6200 en Himalaya, au N\u00e9pal,  et en solo le Cotopaxi volcanique 5895, en Equateur, c\u2019est autour du continent am\u00e9ricain cette fois et en Argentine vers l\u2019Aconcagua myst\u00e9rieux !<\/p>\n\n\n\n<p> Certes, beaucoup plus facile \u00e0 dire qu\u2019\u00e0 faire, mais il faut le faire. Le voyageur n\u2019a de cesse que d\u2019avancer avec ou sans b\u00e2ton de p\u00e8lerin et Dieu reconna\u00eetra les siens. ANDALE !<\/p>\n\n\n\n<h3 class=\"wp-block-heading\"> Pourquoi donc affronter la mort  \u00e0 chaque pas d\u2019escalade ? <\/h3>\n\n\n\n<p> Juste pour ce d\u00e9fi interne, pour cette incomparable adr\u00e9naline et pour cette bataille avec soi, pour cette envie d\u2019avancer encore plus et encore plus haut!<\/p>\n\n\n\n<div class=\"wp-block-image\"><figure class=\"aligncenter size-large is-resized\"><img decoding=\"async\" src=\"http:\/\/kapitalis.com\/tunisie\/wp-content\/uploads\/2020\/02\/Anis-Trimeche-Acaconga-1.jpg\" alt=\"\" class=\"wp-image-279752\" width=\"500\"\/><\/figure><\/div>\n\n\n\n<p> La question du pourquoi je fais ces d\u00e9fis?<\/p>\n\n\n\n<p> On me l\u2019a pos\u00e9e plusieurs fois et j\u2019ai moi-m\u00eame r\u00e9fl\u00e9chis sur cette question\u2026 Est-ce un d\u00e9sir d\u2019ego pour montrer au monde ce que je peux faire et prendre des risques m\u00eame de la mort ? <\/p>\n\n\n\n<p> Ou est-ce autre chose ? Est-ce intelligent ou b\u00eate? <\/p>\n\n\n\n<p> Suis victime de mon ego ? <\/p>\n\n\n\n<p> Ou est-ce mon travail spirituel des ann\u00e9es dans la m\u00e9ditation et la pratique de l\u2019enseignement bouddhiste de la compassion et de la pleine conscience? <\/p>\n\n\n\n<p> En fait\u2026 la meilleure r\u00e9ponse c\u2019est que tout est venu d\u2019une fa\u00e7on spontan\u00e9e. Seul, j\u2019ai commenc\u00e9 \u00e0 aller aux montagnes en Allemagne, aux Alpes, \u00e0 60 minutes de Munich. Apr\u00e8s une semaine bien remplie et stress au boulot, je suis all\u00e9 respirer l\u2019air frais de la montagne \u2026 J\u2019observe la nature sauvage\u2026 J\u2019arrive \u00e0 gagner plus de distance sur mes pens\u00e9es, leurs fr\u00e9quences par la pleine conscience dans la nature, par l\u2019observation des plantes des arbres des paysages. C\u2019est un m\u00e9lange, c\u2019est un endroit pour me ressourcer\u2026 Mais les montagnes m\u2019ont beaucoup appris dans ma vie.<\/p>\n\n\n\n<p> J\u2019ai beaucoup voyag\u00e9 dans les \u00eeles, les endroits de plaisirs, mais un voyage dans la nature sauvage c\u2019est diff\u00e8rent et change ma perception de la vie chaque fois.<\/p>\n\n\n\n<p>  Retourner au niveau z\u00e9ro de la survie, du d\u00e9sir primaire, de se battre pour vivre cela  r\u00e9v\u00e8le des forces cach\u00e9es qui nous donnent plus de conscience\u2026 ces des d\u00e9sirs tellement fort que tout notre \u00eatre change. <\/p>\n\n\n\n<p> La peur de mourir, de continuer, le courage d\u2019avancer malgr\u00e9 la peur, compter sur soi-m\u00eame pour d\u00e9cider d\u2019aller jusqu\u2019\u00e0 la limite mais sans la d\u00e9passer car mourir c\u2019est perdre la vie est toujours la victoire de rester en vie.<\/p>\n\n\n\n<p> Ces voyages m\u2019ont chang\u00e9, m\u2019ont rendu meilleur, m\u00eame dans mon travail,j\u2019arrive \u00e0 relativiser les probl\u00e8mes vu tout ce que j\u2019ai v\u00e9cu ! Des situations de survie bien pires. Une critique devient un conflit plus facile \u00e0 g\u00e9rer. Bref, il y une grande dimension spirituelle dans les d\u00e9fis dans la nature sauvage\u2026. Mon seul but, toujours, est de rester en vie et de devenir meilleur en tant qu\u2019humain\u2026 et d\u2019avancer vers mes limites\u2026 Je m\u00e9dite beaucoup. Dans les montages on a plein de temps, les paysages sont merveilleux, lunaires, aucune pollution, le ciel est tr\u00e8s proche, les \u00e9toiles brillent d\u2019une fa\u00e7on tr\u00e8s forte vu l\u2019altitude et l\u2019absence de lumi\u00e8re et de pollution. Comme si on quittait la terre pour aller sur une autre plan\u00e8te et on revient.<\/p>\n\n\n\n<p> Bref, le plus important c\u2019est de rester concentr\u00e9 et d\u2019esp\u00e9rer un peu de chance avec la m\u00e9t\u00e9o. <\/p>\n\n\n\n<div class=\"wp-block-image\"><figure class=\"aligncenter size-large is-resized\"><img decoding=\"async\" src=\"http:\/\/kapitalis.com\/tunisie\/wp-content\/uploads\/2020\/02\/Anis-Trimeche-Acaconga-2-1024x682.jpg\" alt=\"\" class=\"wp-image-279753\" width=\"500\"\/><\/figure><\/div>\n\n\n\n<h3 class=\"wp-block-heading\">Au d\u00e9but je voulais aller vers l\u2019Aconcagua 7000 en solo <\/h3>\n\n\n\n<p> Ma tente, mes 40 kg de nourriture, etc., mais j\u2019ai bien r\u00e9fl\u00e9chis, je dois gagner plus d\u2019exp\u00e9rience. J\u2019ai lou\u00e9 les services d\u2019un guide de montagne qui va m\u2019accompagner\u2026 j\u2019ai eu peur de ne pas trouver le chemin dans les <em>\u00abWhite outs\u00bb<\/em>\u2026 un ph\u00e9nom\u00e8ne connu dans les montagnes \u00e0 haute altitude\u2026 quand une temp\u00eate de neige \u00e9clate et on ne voit pas plus que 20 cm devant ses yeux m\u00eame pas ses mains. Bref, je vous donnerai de mes nouvelles jusqu\u2019au <em>\u00abBase camp\u00bb<\/em> 4200 m, apr\u00e8s on n\u2019aura que la connexion satellite pour les SOS\u2026 La plus belle le\u00e7on qu\u2019on apprend des montagnes c\u2019est de vivre le moment pr\u00e9sent\u2026 d\u2019\u00eatre pr\u00e9sent et conscient et ne pas trop s\u2019\u00e9vader dans les pens\u00e9es interminables qui cr\u00e9ent un monde plein d\u2019interpr\u00e9tations et souvent loin de la r\u00e9alit\u00e9. Dans la montagne quand on passe par des passages difficiles tr\u00e8s \u00e9troits et inclin\u00e9s on n\u2019a pas le droit \u00e0 l\u2019erreur\u2026 on doit \u00eatre calme et faire un geste \u00e0 la fois.<\/p>\n\n\n\n<p> Parfois on ne peut m\u00eame pas se permettre de penser ou laisser les pens\u00e9es entrer dans notre cerveau car cela diminue notre attention dans le pr\u00e9sent et on peut tr\u00e9bucher et chuter\u2026 donc on n\u2019a pas le luxe de penser. Il faut juste \u00eatre pr\u00e9sent calme et concentr\u00e9. Dans ces situations extr\u00eames on arrive \u00e0 le faire plus facilement que dans la vie de tous les jours mais la le\u00e7on c\u2019est de le faire toujours ainsi.<\/p>\n\n\n\n<p> C\u2019est finalement une exp\u00e9rience spirituelle pour grandir en sortant de notre habituelle zone de confort ou de  s\u00e9curit\u00e9 \u2026.<\/p>\n\n\n\n<p><strong> 4 d\u00e9cembre 2019, 12:06<\/strong> (1er message via Facebook)<\/p>\n\n\n\n<p> Me voil\u00e0 \u00e0 J-1 avant le d\u00e9part pour mon exp\u00e9dition de l\u2019ascension de l\u2019Aconcagua\u2026 un sommet de 7000 m\u00e8tres. Apr\u00e8s tant d&rsquo;efforts, de pr\u00e9parations et d\u2019entra\u00eenement pour \u00eatre en forme pour ce d\u00e9fi, me voil\u00e0 sur la derni\u00e8re ligne droite vers cette montagne g\u00e9ante surnomm\u00e9e le colosse de l\u2019Am\u00e9rique. La montagne la plus haute du monde en dehors de la cha\u00eene des Himalayas. <\/p>\n\n\n\n<p> J\u2019ai perdu plus de 30 kg ces derni\u00e8res ann\u00e9es\u2026 j\u2019arrive \u00e0 escalader 1000 m\u00e8tres en 1 h dans les Alpes\u2026 je me sens bien entra\u00een\u00e9 mais je sais ce qui m\u2019attend, une souffrance physique intense et je dois \u00eatre pr\u00eat \u00e0 la surmonter\u2026 \u00e0 continuer d\u2019avancer avec monotonie avec une sensation de fatigue extr\u00eame. La cause c\u2019est le manque d\u2019oxyg\u00e8ne et le froid parfois -40 degr\u00e9s. <\/p>\n\n\n\n<p> Avancer vers le haut avec un sac \u00e0 dos de 30 kg \u00e7a va pas \u00eatre facile\u2026 tout mouvement est dur \u00e0 cette extr\u00eame altitude\u2026 chaque pas demande beaucoup d\u2019efforts\u2026 les muscles ont besoin  d\u2019oxyg\u00e8ne qu\u2019ils ne trouvent plus dans l\u2019air. \u00c0 cette haute altitude, il ne reste que le 1\/3 de  l\u2019oxyg\u00e8ne qu\u2019on retrouve au niveau de la mer\u2026 2\/3 d\u2019oxyg\u00e8ne en moins dans chaque respiration, c\u2019est le corps qui crie de souffrance et combat pour survivre.<\/p>\n\n\n\n<p> On se sent KO, mort vivant, mais on avance avec concentration, avec courage, mais \u00e0 la fin  c\u2019est la m\u00e8re Gaia Nature qui aura le dernier mot. L\u2019humain reste tr\u00e8s faible devant ces forces gigantesques de la nature, devant les vents violents, le froid extr\u00eame et la difficult\u00e9 du terrain. J\u2019esp\u00e8re que l\u2019Aconcagua me donnera la chance et me laissera entrer dans son royaume et me laissera gravir son sommet.<\/p>\n\n\n\n<p> Mais aussi descendre et sortir sans grands d\u00e9g\u00e2ts physiques\u2026 une chose est s\u00fbre c\u2019est la montagne qui aura le dernier mot. Je vais tenter de l\u2019escalader, je vais donner mon maximum d\u2019\u00e9nergie mais je jure que je rebrousserais mon chemin si je sens que \u00e7a devient tr\u00e8s dangereux, voire mortel\u2026 je peux ma\u00eetriser et calculer mes actions avec un peu de risque et en fonction de mon exp\u00e9rience mais quand le risque devient grand, il vaut mieux suivre la voix de la raison et de la sagesse\u2026 car le but c\u2019est de toujours rester en vie et ne pas mourir dans cette aventure.<\/p>\n\n\n\n<p> Donc, c\u2019est juste une tentative d\u2019aller vers le haut, le plus possible dans cette montagne mais pas de garantie d\u2019arriver au sommet\u2026 selon les statistiques seulement 20 \u00e0 30% des alpinistes arrivent \u00e0 son sommet et plusieurs personnes perdent leur vie chaque ann\u00e9e dans cette montagne.<\/p>\n\n\n\n<p> Elle est tr\u00e8s connue pour son climat tr\u00e8s dur et particulier car elle se situe \u00e0 presque 100 km de l\u2019Atlantique. La m\u00e9t\u00e9o change tr\u00e8s vite en quelque minutes l\u2019air marin humide charg\u00e9 d\u2019eau se heurte \u00e0 la face ouest de la montagne, \u00e0 un mur de 7000 m\u00e8tres l\u2019air monte et se refroidit\u2026 se d\u00e9charge et une temp\u00eate de neige \u00e9clate. Ce sont des conditions extr\u00eames qui rendent la vie dans ces endroits impossible.<\/p>\n\n\n\n<p> Apr\u00e8s l\u2019acclimatation, il faut faire vite pour aller au sommet et descendre. Une temp\u00eate \u00e0 haute altitude c\u2019est synonyme d\u2019apocalypse, des vents de 100 km\/h avec un froid extr\u00eame -40\u00b0. Cela va \u00eatre un d\u00e9fi de s\u2019adapter \u00e0 la m\u00e9t\u00e9o qui  change chaque fois.<\/p>\n\n\n\n<h3 class=\"wp-block-heading\"> Maintenant, je suis pr\u00eat mentalement et physiquement<\/h3>\n\n\n\n<p> Que l&rsquo;aventure commence, que la souffrance vienne aussi, je la connais, je suis pr\u00eat, je l\u2019attends et je survivrais.  I will survive ! \u00c0 la guerre comme \u00e0 la guerre \u2026 Tout ira bien.  <\/p>\n\n\n\n<div class=\"wp-block-image\"><figure class=\"aligncenter size-large is-resized\"><img decoding=\"async\" src=\"http:\/\/kapitalis.com\/tunisie\/wp-content\/uploads\/2020\/02\/Anis-Trimeche-Acaconga-3.jpg\" alt=\"\" class=\"wp-image-279758\" width=\"500\"\/><\/figure><\/div>\n\n\n\n<p><strong> 6 d\u00e9cembre, 13:34<\/strong> <\/p>\n\n\n\n<p> Le vol de Rome vers Santiago s\u2019est bien d\u00e9roul\u00e9\u2026 un vol de 14 heures, mais un vol de nuit\u2026 j\u2019ai pu dormir heureusement et je n\u2019ai pas vu le temps passer, mais rester assis tout le temps ce n\u2019est pas tr\u00e8s confortable surtout pour moi grand de taille. L\u2019avion a survol\u00e9 la cordill\u00e8re des Andes\u2026 j\u2019ai essay\u00e9 de chercher l\u2019Aconcagua, la reine\u2026 la plus haute et grande dans cette cha\u00eene de montagnes\u2026 mais elle se cache encore. <\/p>\n\n\n\n<div class=\"wp-block-image\"><figure class=\"aligncenter size-large is-resized\"><img decoding=\"async\" src=\"http:\/\/kapitalis.com\/tunisie\/wp-content\/uploads\/2020\/02\/Anis-Trimeche-Acaconga-4jpg.jpg\" alt=\"\" class=\"wp-image-279759\" width=\"500\"\/><\/figure><\/div>\n\n\n\n<p> Je viens de loin pour elle\u2026 je m\u2019approche d\u2019elle doucement et dans quelques jours on fera connaissance. Je suis impatient de la voir\u2026<\/p>\n\n\n\n<p> Bref, me voil\u00e0 \u00e0 Santiago de Chile, c\u2019est l\u2019\u00e9t\u00e9, le soleil brille et il fait beau, cela change de <\/p>\n\n\n\n<p> L\u2019hiver bavarois &#8211; 2 d\u00e9gr\u00e9e le jour de mon d\u00e9part\u2026 Je vais essayer de m\u2019exposer et rester le plus de temps sous le soleil. J\u2019en ai bien envie, pour charger les batteries de mon corps de chaleur et de vitamine D car bient\u00f4t il va avoir besoin de toute son \u00e9nergie pour les p\u00e9riodes de froid qui vont venir\u2026<\/p>\n\n\n\n<p> Je reste 2 nuits \u00e0 Santiago pour d\u00e9couvrir un peu le Chile et m\u2019adapter au d\u00e9calage horaire et dimanche je prends un vol pour Mendoza en Argentine une petite ville \u00e0 c\u00f4t\u00e9 de la montagne Aconcagua.<\/p>\n\n\n\n<p> Le point de de d\u00e9part des exp\u00e9ditions. Je resterai 2 nuits l\u00e0-bas, je vais rencontrer mon guide, organiser le mat\u00e9riel manquant pour l\u2019exp\u00e9dition et arranger le permis de l\u2019ascension\u2026 bref voil\u00e0 mon plan pour l\u2019instant\u2026 Je vous embrasse tr\u00e8s, tr\u00e8s fort et alles gut  <\/p>\n\n\n\n<p><strong> 6 d\u00e9cembre, 19:35 <\/strong><\/p>\n\n\n\n<p> Yam yum\u2026 la paix avant la temp\u00eate\u2026 Un bon repas \u00e0 Santiago et je vais dormir t\u00f4t ce soir\u2026 j\u2019essaye de manger que des salades et l\u00e9gumes ou fruits ces derniers temps pour donner le maximum d\u2019alimentation naturelle pleine de vitamines et de min\u00e9raux au corps et ainsi renforcer ses \u00e9nergies et son syst\u00e8me immunitaire, sachant que dans les 3 semaines qui viennent je ne vais plus manger de plats frais ou fruits et juste des bombes caloriques en glucides et sucres pour le maximum d\u2019\u00e9nergie. <\/p>\n\n\n\n<div class=\"wp-block-image\"><figure class=\"aligncenter size-large is-resized\"><img decoding=\"async\" src=\"http:\/\/kapitalis.com\/tunisie\/wp-content\/uploads\/2020\/02\/Anis-Trimeche-Acaconga-5pg.jpg\" alt=\"\" class=\"wp-image-279760\" width=\"500\"\/><\/figure><\/div>\n\n\n\n<p> <br> Le corps consomme dans les montagnes facilement 4000 calories par jour soit le double de ce qu\u2019il consomme normalement\u2026 Il a besoin de beaucoup de calories face \u00e0 l\u2019effort intense et aux processus d\u2019adaptation du corps \u00e0 la haute altitude\u2026 On respire 2 fois plus vite, le c\u0153ur travaille beaucoup plus on a une Tachycardie permanente dans chaque effort\u2026 et le corps produit des globules rouges en tr\u00e8s grand nombre pour faciliter le transport d\u2019oxyg\u00e8ne car celui-ci diminue beaucoup au fur et \u00e0 mesure que l\u2019altitude augmente\u2026.<\/p>\n\n\n\n<p> <strong>7 d\u00e9cembre, 14:58<\/strong><\/p>\n\n\n\n<p> Un petit jogging ce matin dans une petite montagne \u00e0 Santiago, sur le sommet il y a la statue de Maria qui veille sur la ville, m\u00eame si je ne suis pas croyant ou religieux j\u2019ai m\u00e9dit\u00e9 et fait une pri\u00e8re pour une bonne ascension de l\u2019Aconcagua dans ce lieu saint\u2026  quelle que soit la religion et l\u2019endroit, \u00e9glise, mosqu\u00e9e, temple bouddhiste, etc., les lieux saints ont une \u00e9nergie sp\u00e9ciale. Les gens viennent pour se recueillir et prier pour une meilleure vie. Un espoir commun \u00e0 tous les humains. On sent une bonne vibration vers quelque chose de sup\u00e9rieure une bonne \u00e9nergie\u2026<\/p>\n\n\n\n<p> Bref, me voil\u00e0 au sommet apr\u00e8s juste 30 min sachant que la majorit\u00e9 des personnes prennent le t\u00e9l\u00e9ph\u00e9rique\u2026 la vue est splendide on voit la cha\u00eene de montagnes des Andes qui entoure Santiago, j\u2019ai esp\u00e9r\u00e9 voir l&rsquo;Aconcagua mais elle se cache encore\u2026 d\u2019apr\u00e8s une personne de Santiago\u2026 sans nuages dans l\u2019horizon, on arrive de cet endroit \u00e0 voir le sommet neigeux de  l\u2019Aconcagua. Je vais la voir demain. Je prends mon vol pour Mendoza au pied de cette montagne.<\/p>\n\n\n\n<p> Je cours comme ce matin et depuis des semaines et des mois \u00e0 jeun pour br\u00fbler le maximum de graisse et entra\u00eener le corps \u00e0 r\u00e9sister \u00e0 la souffrance dans l\u2019effort physique. Dans la vie on combat parfois le feu par le feu et parfois aussi la souffrance par la souffrance. On devient plus r\u00e9sistant et on augmente notre endurance\u2026 on s\u2019habitue \u00e0 la monotonie de la souffrance durant l\u2019effort intense\u2026<\/p>\n\n\n\n<p> Bref, je vous souhaite une belle journ\u00e9e je vous envoie \u00e0 tous de bonnes \u00e9nergies et vibrations positives de cet bel endroit  .<\/p>\n\n\n\n<h4 class=\"wp-block-heading\"> 7 d\u00e9cembre, 23:46<\/h4>\n\n\n\n<p> C\u2019est clair que l\u2019Ascension de l\u2019Aconcagua ne va pas \u00eatre facile surtout aux camps sup\u00e9rieurs\u2026 mon corps me fait d\u00e9j\u00e0 piti\u00e9\u2026 il va aller \u00e0 ses limites et m\u00eame au-del\u00e0 \u2026 10000 calories par jour, il d\u00e9pensera pour le dernier Push au sommet, 5 fois plus que la normale. Il faut boire beaucoup d\u2019eau car le corps perd de l\u2019eau dans chaque respiration, l\u2019air est tellement sec que le fait juste de respirer lui fait perdre de l\u2019eau et il est tr\u00e8s difficile de compenser cette perte de l\u2019eau et des min\u00e9raux essentiels au corps\u2026 car l\u2019eau fondue de la neige est une eau pure qui ne contient pas des min\u00e9raux : z\u00e9ro charge. Il faut boire des tee et des soupes pour compenser la perte d\u2019eau. Bref, cela va \u00eatre un combat contre son propre corps qui perd ses rep\u00e8res dans un environnement o\u00f9 l\u2019humain n&rsquo;est pas fait pour vivre. Mon moral commence \u00e0 naviguer entre les hauts et les bas. Le grand huit des \u00e9motions a commenc\u00e9 hahah\u2026 alles gut.  <\/p>\n\n\n\n<p><strong> 7 d\u00e9cembre, 23:34<\/strong><\/p>\n\n\n\n<p> \u00c7a va pas \u00eatre facile\u2026 un petit texte en allemand :<br> <em>Wir stellen also fest, dass ein Aufstieg zum Aconcagua eine Aktivit\u00e4t ist, die besonders viel Energie ben\u00f6tigt und k\u00f6rperliche Kr\u00e4fte verbraucht.<br> Ein besonders hoher Verbrauch, hervorgerufen durch besonders extreme sportliche Leistungen in grosser H\u00f6he. Diese Intensit\u00e4t findet man haupts\u00e4chlich im Grenzbereich des Sportes, also wirklich am Limit unseres K\u00f6rpers (auch die sog. aerobische Potenz). Was die Dauer betrifft, sollte man mit t\u00e4glich 9 bis 12 Stunden rechnen, also verh\u00e4ltnism\u00e4ssig lang. Was die Muskelmasse betrifft, so wird besonders die Hauptmuskulutar (die den Grossteil unseres K\u00f6rpers umfasst) beim Aufstieg ben\u00f6tigt. Nat\u00fcrlich auch die der Lungen, bedingt durch die \u00dcberbeanspruchung, typisch f\u00fcr Aktivit\u00e4ten in H\u00f6henlagen.<br> ein Bergsteiger verbraucht an einem Tag in dem Teil von Plaza de Mulas \/ Plaza Canad\u00e1 bis zu 4450 Kalorien. Am Tag der Gipfelbesteigung k\u00f6nnen es bis zu 10.000 Kalorien sein.<\/em><\/p>\n\n\n\n<p><strong> 8 d\u00e9cembre, 12:11<\/strong><\/p>\n\n\n\n<p> Bye bye Chili, je prends aujourd\u2019hui mon vol direction l\u2019Argentine. Mendoza, une petite ville au pied de l\u2019Aconcagua. Au revoir le confort et la civilisation. Bient\u00f4t c\u2019est la nature sauvage qui m\u2019attend \u2026 <br> Demain j\u2019ai un grand rendez-vous\u2026 une date avec l\u2019Aconcagua, la belle g\u00e9ante\u2026 on dit que le premier regard et la premi\u00e8re sensation ne trompent jamais est-ce que je vais avoir peur ou l\u2019aimer ?\u2026 Je veux la voir, la sentir\u2026 Bonne nuit ! <\/p>\n\n\n\n<p> <strong>8 d\u00e9cembre, 14:43<\/strong><\/p>\n\n\n\n<p> J\u2019ai fait mon entra\u00eenement du matin\u2026 maintenant douche, je me pr\u00e9pare et direction l\u2019a\u00e9roport. Je me pr\u00e9pare comme si j\u2019allais rencontrer une belle fille\u2026 juste un d\u00e9tail, je fais 2 m\u00e8tres et elle a 7000m donc 3500 fois ma taille\u2026 une belle g\u00e9ante fille, hahaha\u2026 J\u2019esp\u00e8re arriver \u00e0 l\u2019embrasser sur le haut de sa t\u00eate; haha, cela ne va pas \u00eatre facile !!<\/p>\n\n\n\n<p><strong> 8 d\u00e9cembre, 01:15<\/strong><\/p>\n\n\n\n<p> Voil\u00e0 la route de l\u2019ascension\u2026 Apr\u00e8s les 6000 m\u00e8tres de Colera vers le sommet et la travers\u00e9e de la Canaleta vers 6500 jusqu\u2019\u00e0 7000, cela sera un paquet de souffrance, le corps meurt un peu \u00e0 chaque instant \u00e0 cette altitude. Zone de la mort. Je vais donner mon max, je viens de loin et j&rsquo;ai pay\u00e9 un grand paquet d\u2019effort et d\u2019entra\u00eenement et de pr\u00e9paration. Je me suis entra\u00een\u00e9 des milliers d\u2019heures, j\u2019ai suivi un r\u00e9gime alimentaire dur, j\u2019ai eu beaucoup d\u2019exp\u00e9rience dans les hautes montagnes. Rien que l\u2019ann\u00e9e derni\u00e8re en \u00c9quateur, j\u2019ai fait 4 sommets \u00e0 haute altitude, plus que le Mont Blanc\u2026 dont 3 en solo\u2026j\u2019ai beaucoup appris sur les montagnes au Himalaya, en Afrique, en Europe ou en Am\u00e9rique du Sud. J\u2019ai fait des cours d\u2019alpinisme, je suis pr\u00eat mais j\u2019ai un peu peur c\u2019est clair\u2026c\u2019est bien aussi \u00e7a augmente la concentration, car beaucoup de param\u00e8tres sont impr\u00e9visibles. Je n\u2019ai jamais \u00e9t\u00e9 aussi haut.<\/p>\n\n\n\n<p> Le mal aigu des montagnes ne pardonne pas et arrive tr\u00e8s vite. <\/p>\n\n\n\n<p> Tout est souffrance, personne ne parle, on souffre et on avance !<\/p>\n\n\n\n<p>  Respirer c\u2019est dur, marcher c\u2019est dur, dormir c\u2019est dur\u2026 <\/p>\n\n\n\n<p> Le corps en maximum alerte n\u2019arrive pas \u00e0 dormir, ne veut pas baisser la garde ; c\u2019est l\u2019instinct de survie, l\u2019amygdale du cerveau qui prend le contr\u00f4le et mobilise les derni\u00e8res forces pour fuir le danger. Une chose est s\u00fbre, je vais aller au bout du bout et apr\u00e8s le bout de mes forces\u2026 mais je jure de rebrousser le chemin si je ne vois plus le bout du tunnel\u2026 m\u00eame des guides de montagnes perdent leur vies dans l\u2019histoire de cette montagne personne n&rsquo;est \u00e9pargn\u00e9 m\u00eame les plus exp\u00e9riment\u00e9s il faut suivre l\u2019\u00e9lan. Donner le double du max mais rester r\u00e9aliste toujours et avant tout. Une formule difficile \u00e0 \u00e9quilibrer car \u00e0 un certain temps tout est souffrance et on ne sait plus faire la diff\u00e9rence\u2026 mais heureusement, j\u2019ai un peu d\u2019exp\u00e9rience et je connais bien mon corps et ses limites\u2026 Alles gut  <\/p>\n\n\n\n<div class=\"wp-block-image\"><figure class=\"aligncenter size-large\"><img decoding=\"async\" src=\"http:\/\/kapitalis.com\/tunisie\/wp-content\/uploads\/2020\/02\/Anis-Trimeche-Acaconga-6.jpg\" alt=\"\" class=\"wp-image-279761\"\/><\/figure><\/div>\n\n\n\n<p><strong>8 d\u00e9cembre, 16:52<\/strong><\/p>\n\n\n\n<p> J\u2019arrive \u00e0 entrer difficilement dans l\u2019ascenseur avec les 40 kg de bagages, hahaha\u2026   <\/p>\n\n\n\n<div class=\"wp-block-image\"><figure class=\"aligncenter size-large is-resized\"><img decoding=\"async\" src=\"http:\/\/kapitalis.com\/tunisie\/wp-content\/uploads\/2020\/02\/Anis-Trimeche-Acaconga-7.jpg\" alt=\"\" class=\"wp-image-279762\" width=\"500\"\/><\/figure><\/div>\n\n\n\n<p> <strong>9 d\u00e9cembre, 16:35<\/strong><\/p>\n\n\n\n<p> Beaucoup d\u2019attente au minist\u00e8re du Tourisme mais j\u2019ai obtenu mon permis d\u2019ascension \u00e0 600 US$, je vais rencontrer mon guide, l\u2019apr\u00e8s-midi, on fera le check de l\u2019\u00e9quipement et du mat\u00e9riel.<\/p>\n\n\n\n<div class=\"wp-block-image\"><figure class=\"aligncenter size-large is-resized\"><img decoding=\"async\" src=\"http:\/\/kapitalis.com\/tunisie\/wp-content\/uploads\/2020\/02\/Anis-Trimeche-Acaconga-8.jpg\" alt=\"\" class=\"wp-image-279763\" width=\"500\"\/><\/figure><\/div>\n\n\n\n<p> Aujourd&rsquo;hui dernier jour de pr\u00e9paration, on commence demain de se rapprocher de la montagne\u2026 On va aller \u00e0 un village \u00e0 2000 m\u00e8tres. J\u2019en ai marre d\u2019attendre, la pression monte et je veux commencer \u00e0 marcher. Hahaha, piano piano, tout arrivera en son temps.<\/p>\n\n\n\n<p> J\u2019ai rencontr\u00e9 hier dans mon h\u00f4tel deux alpinistes et on a d\u00een\u00e9 ensemble, l\u2019un vient de la Su\u00e8de et l\u2019autre un Libanais : une rencontre heureuse\u2026 Ara Khatchadourian. Une l\u00e9gende dans l\u2019alpinisme, il ne va pas marcher avec moi, mais on se retrouvera dans les diff\u00e9rents camps. Un point positif pour moi d\u2019avoir d\u2019autres id\u00e9es et exp\u00e9riences surtout pour les d\u00e9cisions du jour pour le dernier Push au sommet\u2026<\/p>\n\n\n\n<div class=\"wp-block-image\"><figure class=\"aligncenter size-large is-resized\"><img decoding=\"async\" src=\"http:\/\/kapitalis.com\/tunisie\/wp-content\/uploads\/2020\/02\/Anis-Trimeche-Acaconga-9.jpg\" alt=\"\" class=\"wp-image-279764\" width=\"500\"\/><\/figure><\/div>\n\n\n\n<p> Il a d\u00e9j\u00e0 fait le sommet d\u2019Everest et il veut continuer son exploit et faire les 7 sommets les plus hauts du monde dans tous les continents\u2026 Il a perdu ses orteils \u00e0 cause d\u2019une engelure. Il m\u2019a donn\u00e9 plusieurs bons conseils pour l\u2019Aconcagua. Il a dit, par exemple, si les temp\u00e9ratures sont -40 et tu ne peux plus te retenir pour faire kaka, fais-le dans tes v\u00eatements, si tu ouvres les couches de v\u00eatements tu risques de ne plus pouvoir te r\u00e9chauffer apr\u00e8s et de graves engelures. Bref\u2026 il m\u2019a dit que  l\u2019Aconcagua ce n\u2019est pas facile car tr\u00e8s peu de temps pour l\u2019acclimatation\u2026 il a dit aussi de prendre 2 bottes doubles boots. Je vais voir comment louer ou acheter\u2026 cela va \u00eatre dur mais maintenant la machine est lanc\u00e9e, le moteur tourne que l\u2019aventure commence !<\/p>\n\n\n\n<p><strong> 9 d\u00e9cembre, 23:05<\/strong><\/p>\n\n\n\n<p> J\u2019ai fini le check de l\u2019\u00e9quipement. Heureusement, j\u2019ai presque tout avec moi\u2026 j\u2019ai d\u00fb louer des double bottes. Le guide m\u2019a dit qu\u2019il y a de grands risques avec les single bottes.<\/p>\n\n\n\n<div class=\"wp-block-image\"><figure class=\"aligncenter size-large\"><img decoding=\"async\" src=\"http:\/\/kapitalis.com\/tunisie\/wp-content\/uploads\/2020\/02\/Anis-Trimeche-Acaconga-10.jpg\" alt=\"\" class=\"wp-image-279765\"\/><\/figure><\/div>\n\n\n\n<p><strong>10 d\u00e9cembre <\/strong><\/p>\n\n\n\n<p> Une belle rencontre ce soir, j\u2019ai d\u00een\u00e9 avec 2 nouveaux alpinistes qui seront \u00e0 partir de demain dans la m\u00eame route que la mienne \u00e0 l\u2019assaut du sommet de l\u2019Aconcagua\u2026 \u00e0 gauche Mitchell USA et Henrik Sweeden\u2026 la communaut\u00e9 des alpinistes c\u2019est un monde \u00e0 part\u2026 des \u00eatres qui ont connu les limites des souffrances physiques et l\u2019instinct de survie et de combat.<\/p>\n\n\n\n<p> Venus de tous des 4 coins du monde laissant leur famille et la vie confortable\u2026 etc. Ils sont comme des drogu\u00e9s \u00e0 la recherche d\u2019un sens plus profond, hahaha\u2026 J\u2019avoue qu\u2019ils sont un peu sp\u00e9ciaux. Mais ils d\u00e9gagent une belle \u00e9nergie comme si les exp\u00e9riences \u00e0 la limite de la mort les ont transform\u00e9s pour appr\u00e9cier un plus chaque instant de la vie\u2026.<\/p>\n\n\n\n<div class=\"wp-block-image\"><figure class=\"aligncenter size-large is-resized\"><img decoding=\"async\" src=\"http:\/\/kapitalis.com\/tunisie\/wp-content\/uploads\/2020\/02\/Anis-Trimeche-Acaconga-11.jpg\" alt=\"\" class=\"wp-image-279767\" width=\"500\"\/><\/figure><\/div>\n\n\n\n<p><strong> 10 d\u00e9cembre, 15:53<\/strong><\/p>\n\n\n\n<p> J\u2019ai quitt\u00e9 Mendoza en bus pour P\u00e9nitentes \u00e0 c\u00f4t\u00e9 de l\u2019Aconcagua.<br> Encore 180 km. On passe la nuit \u00e0 2000 m\u00e8tres et je commence demain doucement la marche\u2026 Les pr\u00e9visions m\u00e9t\u00e9orologiques pour le sommet sont catastrophiques pour les prochains jours : des vents \u00e0 100km \/h\u2026 mais ce n\u2019est pas grave, je suis encore tr\u00e8s loin du sommet\u2026 il me faut au minimum deux semaines pour la premi\u00e8re tentative de l\u2019assaut du sommet\u2026 mais \u00e7a montre aussi que les fen\u00eatres de beau temps pour le sommet sont tr\u00e8s petites, l\u2019Aconcagua est r\u00e9put\u00e9 pour sa mauvaise m\u00e9t\u00e9o. Step by step\u2026 alles gut  <\/p>\n\n\n\n<div class=\"wp-block-image\"><figure class=\"aligncenter size-large is-resized\"><img decoding=\"async\" src=\"http:\/\/kapitalis.com\/tunisie\/wp-content\/uploads\/2020\/02\/Anis-Trimeche-Acaconga-12.jpg\" alt=\"\" class=\"wp-image-279768\" width=\"500\"\/><\/figure><\/div>\n\n\n\n<p> Avec  Chicho mon  guide je vais probablement marcher avec un autre groupe de 3 personnes, on sera 4 au total et cela m\u2019a \u00e9vit\u00e9 le solo sur les jupes du g\u00e9ant am\u00e9ricain l\u2019Aconcagua !<\/p>\n\n\n\n<div class=\"wp-block-image\"><figure class=\"aligncenter size-large is-resized\"><img decoding=\"async\" src=\"http:\/\/kapitalis.com\/tunisie\/wp-content\/uploads\/2020\/02\/Anis-Trimeche-Acaconga-13.jpg\" alt=\"\" class=\"wp-image-279769\" width=\"500\"\/><\/figure><\/div>\n\n\n\n<p><strong> 10 d\u00e9cembre, 17 :22<\/strong><\/p>\n\n\n\n<p> Je viens de voir un alpiniste qui vient de descendre de l\u2019Aconcagua; il a arr\u00eat\u00e9 \u00e0 la Canaleta 6700 ; il a fait l\u2019Ebrus avant et il a dit ici c\u2019est 100 fois plus dur ; il a rebrouss\u00e9 juste \u00e0 300 m\u00e8tres du sommet ; bravo il est en vie. <br> Effectivement, apr\u00e8s les 6000m \u00e7a devient tr\u00e8s dur. Beaucoup d\u2019alpinistes prennent la d\u00e9cision de faire demi-tour quand ils arrivent au refuge Independencia (6 400 m)\u2026 arriv\u00e9 \u00e0 ce stade, il faut bien r\u00e9fl\u00e9chir si on a la capacit\u00e9 (suffisamment de force) d\u2019arriver au sommet ou pas.<\/p>\n\n\n\n<p><strong> 10 d\u00e9cembre, 23:16<\/strong><\/p>\n\n\n\n<p> Mon groupe de l\u2019exp\u00e9dition 4 personnes (Tunisia, USA, Sweeden, China, une fille qui a fait le triathlon, je pense la plus forte du groupe, hahaha) et 2 guides.<\/p>\n\n\n\n<p> On est \u00e0 2700 m\u00e8tres, on passe la nuit ici et demain on avance vers l\u2019entr\u00e9e du parc national Aconcagua et on commence la marche. Maintenant c\u2019est +30\u00b0, le moral est excellent il faut garder cette photo en m\u00e9moire pour la fin du mois et comparer nos visages, hahaha, avant et apr\u00e8s la montagne\u2026 on s\u2019attend tous \u00e0 une bonne \u00abtriha\u00bb de la montagne, donc on profite maintenant de cette petite paix avant la temp\u00eate haha.<\/p>\n\n\n\n<p><strong> 11 d\u00e9cembre, 14:19<\/strong><\/p>\n\n\n\n<p> Premi\u00e8re rencontre imposante, g\u00e9ante, grande, elle seule pleine de neige, elle se dresse pleine de force. Elle impose le respect.  Je m\u2019incline Je l\u2019aime  <\/p>\n\n\n\n<p><strong> 13 d\u00e9cembre, 20:18<\/strong><\/p>\n\n\n\n<p> Tout va bien, je suis finalement arriv\u00e9 \u00e0 4300 m\u2026 je n\u2019avais pas de r\u00e9seau pendant 2 jours\u2026 je vais \u00e9crire tout \u00e0 l\u2019heure\u2026<\/p>\n\n\n\n<p><strong> 13 d\u00e9cembre, 20:46<\/strong><\/p>\n\n\n\n<p> Apr\u00e8s 10 heures de marche, 25 km, je suis arriv\u00e9 au camp de base \u00e0 4300 m\u00e8tres\u2026 tr\u00e8s fatigant. J\u2019ai un peu de douleurs dans le dos \u00e0 cause du sac \u00e0 dos, mais \u00e7a ira, demain repos, nada, un jour repos pour recharger les batteries. Le plus dur reste \u00e0 venir\u2026 aujourd\u2019hui ce fut long et p\u00e9nible beaucoup de chaleur et beaucoup de vents. <\/p>\n\n\n\n<p> Le Su\u00e9dois a presque abandonn\u00e9, il est arriv\u00e9 au camp en retard, mort vivant, comme une feuille qui danse sous le vent. <\/p>\n\n\n\n<p> Le mal aigu de la montagne l\u2019a beaucoup affaiblit, j\u2019ai essay\u00e9 de l\u2019aider un peu mais impossible, il refuse, bon, peut-\u00eatre demain \u00e7a ira mieux pour lui. <\/p>\n\n\n\n<p> M\u00eame mon ami Ara le Libanais, celui qui a gravi l\u2019Everest, est rest\u00e9 derri\u00e8re, il a beaucoup de maux de t\u00eate et n\u2019arrive pas \u00e0 dormir, en fait c\u2019est le vent fort qui amplifie tout.<\/p>\n\n\n\n<p> Bref, parfois il faut se reposer 24 heures et l\u2019\u00e9tat s\u2019am\u00e9liore rapidement. Moi je me sens bien, je touche du bois malgr\u00e9 ce jour tr\u00e8s long, on verra, j&rsquo;ai fait 20% du trajet\u2026 apr\u00e8s 5500 et selon la m\u00e9t\u00e9o tout va se jouer maintenant\u2026 esp\u00e9rons, prions et l\u00e2chons prise\u2026 sur cette vid\u00e9o (si vous arrivez \u00e0 la voir) l\u2019Aconcagua est derri\u00e8re moi\u2026 je vous embrasse tr\u00e8s fort alles gut, love you all  <\/p>\n\n\n\n<p><strong> 13 d\u00e9cembre, 23:03<\/strong><\/p>\n\n\n\n<p> Ici, en haute altitude dans la montagne tout est effort m\u00eame les choses simples de la vie\u2026 pour dormir minimum 1 h de pr\u00e9paration, gonfler le matelas ouvrir le sac de couchage, changer ses affaires, mettre la lampe sur sa t\u00eate, chercher ses v\u00eatements 10 minutes dans un grand sac qui devient de jour en jour plus chaotique et dans un espace r\u00e9duit sur les genoux\u2026 si on ne trouve pas quelque chose en doit d\u00e9verser tout le sac sur le matelas et tout remettre ainsi 10 fois par jour, ha,ha, ha\u2026<\/p>\n\n\n\n<p> Aller aux toilettes c\u2019est chaque fois un exploit. Je vous \u00e9pargne les d\u00e9tails : juste pour info, il y a un trou dans sol sinon tu dois tout faire en plein air derri\u00e8re une roche dans le froid dans un sac plastique et trouver la bonne position pour ne pas tomber bien s\u00fbr, haha\u2026 et ensuite porter le sac plastique avec toi sinon une tr\u00e8s grande amande des rangers.<\/p>\n\n\n\n<p> Bref, il faut bien s\u2019organiser dans tout toujours concentr\u00e9\u2026 malgr\u00e9 la fatigue le froid, le vent et le manque d\u2019oxyg\u00e8ne c\u2019est \u00e7a aussi les montagnes.<\/p>\n\n\n\n<p><strong> 13 d\u00e9cembre, 22:22<\/strong><\/p>\n\n\n\n<p> Quelques photos et un texte d\u2019hier: je suis arriv\u00e9 au camp Plaza di Francia \u00e0 4100 m\u00e8tres\u2026. La g\u00e9ante Aconcagua se dresse devant moi majestueusement, elle est imposante, attirante, on ne s\u2019en lasse jamais de la regarder la seule pleine de neige dans un paysage semi-d\u00e9sertique et aride.<\/p>\n\n\n\n<p> \u00c0 cette altitude, il n\u2019y a plus de v\u00e9g\u00e9tation, aucune plante ne survit au manque d\u2019oxyg\u00e8ne\u2026 on ne trouve que les pierres et beaucoup de sable mais un regard vers le haut et tout devient blanc et beau.<\/p>\n\n\n\n<p> Elle d\u00e9gage une grande force mais en m\u00eame temps on \u00e9prouve une sensation d\u2019impuissance quand on pense \u00e0 l\u2019escalader. Elle force le respect. Il y a beaucoup de vents forts et plein de sable on n\u2019arrive pas \u00e0 bien respirer, heureusement je cache mon nez et ma bouche tout le temps sous un cache col. Durant la journ\u00e9e, il fait tr\u00e8s chaud mais d\u00e8s que le soleil se cache les temp\u00e9ratures tombent \u00e0 z\u00e9ro !<\/p>\n\n\n\n<p> Le corps humain n\u2019est pas fait pour vivre \u00e0 haute altitude et surtout \u00e0 ne pas faire d\u2019effort \u00e0 cette altitude\u2026 car dans ce cas le corps consomme beaucoup plus d&rsquo;oxyg\u00e8ne qui manque dans cet air. <\/p>\n\n\n\n<p> Les plus grandes menaces sont l\u2019\u0153d\u00e8me pulmonaire et l\u2019\u0153d\u00e8me c\u00e9r\u00e9bral. <\/p>\n\n\n\n<p> Le premier, on n\u2019arrive plus \u00e0 respirer car les poumons commencent \u00e0 former de l\u2019eau et on meurt par asphyxie, par son propre corps. Un sc\u00e9nario terrible m\u00eame \u00e0 imaginer.<\/p>\n\n\n\n<p> Pour le second \u0153d\u00e8me, une grande inflammation se produit dans le cerveau et on perd peu \u00e0 peu la conscience et on a des hallucinations jusqu\u2019\u00e0 la mort.<br> C\u2019est pour cela qu\u2019il faut vite agir d\u00e8s que les sympt\u00f4mes du mal aigu de la montagne apparaissent\u2026<\/p>\n\n\n\n<div class=\"wp-block-image\"><figure class=\"aligncenter size-large is-resized\"><img decoding=\"async\" src=\"http:\/\/kapitalis.com\/tunisie\/wp-content\/uploads\/2020\/02\/Anis-Trimeche-Acaconga-14-1024x768.jpg\" alt=\"\" class=\"wp-image-279773\" width=\"500\"\/><\/figure><\/div>\n\n\n\n<p> <strong>14 d\u00e9cembre, 23:36<\/strong><\/p>\n\n\n\n<p> Voil\u00e0 mon programme : encore 4 jours au camp de base et j\u2019ai un programme charg\u00e9 de mont\u00e9e vers 5000 et chaque fois retour pour l\u2019acclimatation et transport de la nourriture eau et \u00e9quipements vers le haut camp 1. J\u2019aurais internet, je vous donnerai de mes nouvelles\u2026 apr\u00e8s vers 17 \/18 d\u00e9cembre 2019, je commencerai doucement le Push vers le sommet, \u00e7a va durer environ 5 jours pour arriver au sommet vers 23 d\u00e9cembre. <\/p>\n\n\n\n<p> Donc no internet. Pas de nouvelles ces 5 jours\u2026 N\u00b0 du guide Chicho : +54 9 261 591-6202. Il n\u2019y aura pas d\u2019internet pour lui aussi donc jusqu\u2019au 25 no worries\u2026.99% all\u00e9s ok\u2026 <\/p>\n\n\n\n<p> <strong>15 d\u00e9cembre, 22:23<\/strong><\/p>\n\n\n\n<p> Aujourd\u2019hui, une journ\u00e9e difficile, je suis mont\u00e9 au Mount Bonete 5000\u2026Tout s\u2019est bien pass\u00e9 jusqu\u2019au sommet mais au retour une temp\u00eate de neige se d\u00e9charge sur nous \u00e0 cette altitude.<\/p>\n\n\n\n<p> Les pentes sont assez inclin\u00e9es, 40 degr\u00e9 minimum. <\/p>\n\n\n\n<p> Bref, je suis un peu KO, un peu mal \u00e0 la t\u00eate\u2026 9 heures aller et retour \u00e0 partir du camp de base. La vue \u00e0 partir du sommet Bonete est magnifique\u2026 j\u2019ai sauv\u00e9 la vie \u00e0 la Chinoise. Bon, elle a chut\u00e9, j\u2019\u00e9tais devant, je l\u2019ai attrap\u00e9e avec mes 2 mains, sinon elle aurait continu\u00e9 sa chute.<\/p>\n\n\n\n<p> Bref, une belle journ\u00e9e tr\u00e8s fatigante\u2026 la mont\u00e9e et descente assez techniques des passages de 10 cm juste l\u2019espace pour mettre un pied l\u2019un apr\u00e8s l\u2019autre et toujours du c\u00f4t\u00e9 droit une pente presque 70 degr\u00e9s la chute serait Fatale. Heureusement que la temp\u00eate a \u00e9clat\u00e9 \u00e0 la fin apr\u00e8s les passages difficiles, mais j\u2019ai de l\u2019exp\u00e9rience dans ces situations.<\/p>\n\n\n\n<p> Tout va bien, une journ\u00e9e riche d\u2019adr\u00e9naline et d\u2019exp\u00e9riences\u2026voil\u00e0 quelques photos\u2026 sur la premi\u00e8re photo on voit le camp de base avec les tentes vous pouvez le voir ? Je vous embrasse tr\u00e8s fort  <\/p>\n\n\n\n<div class=\"wp-block-image\"><figure class=\"aligncenter size-large\"><img decoding=\"async\" src=\"http:\/\/kapitalis.com\/tunisie\/wp-content\/uploads\/2020\/02\/Anis-Trimeche-Acaconga-15.jpg\" alt=\"\" class=\"wp-image-279774\"\/><\/figure><\/div>\n\n\n\n<p><strong>16 d\u00e9cembre, 21:25<\/strong><\/p>\n\n\n\n<p> Je viens de retourner au camp de base. Une journ\u00e9e assez difficile avec 20 kg dans mon sac \u00e0 dos plein de nourriture vers 5000m, le camp 1, heureusement une journ\u00e9e ensoleill\u00e9e mais fatigante. C\u2019est de la souffrance monotone \u00e0 la douce, haha\u2026. mais \u00e7a va le moral est bon aujourd&rsquo;hui. J\u2019ai tr\u00e8s peu dormi \u00e0 cause du froid et je tremble beaucoup, donc il me faut 2 ou 3 heures pour dormir et r\u00e9veil \u00e0 5h30, donc de tr\u00e8s courtes nuits. Bref, cela  fait partie de l\u2019exp\u00e9dition\u2026 le corps est fatigu\u00e9 mais il doit suivre le cerveau!<\/p>\n\n\n\n<div class=\"wp-block-image\"><figure class=\"aligncenter size-large is-resized\"><img decoding=\"async\" src=\"http:\/\/kapitalis.com\/tunisie\/wp-content\/uploads\/2020\/02\/Anis-Trimeche-Acaconga-16.jpg\" alt=\"\" class=\"wp-image-279775\" width=\"500\"\/><\/figure><\/div>\n\n\n\n<p><strong>16 d\u00e9cembre, 21:28<\/strong><\/p>\n\n\n\n<p> Camp 1 \u00e0 5000m, Kiki il a fait tr\u00e8s chaud, je pouvais \u00eatre nu\u2026 haha, ici le temps change chaque heure selon le vent froid et le soleil. J\u2019ai besoin de me remplir d\u2019\u00e9nergie, quand je m\u2019allonge et ferme un peu les yeux apr\u00e8s 4 heures de marche difficile\u2026 <em>\u00abErmit les quatre\u00bb<\/em>,  hahah\u2026<\/p>\n\n\n\n<div class=\"wp-block-image\"><figure class=\"aligncenter size-large is-resized\"><img decoding=\"async\" src=\"http:\/\/kapitalis.com\/tunisie\/wp-content\/uploads\/2020\/02\/Anis-Trimeche-Acaconga-17.jpg\" alt=\"\" class=\"wp-image-279777\" width=\"500\"\/><\/figure><\/div>\n\n\n\n<p><br> Oui, Kiki, tu as raison vigilance mais il a fait tr\u00e8s chaud au Camp1 pendant 10 minutes. Ok, j\u2019ai besoin d\u2019\u00e9nergie, cela vient du repos, fermer les yeux, m\u00e9diter, nourriture, sommeil, eau, tout le reste me prend beaucoup d\u2019\u00e9nergie le froid, le poids du sac, difficult\u00e9 de la marche, manque d&rsquo;oxyg\u00e8ne fatigue, etc.<\/p>\n\n\n\n<p> \u00c0 partir de 6000 \u00e7a va \u00eatre souffrance 24 sur 24, heures par heure, minute par minute, seconde par seconde !<\/p>\n\n\n\n<p> <strong>17 d\u00e9cembre, 15:50<\/strong><\/p>\n\n\n\n<p> Salut tout le monde je vais bien mais j\u2019ai pass\u00e9 une terrible nuit.<br> Je vais m\u2019\u00e9clipser un peu pour me concentrer sur moi-m\u00eame j\u2019ai fait beaucoup de fautes en montagne, perdu mes lunettes et bouteille et retrouv\u00e9s ensuite. Je dors mal, je ne me sens pas bien, je suis down. Pas d\u2019\u00e9nergie. Moral presque \u00e0 z\u00e9ro. Vous m\u2019avez aid\u00e9 \u00e9norm\u00e9ment par votre soutien via Messenger (vous tous, ma famille) et vos conseils je suis reconnaissant pour tout ce que vous avez fait pour moi\u2026 merci du fond du c\u0153ur\u2026 mais j\u2019ai besoin de m\u2019isoler un peu pour augmenter ma concentration et mon moral, je suis \u00e0 90% de rebrousser chemin.<\/p>\n\n\n\n<p> J\u2019ai parl\u00e9 et pr\u00e9par\u00e9 tout le sc\u00e9nario du retour avec mon guide peut \u00eatre demain.<\/p>\n\n\n\n<p> Je trouve pas mon centre avec mes \u00e9nergies je ne la sens pas\u2026 c\u2019est comme \u00e7a, je fonctionne avec mon \u00e9nergie et elle est \u00e0 presque z\u00e9ro.<\/p>\n\n\n\n<p> Les choses dures de la vie je les fais seul normalement dans le silence centr\u00e9 entre peur et concentration, le seul probl\u00e8me c\u2019est moi-m\u00eame et mes \u00e9nergies et le seul \u00e0 r\u00e9soudre le probl\u00e8me c\u2019est moi m\u00eame aussi\u2026 Je dois mobiliser mes derni\u00e8res pour activer le programme d\u2019urgence<\/p>\n\n\n\n<h3 class=\"wp-block-heading\"> Demain camp 1 et je vais voir comment je me sens<\/h3>\n\n\n\n<p> Sinon demain mon dernier jour ici. Tout a chang\u00e9 tr\u00e8s vite et avec force. C\u2019est la vie. Je vais quand m\u00eame donner la chance \u00e0 la chance pour continuer\u2026 bisous, je vous embrasse tr\u00e8s fort, votre soutien a \u00e9t\u00e9 positif pour moi\u2026 c\u2019est une excellente exp\u00e9rience pour moi. Seul l&rsquo;amour vaincra comme papa le dit.<\/p>\n\n\n\n<p> Pas de panique, si je ne donne plus de mes nouvelles c\u2019est que j\u2019avance, bonne nouvelle\u2026 sinon je rebrousse chemin, je vais voir demain comment je me sens. Merci alles gut&#8230;  <\/p>\n\n\n\n<div class=\"wp-block-image\"><figure class=\"aligncenter size-large is-resized\"><img decoding=\"async\" src=\"http:\/\/kapitalis.com\/tunisie\/wp-content\/uploads\/2020\/02\/Anis-Trimeche-Acaconga-19.jpg\" alt=\"\" class=\"wp-image-279778\" width=\"500\"\/><\/figure><\/div>\n\n\n\n<p><strong>19 d\u00e9cembre <\/strong><\/p>\n\n\n\n<p> Dernier message plus de r\u00e9seau : The show must go on! <\/p>\n\n\n\n<p> Je monte camp 2. Une image d\u2019hier soir \u00e7a parle mieux que 1000 mots \u2026 On verra jour par jour, je n&rsquo;ai aucune id\u00e9e sur l\u2019avenir ni mes capacit\u00e9s. Love you all !<\/p>\n\n\n\n<div class=\"wp-block-image\"><figure class=\"aligncenter size-large is-resized\"><img decoding=\"async\" src=\"http:\/\/kapitalis.com\/tunisie\/wp-content\/uploads\/2020\/02\/Anis-Trimeche-Acaconga-20-1024x768.jpg\" alt=\"\" class=\"wp-image-279779\" width=\"500\"\/><\/figure><\/div>\n\n\n\n<p> <strong>21 d\u00e9cembre, 18:50<\/strong><\/p>\n\n\n\n<p> Je suis au camp 1 \u00e0 5000 m\u00e8tres\u2026 j\u2019ai d\u00e9cid\u00e9 de ne plus d\u00e9cider, de ne plus r\u00e9fl\u00e9chir, de ne plus penser et d\u2019aller jusqu&rsquo;au bout de mes forces\u2026 tant que j\u2019ai un milligramme d\u2019\u00e9nergie pour respirer et faire un pas je le ferais\u2026 je viens de loin.<\/p>\n\n\n\n<div class=\"wp-block-image\"><figure class=\"aligncenter size-large\"><img decoding=\"async\" src=\"http:\/\/kapitalis.com\/tunisie\/wp-content\/uploads\/2020\/02\/Anis-Trimeche-Acaconga-21.jpg\" alt=\"\" class=\"wp-image-279780\"\/><\/figure><\/div>\n\n\n\n<p> J\u2019ai pay\u00e9 le prix tr\u00e8s cher pour arriver ici, je parle de beaucoup d\u2019ann\u00e9es d\u2019efforts et de r\u00e9gime alimentaire, d\u2019apprentissage de plusieurs techniques d\u2019alpinisme, de milliers d\u2019heures  d\u2019entra\u00eenement seul dans les montagnes ou dans la salle de fitness ou de natation dans la piscine\u2026 beaucoup de discipline, c&rsquo;est trop b\u00eate d\u2019abandonner\u2026 M\u00eame si j\u2019ai fait plusieurs fautes impardonnables dans cette exp\u00e9dition dont je n\u2019ai pas envie de parler maintenant\u2026 ce sont des d\u00e9tails d\u2019organisation et de concentration mais qui d\u00e9moralisent car tout compte pour moi et pour avoir le maximum de chance d\u2019arriver au sommet.<\/p>\n\n\n\n<p> Maintenant j\u2019ai accept\u00e9 ma situation et j\u2019essaie de voir le positif dans chaque nouvelle chose.<\/p>\n\n\n\n<p> La montagne m\u2019a beaucoup enseign\u00e9 et une des belles le\u00e7ons de la vie c\u2019est que rien n\u2019est permanant et tout est en constant changement. <\/p>\n\n\n\n<p> Apr\u00e8s des heures de marche avec un sac \u00e0 dos lourd et une douleur permanente aux \u00e9paules et au dos et avec des difficult\u00e9s de respirer \u00e0 cause de la haute altitude et le tr\u00e8s bas niveau d\u2019oxyg\u00e8ne, le froid glacial et le vent fort.<\/p>\n\n\n\n<p> Alors que j\u2019essaie de faire un pas puis un autre en avan\u00e7ant vers le haut et apr\u00e8s des heures dans cette marche monotone difficile je me sens parfois comme en transe\u2026 Plus grand que ce corps qui souffre, j\u2019oublie pour quelques instants les douleurs, j\u2019abandonne la r\u00e9sistance \u00e0 la duret\u00e9 de la situation, et comme par magie, une grande paix s\u2019installe dans mon esprit, un calme malgr\u00e9 les douleurs du corps\u2026 toute situation est provisoire et impermanente\u2026 une autre situation va venir donc pourquoi tous ces efforts de r\u00e9sister \u00e0 ce qu\u2019on aime pas m\u00eame la douleur ?<\/p>\n\n\n\n<p> N\u2019est-il pas pr\u00e9f\u00e9rable de l&rsquo;accepter et faire avec, car une chose surtout changera dans le futur et r\u00e9sister c\u2019est amplifier la douleur initiale\u2026 comme un nuage gris dans le ciel\u2026 il passera et le soleil brillera de nouveau. En fin de compte, il y a du positif dans tout surtout dans les situations difficiles\u2026 on apprend le plus sur nous-m\u00eames\u2026<\/p>\n\n\n\n<p> Une nuit tr\u00e8s dur au camp 2 Nido de condores, 5500m tout est surgel\u00e9 -20 degr\u00e9, dans ma tente tout est devenu solide, l\u2019eau dans la bouteille, une paire de chaussette, etc\u2026<\/p>\n\n\n\n<p> Des cristaux de neige qui brillent sur les parois de la tente et du sac de couchage\u2026 en fait l\u2019humidit\u00e9 qui se d\u00e9gage de ma respiration se refroidit vite avec ce froid glacial et forme ces petit cristaux de neige\u2026 imaginez dormir et passer une nuit dans un frigo pour les surgel\u00e9s \u2026 tout devient dur et glace m\u00eame mes orteils :<\/p>\n\n\n\n<p> Sachant que je porte 3 chaussettes + bouillote dans mes pieds + une polaire veste de canard duvet +sac de couchage\u2026 et \u00e0 la fin je me r\u00e9veille plusieurs fois la nuit car je tremble et mes orteils comme des gla\u00e7ons, je dois faire vite un massage\u2026 mon but est de revenir de cette exp\u00e9dition avec le m\u00eame nombre d\u2019orteils et de doigts\u2026 chose pas facile !<\/p>\n\n\n\n<p> Pour moi il y a deux mondes. Il y a d\u2019abord celui de la civilisation, la ville urbaine, un mode de vie que l\u2019humain a construit sur mesure pour am\u00e9liorer sa vie pour plus de confort, on trouve des maisons chauff\u00e9es, de l\u2019eau du robinet disponible \u00e0 chaque instant pour boire ou prendre  un bain.<\/p>\n\n\n\n<p> Par une simple pression sur un bouton on a de la lumi\u00e8re\u2026 la cuisine est \u00e9quip\u00e9e d\u2019un gaz, four, frigidaire, pour pr\u00e9parer sa nourriture facilement. <\/p>\n\n\n\n<p> L\u2019humain se d\u00e9place par voiture ou bus ou autre moyen de transport, il n\u2019a plus besoin de marcher des heures.<\/p>\n\n\n\n<p> Bref, l\u2019humain a construit ce monde urbain de civilisation sur des milliers d\u2019ann\u00e9es et jusqu&rsquo;\u00e0 aujourd&rsquo;hui il continue \u00e0 l\u2019am\u00e9liorer pour faciliter sa vie\u2026 quand on pense au GPS par 2 clicks on arrive \u00e0 se d\u00e9placer vers n\u2019importe quelle adresse facilement.<\/p>\n\n\n\n<p> De l\u2019autre c\u00f4t\u00e9 il y a le monde de la nature sauvage\u2026 un monde o\u00f9 l\u2019humain doit activer son instinct de survie chaque jour pour vivre\u2026 un monde d\u2019une beaut\u00e9 indescriptible, des paysages \u00e0 couper le souffle, des couleurs et une lumi\u00e8re Intense pas de pollution.<\/p>\n\n\n\n<p> Il y a une vibration sp\u00e9ciale apaisante et on se sent bien dans la nature\u2026 car il n y a pas des ondes \u00e9lectromagn\u00e9tiques d\u2019internet de t\u00e9l\u00e9phone de wifi de radio, etc., \u00e0 tr\u00e8s grande concentration comme dans les villes qui perturbent un peu notre syst\u00e8me nerveux.<\/p>\n\n\n\n<p> Dans la nature c\u2019est comme si on quittait la plan\u00e8te terre pour aller d\u00e9couvrir un autre endroit, on devient comme un b\u00e9b\u00e9 qui d\u00e9couvre le monde de nouveau et apprend plein de choses sur la nature. <\/p>\n\n\n\n<p> Sur sa faune et flore\u2026 des endroits inaccessibles pour l\u2019humain, on peut y p\u00e9n\u00e9trer qu\u2019\u00e0 travers une exp\u00e9dition et avec beaucoup d\u2019efforts de logistique et pr\u00e9parations durant des mois \u00e0 l\u2019avance.<\/p>\n\n\n\n<p> Ce monde est aussi un monde o\u00f9 l\u2019humain ne peut pas vivre pour longtemps. Pour mon cas c\u2019est le monde des montagnes \u00e0 tr\u00e8s haute altitude, dans ce monde on doit aller au bout de nos forces pour survivre, rien n\u2019est facile, m\u00eame respirer devient un effort constant \u00e0 cause du manque d\u2019oxyg\u00e8ne.<\/p>\n\n\n\n<p> Chaque jour dresser sa tente dans le froid, vent, neige ou autre m\u00e9t\u00e9o d\u00e9favorable\u2026 marcher des longues distances, pr\u00e9parer sa nourriture\u2026 m\u00eame les besoins primaires d\u2019aller aux toilettes devient un effort surhumain\u2026 imaginez, vous devez vous lever \u00e0 -20\u00b0 ou -30\u00b0 au milieu de la nuit, sortir de la tente pour aller faire pipi dehors les fesses en l\u2019air dans un froid glacial\u2026 l\u2019\u00e9nergie du corps diminue \u00e9norm\u00e9ment, mais pas le droit \u00e0 l\u2019erreur dans l\u2019escalade on n\u2019a pas de faveur pour faire 2 erreurs . Une seule erreur, une chute et c\u2019est la mort<\/p>\n\n\n\n<p> On devient sauvage, un animal qui est pr\u00eat \u00e0 tout pour survivre.<\/p>\n\n\n\n<p>L\u2019adr\u00e9naline dans le sang, le danger est partout, on est en alerte, on est toujours concentr\u00e9 et on apprend beaucoup sur soi-m\u00eame et ses limites.<\/p>\n\n\n\n<p> On sort de sa zone de s\u00e9curit\u00e9, de confort et \u00e7a nous change dans les profondeurs de notre conscience pour devenir un \u00eatre meilleur on appr\u00e9cie plus les choses simples de la vie car notre regard sur la vie est devenu plus profond et vaste \u2026<\/p>\n\n\n\n<p> Pour moi l\u2019id\u00e9al est de quitter le monde de civilisation de temps \u00e0 autre et d\u2019entrer dans le monde sauvage de la nature avec le but de vivre des exp\u00e9riences intenses et surtout de ressortir de ce monde sauvage en vie car ce n\u2019est pas toujours \u00e9vident\u2026<\/p>\n\n\n\n<div class=\"wp-block-image\"><figure class=\"aligncenter size-large is-resized\"><img decoding=\"async\" src=\"http:\/\/kapitalis.com\/tunisie\/wp-content\/uploads\/2020\/02\/Anis-Trimeche-Acaconga-22.jpg\" alt=\"\" class=\"wp-image-279781\" width=\"500\"\/><\/figure><\/div>\n\n\n\n<p> Aujourd&rsquo;hui je continue de monter au dernier camp Colera \u00e0 6000m<br> Pour transporter la nourriture et mon \u00e9quipement pour le sommet\u2026 j\u2019ai commenc\u00e9 \u00e0 marcher et un point de c\u00f4t\u00e9 a commenc\u00e9 \u00e0 me faire mal j\u2019arrive plus \u00e0 marcher ou suivre mon guide. Une douleur terrible. Je n&rsquo;arrive plus \u00e0 respirer l\u2019air qui me donne toujours une sensation de manque d\u2019oxyg\u00e8ne presque d\u2019asphyxie, j\u2019ouvre grande ma bouche et je monte ma poitrine vers l\u2019avant pour augmenter le volume des poumons afin que je puisse respirer.<\/p>\n\n\n\n<p> Dans cet effort de monter chaque pas vers le haut, j&rsquo;ai une panique int\u00e9rieur, je ne voulais pas arr\u00eater ou alarmer le guide car faire une pause au d\u00e9but c\u2019est augmenter \u00e9norm\u00e9ment le risque d\u2019engelures. Au d\u00e9but, il faut marcher minimum 45 minutes pour se r\u00e9chauffer\u2026 Le terrain n\u2019est pas facile, beaucoup de neige et \u00e7a glisse, il faut \u00eatre concentr\u00e9\u2026<\/p>\n\n\n\n<p> J\u2019ai continu\u00e9 \u00e0 marcher avec l\u2019espoir que ce point de c\u00f4t\u00e9 va dispara\u00eetre dans 10 minutes max\u2026 J\u2019ai eu m\u00eame la pens\u00e9e que vraiment je n\u2019ai pas de chance\u2026 il fait tr\u00e8s froid le vent te pousse de droite \u00e0 gauche difficile m\u00eame de garder l\u2019\u00e9quilibre\u2026 le programme du jour est dur faire monter la nourriture et l\u2019\u00e9quipement \u00e0 6000 m et redescendre\u2026 une nouvelle limite ces 6000 encore moins d\u2019oxyg\u00e8ne et la cerise sur le g\u00e2teau c\u2019est ce point de c\u00f4t\u00e9\u2026 je me suis dit \u00e0 moi-m\u00eame super well done nan il ne manquait plus que \u00e7a, hahah\u2026<\/p>\n\n\n\n<p> Bref, apr\u00e8s 20 minutes avec des douleurs atroces, j\u2019arrive \u00e0 nouveau \u00e0 respirer plus facilement et j\u2019ai continu\u00e9 la mont\u00e9e jusqu\u2019au Camp 2 \u00e0 6000m.<\/p>\n\n\n\n<p> Une mont\u00e9e assez dure \u00e0 cause du vent froid et du terrain assez difficile. Je suis rest\u00e9 l\u2019heure pour l\u2019acclimatation et je suis redescendu au camp 2 \u00e0 5500 m\u00e8tres.<\/p>\n\n\n\n<p> Je vais attendre ici la fen\u00eatre de beau temps qui vient dans 3 jours pour faire le dernier Push, la partie la plus dure, la plus dangereuse, o\u00f9 il y a statistiquement le plus d\u2019accidents et de morts. <\/p>\n\n\n\n<p> On dit que la vraie Aconcagua commence apr\u00e8s les 6000\u2026 on verra, je ne sais rien sur le future, j\u2019essaie de vivre ou survivre de jour en jour.<\/p>\n\n\n\n<p> J\u2019entre dans la p\u00e9riode la plus critique, je dois me concentrer \u00e0 fond et charger le maximum d\u2019\u00e9nergie\u2026 apr\u00e8s, comme on dit en italien, que serra serra\u2026<\/p>\n\n\n\n<h3 class=\"wp-block-heading\"> Le seul vrai but est de rester en vie<\/h3>\n\n\n\n<p> Mais pour le rester, je vais tenter d\u2019aller le plus loin que je peux vers le haut\u2026<\/p>\n\n\n\n<p> Aconcagua a et aura \u00e0 la fin toujours le dernier mot\u2026 consid\u00e9r\u00e9e comme d\u00e9esse chez les Incas, personne n\u2019osa se rapprocher d\u2019elle que pour lui donner des sacrifices\u2026 derni\u00e8rement, il y a quelques ann\u00e9es, on a trouv\u00e9 une momie d\u2019un petit enfant \u00e0 5000 m\u00e8tres\u2026 Il faut la respecter et savoir d\u00e9chiffrer les signes qu\u2019elle envoie au bon moment!<\/p>\n\n\n\n<p> Le combat continue et le plus dur reste \u00e0 venir. Si vous \u00eates au chaud et vous pouvez respirer normalement, alors priez un peu pour moi  \ud83d\ude09 Je vous embrasse tr\u00e8s fort love you all  <\/p>\n\n\n\n<p><strong> 21 d\u00e9cembre, 19:04<\/strong><\/p>\n\n\n\n<p> Le 23 \u00e0 2 heures du matin le push final. Le plus dur, le plus dangereux sera de Colera 6000 m\u00e8tres vers sommet 7000\u2026 16 heures non-stop. <br> J\u2019ai un seul souhait de sortir d\u2019ici le plus vite possible\u2026 la montagne m\u2019a tout pris toute mon \u00e9nergie mais je r\u00e9siste encore on verra love you all  <\/p>\n\n\n\n<p><strong> 22 d\u00e9cembre, 14:34<\/strong><\/p>\n\n\n\n<p> Il faut improviser contre le froid, aux pieds une doudoune veste transform\u00e9 pour r\u00e9chauffer les pieds\u2026 car je me l\u00e8ve souvent la nuit avec des orteils gla\u00e7ons\u2026 bisous love you all \u2026<\/p>\n\n\n\n<p><strong> 22 d\u00e9cembre, 14:31<\/strong><\/p>\n\n\n\n<p> Ce soir ou demain tr\u00e8s t\u00f4t le 23 \u00e0 2h le push pour le sommet, je suis sur le chemin vers le dernier camp 6000m.<\/p>\n\n\n\n<p> <strong>22 d\u00e9cembre, 14:45<\/strong><\/p>\n\n\n\n<p> Le Su\u00e9dois vient de descendre en urgence, \u0153d\u00e8me pulmonaire, il n\u2019arrive plus \u00e0 respirer il a du liquide dans les poumons.<\/p>\n\n\n\n<h3 class=\"wp-block-heading\"> La nuit du destin \u00e0 l\u2019Aconcagua<\/h3>\n\n\n\n<p><strong> 24 d\u00e9cembre<\/strong><\/p>\n\n\n\n<p>Il est minuit je suis \u00e0 6000 m dans le dernier camp\u2026 dans quelque heures je commence le dernier push pour le sommet 7000 et je ne peux pas dormir\u2026<br> Les pens\u00e9es tiraillent mon esprit\u2026 je ne trouve plus mon calme\u2026 Le manque d\u2019oxyg\u00e8ne me joue un sale tour\u2026 La souffrance s\u2019accumule dans mon mental et la peur s\u2019installe dans mon c\u0153ur\u2026 les hormones de stress coulent dans mon sang et empoisonnent mon corps\u2026 je suis paralys\u00e9\u2026 je me sens faible avec les yeux grands ouverts vers l\u2019inconnu\u2026 je suis l\u00e0\u2026 je suis en vie mais un peu mort\u2026<\/p>\n\n\n\n<div class=\"wp-block-image\"><figure class=\"aligncenter size-large is-resized\"><img decoding=\"async\" src=\"http:\/\/kapitalis.com\/tunisie\/wp-content\/uploads\/2020\/02\/Anis-Trimeche-Acaconga-23.jpg\" alt=\"\" class=\"wp-image-279784\" width=\"500\"\/><\/figure><\/div>\n\n\n\n<p> Il faut survivre \u00e0 ce poison \u00e0 ce cocktail d\u2019hormones toxiques dans mon sang et \u00e0 ces signaux \u00e9lectriques dans mon cerveau qui d\u00e9forment ma perception de la r\u00e9alit\u00e9 et du pr\u00e9sent \u2026 l\u2019univers de mon int\u00e9rieur vient de s\u2019effondrer\u2026 le ciel s\u2019est ouvert en 2 et un grand trou noir est apparu qui absorbe toute bonne \u00e9nergie et ne laisse que le vide et le doute\u2026 mon monde s\u2019\u00e9crase entre deux murs qui continuent \u00e0 se rapprocher l\u2019un vers l\u2019autre et je me trouve bloqu\u00e9 au milieu\u2026 impuissant\u2026 devant ces forces\u2026 j\u2019abandonne\u2026 la batterie de mon corps s\u2019est vid\u00e9e\u2026 je suis plus faible que jamais\u2026 et \u00e0 ce moment, je m\u2019endors par fatigue\u2026 <\/p>\n\n\n\n<p> Apr\u00e8s 2 ou 3 heures\u2026 je me r\u00e9veille\u2026 et comme par magie, une lumi\u00e8re au bout du tunnel appara\u00eet\u2026 Un rayon d\u2019espoir\u2026 pour \u00e9chapper \u00e0 la force de pesanteur et de gravit\u00e9 qui me tirent vers le bas\u2026 je commence \u00e0 m\u2019attacher \u00e0 cette lumi\u00e8re\u2026 comme une fus\u00e9e qui veut d\u00e9coller et quitter la terre\u2026 <\/p>\n\n\n\n<h3 class=\"wp-block-heading\"> Le feu br\u00fble \u2026 l\u2019explosion se produit<\/h3>\n\n\n\n<p> L\u2019\u00e9nergie se lib\u00e8re\u2026 sort de sa prison\u2026 pousse vers le haut\u2026 rien ne peut la faire descendre pour un moment pour un instant\u2026 elle s\u2019\u00e9chappe \u00e0 la loi divine de la gravit\u00e9\u2026 \u00e7a vole vers le haut\u2026 vers le tout\u2026 \u00e7a se lib\u00e8re\u2026 \u00e7a entre et se m\u00e9lange avec le tout\u2026 plus de drame, plus de peur\u2026 plus de prison\u2026 plus de d\u00e9pendances\u2026 plus de d\u00e9sir\u2026 plus d&rsquo;attachement et plus de doute\u2026 la forme s\u2019est \u00e9teinte\u2026 elle est devenue plus vaste plus grande plus coh\u00e9rente plus harmonieuse\u2026 l\u2019\u00e9nergie coule sans intervention et sans effort\u2026 le karma a \u00e9t\u00e9 pay\u00e9 la voie est ouverte pour le sommet\u2026 Je me l\u00e8ve\u2026 je suis pr\u00eat\u2026<\/p>\n\n\n\n<p><strong> 24 d\u00e9cembre, 19:37<\/strong><\/p>\n\n\n\n<p> Yes, yes, yes, j\u2019ai pleur\u00e9 toute les larmes de mon corps\u2026 je viens de descendre du sommet de l\u2019Aconcagua presque 7000 m\u2026 merci pour votre soutien inconditionnel\u2026 pour vos conseils et vos messages de motivation ils m\u2019ont donn\u00e9 beaucoup d\u2019\u00e9nergie pour aller jusqu\u2019au bout de mes forces\u2026 je d\u00e9die cette petite victoire \u00e0 vous   <\/p>\n\n\n\n<p><strong> Just for fun<\/strong> : aujourd\u2019hui, j&rsquo;\u00e9tais l&rsquo;homme probablement \u00e0 la plus haute altitude dans notre plan\u00e8te terre\u2026 sachant que l\u2019Aconcagua est la montagne la plus haute du monde en dehors des Himalayas\u2026 et comme fin d\u00e9cembre c\u2019est l\u2019hiver aux Himalayas, donc il n y a pas d\u2019exp\u00e9dition dans cette r\u00e9gion\u2026<\/p>\n\n\n\n<div class=\"wp-block-image\"><figure class=\"aligncenter size-large\"><img decoding=\"async\" src=\"http:\/\/kapitalis.com\/tunisie\/wp-content\/uploads\/2020\/02\/Anis-Trimeche-Acaconga-24.jpg\" alt=\"\" class=\"wp-image-279785\"\/><\/figure><\/div>\n\n\n\n<p> Photo 24 <br> Ce fut une longue exp\u00e9dition de 3 semaines pour arriver au sommet\u2026 une m\u00e9t\u00e9o tr\u00e8s instable -30 degr\u00e9 le soir c\u2019est normal et des vents de plus que 100km\/h\u2026 et je n\u2019ai jamais autant souffert de ma vie comme le dernier jour du push vers le sommet d\u00e9part du camp Colera a 6000m\u2026 je n\u2019ai pas pu dormir \u00e0 cause du manque d\u2019oxyg\u00e8ne hypoxie.<\/p>\n\n\n\n<p> Vers 2 h du matin, pr\u00e9paration de l\u2019\u00e9quipement et s\u2019habiller avec plusieurs couches pour affronter le froid glacial et les vents forts\u2026 \u00e0 4 h du matin, torche sur la t\u00eate, et je commence  l\u2019ascension difficile\u2026 j\u2019avais toujours en t\u00eate l\u2019image de mon ami su\u00e9dois qui a commenc\u00e9 l\u2019exp\u00e9dition avec moi et qui a \u00e9t\u00e9 \u00e9vacu\u00e9 par h\u00e9licopt\u00e8re \u00e0 cause d\u2019un \u0153d\u00e8me pulmonaire, le  mal aigu des montagnes et je ne sais toujours pas si il est en vie ou pas\u2026 il a \u00e9t\u00e9 transport\u00e9 \u00e0 l\u2019h\u00f4pital \u00e0 Mendoza\u2026.<\/p>\n\n\n\n<p> Bref, j\u2019avais le c\u0153ur serr\u00e9 et tr\u00e8s peur\u2026 jusqu\u2019au dernier m\u00e8tre avant le sommet, je ne savais plus si j\u2019allais atteindre le sommet ou mourir avant d\u2019une crise cardiaque \u00e0 cause de la fatigue et des difficult\u00e9s pour respirer, on parle de 2\/3 d\u2019oxyg\u00e8ne manquant dans chaque respiration\u2026 les pentes de neige et de glace sont assez inclin\u00e9es parfois 60 degr\u00e9s dans la derni\u00e8re partie avant le sommet\u2026 <\/p>\n\n\n\n<p> Une chute serait synonyme de mort. Adr\u00e9naline et concentration \u00e0 fond\u2026 pas de corde de s\u00e9curit\u00e9\u2026 il faut bien ma\u00eetriser la technique de l\u2019escalade avec les crampons\u2026.<\/p>\n\n\n\n<p> Quelques instants apr\u00e8s mon arriv\u00e9e au sommet un ami que j\u2019ai rencontr\u00e9 dans l\u2019exp\u00e9dition, un Libanais qui vient de gravir l\u2019Everest et veut continuer son exploit pour gravir les plus hautes montagnes du monde dans chaque continent\u2026 il arrive derri\u00e8re moi \u00e0 bout de souffle et en me disant <em>: \u00abJe te jure Anis, c\u2019est plus dur que l\u2019Everest\u00bb<\/em>.<\/p>\n\n\n\n<p> Il l\u2019a r\u00e9p\u00e9t\u00e9 2 fois\u2026 en fait la difficult\u00e9 dans l\u2019Aconcagua c\u2019est sa m\u00e9t\u00e9o tr\u00e8s changeante quelques heures soleil fort pas de vents et apr\u00e8s une temp\u00eate de neige whiteout o\u00f9 tu n\u2019arrives plus \u00e0 voir 20 cm devant toi m\u00eame pas tes mains<\/p>\n\n\n\n<p> Elle est consid\u00e9r\u00e9e comme une des montagnes les plus froides du monde et la majorit\u00e9 des exp\u00e9ditions font un programme de 3 semaines pour atteindre le sommet, c\u2019est trop peu pour une bonne acclimatation, ce qui explique le taux de r\u00e9ussite de 30% max et la derni\u00e8re partie de 6000 \u00e0 7000 m est tr\u00e8s dure \u00e0 escalader il y a plusieurs passages difficiles sans cordes fixes et il y a des accidents et des morts chaque ann\u00e9e.<\/p>\n\n\n\n<div class=\"wp-block-image\"><figure class=\"aligncenter size-large\"><img decoding=\"async\" src=\"http:\/\/kapitalis.com\/tunisie\/wp-content\/uploads\/2020\/02\/Anis-Trimeche-Acaconga-25.jpg\" alt=\"\" class=\"wp-image-279786\"\/><\/figure><\/div>\n\n\n\n<p>Merci Aconcagua de m\u2019avoir laiss\u00e9 entrer ton royaume et laiss\u00e9 gravir ton sommet  <\/p>\n\n\n\n<p>J\u2019ai encore un long chemin pour descendre et sortir demain soir de cette montagne\u2026 <\/p>\n\n\n\n<p><em> Gracias a Dios !<\/em><\/p>\n\n\n\n<p><em> * Grimpeur-Voyageur, ing\u00e9nieur\/informaticien Airbus Allemagne, Membre du CIGV.<\/em><\/p>\n\n\n\n<figure class=\"wp-block-embed-wordpress wp-block-embed is-type-wp-embed is-provider-kapitalis\"><div class=\"wp-block-embed__wrapper\">\n<blockquote class=\"wp-embedded-content\" data-secret=\"f5JeJnL2i0\"><a href=\"https:\/\/kapitalis.com\/tunisie\/2020\/01\/13\/tunisie-anis-trimeche-domine-le-sommet-de-laconcagua-a-7000-m-daltitude\/\">Tunisie : Anis Trim\u00e8che domine le sommet de l\u2019Aconcagua \u00e0 7000 m d&rsquo;altitude<\/a><\/blockquote><iframe loading=\"lazy\" class=\"wp-embedded-content\" sandbox=\"allow-scripts\" security=\"restricted\" style=\"position: absolute; clip: rect(1px, 1px, 1px, 1px);\" title=\"\u00ab\u00a0Tunisie : Anis Trim\u00e8che domine le sommet de l\u2019Aconcagua \u00e0 7000 m d&rsquo;altitude\u00a0\u00bb &#8212; Kapitalis\" src=\"https:\/\/kapitalis.com\/tunisie\/2020\/01\/13\/tunisie-anis-trimeche-domine-le-sommet-de-laconcagua-a-7000-m-daltitude\/embed\/#?secret=XbEgZ7NR0z#?secret=f5JeJnL2i0\" data-secret=\"f5JeJnL2i0\" width=\"600\" height=\"338\" frameborder=\"0\" marginwidth=\"0\" marginheight=\"0\" scrolling=\"no\"><\/iframe>\n<\/div><\/figure>\n\n\n\n<figure class=\"wp-block-embed-wordpress wp-block-embed is-type-wp-embed is-provider-kapitalis\"><div class=\"wp-block-embed__wrapper\">\n<blockquote class=\"wp-embedded-content\" data-secret=\"F6U4ZE6jip\"><a href=\"https:\/\/kapitalis.com\/tunisie\/2019\/08\/01\/de-quito-au-cotopaxi-5-895-metres-escalades-de-montagnes-en-feu-au-coeur-de-lequateur\/\">De Quito au Cotopaxi 5 895 m\u00e8tres : Escalades de montagnes en feu au c\u0153ur de l\u2019Equateur<\/a><\/blockquote><iframe loading=\"lazy\" class=\"wp-embedded-content\" sandbox=\"allow-scripts\" security=\"restricted\" style=\"position: absolute; clip: rect(1px, 1px, 1px, 1px);\" title=\"\u00ab\u00a0De Quito au Cotopaxi 5 895 m\u00e8tres : Escalades de montagnes en feu au c\u0153ur de l\u2019Equateur\u00a0\u00bb &#8212; Kapitalis\" src=\"https:\/\/kapitalis.com\/tunisie\/2019\/08\/01\/de-quito-au-cotopaxi-5-895-metres-escalades-de-montagnes-en-feu-au-coeur-de-lequateur\/embed\/#?secret=MFcAPlkSoM#?secret=F6U4ZE6jip\" data-secret=\"F6U4ZE6jip\" width=\"600\" height=\"338\" frameborder=\"0\" marginwidth=\"0\" marginheight=\"0\" scrolling=\"no\"><\/iframe>\n<\/div><\/figure>\n","protected":false},"excerpt":{"rendered":"<p>Grimpeur-voyageur de vocation, l&rsquo;auteur, ing\u00e9nieur informaticien tunisien travaillant pour Airbus, raconte, ici, l&rsquo;une de ses ascensions les plus dures et les plus m\u00e9morables, celle de l&rsquo;Aconcagua, la plus haute montagne du continent am\u00e9ricain. Une le\u00e7on de vie, d&rsquo;humilit\u00e9 et de bravoure&#8230; Par Anis Trim\u00e8che * Vouloir attaquer le sommet le plus hasardeux et versatile du&#8230;<\/p>\n","protected":false},"author":8,"featured_media":279752,"comment_status":"open","ping_status":"open","sticky":false,"template":"","format":"standard","meta":{"footnotes":""},"categories":[992,24928,999],"tags":[72582,72574,2767],"class_list":["post-279751","post","type-post","status-publish","format-standard","has-post-thumbnail","hentry","category-a-la-une","category-randonnee","category-sport","tag-aconcagua","tag-anis-trimeche","tag-argentine"],"yoast_head":"<!-- This site is optimized with the Yoast SEO plugin v26.6 - https:\/\/yoast.com\/wordpress\/plugins\/seo\/ -->\n<title>R\u00e9cit : Le grimpeur tunisien Anis Trim\u00e8che \u00e0 l\u2019assaut de l\u2019Aconcagua - Kapitalis<\/title>\n<meta name=\"robots\" content=\"index, follow, max-snippet:-1, max-image-preview:large, max-video-preview:-1\" \/>\n<link rel=\"canonical\" href=\"https:\/\/kapitalis.com\/tunisie\/2020\/02\/07\/recit-le-grimpeur-tunisien-anis-trimeche-a-lassaut-de-laconcagua\/\" \/>\n<meta property=\"og:locale\" content=\"fr_FR\" \/>\n<meta property=\"og:type\" content=\"article\" \/>\n<meta property=\"og:title\" content=\"R\u00e9cit : Le grimpeur tunisien Anis Trim\u00e8che \u00e0 l\u2019assaut de l\u2019Aconcagua - Kapitalis\" \/>\n<meta property=\"og:description\" content=\"Grimpeur-voyageur de vocation, l&rsquo;auteur, ing\u00e9nieur informaticien tunisien travaillant pour Airbus, raconte, ici, l&rsquo;une de ses ascensions les plus dures et les plus m\u00e9morables, celle de l&rsquo;Aconcagua, la plus haute montagne du continent am\u00e9ricain. Une le\u00e7on de vie, d&rsquo;humilit\u00e9 et de bravoure&#8230; Par Anis Trim\u00e8che * Vouloir attaquer le sommet le plus hasardeux et versatile du...\" \/>\n<meta property=\"og:url\" content=\"https:\/\/kapitalis.com\/tunisie\/2020\/02\/07\/recit-le-grimpeur-tunisien-anis-trimeche-a-lassaut-de-laconcagua\/\" \/>\n<meta property=\"og:site_name\" content=\"Kapitalis\" \/>\n<meta property=\"article:publisher\" content=\"https:\/\/www.facebook.com\/KapitalisInfo\/\" \/>\n<meta property=\"article:published_time\" content=\"2020-02-07T19:27:43+00:00\" \/>\n<meta property=\"article:modified_time\" content=\"2020-02-08T07:35:44+00:00\" \/>\n<meta property=\"og:image\" content=\"https:\/\/kapitalis.com\/tunisie\/wp-content\/uploads\/2022\/05\/kapitalis-logo-fb.png\" \/>\n\t<meta property=\"og:image:width\" content=\"1200\" \/>\n\t<meta property=\"og:image:height\" content=\"630\" \/>\n\t<meta property=\"og:image:type\" content=\"image\/png\" \/>\n<meta name=\"author\" content=\"webmaster kapitalis\" \/>\n<meta name=\"twitter:card\" content=\"summary_large_image\" \/>\n<meta name=\"twitter:creator\" content=\"@KapitalisInfo\" \/>\n<meta name=\"twitter:site\" content=\"@KapitalisInfo\" \/>\n<meta name=\"twitter:label1\" content=\"\u00c9crit par\" \/>\n\t<meta name=\"twitter:data1\" content=\"webmaster kapitalis\" \/>\n\t<meta name=\"twitter:label2\" content=\"Dur\u00e9e de lecture estim\u00e9e\" \/>\n\t<meta name=\"twitter:data2\" content=\"44 minutes\" \/>\n<script type=\"application\/ld+json\" class=\"yoast-schema-graph\">{\"@context\":\"https:\/\/schema.org\",\"@graph\":[{\"@type\":\"Article\",\"@id\":\"https:\/\/kapitalis.com\/tunisie\/2020\/02\/07\/recit-le-grimpeur-tunisien-anis-trimeche-a-lassaut-de-laconcagua\/#article\",\"isPartOf\":{\"@id\":\"https:\/\/kapitalis.com\/tunisie\/2020\/02\/07\/recit-le-grimpeur-tunisien-anis-trimeche-a-lassaut-de-laconcagua\/\"},\"author\":{\"name\":\"webmaster kapitalis\",\"@id\":\"https:\/\/kapitalis.com\/tunisie\/#\/schema\/person\/d71f33a9ca44f7bad4698210b480c8e9\"},\"headline\":\"R\u00e9cit : Le grimpeur tunisien Anis Trim\u00e8che \u00e0 l\u2019assaut de l\u2019Aconcagua\",\"datePublished\":\"2020-02-07T19:27:43+00:00\",\"dateModified\":\"2020-02-08T07:35:44+00:00\",\"mainEntityOfPage\":{\"@id\":\"https:\/\/kapitalis.com\/tunisie\/2020\/02\/07\/recit-le-grimpeur-tunisien-anis-trimeche-a-lassaut-de-laconcagua\/\"},\"wordCount\":8904,\"commentCount\":0,\"publisher\":{\"@id\":\"https:\/\/kapitalis.com\/tunisie\/#organization\"},\"image\":{\"@id\":\"https:\/\/kapitalis.com\/tunisie\/2020\/02\/07\/recit-le-grimpeur-tunisien-anis-trimeche-a-lassaut-de-laconcagua\/#primaryimage\"},\"thumbnailUrl\":\"\",\"keywords\":[\"Aconcagua\",\"anis Trim\u00e8che\",\"Argentine\"],\"articleSection\":[\"A LA UNE\",\"Randonn\u00e9e\",\"SPORT\"],\"inLanguage\":\"fr-FR\",\"potentialAction\":[{\"@type\":\"CommentAction\",\"name\":\"Comment\",\"target\":[\"https:\/\/kapitalis.com\/tunisie\/2020\/02\/07\/recit-le-grimpeur-tunisien-anis-trimeche-a-lassaut-de-laconcagua\/#respond\"]}]},{\"@type\":\"WebPage\",\"@id\":\"https:\/\/kapitalis.com\/tunisie\/2020\/02\/07\/recit-le-grimpeur-tunisien-anis-trimeche-a-lassaut-de-laconcagua\/\",\"url\":\"https:\/\/kapitalis.com\/tunisie\/2020\/02\/07\/recit-le-grimpeur-tunisien-anis-trimeche-a-lassaut-de-laconcagua\/\",\"name\":\"R\u00e9cit : Le grimpeur tunisien Anis Trim\u00e8che \u00e0 l\u2019assaut de l\u2019Aconcagua - Kapitalis\",\"isPartOf\":{\"@id\":\"https:\/\/kapitalis.com\/tunisie\/#website\"},\"primaryImageOfPage\":{\"@id\":\"https:\/\/kapitalis.com\/tunisie\/2020\/02\/07\/recit-le-grimpeur-tunisien-anis-trimeche-a-lassaut-de-laconcagua\/#primaryimage\"},\"image\":{\"@id\":\"https:\/\/kapitalis.com\/tunisie\/2020\/02\/07\/recit-le-grimpeur-tunisien-anis-trimeche-a-lassaut-de-laconcagua\/#primaryimage\"},\"thumbnailUrl\":\"\",\"datePublished\":\"2020-02-07T19:27:43+00:00\",\"dateModified\":\"2020-02-08T07:35:44+00:00\",\"breadcrumb\":{\"@id\":\"https:\/\/kapitalis.com\/tunisie\/2020\/02\/07\/recit-le-grimpeur-tunisien-anis-trimeche-a-lassaut-de-laconcagua\/#breadcrumb\"},\"inLanguage\":\"fr-FR\",\"potentialAction\":[{\"@type\":\"ReadAction\",\"target\":[\"https:\/\/kapitalis.com\/tunisie\/2020\/02\/07\/recit-le-grimpeur-tunisien-anis-trimeche-a-lassaut-de-laconcagua\/\"]}]},{\"@type\":\"ImageObject\",\"inLanguage\":\"fr-FR\",\"@id\":\"https:\/\/kapitalis.com\/tunisie\/2020\/02\/07\/recit-le-grimpeur-tunisien-anis-trimeche-a-lassaut-de-laconcagua\/#primaryimage\",\"url\":\"\",\"contentUrl\":\"\"},{\"@type\":\"BreadcrumbList\",\"@id\":\"https:\/\/kapitalis.com\/tunisie\/2020\/02\/07\/recit-le-grimpeur-tunisien-anis-trimeche-a-lassaut-de-laconcagua\/#breadcrumb\",\"itemListElement\":[{\"@type\":\"ListItem\",\"position\":1,\"name\":\"Accueil\",\"item\":\"https:\/\/kapitalis.com\/tunisie\/\"},{\"@type\":\"ListItem\",\"position\":2,\"name\":\"R\u00e9cit : Le grimpeur tunisien Anis Trim\u00e8che \u00e0 l\u2019assaut de l\u2019Aconcagua\"}]},{\"@type\":\"WebSite\",\"@id\":\"https:\/\/kapitalis.com\/tunisie\/#website\",\"url\":\"https:\/\/kapitalis.com\/tunisie\/\",\"name\":\"Kapitalis\",\"description\":\"L&#039;actualit\u00e9 en Tunisie et dans le monde\",\"publisher\":{\"@id\":\"https:\/\/kapitalis.com\/tunisie\/#organization\"},\"potentialAction\":[{\"@type\":\"SearchAction\",\"target\":{\"@type\":\"EntryPoint\",\"urlTemplate\":\"https:\/\/kapitalis.com\/tunisie\/?s={search_term_string}\"},\"query-input\":{\"@type\":\"PropertyValueSpecification\",\"valueRequired\":true,\"valueName\":\"search_term_string\"}}],\"inLanguage\":\"fr-FR\"},{\"@type\":\"Organization\",\"@id\":\"https:\/\/kapitalis.com\/tunisie\/#organization\",\"name\":\"Kapitalis\",\"url\":\"https:\/\/kapitalis.com\/tunisie\/\",\"logo\":{\"@type\":\"ImageObject\",\"inLanguage\":\"fr-FR\",\"@id\":\"https:\/\/kapitalis.com\/tunisie\/#\/schema\/logo\/image\/\",\"url\":\"https:\/\/kapitalis.com\/tunisie\/wp-content\/uploads\/2022\/05\/Kapitalis-big-size.png\",\"contentUrl\":\"https:\/\/kapitalis.com\/tunisie\/wp-content\/uploads\/2022\/05\/Kapitalis-big-size.png\",\"width\":5000,\"height\":1500,\"caption\":\"Kapitalis\"},\"image\":{\"@id\":\"https:\/\/kapitalis.com\/tunisie\/#\/schema\/logo\/image\/\"},\"sameAs\":[\"https:\/\/www.facebook.com\/KapitalisInfo\/\",\"https:\/\/x.com\/KapitalisInfo\",\"https:\/\/www.youtube.com\/channel\/UC-yDYrHyfFBWWZaOw3FPg9Q\"]},{\"@type\":\"Person\",\"@id\":\"https:\/\/kapitalis.com\/tunisie\/#\/schema\/person\/d71f33a9ca44f7bad4698210b480c8e9\",\"name\":\"webmaster kapitalis\",\"url\":\"https:\/\/kapitalis.com\/tunisie\/author\/webmaster-kapitalis\/\"}]}<\/script>\n<!-- \/ Yoast SEO plugin. -->","yoast_head_json":{"title":"R\u00e9cit : Le grimpeur tunisien Anis Trim\u00e8che \u00e0 l\u2019assaut de l\u2019Aconcagua - Kapitalis","robots":{"index":"index","follow":"follow","max-snippet":"max-snippet:-1","max-image-preview":"max-image-preview:large","max-video-preview":"max-video-preview:-1"},"canonical":"https:\/\/kapitalis.com\/tunisie\/2020\/02\/07\/recit-le-grimpeur-tunisien-anis-trimeche-a-lassaut-de-laconcagua\/","og_locale":"fr_FR","og_type":"article","og_title":"R\u00e9cit : Le grimpeur tunisien Anis Trim\u00e8che \u00e0 l\u2019assaut de l\u2019Aconcagua - Kapitalis","og_description":"Grimpeur-voyageur de vocation, l&rsquo;auteur, ing\u00e9nieur informaticien tunisien travaillant pour Airbus, raconte, ici, l&rsquo;une de ses ascensions les plus dures et les plus m\u00e9morables, celle de l&rsquo;Aconcagua, la plus haute montagne du continent am\u00e9ricain. Une le\u00e7on de vie, d&rsquo;humilit\u00e9 et de bravoure&#8230; Par Anis Trim\u00e8che * Vouloir attaquer le sommet le plus hasardeux et versatile du...","og_url":"https:\/\/kapitalis.com\/tunisie\/2020\/02\/07\/recit-le-grimpeur-tunisien-anis-trimeche-a-lassaut-de-laconcagua\/","og_site_name":"Kapitalis","article_publisher":"https:\/\/www.facebook.com\/KapitalisInfo\/","article_published_time":"2020-02-07T19:27:43+00:00","article_modified_time":"2020-02-08T07:35:44+00:00","og_image":[{"width":1200,"height":630,"url":"https:\/\/kapitalis.com\/tunisie\/wp-content\/uploads\/2022\/05\/kapitalis-logo-fb.png","type":"image\/png"}],"author":"webmaster kapitalis","twitter_card":"summary_large_image","twitter_creator":"@KapitalisInfo","twitter_site":"@KapitalisInfo","twitter_misc":{"\u00c9crit par":"webmaster kapitalis","Dur\u00e9e de lecture estim\u00e9e":"44 minutes"},"schema":{"@context":"https:\/\/schema.org","@graph":[{"@type":"Article","@id":"https:\/\/kapitalis.com\/tunisie\/2020\/02\/07\/recit-le-grimpeur-tunisien-anis-trimeche-a-lassaut-de-laconcagua\/#article","isPartOf":{"@id":"https:\/\/kapitalis.com\/tunisie\/2020\/02\/07\/recit-le-grimpeur-tunisien-anis-trimeche-a-lassaut-de-laconcagua\/"},"author":{"name":"webmaster kapitalis","@id":"https:\/\/kapitalis.com\/tunisie\/#\/schema\/person\/d71f33a9ca44f7bad4698210b480c8e9"},"headline":"R\u00e9cit : Le grimpeur tunisien Anis Trim\u00e8che \u00e0 l\u2019assaut de l\u2019Aconcagua","datePublished":"2020-02-07T19:27:43+00:00","dateModified":"2020-02-08T07:35:44+00:00","mainEntityOfPage":{"@id":"https:\/\/kapitalis.com\/tunisie\/2020\/02\/07\/recit-le-grimpeur-tunisien-anis-trimeche-a-lassaut-de-laconcagua\/"},"wordCount":8904,"commentCount":0,"publisher":{"@id":"https:\/\/kapitalis.com\/tunisie\/#organization"},"image":{"@id":"https:\/\/kapitalis.com\/tunisie\/2020\/02\/07\/recit-le-grimpeur-tunisien-anis-trimeche-a-lassaut-de-laconcagua\/#primaryimage"},"thumbnailUrl":"","keywords":["Aconcagua","anis Trim\u00e8che","Argentine"],"articleSection":["A LA UNE","Randonn\u00e9e","SPORT"],"inLanguage":"fr-FR","potentialAction":[{"@type":"CommentAction","name":"Comment","target":["https:\/\/kapitalis.com\/tunisie\/2020\/02\/07\/recit-le-grimpeur-tunisien-anis-trimeche-a-lassaut-de-laconcagua\/#respond"]}]},{"@type":"WebPage","@id":"https:\/\/kapitalis.com\/tunisie\/2020\/02\/07\/recit-le-grimpeur-tunisien-anis-trimeche-a-lassaut-de-laconcagua\/","url":"https:\/\/kapitalis.com\/tunisie\/2020\/02\/07\/recit-le-grimpeur-tunisien-anis-trimeche-a-lassaut-de-laconcagua\/","name":"R\u00e9cit : Le grimpeur tunisien Anis Trim\u00e8che \u00e0 l\u2019assaut de l\u2019Aconcagua - Kapitalis","isPartOf":{"@id":"https:\/\/kapitalis.com\/tunisie\/#website"},"primaryImageOfPage":{"@id":"https:\/\/kapitalis.com\/tunisie\/2020\/02\/07\/recit-le-grimpeur-tunisien-anis-trimeche-a-lassaut-de-laconcagua\/#primaryimage"},"image":{"@id":"https:\/\/kapitalis.com\/tunisie\/2020\/02\/07\/recit-le-grimpeur-tunisien-anis-trimeche-a-lassaut-de-laconcagua\/#primaryimage"},"thumbnailUrl":"","datePublished":"2020-02-07T19:27:43+00:00","dateModified":"2020-02-08T07:35:44+00:00","breadcrumb":{"@id":"https:\/\/kapitalis.com\/tunisie\/2020\/02\/07\/recit-le-grimpeur-tunisien-anis-trimeche-a-lassaut-de-laconcagua\/#breadcrumb"},"inLanguage":"fr-FR","potentialAction":[{"@type":"ReadAction","target":["https:\/\/kapitalis.com\/tunisie\/2020\/02\/07\/recit-le-grimpeur-tunisien-anis-trimeche-a-lassaut-de-laconcagua\/"]}]},{"@type":"ImageObject","inLanguage":"fr-FR","@id":"https:\/\/kapitalis.com\/tunisie\/2020\/02\/07\/recit-le-grimpeur-tunisien-anis-trimeche-a-lassaut-de-laconcagua\/#primaryimage","url":"","contentUrl":""},{"@type":"BreadcrumbList","@id":"https:\/\/kapitalis.com\/tunisie\/2020\/02\/07\/recit-le-grimpeur-tunisien-anis-trimeche-a-lassaut-de-laconcagua\/#breadcrumb","itemListElement":[{"@type":"ListItem","position":1,"name":"Accueil","item":"https:\/\/kapitalis.com\/tunisie\/"},{"@type":"ListItem","position":2,"name":"R\u00e9cit : Le grimpeur tunisien Anis Trim\u00e8che \u00e0 l\u2019assaut de l\u2019Aconcagua"}]},{"@type":"WebSite","@id":"https:\/\/kapitalis.com\/tunisie\/#website","url":"https:\/\/kapitalis.com\/tunisie\/","name":"Kapitalis","description":"L&#039;actualit\u00e9 en Tunisie et dans le monde","publisher":{"@id":"https:\/\/kapitalis.com\/tunisie\/#organization"},"potentialAction":[{"@type":"SearchAction","target":{"@type":"EntryPoint","urlTemplate":"https:\/\/kapitalis.com\/tunisie\/?s={search_term_string}"},"query-input":{"@type":"PropertyValueSpecification","valueRequired":true,"valueName":"search_term_string"}}],"inLanguage":"fr-FR"},{"@type":"Organization","@id":"https:\/\/kapitalis.com\/tunisie\/#organization","name":"Kapitalis","url":"https:\/\/kapitalis.com\/tunisie\/","logo":{"@type":"ImageObject","inLanguage":"fr-FR","@id":"https:\/\/kapitalis.com\/tunisie\/#\/schema\/logo\/image\/","url":"https:\/\/kapitalis.com\/tunisie\/wp-content\/uploads\/2022\/05\/Kapitalis-big-size.png","contentUrl":"https:\/\/kapitalis.com\/tunisie\/wp-content\/uploads\/2022\/05\/Kapitalis-big-size.png","width":5000,"height":1500,"caption":"Kapitalis"},"image":{"@id":"https:\/\/kapitalis.com\/tunisie\/#\/schema\/logo\/image\/"},"sameAs":["https:\/\/www.facebook.com\/KapitalisInfo\/","https:\/\/x.com\/KapitalisInfo","https:\/\/www.youtube.com\/channel\/UC-yDYrHyfFBWWZaOw3FPg9Q"]},{"@type":"Person","@id":"https:\/\/kapitalis.com\/tunisie\/#\/schema\/person\/d71f33a9ca44f7bad4698210b480c8e9","name":"webmaster kapitalis","url":"https:\/\/kapitalis.com\/tunisie\/author\/webmaster-kapitalis\/"}]}},"_links":{"self":[{"href":"https:\/\/kapitalis.com\/tunisie\/wp-json\/wp\/v2\/posts\/279751","targetHints":{"allow":["GET"]}}],"collection":[{"href":"https:\/\/kapitalis.com\/tunisie\/wp-json\/wp\/v2\/posts"}],"about":[{"href":"https:\/\/kapitalis.com\/tunisie\/wp-json\/wp\/v2\/types\/post"}],"author":[{"embeddable":true,"href":"https:\/\/kapitalis.com\/tunisie\/wp-json\/wp\/v2\/users\/8"}],"replies":[{"embeddable":true,"href":"https:\/\/kapitalis.com\/tunisie\/wp-json\/wp\/v2\/comments?post=279751"}],"version-history":[{"count":0,"href":"https:\/\/kapitalis.com\/tunisie\/wp-json\/wp\/v2\/posts\/279751\/revisions"}],"wp:featuredmedia":[{"embeddable":true,"href":"https:\/\/kapitalis.com\/tunisie\/wp-json\/wp\/v2\/media\/279752"}],"wp:attachment":[{"href":"https:\/\/kapitalis.com\/tunisie\/wp-json\/wp\/v2\/media?parent=279751"}],"wp:term":[{"taxonomy":"category","embeddable":true,"href":"https:\/\/kapitalis.com\/tunisie\/wp-json\/wp\/v2\/categories?post=279751"},{"taxonomy":"post_tag","embeddable":true,"href":"https:\/\/kapitalis.com\/tunisie\/wp-json\/wp\/v2\/tags?post=279751"}],"curies":[{"name":"wp","href":"https:\/\/api.w.org\/{rel}","templated":true}]}}