{"id":27983,"date":"2015-11-30T11:24:54","date_gmt":"2015-11-30T10:24:54","guid":{"rendered":"http:\/\/kapitalis.com\/tunisie\/?p=27983"},"modified":"2015-11-30T11:25:17","modified_gmt":"2015-11-30T10:25:17","slug":"des-attentats-de-paris-et-de-tunis-et-des-rapports-entre-orient-et-occident","status":"publish","type":"post","link":"https:\/\/kapitalis.com\/tunisie\/2015\/11\/30\/des-attentats-de-paris-et-de-tunis-et-des-rapports-entre-orient-et-occident\/","title":{"rendered":"Des attentats de Paris et de Tunis et des rapports entre Orient et Occident"},"content":{"rendered":"<p><img loading=\"lazy\" decoding=\"async\" class=\"alignnone size-full wp-image-27984 aligncenter\" src=\"http:\/\/kapitalis.com\/tunisie\/wp-content\/uploads\/2015\/11\/Attentats-Tunis-et-Paris.jpg\" alt=\"Attentats-Tunis-et-Paris\" width=\"626\" height=\"380\" \/><\/p>\n<p><em><strong>Les hommes ne sont \u00e9gaux qu\u2019en th\u00e9orie, car face aux bombes des terroristes et des Etats, toutes les victimes ne suscitent pas le m\u00eame \u00e9moi ni la m\u00eame compassion.<\/strong> <\/em><\/p>\n<p>Par <strong>Jamila Ben Mustapha<\/strong>*<\/p>\n<p><!--more--><\/p>\n<p>Quand les talibans ont fond\u00e9 l\u2019\u00c9mirat islamique en Afghanistan, en 1996, et se sont mis \u00e0 imposer un islam rigoriste, archa\u00efque, et \u00e0 d\u00e9truire des statues de Bouddha, nous les regardions, \u00e0 la fois, avec indiff\u00e9rence et curiosit\u00e9, comme des gens vivant dans une autre plan\u00e8te, des martiens dont l\u2019id\u00e9ologie et les actes ne nous concerneraient jamais !<\/p>\n<p>Ne voil\u00e0-t-il pas qu\u2019en moins de vingt ans, ils ont fait bien des petits, essaim\u00e9 \u00e0 travers le monde et que nous-m\u00eames sommes actuellement aux prises avec des extr\u00e9mistes locaux, luttant au nom d\u2019une id\u00e9ologie qui leur est bien proche !<\/p>\n<p><strong>Un pass\u00e9 d\u2019or ou de massacres ?<\/strong><\/p>\n<p>Au cours de ce seul mois de novembre 2015, des attentats viennent de toucher, en l\u2019espace de quelques jours, la France comme la Tunisie, deux nations qu\u2019une distance incommensurable s\u00e9pare, \u00e0 premi\u00e8re vue.<\/p>\n<p>Comment comparer un pays d\u00e9velopp\u00e9 qui fait partie du G7, \u00e0 un autre sans grandes ressources naturelles, d\u00e9colonis\u00e9 il y a \u00e0 peine plus d\u2019un demi-si\u00e8cle, et qui, non seulement n\u2019arrive pas \u00e0 sortir du sous-d\u00e9veloppement, mais a vu ses conditions empirer depuis le 14 janvier 2011, sur les plan s\u00e9curitaire et \u00e9conomique?<\/p>\n<p>C\u2019est qu\u2019un lien triste et impr\u00e9vu vient, en effet, de les unir : les agressions terroristes. La France qui, sous Sarkozy et pour notre malheur, a jou\u00e9 un r\u00f4le d\u00e9terminant dans la d\u00e9sorganisation de notre voisin, la Libye, vient d\u2019\u00eatre attaqu\u00e9e par des partisans locaux de Daech, pour ses interventions contre les\u00a0 extr\u00e9mistes islamistes au Mali, en Irak, et maintenant, en Syrie.<\/p>\n<p>Quant \u00e0 la Tunisie, comme l\u2019a affirm\u00e9 r\u00e9cemment, le journaliste Olivier Ravanello sur\u00a0 iT\u00e9l\u00e9, elle repr\u00e9sente pour l\u2019obscurantisme qui pr\u00f4ne le retour pur et simple au califat et \u00e0 un pass\u00e9 id\u00e9alis\u00e9, la direction vers une voie qu\u2019il refuse absolument : la voie d\u00e9mocratique.<\/p>\n<p>Au tout d\u00e9but de l\u2019histoire musulmane, apr\u00e8s la disparition du proph\u00e8te, sur les 4 califes qui ont pris le pouvoir, 3 d\u2019entre eux ne sont-ils pas morts de mort violente? Et par la suite, n\u2019y a-t-il pas eu la grande Fitna (discorde), la lutte tr\u00e8s profane pour le pouvoir entre le 4e calife Ali,\u00a0 et le fondateur de la dynastie omeyyade, Mouaouia, lutte qui a abouti \u00e0 l\u2019extermination du gendre du proph\u00e8te et de l\u2019un de ses deux fils, Hussein? O\u00f9 l\u2019obscurantisme voit-il un pass\u00e9 d\u2019or, dans des massacres ayant vis\u00e9 des proches du proph\u00e8te?<\/p>\n<p>Nous avons appris, le jeudi 26 novembre, que le meurtrier de nos gardes de la s\u00e9curit\u00e9 pr\u00e9sidentielle, habitait le m\u00eame quartier que l\u2019un d\u2019entre eux, le martyr Omar Khayati. Une hypoth\u00e8se nous a travers\u00e9 alors, l\u2019esprit : et si c\u2019\u00e9tait cette proximit\u00e9 avec celui qu\u2019il consid\u00e8re comme un <em>\u00abtaghout\u00bb<\/em> (despote) qui l\u2019a conduit, lui et le r\u00e9seau auquel il appartient, \u00e0 pr\u00e9parer un attentat ayant pour but de le d\u00e9truire, lui et ses coll\u00e8gues ?<\/p>\n<p>Tr\u00e8s peu musulmane, cette attitude, et juste contraire aux paroles du proph\u00e8te qui conseille une bienveillance particuli\u00e8re vis-\u00e0-vis du voisin !<\/p>\n<p><strong>Deux attentats, deux traitements<\/strong><\/p>\n<p>Les r\u00e9actions aux attentats de Paris et de Tunis ont-elles \u00e9t\u00e9 un tant soit peu similaires, sur le plan international? Loin s\u2019en faut!<\/p>\n<p>Apr\u00e8s le 13 novembre, jour des attentats de Paris, les grands monuments mondiaux ont \u00e9t\u00e9 rev\u00eatus d\u2019un drapeau fran\u00e7ais lumineux. En ce qui nous concerne, \u00e0 part l\u2019inscription parue sur la mairie de Paris, rien de semblable ne s\u2019est produit.<\/p>\n<p>Ceci a pouss\u00e9 les internautes tunisiens, dans un geste touchant et plein d\u2019humour, \u00e0 recouvrir eux-m\u00eames, la Tour Eiffel, la statue de la Libert\u00e9\u2026 du drapeau tunisien, Photoshop oblige. Ils ont eu raison, en cela : on n\u2019est jamais si bien servi que par soi-m\u00eame !<\/p>\n<p>A la suite des 3 attentats de cette ann\u00e9e 2015, notre tourisme a \u00e9t\u00e9 presque enti\u00e8rement an\u00e9anti, et des milliers de familles tunisiennes ont \u00e9t\u00e9 priv\u00e9es de revenus. Comment font-elles pour survivre, et qui pense \u00e0 elles ? Nous avons tr\u00e8s vite \u00e9t\u00e9 d\u00e9sign\u00e9s par les tours op\u00e9rateurs comme un pays<em> \u00abparia\u00bb<\/em>.<\/p>\n<p>Par contre, on n\u2019a entendu, concernant la France, aucune interdiction de voyage la visant. Les Etats-Unis ont, certes, lanc\u00e9 une alerte de vigilance destin\u00e9e \u00e0 leurs ressortissants, mais qui est mondiale et englobe toutes les destinations.<\/p>\n<p>Un aspect pr\u00e9cis de la politique ext\u00e9rieure de la France nous frappe : l\u2019actuel pr\u00e9sident Fran\u00e7ois Hollande tient \u00e0 imposer, comme condition \u00e0 toute solution politique en Syrie, le d\u00e9part de Bachar El-Assad du pouvoir.<\/p>\n<p>Loin de nous l\u2019id\u00e9e de d\u00e9fendre la dictature syrienne. Mais d\u2019une part, les pays arabes sont tax\u00e9s de r\u00e9gimes qui ne tiennent aucunement compte des d\u00e9sirs de leur peuple; d\u2019autre part, Fran\u00e7ois Hollande, pour qui l\u2019accession au pouvoir ne se peut se faire qu\u2019\u00e0 la suite d\u2019\u00e9lections\u00a0 d\u00e9mocratiques, veut d\u00e9cider de l\u2019avenir des Syriens \u00e0 leur place et fait fi, par l\u00e0-m\u00eame, de leur souverainet\u00e9 !<\/p>\n<p><strong>Ces victimes dont on ne parle pas<\/strong><\/p>\n<p>Une\u00a0 autre remarque montre \u00e0 quel point l\u2019injustice a de beaux jours devant elle. Les frappes contre Daech, qui rev\u00eatent enfin un aspect s\u00e9rieux avec les interventions russe et fran\u00e7aise, visent en premier lieu les jihadistes de Daech mais, dans la pratique, elles\u00a0 provoquent beaucoup plus de d\u00e9g\u00e2ts humains.<\/p>\n<p>Les bombes, en effet, <em>\u00abne font pas dans la dentelle\u00bb<\/em>. Elles sont en train, actuellement, de tuer aussi, des innocents. Pourtant, un blackout total est fait, sur le plan m\u00e9diatique, sur ces victimes civiles des frappes de la coalition, qui seraient plus nombreuses que celles subies par Daech.<\/p>\n<p>Il ressort de tout cela que si la D\u00e9claration universelle des droits de l\u2019homme des Nations-Unies affirme l\u2019\u00e9galit\u00e9 entre les hommes, ce qui est aussi s\u00fbr, c\u2019est que cette affirmation ne d\u00e9passe pas le plan th\u00e9orique.<\/p>\n<p>Quant \u00e0 notre Tunisie, elle est simultan\u00e9ment le lieu d\u2019\u00e9mergence, autant, de forces destructrices, que cr\u00e9atrices: le dernier attentat du 24 novembre, terrible, qui nous a tous, particuli\u00e8rement secou\u00e9s, n\u2019a emp\u00each\u00e9 ni la poursuite des Journ\u00e9es cin\u00e9matographiques de Carthage, ni la projection de certains des films de la comp\u00e9tition, dans les lyc\u00e9es, ni les r\u00e9centes manifestations de musique et de danse par les jeunes, dans un train de banlieue, et ni enfin les concerts de piano donn\u00e9s aux enfants de l\u2019int\u00e9rieur par le talentueux Souhayel Guesmi, en pleine rue !<\/p>\n<p><em>*Universitaire.<\/em><\/p>\n","protected":false},"excerpt":{"rendered":"<p>Les hommes ne sont \u00e9gaux qu\u2019en th\u00e9orie, car face aux bombes des terroristes et des Etats, toutes les victimes ne suscitent pas le m\u00eame \u00e9moi ni la m\u00eame compassion. Par Jamila Ben Mustapha*<\/p>\n","protected":false},"author":8,"featured_media":27984,"comment_status":"open","ping_status":"open","sticky":false,"template":"","format":"standard","meta":{"footnotes":""},"categories":[992,1000,2433],"tags":[2238,1364,2726],"class_list":["post-27983","post","type-post","status-publish","format-standard","has-post-thumbnail","hentry","category-a-la-une","category-tribune","category-tunisie","tag-attentats-terroristes","tag-paris","tag-victimes"],"yoast_head":"<!-- This site is optimized with the Yoast SEO plugin v26.6 - https:\/\/yoast.com\/wordpress\/plugins\/seo\/ -->\n<title>Des attentats de Paris et de Tunis et des rapports entre Orient et Occident - Kapitalis<\/title>\n<meta name=\"robots\" content=\"index, follow, max-snippet:-1, max-image-preview:large, max-video-preview:-1\" \/>\n<link rel=\"canonical\" href=\"https:\/\/kapitalis.com\/tunisie\/2015\/11\/30\/des-attentats-de-paris-et-de-tunis-et-des-rapports-entre-orient-et-occident\/\" \/>\n<meta property=\"og:locale\" content=\"fr_FR\" \/>\n<meta property=\"og:type\" content=\"article\" \/>\n<meta property=\"og:title\" content=\"Des attentats de Paris et de Tunis et des rapports entre Orient et Occident - Kapitalis\" \/>\n<meta property=\"og:description\" content=\"Les hommes ne sont \u00e9gaux qu\u2019en th\u00e9orie, car face aux bombes des terroristes et des Etats, toutes les victimes ne suscitent pas le m\u00eame \u00e9moi ni la m\u00eame compassion. Par Jamila Ben Mustapha*\" \/>\n<meta property=\"og:url\" content=\"https:\/\/kapitalis.com\/tunisie\/2015\/11\/30\/des-attentats-de-paris-et-de-tunis-et-des-rapports-entre-orient-et-occident\/\" \/>\n<meta property=\"og:site_name\" content=\"Kapitalis\" \/>\n<meta property=\"article:publisher\" content=\"https:\/\/www.facebook.com\/KapitalisInfo\/\" \/>\n<meta property=\"article:published_time\" content=\"2015-11-30T10:24:54+00:00\" \/>\n<meta property=\"article:modified_time\" content=\"2015-11-30T10:25:17+00:00\" \/>\n<meta property=\"og:image\" content=\"https:\/\/kapitalis.com\/tunisie\/wp-content\/uploads\/2022\/05\/kapitalis-logo-fb.png\" \/>\n\t<meta property=\"og:image:width\" content=\"1200\" \/>\n\t<meta property=\"og:image:height\" content=\"630\" \/>\n\t<meta property=\"og:image:type\" content=\"image\/png\" \/>\n<meta name=\"author\" content=\"webmaster kapitalis\" \/>\n<meta name=\"twitter:card\" content=\"summary_large_image\" \/>\n<meta name=\"twitter:creator\" content=\"@KapitalisInfo\" \/>\n<meta name=\"twitter:site\" content=\"@KapitalisInfo\" \/>\n<meta name=\"twitter:label1\" content=\"\u00c9crit par\" \/>\n\t<meta name=\"twitter:data1\" content=\"webmaster kapitalis\" \/>\n\t<meta name=\"twitter:label2\" content=\"Dur\u00e9e de lecture estim\u00e9e\" \/>\n\t<meta name=\"twitter:data2\" content=\"6 minutes\" \/>\n<script type=\"application\/ld+json\" class=\"yoast-schema-graph\">{\"@context\":\"https:\/\/schema.org\",\"@graph\":[{\"@type\":\"Article\",\"@id\":\"https:\/\/kapitalis.com\/tunisie\/2015\/11\/30\/des-attentats-de-paris-et-de-tunis-et-des-rapports-entre-orient-et-occident\/#article\",\"isPartOf\":{\"@id\":\"https:\/\/kapitalis.com\/tunisie\/2015\/11\/30\/des-attentats-de-paris-et-de-tunis-et-des-rapports-entre-orient-et-occident\/\"},\"author\":{\"name\":\"webmaster kapitalis\",\"@id\":\"https:\/\/kapitalis.com\/tunisie\/#\/schema\/person\/d71f33a9ca44f7bad4698210b480c8e9\"},\"headline\":\"Des attentats de Paris et de Tunis et des rapports entre Orient et Occident\",\"datePublished\":\"2015-11-30T10:24:54+00:00\",\"dateModified\":\"2015-11-30T10:25:17+00:00\",\"mainEntityOfPage\":{\"@id\":\"https:\/\/kapitalis.com\/tunisie\/2015\/11\/30\/des-attentats-de-paris-et-de-tunis-et-des-rapports-entre-orient-et-occident\/\"},\"wordCount\":1175,\"commentCount\":5,\"publisher\":{\"@id\":\"https:\/\/kapitalis.com\/tunisie\/#organization\"},\"image\":{\"@id\":\"https:\/\/kapitalis.com\/tunisie\/2015\/11\/30\/des-attentats-de-paris-et-de-tunis-et-des-rapports-entre-orient-et-occident\/#primaryimage\"},\"thumbnailUrl\":\"\",\"keywords\":[\"attentats terroristes\",\"Paris\",\"victimes\"],\"articleSection\":[\"A LA UNE\",\"TRIBUNE\",\"Tunisie\"],\"inLanguage\":\"fr-FR\",\"potentialAction\":[{\"@type\":\"CommentAction\",\"name\":\"Comment\",\"target\":[\"https:\/\/kapitalis.com\/tunisie\/2015\/11\/30\/des-attentats-de-paris-et-de-tunis-et-des-rapports-entre-orient-et-occident\/#respond\"]}]},{\"@type\":\"WebPage\",\"@id\":\"https:\/\/kapitalis.com\/tunisie\/2015\/11\/30\/des-attentats-de-paris-et-de-tunis-et-des-rapports-entre-orient-et-occident\/\",\"url\":\"https:\/\/kapitalis.com\/tunisie\/2015\/11\/30\/des-attentats-de-paris-et-de-tunis-et-des-rapports-entre-orient-et-occident\/\",\"name\":\"Des attentats de Paris et de Tunis et des rapports entre Orient et Occident - Kapitalis\",\"isPartOf\":{\"@id\":\"https:\/\/kapitalis.com\/tunisie\/#website\"},\"primaryImageOfPage\":{\"@id\":\"https:\/\/kapitalis.com\/tunisie\/2015\/11\/30\/des-attentats-de-paris-et-de-tunis-et-des-rapports-entre-orient-et-occident\/#primaryimage\"},\"image\":{\"@id\":\"https:\/\/kapitalis.com\/tunisie\/2015\/11\/30\/des-attentats-de-paris-et-de-tunis-et-des-rapports-entre-orient-et-occident\/#primaryimage\"},\"thumbnailUrl\":\"\",\"datePublished\":\"2015-11-30T10:24:54+00:00\",\"dateModified\":\"2015-11-30T10:25:17+00:00\",\"breadcrumb\":{\"@id\":\"https:\/\/kapitalis.com\/tunisie\/2015\/11\/30\/des-attentats-de-paris-et-de-tunis-et-des-rapports-entre-orient-et-occident\/#breadcrumb\"},\"inLanguage\":\"fr-FR\",\"potentialAction\":[{\"@type\":\"ReadAction\",\"target\":[\"https:\/\/kapitalis.com\/tunisie\/2015\/11\/30\/des-attentats-de-paris-et-de-tunis-et-des-rapports-entre-orient-et-occident\/\"]}]},{\"@type\":\"ImageObject\",\"inLanguage\":\"fr-FR\",\"@id\":\"https:\/\/kapitalis.com\/tunisie\/2015\/11\/30\/des-attentats-de-paris-et-de-tunis-et-des-rapports-entre-orient-et-occident\/#primaryimage\",\"url\":\"\",\"contentUrl\":\"\"},{\"@type\":\"BreadcrumbList\",\"@id\":\"https:\/\/kapitalis.com\/tunisie\/2015\/11\/30\/des-attentats-de-paris-et-de-tunis-et-des-rapports-entre-orient-et-occident\/#breadcrumb\",\"itemListElement\":[{\"@type\":\"ListItem\",\"position\":1,\"name\":\"Accueil\",\"item\":\"https:\/\/kapitalis.com\/tunisie\/\"},{\"@type\":\"ListItem\",\"position\":2,\"name\":\"Des attentats de Paris et de Tunis et des rapports entre Orient et Occident\"}]},{\"@type\":\"WebSite\",\"@id\":\"https:\/\/kapitalis.com\/tunisie\/#website\",\"url\":\"https:\/\/kapitalis.com\/tunisie\/\",\"name\":\"Kapitalis\",\"description\":\"L&#039;actualit\u00e9 en Tunisie et dans le monde\",\"publisher\":{\"@id\":\"https:\/\/kapitalis.com\/tunisie\/#organization\"},\"potentialAction\":[{\"@type\":\"SearchAction\",\"target\":{\"@type\":\"EntryPoint\",\"urlTemplate\":\"https:\/\/kapitalis.com\/tunisie\/?s={search_term_string}\"},\"query-input\":{\"@type\":\"PropertyValueSpecification\",\"valueRequired\":true,\"valueName\":\"search_term_string\"}}],\"inLanguage\":\"fr-FR\"},{\"@type\":\"Organization\",\"@id\":\"https:\/\/kapitalis.com\/tunisie\/#organization\",\"name\":\"Kapitalis\",\"url\":\"https:\/\/kapitalis.com\/tunisie\/\",\"logo\":{\"@type\":\"ImageObject\",\"inLanguage\":\"fr-FR\",\"@id\":\"https:\/\/kapitalis.com\/tunisie\/#\/schema\/logo\/image\/\",\"url\":\"https:\/\/kapitalis.com\/tunisie\/wp-content\/uploads\/2022\/05\/Kapitalis-big-size.png\",\"contentUrl\":\"https:\/\/kapitalis.com\/tunisie\/wp-content\/uploads\/2022\/05\/Kapitalis-big-size.png\",\"width\":5000,\"height\":1500,\"caption\":\"Kapitalis\"},\"image\":{\"@id\":\"https:\/\/kapitalis.com\/tunisie\/#\/schema\/logo\/image\/\"},\"sameAs\":[\"https:\/\/www.facebook.com\/KapitalisInfo\/\",\"https:\/\/x.com\/KapitalisInfo\",\"https:\/\/www.youtube.com\/channel\/UC-yDYrHyfFBWWZaOw3FPg9Q\"]},{\"@type\":\"Person\",\"@id\":\"https:\/\/kapitalis.com\/tunisie\/#\/schema\/person\/d71f33a9ca44f7bad4698210b480c8e9\",\"name\":\"webmaster kapitalis\",\"url\":\"https:\/\/kapitalis.com\/tunisie\/author\/webmaster-kapitalis\/\"}]}<\/script>\n<!-- \/ Yoast SEO plugin. -->","yoast_head_json":{"title":"Des attentats de Paris et de Tunis et des rapports entre Orient et Occident - Kapitalis","robots":{"index":"index","follow":"follow","max-snippet":"max-snippet:-1","max-image-preview":"max-image-preview:large","max-video-preview":"max-video-preview:-1"},"canonical":"https:\/\/kapitalis.com\/tunisie\/2015\/11\/30\/des-attentats-de-paris-et-de-tunis-et-des-rapports-entre-orient-et-occident\/","og_locale":"fr_FR","og_type":"article","og_title":"Des attentats de Paris et de Tunis et des rapports entre Orient et Occident - Kapitalis","og_description":"Les hommes ne sont \u00e9gaux qu\u2019en th\u00e9orie, car face aux bombes des terroristes et des Etats, toutes les victimes ne suscitent pas le m\u00eame \u00e9moi ni la m\u00eame compassion. Par Jamila Ben Mustapha*","og_url":"https:\/\/kapitalis.com\/tunisie\/2015\/11\/30\/des-attentats-de-paris-et-de-tunis-et-des-rapports-entre-orient-et-occident\/","og_site_name":"Kapitalis","article_publisher":"https:\/\/www.facebook.com\/KapitalisInfo\/","article_published_time":"2015-11-30T10:24:54+00:00","article_modified_time":"2015-11-30T10:25:17+00:00","og_image":[{"width":1200,"height":630,"url":"https:\/\/kapitalis.com\/tunisie\/wp-content\/uploads\/2022\/05\/kapitalis-logo-fb.png","type":"image\/png"}],"author":"webmaster kapitalis","twitter_card":"summary_large_image","twitter_creator":"@KapitalisInfo","twitter_site":"@KapitalisInfo","twitter_misc":{"\u00c9crit par":"webmaster kapitalis","Dur\u00e9e de lecture estim\u00e9e":"6 minutes"},"schema":{"@context":"https:\/\/schema.org","@graph":[{"@type":"Article","@id":"https:\/\/kapitalis.com\/tunisie\/2015\/11\/30\/des-attentats-de-paris-et-de-tunis-et-des-rapports-entre-orient-et-occident\/#article","isPartOf":{"@id":"https:\/\/kapitalis.com\/tunisie\/2015\/11\/30\/des-attentats-de-paris-et-de-tunis-et-des-rapports-entre-orient-et-occident\/"},"author":{"name":"webmaster kapitalis","@id":"https:\/\/kapitalis.com\/tunisie\/#\/schema\/person\/d71f33a9ca44f7bad4698210b480c8e9"},"headline":"Des attentats de Paris et de Tunis et des rapports entre Orient et Occident","datePublished":"2015-11-30T10:24:54+00:00","dateModified":"2015-11-30T10:25:17+00:00","mainEntityOfPage":{"@id":"https:\/\/kapitalis.com\/tunisie\/2015\/11\/30\/des-attentats-de-paris-et-de-tunis-et-des-rapports-entre-orient-et-occident\/"},"wordCount":1175,"commentCount":5,"publisher":{"@id":"https:\/\/kapitalis.com\/tunisie\/#organization"},"image":{"@id":"https:\/\/kapitalis.com\/tunisie\/2015\/11\/30\/des-attentats-de-paris-et-de-tunis-et-des-rapports-entre-orient-et-occident\/#primaryimage"},"thumbnailUrl":"","keywords":["attentats terroristes","Paris","victimes"],"articleSection":["A LA UNE","TRIBUNE","Tunisie"],"inLanguage":"fr-FR","potentialAction":[{"@type":"CommentAction","name":"Comment","target":["https:\/\/kapitalis.com\/tunisie\/2015\/11\/30\/des-attentats-de-paris-et-de-tunis-et-des-rapports-entre-orient-et-occident\/#respond"]}]},{"@type":"WebPage","@id":"https:\/\/kapitalis.com\/tunisie\/2015\/11\/30\/des-attentats-de-paris-et-de-tunis-et-des-rapports-entre-orient-et-occident\/","url":"https:\/\/kapitalis.com\/tunisie\/2015\/11\/30\/des-attentats-de-paris-et-de-tunis-et-des-rapports-entre-orient-et-occident\/","name":"Des attentats de Paris et de Tunis et des rapports entre Orient et Occident - Kapitalis","isPartOf":{"@id":"https:\/\/kapitalis.com\/tunisie\/#website"},"primaryImageOfPage":{"@id":"https:\/\/kapitalis.com\/tunisie\/2015\/11\/30\/des-attentats-de-paris-et-de-tunis-et-des-rapports-entre-orient-et-occident\/#primaryimage"},"image":{"@id":"https:\/\/kapitalis.com\/tunisie\/2015\/11\/30\/des-attentats-de-paris-et-de-tunis-et-des-rapports-entre-orient-et-occident\/#primaryimage"},"thumbnailUrl":"","datePublished":"2015-11-30T10:24:54+00:00","dateModified":"2015-11-30T10:25:17+00:00","breadcrumb":{"@id":"https:\/\/kapitalis.com\/tunisie\/2015\/11\/30\/des-attentats-de-paris-et-de-tunis-et-des-rapports-entre-orient-et-occident\/#breadcrumb"},"inLanguage":"fr-FR","potentialAction":[{"@type":"ReadAction","target":["https:\/\/kapitalis.com\/tunisie\/2015\/11\/30\/des-attentats-de-paris-et-de-tunis-et-des-rapports-entre-orient-et-occident\/"]}]},{"@type":"ImageObject","inLanguage":"fr-FR","@id":"https:\/\/kapitalis.com\/tunisie\/2015\/11\/30\/des-attentats-de-paris-et-de-tunis-et-des-rapports-entre-orient-et-occident\/#primaryimage","url":"","contentUrl":""},{"@type":"BreadcrumbList","@id":"https:\/\/kapitalis.com\/tunisie\/2015\/11\/30\/des-attentats-de-paris-et-de-tunis-et-des-rapports-entre-orient-et-occident\/#breadcrumb","itemListElement":[{"@type":"ListItem","position":1,"name":"Accueil","item":"https:\/\/kapitalis.com\/tunisie\/"},{"@type":"ListItem","position":2,"name":"Des attentats de Paris et de Tunis et des rapports entre Orient et Occident"}]},{"@type":"WebSite","@id":"https:\/\/kapitalis.com\/tunisie\/#website","url":"https:\/\/kapitalis.com\/tunisie\/","name":"Kapitalis","description":"L&#039;actualit\u00e9 en Tunisie et dans le monde","publisher":{"@id":"https:\/\/kapitalis.com\/tunisie\/#organization"},"potentialAction":[{"@type":"SearchAction","target":{"@type":"EntryPoint","urlTemplate":"https:\/\/kapitalis.com\/tunisie\/?s={search_term_string}"},"query-input":{"@type":"PropertyValueSpecification","valueRequired":true,"valueName":"search_term_string"}}],"inLanguage":"fr-FR"},{"@type":"Organization","@id":"https:\/\/kapitalis.com\/tunisie\/#organization","name":"Kapitalis","url":"https:\/\/kapitalis.com\/tunisie\/","logo":{"@type":"ImageObject","inLanguage":"fr-FR","@id":"https:\/\/kapitalis.com\/tunisie\/#\/schema\/logo\/image\/","url":"https:\/\/kapitalis.com\/tunisie\/wp-content\/uploads\/2022\/05\/Kapitalis-big-size.png","contentUrl":"https:\/\/kapitalis.com\/tunisie\/wp-content\/uploads\/2022\/05\/Kapitalis-big-size.png","width":5000,"height":1500,"caption":"Kapitalis"},"image":{"@id":"https:\/\/kapitalis.com\/tunisie\/#\/schema\/logo\/image\/"},"sameAs":["https:\/\/www.facebook.com\/KapitalisInfo\/","https:\/\/x.com\/KapitalisInfo","https:\/\/www.youtube.com\/channel\/UC-yDYrHyfFBWWZaOw3FPg9Q"]},{"@type":"Person","@id":"https:\/\/kapitalis.com\/tunisie\/#\/schema\/person\/d71f33a9ca44f7bad4698210b480c8e9","name":"webmaster kapitalis","url":"https:\/\/kapitalis.com\/tunisie\/author\/webmaster-kapitalis\/"}]}},"_links":{"self":[{"href":"https:\/\/kapitalis.com\/tunisie\/wp-json\/wp\/v2\/posts\/27983","targetHints":{"allow":["GET"]}}],"collection":[{"href":"https:\/\/kapitalis.com\/tunisie\/wp-json\/wp\/v2\/posts"}],"about":[{"href":"https:\/\/kapitalis.com\/tunisie\/wp-json\/wp\/v2\/types\/post"}],"author":[{"embeddable":true,"href":"https:\/\/kapitalis.com\/tunisie\/wp-json\/wp\/v2\/users\/8"}],"replies":[{"embeddable":true,"href":"https:\/\/kapitalis.com\/tunisie\/wp-json\/wp\/v2\/comments?post=27983"}],"version-history":[{"count":0,"href":"https:\/\/kapitalis.com\/tunisie\/wp-json\/wp\/v2\/posts\/27983\/revisions"}],"wp:featuredmedia":[{"embeddable":true,"href":"https:\/\/kapitalis.com\/tunisie\/wp-json\/wp\/v2\/media\/27984"}],"wp:attachment":[{"href":"https:\/\/kapitalis.com\/tunisie\/wp-json\/wp\/v2\/media?parent=27983"}],"wp:term":[{"taxonomy":"category","embeddable":true,"href":"https:\/\/kapitalis.com\/tunisie\/wp-json\/wp\/v2\/categories?post=27983"},{"taxonomy":"post_tag","embeddable":true,"href":"https:\/\/kapitalis.com\/tunisie\/wp-json\/wp\/v2\/tags?post=27983"}],"curies":[{"name":"wp","href":"https:\/\/api.w.org\/{rel}","templated":true}]}}