{"id":27986,"date":"2015-11-30T12:30:34","date_gmt":"2015-11-30T11:30:34","guid":{"rendered":"http:\/\/kapitalis.com\/tunisie\/?p=27986"},"modified":"2015-11-30T12:42:47","modified_gmt":"2015-11-30T11:42:47","slug":"la-tunisienne-naziha-mestaoui-transforme-la-tour-eiffel-en-foret-virtuelle","status":"publish","type":"post","link":"https:\/\/kapitalis.com\/tunisie\/2015\/11\/30\/la-tunisienne-naziha-mestaoui-transforme-la-tour-eiffel-en-foret-virtuelle\/","title":{"rendered":"La Tunisienne Naziha Mestaoui transforme la Tour Eiffel en for\u00eat virtuelle"},"content":{"rendered":"<p><img loading=\"lazy\" decoding=\"async\" class=\"alignnone size-full wp-image-27991 aligncenter\" src=\"http:\/\/kapitalis.com\/tunisie\/wp-content\/uploads\/2015\/11\/Tour-eiffel-Mestaoui.jpg\" alt=\"Tour eiffel Mestaoui\" width=\"626\" height=\"380\" \/><\/p>\n<p><em><strong>La Tour Eiffel se transforme \u00e0 l&rsquo;occasion de la conf\u00e9rence de Paris sur le changement climatique (Cop 21) en une for\u00eat virtuelle.<\/strong> <\/em><br \/>\n<!--more--><\/p>\n<p>Cette animation num\u00e9rique, con\u00e7ue par l\u2019architecte et artiste d\u2019origine tunisienne Naziha Mestaoui, \u00e0 l\u2019occasion de la conf\u00e9rence Cop 21 qui se d\u00e9roule \u00e0 Paris du 29 novembre au 4 d\u00e9cembre, a pour objectif de mobiliser le plus grand nombre de citoyens \u00e0 travers le monde pour contribuer au reboisement des for\u00eats, dans le cadre du projet de reforestation initi\u00e9 par l\u2019Association fran\u00e7aise \u00ab\u00a0<em>Pur Projet<\/em>\u00ab\u00a0.<\/p>\n<p>Naziha Mestaoui, artiste belgo-tunisienne form\u00e9e en architecture vit et travaille \u00e0 Paris. Sa d\u00e9marche unit de fa\u00e7on singuli\u00e8re et innovante l\u2019espace, l\u2019image et la technologie pour cr\u00e9er des installations immersives et sensibles.<\/p>\n<p>Gr\u00e2ce \u00e0 l\u2019application \u00ab<em>1 Heart, 1 Tree<\/em>\u00bb (1 Coeur, 1 Arbre), les internautes peuvent contribuer \u00e0 la plantation d\u2019un arbre virtuel qui sera projet\u00e9 directement sur la Tour Eiffel, avec un message ou le nom de l\u2019internaute.<\/p>\n<p>Naziha Mestaoui, a d\u00e9clar\u00e9 \u00e0 l&rsquo;agence Tap que sa \u00ab<em>vision est globale et va au-del\u00e0 des fronti\u00e8res<\/em>\u00bb. Elle consid\u00e8re que \u00ab<em>tout le monde peut se connecter \u00e0 la nature<\/em>\u00bb. En lan\u00e7ant cette initiative qui d\u00e9fend la nature, elle a un message \u00e0 transmettre, \u00ab<em>1 Heart, 1 Tree, est un moyen pour monter qu\u2019il n\u2019y a pas de s\u00e9paration entre nous et tout ce qui nous entoure\u00bb<\/em>.<\/p>\n<p>Parlant de la paix et de la lutte contre le terrorisme, Naziha Mestaoui a pr\u00e9cis\u00e9 que \u00ab<em>1 Heart, 1 Tree est une mani\u00e8re de lutter contre ce fl\u00e9au<\/em>\u00bb. Elle a ajout\u00e9 \u00ab<em>chacun peut se mobiliser, montrer sa vision&#8230; Nous sommes plus nombreux que les terroristes, nous avons un autre syst\u00e8me de valeur qu\u2019il faut montrer\u00bb<\/em>.<\/p>\n<p>La c\u00e9r\u00e9monie du lancement de l\u2019animation de la Tour Eiffel s\u2019est d\u00e9roul\u00e9e en pr\u00e9sence du secr\u00e9taire g\u00e9n\u00e9ral des Nations-Unies, Ban Ki-moon, de l\u2019ambassadeur mondial du climat, Nicolas Hulot, et de l\u2019actrice Marion Cotillard.<\/p>\n<p style=\"text-align: right;\"><strong>A. B. M.<\/strong> <em>(avec Tap)\u00a0<\/em><\/p>\n","protected":false},"excerpt":{"rendered":"<p>La Tour Eiffel se transforme \u00e0 l&rsquo;occasion de la conf\u00e9rence de Paris sur le changement climatique (Cop 21) en une for\u00eat virtuelle.<\/p>\n","protected":false},"author":11,"featured_media":27991,"comment_status":"open","ping_status":"open","sticky":false,"template":"","format":"standard","meta":{"footnotes":""},"categories":[998,2433],"tags":[9387,1364],"class_list":["post-27986","post","type-post","status-publish","format-standard","has-post-thumbnail","hentry","category-societe","category-tunisie","tag-nature","tag-paris"],"yoast_head":"<!-- This site is optimized with the Yoast SEO plugin v26.6 - https:\/\/yoast.com\/wordpress\/plugins\/seo\/ -->\n<title>La Tunisienne Naziha Mestaoui transforme la Tour Eiffel en for\u00eat virtuelle - Kapitalis<\/title>\n<meta name=\"robots\" content=\"index, follow, max-snippet:-1, max-image-preview:large, max-video-preview:-1\" \/>\n<link rel=\"canonical\" href=\"https:\/\/kapitalis.com\/tunisie\/2015\/11\/30\/la-tunisienne-naziha-mestaoui-transforme-la-tour-eiffel-en-foret-virtuelle\/\" \/>\n<meta property=\"og:locale\" content=\"fr_FR\" \/>\n<meta property=\"og:type\" content=\"article\" \/>\n<meta property=\"og:title\" content=\"La Tunisienne Naziha Mestaoui transforme la Tour Eiffel en for\u00eat virtuelle - Kapitalis\" \/>\n<meta property=\"og:description\" content=\"La Tour Eiffel se transforme \u00e0 l&rsquo;occasion de la conf\u00e9rence de Paris sur le changement climatique (Cop 21) en une for\u00eat virtuelle.\" \/>\n<meta property=\"og:url\" content=\"https:\/\/kapitalis.com\/tunisie\/2015\/11\/30\/la-tunisienne-naziha-mestaoui-transforme-la-tour-eiffel-en-foret-virtuelle\/\" \/>\n<meta property=\"og:site_name\" content=\"Kapitalis\" \/>\n<meta property=\"article:publisher\" content=\"https:\/\/www.facebook.com\/KapitalisInfo\/\" \/>\n<meta property=\"article:published_time\" content=\"2015-11-30T11:30:34+00:00\" \/>\n<meta property=\"article:modified_time\" content=\"2015-11-30T11:42:47+00:00\" \/>\n<meta property=\"og:image\" content=\"https:\/\/kapitalis.com\/tunisie\/wp-content\/uploads\/2022\/05\/kapitalis-logo-fb.png\" \/>\n\t<meta property=\"og:image:width\" content=\"1200\" \/>\n\t<meta property=\"og:image:height\" content=\"630\" \/>\n\t<meta property=\"og:image:type\" content=\"image\/png\" \/>\n<meta name=\"author\" content=\"benmansour3 benmansour\" \/>\n<meta name=\"twitter:card\" content=\"summary_large_image\" \/>\n<meta name=\"twitter:creator\" content=\"@KapitalisInfo\" \/>\n<meta name=\"twitter:site\" content=\"@KapitalisInfo\" \/>\n<meta name=\"twitter:label1\" content=\"\u00c9crit par\" \/>\n\t<meta name=\"twitter:data1\" content=\"benmansour3 benmansour\" \/>\n\t<meta name=\"twitter:label2\" content=\"Dur\u00e9e de lecture estim\u00e9e\" \/>\n\t<meta name=\"twitter:data2\" content=\"2 minutes\" \/>\n<script type=\"application\/ld+json\" class=\"yoast-schema-graph\">{\"@context\":\"https:\/\/schema.org\",\"@graph\":[{\"@type\":\"Article\",\"@id\":\"https:\/\/kapitalis.com\/tunisie\/2015\/11\/30\/la-tunisienne-naziha-mestaoui-transforme-la-tour-eiffel-en-foret-virtuelle\/#article\",\"isPartOf\":{\"@id\":\"https:\/\/kapitalis.com\/tunisie\/2015\/11\/30\/la-tunisienne-naziha-mestaoui-transforme-la-tour-eiffel-en-foret-virtuelle\/\"},\"author\":{\"name\":\"benmansour3 benmansour\",\"@id\":\"https:\/\/kapitalis.com\/tunisie\/#\/schema\/person\/035372e645ad321edc01006468cd4c8b\"},\"headline\":\"La Tunisienne Naziha Mestaoui transforme la Tour Eiffel en for\u00eat virtuelle\",\"datePublished\":\"2015-11-30T11:30:34+00:00\",\"dateModified\":\"2015-11-30T11:42:47+00:00\",\"mainEntityOfPage\":{\"@id\":\"https:\/\/kapitalis.com\/tunisie\/2015\/11\/30\/la-tunisienne-naziha-mestaoui-transforme-la-tour-eiffel-en-foret-virtuelle\/\"},\"wordCount\":353,\"commentCount\":3,\"publisher\":{\"@id\":\"https:\/\/kapitalis.com\/tunisie\/#organization\"},\"image\":{\"@id\":\"https:\/\/kapitalis.com\/tunisie\/2015\/11\/30\/la-tunisienne-naziha-mestaoui-transforme-la-tour-eiffel-en-foret-virtuelle\/#primaryimage\"},\"thumbnailUrl\":\"\",\"keywords\":[\"nature\",\"Paris\"],\"articleSection\":[\"SOCIETE\",\"Tunisie\"],\"inLanguage\":\"fr-FR\",\"potentialAction\":[{\"@type\":\"CommentAction\",\"name\":\"Comment\",\"target\":[\"https:\/\/kapitalis.com\/tunisie\/2015\/11\/30\/la-tunisienne-naziha-mestaoui-transforme-la-tour-eiffel-en-foret-virtuelle\/#respond\"]}]},{\"@type\":\"WebPage\",\"@id\":\"https:\/\/kapitalis.com\/tunisie\/2015\/11\/30\/la-tunisienne-naziha-mestaoui-transforme-la-tour-eiffel-en-foret-virtuelle\/\",\"url\":\"https:\/\/kapitalis.com\/tunisie\/2015\/11\/30\/la-tunisienne-naziha-mestaoui-transforme-la-tour-eiffel-en-foret-virtuelle\/\",\"name\":\"La Tunisienne Naziha Mestaoui transforme la Tour Eiffel en for\u00eat virtuelle - Kapitalis\",\"isPartOf\":{\"@id\":\"https:\/\/kapitalis.com\/tunisie\/#website\"},\"primaryImageOfPage\":{\"@id\":\"https:\/\/kapitalis.com\/tunisie\/2015\/11\/30\/la-tunisienne-naziha-mestaoui-transforme-la-tour-eiffel-en-foret-virtuelle\/#primaryimage\"},\"image\":{\"@id\":\"https:\/\/kapitalis.com\/tunisie\/2015\/11\/30\/la-tunisienne-naziha-mestaoui-transforme-la-tour-eiffel-en-foret-virtuelle\/#primaryimage\"},\"thumbnailUrl\":\"\",\"datePublished\":\"2015-11-30T11:30:34+00:00\",\"dateModified\":\"2015-11-30T11:42:47+00:00\",\"breadcrumb\":{\"@id\":\"https:\/\/kapitalis.com\/tunisie\/2015\/11\/30\/la-tunisienne-naziha-mestaoui-transforme-la-tour-eiffel-en-foret-virtuelle\/#breadcrumb\"},\"inLanguage\":\"fr-FR\",\"potentialAction\":[{\"@type\":\"ReadAction\",\"target\":[\"https:\/\/kapitalis.com\/tunisie\/2015\/11\/30\/la-tunisienne-naziha-mestaoui-transforme-la-tour-eiffel-en-foret-virtuelle\/\"]}]},{\"@type\":\"ImageObject\",\"inLanguage\":\"fr-FR\",\"@id\":\"https:\/\/kapitalis.com\/tunisie\/2015\/11\/30\/la-tunisienne-naziha-mestaoui-transforme-la-tour-eiffel-en-foret-virtuelle\/#primaryimage\",\"url\":\"\",\"contentUrl\":\"\"},{\"@type\":\"BreadcrumbList\",\"@id\":\"https:\/\/kapitalis.com\/tunisie\/2015\/11\/30\/la-tunisienne-naziha-mestaoui-transforme-la-tour-eiffel-en-foret-virtuelle\/#breadcrumb\",\"itemListElement\":[{\"@type\":\"ListItem\",\"position\":1,\"name\":\"Accueil\",\"item\":\"https:\/\/kapitalis.com\/tunisie\/\"},{\"@type\":\"ListItem\",\"position\":2,\"name\":\"La Tunisienne Naziha Mestaoui transforme la Tour Eiffel en for\u00eat virtuelle\"}]},{\"@type\":\"WebSite\",\"@id\":\"https:\/\/kapitalis.com\/tunisie\/#website\",\"url\":\"https:\/\/kapitalis.com\/tunisie\/\",\"name\":\"Kapitalis\",\"description\":\"L&#039;actualit\u00e9 en Tunisie et dans le monde\",\"publisher\":{\"@id\":\"https:\/\/kapitalis.com\/tunisie\/#organization\"},\"potentialAction\":[{\"@type\":\"SearchAction\",\"target\":{\"@type\":\"EntryPoint\",\"urlTemplate\":\"https:\/\/kapitalis.com\/tunisie\/?s={search_term_string}\"},\"query-input\":{\"@type\":\"PropertyValueSpecification\",\"valueRequired\":true,\"valueName\":\"search_term_string\"}}],\"inLanguage\":\"fr-FR\"},{\"@type\":\"Organization\",\"@id\":\"https:\/\/kapitalis.com\/tunisie\/#organization\",\"name\":\"Kapitalis\",\"url\":\"https:\/\/kapitalis.com\/tunisie\/\",\"logo\":{\"@type\":\"ImageObject\",\"inLanguage\":\"fr-FR\",\"@id\":\"https:\/\/kapitalis.com\/tunisie\/#\/schema\/logo\/image\/\",\"url\":\"https:\/\/kapitalis.com\/tunisie\/wp-content\/uploads\/2022\/05\/Kapitalis-big-size.png\",\"contentUrl\":\"https:\/\/kapitalis.com\/tunisie\/wp-content\/uploads\/2022\/05\/Kapitalis-big-size.png\",\"width\":5000,\"height\":1500,\"caption\":\"Kapitalis\"},\"image\":{\"@id\":\"https:\/\/kapitalis.com\/tunisie\/#\/schema\/logo\/image\/\"},\"sameAs\":[\"https:\/\/www.facebook.com\/KapitalisInfo\/\",\"https:\/\/x.com\/KapitalisInfo\",\"https:\/\/www.youtube.com\/channel\/UC-yDYrHyfFBWWZaOw3FPg9Q\"]},{\"@type\":\"Person\",\"@id\":\"https:\/\/kapitalis.com\/tunisie\/#\/schema\/person\/035372e645ad321edc01006468cd4c8b\",\"name\":\"benmansour3 benmansour\",\"url\":\"https:\/\/kapitalis.com\/tunisie\/author\/benmansour3\/\"}]}<\/script>\n<!-- \/ Yoast SEO plugin. -->","yoast_head_json":{"title":"La Tunisienne Naziha Mestaoui transforme la Tour Eiffel en for\u00eat virtuelle - Kapitalis","robots":{"index":"index","follow":"follow","max-snippet":"max-snippet:-1","max-image-preview":"max-image-preview:large","max-video-preview":"max-video-preview:-1"},"canonical":"https:\/\/kapitalis.com\/tunisie\/2015\/11\/30\/la-tunisienne-naziha-mestaoui-transforme-la-tour-eiffel-en-foret-virtuelle\/","og_locale":"fr_FR","og_type":"article","og_title":"La Tunisienne Naziha Mestaoui transforme la Tour Eiffel en for\u00eat virtuelle - Kapitalis","og_description":"La Tour Eiffel se transforme \u00e0 l&rsquo;occasion de la conf\u00e9rence de Paris sur le changement climatique (Cop 21) en une for\u00eat virtuelle.","og_url":"https:\/\/kapitalis.com\/tunisie\/2015\/11\/30\/la-tunisienne-naziha-mestaoui-transforme-la-tour-eiffel-en-foret-virtuelle\/","og_site_name":"Kapitalis","article_publisher":"https:\/\/www.facebook.com\/KapitalisInfo\/","article_published_time":"2015-11-30T11:30:34+00:00","article_modified_time":"2015-11-30T11:42:47+00:00","og_image":[{"width":1200,"height":630,"url":"https:\/\/kapitalis.com\/tunisie\/wp-content\/uploads\/2022\/05\/kapitalis-logo-fb.png","type":"image\/png"}],"author":"benmansour3 benmansour","twitter_card":"summary_large_image","twitter_creator":"@KapitalisInfo","twitter_site":"@KapitalisInfo","twitter_misc":{"\u00c9crit par":"benmansour3 benmansour","Dur\u00e9e de lecture estim\u00e9e":"2 minutes"},"schema":{"@context":"https:\/\/schema.org","@graph":[{"@type":"Article","@id":"https:\/\/kapitalis.com\/tunisie\/2015\/11\/30\/la-tunisienne-naziha-mestaoui-transforme-la-tour-eiffel-en-foret-virtuelle\/#article","isPartOf":{"@id":"https:\/\/kapitalis.com\/tunisie\/2015\/11\/30\/la-tunisienne-naziha-mestaoui-transforme-la-tour-eiffel-en-foret-virtuelle\/"},"author":{"name":"benmansour3 benmansour","@id":"https:\/\/kapitalis.com\/tunisie\/#\/schema\/person\/035372e645ad321edc01006468cd4c8b"},"headline":"La Tunisienne Naziha Mestaoui transforme la Tour Eiffel en for\u00eat virtuelle","datePublished":"2015-11-30T11:30:34+00:00","dateModified":"2015-11-30T11:42:47+00:00","mainEntityOfPage":{"@id":"https:\/\/kapitalis.com\/tunisie\/2015\/11\/30\/la-tunisienne-naziha-mestaoui-transforme-la-tour-eiffel-en-foret-virtuelle\/"},"wordCount":353,"commentCount":3,"publisher":{"@id":"https:\/\/kapitalis.com\/tunisie\/#organization"},"image":{"@id":"https:\/\/kapitalis.com\/tunisie\/2015\/11\/30\/la-tunisienne-naziha-mestaoui-transforme-la-tour-eiffel-en-foret-virtuelle\/#primaryimage"},"thumbnailUrl":"","keywords":["nature","Paris"],"articleSection":["SOCIETE","Tunisie"],"inLanguage":"fr-FR","potentialAction":[{"@type":"CommentAction","name":"Comment","target":["https:\/\/kapitalis.com\/tunisie\/2015\/11\/30\/la-tunisienne-naziha-mestaoui-transforme-la-tour-eiffel-en-foret-virtuelle\/#respond"]}]},{"@type":"WebPage","@id":"https:\/\/kapitalis.com\/tunisie\/2015\/11\/30\/la-tunisienne-naziha-mestaoui-transforme-la-tour-eiffel-en-foret-virtuelle\/","url":"https:\/\/kapitalis.com\/tunisie\/2015\/11\/30\/la-tunisienne-naziha-mestaoui-transforme-la-tour-eiffel-en-foret-virtuelle\/","name":"La Tunisienne Naziha Mestaoui transforme la Tour Eiffel en for\u00eat virtuelle - Kapitalis","isPartOf":{"@id":"https:\/\/kapitalis.com\/tunisie\/#website"},"primaryImageOfPage":{"@id":"https:\/\/kapitalis.com\/tunisie\/2015\/11\/30\/la-tunisienne-naziha-mestaoui-transforme-la-tour-eiffel-en-foret-virtuelle\/#primaryimage"},"image":{"@id":"https:\/\/kapitalis.com\/tunisie\/2015\/11\/30\/la-tunisienne-naziha-mestaoui-transforme-la-tour-eiffel-en-foret-virtuelle\/#primaryimage"},"thumbnailUrl":"","datePublished":"2015-11-30T11:30:34+00:00","dateModified":"2015-11-30T11:42:47+00:00","breadcrumb":{"@id":"https:\/\/kapitalis.com\/tunisie\/2015\/11\/30\/la-tunisienne-naziha-mestaoui-transforme-la-tour-eiffel-en-foret-virtuelle\/#breadcrumb"},"inLanguage":"fr-FR","potentialAction":[{"@type":"ReadAction","target":["https:\/\/kapitalis.com\/tunisie\/2015\/11\/30\/la-tunisienne-naziha-mestaoui-transforme-la-tour-eiffel-en-foret-virtuelle\/"]}]},{"@type":"ImageObject","inLanguage":"fr-FR","@id":"https:\/\/kapitalis.com\/tunisie\/2015\/11\/30\/la-tunisienne-naziha-mestaoui-transforme-la-tour-eiffel-en-foret-virtuelle\/#primaryimage","url":"","contentUrl":""},{"@type":"BreadcrumbList","@id":"https:\/\/kapitalis.com\/tunisie\/2015\/11\/30\/la-tunisienne-naziha-mestaoui-transforme-la-tour-eiffel-en-foret-virtuelle\/#breadcrumb","itemListElement":[{"@type":"ListItem","position":1,"name":"Accueil","item":"https:\/\/kapitalis.com\/tunisie\/"},{"@type":"ListItem","position":2,"name":"La Tunisienne Naziha Mestaoui transforme la Tour Eiffel en for\u00eat virtuelle"}]},{"@type":"WebSite","@id":"https:\/\/kapitalis.com\/tunisie\/#website","url":"https:\/\/kapitalis.com\/tunisie\/","name":"Kapitalis","description":"L&#039;actualit\u00e9 en Tunisie et dans le monde","publisher":{"@id":"https:\/\/kapitalis.com\/tunisie\/#organization"},"potentialAction":[{"@type":"SearchAction","target":{"@type":"EntryPoint","urlTemplate":"https:\/\/kapitalis.com\/tunisie\/?s={search_term_string}"},"query-input":{"@type":"PropertyValueSpecification","valueRequired":true,"valueName":"search_term_string"}}],"inLanguage":"fr-FR"},{"@type":"Organization","@id":"https:\/\/kapitalis.com\/tunisie\/#organization","name":"Kapitalis","url":"https:\/\/kapitalis.com\/tunisie\/","logo":{"@type":"ImageObject","inLanguage":"fr-FR","@id":"https:\/\/kapitalis.com\/tunisie\/#\/schema\/logo\/image\/","url":"https:\/\/kapitalis.com\/tunisie\/wp-content\/uploads\/2022\/05\/Kapitalis-big-size.png","contentUrl":"https:\/\/kapitalis.com\/tunisie\/wp-content\/uploads\/2022\/05\/Kapitalis-big-size.png","width":5000,"height":1500,"caption":"Kapitalis"},"image":{"@id":"https:\/\/kapitalis.com\/tunisie\/#\/schema\/logo\/image\/"},"sameAs":["https:\/\/www.facebook.com\/KapitalisInfo\/","https:\/\/x.com\/KapitalisInfo","https:\/\/www.youtube.com\/channel\/UC-yDYrHyfFBWWZaOw3FPg9Q"]},{"@type":"Person","@id":"https:\/\/kapitalis.com\/tunisie\/#\/schema\/person\/035372e645ad321edc01006468cd4c8b","name":"benmansour3 benmansour","url":"https:\/\/kapitalis.com\/tunisie\/author\/benmansour3\/"}]}},"_links":{"self":[{"href":"https:\/\/kapitalis.com\/tunisie\/wp-json\/wp\/v2\/posts\/27986","targetHints":{"allow":["GET"]}}],"collection":[{"href":"https:\/\/kapitalis.com\/tunisie\/wp-json\/wp\/v2\/posts"}],"about":[{"href":"https:\/\/kapitalis.com\/tunisie\/wp-json\/wp\/v2\/types\/post"}],"author":[{"embeddable":true,"href":"https:\/\/kapitalis.com\/tunisie\/wp-json\/wp\/v2\/users\/11"}],"replies":[{"embeddable":true,"href":"https:\/\/kapitalis.com\/tunisie\/wp-json\/wp\/v2\/comments?post=27986"}],"version-history":[{"count":0,"href":"https:\/\/kapitalis.com\/tunisie\/wp-json\/wp\/v2\/posts\/27986\/revisions"}],"wp:featuredmedia":[{"embeddable":true,"href":"https:\/\/kapitalis.com\/tunisie\/wp-json\/wp\/v2\/media\/27991"}],"wp:attachment":[{"href":"https:\/\/kapitalis.com\/tunisie\/wp-json\/wp\/v2\/media?parent=27986"}],"wp:term":[{"taxonomy":"category","embeddable":true,"href":"https:\/\/kapitalis.com\/tunisie\/wp-json\/wp\/v2\/categories?post=27986"},{"taxonomy":"post_tag","embeddable":true,"href":"https:\/\/kapitalis.com\/tunisie\/wp-json\/wp\/v2\/tags?post=27986"}],"curies":[{"name":"wp","href":"https:\/\/api.w.org\/{rel}","templated":true}]}}