{"id":279866,"date":"2020-02-08T13:32:18","date_gmt":"2020-02-08T12:32:18","guid":{"rendered":"http:\/\/kapitalis.com\/tunisie\/?p=279866"},"modified":"2020-02-08T13:32:26","modified_gmt":"2020-02-08T12:32:26","slug":"journee-dinformation-a-tunis-sur-le-statut-etudiant-entrepreneur","status":"publish","type":"post","link":"https:\/\/kapitalis.com\/tunisie\/2020\/02\/08\/journee-dinformation-a-tunis-sur-le-statut-etudiant-entrepreneur\/","title":{"rendered":"Journ\u00e9e d&rsquo;information \u00e0 Tunis sur le \u00abStatut \u00e9tudiant-entrepreneur\u00bb"},"content":{"rendered":"\n<figure class=\"wp-block-image size-large\"><img decoding=\"async\" src=\"http:\/\/kapitalis.com\/tunisie\/wp-content\/uploads\/2020\/02\/Statut-\u00e9tudiant-entrepreneur.jpg\" alt=\"\" class=\"wp-image-279872\"\/><\/figure>\n\n\n\n<p><strong><em>Une journ\u00e9e d&rsquo;information sur le \u00abStatut de l&rsquo;\u00e9tudiant-entrepreneur\u00bb, r\u00e9cemment mis en place, sera organis\u00e9e le mardi 11 f\u00e9vrier 2020 \u00e0 la Cit\u00e9 de la Culture de Tunis, salle Omar Khelifi, \u00e0 partir de 9 heures. <\/em><\/strong><\/p>\n\n\n\n<!--more-->\n\n\n\n<p>Outre la pr\u00e9sentation de ce statut, le programme pr\u00e9voit \u00e9galement un retour sur les actions r\u00e9alis\u00e9es et les perspectives de d\u00e9veloppement de ce projet \u00e0 l&rsquo;\u00e9chelle nationale. <\/p>\n\n\n\n<p>Ce statut permet aux \u00e9tudiants d\u2019\u00e9laborer un projet entrepreneurial dans le cadre de leurs \u00e9tudes, appuy\u00e9s par un soutien adapt\u00e9 au sein de p\u00f4les d\u2019accompagnement. <\/p>\n\n\n\n<p>Ce programme est mis en \u0153uvre \u00e0 partir de l\u2019ann\u00e9e universitaire 2019-2020 dans les universit\u00e9s, les \u00e9tablissements d\u2019enseignement sup\u00e9rieur et de recherche scientifique, et les instituts sup\u00e9rieurs des \u00e9tudes technologiques, avec la contribution des Centres de carri\u00e8re et de certification des comp\u00e9tences (4C). <\/p>\n\n\n\n<p>Seront pr\u00e9sents, lors de cette journ\u00e9e, Hatem Ben Salem, ministre de l\u2019Enseignement sup\u00e9rieur et de la Recherche scientifique (MESRS) par int\u00e9rim, Slim Khalbous, recteur de l\u2019Agence Universitaire de la Francophonie (AUF), et l\u2019ensemble des partenaires et des acteurs de ce projet en Tunisie. <\/p>\n\n\n\n<p>Notons que cette initiative est organis\u00e9e conjointement par le MESRS) et l\u2019AUF, et fait suite \u00e0 la parution de la circulaire 42-19 du 8 novembre 2019, officialisant la cr\u00e9ation du Statut national de l\u2019\u00e9tudiant-entrepreneur en Tunisie. Elle s&rsquo;inscrit \u00e9galement dans  le cadre du suivi annuel de la d\u00e9l\u00e9gation d\u2019experts europ\u00e9ens du projet Saleem des P\u00f4les de Sfax et de Carthage du 6 au 10 f\u00e9vrier courant.  <\/p>\n\n\n\n<p class=\"has-text-align-right\"><strong>A. M. <\/strong><\/p>\n","protected":false},"excerpt":{"rendered":"<p>Une journ\u00e9e d&rsquo;information sur le \u00abStatut de l&rsquo;\u00e9tudiant-entrepreneur\u00bb, r\u00e9cemment mis en place, sera organis\u00e9e le mardi 11 f\u00e9vrier 2020 \u00e0 la Cit\u00e9 de la Culture de Tunis, salle Omar Khelifi, \u00e0 partir de 9 heures.<\/p>\n","protected":false},"author":22,"featured_media":279872,"comment_status":"open","ping_status":"open","sticky":false,"template":"","format":"standard","meta":{"footnotes":""},"categories":[995,2433],"tags":[72822,26107,1908,74080,23204],"class_list":["post-279866","post","type-post","status-publish","format-standard","has-post-thumbnail","hentry","category-economie","category-tunisie","tag-4c","tag-auf","tag-hatem-ben-salem","tag-mesrs","tag-slim-khalbous"],"yoast_head":"<!-- This site is optimized with the Yoast SEO plugin v26.6 - https:\/\/yoast.com\/wordpress\/plugins\/seo\/ -->\n<title>Journ\u00e9e d&#039;information \u00e0 Tunis sur le \u00abStatut \u00e9tudiant-entrepreneur\u00bb - Kapitalis<\/title>\n<meta name=\"robots\" content=\"index, follow, max-snippet:-1, max-image-preview:large, max-video-preview:-1\" \/>\n<link rel=\"canonical\" href=\"https:\/\/kapitalis.com\/tunisie\/2020\/02\/08\/journee-dinformation-a-tunis-sur-le-statut-etudiant-entrepreneur\/\" \/>\n<meta property=\"og:locale\" content=\"fr_FR\" \/>\n<meta property=\"og:type\" content=\"article\" \/>\n<meta property=\"og:title\" content=\"Journ\u00e9e d&#039;information \u00e0 Tunis sur le \u00abStatut \u00e9tudiant-entrepreneur\u00bb - Kapitalis\" \/>\n<meta property=\"og:description\" content=\"Une journ\u00e9e d&rsquo;information sur le \u00abStatut de l&rsquo;\u00e9tudiant-entrepreneur\u00bb, r\u00e9cemment mis en place, sera organis\u00e9e le mardi 11 f\u00e9vrier 2020 \u00e0 la Cit\u00e9 de la Culture de Tunis, salle Omar Khelifi, \u00e0 partir de 9 heures.\" \/>\n<meta property=\"og:url\" content=\"https:\/\/kapitalis.com\/tunisie\/2020\/02\/08\/journee-dinformation-a-tunis-sur-le-statut-etudiant-entrepreneur\/\" \/>\n<meta property=\"og:site_name\" content=\"Kapitalis\" \/>\n<meta property=\"article:publisher\" content=\"https:\/\/www.facebook.com\/KapitalisInfo\/\" \/>\n<meta property=\"article:published_time\" content=\"2020-02-08T12:32:18+00:00\" \/>\n<meta property=\"article:modified_time\" content=\"2020-02-08T12:32:26+00:00\" \/>\n<meta property=\"og:image\" content=\"https:\/\/kapitalis.com\/tunisie\/wp-content\/uploads\/2022\/05\/kapitalis-logo-fb.png\" \/>\n\t<meta property=\"og:image:width\" content=\"1200\" \/>\n\t<meta property=\"og:image:height\" content=\"630\" \/>\n\t<meta property=\"og:image:type\" content=\"image\/png\" \/>\n<meta name=\"author\" content=\"Amina Mkada\" \/>\n<meta name=\"twitter:card\" content=\"summary_large_image\" \/>\n<meta name=\"twitter:creator\" content=\"@KapitalisInfo\" \/>\n<meta name=\"twitter:site\" content=\"@KapitalisInfo\" \/>\n<meta name=\"twitter:label1\" content=\"\u00c9crit par\" \/>\n\t<meta name=\"twitter:data1\" content=\"Amina Mkada\" \/>\n\t<meta name=\"twitter:label2\" content=\"Dur\u00e9e de lecture estim\u00e9e\" \/>\n\t<meta name=\"twitter:data2\" content=\"1 minute\" \/>\n<script type=\"application\/ld+json\" class=\"yoast-schema-graph\">{\"@context\":\"https:\/\/schema.org\",\"@graph\":[{\"@type\":\"Article\",\"@id\":\"https:\/\/kapitalis.com\/tunisie\/2020\/02\/08\/journee-dinformation-a-tunis-sur-le-statut-etudiant-entrepreneur\/#article\",\"isPartOf\":{\"@id\":\"https:\/\/kapitalis.com\/tunisie\/2020\/02\/08\/journee-dinformation-a-tunis-sur-le-statut-etudiant-entrepreneur\/\"},\"author\":{\"name\":\"Amina Mkada\",\"@id\":\"https:\/\/kapitalis.com\/tunisie\/#\/schema\/person\/093913313d3017554cb3ad077fff3fbd\"},\"headline\":\"Journ\u00e9e d&rsquo;information \u00e0 Tunis sur le \u00abStatut \u00e9tudiant-entrepreneur\u00bb\",\"datePublished\":\"2020-02-08T12:32:18+00:00\",\"dateModified\":\"2020-02-08T12:32:26+00:00\",\"mainEntityOfPage\":{\"@id\":\"https:\/\/kapitalis.com\/tunisie\/2020\/02\/08\/journee-dinformation-a-tunis-sur-le-statut-etudiant-entrepreneur\/\"},\"wordCount\":277,\"commentCount\":0,\"publisher\":{\"@id\":\"https:\/\/kapitalis.com\/tunisie\/#organization\"},\"image\":{\"@id\":\"https:\/\/kapitalis.com\/tunisie\/2020\/02\/08\/journee-dinformation-a-tunis-sur-le-statut-etudiant-entrepreneur\/#primaryimage\"},\"thumbnailUrl\":\"\",\"keywords\":[\"4C\",\"AUF\",\"Hatem Ben Salem\",\"MESRS\",\"Slim Khalbous\"],\"articleSection\":[\"ECONOMIE\",\"Tunisie\"],\"inLanguage\":\"fr-FR\",\"potentialAction\":[{\"@type\":\"CommentAction\",\"name\":\"Comment\",\"target\":[\"https:\/\/kapitalis.com\/tunisie\/2020\/02\/08\/journee-dinformation-a-tunis-sur-le-statut-etudiant-entrepreneur\/#respond\"]}]},{\"@type\":\"WebPage\",\"@id\":\"https:\/\/kapitalis.com\/tunisie\/2020\/02\/08\/journee-dinformation-a-tunis-sur-le-statut-etudiant-entrepreneur\/\",\"url\":\"https:\/\/kapitalis.com\/tunisie\/2020\/02\/08\/journee-dinformation-a-tunis-sur-le-statut-etudiant-entrepreneur\/\",\"name\":\"Journ\u00e9e d'information \u00e0 Tunis sur le \u00abStatut \u00e9tudiant-entrepreneur\u00bb - Kapitalis\",\"isPartOf\":{\"@id\":\"https:\/\/kapitalis.com\/tunisie\/#website\"},\"primaryImageOfPage\":{\"@id\":\"https:\/\/kapitalis.com\/tunisie\/2020\/02\/08\/journee-dinformation-a-tunis-sur-le-statut-etudiant-entrepreneur\/#primaryimage\"},\"image\":{\"@id\":\"https:\/\/kapitalis.com\/tunisie\/2020\/02\/08\/journee-dinformation-a-tunis-sur-le-statut-etudiant-entrepreneur\/#primaryimage\"},\"thumbnailUrl\":\"\",\"datePublished\":\"2020-02-08T12:32:18+00:00\",\"dateModified\":\"2020-02-08T12:32:26+00:00\",\"breadcrumb\":{\"@id\":\"https:\/\/kapitalis.com\/tunisie\/2020\/02\/08\/journee-dinformation-a-tunis-sur-le-statut-etudiant-entrepreneur\/#breadcrumb\"},\"inLanguage\":\"fr-FR\",\"potentialAction\":[{\"@type\":\"ReadAction\",\"target\":[\"https:\/\/kapitalis.com\/tunisie\/2020\/02\/08\/journee-dinformation-a-tunis-sur-le-statut-etudiant-entrepreneur\/\"]}]},{\"@type\":\"ImageObject\",\"inLanguage\":\"fr-FR\",\"@id\":\"https:\/\/kapitalis.com\/tunisie\/2020\/02\/08\/journee-dinformation-a-tunis-sur-le-statut-etudiant-entrepreneur\/#primaryimage\",\"url\":\"\",\"contentUrl\":\"\"},{\"@type\":\"BreadcrumbList\",\"@id\":\"https:\/\/kapitalis.com\/tunisie\/2020\/02\/08\/journee-dinformation-a-tunis-sur-le-statut-etudiant-entrepreneur\/#breadcrumb\",\"itemListElement\":[{\"@type\":\"ListItem\",\"position\":1,\"name\":\"Accueil\",\"item\":\"https:\/\/kapitalis.com\/tunisie\/\"},{\"@type\":\"ListItem\",\"position\":2,\"name\":\"Journ\u00e9e d&rsquo;information \u00e0 Tunis sur le \u00abStatut \u00e9tudiant-entrepreneur\u00bb\"}]},{\"@type\":\"WebSite\",\"@id\":\"https:\/\/kapitalis.com\/tunisie\/#website\",\"url\":\"https:\/\/kapitalis.com\/tunisie\/\",\"name\":\"Kapitalis\",\"description\":\"L&#039;actualit\u00e9 en Tunisie et dans le monde\",\"publisher\":{\"@id\":\"https:\/\/kapitalis.com\/tunisie\/#organization\"},\"potentialAction\":[{\"@type\":\"SearchAction\",\"target\":{\"@type\":\"EntryPoint\",\"urlTemplate\":\"https:\/\/kapitalis.com\/tunisie\/?s={search_term_string}\"},\"query-input\":{\"@type\":\"PropertyValueSpecification\",\"valueRequired\":true,\"valueName\":\"search_term_string\"}}],\"inLanguage\":\"fr-FR\"},{\"@type\":\"Organization\",\"@id\":\"https:\/\/kapitalis.com\/tunisie\/#organization\",\"name\":\"Kapitalis\",\"url\":\"https:\/\/kapitalis.com\/tunisie\/\",\"logo\":{\"@type\":\"ImageObject\",\"inLanguage\":\"fr-FR\",\"@id\":\"https:\/\/kapitalis.com\/tunisie\/#\/schema\/logo\/image\/\",\"url\":\"https:\/\/kapitalis.com\/tunisie\/wp-content\/uploads\/2022\/05\/Kapitalis-big-size.png\",\"contentUrl\":\"https:\/\/kapitalis.com\/tunisie\/wp-content\/uploads\/2022\/05\/Kapitalis-big-size.png\",\"width\":5000,\"height\":1500,\"caption\":\"Kapitalis\"},\"image\":{\"@id\":\"https:\/\/kapitalis.com\/tunisie\/#\/schema\/logo\/image\/\"},\"sameAs\":[\"https:\/\/www.facebook.com\/KapitalisInfo\/\",\"https:\/\/x.com\/KapitalisInfo\",\"https:\/\/www.youtube.com\/channel\/UC-yDYrHyfFBWWZaOw3FPg9Q\"]},{\"@type\":\"Person\",\"@id\":\"https:\/\/kapitalis.com\/tunisie\/#\/schema\/person\/093913313d3017554cb3ad077fff3fbd\",\"name\":\"Amina Mkada\",\"url\":\"https:\/\/kapitalis.com\/tunisie\/author\/amina\/\"}]}<\/script>\n<!-- \/ Yoast SEO plugin. -->","yoast_head_json":{"title":"Journ\u00e9e d'information \u00e0 Tunis sur le \u00abStatut \u00e9tudiant-entrepreneur\u00bb - Kapitalis","robots":{"index":"index","follow":"follow","max-snippet":"max-snippet:-1","max-image-preview":"max-image-preview:large","max-video-preview":"max-video-preview:-1"},"canonical":"https:\/\/kapitalis.com\/tunisie\/2020\/02\/08\/journee-dinformation-a-tunis-sur-le-statut-etudiant-entrepreneur\/","og_locale":"fr_FR","og_type":"article","og_title":"Journ\u00e9e d'information \u00e0 Tunis sur le \u00abStatut \u00e9tudiant-entrepreneur\u00bb - Kapitalis","og_description":"Une journ\u00e9e d&rsquo;information sur le \u00abStatut de l&rsquo;\u00e9tudiant-entrepreneur\u00bb, r\u00e9cemment mis en place, sera organis\u00e9e le mardi 11 f\u00e9vrier 2020 \u00e0 la Cit\u00e9 de la Culture de Tunis, salle Omar Khelifi, \u00e0 partir de 9 heures.","og_url":"https:\/\/kapitalis.com\/tunisie\/2020\/02\/08\/journee-dinformation-a-tunis-sur-le-statut-etudiant-entrepreneur\/","og_site_name":"Kapitalis","article_publisher":"https:\/\/www.facebook.com\/KapitalisInfo\/","article_published_time":"2020-02-08T12:32:18+00:00","article_modified_time":"2020-02-08T12:32:26+00:00","og_image":[{"width":1200,"height":630,"url":"https:\/\/kapitalis.com\/tunisie\/wp-content\/uploads\/2022\/05\/kapitalis-logo-fb.png","type":"image\/png"}],"author":"Amina Mkada","twitter_card":"summary_large_image","twitter_creator":"@KapitalisInfo","twitter_site":"@KapitalisInfo","twitter_misc":{"\u00c9crit par":"Amina Mkada","Dur\u00e9e de lecture estim\u00e9e":"1 minute"},"schema":{"@context":"https:\/\/schema.org","@graph":[{"@type":"Article","@id":"https:\/\/kapitalis.com\/tunisie\/2020\/02\/08\/journee-dinformation-a-tunis-sur-le-statut-etudiant-entrepreneur\/#article","isPartOf":{"@id":"https:\/\/kapitalis.com\/tunisie\/2020\/02\/08\/journee-dinformation-a-tunis-sur-le-statut-etudiant-entrepreneur\/"},"author":{"name":"Amina Mkada","@id":"https:\/\/kapitalis.com\/tunisie\/#\/schema\/person\/093913313d3017554cb3ad077fff3fbd"},"headline":"Journ\u00e9e d&rsquo;information \u00e0 Tunis sur le \u00abStatut \u00e9tudiant-entrepreneur\u00bb","datePublished":"2020-02-08T12:32:18+00:00","dateModified":"2020-02-08T12:32:26+00:00","mainEntityOfPage":{"@id":"https:\/\/kapitalis.com\/tunisie\/2020\/02\/08\/journee-dinformation-a-tunis-sur-le-statut-etudiant-entrepreneur\/"},"wordCount":277,"commentCount":0,"publisher":{"@id":"https:\/\/kapitalis.com\/tunisie\/#organization"},"image":{"@id":"https:\/\/kapitalis.com\/tunisie\/2020\/02\/08\/journee-dinformation-a-tunis-sur-le-statut-etudiant-entrepreneur\/#primaryimage"},"thumbnailUrl":"","keywords":["4C","AUF","Hatem Ben Salem","MESRS","Slim Khalbous"],"articleSection":["ECONOMIE","Tunisie"],"inLanguage":"fr-FR","potentialAction":[{"@type":"CommentAction","name":"Comment","target":["https:\/\/kapitalis.com\/tunisie\/2020\/02\/08\/journee-dinformation-a-tunis-sur-le-statut-etudiant-entrepreneur\/#respond"]}]},{"@type":"WebPage","@id":"https:\/\/kapitalis.com\/tunisie\/2020\/02\/08\/journee-dinformation-a-tunis-sur-le-statut-etudiant-entrepreneur\/","url":"https:\/\/kapitalis.com\/tunisie\/2020\/02\/08\/journee-dinformation-a-tunis-sur-le-statut-etudiant-entrepreneur\/","name":"Journ\u00e9e d'information \u00e0 Tunis sur le \u00abStatut \u00e9tudiant-entrepreneur\u00bb - Kapitalis","isPartOf":{"@id":"https:\/\/kapitalis.com\/tunisie\/#website"},"primaryImageOfPage":{"@id":"https:\/\/kapitalis.com\/tunisie\/2020\/02\/08\/journee-dinformation-a-tunis-sur-le-statut-etudiant-entrepreneur\/#primaryimage"},"image":{"@id":"https:\/\/kapitalis.com\/tunisie\/2020\/02\/08\/journee-dinformation-a-tunis-sur-le-statut-etudiant-entrepreneur\/#primaryimage"},"thumbnailUrl":"","datePublished":"2020-02-08T12:32:18+00:00","dateModified":"2020-02-08T12:32:26+00:00","breadcrumb":{"@id":"https:\/\/kapitalis.com\/tunisie\/2020\/02\/08\/journee-dinformation-a-tunis-sur-le-statut-etudiant-entrepreneur\/#breadcrumb"},"inLanguage":"fr-FR","potentialAction":[{"@type":"ReadAction","target":["https:\/\/kapitalis.com\/tunisie\/2020\/02\/08\/journee-dinformation-a-tunis-sur-le-statut-etudiant-entrepreneur\/"]}]},{"@type":"ImageObject","inLanguage":"fr-FR","@id":"https:\/\/kapitalis.com\/tunisie\/2020\/02\/08\/journee-dinformation-a-tunis-sur-le-statut-etudiant-entrepreneur\/#primaryimage","url":"","contentUrl":""},{"@type":"BreadcrumbList","@id":"https:\/\/kapitalis.com\/tunisie\/2020\/02\/08\/journee-dinformation-a-tunis-sur-le-statut-etudiant-entrepreneur\/#breadcrumb","itemListElement":[{"@type":"ListItem","position":1,"name":"Accueil","item":"https:\/\/kapitalis.com\/tunisie\/"},{"@type":"ListItem","position":2,"name":"Journ\u00e9e d&rsquo;information \u00e0 Tunis sur le \u00abStatut \u00e9tudiant-entrepreneur\u00bb"}]},{"@type":"WebSite","@id":"https:\/\/kapitalis.com\/tunisie\/#website","url":"https:\/\/kapitalis.com\/tunisie\/","name":"Kapitalis","description":"L&#039;actualit\u00e9 en Tunisie et dans le monde","publisher":{"@id":"https:\/\/kapitalis.com\/tunisie\/#organization"},"potentialAction":[{"@type":"SearchAction","target":{"@type":"EntryPoint","urlTemplate":"https:\/\/kapitalis.com\/tunisie\/?s={search_term_string}"},"query-input":{"@type":"PropertyValueSpecification","valueRequired":true,"valueName":"search_term_string"}}],"inLanguage":"fr-FR"},{"@type":"Organization","@id":"https:\/\/kapitalis.com\/tunisie\/#organization","name":"Kapitalis","url":"https:\/\/kapitalis.com\/tunisie\/","logo":{"@type":"ImageObject","inLanguage":"fr-FR","@id":"https:\/\/kapitalis.com\/tunisie\/#\/schema\/logo\/image\/","url":"https:\/\/kapitalis.com\/tunisie\/wp-content\/uploads\/2022\/05\/Kapitalis-big-size.png","contentUrl":"https:\/\/kapitalis.com\/tunisie\/wp-content\/uploads\/2022\/05\/Kapitalis-big-size.png","width":5000,"height":1500,"caption":"Kapitalis"},"image":{"@id":"https:\/\/kapitalis.com\/tunisie\/#\/schema\/logo\/image\/"},"sameAs":["https:\/\/www.facebook.com\/KapitalisInfo\/","https:\/\/x.com\/KapitalisInfo","https:\/\/www.youtube.com\/channel\/UC-yDYrHyfFBWWZaOw3FPg9Q"]},{"@type":"Person","@id":"https:\/\/kapitalis.com\/tunisie\/#\/schema\/person\/093913313d3017554cb3ad077fff3fbd","name":"Amina Mkada","url":"https:\/\/kapitalis.com\/tunisie\/author\/amina\/"}]}},"_links":{"self":[{"href":"https:\/\/kapitalis.com\/tunisie\/wp-json\/wp\/v2\/posts\/279866","targetHints":{"allow":["GET"]}}],"collection":[{"href":"https:\/\/kapitalis.com\/tunisie\/wp-json\/wp\/v2\/posts"}],"about":[{"href":"https:\/\/kapitalis.com\/tunisie\/wp-json\/wp\/v2\/types\/post"}],"author":[{"embeddable":true,"href":"https:\/\/kapitalis.com\/tunisie\/wp-json\/wp\/v2\/users\/22"}],"replies":[{"embeddable":true,"href":"https:\/\/kapitalis.com\/tunisie\/wp-json\/wp\/v2\/comments?post=279866"}],"version-history":[{"count":0,"href":"https:\/\/kapitalis.com\/tunisie\/wp-json\/wp\/v2\/posts\/279866\/revisions"}],"wp:featuredmedia":[{"embeddable":true,"href":"https:\/\/kapitalis.com\/tunisie\/wp-json\/wp\/v2\/media\/279872"}],"wp:attachment":[{"href":"https:\/\/kapitalis.com\/tunisie\/wp-json\/wp\/v2\/media?parent=279866"}],"wp:term":[{"taxonomy":"category","embeddable":true,"href":"https:\/\/kapitalis.com\/tunisie\/wp-json\/wp\/v2\/categories?post=279866"},{"taxonomy":"post_tag","embeddable":true,"href":"https:\/\/kapitalis.com\/tunisie\/wp-json\/wp\/v2\/tags?post=279866"}],"curies":[{"name":"wp","href":"https:\/\/api.w.org\/{rel}","templated":true}]}}