{"id":280016,"date":"2020-02-10T08:29:04","date_gmt":"2020-02-10T07:29:04","guid":{"rendered":"http:\/\/kapitalis.com\/tunisie\/?p=280016"},"modified":"2020-02-10T08:29:07","modified_gmt":"2020-02-10T07:29:07","slug":"deces-de-said-amara-lun-des-pionniers-du-handball-tunisien","status":"publish","type":"post","link":"https:\/\/kapitalis.com\/tunisie\/2020\/02\/10\/deces-de-said-amara-lun-des-pionniers-du-handball-tunisien\/","title":{"rendered":"D\u00e9c\u00e8s de Sa\u00efd Amara, l\u2019un des pionniers du handball tunisien"},"content":{"rendered":"\n<figure class=\"wp-block-image size-large\"><img decoding=\"async\" src=\"http:\/\/kapitalis.com\/tunisie\/wp-content\/uploads\/2020\/02\/Said-Amara.jpg\" alt=\"\" class=\"wp-image-280017\"\/><\/figure>\n\n\n\n<p><strong><em> Sa\u00efd Amara vient de nous quitter aujourd\u2019hui, lundi, 10 f\u00e9vrier 2020, \u00e0 l&rsquo;\u00e2ge de 76 ans. Il \u00e9tait joueur, entra\u00eeneur et, surtout \u00e9ducateur hors pair, dans les clubs de handball qui ont eu la chance de louer ses services. <\/em><\/strong><\/p>\n\n\n\n<!--more-->\n\n\n\n<p> N\u00e9 le 28 mars 1944, Sa\u00efd Amara commence sa carri\u00e8re \u00e0 l\u2019Esp\u00e9rance sportive de Tunis (EST) et rejoint les seniors en 1964. Il est s\u00e9lectionn\u00e9 en \u00e9quipe nationale espoirs mais c\u2019est le m\u00e9tier d\u2019entra\u00eeneur qui l\u2019int\u00e9resse davantage.<\/p>\n\n\n\n<p> Muni de son dipl\u00f4me, il met fin \u00e0 sa carri\u00e8re de handballeur \u00e0 l\u2019\u00e2ge de 24 ans et entame celle d\u2019entra\u00eeneur. Deux ans apr\u00e8s, l\u2019Esp\u00e9rance prend le risque de le charger de son \u00e9quipe. En six ans, il rafle 12 titres. Il passe ensuite 7 ans au Stade tunisien, qu\u2019il transforme en grand club rivalisant avec l&rsquo;EST, terminant plusieurs fois en 2e ou 3e place et disputant la finale de la Coupe de Tunisie en 1980. Il est \u00e9galement nomm\u00e9 pour quelques mois \u00e0 la t\u00eate de l\u2019\u00e9quipe de Tunisie.<\/p>\n\n\n\n<p> En 1985, Amara s\u2019installe au Bahre\u00efn o\u00f9 il prend en main l&rsquo;Al-Ahli Club avec lequel il remporte \u00e9galement plusieurs titres nationaux jusqu\u2019\u00e0 en faire le meilleur club du Conseil de coop\u00e9ration du Golfe en 1989. Mais il est \u00e0 nouveau rappel\u00e9 en \u00e9quipe nationale, o\u00f9 il constitue notamment une paire performante avec Sayed Ayari.<\/p>\n\n\n\n<p> En 1997, quelques mois avant la Coupe du monde, il commence \u00e0 ressentir des probl\u00e8mes de sant\u00e9. Il c\u00e8de son poste \u00e0 Brahim Agrebi, se contentant du r\u00f4le de second entra\u00eeneur de l\u2019\u00e9quipe nationale. L\u2019EST le charge par la suite de sa direction technique avant qu\u2019il retrouve pour quelques mois l\u2019\u00e9quipe nationale en compagnie de Sayed Ayari.<\/p>\n\n\n\n<p> Apr\u00e8s la victoire de la s\u00e9lection nationale en championnat d&rsquo;Afrique des nations en 2010, la coupe est ramen\u00e9e \u00e0 son domicile.<\/p>\n\n\n\n<p> Avec le d\u00e9part de Sa\u00efd Amara, la famille du sport tunisien perd l\u2019un de ses piliers. <\/p>\n\n\n\n<p><\/p>\n","protected":false},"excerpt":{"rendered":"<p>Sa\u00efd Amara vient de nous quitter aujourd\u2019hui, lundi, 10 f\u00e9vrier 2020, \u00e0 l&rsquo;\u00e2ge de 76 ans. Il \u00e9tait joueur, entra\u00eeneur et, surtout \u00e9ducateur hors pair, dans les clubs de handball qui ont eu la chance de louer ses services.<\/p>\n","protected":false},"author":8,"featured_media":280017,"comment_status":"open","ping_status":"open","sticky":false,"template":"","format":"standard","meta":{"footnotes":""},"categories":[999,2433],"tags":[1619,2579],"class_list":["post-280016","post","type-post","status-publish","format-standard","has-post-thumbnail","hentry","category-sport","category-tunisie","tag-esperance-de-tunis","tag-stade-tunisien"],"yoast_head":"<!-- This site is optimized with the Yoast SEO plugin v26.6 - https:\/\/yoast.com\/wordpress\/plugins\/seo\/ -->\n<title>D\u00e9c\u00e8s de Sa\u00efd Amara, l\u2019un des pionniers du handball tunisien - Kapitalis<\/title>\n<meta name=\"robots\" content=\"index, follow, max-snippet:-1, max-image-preview:large, max-video-preview:-1\" \/>\n<link rel=\"canonical\" href=\"https:\/\/kapitalis.com\/tunisie\/2020\/02\/10\/deces-de-said-amara-lun-des-pionniers-du-handball-tunisien\/\" \/>\n<meta property=\"og:locale\" content=\"fr_FR\" \/>\n<meta property=\"og:type\" content=\"article\" \/>\n<meta property=\"og:title\" content=\"D\u00e9c\u00e8s de Sa\u00efd Amara, l\u2019un des pionniers du handball tunisien - Kapitalis\" \/>\n<meta property=\"og:description\" content=\"Sa\u00efd Amara vient de nous quitter aujourd\u2019hui, lundi, 10 f\u00e9vrier 2020, \u00e0 l&rsquo;\u00e2ge de 76 ans. Il \u00e9tait joueur, entra\u00eeneur et, surtout \u00e9ducateur hors pair, dans les clubs de handball qui ont eu la chance de louer ses services.\" \/>\n<meta property=\"og:url\" content=\"https:\/\/kapitalis.com\/tunisie\/2020\/02\/10\/deces-de-said-amara-lun-des-pionniers-du-handball-tunisien\/\" \/>\n<meta property=\"og:site_name\" content=\"Kapitalis\" \/>\n<meta property=\"article:publisher\" content=\"https:\/\/www.facebook.com\/KapitalisInfo\/\" \/>\n<meta property=\"article:published_time\" content=\"2020-02-10T07:29:04+00:00\" \/>\n<meta property=\"article:modified_time\" content=\"2020-02-10T07:29:07+00:00\" \/>\n<meta property=\"og:image\" content=\"https:\/\/kapitalis.com\/tunisie\/wp-content\/uploads\/2022\/05\/kapitalis-logo-fb.png\" \/>\n\t<meta property=\"og:image:width\" content=\"1200\" \/>\n\t<meta property=\"og:image:height\" content=\"630\" \/>\n\t<meta property=\"og:image:type\" content=\"image\/png\" \/>\n<meta name=\"author\" content=\"webmaster kapitalis\" \/>\n<meta name=\"twitter:card\" content=\"summary_large_image\" \/>\n<meta name=\"twitter:creator\" content=\"@KapitalisInfo\" \/>\n<meta name=\"twitter:site\" content=\"@KapitalisInfo\" \/>\n<meta name=\"twitter:label1\" content=\"\u00c9crit par\" \/>\n\t<meta name=\"twitter:data1\" content=\"webmaster kapitalis\" \/>\n\t<meta name=\"twitter:label2\" content=\"Dur\u00e9e de lecture estim\u00e9e\" \/>\n\t<meta name=\"twitter:data2\" content=\"2 minutes\" \/>\n<script type=\"application\/ld+json\" class=\"yoast-schema-graph\">{\"@context\":\"https:\/\/schema.org\",\"@graph\":[{\"@type\":\"Article\",\"@id\":\"https:\/\/kapitalis.com\/tunisie\/2020\/02\/10\/deces-de-said-amara-lun-des-pionniers-du-handball-tunisien\/#article\",\"isPartOf\":{\"@id\":\"https:\/\/kapitalis.com\/tunisie\/2020\/02\/10\/deces-de-said-amara-lun-des-pionniers-du-handball-tunisien\/\"},\"author\":{\"name\":\"webmaster kapitalis\",\"@id\":\"https:\/\/kapitalis.com\/tunisie\/#\/schema\/person\/d71f33a9ca44f7bad4698210b480c8e9\"},\"headline\":\"D\u00e9c\u00e8s de Sa\u00efd Amara, l\u2019un des pionniers du handball tunisien\",\"datePublished\":\"2020-02-10T07:29:04+00:00\",\"dateModified\":\"2020-02-10T07:29:07+00:00\",\"mainEntityOfPage\":{\"@id\":\"https:\/\/kapitalis.com\/tunisie\/2020\/02\/10\/deces-de-said-amara-lun-des-pionniers-du-handball-tunisien\/\"},\"wordCount\":349,\"commentCount\":2,\"publisher\":{\"@id\":\"https:\/\/kapitalis.com\/tunisie\/#organization\"},\"image\":{\"@id\":\"https:\/\/kapitalis.com\/tunisie\/2020\/02\/10\/deces-de-said-amara-lun-des-pionniers-du-handball-tunisien\/#primaryimage\"},\"thumbnailUrl\":\"\",\"keywords\":[\"Esp\u00e9rance de Tunis\",\"Stade tunisien\"],\"articleSection\":[\"SPORT\",\"Tunisie\"],\"inLanguage\":\"fr-FR\",\"potentialAction\":[{\"@type\":\"CommentAction\",\"name\":\"Comment\",\"target\":[\"https:\/\/kapitalis.com\/tunisie\/2020\/02\/10\/deces-de-said-amara-lun-des-pionniers-du-handball-tunisien\/#respond\"]}]},{\"@type\":\"WebPage\",\"@id\":\"https:\/\/kapitalis.com\/tunisie\/2020\/02\/10\/deces-de-said-amara-lun-des-pionniers-du-handball-tunisien\/\",\"url\":\"https:\/\/kapitalis.com\/tunisie\/2020\/02\/10\/deces-de-said-amara-lun-des-pionniers-du-handball-tunisien\/\",\"name\":\"D\u00e9c\u00e8s de Sa\u00efd Amara, l\u2019un des pionniers du handball tunisien - Kapitalis\",\"isPartOf\":{\"@id\":\"https:\/\/kapitalis.com\/tunisie\/#website\"},\"primaryImageOfPage\":{\"@id\":\"https:\/\/kapitalis.com\/tunisie\/2020\/02\/10\/deces-de-said-amara-lun-des-pionniers-du-handball-tunisien\/#primaryimage\"},\"image\":{\"@id\":\"https:\/\/kapitalis.com\/tunisie\/2020\/02\/10\/deces-de-said-amara-lun-des-pionniers-du-handball-tunisien\/#primaryimage\"},\"thumbnailUrl\":\"\",\"datePublished\":\"2020-02-10T07:29:04+00:00\",\"dateModified\":\"2020-02-10T07:29:07+00:00\",\"breadcrumb\":{\"@id\":\"https:\/\/kapitalis.com\/tunisie\/2020\/02\/10\/deces-de-said-amara-lun-des-pionniers-du-handball-tunisien\/#breadcrumb\"},\"inLanguage\":\"fr-FR\",\"potentialAction\":[{\"@type\":\"ReadAction\",\"target\":[\"https:\/\/kapitalis.com\/tunisie\/2020\/02\/10\/deces-de-said-amara-lun-des-pionniers-du-handball-tunisien\/\"]}]},{\"@type\":\"ImageObject\",\"inLanguage\":\"fr-FR\",\"@id\":\"https:\/\/kapitalis.com\/tunisie\/2020\/02\/10\/deces-de-said-amara-lun-des-pionniers-du-handball-tunisien\/#primaryimage\",\"url\":\"\",\"contentUrl\":\"\"},{\"@type\":\"BreadcrumbList\",\"@id\":\"https:\/\/kapitalis.com\/tunisie\/2020\/02\/10\/deces-de-said-amara-lun-des-pionniers-du-handball-tunisien\/#breadcrumb\",\"itemListElement\":[{\"@type\":\"ListItem\",\"position\":1,\"name\":\"Accueil\",\"item\":\"https:\/\/kapitalis.com\/tunisie\/\"},{\"@type\":\"ListItem\",\"position\":2,\"name\":\"D\u00e9c\u00e8s de Sa\u00efd Amara, l\u2019un des pionniers du handball tunisien\"}]},{\"@type\":\"WebSite\",\"@id\":\"https:\/\/kapitalis.com\/tunisie\/#website\",\"url\":\"https:\/\/kapitalis.com\/tunisie\/\",\"name\":\"Kapitalis\",\"description\":\"L&#039;actualit\u00e9 en Tunisie et dans le monde\",\"publisher\":{\"@id\":\"https:\/\/kapitalis.com\/tunisie\/#organization\"},\"potentialAction\":[{\"@type\":\"SearchAction\",\"target\":{\"@type\":\"EntryPoint\",\"urlTemplate\":\"https:\/\/kapitalis.com\/tunisie\/?s={search_term_string}\"},\"query-input\":{\"@type\":\"PropertyValueSpecification\",\"valueRequired\":true,\"valueName\":\"search_term_string\"}}],\"inLanguage\":\"fr-FR\"},{\"@type\":\"Organization\",\"@id\":\"https:\/\/kapitalis.com\/tunisie\/#organization\",\"name\":\"Kapitalis\",\"url\":\"https:\/\/kapitalis.com\/tunisie\/\",\"logo\":{\"@type\":\"ImageObject\",\"inLanguage\":\"fr-FR\",\"@id\":\"https:\/\/kapitalis.com\/tunisie\/#\/schema\/logo\/image\/\",\"url\":\"https:\/\/kapitalis.com\/tunisie\/wp-content\/uploads\/2022\/05\/Kapitalis-big-size.png\",\"contentUrl\":\"https:\/\/kapitalis.com\/tunisie\/wp-content\/uploads\/2022\/05\/Kapitalis-big-size.png\",\"width\":5000,\"height\":1500,\"caption\":\"Kapitalis\"},\"image\":{\"@id\":\"https:\/\/kapitalis.com\/tunisie\/#\/schema\/logo\/image\/\"},\"sameAs\":[\"https:\/\/www.facebook.com\/KapitalisInfo\/\",\"https:\/\/x.com\/KapitalisInfo\",\"https:\/\/www.youtube.com\/channel\/UC-yDYrHyfFBWWZaOw3FPg9Q\"]},{\"@type\":\"Person\",\"@id\":\"https:\/\/kapitalis.com\/tunisie\/#\/schema\/person\/d71f33a9ca44f7bad4698210b480c8e9\",\"name\":\"webmaster kapitalis\",\"url\":\"https:\/\/kapitalis.com\/tunisie\/author\/webmaster-kapitalis\/\"}]}<\/script>\n<!-- \/ Yoast SEO plugin. -->","yoast_head_json":{"title":"D\u00e9c\u00e8s de Sa\u00efd Amara, l\u2019un des pionniers du handball tunisien - Kapitalis","robots":{"index":"index","follow":"follow","max-snippet":"max-snippet:-1","max-image-preview":"max-image-preview:large","max-video-preview":"max-video-preview:-1"},"canonical":"https:\/\/kapitalis.com\/tunisie\/2020\/02\/10\/deces-de-said-amara-lun-des-pionniers-du-handball-tunisien\/","og_locale":"fr_FR","og_type":"article","og_title":"D\u00e9c\u00e8s de Sa\u00efd Amara, l\u2019un des pionniers du handball tunisien - Kapitalis","og_description":"Sa\u00efd Amara vient de nous quitter aujourd\u2019hui, lundi, 10 f\u00e9vrier 2020, \u00e0 l&rsquo;\u00e2ge de 76 ans. Il \u00e9tait joueur, entra\u00eeneur et, surtout \u00e9ducateur hors pair, dans les clubs de handball qui ont eu la chance de louer ses services.","og_url":"https:\/\/kapitalis.com\/tunisie\/2020\/02\/10\/deces-de-said-amara-lun-des-pionniers-du-handball-tunisien\/","og_site_name":"Kapitalis","article_publisher":"https:\/\/www.facebook.com\/KapitalisInfo\/","article_published_time":"2020-02-10T07:29:04+00:00","article_modified_time":"2020-02-10T07:29:07+00:00","og_image":[{"width":1200,"height":630,"url":"https:\/\/kapitalis.com\/tunisie\/wp-content\/uploads\/2022\/05\/kapitalis-logo-fb.png","type":"image\/png"}],"author":"webmaster kapitalis","twitter_card":"summary_large_image","twitter_creator":"@KapitalisInfo","twitter_site":"@KapitalisInfo","twitter_misc":{"\u00c9crit par":"webmaster kapitalis","Dur\u00e9e de lecture estim\u00e9e":"2 minutes"},"schema":{"@context":"https:\/\/schema.org","@graph":[{"@type":"Article","@id":"https:\/\/kapitalis.com\/tunisie\/2020\/02\/10\/deces-de-said-amara-lun-des-pionniers-du-handball-tunisien\/#article","isPartOf":{"@id":"https:\/\/kapitalis.com\/tunisie\/2020\/02\/10\/deces-de-said-amara-lun-des-pionniers-du-handball-tunisien\/"},"author":{"name":"webmaster kapitalis","@id":"https:\/\/kapitalis.com\/tunisie\/#\/schema\/person\/d71f33a9ca44f7bad4698210b480c8e9"},"headline":"D\u00e9c\u00e8s de Sa\u00efd Amara, l\u2019un des pionniers du handball tunisien","datePublished":"2020-02-10T07:29:04+00:00","dateModified":"2020-02-10T07:29:07+00:00","mainEntityOfPage":{"@id":"https:\/\/kapitalis.com\/tunisie\/2020\/02\/10\/deces-de-said-amara-lun-des-pionniers-du-handball-tunisien\/"},"wordCount":349,"commentCount":2,"publisher":{"@id":"https:\/\/kapitalis.com\/tunisie\/#organization"},"image":{"@id":"https:\/\/kapitalis.com\/tunisie\/2020\/02\/10\/deces-de-said-amara-lun-des-pionniers-du-handball-tunisien\/#primaryimage"},"thumbnailUrl":"","keywords":["Esp\u00e9rance de Tunis","Stade tunisien"],"articleSection":["SPORT","Tunisie"],"inLanguage":"fr-FR","potentialAction":[{"@type":"CommentAction","name":"Comment","target":["https:\/\/kapitalis.com\/tunisie\/2020\/02\/10\/deces-de-said-amara-lun-des-pionniers-du-handball-tunisien\/#respond"]}]},{"@type":"WebPage","@id":"https:\/\/kapitalis.com\/tunisie\/2020\/02\/10\/deces-de-said-amara-lun-des-pionniers-du-handball-tunisien\/","url":"https:\/\/kapitalis.com\/tunisie\/2020\/02\/10\/deces-de-said-amara-lun-des-pionniers-du-handball-tunisien\/","name":"D\u00e9c\u00e8s de Sa\u00efd Amara, l\u2019un des pionniers du handball tunisien - Kapitalis","isPartOf":{"@id":"https:\/\/kapitalis.com\/tunisie\/#website"},"primaryImageOfPage":{"@id":"https:\/\/kapitalis.com\/tunisie\/2020\/02\/10\/deces-de-said-amara-lun-des-pionniers-du-handball-tunisien\/#primaryimage"},"image":{"@id":"https:\/\/kapitalis.com\/tunisie\/2020\/02\/10\/deces-de-said-amara-lun-des-pionniers-du-handball-tunisien\/#primaryimage"},"thumbnailUrl":"","datePublished":"2020-02-10T07:29:04+00:00","dateModified":"2020-02-10T07:29:07+00:00","breadcrumb":{"@id":"https:\/\/kapitalis.com\/tunisie\/2020\/02\/10\/deces-de-said-amara-lun-des-pionniers-du-handball-tunisien\/#breadcrumb"},"inLanguage":"fr-FR","potentialAction":[{"@type":"ReadAction","target":["https:\/\/kapitalis.com\/tunisie\/2020\/02\/10\/deces-de-said-amara-lun-des-pionniers-du-handball-tunisien\/"]}]},{"@type":"ImageObject","inLanguage":"fr-FR","@id":"https:\/\/kapitalis.com\/tunisie\/2020\/02\/10\/deces-de-said-amara-lun-des-pionniers-du-handball-tunisien\/#primaryimage","url":"","contentUrl":""},{"@type":"BreadcrumbList","@id":"https:\/\/kapitalis.com\/tunisie\/2020\/02\/10\/deces-de-said-amara-lun-des-pionniers-du-handball-tunisien\/#breadcrumb","itemListElement":[{"@type":"ListItem","position":1,"name":"Accueil","item":"https:\/\/kapitalis.com\/tunisie\/"},{"@type":"ListItem","position":2,"name":"D\u00e9c\u00e8s de Sa\u00efd Amara, l\u2019un des pionniers du handball tunisien"}]},{"@type":"WebSite","@id":"https:\/\/kapitalis.com\/tunisie\/#website","url":"https:\/\/kapitalis.com\/tunisie\/","name":"Kapitalis","description":"L&#039;actualit\u00e9 en Tunisie et dans le monde","publisher":{"@id":"https:\/\/kapitalis.com\/tunisie\/#organization"},"potentialAction":[{"@type":"SearchAction","target":{"@type":"EntryPoint","urlTemplate":"https:\/\/kapitalis.com\/tunisie\/?s={search_term_string}"},"query-input":{"@type":"PropertyValueSpecification","valueRequired":true,"valueName":"search_term_string"}}],"inLanguage":"fr-FR"},{"@type":"Organization","@id":"https:\/\/kapitalis.com\/tunisie\/#organization","name":"Kapitalis","url":"https:\/\/kapitalis.com\/tunisie\/","logo":{"@type":"ImageObject","inLanguage":"fr-FR","@id":"https:\/\/kapitalis.com\/tunisie\/#\/schema\/logo\/image\/","url":"https:\/\/kapitalis.com\/tunisie\/wp-content\/uploads\/2022\/05\/Kapitalis-big-size.png","contentUrl":"https:\/\/kapitalis.com\/tunisie\/wp-content\/uploads\/2022\/05\/Kapitalis-big-size.png","width":5000,"height":1500,"caption":"Kapitalis"},"image":{"@id":"https:\/\/kapitalis.com\/tunisie\/#\/schema\/logo\/image\/"},"sameAs":["https:\/\/www.facebook.com\/KapitalisInfo\/","https:\/\/x.com\/KapitalisInfo","https:\/\/www.youtube.com\/channel\/UC-yDYrHyfFBWWZaOw3FPg9Q"]},{"@type":"Person","@id":"https:\/\/kapitalis.com\/tunisie\/#\/schema\/person\/d71f33a9ca44f7bad4698210b480c8e9","name":"webmaster kapitalis","url":"https:\/\/kapitalis.com\/tunisie\/author\/webmaster-kapitalis\/"}]}},"_links":{"self":[{"href":"https:\/\/kapitalis.com\/tunisie\/wp-json\/wp\/v2\/posts\/280016","targetHints":{"allow":["GET"]}}],"collection":[{"href":"https:\/\/kapitalis.com\/tunisie\/wp-json\/wp\/v2\/posts"}],"about":[{"href":"https:\/\/kapitalis.com\/tunisie\/wp-json\/wp\/v2\/types\/post"}],"author":[{"embeddable":true,"href":"https:\/\/kapitalis.com\/tunisie\/wp-json\/wp\/v2\/users\/8"}],"replies":[{"embeddable":true,"href":"https:\/\/kapitalis.com\/tunisie\/wp-json\/wp\/v2\/comments?post=280016"}],"version-history":[{"count":0,"href":"https:\/\/kapitalis.com\/tunisie\/wp-json\/wp\/v2\/posts\/280016\/revisions"}],"wp:featuredmedia":[{"embeddable":true,"href":"https:\/\/kapitalis.com\/tunisie\/wp-json\/wp\/v2\/media\/280017"}],"wp:attachment":[{"href":"https:\/\/kapitalis.com\/tunisie\/wp-json\/wp\/v2\/media?parent=280016"}],"wp:term":[{"taxonomy":"category","embeddable":true,"href":"https:\/\/kapitalis.com\/tunisie\/wp-json\/wp\/v2\/categories?post=280016"},{"taxonomy":"post_tag","embeddable":true,"href":"https:\/\/kapitalis.com\/tunisie\/wp-json\/wp\/v2\/tags?post=280016"}],"curies":[{"name":"wp","href":"https:\/\/api.w.org\/{rel}","templated":true}]}}