{"id":280041,"date":"2020-02-10T10:43:25","date_gmt":"2020-02-10T09:43:25","guid":{"rendered":"http:\/\/kapitalis.com\/tunisie\/?p=280041"},"modified":"2020-02-10T10:44:06","modified_gmt":"2020-02-10T09:44:06","slug":"tunisie-hassen-doss-fera-son-big-show-a-loccasion-de-la-saint-valentin","status":"publish","type":"post","link":"https:\/\/kapitalis.com\/tunisie\/2020\/02\/10\/tunisie-hassen-doss-fera-son-big-show-a-loccasion-de-la-saint-valentin\/","title":{"rendered":"Tunisie : Hassen Doss fera son \u00abBig Show\u00bb \u00e0 l&rsquo;occasion de la Saint Valentin"},"content":{"rendered":"\n<figure class=\"wp-block-image size-large\"><img decoding=\"async\" src=\"http:\/\/kapitalis.com\/tunisie\/wp-content\/uploads\/2020\/02\/BigShow-Hassen-Doss.jpg\" alt=\"\" class=\"wp-image-280048\"\/><\/figure>\n\n\n\n<p><strong><em>Le chanteur et musicien Hassen Doss produira son spectacle \u00ab\u00a0Big Show Hassen Doss\u00a0\u00bb au Th\u00e9\u00e2tre municipal de Tunis, le 16 f\u00e9vrier 2020, \u00e0 18:00, \u00e0 l&rsquo;occasion de la f\u00eate de la Saint Valentin.  <\/em><\/strong><\/p>\n\n\n\n<!--more-->\n\n\n\n<p>Originaire de Sousse,&nbsp;Hassen Doss&nbsp;devient guitariste dans un groupe de rock mont\u00e9 avec des amis, puis commence le chant. Apr\u00e8s avoir d\u00e9velopp\u00e9 son style \u00e0 l&rsquo;Institut de musique de Sousse et \u00e0 celui de Tunis, il se met \u00e0 composer des musiques o\u00f9 se m\u00e9langent plusieurs styles. <\/p>\n\n\n\n<p>Hassen Doss est dipl\u00f4m\u00e9 de l&rsquo;Universit\u00e9 de musique et des arts de M\u00fcnich en Allemagne. Il a re\u00e7u le prix du jeune espoir en 2011, faisant de lui le 1er chanteur d&rsquo;op\u00e9ra tunisien \u00e0 obtenir son premier prix \u00e0 l&rsquo;\u00e9tranger. Il a fait la couverture de magazines, sorti son album <em>\u00ab\u00a0Taye<\/em>r\u00a0\u00bb, effectu\u00e9 des tourn\u00e9es et particip\u00e9 aux festivals de Hammamet et de Carthage dans <em>\u00ab\u00a0Carnaval<\/em>\u00ab\u00a0, un spectacle de chants et de danse.<\/p>\n\n\n\n<p>La f\u00eate de la Saint Valentin \u00e0 l&rsquo;occasion de laquelle Hassen Doss va se produire est celle des amoureux. Cette f\u00eate traditionnelle, c\u00e9l\u00e9br\u00e9e le 14 f\u00e9vrier de chaque ann\u00e9e, est tr\u00e8s ancienne. Elle n\u00e9e dans les pays anglo-saxons et s&rsquo;est r\u00e9pandue dans le reste monde, y compris en Tunisie. <\/p>\n\n\n\n<p class=\"has-text-align-right\"><strong>A. M.<\/strong><\/p>\n","protected":false},"excerpt":{"rendered":"<p>Le chanteur et musicien Hassen Doss produira son spectacle \u00ab\u00a0Big Show Hassen Doss\u00a0\u00bb au Th\u00e9\u00e2tre municipal de Tunis, le 16 f\u00e9vrier 2020, \u00e0 18:00, \u00e0 l&rsquo;occasion de la f\u00eate de la Saint Valentin.<\/p>\n","protected":false},"author":22,"featured_media":280048,"comment_status":"open","ping_status":"open","sticky":false,"template":"","format":"standard","meta":{"footnotes":""},"categories":[994,2433],"tags":[20849,33829,2616,19945,13639,6474],"class_list":["post-280041","post","type-post","status-publish","format-standard","has-post-thumbnail","hentry","category-culture","category-tunisie","tag-carnaval","tag-festival-de-hammamet","tag-festival-international-de-carthage","tag-hassen-doss","tag-saint-valentin","tag-theatre-municipal-de-tunis"],"yoast_head":"<!-- This site is optimized with the Yoast SEO plugin v26.6 - https:\/\/yoast.com\/wordpress\/plugins\/seo\/ -->\n<title>Tunisie : Hassen Doss fera son \u00abBig Show\u00bb \u00e0 l&#039;occasion de la Saint Valentin - Kapitalis<\/title>\n<meta name=\"robots\" content=\"index, follow, max-snippet:-1, max-image-preview:large, max-video-preview:-1\" \/>\n<link rel=\"canonical\" href=\"https:\/\/kapitalis.com\/tunisie\/2020\/02\/10\/tunisie-hassen-doss-fera-son-big-show-a-loccasion-de-la-saint-valentin\/\" \/>\n<meta property=\"og:locale\" content=\"fr_FR\" \/>\n<meta property=\"og:type\" content=\"article\" \/>\n<meta property=\"og:title\" content=\"Tunisie : Hassen Doss fera son \u00abBig Show\u00bb \u00e0 l&#039;occasion de la Saint Valentin - Kapitalis\" \/>\n<meta property=\"og:description\" content=\"Le chanteur et musicien Hassen Doss produira son spectacle \u00ab\u00a0Big Show Hassen Doss\u00a0\u00bb au Th\u00e9\u00e2tre municipal de Tunis, le 16 f\u00e9vrier 2020, \u00e0 18:00, \u00e0 l&rsquo;occasion de la f\u00eate de la Saint Valentin.\" \/>\n<meta property=\"og:url\" content=\"https:\/\/kapitalis.com\/tunisie\/2020\/02\/10\/tunisie-hassen-doss-fera-son-big-show-a-loccasion-de-la-saint-valentin\/\" \/>\n<meta property=\"og:site_name\" content=\"Kapitalis\" \/>\n<meta property=\"article:publisher\" content=\"https:\/\/www.facebook.com\/KapitalisInfo\/\" \/>\n<meta property=\"article:published_time\" content=\"2020-02-10T09:43:25+00:00\" \/>\n<meta property=\"article:modified_time\" content=\"2020-02-10T09:44:06+00:00\" \/>\n<meta property=\"og:image\" content=\"https:\/\/kapitalis.com\/tunisie\/wp-content\/uploads\/2022\/05\/kapitalis-logo-fb.png\" \/>\n\t<meta property=\"og:image:width\" content=\"1200\" \/>\n\t<meta property=\"og:image:height\" content=\"630\" \/>\n\t<meta property=\"og:image:type\" content=\"image\/png\" \/>\n<meta name=\"author\" content=\"Amina Mkada\" \/>\n<meta name=\"twitter:card\" content=\"summary_large_image\" \/>\n<meta name=\"twitter:creator\" content=\"@KapitalisInfo\" \/>\n<meta name=\"twitter:site\" content=\"@KapitalisInfo\" \/>\n<meta name=\"twitter:label1\" content=\"\u00c9crit par\" \/>\n\t<meta name=\"twitter:data1\" content=\"Amina Mkada\" \/>\n\t<meta name=\"twitter:label2\" content=\"Dur\u00e9e de lecture estim\u00e9e\" \/>\n\t<meta name=\"twitter:data2\" content=\"1 minute\" \/>\n<script type=\"application\/ld+json\" class=\"yoast-schema-graph\">{\"@context\":\"https:\/\/schema.org\",\"@graph\":[{\"@type\":\"Article\",\"@id\":\"https:\/\/kapitalis.com\/tunisie\/2020\/02\/10\/tunisie-hassen-doss-fera-son-big-show-a-loccasion-de-la-saint-valentin\/#article\",\"isPartOf\":{\"@id\":\"https:\/\/kapitalis.com\/tunisie\/2020\/02\/10\/tunisie-hassen-doss-fera-son-big-show-a-loccasion-de-la-saint-valentin\/\"},\"author\":{\"name\":\"Amina Mkada\",\"@id\":\"https:\/\/kapitalis.com\/tunisie\/#\/schema\/person\/093913313d3017554cb3ad077fff3fbd\"},\"headline\":\"Tunisie : Hassen Doss fera son \u00abBig Show\u00bb \u00e0 l&rsquo;occasion de la Saint Valentin\",\"datePublished\":\"2020-02-10T09:43:25+00:00\",\"dateModified\":\"2020-02-10T09:44:06+00:00\",\"mainEntityOfPage\":{\"@id\":\"https:\/\/kapitalis.com\/tunisie\/2020\/02\/10\/tunisie-hassen-doss-fera-son-big-show-a-loccasion-de-la-saint-valentin\/\"},\"wordCount\":227,\"commentCount\":0,\"publisher\":{\"@id\":\"https:\/\/kapitalis.com\/tunisie\/#organization\"},\"image\":{\"@id\":\"https:\/\/kapitalis.com\/tunisie\/2020\/02\/10\/tunisie-hassen-doss-fera-son-big-show-a-loccasion-de-la-saint-valentin\/#primaryimage\"},\"thumbnailUrl\":\"\",\"keywords\":[\"carnaval\",\"Festival de Hammamet\",\"Festival international de Carthage\",\"Hassen Doss\",\"Saint Valentin\",\"Th\u00e9\u00e2tre municipal de Tunis\"],\"articleSection\":[\"CULTURE\",\"Tunisie\"],\"inLanguage\":\"fr-FR\",\"potentialAction\":[{\"@type\":\"CommentAction\",\"name\":\"Comment\",\"target\":[\"https:\/\/kapitalis.com\/tunisie\/2020\/02\/10\/tunisie-hassen-doss-fera-son-big-show-a-loccasion-de-la-saint-valentin\/#respond\"]}]},{\"@type\":\"WebPage\",\"@id\":\"https:\/\/kapitalis.com\/tunisie\/2020\/02\/10\/tunisie-hassen-doss-fera-son-big-show-a-loccasion-de-la-saint-valentin\/\",\"url\":\"https:\/\/kapitalis.com\/tunisie\/2020\/02\/10\/tunisie-hassen-doss-fera-son-big-show-a-loccasion-de-la-saint-valentin\/\",\"name\":\"Tunisie : Hassen Doss fera son \u00abBig Show\u00bb \u00e0 l'occasion de la Saint Valentin - Kapitalis\",\"isPartOf\":{\"@id\":\"https:\/\/kapitalis.com\/tunisie\/#website\"},\"primaryImageOfPage\":{\"@id\":\"https:\/\/kapitalis.com\/tunisie\/2020\/02\/10\/tunisie-hassen-doss-fera-son-big-show-a-loccasion-de-la-saint-valentin\/#primaryimage\"},\"image\":{\"@id\":\"https:\/\/kapitalis.com\/tunisie\/2020\/02\/10\/tunisie-hassen-doss-fera-son-big-show-a-loccasion-de-la-saint-valentin\/#primaryimage\"},\"thumbnailUrl\":\"\",\"datePublished\":\"2020-02-10T09:43:25+00:00\",\"dateModified\":\"2020-02-10T09:44:06+00:00\",\"breadcrumb\":{\"@id\":\"https:\/\/kapitalis.com\/tunisie\/2020\/02\/10\/tunisie-hassen-doss-fera-son-big-show-a-loccasion-de-la-saint-valentin\/#breadcrumb\"},\"inLanguage\":\"fr-FR\",\"potentialAction\":[{\"@type\":\"ReadAction\",\"target\":[\"https:\/\/kapitalis.com\/tunisie\/2020\/02\/10\/tunisie-hassen-doss-fera-son-big-show-a-loccasion-de-la-saint-valentin\/\"]}]},{\"@type\":\"ImageObject\",\"inLanguage\":\"fr-FR\",\"@id\":\"https:\/\/kapitalis.com\/tunisie\/2020\/02\/10\/tunisie-hassen-doss-fera-son-big-show-a-loccasion-de-la-saint-valentin\/#primaryimage\",\"url\":\"\",\"contentUrl\":\"\"},{\"@type\":\"BreadcrumbList\",\"@id\":\"https:\/\/kapitalis.com\/tunisie\/2020\/02\/10\/tunisie-hassen-doss-fera-son-big-show-a-loccasion-de-la-saint-valentin\/#breadcrumb\",\"itemListElement\":[{\"@type\":\"ListItem\",\"position\":1,\"name\":\"Accueil\",\"item\":\"https:\/\/kapitalis.com\/tunisie\/\"},{\"@type\":\"ListItem\",\"position\":2,\"name\":\"Tunisie : Hassen Doss fera son \u00abBig Show\u00bb \u00e0 l&rsquo;occasion de la Saint Valentin\"}]},{\"@type\":\"WebSite\",\"@id\":\"https:\/\/kapitalis.com\/tunisie\/#website\",\"url\":\"https:\/\/kapitalis.com\/tunisie\/\",\"name\":\"Kapitalis\",\"description\":\"L&#039;actualit\u00e9 en Tunisie et dans le monde\",\"publisher\":{\"@id\":\"https:\/\/kapitalis.com\/tunisie\/#organization\"},\"potentialAction\":[{\"@type\":\"SearchAction\",\"target\":{\"@type\":\"EntryPoint\",\"urlTemplate\":\"https:\/\/kapitalis.com\/tunisie\/?s={search_term_string}\"},\"query-input\":{\"@type\":\"PropertyValueSpecification\",\"valueRequired\":true,\"valueName\":\"search_term_string\"}}],\"inLanguage\":\"fr-FR\"},{\"@type\":\"Organization\",\"@id\":\"https:\/\/kapitalis.com\/tunisie\/#organization\",\"name\":\"Kapitalis\",\"url\":\"https:\/\/kapitalis.com\/tunisie\/\",\"logo\":{\"@type\":\"ImageObject\",\"inLanguage\":\"fr-FR\",\"@id\":\"https:\/\/kapitalis.com\/tunisie\/#\/schema\/logo\/image\/\",\"url\":\"https:\/\/kapitalis.com\/tunisie\/wp-content\/uploads\/2022\/05\/Kapitalis-big-size.png\",\"contentUrl\":\"https:\/\/kapitalis.com\/tunisie\/wp-content\/uploads\/2022\/05\/Kapitalis-big-size.png\",\"width\":5000,\"height\":1500,\"caption\":\"Kapitalis\"},\"image\":{\"@id\":\"https:\/\/kapitalis.com\/tunisie\/#\/schema\/logo\/image\/\"},\"sameAs\":[\"https:\/\/www.facebook.com\/KapitalisInfo\/\",\"https:\/\/x.com\/KapitalisInfo\",\"https:\/\/www.youtube.com\/channel\/UC-yDYrHyfFBWWZaOw3FPg9Q\"]},{\"@type\":\"Person\",\"@id\":\"https:\/\/kapitalis.com\/tunisie\/#\/schema\/person\/093913313d3017554cb3ad077fff3fbd\",\"name\":\"Amina Mkada\",\"url\":\"https:\/\/kapitalis.com\/tunisie\/author\/amina\/\"}]}<\/script>\n<!-- \/ Yoast SEO plugin. -->","yoast_head_json":{"title":"Tunisie : Hassen Doss fera son \u00abBig Show\u00bb \u00e0 l'occasion de la Saint Valentin - Kapitalis","robots":{"index":"index","follow":"follow","max-snippet":"max-snippet:-1","max-image-preview":"max-image-preview:large","max-video-preview":"max-video-preview:-1"},"canonical":"https:\/\/kapitalis.com\/tunisie\/2020\/02\/10\/tunisie-hassen-doss-fera-son-big-show-a-loccasion-de-la-saint-valentin\/","og_locale":"fr_FR","og_type":"article","og_title":"Tunisie : Hassen Doss fera son \u00abBig Show\u00bb \u00e0 l'occasion de la Saint Valentin - Kapitalis","og_description":"Le chanteur et musicien Hassen Doss produira son spectacle \u00ab\u00a0Big Show Hassen Doss\u00a0\u00bb au Th\u00e9\u00e2tre municipal de Tunis, le 16 f\u00e9vrier 2020, \u00e0 18:00, \u00e0 l&rsquo;occasion de la f\u00eate de la Saint Valentin.","og_url":"https:\/\/kapitalis.com\/tunisie\/2020\/02\/10\/tunisie-hassen-doss-fera-son-big-show-a-loccasion-de-la-saint-valentin\/","og_site_name":"Kapitalis","article_publisher":"https:\/\/www.facebook.com\/KapitalisInfo\/","article_published_time":"2020-02-10T09:43:25+00:00","article_modified_time":"2020-02-10T09:44:06+00:00","og_image":[{"width":1200,"height":630,"url":"https:\/\/kapitalis.com\/tunisie\/wp-content\/uploads\/2022\/05\/kapitalis-logo-fb.png","type":"image\/png"}],"author":"Amina Mkada","twitter_card":"summary_large_image","twitter_creator":"@KapitalisInfo","twitter_site":"@KapitalisInfo","twitter_misc":{"\u00c9crit par":"Amina Mkada","Dur\u00e9e de lecture estim\u00e9e":"1 minute"},"schema":{"@context":"https:\/\/schema.org","@graph":[{"@type":"Article","@id":"https:\/\/kapitalis.com\/tunisie\/2020\/02\/10\/tunisie-hassen-doss-fera-son-big-show-a-loccasion-de-la-saint-valentin\/#article","isPartOf":{"@id":"https:\/\/kapitalis.com\/tunisie\/2020\/02\/10\/tunisie-hassen-doss-fera-son-big-show-a-loccasion-de-la-saint-valentin\/"},"author":{"name":"Amina Mkada","@id":"https:\/\/kapitalis.com\/tunisie\/#\/schema\/person\/093913313d3017554cb3ad077fff3fbd"},"headline":"Tunisie : Hassen Doss fera son \u00abBig Show\u00bb \u00e0 l&rsquo;occasion de la Saint Valentin","datePublished":"2020-02-10T09:43:25+00:00","dateModified":"2020-02-10T09:44:06+00:00","mainEntityOfPage":{"@id":"https:\/\/kapitalis.com\/tunisie\/2020\/02\/10\/tunisie-hassen-doss-fera-son-big-show-a-loccasion-de-la-saint-valentin\/"},"wordCount":227,"commentCount":0,"publisher":{"@id":"https:\/\/kapitalis.com\/tunisie\/#organization"},"image":{"@id":"https:\/\/kapitalis.com\/tunisie\/2020\/02\/10\/tunisie-hassen-doss-fera-son-big-show-a-loccasion-de-la-saint-valentin\/#primaryimage"},"thumbnailUrl":"","keywords":["carnaval","Festival de Hammamet","Festival international de Carthage","Hassen Doss","Saint Valentin","Th\u00e9\u00e2tre municipal de Tunis"],"articleSection":["CULTURE","Tunisie"],"inLanguage":"fr-FR","potentialAction":[{"@type":"CommentAction","name":"Comment","target":["https:\/\/kapitalis.com\/tunisie\/2020\/02\/10\/tunisie-hassen-doss-fera-son-big-show-a-loccasion-de-la-saint-valentin\/#respond"]}]},{"@type":"WebPage","@id":"https:\/\/kapitalis.com\/tunisie\/2020\/02\/10\/tunisie-hassen-doss-fera-son-big-show-a-loccasion-de-la-saint-valentin\/","url":"https:\/\/kapitalis.com\/tunisie\/2020\/02\/10\/tunisie-hassen-doss-fera-son-big-show-a-loccasion-de-la-saint-valentin\/","name":"Tunisie : Hassen Doss fera son \u00abBig Show\u00bb \u00e0 l'occasion de la Saint Valentin - Kapitalis","isPartOf":{"@id":"https:\/\/kapitalis.com\/tunisie\/#website"},"primaryImageOfPage":{"@id":"https:\/\/kapitalis.com\/tunisie\/2020\/02\/10\/tunisie-hassen-doss-fera-son-big-show-a-loccasion-de-la-saint-valentin\/#primaryimage"},"image":{"@id":"https:\/\/kapitalis.com\/tunisie\/2020\/02\/10\/tunisie-hassen-doss-fera-son-big-show-a-loccasion-de-la-saint-valentin\/#primaryimage"},"thumbnailUrl":"","datePublished":"2020-02-10T09:43:25+00:00","dateModified":"2020-02-10T09:44:06+00:00","breadcrumb":{"@id":"https:\/\/kapitalis.com\/tunisie\/2020\/02\/10\/tunisie-hassen-doss-fera-son-big-show-a-loccasion-de-la-saint-valentin\/#breadcrumb"},"inLanguage":"fr-FR","potentialAction":[{"@type":"ReadAction","target":["https:\/\/kapitalis.com\/tunisie\/2020\/02\/10\/tunisie-hassen-doss-fera-son-big-show-a-loccasion-de-la-saint-valentin\/"]}]},{"@type":"ImageObject","inLanguage":"fr-FR","@id":"https:\/\/kapitalis.com\/tunisie\/2020\/02\/10\/tunisie-hassen-doss-fera-son-big-show-a-loccasion-de-la-saint-valentin\/#primaryimage","url":"","contentUrl":""},{"@type":"BreadcrumbList","@id":"https:\/\/kapitalis.com\/tunisie\/2020\/02\/10\/tunisie-hassen-doss-fera-son-big-show-a-loccasion-de-la-saint-valentin\/#breadcrumb","itemListElement":[{"@type":"ListItem","position":1,"name":"Accueil","item":"https:\/\/kapitalis.com\/tunisie\/"},{"@type":"ListItem","position":2,"name":"Tunisie : Hassen Doss fera son \u00abBig Show\u00bb \u00e0 l&rsquo;occasion de la Saint Valentin"}]},{"@type":"WebSite","@id":"https:\/\/kapitalis.com\/tunisie\/#website","url":"https:\/\/kapitalis.com\/tunisie\/","name":"Kapitalis","description":"L&#039;actualit\u00e9 en Tunisie et dans le monde","publisher":{"@id":"https:\/\/kapitalis.com\/tunisie\/#organization"},"potentialAction":[{"@type":"SearchAction","target":{"@type":"EntryPoint","urlTemplate":"https:\/\/kapitalis.com\/tunisie\/?s={search_term_string}"},"query-input":{"@type":"PropertyValueSpecification","valueRequired":true,"valueName":"search_term_string"}}],"inLanguage":"fr-FR"},{"@type":"Organization","@id":"https:\/\/kapitalis.com\/tunisie\/#organization","name":"Kapitalis","url":"https:\/\/kapitalis.com\/tunisie\/","logo":{"@type":"ImageObject","inLanguage":"fr-FR","@id":"https:\/\/kapitalis.com\/tunisie\/#\/schema\/logo\/image\/","url":"https:\/\/kapitalis.com\/tunisie\/wp-content\/uploads\/2022\/05\/Kapitalis-big-size.png","contentUrl":"https:\/\/kapitalis.com\/tunisie\/wp-content\/uploads\/2022\/05\/Kapitalis-big-size.png","width":5000,"height":1500,"caption":"Kapitalis"},"image":{"@id":"https:\/\/kapitalis.com\/tunisie\/#\/schema\/logo\/image\/"},"sameAs":["https:\/\/www.facebook.com\/KapitalisInfo\/","https:\/\/x.com\/KapitalisInfo","https:\/\/www.youtube.com\/channel\/UC-yDYrHyfFBWWZaOw3FPg9Q"]},{"@type":"Person","@id":"https:\/\/kapitalis.com\/tunisie\/#\/schema\/person\/093913313d3017554cb3ad077fff3fbd","name":"Amina Mkada","url":"https:\/\/kapitalis.com\/tunisie\/author\/amina\/"}]}},"_links":{"self":[{"href":"https:\/\/kapitalis.com\/tunisie\/wp-json\/wp\/v2\/posts\/280041","targetHints":{"allow":["GET"]}}],"collection":[{"href":"https:\/\/kapitalis.com\/tunisie\/wp-json\/wp\/v2\/posts"}],"about":[{"href":"https:\/\/kapitalis.com\/tunisie\/wp-json\/wp\/v2\/types\/post"}],"author":[{"embeddable":true,"href":"https:\/\/kapitalis.com\/tunisie\/wp-json\/wp\/v2\/users\/22"}],"replies":[{"embeddable":true,"href":"https:\/\/kapitalis.com\/tunisie\/wp-json\/wp\/v2\/comments?post=280041"}],"version-history":[{"count":0,"href":"https:\/\/kapitalis.com\/tunisie\/wp-json\/wp\/v2\/posts\/280041\/revisions"}],"wp:featuredmedia":[{"embeddable":true,"href":"https:\/\/kapitalis.com\/tunisie\/wp-json\/wp\/v2\/media\/280048"}],"wp:attachment":[{"href":"https:\/\/kapitalis.com\/tunisie\/wp-json\/wp\/v2\/media?parent=280041"}],"wp:term":[{"taxonomy":"category","embeddable":true,"href":"https:\/\/kapitalis.com\/tunisie\/wp-json\/wp\/v2\/categories?post=280041"},{"taxonomy":"post_tag","embeddable":true,"href":"https:\/\/kapitalis.com\/tunisie\/wp-json\/wp\/v2\/tags?post=280041"}],"curies":[{"name":"wp","href":"https:\/\/api.w.org\/{rel}","templated":true}]}}