{"id":280074,"date":"2020-02-10T13:31:04","date_gmt":"2020-02-10T12:31:04","guid":{"rendered":"http:\/\/kapitalis.com\/tunisie\/?p=280074"},"modified":"2020-02-11T10:46:43","modified_gmt":"2020-02-11T09:46:43","slug":"forbes-magazine-deux-tunisiennes-au-top-100-des-femmes-daffaires-les-plus-influentes-du-moyen-orient","status":"publish","type":"post","link":"https:\/\/kapitalis.com\/tunisie\/2020\/02\/10\/forbes-magazine-deux-tunisiennes-au-top-100-des-femmes-daffaires-les-plus-influentes-du-moyen-orient\/","title":{"rendered":"Forbes Magazine : Deux Tunisiennes au top 100 des femmes d&rsquo;affaires les plus influentes du Moyen-Orient"},"content":{"rendered":"\n<figure class=\"wp-block-image size-large\"><img decoding=\"async\" src=\"http:\/\/kapitalis.com\/tunisie\/wp-content\/uploads\/2020\/02\/Forbes-meni-et-babbou.jpg\" alt=\"\" class=\"wp-image-280091\"\/><figcaption><em>Jalila Mezni &#8211; Selma Babbou.<\/em><\/figcaption><\/figure>\n\n\n\n<p><strong><em>Dans son num\u00e9ro consacr\u00e9 aux femmes d&rsquo;affaires les plus performantes du Moyen Orient, <\/em><\/strong> <strong><em>\u00ab\u00a0<a rel=\"noreferrer noopener\" href=\"https:\/\/www.forbesmiddleeast.com\/list\/power-businesswomen-middle-east-2020\" target=\"_blank\">Forbes Magazine<\/a> a \u00e9lu 2 Tunisiennes parmi les top 100 du classement, en l&rsquo;occurrence Jalila Mezni et Selma Babbou. <\/em><\/strong> <\/p>\n\n\n\n<!--more-->\n\n\n\n<p>La classement 2020 des femmes d&rsquo;affaires les plus influentes en 2020 du c\u00e9l\u00e8bre magazine am\u00e9ricain a \u00e9t\u00e9 \u00e9tabli \u00e0 partir de nominations et de recherches approfondies, bas\u00e9es sur des crit\u00e8res tels que la taille des entreprises dirig\u00e9es par ces femmes, leurs r\u00e9alisations au cours de la derni\u00e8re ann\u00e9e, les initiatives qu&rsquo;elles d\u00e9fendent, et globalement, leur exp\u00e9rience professionnelle.<\/p>\n\n\n\n<p>La premi\u00e8re Tunisienne de ce classement,&nbsp;Jalila Mezni est class\u00e9e 37e du Top 100. Elle est fondatrice de la soci\u00e9t\u00e9 d&rsquo;articles hygi\u00e9niques SAH Lilas, qui a r\u00e9alis\u00e9 un chiffre d\u2019affaires de 321,7 millions de dinars tunisiens (MDT) en 2018 et 396,2 MDT en 2019. <\/p>\n\n\n\n<p>Quant \u00e0 Selma Babbou, class\u00e9e 43e du Top 100, elle est directrice g\u00e9n\u00e9rale adjointe du groupe Amen,&nbsp;3e plus important conglom\u00e9rat tunisien op\u00e9rant dans l&rsquo;agro-industrie, la sant\u00e9 et le secteur bancaire.<\/p>\n\n\n\n<p>Notons que les Moyen-orientales se sont taill\u00e9es la part du lion dans ce Top 100, o\u00f9 figurent \u00e9galement 7 Marocaines et une Alg\u00e9rienne parmi les Maghr\u00e9bines.  <\/p>\n\n\n\n<p class=\"has-text-align-right\"><strong>A. M.<\/strong><\/p>\n","protected":false},"excerpt":{"rendered":"<p>Dans son num\u00e9ro consacr\u00e9 aux femmes d&rsquo;affaires les plus performantes du Moyen Orient, \u00ab\u00a0Forbes Magazine a \u00e9lu 2 Tunisiennes parmi les top 100 du classement, en l&rsquo;occurrence Jalila Mezni et Selma Babbou.<\/p>\n","protected":false},"author":22,"featured_media":280091,"comment_status":"open","ping_status":"open","sticky":false,"template":"","format":"standard","meta":{"footnotes":""},"categories":[995,2433],"tags":[19949,4278],"class_list":["post-280074","post","type-post","status-publish","format-standard","has-post-thumbnail","hentry","category-economie","category-tunisie","tag-jalila-mezni","tag-moyen-orient"],"yoast_head":"<!-- This site is optimized with the Yoast SEO plugin v26.6 - https:\/\/yoast.com\/wordpress\/plugins\/seo\/ -->\n<title>Forbes Magazine : Deux Tunisiennes au top 100 des femmes d&#039;affaires les plus influentes du Moyen-Orient - Kapitalis<\/title>\n<meta name=\"robots\" content=\"index, follow, max-snippet:-1, max-image-preview:large, max-video-preview:-1\" \/>\n<link rel=\"canonical\" href=\"https:\/\/kapitalis.com\/tunisie\/2020\/02\/10\/forbes-magazine-deux-tunisiennes-au-top-100-des-femmes-daffaires-les-plus-influentes-du-moyen-orient\/\" \/>\n<meta property=\"og:locale\" content=\"fr_FR\" \/>\n<meta property=\"og:type\" content=\"article\" \/>\n<meta property=\"og:title\" content=\"Forbes Magazine : Deux Tunisiennes au top 100 des femmes d&#039;affaires les plus influentes du Moyen-Orient - Kapitalis\" \/>\n<meta property=\"og:description\" content=\"Dans son num\u00e9ro consacr\u00e9 aux femmes d&rsquo;affaires les plus performantes du Moyen Orient, \u00ab\u00a0Forbes Magazine a \u00e9lu 2 Tunisiennes parmi les top 100 du classement, en l&rsquo;occurrence Jalila Mezni et Selma Babbou.\" \/>\n<meta property=\"og:url\" content=\"https:\/\/kapitalis.com\/tunisie\/2020\/02\/10\/forbes-magazine-deux-tunisiennes-au-top-100-des-femmes-daffaires-les-plus-influentes-du-moyen-orient\/\" \/>\n<meta property=\"og:site_name\" content=\"Kapitalis\" \/>\n<meta property=\"article:publisher\" content=\"https:\/\/www.facebook.com\/KapitalisInfo\/\" \/>\n<meta property=\"article:published_time\" content=\"2020-02-10T12:31:04+00:00\" \/>\n<meta property=\"article:modified_time\" content=\"2020-02-11T09:46:43+00:00\" \/>\n<meta property=\"og:image\" content=\"https:\/\/kapitalis.com\/tunisie\/wp-content\/uploads\/2022\/05\/kapitalis-logo-fb.png\" \/>\n\t<meta property=\"og:image:width\" content=\"1200\" \/>\n\t<meta property=\"og:image:height\" content=\"630\" \/>\n\t<meta property=\"og:image:type\" content=\"image\/png\" \/>\n<meta name=\"author\" content=\"Amina Mkada\" \/>\n<meta name=\"twitter:card\" content=\"summary_large_image\" \/>\n<meta name=\"twitter:creator\" content=\"@KapitalisInfo\" \/>\n<meta name=\"twitter:site\" content=\"@KapitalisInfo\" \/>\n<meta name=\"twitter:label1\" content=\"\u00c9crit par\" \/>\n\t<meta name=\"twitter:data1\" content=\"Amina Mkada\" \/>\n\t<meta name=\"twitter:label2\" content=\"Dur\u00e9e de lecture estim\u00e9e\" \/>\n\t<meta name=\"twitter:data2\" content=\"1 minute\" \/>\n<script type=\"application\/ld+json\" class=\"yoast-schema-graph\">{\"@context\":\"https:\/\/schema.org\",\"@graph\":[{\"@type\":\"Article\",\"@id\":\"https:\/\/kapitalis.com\/tunisie\/2020\/02\/10\/forbes-magazine-deux-tunisiennes-au-top-100-des-femmes-daffaires-les-plus-influentes-du-moyen-orient\/#article\",\"isPartOf\":{\"@id\":\"https:\/\/kapitalis.com\/tunisie\/2020\/02\/10\/forbes-magazine-deux-tunisiennes-au-top-100-des-femmes-daffaires-les-plus-influentes-du-moyen-orient\/\"},\"author\":{\"name\":\"Amina Mkada\",\"@id\":\"https:\/\/kapitalis.com\/tunisie\/#\/schema\/person\/093913313d3017554cb3ad077fff3fbd\"},\"headline\":\"Forbes Magazine : Deux Tunisiennes au top 100 des femmes d&rsquo;affaires les plus influentes du Moyen-Orient\",\"datePublished\":\"2020-02-10T12:31:04+00:00\",\"dateModified\":\"2020-02-11T09:46:43+00:00\",\"mainEntityOfPage\":{\"@id\":\"https:\/\/kapitalis.com\/tunisie\/2020\/02\/10\/forbes-magazine-deux-tunisiennes-au-top-100-des-femmes-daffaires-les-plus-influentes-du-moyen-orient\/\"},\"wordCount\":225,\"commentCount\":4,\"publisher\":{\"@id\":\"https:\/\/kapitalis.com\/tunisie\/#organization\"},\"image\":{\"@id\":\"https:\/\/kapitalis.com\/tunisie\/2020\/02\/10\/forbes-magazine-deux-tunisiennes-au-top-100-des-femmes-daffaires-les-plus-influentes-du-moyen-orient\/#primaryimage\"},\"thumbnailUrl\":\"\",\"keywords\":[\"Jalila Mezni\",\"Moyen Orient\"],\"articleSection\":[\"ECONOMIE\",\"Tunisie\"],\"inLanguage\":\"fr-FR\",\"potentialAction\":[{\"@type\":\"CommentAction\",\"name\":\"Comment\",\"target\":[\"https:\/\/kapitalis.com\/tunisie\/2020\/02\/10\/forbes-magazine-deux-tunisiennes-au-top-100-des-femmes-daffaires-les-plus-influentes-du-moyen-orient\/#respond\"]}]},{\"@type\":\"WebPage\",\"@id\":\"https:\/\/kapitalis.com\/tunisie\/2020\/02\/10\/forbes-magazine-deux-tunisiennes-au-top-100-des-femmes-daffaires-les-plus-influentes-du-moyen-orient\/\",\"url\":\"https:\/\/kapitalis.com\/tunisie\/2020\/02\/10\/forbes-magazine-deux-tunisiennes-au-top-100-des-femmes-daffaires-les-plus-influentes-du-moyen-orient\/\",\"name\":\"Forbes Magazine : Deux Tunisiennes au top 100 des femmes d'affaires les plus influentes du Moyen-Orient - Kapitalis\",\"isPartOf\":{\"@id\":\"https:\/\/kapitalis.com\/tunisie\/#website\"},\"primaryImageOfPage\":{\"@id\":\"https:\/\/kapitalis.com\/tunisie\/2020\/02\/10\/forbes-magazine-deux-tunisiennes-au-top-100-des-femmes-daffaires-les-plus-influentes-du-moyen-orient\/#primaryimage\"},\"image\":{\"@id\":\"https:\/\/kapitalis.com\/tunisie\/2020\/02\/10\/forbes-magazine-deux-tunisiennes-au-top-100-des-femmes-daffaires-les-plus-influentes-du-moyen-orient\/#primaryimage\"},\"thumbnailUrl\":\"\",\"datePublished\":\"2020-02-10T12:31:04+00:00\",\"dateModified\":\"2020-02-11T09:46:43+00:00\",\"breadcrumb\":{\"@id\":\"https:\/\/kapitalis.com\/tunisie\/2020\/02\/10\/forbes-magazine-deux-tunisiennes-au-top-100-des-femmes-daffaires-les-plus-influentes-du-moyen-orient\/#breadcrumb\"},\"inLanguage\":\"fr-FR\",\"potentialAction\":[{\"@type\":\"ReadAction\",\"target\":[\"https:\/\/kapitalis.com\/tunisie\/2020\/02\/10\/forbes-magazine-deux-tunisiennes-au-top-100-des-femmes-daffaires-les-plus-influentes-du-moyen-orient\/\"]}]},{\"@type\":\"ImageObject\",\"inLanguage\":\"fr-FR\",\"@id\":\"https:\/\/kapitalis.com\/tunisie\/2020\/02\/10\/forbes-magazine-deux-tunisiennes-au-top-100-des-femmes-daffaires-les-plus-influentes-du-moyen-orient\/#primaryimage\",\"url\":\"\",\"contentUrl\":\"\"},{\"@type\":\"BreadcrumbList\",\"@id\":\"https:\/\/kapitalis.com\/tunisie\/2020\/02\/10\/forbes-magazine-deux-tunisiennes-au-top-100-des-femmes-daffaires-les-plus-influentes-du-moyen-orient\/#breadcrumb\",\"itemListElement\":[{\"@type\":\"ListItem\",\"position\":1,\"name\":\"Accueil\",\"item\":\"https:\/\/kapitalis.com\/tunisie\/\"},{\"@type\":\"ListItem\",\"position\":2,\"name\":\"Forbes Magazine : Deux Tunisiennes au top 100 des femmes d&rsquo;affaires les plus influentes du Moyen-Orient\"}]},{\"@type\":\"WebSite\",\"@id\":\"https:\/\/kapitalis.com\/tunisie\/#website\",\"url\":\"https:\/\/kapitalis.com\/tunisie\/\",\"name\":\"Kapitalis\",\"description\":\"L&#039;actualit\u00e9 en Tunisie et dans le monde\",\"publisher\":{\"@id\":\"https:\/\/kapitalis.com\/tunisie\/#organization\"},\"potentialAction\":[{\"@type\":\"SearchAction\",\"target\":{\"@type\":\"EntryPoint\",\"urlTemplate\":\"https:\/\/kapitalis.com\/tunisie\/?s={search_term_string}\"},\"query-input\":{\"@type\":\"PropertyValueSpecification\",\"valueRequired\":true,\"valueName\":\"search_term_string\"}}],\"inLanguage\":\"fr-FR\"},{\"@type\":\"Organization\",\"@id\":\"https:\/\/kapitalis.com\/tunisie\/#organization\",\"name\":\"Kapitalis\",\"url\":\"https:\/\/kapitalis.com\/tunisie\/\",\"logo\":{\"@type\":\"ImageObject\",\"inLanguage\":\"fr-FR\",\"@id\":\"https:\/\/kapitalis.com\/tunisie\/#\/schema\/logo\/image\/\",\"url\":\"https:\/\/kapitalis.com\/tunisie\/wp-content\/uploads\/2022\/05\/Kapitalis-big-size.png\",\"contentUrl\":\"https:\/\/kapitalis.com\/tunisie\/wp-content\/uploads\/2022\/05\/Kapitalis-big-size.png\",\"width\":5000,\"height\":1500,\"caption\":\"Kapitalis\"},\"image\":{\"@id\":\"https:\/\/kapitalis.com\/tunisie\/#\/schema\/logo\/image\/\"},\"sameAs\":[\"https:\/\/www.facebook.com\/KapitalisInfo\/\",\"https:\/\/x.com\/KapitalisInfo\",\"https:\/\/www.youtube.com\/channel\/UC-yDYrHyfFBWWZaOw3FPg9Q\"]},{\"@type\":\"Person\",\"@id\":\"https:\/\/kapitalis.com\/tunisie\/#\/schema\/person\/093913313d3017554cb3ad077fff3fbd\",\"name\":\"Amina Mkada\",\"url\":\"https:\/\/kapitalis.com\/tunisie\/author\/amina\/\"}]}<\/script>\n<!-- \/ Yoast SEO plugin. -->","yoast_head_json":{"title":"Forbes Magazine : Deux Tunisiennes au top 100 des femmes d'affaires les plus influentes du Moyen-Orient - Kapitalis","robots":{"index":"index","follow":"follow","max-snippet":"max-snippet:-1","max-image-preview":"max-image-preview:large","max-video-preview":"max-video-preview:-1"},"canonical":"https:\/\/kapitalis.com\/tunisie\/2020\/02\/10\/forbes-magazine-deux-tunisiennes-au-top-100-des-femmes-daffaires-les-plus-influentes-du-moyen-orient\/","og_locale":"fr_FR","og_type":"article","og_title":"Forbes Magazine : Deux Tunisiennes au top 100 des femmes d'affaires les plus influentes du Moyen-Orient - Kapitalis","og_description":"Dans son num\u00e9ro consacr\u00e9 aux femmes d&rsquo;affaires les plus performantes du Moyen Orient, \u00ab\u00a0Forbes Magazine a \u00e9lu 2 Tunisiennes parmi les top 100 du classement, en l&rsquo;occurrence Jalila Mezni et Selma Babbou.","og_url":"https:\/\/kapitalis.com\/tunisie\/2020\/02\/10\/forbes-magazine-deux-tunisiennes-au-top-100-des-femmes-daffaires-les-plus-influentes-du-moyen-orient\/","og_site_name":"Kapitalis","article_publisher":"https:\/\/www.facebook.com\/KapitalisInfo\/","article_published_time":"2020-02-10T12:31:04+00:00","article_modified_time":"2020-02-11T09:46:43+00:00","og_image":[{"width":1200,"height":630,"url":"https:\/\/kapitalis.com\/tunisie\/wp-content\/uploads\/2022\/05\/kapitalis-logo-fb.png","type":"image\/png"}],"author":"Amina Mkada","twitter_card":"summary_large_image","twitter_creator":"@KapitalisInfo","twitter_site":"@KapitalisInfo","twitter_misc":{"\u00c9crit par":"Amina Mkada","Dur\u00e9e de lecture estim\u00e9e":"1 minute"},"schema":{"@context":"https:\/\/schema.org","@graph":[{"@type":"Article","@id":"https:\/\/kapitalis.com\/tunisie\/2020\/02\/10\/forbes-magazine-deux-tunisiennes-au-top-100-des-femmes-daffaires-les-plus-influentes-du-moyen-orient\/#article","isPartOf":{"@id":"https:\/\/kapitalis.com\/tunisie\/2020\/02\/10\/forbes-magazine-deux-tunisiennes-au-top-100-des-femmes-daffaires-les-plus-influentes-du-moyen-orient\/"},"author":{"name":"Amina Mkada","@id":"https:\/\/kapitalis.com\/tunisie\/#\/schema\/person\/093913313d3017554cb3ad077fff3fbd"},"headline":"Forbes Magazine : Deux Tunisiennes au top 100 des femmes d&rsquo;affaires les plus influentes du Moyen-Orient","datePublished":"2020-02-10T12:31:04+00:00","dateModified":"2020-02-11T09:46:43+00:00","mainEntityOfPage":{"@id":"https:\/\/kapitalis.com\/tunisie\/2020\/02\/10\/forbes-magazine-deux-tunisiennes-au-top-100-des-femmes-daffaires-les-plus-influentes-du-moyen-orient\/"},"wordCount":225,"commentCount":4,"publisher":{"@id":"https:\/\/kapitalis.com\/tunisie\/#organization"},"image":{"@id":"https:\/\/kapitalis.com\/tunisie\/2020\/02\/10\/forbes-magazine-deux-tunisiennes-au-top-100-des-femmes-daffaires-les-plus-influentes-du-moyen-orient\/#primaryimage"},"thumbnailUrl":"","keywords":["Jalila Mezni","Moyen Orient"],"articleSection":["ECONOMIE","Tunisie"],"inLanguage":"fr-FR","potentialAction":[{"@type":"CommentAction","name":"Comment","target":["https:\/\/kapitalis.com\/tunisie\/2020\/02\/10\/forbes-magazine-deux-tunisiennes-au-top-100-des-femmes-daffaires-les-plus-influentes-du-moyen-orient\/#respond"]}]},{"@type":"WebPage","@id":"https:\/\/kapitalis.com\/tunisie\/2020\/02\/10\/forbes-magazine-deux-tunisiennes-au-top-100-des-femmes-daffaires-les-plus-influentes-du-moyen-orient\/","url":"https:\/\/kapitalis.com\/tunisie\/2020\/02\/10\/forbes-magazine-deux-tunisiennes-au-top-100-des-femmes-daffaires-les-plus-influentes-du-moyen-orient\/","name":"Forbes Magazine : Deux Tunisiennes au top 100 des femmes d'affaires les plus influentes du Moyen-Orient - Kapitalis","isPartOf":{"@id":"https:\/\/kapitalis.com\/tunisie\/#website"},"primaryImageOfPage":{"@id":"https:\/\/kapitalis.com\/tunisie\/2020\/02\/10\/forbes-magazine-deux-tunisiennes-au-top-100-des-femmes-daffaires-les-plus-influentes-du-moyen-orient\/#primaryimage"},"image":{"@id":"https:\/\/kapitalis.com\/tunisie\/2020\/02\/10\/forbes-magazine-deux-tunisiennes-au-top-100-des-femmes-daffaires-les-plus-influentes-du-moyen-orient\/#primaryimage"},"thumbnailUrl":"","datePublished":"2020-02-10T12:31:04+00:00","dateModified":"2020-02-11T09:46:43+00:00","breadcrumb":{"@id":"https:\/\/kapitalis.com\/tunisie\/2020\/02\/10\/forbes-magazine-deux-tunisiennes-au-top-100-des-femmes-daffaires-les-plus-influentes-du-moyen-orient\/#breadcrumb"},"inLanguage":"fr-FR","potentialAction":[{"@type":"ReadAction","target":["https:\/\/kapitalis.com\/tunisie\/2020\/02\/10\/forbes-magazine-deux-tunisiennes-au-top-100-des-femmes-daffaires-les-plus-influentes-du-moyen-orient\/"]}]},{"@type":"ImageObject","inLanguage":"fr-FR","@id":"https:\/\/kapitalis.com\/tunisie\/2020\/02\/10\/forbes-magazine-deux-tunisiennes-au-top-100-des-femmes-daffaires-les-plus-influentes-du-moyen-orient\/#primaryimage","url":"","contentUrl":""},{"@type":"BreadcrumbList","@id":"https:\/\/kapitalis.com\/tunisie\/2020\/02\/10\/forbes-magazine-deux-tunisiennes-au-top-100-des-femmes-daffaires-les-plus-influentes-du-moyen-orient\/#breadcrumb","itemListElement":[{"@type":"ListItem","position":1,"name":"Accueil","item":"https:\/\/kapitalis.com\/tunisie\/"},{"@type":"ListItem","position":2,"name":"Forbes Magazine : Deux Tunisiennes au top 100 des femmes d&rsquo;affaires les plus influentes du Moyen-Orient"}]},{"@type":"WebSite","@id":"https:\/\/kapitalis.com\/tunisie\/#website","url":"https:\/\/kapitalis.com\/tunisie\/","name":"Kapitalis","description":"L&#039;actualit\u00e9 en Tunisie et dans le monde","publisher":{"@id":"https:\/\/kapitalis.com\/tunisie\/#organization"},"potentialAction":[{"@type":"SearchAction","target":{"@type":"EntryPoint","urlTemplate":"https:\/\/kapitalis.com\/tunisie\/?s={search_term_string}"},"query-input":{"@type":"PropertyValueSpecification","valueRequired":true,"valueName":"search_term_string"}}],"inLanguage":"fr-FR"},{"@type":"Organization","@id":"https:\/\/kapitalis.com\/tunisie\/#organization","name":"Kapitalis","url":"https:\/\/kapitalis.com\/tunisie\/","logo":{"@type":"ImageObject","inLanguage":"fr-FR","@id":"https:\/\/kapitalis.com\/tunisie\/#\/schema\/logo\/image\/","url":"https:\/\/kapitalis.com\/tunisie\/wp-content\/uploads\/2022\/05\/Kapitalis-big-size.png","contentUrl":"https:\/\/kapitalis.com\/tunisie\/wp-content\/uploads\/2022\/05\/Kapitalis-big-size.png","width":5000,"height":1500,"caption":"Kapitalis"},"image":{"@id":"https:\/\/kapitalis.com\/tunisie\/#\/schema\/logo\/image\/"},"sameAs":["https:\/\/www.facebook.com\/KapitalisInfo\/","https:\/\/x.com\/KapitalisInfo","https:\/\/www.youtube.com\/channel\/UC-yDYrHyfFBWWZaOw3FPg9Q"]},{"@type":"Person","@id":"https:\/\/kapitalis.com\/tunisie\/#\/schema\/person\/093913313d3017554cb3ad077fff3fbd","name":"Amina Mkada","url":"https:\/\/kapitalis.com\/tunisie\/author\/amina\/"}]}},"_links":{"self":[{"href":"https:\/\/kapitalis.com\/tunisie\/wp-json\/wp\/v2\/posts\/280074","targetHints":{"allow":["GET"]}}],"collection":[{"href":"https:\/\/kapitalis.com\/tunisie\/wp-json\/wp\/v2\/posts"}],"about":[{"href":"https:\/\/kapitalis.com\/tunisie\/wp-json\/wp\/v2\/types\/post"}],"author":[{"embeddable":true,"href":"https:\/\/kapitalis.com\/tunisie\/wp-json\/wp\/v2\/users\/22"}],"replies":[{"embeddable":true,"href":"https:\/\/kapitalis.com\/tunisie\/wp-json\/wp\/v2\/comments?post=280074"}],"version-history":[{"count":0,"href":"https:\/\/kapitalis.com\/tunisie\/wp-json\/wp\/v2\/posts\/280074\/revisions"}],"wp:featuredmedia":[{"embeddable":true,"href":"https:\/\/kapitalis.com\/tunisie\/wp-json\/wp\/v2\/media\/280091"}],"wp:attachment":[{"href":"https:\/\/kapitalis.com\/tunisie\/wp-json\/wp\/v2\/media?parent=280074"}],"wp:term":[{"taxonomy":"category","embeddable":true,"href":"https:\/\/kapitalis.com\/tunisie\/wp-json\/wp\/v2\/categories?post=280074"},{"taxonomy":"post_tag","embeddable":true,"href":"https:\/\/kapitalis.com\/tunisie\/wp-json\/wp\/v2\/tags?post=280074"}],"curies":[{"name":"wp","href":"https:\/\/api.w.org\/{rel}","templated":true}]}}