{"id":28018,"date":"2015-11-30T15:30:41","date_gmt":"2015-11-30T14:30:41","guid":{"rendered":"http:\/\/kapitalis.com\/tunisie\/?p=28018"},"modified":"2015-11-30T14:41:45","modified_gmt":"2015-11-30T13:41:45","slug":"la-tunisie-de-mohamed-bouazizi-a-houssem-abdelli","status":"publish","type":"post","link":"https:\/\/kapitalis.com\/tunisie\/2015\/11\/30\/la-tunisie-de-mohamed-bouazizi-a-houssem-abdelli\/","title":{"rendered":"La Tunisie de Mohamed Bouazizi \u00e0 Houssem Abdelli"},"content":{"rendered":"<p><img loading=\"lazy\" decoding=\"async\" class=\"alignnone size-full wp-image-28019 aligncenter\" src=\"http:\/\/kapitalis.com\/tunisie\/wp-content\/uploads\/2015\/11\/Houssem-Abdelli-et-Mohamed-Bouazizi.jpg\" alt=\"Houssem-Abdelli-et-Mohamed-Bouazizi\" width=\"626\" height=\"380\" \/><\/p>\n<p><em><strong>Mohamed Bouazizi \u00e0 Houssem Abdelli \u00e9taient des marchands ambulants : l\u2019un est martyr de la nation, l\u2019autre terroriste, pourquoi?<\/strong><\/em><\/p>\n<p>Par <strong>Ezzeddine Ben Hamida<\/strong>*<\/p>\n<p><!--more--><\/p>\n<p>Mohamed Bouazizi s\u2019est immol\u00e9 par le feu le 17 d\u00e9cembre 2010; il est d\u00e9c\u00e9d\u00e9 le 4 janvier 2011 \u00e0 l\u2019\u00e2ge de 27 ans. Houssem Abdelli a p\u00e9ri apr\u00e8s avoir actionn\u00e9, le mardi 24 novembre, sa ceinture d\u2019explosive, entra\u00eenant avec lui la mort de 12 agents et officiers de la garde pr\u00e9sidentielle et la blessure de 16 autres, dont pour certains le pronostic vital est engag\u00e9. Il avait, lui aussi, 27 ans.<\/p>\n<p><strong>1\/ Deux profils proches, deux destins tragiques ! \u00a0<\/strong><\/p>\n<p>Le martyr et le terroriste \u00e9taient donc des marchands ambulants; au moment de la trag\u00e9die, ils avaient aussi, tous les deux, 27 ans.<\/p>\n<p>Le <em>\u00abh\u00e9ros\u00bb<\/em> de la r\u00e9volution est originaire de Sidi-Bouzid, une r\u00e9gion d\u00e9sh\u00e9rit\u00e9e, marqu\u00e9e par la pauvret\u00e9 et le manque de perspective pour les jeunes.<\/p>\n<p>Le kamikaze de Tunis est originaire de Douar-Hicher, une localit\u00e9 situ\u00e9e \u00e0 15 km \u00e0 l\u2019ouest de la capitale, pauvre et qui d\u00e9tient le triste record de concentration des jeunes ch\u00f4meurs. Un Douar o\u00f9 l\u2019expression <em>\u00abla loi de la d\u00e9brouille\u00bb<\/em> trouve tout son sens ! Des jeunes voisins \u00e0 Houssem Abdelli avaient d\u00e9clar\u00e9 \u00e0 la presse locale : <em>\u00abA 18 ans, nous sommes d\u00e9j\u00e0 mort !\u00bb \u00a0<\/em><\/p>\n<p>L\u2019un et l\u2019autre ont d\u00e9cid\u00e9 de mettre volontairement fin \u00e0 leur vie !<\/p>\n<p>Mohamed Bouazizi s\u2019est immol\u00e9 car sa dignit\u00e9 a \u00e9t\u00e9 brav\u00e9e, ses droits bafou\u00e9s, son \u00e2me outrag\u00e9e, sa personne bless\u00e9e. C\u2019\u00e9tait un geste de d\u00e9sespoir, d\u2019amertume et d\u2019abattement mais aussi de refus de l\u2019injustice, de la reconqu\u00eate de sa dignit\u00e9 et de l\u2019estime de soi. En fait, il s\u2019est immol\u00e9 par orgueil !<\/p>\n<p>En revanche, Houssem Abdeli s\u2019est donn\u00e9 la mort par obscurantisme, fondamentalisme, et embrigadement. Son geste est criminel, r\u00e9pugnant et l\u00e2che. Par son acte, il a endeuill\u00e9 des familles et attrist\u00e9 la patrie.<\/p>\n<p><strong>2\/ Les responsables ?<\/strong><\/p>\n<p>L\u2019autoritarisme des autorit\u00e9s publiques et l\u2019exc\u00e8s de z\u00e8le de la police municipale aggrav\u00e9es par la pauvret\u00e9, l\u2019inertie de l\u2019administration et le manque criant, r\u00e9voltant, de perspective ont pouss\u00e9 le jeune Bouazizi \u00e0 commettre l\u2019irr\u00e9parable.<\/p>\n<p>Dans le cas de Houssem Abdeli, c\u2019est l\u2019absence d\u2019Etat et le laxisme de certains responsables de l\u2019autorit\u00e9 publique qui ont ouvert une autoroute devant l\u2019embrigadement, l\u2019endoctrinement et le fondamentalisme. Ce jeune ne s\u2019est radicalis\u00e9 que depuis \u00e0 peine deux ans, c&rsquo;est-\u00e0-dire apr\u00e8s m\u00eame l\u2019attentat contre Chokri Bela\u00efd, en f\u00e9vrier 2013 et Mohamed Brahmi en juillet de la m\u00eame ann\u00e9e.<\/p>\n<p><strong>3\/ La r\u00e9volution s\u2019est-elle transform\u00e9 en butin de guerre ? <\/strong><\/p>\n<p>Cinq ans apr\u00e8s le fameux 14 janvier, la situation s\u2019est envenim\u00e9e et l\u2019ins\u00e9curit\u00e9 s\u2019est d\u00e9finitivement install\u00e9e. Nos concitoyens souffrent le martyre et le terrorisme gagne du terrain. Nous d\u00e9nombrons d\u00e9j\u00e0 plus de 160 morts dans les rangs de nos diff\u00e9rents corps d\u2019arm\u00e9e.<\/p>\n<p>La r\u00e9volution de l\u2019espoir, de la dignit\u00e9 et de la justice s\u2019est transform\u00e9e a priori en festin pour des fauves affam\u00e9s, avides et assouvis. Une guerre de clans, une bataille pour le pouvoir, un combat pour les portefeuilles. La crise au sein de Nidaa Tounes, le parti de la majorit\u00e9, n\u2019est-elle pas l\u2019illustration de la voracit\u00e9 et de l\u2019avidit\u00e9 du pouvoir de nos acteurs politiques?<\/p>\n<p>Ainsi, nous constatons, avec beaucoup d\u2019amertume et de tristesse, que les ambitions d\u00e9mesur\u00e9es de certains de nos dirigeants n\u2019ont jamais converg\u00e9 avec l\u2019int\u00e9r\u00eat collectif !\u00a0 L\u2019ardeur du pouvoir de quelques uns entrave la marche vers la d\u00e9mocratie !<\/p>\n<p>L\u2019emploi, la baisse des in\u00e9galit\u00e9s, la lutte contre la pauvret\u00e9, la d\u00e9centralisation, les r\u00e9formes n\u00e9cessaires pour une meilleure justice sociale&#8230; ont \u00e9t\u00e9 rel\u00e9gu\u00e9s en second plan.<\/p>\n<p><em>* Professeur de sciences \u00e9conomiques et sociales (Grenoble).<\/em><\/p>\n<p><em><strong><a href=\"http:\/\/ezzeddinebenhamida.jimdo.com\/\" target=\"_blank\">Blog de l&rsquo;auteur.<\/a><\/strong><\/em><\/p>\n","protected":false},"excerpt":{"rendered":"<p>Mohamed Bouazizi \u00e0 Houssem Abdelli \u00e9taient des marchands ambulants : l\u2019un est martyr de la nation, l\u2019autre terroriste, pourquoi? Par Ezzeddine Ben Hamida*<\/p>\n","protected":false},"author":8,"featured_media":28019,"comment_status":"open","ping_status":"open","sticky":false,"template":"","format":"standard","meta":{"footnotes":""},"categories":[992,1000,2433],"tags":[1868,4426,10394,10540,4771,828],"class_list":["post-28018","post","type-post","status-publish","format-standard","has-post-thumbnail","hentry","category-a-la-une","category-tribune","category-tunisie","tag-chomage","tag-douar-hicher","tag-houssem-abdelli","tag-mohamed-bouazizi","tag-pauvrete","tag-sidi-bouzid"],"yoast_head":"<!-- This site is optimized with the Yoast SEO plugin v26.6 - https:\/\/yoast.com\/wordpress\/plugins\/seo\/ -->\n<title>La Tunisie de Mohamed Bouazizi \u00e0 Houssem Abdelli - Kapitalis<\/title>\n<meta name=\"robots\" content=\"index, follow, max-snippet:-1, max-image-preview:large, max-video-preview:-1\" \/>\n<link rel=\"canonical\" href=\"https:\/\/kapitalis.com\/tunisie\/2015\/11\/30\/la-tunisie-de-mohamed-bouazizi-a-houssem-abdelli\/\" \/>\n<meta property=\"og:locale\" content=\"fr_FR\" \/>\n<meta property=\"og:type\" content=\"article\" \/>\n<meta property=\"og:title\" content=\"La Tunisie de Mohamed Bouazizi \u00e0 Houssem Abdelli - Kapitalis\" \/>\n<meta property=\"og:description\" content=\"Mohamed Bouazizi \u00e0 Houssem Abdelli \u00e9taient des marchands ambulants : l\u2019un est martyr de la nation, l\u2019autre terroriste, pourquoi? Par Ezzeddine Ben Hamida*\" \/>\n<meta property=\"og:url\" content=\"https:\/\/kapitalis.com\/tunisie\/2015\/11\/30\/la-tunisie-de-mohamed-bouazizi-a-houssem-abdelli\/\" \/>\n<meta property=\"og:site_name\" content=\"Kapitalis\" \/>\n<meta property=\"article:publisher\" content=\"https:\/\/www.facebook.com\/KapitalisInfo\/\" \/>\n<meta property=\"article:published_time\" content=\"2015-11-30T14:30:41+00:00\" \/>\n<meta property=\"og:image\" content=\"https:\/\/kapitalis.com\/tunisie\/wp-content\/uploads\/2022\/05\/kapitalis-logo-fb.png\" \/>\n\t<meta property=\"og:image:width\" content=\"1200\" \/>\n\t<meta property=\"og:image:height\" content=\"630\" \/>\n\t<meta property=\"og:image:type\" content=\"image\/png\" \/>\n<meta name=\"author\" content=\"webmaster kapitalis\" \/>\n<meta name=\"twitter:card\" content=\"summary_large_image\" \/>\n<meta name=\"twitter:creator\" content=\"@KapitalisInfo\" \/>\n<meta name=\"twitter:site\" content=\"@KapitalisInfo\" \/>\n<meta name=\"twitter:label1\" content=\"\u00c9crit par\" \/>\n\t<meta name=\"twitter:data1\" content=\"webmaster kapitalis\" \/>\n\t<meta name=\"twitter:label2\" content=\"Dur\u00e9e de lecture estim\u00e9e\" \/>\n\t<meta name=\"twitter:data2\" content=\"3 minutes\" \/>\n<script type=\"application\/ld+json\" class=\"yoast-schema-graph\">{\"@context\":\"https:\/\/schema.org\",\"@graph\":[{\"@type\":\"Article\",\"@id\":\"https:\/\/kapitalis.com\/tunisie\/2015\/11\/30\/la-tunisie-de-mohamed-bouazizi-a-houssem-abdelli\/#article\",\"isPartOf\":{\"@id\":\"https:\/\/kapitalis.com\/tunisie\/2015\/11\/30\/la-tunisie-de-mohamed-bouazizi-a-houssem-abdelli\/\"},\"author\":{\"name\":\"webmaster kapitalis\",\"@id\":\"https:\/\/kapitalis.com\/tunisie\/#\/schema\/person\/d71f33a9ca44f7bad4698210b480c8e9\"},\"headline\":\"La Tunisie de Mohamed Bouazizi \u00e0 Houssem Abdelli\",\"datePublished\":\"2015-11-30T14:30:41+00:00\",\"mainEntityOfPage\":{\"@id\":\"https:\/\/kapitalis.com\/tunisie\/2015\/11\/30\/la-tunisie-de-mohamed-bouazizi-a-houssem-abdelli\/\"},\"wordCount\":682,\"commentCount\":1,\"publisher\":{\"@id\":\"https:\/\/kapitalis.com\/tunisie\/#organization\"},\"image\":{\"@id\":\"https:\/\/kapitalis.com\/tunisie\/2015\/11\/30\/la-tunisie-de-mohamed-bouazizi-a-houssem-abdelli\/#primaryimage\"},\"thumbnailUrl\":\"\",\"keywords\":[\"ch\u00f4mage\",\"Douar Hicher\",\"Houssem Abdelli\",\"Mohamed Bouazizi\",\"pauvret\u00e9\",\"Sidi Bouzid\"],\"articleSection\":[\"A LA UNE\",\"TRIBUNE\",\"Tunisie\"],\"inLanguage\":\"fr-FR\",\"potentialAction\":[{\"@type\":\"CommentAction\",\"name\":\"Comment\",\"target\":[\"https:\/\/kapitalis.com\/tunisie\/2015\/11\/30\/la-tunisie-de-mohamed-bouazizi-a-houssem-abdelli\/#respond\"]}]},{\"@type\":\"WebPage\",\"@id\":\"https:\/\/kapitalis.com\/tunisie\/2015\/11\/30\/la-tunisie-de-mohamed-bouazizi-a-houssem-abdelli\/\",\"url\":\"https:\/\/kapitalis.com\/tunisie\/2015\/11\/30\/la-tunisie-de-mohamed-bouazizi-a-houssem-abdelli\/\",\"name\":\"La Tunisie de Mohamed Bouazizi \u00e0 Houssem Abdelli - Kapitalis\",\"isPartOf\":{\"@id\":\"https:\/\/kapitalis.com\/tunisie\/#website\"},\"primaryImageOfPage\":{\"@id\":\"https:\/\/kapitalis.com\/tunisie\/2015\/11\/30\/la-tunisie-de-mohamed-bouazizi-a-houssem-abdelli\/#primaryimage\"},\"image\":{\"@id\":\"https:\/\/kapitalis.com\/tunisie\/2015\/11\/30\/la-tunisie-de-mohamed-bouazizi-a-houssem-abdelli\/#primaryimage\"},\"thumbnailUrl\":\"\",\"datePublished\":\"2015-11-30T14:30:41+00:00\",\"breadcrumb\":{\"@id\":\"https:\/\/kapitalis.com\/tunisie\/2015\/11\/30\/la-tunisie-de-mohamed-bouazizi-a-houssem-abdelli\/#breadcrumb\"},\"inLanguage\":\"fr-FR\",\"potentialAction\":[{\"@type\":\"ReadAction\",\"target\":[\"https:\/\/kapitalis.com\/tunisie\/2015\/11\/30\/la-tunisie-de-mohamed-bouazizi-a-houssem-abdelli\/\"]}]},{\"@type\":\"ImageObject\",\"inLanguage\":\"fr-FR\",\"@id\":\"https:\/\/kapitalis.com\/tunisie\/2015\/11\/30\/la-tunisie-de-mohamed-bouazizi-a-houssem-abdelli\/#primaryimage\",\"url\":\"\",\"contentUrl\":\"\"},{\"@type\":\"BreadcrumbList\",\"@id\":\"https:\/\/kapitalis.com\/tunisie\/2015\/11\/30\/la-tunisie-de-mohamed-bouazizi-a-houssem-abdelli\/#breadcrumb\",\"itemListElement\":[{\"@type\":\"ListItem\",\"position\":1,\"name\":\"Accueil\",\"item\":\"https:\/\/kapitalis.com\/tunisie\/\"},{\"@type\":\"ListItem\",\"position\":2,\"name\":\"La Tunisie de Mohamed Bouazizi \u00e0 Houssem Abdelli\"}]},{\"@type\":\"WebSite\",\"@id\":\"https:\/\/kapitalis.com\/tunisie\/#website\",\"url\":\"https:\/\/kapitalis.com\/tunisie\/\",\"name\":\"Kapitalis\",\"description\":\"L&#039;actualit\u00e9 en Tunisie et dans le monde\",\"publisher\":{\"@id\":\"https:\/\/kapitalis.com\/tunisie\/#organization\"},\"potentialAction\":[{\"@type\":\"SearchAction\",\"target\":{\"@type\":\"EntryPoint\",\"urlTemplate\":\"https:\/\/kapitalis.com\/tunisie\/?s={search_term_string}\"},\"query-input\":{\"@type\":\"PropertyValueSpecification\",\"valueRequired\":true,\"valueName\":\"search_term_string\"}}],\"inLanguage\":\"fr-FR\"},{\"@type\":\"Organization\",\"@id\":\"https:\/\/kapitalis.com\/tunisie\/#organization\",\"name\":\"Kapitalis\",\"url\":\"https:\/\/kapitalis.com\/tunisie\/\",\"logo\":{\"@type\":\"ImageObject\",\"inLanguage\":\"fr-FR\",\"@id\":\"https:\/\/kapitalis.com\/tunisie\/#\/schema\/logo\/image\/\",\"url\":\"https:\/\/kapitalis.com\/tunisie\/wp-content\/uploads\/2022\/05\/Kapitalis-big-size.png\",\"contentUrl\":\"https:\/\/kapitalis.com\/tunisie\/wp-content\/uploads\/2022\/05\/Kapitalis-big-size.png\",\"width\":5000,\"height\":1500,\"caption\":\"Kapitalis\"},\"image\":{\"@id\":\"https:\/\/kapitalis.com\/tunisie\/#\/schema\/logo\/image\/\"},\"sameAs\":[\"https:\/\/www.facebook.com\/KapitalisInfo\/\",\"https:\/\/x.com\/KapitalisInfo\",\"https:\/\/www.youtube.com\/channel\/UC-yDYrHyfFBWWZaOw3FPg9Q\"]},{\"@type\":\"Person\",\"@id\":\"https:\/\/kapitalis.com\/tunisie\/#\/schema\/person\/d71f33a9ca44f7bad4698210b480c8e9\",\"name\":\"webmaster kapitalis\",\"url\":\"https:\/\/kapitalis.com\/tunisie\/author\/webmaster-kapitalis\/\"}]}<\/script>\n<!-- \/ Yoast SEO plugin. -->","yoast_head_json":{"title":"La Tunisie de Mohamed Bouazizi \u00e0 Houssem Abdelli - Kapitalis","robots":{"index":"index","follow":"follow","max-snippet":"max-snippet:-1","max-image-preview":"max-image-preview:large","max-video-preview":"max-video-preview:-1"},"canonical":"https:\/\/kapitalis.com\/tunisie\/2015\/11\/30\/la-tunisie-de-mohamed-bouazizi-a-houssem-abdelli\/","og_locale":"fr_FR","og_type":"article","og_title":"La Tunisie de Mohamed Bouazizi \u00e0 Houssem Abdelli - Kapitalis","og_description":"Mohamed Bouazizi \u00e0 Houssem Abdelli \u00e9taient des marchands ambulants : l\u2019un est martyr de la nation, l\u2019autre terroriste, pourquoi? Par Ezzeddine Ben Hamida*","og_url":"https:\/\/kapitalis.com\/tunisie\/2015\/11\/30\/la-tunisie-de-mohamed-bouazizi-a-houssem-abdelli\/","og_site_name":"Kapitalis","article_publisher":"https:\/\/www.facebook.com\/KapitalisInfo\/","article_published_time":"2015-11-30T14:30:41+00:00","og_image":[{"width":1200,"height":630,"url":"https:\/\/kapitalis.com\/tunisie\/wp-content\/uploads\/2022\/05\/kapitalis-logo-fb.png","type":"image\/png"}],"author":"webmaster kapitalis","twitter_card":"summary_large_image","twitter_creator":"@KapitalisInfo","twitter_site":"@KapitalisInfo","twitter_misc":{"\u00c9crit par":"webmaster kapitalis","Dur\u00e9e de lecture estim\u00e9e":"3 minutes"},"schema":{"@context":"https:\/\/schema.org","@graph":[{"@type":"Article","@id":"https:\/\/kapitalis.com\/tunisie\/2015\/11\/30\/la-tunisie-de-mohamed-bouazizi-a-houssem-abdelli\/#article","isPartOf":{"@id":"https:\/\/kapitalis.com\/tunisie\/2015\/11\/30\/la-tunisie-de-mohamed-bouazizi-a-houssem-abdelli\/"},"author":{"name":"webmaster kapitalis","@id":"https:\/\/kapitalis.com\/tunisie\/#\/schema\/person\/d71f33a9ca44f7bad4698210b480c8e9"},"headline":"La Tunisie de Mohamed Bouazizi \u00e0 Houssem Abdelli","datePublished":"2015-11-30T14:30:41+00:00","mainEntityOfPage":{"@id":"https:\/\/kapitalis.com\/tunisie\/2015\/11\/30\/la-tunisie-de-mohamed-bouazizi-a-houssem-abdelli\/"},"wordCount":682,"commentCount":1,"publisher":{"@id":"https:\/\/kapitalis.com\/tunisie\/#organization"},"image":{"@id":"https:\/\/kapitalis.com\/tunisie\/2015\/11\/30\/la-tunisie-de-mohamed-bouazizi-a-houssem-abdelli\/#primaryimage"},"thumbnailUrl":"","keywords":["ch\u00f4mage","Douar Hicher","Houssem Abdelli","Mohamed Bouazizi","pauvret\u00e9","Sidi Bouzid"],"articleSection":["A LA UNE","TRIBUNE","Tunisie"],"inLanguage":"fr-FR","potentialAction":[{"@type":"CommentAction","name":"Comment","target":["https:\/\/kapitalis.com\/tunisie\/2015\/11\/30\/la-tunisie-de-mohamed-bouazizi-a-houssem-abdelli\/#respond"]}]},{"@type":"WebPage","@id":"https:\/\/kapitalis.com\/tunisie\/2015\/11\/30\/la-tunisie-de-mohamed-bouazizi-a-houssem-abdelli\/","url":"https:\/\/kapitalis.com\/tunisie\/2015\/11\/30\/la-tunisie-de-mohamed-bouazizi-a-houssem-abdelli\/","name":"La Tunisie de Mohamed Bouazizi \u00e0 Houssem Abdelli - Kapitalis","isPartOf":{"@id":"https:\/\/kapitalis.com\/tunisie\/#website"},"primaryImageOfPage":{"@id":"https:\/\/kapitalis.com\/tunisie\/2015\/11\/30\/la-tunisie-de-mohamed-bouazizi-a-houssem-abdelli\/#primaryimage"},"image":{"@id":"https:\/\/kapitalis.com\/tunisie\/2015\/11\/30\/la-tunisie-de-mohamed-bouazizi-a-houssem-abdelli\/#primaryimage"},"thumbnailUrl":"","datePublished":"2015-11-30T14:30:41+00:00","breadcrumb":{"@id":"https:\/\/kapitalis.com\/tunisie\/2015\/11\/30\/la-tunisie-de-mohamed-bouazizi-a-houssem-abdelli\/#breadcrumb"},"inLanguage":"fr-FR","potentialAction":[{"@type":"ReadAction","target":["https:\/\/kapitalis.com\/tunisie\/2015\/11\/30\/la-tunisie-de-mohamed-bouazizi-a-houssem-abdelli\/"]}]},{"@type":"ImageObject","inLanguage":"fr-FR","@id":"https:\/\/kapitalis.com\/tunisie\/2015\/11\/30\/la-tunisie-de-mohamed-bouazizi-a-houssem-abdelli\/#primaryimage","url":"","contentUrl":""},{"@type":"BreadcrumbList","@id":"https:\/\/kapitalis.com\/tunisie\/2015\/11\/30\/la-tunisie-de-mohamed-bouazizi-a-houssem-abdelli\/#breadcrumb","itemListElement":[{"@type":"ListItem","position":1,"name":"Accueil","item":"https:\/\/kapitalis.com\/tunisie\/"},{"@type":"ListItem","position":2,"name":"La Tunisie de Mohamed Bouazizi \u00e0 Houssem Abdelli"}]},{"@type":"WebSite","@id":"https:\/\/kapitalis.com\/tunisie\/#website","url":"https:\/\/kapitalis.com\/tunisie\/","name":"Kapitalis","description":"L&#039;actualit\u00e9 en Tunisie et dans le monde","publisher":{"@id":"https:\/\/kapitalis.com\/tunisie\/#organization"},"potentialAction":[{"@type":"SearchAction","target":{"@type":"EntryPoint","urlTemplate":"https:\/\/kapitalis.com\/tunisie\/?s={search_term_string}"},"query-input":{"@type":"PropertyValueSpecification","valueRequired":true,"valueName":"search_term_string"}}],"inLanguage":"fr-FR"},{"@type":"Organization","@id":"https:\/\/kapitalis.com\/tunisie\/#organization","name":"Kapitalis","url":"https:\/\/kapitalis.com\/tunisie\/","logo":{"@type":"ImageObject","inLanguage":"fr-FR","@id":"https:\/\/kapitalis.com\/tunisie\/#\/schema\/logo\/image\/","url":"https:\/\/kapitalis.com\/tunisie\/wp-content\/uploads\/2022\/05\/Kapitalis-big-size.png","contentUrl":"https:\/\/kapitalis.com\/tunisie\/wp-content\/uploads\/2022\/05\/Kapitalis-big-size.png","width":5000,"height":1500,"caption":"Kapitalis"},"image":{"@id":"https:\/\/kapitalis.com\/tunisie\/#\/schema\/logo\/image\/"},"sameAs":["https:\/\/www.facebook.com\/KapitalisInfo\/","https:\/\/x.com\/KapitalisInfo","https:\/\/www.youtube.com\/channel\/UC-yDYrHyfFBWWZaOw3FPg9Q"]},{"@type":"Person","@id":"https:\/\/kapitalis.com\/tunisie\/#\/schema\/person\/d71f33a9ca44f7bad4698210b480c8e9","name":"webmaster kapitalis","url":"https:\/\/kapitalis.com\/tunisie\/author\/webmaster-kapitalis\/"}]}},"_links":{"self":[{"href":"https:\/\/kapitalis.com\/tunisie\/wp-json\/wp\/v2\/posts\/28018","targetHints":{"allow":["GET"]}}],"collection":[{"href":"https:\/\/kapitalis.com\/tunisie\/wp-json\/wp\/v2\/posts"}],"about":[{"href":"https:\/\/kapitalis.com\/tunisie\/wp-json\/wp\/v2\/types\/post"}],"author":[{"embeddable":true,"href":"https:\/\/kapitalis.com\/tunisie\/wp-json\/wp\/v2\/users\/8"}],"replies":[{"embeddable":true,"href":"https:\/\/kapitalis.com\/tunisie\/wp-json\/wp\/v2\/comments?post=28018"}],"version-history":[{"count":0,"href":"https:\/\/kapitalis.com\/tunisie\/wp-json\/wp\/v2\/posts\/28018\/revisions"}],"wp:featuredmedia":[{"embeddable":true,"href":"https:\/\/kapitalis.com\/tunisie\/wp-json\/wp\/v2\/media\/28019"}],"wp:attachment":[{"href":"https:\/\/kapitalis.com\/tunisie\/wp-json\/wp\/v2\/media?parent=28018"}],"wp:term":[{"taxonomy":"category","embeddable":true,"href":"https:\/\/kapitalis.com\/tunisie\/wp-json\/wp\/v2\/categories?post=28018"},{"taxonomy":"post_tag","embeddable":true,"href":"https:\/\/kapitalis.com\/tunisie\/wp-json\/wp\/v2\/tags?post=28018"}],"curies":[{"name":"wp","href":"https:\/\/api.w.org\/{rel}","templated":true}]}}