{"id":280254,"date":"2020-02-11T10:06:56","date_gmt":"2020-02-11T09:06:56","guid":{"rendered":"http:\/\/kapitalis.com\/tunisie\/?p=280254"},"modified":"2020-02-11T10:34:44","modified_gmt":"2020-02-11T09:34:44","slug":"dalenda-carthago-est-restera-impossible","status":"publish","type":"post","link":"https:\/\/kapitalis.com\/tunisie\/2020\/02\/11\/dalenda-carthago-est-restera-impossible\/","title":{"rendered":"\u00abDelenda Carthago est\u00bb restera impossible"},"content":{"rendered":"\n<figure class=\"wp-block-image size-large\"><img decoding=\"async\" src=\"http:\/\/kapitalis.com\/tunisie\/wp-content\/uploads\/2020\/02\/Ren\u00e9-trabelsi-Habib-Meyer.jpg\" alt=\"\" class=\"wp-image-280033\"\/><figcaption><em>Ren\u00e9 Trabelsi et Habib Meyer : deux positions aux antipodes l&rsquo;une de l&rsquo;autre vis-\u00e0-vis de leur pays d&rsquo;origine.  <\/em><\/figcaption><\/figure>\n\n\n\n<p><strong><em> L\u2019appel du d\u00e9put\u00e9 franco-isra\u00e9lien Habib Meyer pour \u00abboycotter touristiquement\u00bb la Tunisie, dans un post Facebook, mercredi dernier, 5 f\u00e9vrier 2020, continue de susciter l\u2019indignation, et pas seulement parmi les Tunisiens. La Tunisie survivra a tous ses d\u00e9tracteurs, lui r\u00e9pond l\u2019auteure de ce billet.  <\/em><\/strong><\/p>\n\n\n\n<p> Par <strong>Lilia Bouguira  <\/strong>*<\/p>\n\n\n\n<!--more-->\n\n\n\n<div class=\"wp-block-image\"><figure class=\"alignleft size-large is-resized\"><img decoding=\"async\" src=\"http:\/\/kapitalis.com\/tunisie\/wp-content\/uploads\/2020\/01\/Lilia-Bouguira.jpg\" alt=\"\" class=\"wp-image-270458\" width=\"200\"\/><\/figure><\/div>\n\n\n\n<p> Dites \u00e0 ce d\u00e9put\u00e9 nomm\u00e9 Habib Meyer qui a appel\u00e9 au boycott de mon pays: comme tout tunisien et tunisienne, les propos de ce d\u00e9put\u00e9 fran\u00e7ais m\u2019indignent et font tourner mon sang. Ma tunisianit\u00e9 en prend un coup.<\/p>\n\n\n\n<p> Une seule question me taraude et grogne en moi. Pourquoi cette m\u00e9chancet\u00e9 faite \u00e0 mon pays? Pourquoi ce d\u00e9put\u00e9 en ce timing s\u2019insurge-t-il contre mon pays? De quel droit invite-t-il ses semblables \u00e0 se d\u00e9tourner de mon pays auquel la France est li\u00e9e depuis toujours par d\u2019\u00e9troites relations? Pourquoi appelle-t-il les fran\u00e7ais \u00e0 bouder la Tunisie? Comment se permet-il de tracer un tableau noir de notre pays sur les pas de l\u2019Iran dit-il et o\u00f9 la haine est le ma\u00eetre mot? De quel droit se munit-il pour inviter \u00e0 boycotter les boycotteurs?<\/p>\n\n\n\n<p> Certes, depuis neuf ann\u00e9es bien houleuses mon pays est secou\u00e9 par de tristes \u00e9v\u00e9nements. Il est malheureusement desservi par ses politiciens peu diplomates ou carr\u00e9ment v\u00e9reux qui tentent de le ruiner et d\u2019y porter de graves pr\u00e9judices.<\/p>\n\n\n\n<p> Mon pays tangue dangereusement. Mille d\u00e9mons le guettent. Les terroristes tentent d\u2019y faire leur nid. Le chaos et la gabegie\u2026<\/p>\n\n\n\n<p> Seulement, mon pays se dresse en permanence en insoumis. Des hommes et des femmes sont garants de sa transition vers la d\u00e9mocratie. Des femmes et encore des femmes vaillantes et puissantes bravent leurs d\u00e9tracteurs et se refusent avec virulence \u00e0 la captivit\u00e9.<\/p>\n\n\n\n<p> Non monsieur Meyer, vous faites tout faux. Vous avez laiss\u00e9 la haine vous pi\u00e9ger et vous faites preuve de plus de discriminations que tous les terroristes r\u00e9unis en appelant au boycott d\u2019un pays qui se bat courageusement pour sa libert\u00e9.<\/p>\n\n\n\n<p> Dans votre appel peu innocent, vous aspirez comme ses d\u00e9tracteurs \u00e0 l\u2019enfoncer encore plus mais d\u00e9trompez-vous, monsieur le d\u00e9put\u00e9, il survivra \u00e0 vos folies et \u00e0 vos fourberies pour l\u2019emporter sur vous tous.<\/p>\n\n\n\n<p><em> \u00abDalenda Carthago est\u00bb<\/em>, le fameux appel \u00e0 d\u00e9truire Carthage, est toujours de mise. La Tunisie a toujours \u00e9t\u00e9 convoit\u00e9e voire jalous\u00e9e.<\/p>\n\n\n\n<p><em> \u00abDalenda Carthago est\u00bb<\/em> restera impossible gr\u00e2ce \u00e0 ses femmes et toujours ses femmes.<\/p>\n\n\n\n<p><em> \u00abDalenda Carthago est\u00bb <\/em>restera impossible gr\u00e2ce \u00e0 ses saints mill\u00e9naires dont Sidi Mehrez que nos juifs tunisiens v\u00e9n\u00e8rent parce qu\u2019il n\u2019a jamais de son temps appel\u00e9 au boycott du juif. Il les a bien au contraire prot\u00e9g\u00e9s sous son \u00e9gide sans faire de discrimination.<\/p>\n\n\n\n<p><em> \u00abDalenda Carthago est\u00bb<\/em> restera impossible gr\u00e2ce \u00e0 sa Djerba la douce avec sa Ghriba que visitent chaque ann\u00e9e depuis la nuit des temps des milliers de juifs de tous les coins du monde. Des p\u00e8lerins que seul ram\u00e8ne l\u2019amour de ce lieu sacr\u00e9 sans r\u00e9serve aucune ni haine.<\/p>\n\n\n\n<p><em> \u00abDalenda Carthago est\u00bb<\/em> restera impossible gr\u00e2ce aux souvenirs d\u2019autrefois o\u00f9 la cohabitation entre juifs et musulmans se tenaient d\u00e9licieuse dans un va-et-vient tol\u00e9rant et o\u00f9 les diff\u00e9rences se dissolvaient autour d\u2019un met concoct\u00e9 tant\u00f4t chez l\u2019un tant\u00f4t chez l\u2019autre. Mieux encore o\u00f9 le musulman venait allumer le feu ou la lumi\u00e8re pour son voisin de palier pendant le Shabbat dans un respect total des religions et du sacr\u00e9.<\/p>\n\n\n\n<p><em> \u00abDalenda Carthago est\u00bb<\/em> restera impossible pour un million de petites choses que vous, monsieur le d\u00e9put\u00e9, n\u2019arriverez jamais \u00e0 comprendre parce que votre c\u0153ur et votre regard sont plomb\u00e9s de mauvais sentiments.<\/p>\n\n\n\n<p> Certes, le comportement, l\u2019amateurisme et le manque de tact de certains de nos dirigeants peuvent d\u00e9sorienter mais jamais aucun autre que vous premier n\u2019a jamais port\u00e9 autant de rancune \u00e0 ce petit pays dont vous et une grappe de vos semblables veulent perdre pour nous en rendre orphelins.<\/p>\n\n\n\n<p> Non, monsieur le d\u00e9put\u00e9, <em>\u00abDalenda Carthago est\u00bb<\/em> restera toujours impossible malgr\u00e9 vous et vos semblables jusqu\u2019\u00e0 la fin des temps. Votre politique ne pourra jamais d\u00e9truire ce qu\u2019il y a de profonds entre nous. Prenez exemple sur <a href=\"http:\/\/kapitalis.com\/tunisie\/2020\/02\/10\/rene-trabelsi-repond-a-meyer-habib-qui-a-appele-au-boycott-touristique-de-la-tunisie\/\" target=\"_blank\" rel=\"noreferrer noopener\" aria-label=\"Ren\u00e9 Trabelsi (s\u2019ouvre dans un nouvel onglet)\">Ren\u00e9 Trabelsi<\/a> qui a su mettre tout amalgame de c\u00f4t\u00e9 pour faire reluire son pays et rien que son pays.<\/p>\n\n\n\n<p> Les politiques disparaissent. Les hommes partent. Et seul reste le pays.<\/p>\n\n\n\n<p><em>* M\u00e9decin et activiste de la soci\u00e9t\u00e9 civile. <\/em><\/p>\n\n\n\n<figure class=\"wp-block-embed-wordpress wp-block-embed is-type-wp-embed is-provider-kapitalis\"><div class=\"wp-block-embed__wrapper\">\n<blockquote class=\"wp-embedded-content\" data-secret=\"hEv08spkuV\"><a href=\"https:\/\/kapitalis.com\/tunisie\/2020\/02\/10\/rene-trabelsi-repond-a-meyer-habib-qui-a-appele-au-boycott-touristique-de-la-tunisie\/\">Ren\u00e9 Trabelsi r\u00e9pond \u00e0 Meyer Habib, qui a appel\u00e9 au boycott touristique de la Tunisie<\/a><\/blockquote><iframe loading=\"lazy\" class=\"wp-embedded-content\" sandbox=\"allow-scripts\" security=\"restricted\" style=\"position: absolute; clip: rect(1px, 1px, 1px, 1px);\" title=\"\u00ab\u00a0Ren\u00e9 Trabelsi r\u00e9pond \u00e0 Meyer Habib, qui a appel\u00e9 au boycott touristique de la Tunisie\u00a0\u00bb &#8212; Kapitalis\" src=\"https:\/\/kapitalis.com\/tunisie\/2020\/02\/10\/rene-trabelsi-repond-a-meyer-habib-qui-a-appele-au-boycott-touristique-de-la-tunisie\/embed\/#?secret=RDvxGDApDg#?secret=hEv08spkuV\" data-secret=\"hEv08spkuV\" width=\"600\" height=\"338\" frameborder=\"0\" marginwidth=\"0\" marginheight=\"0\" scrolling=\"no\"><\/iframe>\n<\/div><\/figure>\n\n\n\n<h3 class=\"wp-block-heading\">Articles de la m\u00eame auteure dans Kapitalis : <\/h3>\n\n\n\n<figure class=\"wp-block-embed-wordpress wp-block-embed is-type-wp-embed is-provider-kapitalis\"><div class=\"wp-block-embed__wrapper\">\n<blockquote class=\"wp-embedded-content\" data-secret=\"2cGKc1x2JC\"><a href=\"https:\/\/kapitalis.com\/tunisie\/2020\/01\/06\/la-tunisie-manque-de-competences-feminines-dit-m-jemli\/\">La Tunisie manque de comp\u00e9tences f\u00e9minines, dit M. Jemli\u2026<\/a><\/blockquote><iframe loading=\"lazy\" class=\"wp-embedded-content\" sandbox=\"allow-scripts\" security=\"restricted\" style=\"position: absolute; clip: rect(1px, 1px, 1px, 1px);\" title=\"\u00ab\u00a0La Tunisie manque de comp\u00e9tences f\u00e9minines, dit M. Jemli\u2026\u00a0\u00bb &#8212; Kapitalis\" src=\"https:\/\/kapitalis.com\/tunisie\/2020\/01\/06\/la-tunisie-manque-de-competences-feminines-dit-m-jemli\/embed\/#?secret=bfWFtEVL3i#?secret=2cGKc1x2JC\" data-secret=\"2cGKc1x2JC\" width=\"600\" height=\"338\" frameborder=\"0\" marginwidth=\"0\" marginheight=\"0\" scrolling=\"no\"><\/iframe>\n<\/div><\/figure>\n\n\n\n<figure class=\"wp-block-embed-wordpress wp-block-embed is-type-wp-embed is-provider-kapitalis\"><div class=\"wp-block-embed__wrapper\">\n<blockquote class=\"wp-embedded-content\" data-secret=\"LtJTP0Hptz\"><a href=\"https:\/\/kapitalis.com\/tunisie\/2019\/02\/07\/temoignage-a-la-rencontre-des-enfants-du-camp-de-regueb\/\">T\u00e9moignage : \u00c0 la rencontre des enfants du camp de Regueb<\/a><\/blockquote><iframe loading=\"lazy\" class=\"wp-embedded-content\" sandbox=\"allow-scripts\" security=\"restricted\" style=\"position: absolute; clip: rect(1px, 1px, 1px, 1px);\" title=\"\u00ab\u00a0T\u00e9moignage : \u00c0 la rencontre des enfants du camp de Regueb\u00a0\u00bb &#8212; Kapitalis\" src=\"https:\/\/kapitalis.com\/tunisie\/2019\/02\/07\/temoignage-a-la-rencontre-des-enfants-du-camp-de-regueb\/embed\/#?secret=0jWBoDMCOJ#?secret=LtJTP0Hptz\" data-secret=\"LtJTP0Hptz\" width=\"600\" height=\"338\" frameborder=\"0\" marginwidth=\"0\" marginheight=\"0\" scrolling=\"no\"><\/iframe>\n<\/div><\/figure>\n\n\n\n<figure class=\"wp-block-embed-wordpress wp-block-embed is-type-wp-embed is-provider-kapitalis\"><div class=\"wp-block-embed__wrapper\">\n<blockquote class=\"wp-embedded-content\" data-secret=\"ATqnocvEQT\"><a href=\"https:\/\/kapitalis.com\/tunisie\/2018\/07\/29\/coup-de-gueule-imed-hammami-ministre-de-la-mauvaise-sante\/\">Coup de gueule : Imed Hammami, ministre de la (mauvaise) sant\u00e9<\/a><\/blockquote><iframe loading=\"lazy\" class=\"wp-embedded-content\" sandbox=\"allow-scripts\" security=\"restricted\" style=\"position: absolute; clip: rect(1px, 1px, 1px, 1px);\" title=\"\u00ab\u00a0Coup de gueule : Imed Hammami, ministre de la (mauvaise) sant\u00e9\u00a0\u00bb &#8212; Kapitalis\" src=\"https:\/\/kapitalis.com\/tunisie\/2018\/07\/29\/coup-de-gueule-imed-hammami-ministre-de-la-mauvaise-sante\/embed\/#?secret=H9WC8yuwar#?secret=ATqnocvEQT\" data-secret=\"ATqnocvEQT\" width=\"600\" height=\"338\" frameborder=\"0\" marginwidth=\"0\" marginheight=\"0\" scrolling=\"no\"><\/iframe>\n<\/div><\/figure>\n","protected":false},"excerpt":{"rendered":"<p>L\u2019appel du d\u00e9put\u00e9 franco-isra\u00e9lien Habib Meyer pour \u00abboycotter touristiquement\u00bb la Tunisie, dans un post Facebook, mercredi dernier, 5 f\u00e9vrier 2020, continue de susciter l\u2019indignation, et pas seulement parmi les Tunisiens. La Tunisie survivra a tous ses d\u00e9tracteurs, lui r\u00e9pond l\u2019auteure de ce billet. Par Lilia Bouguira *<\/p>\n","protected":false},"author":8,"featured_media":0,"comment_status":"open","ping_status":"open","sticky":false,"template":"","format":"standard","meta":{"footnotes":""},"categories":[992,997,1000,2433],"tags":[74448,74455,284,10730,74447,1971,74449],"class_list":["post-280254","post","type-post","status-publish","format-standard","hentry","category-a-la-une","category-politique","category-tribune","category-tunisie","tag-boycotter-touristiquement-la-tunisie","tag-delenda-carthago-est","tag-djerba","tag-ghriba","tag-habib-meyer","tag-juifs","tag-sidi-mahrez"],"yoast_head":"<!-- This site is optimized with the Yoast SEO plugin v26.6 - https:\/\/yoast.com\/wordpress\/plugins\/seo\/ -->\n<title>\u00abDelenda Carthago est\u00bb restera impossible - Kapitalis<\/title>\n<meta name=\"robots\" content=\"index, follow, max-snippet:-1, max-image-preview:large, max-video-preview:-1\" \/>\n<link rel=\"canonical\" href=\"https:\/\/kapitalis.com\/tunisie\/2020\/02\/11\/dalenda-carthago-est-restera-impossible\/\" \/>\n<meta property=\"og:locale\" content=\"fr_FR\" \/>\n<meta property=\"og:type\" content=\"article\" \/>\n<meta property=\"og:title\" content=\"\u00abDelenda Carthago est\u00bb restera impossible - Kapitalis\" \/>\n<meta property=\"og:description\" content=\"L\u2019appel du d\u00e9put\u00e9 franco-isra\u00e9lien Habib Meyer pour \u00abboycotter touristiquement\u00bb la Tunisie, dans un post Facebook, mercredi dernier, 5 f\u00e9vrier 2020, continue de susciter l\u2019indignation, et pas seulement parmi les Tunisiens. La Tunisie survivra a tous ses d\u00e9tracteurs, lui r\u00e9pond l\u2019auteure de ce billet. Par Lilia Bouguira *\" \/>\n<meta property=\"og:url\" content=\"https:\/\/kapitalis.com\/tunisie\/2020\/02\/11\/dalenda-carthago-est-restera-impossible\/\" \/>\n<meta property=\"og:site_name\" content=\"Kapitalis\" \/>\n<meta property=\"article:publisher\" content=\"https:\/\/www.facebook.com\/KapitalisInfo\/\" \/>\n<meta property=\"article:published_time\" content=\"2020-02-11T09:06:56+00:00\" \/>\n<meta property=\"article:modified_time\" content=\"2020-02-11T09:34:44+00:00\" \/>\n<meta property=\"og:image\" content=\"http:\/\/kapitalis.com\/tunisie\/wp-content\/uploads\/2020\/01\/Lilia-Bouguira.jpg\" \/>\n<meta name=\"author\" content=\"webmaster kapitalis\" \/>\n<meta name=\"twitter:card\" content=\"summary_large_image\" \/>\n<meta name=\"twitter:creator\" content=\"@KapitalisInfo\" \/>\n<meta name=\"twitter:site\" content=\"@KapitalisInfo\" \/>\n<meta name=\"twitter:label1\" content=\"\u00c9crit par\" \/>\n\t<meta name=\"twitter:data1\" content=\"webmaster kapitalis\" \/>\n\t<meta name=\"twitter:label2\" content=\"Dur\u00e9e de lecture estim\u00e9e\" \/>\n\t<meta name=\"twitter:data2\" content=\"4 minutes\" \/>\n<script type=\"application\/ld+json\" class=\"yoast-schema-graph\">{\"@context\":\"https:\/\/schema.org\",\"@graph\":[{\"@type\":\"Article\",\"@id\":\"https:\/\/kapitalis.com\/tunisie\/2020\/02\/11\/dalenda-carthago-est-restera-impossible\/#article\",\"isPartOf\":{\"@id\":\"https:\/\/kapitalis.com\/tunisie\/2020\/02\/11\/dalenda-carthago-est-restera-impossible\/\"},\"author\":{\"name\":\"webmaster kapitalis\",\"@id\":\"https:\/\/kapitalis.com\/tunisie\/#\/schema\/person\/d71f33a9ca44f7bad4698210b480c8e9\"},\"headline\":\"\u00abDelenda Carthago est\u00bb restera impossible\",\"datePublished\":\"2020-02-11T09:06:56+00:00\",\"dateModified\":\"2020-02-11T09:34:44+00:00\",\"mainEntityOfPage\":{\"@id\":\"https:\/\/kapitalis.com\/tunisie\/2020\/02\/11\/dalenda-carthago-est-restera-impossible\/\"},\"wordCount\":812,\"commentCount\":20,\"publisher\":{\"@id\":\"https:\/\/kapitalis.com\/tunisie\/#organization\"},\"image\":{\"@id\":\"https:\/\/kapitalis.com\/tunisie\/2020\/02\/11\/dalenda-carthago-est-restera-impossible\/#primaryimage\"},\"thumbnailUrl\":\"http:\/\/kapitalis.com\/tunisie\/wp-content\/uploads\/2020\/01\/Lilia-Bouguira.jpg\",\"keywords\":[\"boycotter touristiquement la Tunisie\",\"Delenda Carthago est\",\"Djerba\",\"Ghriba\",\"Habib Meyer\",\"juifs\",\"Sidi Mahrez\"],\"articleSection\":[\"A LA UNE\",\"POLITIQUE\",\"TRIBUNE\",\"Tunisie\"],\"inLanguage\":\"fr-FR\",\"potentialAction\":[{\"@type\":\"CommentAction\",\"name\":\"Comment\",\"target\":[\"https:\/\/kapitalis.com\/tunisie\/2020\/02\/11\/dalenda-carthago-est-restera-impossible\/#respond\"]}]},{\"@type\":\"WebPage\",\"@id\":\"https:\/\/kapitalis.com\/tunisie\/2020\/02\/11\/dalenda-carthago-est-restera-impossible\/\",\"url\":\"https:\/\/kapitalis.com\/tunisie\/2020\/02\/11\/dalenda-carthago-est-restera-impossible\/\",\"name\":\"\u00abDelenda Carthago est\u00bb restera impossible - Kapitalis\",\"isPartOf\":{\"@id\":\"https:\/\/kapitalis.com\/tunisie\/#website\"},\"primaryImageOfPage\":{\"@id\":\"https:\/\/kapitalis.com\/tunisie\/2020\/02\/11\/dalenda-carthago-est-restera-impossible\/#primaryimage\"},\"image\":{\"@id\":\"https:\/\/kapitalis.com\/tunisie\/2020\/02\/11\/dalenda-carthago-est-restera-impossible\/#primaryimage\"},\"thumbnailUrl\":\"http:\/\/kapitalis.com\/tunisie\/wp-content\/uploads\/2020\/01\/Lilia-Bouguira.jpg\",\"datePublished\":\"2020-02-11T09:06:56+00:00\",\"dateModified\":\"2020-02-11T09:34:44+00:00\",\"breadcrumb\":{\"@id\":\"https:\/\/kapitalis.com\/tunisie\/2020\/02\/11\/dalenda-carthago-est-restera-impossible\/#breadcrumb\"},\"inLanguage\":\"fr-FR\",\"potentialAction\":[{\"@type\":\"ReadAction\",\"target\":[\"https:\/\/kapitalis.com\/tunisie\/2020\/02\/11\/dalenda-carthago-est-restera-impossible\/\"]}]},{\"@type\":\"ImageObject\",\"inLanguage\":\"fr-FR\",\"@id\":\"https:\/\/kapitalis.com\/tunisie\/2020\/02\/11\/dalenda-carthago-est-restera-impossible\/#primaryimage\",\"url\":\"\",\"contentUrl\":\"\"},{\"@type\":\"BreadcrumbList\",\"@id\":\"https:\/\/kapitalis.com\/tunisie\/2020\/02\/11\/dalenda-carthago-est-restera-impossible\/#breadcrumb\",\"itemListElement\":[{\"@type\":\"ListItem\",\"position\":1,\"name\":\"Accueil\",\"item\":\"https:\/\/kapitalis.com\/tunisie\/\"},{\"@type\":\"ListItem\",\"position\":2,\"name\":\"\u00abDelenda Carthago est\u00bb restera impossible\"}]},{\"@type\":\"WebSite\",\"@id\":\"https:\/\/kapitalis.com\/tunisie\/#website\",\"url\":\"https:\/\/kapitalis.com\/tunisie\/\",\"name\":\"Kapitalis\",\"description\":\"L&#039;actualit\u00e9 en Tunisie et dans le monde\",\"publisher\":{\"@id\":\"https:\/\/kapitalis.com\/tunisie\/#organization\"},\"potentialAction\":[{\"@type\":\"SearchAction\",\"target\":{\"@type\":\"EntryPoint\",\"urlTemplate\":\"https:\/\/kapitalis.com\/tunisie\/?s={search_term_string}\"},\"query-input\":{\"@type\":\"PropertyValueSpecification\",\"valueRequired\":true,\"valueName\":\"search_term_string\"}}],\"inLanguage\":\"fr-FR\"},{\"@type\":\"Organization\",\"@id\":\"https:\/\/kapitalis.com\/tunisie\/#organization\",\"name\":\"Kapitalis\",\"url\":\"https:\/\/kapitalis.com\/tunisie\/\",\"logo\":{\"@type\":\"ImageObject\",\"inLanguage\":\"fr-FR\",\"@id\":\"https:\/\/kapitalis.com\/tunisie\/#\/schema\/logo\/image\/\",\"url\":\"https:\/\/kapitalis.com\/tunisie\/wp-content\/uploads\/2022\/05\/Kapitalis-big-size.png\",\"contentUrl\":\"https:\/\/kapitalis.com\/tunisie\/wp-content\/uploads\/2022\/05\/Kapitalis-big-size.png\",\"width\":5000,\"height\":1500,\"caption\":\"Kapitalis\"},\"image\":{\"@id\":\"https:\/\/kapitalis.com\/tunisie\/#\/schema\/logo\/image\/\"},\"sameAs\":[\"https:\/\/www.facebook.com\/KapitalisInfo\/\",\"https:\/\/x.com\/KapitalisInfo\",\"https:\/\/www.youtube.com\/channel\/UC-yDYrHyfFBWWZaOw3FPg9Q\"]},{\"@type\":\"Person\",\"@id\":\"https:\/\/kapitalis.com\/tunisie\/#\/schema\/person\/d71f33a9ca44f7bad4698210b480c8e9\",\"name\":\"webmaster kapitalis\",\"url\":\"https:\/\/kapitalis.com\/tunisie\/author\/webmaster-kapitalis\/\"}]}<\/script>\n<!-- \/ Yoast SEO plugin. -->","yoast_head_json":{"title":"\u00abDelenda Carthago est\u00bb restera impossible - Kapitalis","robots":{"index":"index","follow":"follow","max-snippet":"max-snippet:-1","max-image-preview":"max-image-preview:large","max-video-preview":"max-video-preview:-1"},"canonical":"https:\/\/kapitalis.com\/tunisie\/2020\/02\/11\/dalenda-carthago-est-restera-impossible\/","og_locale":"fr_FR","og_type":"article","og_title":"\u00abDelenda Carthago est\u00bb restera impossible - Kapitalis","og_description":"L\u2019appel du d\u00e9put\u00e9 franco-isra\u00e9lien Habib Meyer pour \u00abboycotter touristiquement\u00bb la Tunisie, dans un post Facebook, mercredi dernier, 5 f\u00e9vrier 2020, continue de susciter l\u2019indignation, et pas seulement parmi les Tunisiens. La Tunisie survivra a tous ses d\u00e9tracteurs, lui r\u00e9pond l\u2019auteure de ce billet. Par Lilia Bouguira *","og_url":"https:\/\/kapitalis.com\/tunisie\/2020\/02\/11\/dalenda-carthago-est-restera-impossible\/","og_site_name":"Kapitalis","article_publisher":"https:\/\/www.facebook.com\/KapitalisInfo\/","article_published_time":"2020-02-11T09:06:56+00:00","article_modified_time":"2020-02-11T09:34:44+00:00","og_image":[{"url":"http:\/\/kapitalis.com\/tunisie\/wp-content\/uploads\/2020\/01\/Lilia-Bouguira.jpg","type":"","width":"","height":""}],"author":"webmaster kapitalis","twitter_card":"summary_large_image","twitter_creator":"@KapitalisInfo","twitter_site":"@KapitalisInfo","twitter_misc":{"\u00c9crit par":"webmaster kapitalis","Dur\u00e9e de lecture estim\u00e9e":"4 minutes"},"schema":{"@context":"https:\/\/schema.org","@graph":[{"@type":"Article","@id":"https:\/\/kapitalis.com\/tunisie\/2020\/02\/11\/dalenda-carthago-est-restera-impossible\/#article","isPartOf":{"@id":"https:\/\/kapitalis.com\/tunisie\/2020\/02\/11\/dalenda-carthago-est-restera-impossible\/"},"author":{"name":"webmaster kapitalis","@id":"https:\/\/kapitalis.com\/tunisie\/#\/schema\/person\/d71f33a9ca44f7bad4698210b480c8e9"},"headline":"\u00abDelenda Carthago est\u00bb restera impossible","datePublished":"2020-02-11T09:06:56+00:00","dateModified":"2020-02-11T09:34:44+00:00","mainEntityOfPage":{"@id":"https:\/\/kapitalis.com\/tunisie\/2020\/02\/11\/dalenda-carthago-est-restera-impossible\/"},"wordCount":812,"commentCount":20,"publisher":{"@id":"https:\/\/kapitalis.com\/tunisie\/#organization"},"image":{"@id":"https:\/\/kapitalis.com\/tunisie\/2020\/02\/11\/dalenda-carthago-est-restera-impossible\/#primaryimage"},"thumbnailUrl":"http:\/\/kapitalis.com\/tunisie\/wp-content\/uploads\/2020\/01\/Lilia-Bouguira.jpg","keywords":["boycotter touristiquement la Tunisie","Delenda Carthago est","Djerba","Ghriba","Habib Meyer","juifs","Sidi Mahrez"],"articleSection":["A LA UNE","POLITIQUE","TRIBUNE","Tunisie"],"inLanguage":"fr-FR","potentialAction":[{"@type":"CommentAction","name":"Comment","target":["https:\/\/kapitalis.com\/tunisie\/2020\/02\/11\/dalenda-carthago-est-restera-impossible\/#respond"]}]},{"@type":"WebPage","@id":"https:\/\/kapitalis.com\/tunisie\/2020\/02\/11\/dalenda-carthago-est-restera-impossible\/","url":"https:\/\/kapitalis.com\/tunisie\/2020\/02\/11\/dalenda-carthago-est-restera-impossible\/","name":"\u00abDelenda Carthago est\u00bb restera impossible - Kapitalis","isPartOf":{"@id":"https:\/\/kapitalis.com\/tunisie\/#website"},"primaryImageOfPage":{"@id":"https:\/\/kapitalis.com\/tunisie\/2020\/02\/11\/dalenda-carthago-est-restera-impossible\/#primaryimage"},"image":{"@id":"https:\/\/kapitalis.com\/tunisie\/2020\/02\/11\/dalenda-carthago-est-restera-impossible\/#primaryimage"},"thumbnailUrl":"http:\/\/kapitalis.com\/tunisie\/wp-content\/uploads\/2020\/01\/Lilia-Bouguira.jpg","datePublished":"2020-02-11T09:06:56+00:00","dateModified":"2020-02-11T09:34:44+00:00","breadcrumb":{"@id":"https:\/\/kapitalis.com\/tunisie\/2020\/02\/11\/dalenda-carthago-est-restera-impossible\/#breadcrumb"},"inLanguage":"fr-FR","potentialAction":[{"@type":"ReadAction","target":["https:\/\/kapitalis.com\/tunisie\/2020\/02\/11\/dalenda-carthago-est-restera-impossible\/"]}]},{"@type":"ImageObject","inLanguage":"fr-FR","@id":"https:\/\/kapitalis.com\/tunisie\/2020\/02\/11\/dalenda-carthago-est-restera-impossible\/#primaryimage","url":"","contentUrl":""},{"@type":"BreadcrumbList","@id":"https:\/\/kapitalis.com\/tunisie\/2020\/02\/11\/dalenda-carthago-est-restera-impossible\/#breadcrumb","itemListElement":[{"@type":"ListItem","position":1,"name":"Accueil","item":"https:\/\/kapitalis.com\/tunisie\/"},{"@type":"ListItem","position":2,"name":"\u00abDelenda Carthago est\u00bb restera impossible"}]},{"@type":"WebSite","@id":"https:\/\/kapitalis.com\/tunisie\/#website","url":"https:\/\/kapitalis.com\/tunisie\/","name":"Kapitalis","description":"L&#039;actualit\u00e9 en Tunisie et dans le monde","publisher":{"@id":"https:\/\/kapitalis.com\/tunisie\/#organization"},"potentialAction":[{"@type":"SearchAction","target":{"@type":"EntryPoint","urlTemplate":"https:\/\/kapitalis.com\/tunisie\/?s={search_term_string}"},"query-input":{"@type":"PropertyValueSpecification","valueRequired":true,"valueName":"search_term_string"}}],"inLanguage":"fr-FR"},{"@type":"Organization","@id":"https:\/\/kapitalis.com\/tunisie\/#organization","name":"Kapitalis","url":"https:\/\/kapitalis.com\/tunisie\/","logo":{"@type":"ImageObject","inLanguage":"fr-FR","@id":"https:\/\/kapitalis.com\/tunisie\/#\/schema\/logo\/image\/","url":"https:\/\/kapitalis.com\/tunisie\/wp-content\/uploads\/2022\/05\/Kapitalis-big-size.png","contentUrl":"https:\/\/kapitalis.com\/tunisie\/wp-content\/uploads\/2022\/05\/Kapitalis-big-size.png","width":5000,"height":1500,"caption":"Kapitalis"},"image":{"@id":"https:\/\/kapitalis.com\/tunisie\/#\/schema\/logo\/image\/"},"sameAs":["https:\/\/www.facebook.com\/KapitalisInfo\/","https:\/\/x.com\/KapitalisInfo","https:\/\/www.youtube.com\/channel\/UC-yDYrHyfFBWWZaOw3FPg9Q"]},{"@type":"Person","@id":"https:\/\/kapitalis.com\/tunisie\/#\/schema\/person\/d71f33a9ca44f7bad4698210b480c8e9","name":"webmaster kapitalis","url":"https:\/\/kapitalis.com\/tunisie\/author\/webmaster-kapitalis\/"}]}},"_links":{"self":[{"href":"https:\/\/kapitalis.com\/tunisie\/wp-json\/wp\/v2\/posts\/280254","targetHints":{"allow":["GET"]}}],"collection":[{"href":"https:\/\/kapitalis.com\/tunisie\/wp-json\/wp\/v2\/posts"}],"about":[{"href":"https:\/\/kapitalis.com\/tunisie\/wp-json\/wp\/v2\/types\/post"}],"author":[{"embeddable":true,"href":"https:\/\/kapitalis.com\/tunisie\/wp-json\/wp\/v2\/users\/8"}],"replies":[{"embeddable":true,"href":"https:\/\/kapitalis.com\/tunisie\/wp-json\/wp\/v2\/comments?post=280254"}],"version-history":[{"count":0,"href":"https:\/\/kapitalis.com\/tunisie\/wp-json\/wp\/v2\/posts\/280254\/revisions"}],"wp:attachment":[{"href":"https:\/\/kapitalis.com\/tunisie\/wp-json\/wp\/v2\/media?parent=280254"}],"wp:term":[{"taxonomy":"category","embeddable":true,"href":"https:\/\/kapitalis.com\/tunisie\/wp-json\/wp\/v2\/categories?post=280254"},{"taxonomy":"post_tag","embeddable":true,"href":"https:\/\/kapitalis.com\/tunisie\/wp-json\/wp\/v2\/tags?post=280254"}],"curies":[{"name":"wp","href":"https:\/\/api.w.org\/{rel}","templated":true}]}}