{"id":280279,"date":"2020-02-11T12:09:20","date_gmt":"2020-02-11T11:09:20","guid":{"rendered":"http:\/\/kapitalis.com\/tunisie\/?p=280279"},"modified":"2020-02-11T12:09:31","modified_gmt":"2020-02-11T11:09:31","slug":"union-africaine-la-tunisie-abritera-la-ticad-8-en-2022","status":"publish","type":"post","link":"https:\/\/kapitalis.com\/tunisie\/2020\/02\/11\/union-africaine-la-tunisie-abritera-la-ticad-8-en-2022\/","title":{"rendered":"Union africaine : La Tunisie abritera la Ticad 8, en 2022"},"content":{"rendered":"\n<figure class=\"wp-block-image size-large\"><img decoding=\"async\" src=\"http:\/\/kapitalis.com\/tunisie\/wp-content\/uploads\/2020\/02\/TICAD-7.jpg\" alt=\"\" class=\"wp-image-280319\"\/><\/figure>\n\n\n\n<p><strong><em>Le minist\u00e8re des Affaires \u00e9trang\u00e8res (MAE) a annonc\u00e9 hier, lundi 10 f\u00e9vrier 2020, qu&rsquo;\u00e0 l&rsquo;issue des travaux de la 33e session ordinaire des chefs d&rsquo;\u00c9tat et de gouvernement de l&rsquo;Union africaine (UA) r\u00e9unis \u00e0 Addis-Abeba les 9 et 10 f\u00e9vrier, la Tunisie a \u00e9t\u00e9 choisie pour accueillir, dans deux ans, la huiti\u00e8me \u00e9dition de la Conf\u00e9rence internationale de Tokyo pour le d\u00e9veloppement de l&rsquo;Afrique (Ticad 8).<\/em><\/strong><\/p>\n\n\n\n<!--more-->\n\n\n\n<p>Selon un communiqu\u00e9 du MAE publi\u00e9 hier, lundi 10 f\u00e9vrier 2020, la Ticad 8, qui se tiendra dans notre pays, sera \u00ab<em>la plus grande r\u00e9union internationale organis\u00e9e par la Tunisie depuis l&rsquo;ind\u00e9pendance, compte tenu de l&rsquo;ampleur de la participation \u00e0 cet \u00e9v\u00e9nement important, auquel une cinquantaine de chefs d&rsquo;\u00c9tat et de gouvernement africains devraient prendre part, en plus du Premier ministre japonais, des membres de son gouvernement, un nombre important de chefs d&rsquo;organisations internationales, plus de 11.000 participants d&rsquo;institutions japonaises et africaines des secteurs public et priv\u00e9, des experts, des universitaires et des repr\u00e9sentants des institutions financi\u00e8res internationales.<\/em>\u00bb<\/p>\n\n\n\n<p>Pour rappel, la Ticad est une initiative lanc\u00e9e par le gouvernement japonais en 1993 et \u00e0 laquelle ont \u00e9t\u00e9 associ\u00e9es quatre grandes parties, \u00e0 savoir la Commission de l&rsquo;UA, le Bureau du conseiller sp\u00e9cial pour l&rsquo;Afrique des Nations Unies, le Programme des Nations Unies pour le d\u00e9veloppement et la Banque mondiale.<\/p>\n\n\n\n<p>Depuis son lancement, sept \u00e9ditions de la Ticad ont \u00e9t\u00e9 organis\u00e9es, six d\u2019entre elles se sont tenues au Japon et une, en 2016, \u00e0 Nairobi, au Kenya.<\/p>\n\n\n\n<p class=\"has-text-align-right\"><strong>M. Ch.<\/strong><\/p>\n","protected":false},"excerpt":{"rendered":"<p>Le minist\u00e8re des Affaires \u00e9trang\u00e8res (MAE) a annonc\u00e9 hier, lundi 10 f\u00e9vrier 2020, qu&rsquo;\u00e0 l&rsquo;issue des travaux de la 33e session ordinaire des chefs d&rsquo;\u00c9tat et de gouvernement de l&rsquo;Union africaine (UA) r\u00e9unis \u00e0 Addis-Abeba les 9 et 10 f\u00e9vrier, la Tunisie a \u00e9t\u00e9 choisie pour accueillir, dans deux ans, la huiti\u00e8me \u00e9dition de la&#8230;<\/p>\n","protected":false},"author":25,"featured_media":280319,"comment_status":"open","ping_status":"open","sticky":false,"template":"","format":"standard","meta":{"footnotes":""},"categories":[995,997,2433],"tags":[27509,4855,12536,725,74458,14011],"class_list":["post-280279","post","type-post","status-publish","format-standard","has-post-thumbnail","hentry","category-economie","category-politique","category-tunisie","tag-addis-abeba","tag-japon","tag-kenya","tag-pnud","tag-ticad","tag-union-africaine"],"yoast_head":"<!-- This site is optimized with the Yoast SEO plugin v26.6 - https:\/\/yoast.com\/wordpress\/plugins\/seo\/ -->\n<title>Union africaine : La Tunisie abritera la Ticad 8, en 2022 - Kapitalis<\/title>\n<meta name=\"robots\" content=\"index, follow, max-snippet:-1, max-image-preview:large, max-video-preview:-1\" \/>\n<link rel=\"canonical\" href=\"https:\/\/kapitalis.com\/tunisie\/2020\/02\/11\/union-africaine-la-tunisie-abritera-la-ticad-8-en-2022\/\" \/>\n<meta property=\"og:locale\" content=\"fr_FR\" \/>\n<meta property=\"og:type\" content=\"article\" \/>\n<meta property=\"og:title\" content=\"Union africaine : La Tunisie abritera la Ticad 8, en 2022 - Kapitalis\" \/>\n<meta property=\"og:description\" content=\"Le minist\u00e8re des Affaires \u00e9trang\u00e8res (MAE) a annonc\u00e9 hier, lundi 10 f\u00e9vrier 2020, qu&rsquo;\u00e0 l&rsquo;issue des travaux de la 33e session ordinaire des chefs d&rsquo;\u00c9tat et de gouvernement de l&rsquo;Union africaine (UA) r\u00e9unis \u00e0 Addis-Abeba les 9 et 10 f\u00e9vrier, la Tunisie a \u00e9t\u00e9 choisie pour accueillir, dans deux ans, la huiti\u00e8me \u00e9dition de la...\" \/>\n<meta property=\"og:url\" content=\"https:\/\/kapitalis.com\/tunisie\/2020\/02\/11\/union-africaine-la-tunisie-abritera-la-ticad-8-en-2022\/\" \/>\n<meta property=\"og:site_name\" content=\"Kapitalis\" \/>\n<meta property=\"article:publisher\" content=\"https:\/\/www.facebook.com\/KapitalisInfo\/\" \/>\n<meta property=\"article:published_time\" content=\"2020-02-11T11:09:20+00:00\" \/>\n<meta property=\"article:modified_time\" content=\"2020-02-11T11:09:31+00:00\" \/>\n<meta property=\"og:image\" content=\"https:\/\/kapitalis.com\/tunisie\/wp-content\/uploads\/2022\/05\/kapitalis-logo-fb.png\" \/>\n\t<meta property=\"og:image:width\" content=\"1200\" \/>\n\t<meta property=\"og:image:height\" content=\"630\" \/>\n\t<meta property=\"og:image:type\" content=\"image\/png\" \/>\n<meta name=\"author\" content=\"Moncef Dhambri\" \/>\n<meta name=\"twitter:card\" content=\"summary_large_image\" \/>\n<meta name=\"twitter:creator\" content=\"@KapitalisInfo\" \/>\n<meta name=\"twitter:site\" content=\"@KapitalisInfo\" \/>\n<meta name=\"twitter:label1\" content=\"\u00c9crit par\" \/>\n\t<meta name=\"twitter:data1\" content=\"Moncef Dhambri\" \/>\n\t<meta name=\"twitter:label2\" content=\"Dur\u00e9e de lecture estim\u00e9e\" \/>\n\t<meta name=\"twitter:data2\" content=\"1 minute\" \/>\n<script type=\"application\/ld+json\" class=\"yoast-schema-graph\">{\"@context\":\"https:\/\/schema.org\",\"@graph\":[{\"@type\":\"Article\",\"@id\":\"https:\/\/kapitalis.com\/tunisie\/2020\/02\/11\/union-africaine-la-tunisie-abritera-la-ticad-8-en-2022\/#article\",\"isPartOf\":{\"@id\":\"https:\/\/kapitalis.com\/tunisie\/2020\/02\/11\/union-africaine-la-tunisie-abritera-la-ticad-8-en-2022\/\"},\"author\":{\"name\":\"Moncef Dhambri\",\"@id\":\"https:\/\/kapitalis.com\/tunisie\/#\/schema\/person\/48fdbea283a929dd284e69d21e31a3d1\"},\"headline\":\"Union africaine : La Tunisie abritera la Ticad 8, en 2022\",\"datePublished\":\"2020-02-11T11:09:20+00:00\",\"dateModified\":\"2020-02-11T11:09:31+00:00\",\"mainEntityOfPage\":{\"@id\":\"https:\/\/kapitalis.com\/tunisie\/2020\/02\/11\/union-africaine-la-tunisie-abritera-la-ticad-8-en-2022\/\"},\"wordCount\":259,\"commentCount\":0,\"publisher\":{\"@id\":\"https:\/\/kapitalis.com\/tunisie\/#organization\"},\"image\":{\"@id\":\"https:\/\/kapitalis.com\/tunisie\/2020\/02\/11\/union-africaine-la-tunisie-abritera-la-ticad-8-en-2022\/#primaryimage\"},\"thumbnailUrl\":\"\",\"keywords\":[\"Addis-Abeba\",\"Japon\",\"Kenya\",\"Pnud\",\"Ticad\",\"Union africaine\"],\"articleSection\":[\"ECONOMIE\",\"POLITIQUE\",\"Tunisie\"],\"inLanguage\":\"fr-FR\",\"potentialAction\":[{\"@type\":\"CommentAction\",\"name\":\"Comment\",\"target\":[\"https:\/\/kapitalis.com\/tunisie\/2020\/02\/11\/union-africaine-la-tunisie-abritera-la-ticad-8-en-2022\/#respond\"]}]},{\"@type\":\"WebPage\",\"@id\":\"https:\/\/kapitalis.com\/tunisie\/2020\/02\/11\/union-africaine-la-tunisie-abritera-la-ticad-8-en-2022\/\",\"url\":\"https:\/\/kapitalis.com\/tunisie\/2020\/02\/11\/union-africaine-la-tunisie-abritera-la-ticad-8-en-2022\/\",\"name\":\"Union africaine : La Tunisie abritera la Ticad 8, en 2022 - Kapitalis\",\"isPartOf\":{\"@id\":\"https:\/\/kapitalis.com\/tunisie\/#website\"},\"primaryImageOfPage\":{\"@id\":\"https:\/\/kapitalis.com\/tunisie\/2020\/02\/11\/union-africaine-la-tunisie-abritera-la-ticad-8-en-2022\/#primaryimage\"},\"image\":{\"@id\":\"https:\/\/kapitalis.com\/tunisie\/2020\/02\/11\/union-africaine-la-tunisie-abritera-la-ticad-8-en-2022\/#primaryimage\"},\"thumbnailUrl\":\"\",\"datePublished\":\"2020-02-11T11:09:20+00:00\",\"dateModified\":\"2020-02-11T11:09:31+00:00\",\"breadcrumb\":{\"@id\":\"https:\/\/kapitalis.com\/tunisie\/2020\/02\/11\/union-africaine-la-tunisie-abritera-la-ticad-8-en-2022\/#breadcrumb\"},\"inLanguage\":\"fr-FR\",\"potentialAction\":[{\"@type\":\"ReadAction\",\"target\":[\"https:\/\/kapitalis.com\/tunisie\/2020\/02\/11\/union-africaine-la-tunisie-abritera-la-ticad-8-en-2022\/\"]}]},{\"@type\":\"ImageObject\",\"inLanguage\":\"fr-FR\",\"@id\":\"https:\/\/kapitalis.com\/tunisie\/2020\/02\/11\/union-africaine-la-tunisie-abritera-la-ticad-8-en-2022\/#primaryimage\",\"url\":\"\",\"contentUrl\":\"\"},{\"@type\":\"BreadcrumbList\",\"@id\":\"https:\/\/kapitalis.com\/tunisie\/2020\/02\/11\/union-africaine-la-tunisie-abritera-la-ticad-8-en-2022\/#breadcrumb\",\"itemListElement\":[{\"@type\":\"ListItem\",\"position\":1,\"name\":\"Accueil\",\"item\":\"https:\/\/kapitalis.com\/tunisie\/\"},{\"@type\":\"ListItem\",\"position\":2,\"name\":\"Union africaine : La Tunisie abritera la Ticad 8, en 2022\"}]},{\"@type\":\"WebSite\",\"@id\":\"https:\/\/kapitalis.com\/tunisie\/#website\",\"url\":\"https:\/\/kapitalis.com\/tunisie\/\",\"name\":\"Kapitalis\",\"description\":\"L&#039;actualit\u00e9 en Tunisie et dans le monde\",\"publisher\":{\"@id\":\"https:\/\/kapitalis.com\/tunisie\/#organization\"},\"potentialAction\":[{\"@type\":\"SearchAction\",\"target\":{\"@type\":\"EntryPoint\",\"urlTemplate\":\"https:\/\/kapitalis.com\/tunisie\/?s={search_term_string}\"},\"query-input\":{\"@type\":\"PropertyValueSpecification\",\"valueRequired\":true,\"valueName\":\"search_term_string\"}}],\"inLanguage\":\"fr-FR\"},{\"@type\":\"Organization\",\"@id\":\"https:\/\/kapitalis.com\/tunisie\/#organization\",\"name\":\"Kapitalis\",\"url\":\"https:\/\/kapitalis.com\/tunisie\/\",\"logo\":{\"@type\":\"ImageObject\",\"inLanguage\":\"fr-FR\",\"@id\":\"https:\/\/kapitalis.com\/tunisie\/#\/schema\/logo\/image\/\",\"url\":\"https:\/\/kapitalis.com\/tunisie\/wp-content\/uploads\/2022\/05\/Kapitalis-big-size.png\",\"contentUrl\":\"https:\/\/kapitalis.com\/tunisie\/wp-content\/uploads\/2022\/05\/Kapitalis-big-size.png\",\"width\":5000,\"height\":1500,\"caption\":\"Kapitalis\"},\"image\":{\"@id\":\"https:\/\/kapitalis.com\/tunisie\/#\/schema\/logo\/image\/\"},\"sameAs\":[\"https:\/\/www.facebook.com\/KapitalisInfo\/\",\"https:\/\/x.com\/KapitalisInfo\",\"https:\/\/www.youtube.com\/channel\/UC-yDYrHyfFBWWZaOw3FPg9Q\"]},{\"@type\":\"Person\",\"@id\":\"https:\/\/kapitalis.com\/tunisie\/#\/schema\/person\/48fdbea283a929dd284e69d21e31a3d1\",\"name\":\"Moncef Dhambri\",\"url\":\"https:\/\/kapitalis.com\/tunisie\/author\/moncef\/\"}]}<\/script>\n<!-- \/ Yoast SEO plugin. -->","yoast_head_json":{"title":"Union africaine : La Tunisie abritera la Ticad 8, en 2022 - Kapitalis","robots":{"index":"index","follow":"follow","max-snippet":"max-snippet:-1","max-image-preview":"max-image-preview:large","max-video-preview":"max-video-preview:-1"},"canonical":"https:\/\/kapitalis.com\/tunisie\/2020\/02\/11\/union-africaine-la-tunisie-abritera-la-ticad-8-en-2022\/","og_locale":"fr_FR","og_type":"article","og_title":"Union africaine : La Tunisie abritera la Ticad 8, en 2022 - Kapitalis","og_description":"Le minist\u00e8re des Affaires \u00e9trang\u00e8res (MAE) a annonc\u00e9 hier, lundi 10 f\u00e9vrier 2020, qu&rsquo;\u00e0 l&rsquo;issue des travaux de la 33e session ordinaire des chefs d&rsquo;\u00c9tat et de gouvernement de l&rsquo;Union africaine (UA) r\u00e9unis \u00e0 Addis-Abeba les 9 et 10 f\u00e9vrier, la Tunisie a \u00e9t\u00e9 choisie pour accueillir, dans deux ans, la huiti\u00e8me \u00e9dition de la...","og_url":"https:\/\/kapitalis.com\/tunisie\/2020\/02\/11\/union-africaine-la-tunisie-abritera-la-ticad-8-en-2022\/","og_site_name":"Kapitalis","article_publisher":"https:\/\/www.facebook.com\/KapitalisInfo\/","article_published_time":"2020-02-11T11:09:20+00:00","article_modified_time":"2020-02-11T11:09:31+00:00","og_image":[{"width":1200,"height":630,"url":"https:\/\/kapitalis.com\/tunisie\/wp-content\/uploads\/2022\/05\/kapitalis-logo-fb.png","type":"image\/png"}],"author":"Moncef Dhambri","twitter_card":"summary_large_image","twitter_creator":"@KapitalisInfo","twitter_site":"@KapitalisInfo","twitter_misc":{"\u00c9crit par":"Moncef Dhambri","Dur\u00e9e de lecture estim\u00e9e":"1 minute"},"schema":{"@context":"https:\/\/schema.org","@graph":[{"@type":"Article","@id":"https:\/\/kapitalis.com\/tunisie\/2020\/02\/11\/union-africaine-la-tunisie-abritera-la-ticad-8-en-2022\/#article","isPartOf":{"@id":"https:\/\/kapitalis.com\/tunisie\/2020\/02\/11\/union-africaine-la-tunisie-abritera-la-ticad-8-en-2022\/"},"author":{"name":"Moncef Dhambri","@id":"https:\/\/kapitalis.com\/tunisie\/#\/schema\/person\/48fdbea283a929dd284e69d21e31a3d1"},"headline":"Union africaine : La Tunisie abritera la Ticad 8, en 2022","datePublished":"2020-02-11T11:09:20+00:00","dateModified":"2020-02-11T11:09:31+00:00","mainEntityOfPage":{"@id":"https:\/\/kapitalis.com\/tunisie\/2020\/02\/11\/union-africaine-la-tunisie-abritera-la-ticad-8-en-2022\/"},"wordCount":259,"commentCount":0,"publisher":{"@id":"https:\/\/kapitalis.com\/tunisie\/#organization"},"image":{"@id":"https:\/\/kapitalis.com\/tunisie\/2020\/02\/11\/union-africaine-la-tunisie-abritera-la-ticad-8-en-2022\/#primaryimage"},"thumbnailUrl":"","keywords":["Addis-Abeba","Japon","Kenya","Pnud","Ticad","Union africaine"],"articleSection":["ECONOMIE","POLITIQUE","Tunisie"],"inLanguage":"fr-FR","potentialAction":[{"@type":"CommentAction","name":"Comment","target":["https:\/\/kapitalis.com\/tunisie\/2020\/02\/11\/union-africaine-la-tunisie-abritera-la-ticad-8-en-2022\/#respond"]}]},{"@type":"WebPage","@id":"https:\/\/kapitalis.com\/tunisie\/2020\/02\/11\/union-africaine-la-tunisie-abritera-la-ticad-8-en-2022\/","url":"https:\/\/kapitalis.com\/tunisie\/2020\/02\/11\/union-africaine-la-tunisie-abritera-la-ticad-8-en-2022\/","name":"Union africaine : La Tunisie abritera la Ticad 8, en 2022 - Kapitalis","isPartOf":{"@id":"https:\/\/kapitalis.com\/tunisie\/#website"},"primaryImageOfPage":{"@id":"https:\/\/kapitalis.com\/tunisie\/2020\/02\/11\/union-africaine-la-tunisie-abritera-la-ticad-8-en-2022\/#primaryimage"},"image":{"@id":"https:\/\/kapitalis.com\/tunisie\/2020\/02\/11\/union-africaine-la-tunisie-abritera-la-ticad-8-en-2022\/#primaryimage"},"thumbnailUrl":"","datePublished":"2020-02-11T11:09:20+00:00","dateModified":"2020-02-11T11:09:31+00:00","breadcrumb":{"@id":"https:\/\/kapitalis.com\/tunisie\/2020\/02\/11\/union-africaine-la-tunisie-abritera-la-ticad-8-en-2022\/#breadcrumb"},"inLanguage":"fr-FR","potentialAction":[{"@type":"ReadAction","target":["https:\/\/kapitalis.com\/tunisie\/2020\/02\/11\/union-africaine-la-tunisie-abritera-la-ticad-8-en-2022\/"]}]},{"@type":"ImageObject","inLanguage":"fr-FR","@id":"https:\/\/kapitalis.com\/tunisie\/2020\/02\/11\/union-africaine-la-tunisie-abritera-la-ticad-8-en-2022\/#primaryimage","url":"","contentUrl":""},{"@type":"BreadcrumbList","@id":"https:\/\/kapitalis.com\/tunisie\/2020\/02\/11\/union-africaine-la-tunisie-abritera-la-ticad-8-en-2022\/#breadcrumb","itemListElement":[{"@type":"ListItem","position":1,"name":"Accueil","item":"https:\/\/kapitalis.com\/tunisie\/"},{"@type":"ListItem","position":2,"name":"Union africaine : La Tunisie abritera la Ticad 8, en 2022"}]},{"@type":"WebSite","@id":"https:\/\/kapitalis.com\/tunisie\/#website","url":"https:\/\/kapitalis.com\/tunisie\/","name":"Kapitalis","description":"L&#039;actualit\u00e9 en Tunisie et dans le monde","publisher":{"@id":"https:\/\/kapitalis.com\/tunisie\/#organization"},"potentialAction":[{"@type":"SearchAction","target":{"@type":"EntryPoint","urlTemplate":"https:\/\/kapitalis.com\/tunisie\/?s={search_term_string}"},"query-input":{"@type":"PropertyValueSpecification","valueRequired":true,"valueName":"search_term_string"}}],"inLanguage":"fr-FR"},{"@type":"Organization","@id":"https:\/\/kapitalis.com\/tunisie\/#organization","name":"Kapitalis","url":"https:\/\/kapitalis.com\/tunisie\/","logo":{"@type":"ImageObject","inLanguage":"fr-FR","@id":"https:\/\/kapitalis.com\/tunisie\/#\/schema\/logo\/image\/","url":"https:\/\/kapitalis.com\/tunisie\/wp-content\/uploads\/2022\/05\/Kapitalis-big-size.png","contentUrl":"https:\/\/kapitalis.com\/tunisie\/wp-content\/uploads\/2022\/05\/Kapitalis-big-size.png","width":5000,"height":1500,"caption":"Kapitalis"},"image":{"@id":"https:\/\/kapitalis.com\/tunisie\/#\/schema\/logo\/image\/"},"sameAs":["https:\/\/www.facebook.com\/KapitalisInfo\/","https:\/\/x.com\/KapitalisInfo","https:\/\/www.youtube.com\/channel\/UC-yDYrHyfFBWWZaOw3FPg9Q"]},{"@type":"Person","@id":"https:\/\/kapitalis.com\/tunisie\/#\/schema\/person\/48fdbea283a929dd284e69d21e31a3d1","name":"Moncef Dhambri","url":"https:\/\/kapitalis.com\/tunisie\/author\/moncef\/"}]}},"_links":{"self":[{"href":"https:\/\/kapitalis.com\/tunisie\/wp-json\/wp\/v2\/posts\/280279","targetHints":{"allow":["GET"]}}],"collection":[{"href":"https:\/\/kapitalis.com\/tunisie\/wp-json\/wp\/v2\/posts"}],"about":[{"href":"https:\/\/kapitalis.com\/tunisie\/wp-json\/wp\/v2\/types\/post"}],"author":[{"embeddable":true,"href":"https:\/\/kapitalis.com\/tunisie\/wp-json\/wp\/v2\/users\/25"}],"replies":[{"embeddable":true,"href":"https:\/\/kapitalis.com\/tunisie\/wp-json\/wp\/v2\/comments?post=280279"}],"version-history":[{"count":0,"href":"https:\/\/kapitalis.com\/tunisie\/wp-json\/wp\/v2\/posts\/280279\/revisions"}],"wp:featuredmedia":[{"embeddable":true,"href":"https:\/\/kapitalis.com\/tunisie\/wp-json\/wp\/v2\/media\/280319"}],"wp:attachment":[{"href":"https:\/\/kapitalis.com\/tunisie\/wp-json\/wp\/v2\/media?parent=280279"}],"wp:term":[{"taxonomy":"category","embeddable":true,"href":"https:\/\/kapitalis.com\/tunisie\/wp-json\/wp\/v2\/categories?post=280279"},{"taxonomy":"post_tag","embeddable":true,"href":"https:\/\/kapitalis.com\/tunisie\/wp-json\/wp\/v2\/tags?post=280279"}],"curies":[{"name":"wp","href":"https:\/\/api.w.org\/{rel}","templated":true}]}}