{"id":280455,"date":"2020-02-11T19:32:52","date_gmt":"2020-02-11T18:32:52","guid":{"rendered":"http:\/\/kapitalis.com\/tunisie\/?p=280455"},"modified":"2020-02-12T07:16:25","modified_gmt":"2020-02-12T06:16:25","slug":"djerba-des-pistolets-et-des-armes-blanches-saisies-chez-un-policier-francais-a-la-retraite-photos","status":"publish","type":"post","link":"https:\/\/kapitalis.com\/tunisie\/2020\/02\/11\/djerba-des-pistolets-et-des-armes-blanches-saisies-chez-un-policier-francais-a-la-retraite-photos\/","title":{"rendered":"Djerba : Des pistolets et des armes blanches saisies chez un policier fran\u00e7ais \u00e0 la retraite (Photos)"},"content":{"rendered":"\n<figure class=\"wp-block-image size-large\"><img decoding=\"async\" src=\"http:\/\/kapitalis.com\/tunisie\/wp-content\/uploads\/2020\/02\/Djerba-saisie-armes-policiers.jpg\" alt=\"\" class=\"wp-image-280457\"\/><\/figure>\n\n\n\n<p><em><strong>La police judiciaire a arr\u00eat\u00e9 aujourd&rsquo;hui, mardi 11 f\u00e9vrier 2020, \u00e0 Djerba, un policier fran\u00e7ais \u00e0 la retraite. Il \u00e9tait en possession de 2 pistolets , des cartouches et des armes blanches.<\/strong><\/em><\/p>\n\n\n\n<!--more-->\n\n\n\n<p>C&rsquo;est ce qu&rsquo;a indiqu\u00e9, cet apr\u00e8s-midi, la police judiciaire de Djerba, en pr\u00e9cisant que le suspect est install\u00e9 en Tunisie depuis plusieurs ann\u00e9es. <\/p>\n\n\n\n<figure class=\"wp-block-gallery columns-2 is-cropped wp-block-gallery-1 is-layout-flex wp-block-gallery-is-layout-flex\"><ul class=\"blocks-gallery-grid\"><li class=\"blocks-gallery-item\"><figure><img decoding=\"async\" src=\"http:\/\/kapitalis.com\/tunisie\/wp-content\/uploads\/2020\/02\/Dj-pistolers-5.jpg\" alt=\"\" data-id=\"280458\" data-full-url=\"http:\/\/kapitalis.com\/tunisie\/wp-content\/uploads\/2020\/02\/Dj-pistolers-5.jpg\" data-link=\"http:\/\/kapitalis.com\/tunisie\/?attachment_id=280458\" class=\"wp-image-280458\"\/><\/figure><\/li><li class=\"blocks-gallery-item\"><figure><img decoding=\"async\" src=\"http:\/\/kapitalis.com\/tunisie\/wp-content\/uploads\/2020\/02\/Djerba3.jpg\" alt=\"\" data-id=\"280460\" data-full-url=\"http:\/\/kapitalis.com\/tunisie\/wp-content\/uploads\/2020\/02\/Djerba3.jpg\" data-link=\"http:\/\/kapitalis.com\/tunisie\/?attachment_id=280460\" class=\"wp-image-280460\"\/><\/figure><\/li><li class=\"blocks-gallery-item\"><figure><img decoding=\"async\" src=\"http:\/\/kapitalis.com\/tunisie\/wp-content\/uploads\/2020\/02\/Djerba-pistolet.jpg\" alt=\"\" data-id=\"280459\" data-full-url=\"http:\/\/kapitalis.com\/tunisie\/wp-content\/uploads\/2020\/02\/Djerba-pistolet.jpg\" data-link=\"http:\/\/kapitalis.com\/tunisie\/?attachment_id=280459\" class=\"wp-image-280459\"\/><\/figure><\/li><li class=\"blocks-gallery-item\"><figure><img decoding=\"async\" src=\"http:\/\/kapitalis.com\/tunisie\/wp-content\/uploads\/2020\/02\/Djerba.jpg\" alt=\"\" data-id=\"280463\" data-full-url=\"http:\/\/kapitalis.com\/tunisie\/wp-content\/uploads\/2020\/02\/Djerba.jpg\" data-link=\"http:\/\/kapitalis.com\/tunisie\/?attachment_id=280463\" class=\"wp-image-280463\"\/><\/figure><\/li><li class=\"blocks-gallery-item\"><figure><img decoding=\"async\" src=\"http:\/\/kapitalis.com\/tunisie\/wp-content\/uploads\/2020\/02\/Djerba2.jpg\" alt=\"\" data-id=\"280462\" data-full-url=\"http:\/\/kapitalis.com\/tunisie\/wp-content\/uploads\/2020\/02\/Djerba2.jpg\" data-link=\"http:\/\/kapitalis.com\/tunisie\/?attachment_id=280462\" class=\"wp-image-280462\"\/><\/figure><\/li><li class=\"blocks-gallery-item\"><figure><img decoding=\"async\" src=\"http:\/\/kapitalis.com\/tunisie\/wp-content\/uploads\/2020\/02\/Djerba-p.jpg\" alt=\"\" data-id=\"280461\" data-full-url=\"http:\/\/kapitalis.com\/tunisie\/wp-content\/uploads\/2020\/02\/Djerba-p.jpg\" data-link=\"http:\/\/kapitalis.com\/tunisie\/?attachment_id=280461\" class=\"wp-image-280461\"\/><\/figure><\/li><\/ul><\/figure>\n\n\n\n<p>Une source s\u00e9curitaire \u00e0 affirm\u00e9, de son c\u00f4t\u00e9, \u00e0 Kapitalis, que les armes et les deux pistolets (calibre 9) et leurs munitions on \u00e9t\u00e9 saisis lors de la perquisition men\u00e9e au domicile du suspect.<\/p>\n\n\n\n<p>Le minist\u00e8re public a ordonn\u00e9 sa mise en d\u00e9tention du suspect et la poursuite de l&rsquo;enqu\u00eate, sachant que le port d&rsquo;armes en Tunisie est interdit et soumis \u00e0 autorisation sp\u00e9ciale.<\/p>\n\n\n\n<p class=\"has-text-align-right\"><strong>Y. N.<\/strong><\/p>\n","protected":false},"excerpt":{"rendered":"<p>La police judiciaire a arr\u00eat\u00e9 aujourd&rsquo;hui, mardi 11 f\u00e9vrier 2020, \u00e0 Djerba, un policier fran\u00e7ais \u00e0 la retraite. Il \u00e9tait en possession de 2 pistolets , des cartouches et des armes blanches.<\/p>\n","protected":false},"author":6,"featured_media":280457,"comment_status":"open","ping_status":"open","sticky":false,"template":"","format":"standard","meta":{"footnotes":""},"categories":[998,2433],"tags":[82,4072,1279,284,67667,729,2596,62643],"class_list":["post-280455","post","type-post","status-publish","format-standard","has-post-thumbnail","hentry","category-societe","category-tunisie","tag-armes-blanches","tag-cartouches","tag-detention","tag-djerba","tag-pistolets","tag-police-judiciaire","tag-policier","tag-tunisie"],"yoast_head":"<!-- This site is optimized with the Yoast SEO plugin v26.6 - https:\/\/yoast.com\/wordpress\/plugins\/seo\/ -->\n<title>Djerba : Des pistolets et des armes blanches saisies chez un policier fran\u00e7ais \u00e0 la retraite (Photos) - Kapitalis<\/title>\n<meta name=\"robots\" content=\"index, follow, max-snippet:-1, max-image-preview:large, max-video-preview:-1\" \/>\n<link rel=\"canonical\" href=\"https:\/\/kapitalis.com\/tunisie\/2020\/02\/11\/djerba-des-pistolets-et-des-armes-blanches-saisies-chez-un-policier-francais-a-la-retraite-photos\/\" \/>\n<meta property=\"og:locale\" content=\"fr_FR\" \/>\n<meta property=\"og:type\" content=\"article\" \/>\n<meta property=\"og:title\" content=\"Djerba : Des pistolets et des armes blanches saisies chez un policier fran\u00e7ais \u00e0 la retraite (Photos) - Kapitalis\" \/>\n<meta property=\"og:description\" content=\"La police judiciaire a arr\u00eat\u00e9 aujourd&rsquo;hui, mardi 11 f\u00e9vrier 2020, \u00e0 Djerba, un policier fran\u00e7ais \u00e0 la retraite. Il \u00e9tait en possession de 2 pistolets , des cartouches et des armes blanches.\" \/>\n<meta property=\"og:url\" content=\"https:\/\/kapitalis.com\/tunisie\/2020\/02\/11\/djerba-des-pistolets-et-des-armes-blanches-saisies-chez-un-policier-francais-a-la-retraite-photos\/\" \/>\n<meta property=\"og:site_name\" content=\"Kapitalis\" \/>\n<meta property=\"article:publisher\" content=\"https:\/\/www.facebook.com\/KapitalisInfo\/\" \/>\n<meta property=\"article:published_time\" content=\"2020-02-11T18:32:52+00:00\" \/>\n<meta property=\"article:modified_time\" content=\"2020-02-12T06:16:25+00:00\" \/>\n<meta property=\"og:image\" content=\"https:\/\/kapitalis.com\/tunisie\/wp-content\/uploads\/2022\/05\/kapitalis-logo-fb.png\" \/>\n\t<meta property=\"og:image:width\" content=\"1200\" \/>\n\t<meta property=\"og:image:height\" content=\"630\" \/>\n\t<meta property=\"og:image:type\" content=\"image\/png\" \/>\n<meta name=\"author\" content=\"Yusra NY\" \/>\n<meta name=\"twitter:card\" content=\"summary_large_image\" \/>\n<meta name=\"twitter:creator\" content=\"@KapitalisInfo\" \/>\n<meta name=\"twitter:site\" content=\"@KapitalisInfo\" \/>\n<meta name=\"twitter:label1\" content=\"\u00c9crit par\" \/>\n\t<meta name=\"twitter:data1\" content=\"Yusra NY\" \/>\n\t<meta name=\"twitter:label2\" content=\"Dur\u00e9e de lecture estim\u00e9e\" \/>\n\t<meta name=\"twitter:data2\" content=\"1 minute\" \/>\n<script type=\"application\/ld+json\" class=\"yoast-schema-graph\">{\"@context\":\"https:\/\/schema.org\",\"@graph\":[{\"@type\":\"Article\",\"@id\":\"https:\/\/kapitalis.com\/tunisie\/2020\/02\/11\/djerba-des-pistolets-et-des-armes-blanches-saisies-chez-un-policier-francais-a-la-retraite-photos\/#article\",\"isPartOf\":{\"@id\":\"https:\/\/kapitalis.com\/tunisie\/2020\/02\/11\/djerba-des-pistolets-et-des-armes-blanches-saisies-chez-un-policier-francais-a-la-retraite-photos\/\"},\"author\":{\"name\":\"Yusra NY\",\"@id\":\"https:\/\/kapitalis.com\/tunisie\/#\/schema\/person\/74bbde0154d49d790a92aaeac5bc01d5\"},\"headline\":\"Djerba : Des pistolets et des armes blanches saisies chez un policier fran\u00e7ais \u00e0 la retraite (Photos)\",\"datePublished\":\"2020-02-11T18:32:52+00:00\",\"dateModified\":\"2020-02-12T06:16:25+00:00\",\"mainEntityOfPage\":{\"@id\":\"https:\/\/kapitalis.com\/tunisie\/2020\/02\/11\/djerba-des-pistolets-et-des-armes-blanches-saisies-chez-un-policier-francais-a-la-retraite-photos\/\"},\"wordCount\":140,\"commentCount\":1,\"publisher\":{\"@id\":\"https:\/\/kapitalis.com\/tunisie\/#organization\"},\"image\":{\"@id\":\"https:\/\/kapitalis.com\/tunisie\/2020\/02\/11\/djerba-des-pistolets-et-des-armes-blanches-saisies-chez-un-policier-francais-a-la-retraite-photos\/#primaryimage\"},\"thumbnailUrl\":\"\",\"keywords\":[\"armes blanches\",\"cartouches\",\"d\u00e9tention\",\"Djerba\",\"pistolets\",\"police judiciaire\",\"policier\",\"Tunisie\"],\"articleSection\":[\"SOCIETE\",\"Tunisie\"],\"inLanguage\":\"fr-FR\",\"potentialAction\":[{\"@type\":\"CommentAction\",\"name\":\"Comment\",\"target\":[\"https:\/\/kapitalis.com\/tunisie\/2020\/02\/11\/djerba-des-pistolets-et-des-armes-blanches-saisies-chez-un-policier-francais-a-la-retraite-photos\/#respond\"]}]},{\"@type\":\"WebPage\",\"@id\":\"https:\/\/kapitalis.com\/tunisie\/2020\/02\/11\/djerba-des-pistolets-et-des-armes-blanches-saisies-chez-un-policier-francais-a-la-retraite-photos\/\",\"url\":\"https:\/\/kapitalis.com\/tunisie\/2020\/02\/11\/djerba-des-pistolets-et-des-armes-blanches-saisies-chez-un-policier-francais-a-la-retraite-photos\/\",\"name\":\"Djerba : Des pistolets et des armes blanches saisies chez un policier fran\u00e7ais \u00e0 la retraite (Photos) - Kapitalis\",\"isPartOf\":{\"@id\":\"https:\/\/kapitalis.com\/tunisie\/#website\"},\"primaryImageOfPage\":{\"@id\":\"https:\/\/kapitalis.com\/tunisie\/2020\/02\/11\/djerba-des-pistolets-et-des-armes-blanches-saisies-chez-un-policier-francais-a-la-retraite-photos\/#primaryimage\"},\"image\":{\"@id\":\"https:\/\/kapitalis.com\/tunisie\/2020\/02\/11\/djerba-des-pistolets-et-des-armes-blanches-saisies-chez-un-policier-francais-a-la-retraite-photos\/#primaryimage\"},\"thumbnailUrl\":\"\",\"datePublished\":\"2020-02-11T18:32:52+00:00\",\"dateModified\":\"2020-02-12T06:16:25+00:00\",\"breadcrumb\":{\"@id\":\"https:\/\/kapitalis.com\/tunisie\/2020\/02\/11\/djerba-des-pistolets-et-des-armes-blanches-saisies-chez-un-policier-francais-a-la-retraite-photos\/#breadcrumb\"},\"inLanguage\":\"fr-FR\",\"potentialAction\":[{\"@type\":\"ReadAction\",\"target\":[\"https:\/\/kapitalis.com\/tunisie\/2020\/02\/11\/djerba-des-pistolets-et-des-armes-blanches-saisies-chez-un-policier-francais-a-la-retraite-photos\/\"]}]},{\"@type\":\"ImageObject\",\"inLanguage\":\"fr-FR\",\"@id\":\"https:\/\/kapitalis.com\/tunisie\/2020\/02\/11\/djerba-des-pistolets-et-des-armes-blanches-saisies-chez-un-policier-francais-a-la-retraite-photos\/#primaryimage\",\"url\":\"\",\"contentUrl\":\"\"},{\"@type\":\"BreadcrumbList\",\"@id\":\"https:\/\/kapitalis.com\/tunisie\/2020\/02\/11\/djerba-des-pistolets-et-des-armes-blanches-saisies-chez-un-policier-francais-a-la-retraite-photos\/#breadcrumb\",\"itemListElement\":[{\"@type\":\"ListItem\",\"position\":1,\"name\":\"Accueil\",\"item\":\"https:\/\/kapitalis.com\/tunisie\/\"},{\"@type\":\"ListItem\",\"position\":2,\"name\":\"Djerba : Des pistolets et des armes blanches saisies chez un policier fran\u00e7ais \u00e0 la retraite (Photos)\"}]},{\"@type\":\"WebSite\",\"@id\":\"https:\/\/kapitalis.com\/tunisie\/#website\",\"url\":\"https:\/\/kapitalis.com\/tunisie\/\",\"name\":\"Kapitalis\",\"description\":\"L&#039;actualit\u00e9 en Tunisie et dans le monde\",\"publisher\":{\"@id\":\"https:\/\/kapitalis.com\/tunisie\/#organization\"},\"potentialAction\":[{\"@type\":\"SearchAction\",\"target\":{\"@type\":\"EntryPoint\",\"urlTemplate\":\"https:\/\/kapitalis.com\/tunisie\/?s={search_term_string}\"},\"query-input\":{\"@type\":\"PropertyValueSpecification\",\"valueRequired\":true,\"valueName\":\"search_term_string\"}}],\"inLanguage\":\"fr-FR\"},{\"@type\":\"Organization\",\"@id\":\"https:\/\/kapitalis.com\/tunisie\/#organization\",\"name\":\"Kapitalis\",\"url\":\"https:\/\/kapitalis.com\/tunisie\/\",\"logo\":{\"@type\":\"ImageObject\",\"inLanguage\":\"fr-FR\",\"@id\":\"https:\/\/kapitalis.com\/tunisie\/#\/schema\/logo\/image\/\",\"url\":\"https:\/\/kapitalis.com\/tunisie\/wp-content\/uploads\/2022\/05\/Kapitalis-big-size.png\",\"contentUrl\":\"https:\/\/kapitalis.com\/tunisie\/wp-content\/uploads\/2022\/05\/Kapitalis-big-size.png\",\"width\":5000,\"height\":1500,\"caption\":\"Kapitalis\"},\"image\":{\"@id\":\"https:\/\/kapitalis.com\/tunisie\/#\/schema\/logo\/image\/\"},\"sameAs\":[\"https:\/\/www.facebook.com\/KapitalisInfo\/\",\"https:\/\/x.com\/KapitalisInfo\",\"https:\/\/www.youtube.com\/channel\/UC-yDYrHyfFBWWZaOw3FPg9Q\"]},{\"@type\":\"Person\",\"@id\":\"https:\/\/kapitalis.com\/tunisie\/#\/schema\/person\/74bbde0154d49d790a92aaeac5bc01d5\",\"name\":\"Yusra NY\",\"url\":\"https:\/\/kapitalis.com\/tunisie\/author\/yuza_adam\/\"}]}<\/script>\n<!-- \/ Yoast SEO plugin. -->","yoast_head_json":{"title":"Djerba : Des pistolets et des armes blanches saisies chez un policier fran\u00e7ais \u00e0 la retraite (Photos) - Kapitalis","robots":{"index":"index","follow":"follow","max-snippet":"max-snippet:-1","max-image-preview":"max-image-preview:large","max-video-preview":"max-video-preview:-1"},"canonical":"https:\/\/kapitalis.com\/tunisie\/2020\/02\/11\/djerba-des-pistolets-et-des-armes-blanches-saisies-chez-un-policier-francais-a-la-retraite-photos\/","og_locale":"fr_FR","og_type":"article","og_title":"Djerba : Des pistolets et des armes blanches saisies chez un policier fran\u00e7ais \u00e0 la retraite (Photos) - Kapitalis","og_description":"La police judiciaire a arr\u00eat\u00e9 aujourd&rsquo;hui, mardi 11 f\u00e9vrier 2020, \u00e0 Djerba, un policier fran\u00e7ais \u00e0 la retraite. Il \u00e9tait en possession de 2 pistolets , des cartouches et des armes blanches.","og_url":"https:\/\/kapitalis.com\/tunisie\/2020\/02\/11\/djerba-des-pistolets-et-des-armes-blanches-saisies-chez-un-policier-francais-a-la-retraite-photos\/","og_site_name":"Kapitalis","article_publisher":"https:\/\/www.facebook.com\/KapitalisInfo\/","article_published_time":"2020-02-11T18:32:52+00:00","article_modified_time":"2020-02-12T06:16:25+00:00","og_image":[{"width":1200,"height":630,"url":"https:\/\/kapitalis.com\/tunisie\/wp-content\/uploads\/2022\/05\/kapitalis-logo-fb.png","type":"image\/png"}],"author":"Yusra NY","twitter_card":"summary_large_image","twitter_creator":"@KapitalisInfo","twitter_site":"@KapitalisInfo","twitter_misc":{"\u00c9crit par":"Yusra NY","Dur\u00e9e de lecture estim\u00e9e":"1 minute"},"schema":{"@context":"https:\/\/schema.org","@graph":[{"@type":"Article","@id":"https:\/\/kapitalis.com\/tunisie\/2020\/02\/11\/djerba-des-pistolets-et-des-armes-blanches-saisies-chez-un-policier-francais-a-la-retraite-photos\/#article","isPartOf":{"@id":"https:\/\/kapitalis.com\/tunisie\/2020\/02\/11\/djerba-des-pistolets-et-des-armes-blanches-saisies-chez-un-policier-francais-a-la-retraite-photos\/"},"author":{"name":"Yusra NY","@id":"https:\/\/kapitalis.com\/tunisie\/#\/schema\/person\/74bbde0154d49d790a92aaeac5bc01d5"},"headline":"Djerba : Des pistolets et des armes blanches saisies chez un policier fran\u00e7ais \u00e0 la retraite (Photos)","datePublished":"2020-02-11T18:32:52+00:00","dateModified":"2020-02-12T06:16:25+00:00","mainEntityOfPage":{"@id":"https:\/\/kapitalis.com\/tunisie\/2020\/02\/11\/djerba-des-pistolets-et-des-armes-blanches-saisies-chez-un-policier-francais-a-la-retraite-photos\/"},"wordCount":140,"commentCount":1,"publisher":{"@id":"https:\/\/kapitalis.com\/tunisie\/#organization"},"image":{"@id":"https:\/\/kapitalis.com\/tunisie\/2020\/02\/11\/djerba-des-pistolets-et-des-armes-blanches-saisies-chez-un-policier-francais-a-la-retraite-photos\/#primaryimage"},"thumbnailUrl":"","keywords":["armes blanches","cartouches","d\u00e9tention","Djerba","pistolets","police judiciaire","policier","Tunisie"],"articleSection":["SOCIETE","Tunisie"],"inLanguage":"fr-FR","potentialAction":[{"@type":"CommentAction","name":"Comment","target":["https:\/\/kapitalis.com\/tunisie\/2020\/02\/11\/djerba-des-pistolets-et-des-armes-blanches-saisies-chez-un-policier-francais-a-la-retraite-photos\/#respond"]}]},{"@type":"WebPage","@id":"https:\/\/kapitalis.com\/tunisie\/2020\/02\/11\/djerba-des-pistolets-et-des-armes-blanches-saisies-chez-un-policier-francais-a-la-retraite-photos\/","url":"https:\/\/kapitalis.com\/tunisie\/2020\/02\/11\/djerba-des-pistolets-et-des-armes-blanches-saisies-chez-un-policier-francais-a-la-retraite-photos\/","name":"Djerba : Des pistolets et des armes blanches saisies chez un policier fran\u00e7ais \u00e0 la retraite (Photos) - Kapitalis","isPartOf":{"@id":"https:\/\/kapitalis.com\/tunisie\/#website"},"primaryImageOfPage":{"@id":"https:\/\/kapitalis.com\/tunisie\/2020\/02\/11\/djerba-des-pistolets-et-des-armes-blanches-saisies-chez-un-policier-francais-a-la-retraite-photos\/#primaryimage"},"image":{"@id":"https:\/\/kapitalis.com\/tunisie\/2020\/02\/11\/djerba-des-pistolets-et-des-armes-blanches-saisies-chez-un-policier-francais-a-la-retraite-photos\/#primaryimage"},"thumbnailUrl":"","datePublished":"2020-02-11T18:32:52+00:00","dateModified":"2020-02-12T06:16:25+00:00","breadcrumb":{"@id":"https:\/\/kapitalis.com\/tunisie\/2020\/02\/11\/djerba-des-pistolets-et-des-armes-blanches-saisies-chez-un-policier-francais-a-la-retraite-photos\/#breadcrumb"},"inLanguage":"fr-FR","potentialAction":[{"@type":"ReadAction","target":["https:\/\/kapitalis.com\/tunisie\/2020\/02\/11\/djerba-des-pistolets-et-des-armes-blanches-saisies-chez-un-policier-francais-a-la-retraite-photos\/"]}]},{"@type":"ImageObject","inLanguage":"fr-FR","@id":"https:\/\/kapitalis.com\/tunisie\/2020\/02\/11\/djerba-des-pistolets-et-des-armes-blanches-saisies-chez-un-policier-francais-a-la-retraite-photos\/#primaryimage","url":"","contentUrl":""},{"@type":"BreadcrumbList","@id":"https:\/\/kapitalis.com\/tunisie\/2020\/02\/11\/djerba-des-pistolets-et-des-armes-blanches-saisies-chez-un-policier-francais-a-la-retraite-photos\/#breadcrumb","itemListElement":[{"@type":"ListItem","position":1,"name":"Accueil","item":"https:\/\/kapitalis.com\/tunisie\/"},{"@type":"ListItem","position":2,"name":"Djerba : Des pistolets et des armes blanches saisies chez un policier fran\u00e7ais \u00e0 la retraite (Photos)"}]},{"@type":"WebSite","@id":"https:\/\/kapitalis.com\/tunisie\/#website","url":"https:\/\/kapitalis.com\/tunisie\/","name":"Kapitalis","description":"L&#039;actualit\u00e9 en Tunisie et dans le monde","publisher":{"@id":"https:\/\/kapitalis.com\/tunisie\/#organization"},"potentialAction":[{"@type":"SearchAction","target":{"@type":"EntryPoint","urlTemplate":"https:\/\/kapitalis.com\/tunisie\/?s={search_term_string}"},"query-input":{"@type":"PropertyValueSpecification","valueRequired":true,"valueName":"search_term_string"}}],"inLanguage":"fr-FR"},{"@type":"Organization","@id":"https:\/\/kapitalis.com\/tunisie\/#organization","name":"Kapitalis","url":"https:\/\/kapitalis.com\/tunisie\/","logo":{"@type":"ImageObject","inLanguage":"fr-FR","@id":"https:\/\/kapitalis.com\/tunisie\/#\/schema\/logo\/image\/","url":"https:\/\/kapitalis.com\/tunisie\/wp-content\/uploads\/2022\/05\/Kapitalis-big-size.png","contentUrl":"https:\/\/kapitalis.com\/tunisie\/wp-content\/uploads\/2022\/05\/Kapitalis-big-size.png","width":5000,"height":1500,"caption":"Kapitalis"},"image":{"@id":"https:\/\/kapitalis.com\/tunisie\/#\/schema\/logo\/image\/"},"sameAs":["https:\/\/www.facebook.com\/KapitalisInfo\/","https:\/\/x.com\/KapitalisInfo","https:\/\/www.youtube.com\/channel\/UC-yDYrHyfFBWWZaOw3FPg9Q"]},{"@type":"Person","@id":"https:\/\/kapitalis.com\/tunisie\/#\/schema\/person\/74bbde0154d49d790a92aaeac5bc01d5","name":"Yusra NY","url":"https:\/\/kapitalis.com\/tunisie\/author\/yuza_adam\/"}]}},"_links":{"self":[{"href":"https:\/\/kapitalis.com\/tunisie\/wp-json\/wp\/v2\/posts\/280455","targetHints":{"allow":["GET"]}}],"collection":[{"href":"https:\/\/kapitalis.com\/tunisie\/wp-json\/wp\/v2\/posts"}],"about":[{"href":"https:\/\/kapitalis.com\/tunisie\/wp-json\/wp\/v2\/types\/post"}],"author":[{"embeddable":true,"href":"https:\/\/kapitalis.com\/tunisie\/wp-json\/wp\/v2\/users\/6"}],"replies":[{"embeddable":true,"href":"https:\/\/kapitalis.com\/tunisie\/wp-json\/wp\/v2\/comments?post=280455"}],"version-history":[{"count":0,"href":"https:\/\/kapitalis.com\/tunisie\/wp-json\/wp\/v2\/posts\/280455\/revisions"}],"wp:featuredmedia":[{"embeddable":true,"href":"https:\/\/kapitalis.com\/tunisie\/wp-json\/wp\/v2\/media\/280457"}],"wp:attachment":[{"href":"https:\/\/kapitalis.com\/tunisie\/wp-json\/wp\/v2\/media?parent=280455"}],"wp:term":[{"taxonomy":"category","embeddable":true,"href":"https:\/\/kapitalis.com\/tunisie\/wp-json\/wp\/v2\/categories?post=280455"},{"taxonomy":"post_tag","embeddable":true,"href":"https:\/\/kapitalis.com\/tunisie\/wp-json\/wp\/v2\/tags?post=280455"}],"curies":[{"name":"wp","href":"https:\/\/api.w.org\/{rel}","templated":true}]}}