{"id":280536,"date":"2020-02-12T10:51:05","date_gmt":"2020-02-12T09:51:05","guid":{"rendered":"http:\/\/kapitalis.com\/tunisie\/?p=280536"},"modified":"2020-02-12T11:13:53","modified_gmt":"2020-02-12T10:13:53","slug":"greve-a-gafsa-les-enseignants-de-leducation-de-base-protestent-contre-la-violence-quils-subissent","status":"publish","type":"post","link":"https:\/\/kapitalis.com\/tunisie\/2020\/02\/12\/greve-a-gafsa-les-enseignants-de-leducation-de-base-protestent-contre-la-violence-quils-subissent\/","title":{"rendered":"Gr\u00e8ve \u00e0 Gafsa : Les enseignants de l&rsquo;\u00e9ducation de base protestent contre la violence qu&rsquo;ils subissent"},"content":{"rendered":"\n<figure class=\"wp-block-image size-large\"><img decoding=\"async\" src=\"http:\/\/kapitalis.com\/tunisie\/wp-content\/uploads\/2020\/02\/\u00e9cole-en-gr\u00e8ve.jpg\" alt=\"\" class=\"wp-image-280543\"\/><\/figure>\n\n\n\n<p><strong><em>Les enseignants de l&rsquo;\u00e9ducation de base \u00e0 Gafsa observent aujourd&rsquo;hui, mercredi 12 f\u00e9vrier 2020, une gr\u00e8ve sectorielle compl\u00e8te d&rsquo;un jour, en signe de protestation contre \u00abla violence r\u00e9p\u00e9titive que subissent les institution \u00e9ducatives et ceux qui y travaillent\u00bb.<\/em><\/strong><\/p>\n\n\n\n<!--more-->\n\n\n\n<p>Cette mesure vient donner suite \u00e0 l&rsquo;incident qui a eu lieu avant-hier, lundi, \u00e0 l&rsquo;\u00e9cole \u00ab<em>Al Amal<\/em>\u00bb situ\u00e9e \u00e0 la ville de Sidi A\u00efch (gouvernorat de Gafsa), qui a \u00e9t\u00e9 p\u00e9n\u00e9tr\u00e9e par un groupe d&rsquo;habitants (probablement des parents d&rsquo;\u00e9l\u00e8ves), faisant sortir le directeur de sa classe et l&rsquo;agressant verbalement et physiquement, ce qui a n\u00e9cessit\u00e9 son transfert \u00e0 l&rsquo;h\u00f4pital.<\/p>\n\n\n\n<p>Les enseignants de Sidi A\u00efch se sont, en cons\u00e9quence, mis en gr\u00e8ve lundi dernier, et les membres de la Section de l&rsquo;\u00e9ducation de base de Gafsa se sont, pour leur part, r\u00e9unis et ont d\u00e9cid\u00e9 d&rsquo;engager une gr\u00e8ve r\u00e9gionale sectorielle compl\u00e8te ce mercredi dans toutes les \u00e9coles du gouvernorat.<\/p>\n\n\n\n<p>La Section a \u00e9galement appel\u00e9 \u00e0 la n\u00e9cessit\u00e9 d&rsquo;acc\u00e9l\u00e9rer la promulgation d&rsquo;une loi criminalisant les attaques contre les \u00e9ducateurs et les \u00e9tablissements d&rsquo;enseignement. <\/p>\n\n\n\n<p>M\u00eame si la col\u00e8re qui a accompagn\u00e9 le malheureux incident est compr\u00e9hensible, rien ne peut justifier une telle demande. La violence \u00e9tant d\u00e9j\u00e0 criminalis\u00e9e dans les lois tunisiennes et celles-ci doivent garantir les droits des citoyens de fa\u00e7on totalement \u00e9quitable, quelles que soient leurs professions. <\/p>\n\n\n\n<p>Certains parents des \u00e9l\u00e8ves de l&rsquo;\u00e9cole ont, par ailleurs, indiqu\u00e9, \u00e0 la radio de Gafsa, que l&rsquo;escalade de la tension avec le directeur est due aux faibles r\u00e9sultats scolaires de leurs enfants ainsi qu&rsquo;aux abus imput\u00e9s au corps enseignant.<\/p>\n\n\n\n<p class=\"has-text-align-right\"><strong>C. B. Y.<\/strong><\/p>\n","protected":false},"excerpt":{"rendered":"<p>Les enseignants de l&rsquo;\u00e9ducation de base \u00e0 Gafsa observent aujourd&rsquo;hui, mercredi 12 f\u00e9vrier 2020, une gr\u00e8ve sectorielle compl\u00e8te d&rsquo;un jour, en signe de protestation contre \u00abla violence r\u00e9p\u00e9titive que subissent les institution \u00e9ducatives et ceux qui y travaillent\u00bb.<\/p>\n","protected":false},"author":24,"featured_media":280543,"comment_status":"open","ping_status":"open","sticky":false,"template":"","format":"standard","meta":{"footnotes":""},"categories":[998,2433],"tags":[407],"class_list":["post-280536","post","type-post","status-publish","format-standard","has-post-thumbnail","hentry","category-societe","category-tunisie","tag-gafsa"],"yoast_head":"<!-- This site is optimized with the Yoast SEO plugin v26.6 - https:\/\/yoast.com\/wordpress\/plugins\/seo\/ -->\n<title>Gr\u00e8ve \u00e0 Gafsa : Les enseignants de l&#039;\u00e9ducation de base protestent contre la violence qu&#039;ils subissent - Kapitalis<\/title>\n<meta name=\"robots\" content=\"index, follow, max-snippet:-1, max-image-preview:large, max-video-preview:-1\" \/>\n<link rel=\"canonical\" href=\"https:\/\/kapitalis.com\/tunisie\/2020\/02\/12\/greve-a-gafsa-les-enseignants-de-leducation-de-base-protestent-contre-la-violence-quils-subissent\/\" \/>\n<meta property=\"og:locale\" content=\"fr_FR\" \/>\n<meta property=\"og:type\" content=\"article\" \/>\n<meta property=\"og:title\" content=\"Gr\u00e8ve \u00e0 Gafsa : Les enseignants de l&#039;\u00e9ducation de base protestent contre la violence qu&#039;ils subissent - Kapitalis\" \/>\n<meta property=\"og:description\" content=\"Les enseignants de l&rsquo;\u00e9ducation de base \u00e0 Gafsa observent aujourd&rsquo;hui, mercredi 12 f\u00e9vrier 2020, une gr\u00e8ve sectorielle compl\u00e8te d&rsquo;un jour, en signe de protestation contre \u00abla violence r\u00e9p\u00e9titive que subissent les institution \u00e9ducatives et ceux qui y travaillent\u00bb.\" \/>\n<meta property=\"og:url\" content=\"https:\/\/kapitalis.com\/tunisie\/2020\/02\/12\/greve-a-gafsa-les-enseignants-de-leducation-de-base-protestent-contre-la-violence-quils-subissent\/\" \/>\n<meta property=\"og:site_name\" content=\"Kapitalis\" \/>\n<meta property=\"article:publisher\" content=\"https:\/\/www.facebook.com\/KapitalisInfo\/\" \/>\n<meta property=\"article:published_time\" content=\"2020-02-12T09:51:05+00:00\" \/>\n<meta property=\"article:modified_time\" content=\"2020-02-12T10:13:53+00:00\" \/>\n<meta property=\"og:image\" content=\"https:\/\/kapitalis.com\/tunisie\/wp-content\/uploads\/2022\/05\/kapitalis-logo-fb.png\" \/>\n\t<meta property=\"og:image:width\" content=\"1200\" \/>\n\t<meta property=\"og:image:height\" content=\"630\" \/>\n\t<meta property=\"og:image:type\" content=\"image\/png\" \/>\n<meta name=\"author\" content=\"Cherif Benyounes\" \/>\n<meta name=\"twitter:card\" content=\"summary_large_image\" \/>\n<meta name=\"twitter:creator\" content=\"@KapitalisInfo\" \/>\n<meta name=\"twitter:site\" content=\"@KapitalisInfo\" \/>\n<meta name=\"twitter:label1\" content=\"\u00c9crit par\" \/>\n\t<meta name=\"twitter:data1\" content=\"Cherif Benyounes\" \/>\n\t<meta name=\"twitter:label2\" content=\"Dur\u00e9e de lecture estim\u00e9e\" \/>\n\t<meta name=\"twitter:data2\" content=\"1 minute\" \/>\n<script type=\"application\/ld+json\" class=\"yoast-schema-graph\">{\"@context\":\"https:\/\/schema.org\",\"@graph\":[{\"@type\":\"Article\",\"@id\":\"https:\/\/kapitalis.com\/tunisie\/2020\/02\/12\/greve-a-gafsa-les-enseignants-de-leducation-de-base-protestent-contre-la-violence-quils-subissent\/#article\",\"isPartOf\":{\"@id\":\"https:\/\/kapitalis.com\/tunisie\/2020\/02\/12\/greve-a-gafsa-les-enseignants-de-leducation-de-base-protestent-contre-la-violence-quils-subissent\/\"},\"author\":{\"name\":\"Cherif Benyounes\",\"@id\":\"https:\/\/kapitalis.com\/tunisie\/#\/schema\/person\/b35b8d631961131107263178aeb8019e\"},\"headline\":\"Gr\u00e8ve \u00e0 Gafsa : Les enseignants de l&rsquo;\u00e9ducation de base protestent contre la violence qu&rsquo;ils subissent\",\"datePublished\":\"2020-02-12T09:51:05+00:00\",\"dateModified\":\"2020-02-12T10:13:53+00:00\",\"mainEntityOfPage\":{\"@id\":\"https:\/\/kapitalis.com\/tunisie\/2020\/02\/12\/greve-a-gafsa-les-enseignants-de-leducation-de-base-protestent-contre-la-violence-quils-subissent\/\"},\"wordCount\":301,\"commentCount\":1,\"publisher\":{\"@id\":\"https:\/\/kapitalis.com\/tunisie\/#organization\"},\"image\":{\"@id\":\"https:\/\/kapitalis.com\/tunisie\/2020\/02\/12\/greve-a-gafsa-les-enseignants-de-leducation-de-base-protestent-contre-la-violence-quils-subissent\/#primaryimage\"},\"thumbnailUrl\":\"\",\"keywords\":[\"Gafsa\"],\"articleSection\":[\"SOCIETE\",\"Tunisie\"],\"inLanguage\":\"fr-FR\",\"potentialAction\":[{\"@type\":\"CommentAction\",\"name\":\"Comment\",\"target\":[\"https:\/\/kapitalis.com\/tunisie\/2020\/02\/12\/greve-a-gafsa-les-enseignants-de-leducation-de-base-protestent-contre-la-violence-quils-subissent\/#respond\"]}]},{\"@type\":\"WebPage\",\"@id\":\"https:\/\/kapitalis.com\/tunisie\/2020\/02\/12\/greve-a-gafsa-les-enseignants-de-leducation-de-base-protestent-contre-la-violence-quils-subissent\/\",\"url\":\"https:\/\/kapitalis.com\/tunisie\/2020\/02\/12\/greve-a-gafsa-les-enseignants-de-leducation-de-base-protestent-contre-la-violence-quils-subissent\/\",\"name\":\"Gr\u00e8ve \u00e0 Gafsa : Les enseignants de l'\u00e9ducation de base protestent contre la violence qu'ils subissent - Kapitalis\",\"isPartOf\":{\"@id\":\"https:\/\/kapitalis.com\/tunisie\/#website\"},\"primaryImageOfPage\":{\"@id\":\"https:\/\/kapitalis.com\/tunisie\/2020\/02\/12\/greve-a-gafsa-les-enseignants-de-leducation-de-base-protestent-contre-la-violence-quils-subissent\/#primaryimage\"},\"image\":{\"@id\":\"https:\/\/kapitalis.com\/tunisie\/2020\/02\/12\/greve-a-gafsa-les-enseignants-de-leducation-de-base-protestent-contre-la-violence-quils-subissent\/#primaryimage\"},\"thumbnailUrl\":\"\",\"datePublished\":\"2020-02-12T09:51:05+00:00\",\"dateModified\":\"2020-02-12T10:13:53+00:00\",\"breadcrumb\":{\"@id\":\"https:\/\/kapitalis.com\/tunisie\/2020\/02\/12\/greve-a-gafsa-les-enseignants-de-leducation-de-base-protestent-contre-la-violence-quils-subissent\/#breadcrumb\"},\"inLanguage\":\"fr-FR\",\"potentialAction\":[{\"@type\":\"ReadAction\",\"target\":[\"https:\/\/kapitalis.com\/tunisie\/2020\/02\/12\/greve-a-gafsa-les-enseignants-de-leducation-de-base-protestent-contre-la-violence-quils-subissent\/\"]}]},{\"@type\":\"ImageObject\",\"inLanguage\":\"fr-FR\",\"@id\":\"https:\/\/kapitalis.com\/tunisie\/2020\/02\/12\/greve-a-gafsa-les-enseignants-de-leducation-de-base-protestent-contre-la-violence-quils-subissent\/#primaryimage\",\"url\":\"\",\"contentUrl\":\"\"},{\"@type\":\"BreadcrumbList\",\"@id\":\"https:\/\/kapitalis.com\/tunisie\/2020\/02\/12\/greve-a-gafsa-les-enseignants-de-leducation-de-base-protestent-contre-la-violence-quils-subissent\/#breadcrumb\",\"itemListElement\":[{\"@type\":\"ListItem\",\"position\":1,\"name\":\"Accueil\",\"item\":\"https:\/\/kapitalis.com\/tunisie\/\"},{\"@type\":\"ListItem\",\"position\":2,\"name\":\"Gr\u00e8ve \u00e0 Gafsa : Les enseignants de l&rsquo;\u00e9ducation de base protestent contre la violence qu&rsquo;ils subissent\"}]},{\"@type\":\"WebSite\",\"@id\":\"https:\/\/kapitalis.com\/tunisie\/#website\",\"url\":\"https:\/\/kapitalis.com\/tunisie\/\",\"name\":\"Kapitalis\",\"description\":\"L&#039;actualit\u00e9 en Tunisie et dans le monde\",\"publisher\":{\"@id\":\"https:\/\/kapitalis.com\/tunisie\/#organization\"},\"potentialAction\":[{\"@type\":\"SearchAction\",\"target\":{\"@type\":\"EntryPoint\",\"urlTemplate\":\"https:\/\/kapitalis.com\/tunisie\/?s={search_term_string}\"},\"query-input\":{\"@type\":\"PropertyValueSpecification\",\"valueRequired\":true,\"valueName\":\"search_term_string\"}}],\"inLanguage\":\"fr-FR\"},{\"@type\":\"Organization\",\"@id\":\"https:\/\/kapitalis.com\/tunisie\/#organization\",\"name\":\"Kapitalis\",\"url\":\"https:\/\/kapitalis.com\/tunisie\/\",\"logo\":{\"@type\":\"ImageObject\",\"inLanguage\":\"fr-FR\",\"@id\":\"https:\/\/kapitalis.com\/tunisie\/#\/schema\/logo\/image\/\",\"url\":\"https:\/\/kapitalis.com\/tunisie\/wp-content\/uploads\/2022\/05\/Kapitalis-big-size.png\",\"contentUrl\":\"https:\/\/kapitalis.com\/tunisie\/wp-content\/uploads\/2022\/05\/Kapitalis-big-size.png\",\"width\":5000,\"height\":1500,\"caption\":\"Kapitalis\"},\"image\":{\"@id\":\"https:\/\/kapitalis.com\/tunisie\/#\/schema\/logo\/image\/\"},\"sameAs\":[\"https:\/\/www.facebook.com\/KapitalisInfo\/\",\"https:\/\/x.com\/KapitalisInfo\",\"https:\/\/www.youtube.com\/channel\/UC-yDYrHyfFBWWZaOw3FPg9Q\"]},{\"@type\":\"Person\",\"@id\":\"https:\/\/kapitalis.com\/tunisie\/#\/schema\/person\/b35b8d631961131107263178aeb8019e\",\"name\":\"Cherif Benyounes\",\"url\":\"https:\/\/kapitalis.com\/tunisie\/author\/cherif\/\"}]}<\/script>\n<!-- \/ Yoast SEO plugin. -->","yoast_head_json":{"title":"Gr\u00e8ve \u00e0 Gafsa : Les enseignants de l'\u00e9ducation de base protestent contre la violence qu'ils subissent - Kapitalis","robots":{"index":"index","follow":"follow","max-snippet":"max-snippet:-1","max-image-preview":"max-image-preview:large","max-video-preview":"max-video-preview:-1"},"canonical":"https:\/\/kapitalis.com\/tunisie\/2020\/02\/12\/greve-a-gafsa-les-enseignants-de-leducation-de-base-protestent-contre-la-violence-quils-subissent\/","og_locale":"fr_FR","og_type":"article","og_title":"Gr\u00e8ve \u00e0 Gafsa : Les enseignants de l'\u00e9ducation de base protestent contre la violence qu'ils subissent - Kapitalis","og_description":"Les enseignants de l&rsquo;\u00e9ducation de base \u00e0 Gafsa observent aujourd&rsquo;hui, mercredi 12 f\u00e9vrier 2020, une gr\u00e8ve sectorielle compl\u00e8te d&rsquo;un jour, en signe de protestation contre \u00abla violence r\u00e9p\u00e9titive que subissent les institution \u00e9ducatives et ceux qui y travaillent\u00bb.","og_url":"https:\/\/kapitalis.com\/tunisie\/2020\/02\/12\/greve-a-gafsa-les-enseignants-de-leducation-de-base-protestent-contre-la-violence-quils-subissent\/","og_site_name":"Kapitalis","article_publisher":"https:\/\/www.facebook.com\/KapitalisInfo\/","article_published_time":"2020-02-12T09:51:05+00:00","article_modified_time":"2020-02-12T10:13:53+00:00","og_image":[{"width":1200,"height":630,"url":"https:\/\/kapitalis.com\/tunisie\/wp-content\/uploads\/2022\/05\/kapitalis-logo-fb.png","type":"image\/png"}],"author":"Cherif Benyounes","twitter_card":"summary_large_image","twitter_creator":"@KapitalisInfo","twitter_site":"@KapitalisInfo","twitter_misc":{"\u00c9crit par":"Cherif Benyounes","Dur\u00e9e de lecture estim\u00e9e":"1 minute"},"schema":{"@context":"https:\/\/schema.org","@graph":[{"@type":"Article","@id":"https:\/\/kapitalis.com\/tunisie\/2020\/02\/12\/greve-a-gafsa-les-enseignants-de-leducation-de-base-protestent-contre-la-violence-quils-subissent\/#article","isPartOf":{"@id":"https:\/\/kapitalis.com\/tunisie\/2020\/02\/12\/greve-a-gafsa-les-enseignants-de-leducation-de-base-protestent-contre-la-violence-quils-subissent\/"},"author":{"name":"Cherif Benyounes","@id":"https:\/\/kapitalis.com\/tunisie\/#\/schema\/person\/b35b8d631961131107263178aeb8019e"},"headline":"Gr\u00e8ve \u00e0 Gafsa : Les enseignants de l&rsquo;\u00e9ducation de base protestent contre la violence qu&rsquo;ils subissent","datePublished":"2020-02-12T09:51:05+00:00","dateModified":"2020-02-12T10:13:53+00:00","mainEntityOfPage":{"@id":"https:\/\/kapitalis.com\/tunisie\/2020\/02\/12\/greve-a-gafsa-les-enseignants-de-leducation-de-base-protestent-contre-la-violence-quils-subissent\/"},"wordCount":301,"commentCount":1,"publisher":{"@id":"https:\/\/kapitalis.com\/tunisie\/#organization"},"image":{"@id":"https:\/\/kapitalis.com\/tunisie\/2020\/02\/12\/greve-a-gafsa-les-enseignants-de-leducation-de-base-protestent-contre-la-violence-quils-subissent\/#primaryimage"},"thumbnailUrl":"","keywords":["Gafsa"],"articleSection":["SOCIETE","Tunisie"],"inLanguage":"fr-FR","potentialAction":[{"@type":"CommentAction","name":"Comment","target":["https:\/\/kapitalis.com\/tunisie\/2020\/02\/12\/greve-a-gafsa-les-enseignants-de-leducation-de-base-protestent-contre-la-violence-quils-subissent\/#respond"]}]},{"@type":"WebPage","@id":"https:\/\/kapitalis.com\/tunisie\/2020\/02\/12\/greve-a-gafsa-les-enseignants-de-leducation-de-base-protestent-contre-la-violence-quils-subissent\/","url":"https:\/\/kapitalis.com\/tunisie\/2020\/02\/12\/greve-a-gafsa-les-enseignants-de-leducation-de-base-protestent-contre-la-violence-quils-subissent\/","name":"Gr\u00e8ve \u00e0 Gafsa : Les enseignants de l'\u00e9ducation de base protestent contre la violence qu'ils subissent - Kapitalis","isPartOf":{"@id":"https:\/\/kapitalis.com\/tunisie\/#website"},"primaryImageOfPage":{"@id":"https:\/\/kapitalis.com\/tunisie\/2020\/02\/12\/greve-a-gafsa-les-enseignants-de-leducation-de-base-protestent-contre-la-violence-quils-subissent\/#primaryimage"},"image":{"@id":"https:\/\/kapitalis.com\/tunisie\/2020\/02\/12\/greve-a-gafsa-les-enseignants-de-leducation-de-base-protestent-contre-la-violence-quils-subissent\/#primaryimage"},"thumbnailUrl":"","datePublished":"2020-02-12T09:51:05+00:00","dateModified":"2020-02-12T10:13:53+00:00","breadcrumb":{"@id":"https:\/\/kapitalis.com\/tunisie\/2020\/02\/12\/greve-a-gafsa-les-enseignants-de-leducation-de-base-protestent-contre-la-violence-quils-subissent\/#breadcrumb"},"inLanguage":"fr-FR","potentialAction":[{"@type":"ReadAction","target":["https:\/\/kapitalis.com\/tunisie\/2020\/02\/12\/greve-a-gafsa-les-enseignants-de-leducation-de-base-protestent-contre-la-violence-quils-subissent\/"]}]},{"@type":"ImageObject","inLanguage":"fr-FR","@id":"https:\/\/kapitalis.com\/tunisie\/2020\/02\/12\/greve-a-gafsa-les-enseignants-de-leducation-de-base-protestent-contre-la-violence-quils-subissent\/#primaryimage","url":"","contentUrl":""},{"@type":"BreadcrumbList","@id":"https:\/\/kapitalis.com\/tunisie\/2020\/02\/12\/greve-a-gafsa-les-enseignants-de-leducation-de-base-protestent-contre-la-violence-quils-subissent\/#breadcrumb","itemListElement":[{"@type":"ListItem","position":1,"name":"Accueil","item":"https:\/\/kapitalis.com\/tunisie\/"},{"@type":"ListItem","position":2,"name":"Gr\u00e8ve \u00e0 Gafsa : Les enseignants de l&rsquo;\u00e9ducation de base protestent contre la violence qu&rsquo;ils subissent"}]},{"@type":"WebSite","@id":"https:\/\/kapitalis.com\/tunisie\/#website","url":"https:\/\/kapitalis.com\/tunisie\/","name":"Kapitalis","description":"L&#039;actualit\u00e9 en Tunisie et dans le monde","publisher":{"@id":"https:\/\/kapitalis.com\/tunisie\/#organization"},"potentialAction":[{"@type":"SearchAction","target":{"@type":"EntryPoint","urlTemplate":"https:\/\/kapitalis.com\/tunisie\/?s={search_term_string}"},"query-input":{"@type":"PropertyValueSpecification","valueRequired":true,"valueName":"search_term_string"}}],"inLanguage":"fr-FR"},{"@type":"Organization","@id":"https:\/\/kapitalis.com\/tunisie\/#organization","name":"Kapitalis","url":"https:\/\/kapitalis.com\/tunisie\/","logo":{"@type":"ImageObject","inLanguage":"fr-FR","@id":"https:\/\/kapitalis.com\/tunisie\/#\/schema\/logo\/image\/","url":"https:\/\/kapitalis.com\/tunisie\/wp-content\/uploads\/2022\/05\/Kapitalis-big-size.png","contentUrl":"https:\/\/kapitalis.com\/tunisie\/wp-content\/uploads\/2022\/05\/Kapitalis-big-size.png","width":5000,"height":1500,"caption":"Kapitalis"},"image":{"@id":"https:\/\/kapitalis.com\/tunisie\/#\/schema\/logo\/image\/"},"sameAs":["https:\/\/www.facebook.com\/KapitalisInfo\/","https:\/\/x.com\/KapitalisInfo","https:\/\/www.youtube.com\/channel\/UC-yDYrHyfFBWWZaOw3FPg9Q"]},{"@type":"Person","@id":"https:\/\/kapitalis.com\/tunisie\/#\/schema\/person\/b35b8d631961131107263178aeb8019e","name":"Cherif Benyounes","url":"https:\/\/kapitalis.com\/tunisie\/author\/cherif\/"}]}},"_links":{"self":[{"href":"https:\/\/kapitalis.com\/tunisie\/wp-json\/wp\/v2\/posts\/280536","targetHints":{"allow":["GET"]}}],"collection":[{"href":"https:\/\/kapitalis.com\/tunisie\/wp-json\/wp\/v2\/posts"}],"about":[{"href":"https:\/\/kapitalis.com\/tunisie\/wp-json\/wp\/v2\/types\/post"}],"author":[{"embeddable":true,"href":"https:\/\/kapitalis.com\/tunisie\/wp-json\/wp\/v2\/users\/24"}],"replies":[{"embeddable":true,"href":"https:\/\/kapitalis.com\/tunisie\/wp-json\/wp\/v2\/comments?post=280536"}],"version-history":[{"count":0,"href":"https:\/\/kapitalis.com\/tunisie\/wp-json\/wp\/v2\/posts\/280536\/revisions"}],"wp:featuredmedia":[{"embeddable":true,"href":"https:\/\/kapitalis.com\/tunisie\/wp-json\/wp\/v2\/media\/280543"}],"wp:attachment":[{"href":"https:\/\/kapitalis.com\/tunisie\/wp-json\/wp\/v2\/media?parent=280536"}],"wp:term":[{"taxonomy":"category","embeddable":true,"href":"https:\/\/kapitalis.com\/tunisie\/wp-json\/wp\/v2\/categories?post=280536"},{"taxonomy":"post_tag","embeddable":true,"href":"https:\/\/kapitalis.com\/tunisie\/wp-json\/wp\/v2\/tags?post=280536"}],"curies":[{"name":"wp","href":"https:\/\/api.w.org\/{rel}","templated":true}]}}