{"id":280599,"date":"2020-02-12T16:35:52","date_gmt":"2020-02-12T15:35:52","guid":{"rendered":"http:\/\/kapitalis.com\/tunisie\/?p=280599"},"modified":"2020-02-12T16:37:04","modified_gmt":"2020-02-12T15:37:04","slug":"projet-tuniso-italien-refat-lenergie-renouvelable-au-service-de-lagriculture","status":"publish","type":"post","link":"https:\/\/kapitalis.com\/tunisie\/2020\/02\/12\/projet-tuniso-italien-refat-lenergie-renouvelable-au-service-de-lagriculture\/","title":{"rendered":"Projet tuniso-italien Refat : l\u2019\u00e9nergie renouvelable au service de l\u2019agriculture"},"content":{"rendered":"\n<figure class=\"wp-block-image size-large\"><img decoding=\"async\" src=\"http:\/\/kapitalis.com\/tunisie\/wp-content\/uploads\/2020\/02\/Agriculture.jpg\" alt=\"\" class=\"wp-image-280649\"\/><\/figure>\n\n\n\n<p><strong><em>Dix jeunes entrepreneurs tunisiens \u00e0 la t\u00eate de start-ups vont b\u00e9n\u00e9ficier de financements d\u2019une valeur de 40.000 dinars tunisiens (DT), dans le cadre d\u2019un projet de coop\u00e9ration technique entre la Tunisie et l\u2019Italie pour le d\u00e9veloppement des \u00e9nergies renouvelables dans les secteurs agricole et rural (Refat).<\/em><\/strong><\/p>\n\n\n\n<!--more-->\n\n\n\n<p>C\u2019est le site de l\u2019agence <strong><a href=\"http:\/\/www.ansamed.info\/ansamed\/en\/news\/sections\/environment\/2020\/02\/12\/tunisia-project-refat-for-renewable-energy-in-agriculture_f76013b0-4040-4793-a4a6-df0d18e4edfd.html\">ANSAmed<\/a><\/strong> qui rapporte aujourd\u2019hui, mercredi 12 f\u00e9vrier 2020, le lancement de ce programme, citant Nawel Jabb\u00e8s, la charg\u00e9e de l\u2019Economie sociale et solidaire (ESS) aupr\u00e8s du minist\u00e8re de l\u2019Agriculture.<\/p>\n\n\n\n<p>Ce projet Refat, principalement financ\u00e9 par le minist\u00e8re italien de l\u2019Environnement et son homologue tunisien, sera pilot\u00e9 par le Centre m\u00e9diterran\u00e9en pour les \u00e9nergies renouvelables (Medrec, en anglais).<br> <br>Nawel Jabb\u00e8s a indiqu\u00e9, \u00e0 ANSAmed, que les 10 premiers b\u00e9n\u00e9ficiaires de ce programme ont \u00e9t\u00e9 s\u00e9lectionn\u00e9s sur la base de leurs business plans, qui doivent se conformer aux normes d\u00e9finies par le programme Refat et \u00eatre distribu\u00e9s entre les diff\u00e9rents gouvernorats du pays, notamment ceux de Gafsa, Kasserine, Sidi Bouzid et Sousse.<\/p>\n\n\n\n<p>Les fonds n\u00e9cessaires \u00e0 l\u2019entr\u00e9e en fonction de ces start-ups\nseront mis \u00e0 la disposition des r\u00e9cipiendaires apr\u00e8s un stage de formation\ntechnique \u2013auquel prendront part 24 candidats.<\/p>\n\n\n\n<p>Dix\npostulants ont d\u00e9j\u00e0 \u00e9t\u00e9 retenus et les 14 restants trouveront les financements\nn\u00e9cessaires \u00e0 leurs entreprises par le biais d\u2019autres r\u00e9seaux. <\/p>\n\n\n\n<p>Sur le terrain de la pratique, le projet Refat vise \u00e0 promouvoir, par exemple, les syst\u00e8mes de pompage utilisant des \u00e9nergies renouvelables (photovolta\u00efques, \u00e9oliennes et autres syst\u00e8mes hybrides) et \u00e0 stimuler les efforts de d\u00e9salinisation de l\u2019eau de mer par le moyen de l\u2019\u00e9nergie solaire produite par les petits exploitants agricoles.<\/p>\n\n\n\n<p>L\u2019objectif recherch\u00e9 consiste \u00e9galement \u00e0 mettre sur pied un programme de d\u00e9veloppement et \u00e0 accro\u00eetre l\u2019utilisation des \u00e9nergies renouvelables dans l&rsquo;activit\u00e9 agricole par des jeunes dipl\u00f4m\u00e9s et dans des r\u00e9gions traditionnellement \u00e0 vocation agricole.<\/p>\n\n\n\n<p class=\"has-text-align-right\"><strong>M. Ch.<\/strong><\/p>\n","protected":false},"excerpt":{"rendered":"<p>Dix jeunes entrepreneurs tunisiens \u00e0 la t\u00eate de start-ups vont b\u00e9n\u00e9ficier de financements d\u2019une valeur de 40.000 dinars tunisiens (DT), dans le cadre d\u2019un projet de coop\u00e9ration technique entre la Tunisie et l\u2019Italie pour le d\u00e9veloppement des \u00e9nergies renouvelables dans les secteurs agricole et rural (Refat).<\/p>\n","protected":false},"author":25,"featured_media":280649,"comment_status":"open","ping_status":"open","sticky":false,"template":"","format":"standard","meta":{"footnotes":""},"categories":[995,2433],"tags":[5640,854],"class_list":["post-280599","post","type-post","status-publish","format-standard","has-post-thumbnail","hentry","category-economie","category-tunisie","tag-energies-renouvelables","tag-sousse"],"yoast_head":"<!-- This site is optimized with the Yoast SEO plugin v26.6 - https:\/\/yoast.com\/wordpress\/plugins\/seo\/ -->\n<title>Projet tuniso-italien Refat : l\u2019\u00e9nergie renouvelable au service de l\u2019agriculture - Kapitalis<\/title>\n<meta name=\"robots\" content=\"index, follow, max-snippet:-1, max-image-preview:large, max-video-preview:-1\" \/>\n<link rel=\"canonical\" href=\"https:\/\/kapitalis.com\/tunisie\/2020\/02\/12\/projet-tuniso-italien-refat-lenergie-renouvelable-au-service-de-lagriculture\/\" \/>\n<meta property=\"og:locale\" content=\"fr_FR\" \/>\n<meta property=\"og:type\" content=\"article\" \/>\n<meta property=\"og:title\" content=\"Projet tuniso-italien Refat : l\u2019\u00e9nergie renouvelable au service de l\u2019agriculture - Kapitalis\" \/>\n<meta property=\"og:description\" content=\"Dix jeunes entrepreneurs tunisiens \u00e0 la t\u00eate de start-ups vont b\u00e9n\u00e9ficier de financements d\u2019une valeur de 40.000 dinars tunisiens (DT), dans le cadre d\u2019un projet de coop\u00e9ration technique entre la Tunisie et l\u2019Italie pour le d\u00e9veloppement des \u00e9nergies renouvelables dans les secteurs agricole et rural (Refat).\" \/>\n<meta property=\"og:url\" content=\"https:\/\/kapitalis.com\/tunisie\/2020\/02\/12\/projet-tuniso-italien-refat-lenergie-renouvelable-au-service-de-lagriculture\/\" \/>\n<meta property=\"og:site_name\" content=\"Kapitalis\" \/>\n<meta property=\"article:publisher\" content=\"https:\/\/www.facebook.com\/KapitalisInfo\/\" \/>\n<meta property=\"article:published_time\" content=\"2020-02-12T15:35:52+00:00\" \/>\n<meta property=\"article:modified_time\" content=\"2020-02-12T15:37:04+00:00\" \/>\n<meta property=\"og:image\" content=\"https:\/\/kapitalis.com\/tunisie\/wp-content\/uploads\/2022\/05\/kapitalis-logo-fb.png\" \/>\n\t<meta property=\"og:image:width\" content=\"1200\" \/>\n\t<meta property=\"og:image:height\" content=\"630\" \/>\n\t<meta property=\"og:image:type\" content=\"image\/png\" \/>\n<meta name=\"author\" content=\"Moncef Dhambri\" \/>\n<meta name=\"twitter:card\" content=\"summary_large_image\" \/>\n<meta name=\"twitter:creator\" content=\"@KapitalisInfo\" \/>\n<meta name=\"twitter:site\" content=\"@KapitalisInfo\" \/>\n<meta name=\"twitter:label1\" content=\"\u00c9crit par\" \/>\n\t<meta name=\"twitter:data1\" content=\"Moncef Dhambri\" \/>\n\t<meta name=\"twitter:label2\" content=\"Dur\u00e9e de lecture estim\u00e9e\" \/>\n\t<meta name=\"twitter:data2\" content=\"2 minutes\" \/>\n<script type=\"application\/ld+json\" class=\"yoast-schema-graph\">{\"@context\":\"https:\/\/schema.org\",\"@graph\":[{\"@type\":\"Article\",\"@id\":\"https:\/\/kapitalis.com\/tunisie\/2020\/02\/12\/projet-tuniso-italien-refat-lenergie-renouvelable-au-service-de-lagriculture\/#article\",\"isPartOf\":{\"@id\":\"https:\/\/kapitalis.com\/tunisie\/2020\/02\/12\/projet-tuniso-italien-refat-lenergie-renouvelable-au-service-de-lagriculture\/\"},\"author\":{\"name\":\"Moncef Dhambri\",\"@id\":\"https:\/\/kapitalis.com\/tunisie\/#\/schema\/person\/48fdbea283a929dd284e69d21e31a3d1\"},\"headline\":\"Projet tuniso-italien Refat : l\u2019\u00e9nergie renouvelable au service de l\u2019agriculture\",\"datePublished\":\"2020-02-12T15:35:52+00:00\",\"dateModified\":\"2020-02-12T15:37:04+00:00\",\"mainEntityOfPage\":{\"@id\":\"https:\/\/kapitalis.com\/tunisie\/2020\/02\/12\/projet-tuniso-italien-refat-lenergie-renouvelable-au-service-de-lagriculture\/\"},\"wordCount\":345,\"commentCount\":0,\"publisher\":{\"@id\":\"https:\/\/kapitalis.com\/tunisie\/#organization\"},\"image\":{\"@id\":\"https:\/\/kapitalis.com\/tunisie\/2020\/02\/12\/projet-tuniso-italien-refat-lenergie-renouvelable-au-service-de-lagriculture\/#primaryimage\"},\"thumbnailUrl\":\"\",\"keywords\":[\"\u00e9nergies renouvelables\",\"Sousse\"],\"articleSection\":[\"ECONOMIE\",\"Tunisie\"],\"inLanguage\":\"fr-FR\",\"potentialAction\":[{\"@type\":\"CommentAction\",\"name\":\"Comment\",\"target\":[\"https:\/\/kapitalis.com\/tunisie\/2020\/02\/12\/projet-tuniso-italien-refat-lenergie-renouvelable-au-service-de-lagriculture\/#respond\"]}]},{\"@type\":\"WebPage\",\"@id\":\"https:\/\/kapitalis.com\/tunisie\/2020\/02\/12\/projet-tuniso-italien-refat-lenergie-renouvelable-au-service-de-lagriculture\/\",\"url\":\"https:\/\/kapitalis.com\/tunisie\/2020\/02\/12\/projet-tuniso-italien-refat-lenergie-renouvelable-au-service-de-lagriculture\/\",\"name\":\"Projet tuniso-italien Refat : l\u2019\u00e9nergie renouvelable au service de l\u2019agriculture - Kapitalis\",\"isPartOf\":{\"@id\":\"https:\/\/kapitalis.com\/tunisie\/#website\"},\"primaryImageOfPage\":{\"@id\":\"https:\/\/kapitalis.com\/tunisie\/2020\/02\/12\/projet-tuniso-italien-refat-lenergie-renouvelable-au-service-de-lagriculture\/#primaryimage\"},\"image\":{\"@id\":\"https:\/\/kapitalis.com\/tunisie\/2020\/02\/12\/projet-tuniso-italien-refat-lenergie-renouvelable-au-service-de-lagriculture\/#primaryimage\"},\"thumbnailUrl\":\"\",\"datePublished\":\"2020-02-12T15:35:52+00:00\",\"dateModified\":\"2020-02-12T15:37:04+00:00\",\"breadcrumb\":{\"@id\":\"https:\/\/kapitalis.com\/tunisie\/2020\/02\/12\/projet-tuniso-italien-refat-lenergie-renouvelable-au-service-de-lagriculture\/#breadcrumb\"},\"inLanguage\":\"fr-FR\",\"potentialAction\":[{\"@type\":\"ReadAction\",\"target\":[\"https:\/\/kapitalis.com\/tunisie\/2020\/02\/12\/projet-tuniso-italien-refat-lenergie-renouvelable-au-service-de-lagriculture\/\"]}]},{\"@type\":\"ImageObject\",\"inLanguage\":\"fr-FR\",\"@id\":\"https:\/\/kapitalis.com\/tunisie\/2020\/02\/12\/projet-tuniso-italien-refat-lenergie-renouvelable-au-service-de-lagriculture\/#primaryimage\",\"url\":\"\",\"contentUrl\":\"\"},{\"@type\":\"BreadcrumbList\",\"@id\":\"https:\/\/kapitalis.com\/tunisie\/2020\/02\/12\/projet-tuniso-italien-refat-lenergie-renouvelable-au-service-de-lagriculture\/#breadcrumb\",\"itemListElement\":[{\"@type\":\"ListItem\",\"position\":1,\"name\":\"Accueil\",\"item\":\"https:\/\/kapitalis.com\/tunisie\/\"},{\"@type\":\"ListItem\",\"position\":2,\"name\":\"Projet tuniso-italien Refat : l\u2019\u00e9nergie renouvelable au service de l\u2019agriculture\"}]},{\"@type\":\"WebSite\",\"@id\":\"https:\/\/kapitalis.com\/tunisie\/#website\",\"url\":\"https:\/\/kapitalis.com\/tunisie\/\",\"name\":\"Kapitalis\",\"description\":\"L&#039;actualit\u00e9 en Tunisie et dans le monde\",\"publisher\":{\"@id\":\"https:\/\/kapitalis.com\/tunisie\/#organization\"},\"potentialAction\":[{\"@type\":\"SearchAction\",\"target\":{\"@type\":\"EntryPoint\",\"urlTemplate\":\"https:\/\/kapitalis.com\/tunisie\/?s={search_term_string}\"},\"query-input\":{\"@type\":\"PropertyValueSpecification\",\"valueRequired\":true,\"valueName\":\"search_term_string\"}}],\"inLanguage\":\"fr-FR\"},{\"@type\":\"Organization\",\"@id\":\"https:\/\/kapitalis.com\/tunisie\/#organization\",\"name\":\"Kapitalis\",\"url\":\"https:\/\/kapitalis.com\/tunisie\/\",\"logo\":{\"@type\":\"ImageObject\",\"inLanguage\":\"fr-FR\",\"@id\":\"https:\/\/kapitalis.com\/tunisie\/#\/schema\/logo\/image\/\",\"url\":\"https:\/\/kapitalis.com\/tunisie\/wp-content\/uploads\/2022\/05\/Kapitalis-big-size.png\",\"contentUrl\":\"https:\/\/kapitalis.com\/tunisie\/wp-content\/uploads\/2022\/05\/Kapitalis-big-size.png\",\"width\":5000,\"height\":1500,\"caption\":\"Kapitalis\"},\"image\":{\"@id\":\"https:\/\/kapitalis.com\/tunisie\/#\/schema\/logo\/image\/\"},\"sameAs\":[\"https:\/\/www.facebook.com\/KapitalisInfo\/\",\"https:\/\/x.com\/KapitalisInfo\",\"https:\/\/www.youtube.com\/channel\/UC-yDYrHyfFBWWZaOw3FPg9Q\"]},{\"@type\":\"Person\",\"@id\":\"https:\/\/kapitalis.com\/tunisie\/#\/schema\/person\/48fdbea283a929dd284e69d21e31a3d1\",\"name\":\"Moncef Dhambri\",\"url\":\"https:\/\/kapitalis.com\/tunisie\/author\/moncef\/\"}]}<\/script>\n<!-- \/ Yoast SEO plugin. -->","yoast_head_json":{"title":"Projet tuniso-italien Refat : l\u2019\u00e9nergie renouvelable au service de l\u2019agriculture - Kapitalis","robots":{"index":"index","follow":"follow","max-snippet":"max-snippet:-1","max-image-preview":"max-image-preview:large","max-video-preview":"max-video-preview:-1"},"canonical":"https:\/\/kapitalis.com\/tunisie\/2020\/02\/12\/projet-tuniso-italien-refat-lenergie-renouvelable-au-service-de-lagriculture\/","og_locale":"fr_FR","og_type":"article","og_title":"Projet tuniso-italien Refat : l\u2019\u00e9nergie renouvelable au service de l\u2019agriculture - Kapitalis","og_description":"Dix jeunes entrepreneurs tunisiens \u00e0 la t\u00eate de start-ups vont b\u00e9n\u00e9ficier de financements d\u2019une valeur de 40.000 dinars tunisiens (DT), dans le cadre d\u2019un projet de coop\u00e9ration technique entre la Tunisie et l\u2019Italie pour le d\u00e9veloppement des \u00e9nergies renouvelables dans les secteurs agricole et rural (Refat).","og_url":"https:\/\/kapitalis.com\/tunisie\/2020\/02\/12\/projet-tuniso-italien-refat-lenergie-renouvelable-au-service-de-lagriculture\/","og_site_name":"Kapitalis","article_publisher":"https:\/\/www.facebook.com\/KapitalisInfo\/","article_published_time":"2020-02-12T15:35:52+00:00","article_modified_time":"2020-02-12T15:37:04+00:00","og_image":[{"width":1200,"height":630,"url":"https:\/\/kapitalis.com\/tunisie\/wp-content\/uploads\/2022\/05\/kapitalis-logo-fb.png","type":"image\/png"}],"author":"Moncef Dhambri","twitter_card":"summary_large_image","twitter_creator":"@KapitalisInfo","twitter_site":"@KapitalisInfo","twitter_misc":{"\u00c9crit par":"Moncef Dhambri","Dur\u00e9e de lecture estim\u00e9e":"2 minutes"},"schema":{"@context":"https:\/\/schema.org","@graph":[{"@type":"Article","@id":"https:\/\/kapitalis.com\/tunisie\/2020\/02\/12\/projet-tuniso-italien-refat-lenergie-renouvelable-au-service-de-lagriculture\/#article","isPartOf":{"@id":"https:\/\/kapitalis.com\/tunisie\/2020\/02\/12\/projet-tuniso-italien-refat-lenergie-renouvelable-au-service-de-lagriculture\/"},"author":{"name":"Moncef Dhambri","@id":"https:\/\/kapitalis.com\/tunisie\/#\/schema\/person\/48fdbea283a929dd284e69d21e31a3d1"},"headline":"Projet tuniso-italien Refat : l\u2019\u00e9nergie renouvelable au service de l\u2019agriculture","datePublished":"2020-02-12T15:35:52+00:00","dateModified":"2020-02-12T15:37:04+00:00","mainEntityOfPage":{"@id":"https:\/\/kapitalis.com\/tunisie\/2020\/02\/12\/projet-tuniso-italien-refat-lenergie-renouvelable-au-service-de-lagriculture\/"},"wordCount":345,"commentCount":0,"publisher":{"@id":"https:\/\/kapitalis.com\/tunisie\/#organization"},"image":{"@id":"https:\/\/kapitalis.com\/tunisie\/2020\/02\/12\/projet-tuniso-italien-refat-lenergie-renouvelable-au-service-de-lagriculture\/#primaryimage"},"thumbnailUrl":"","keywords":["\u00e9nergies renouvelables","Sousse"],"articleSection":["ECONOMIE","Tunisie"],"inLanguage":"fr-FR","potentialAction":[{"@type":"CommentAction","name":"Comment","target":["https:\/\/kapitalis.com\/tunisie\/2020\/02\/12\/projet-tuniso-italien-refat-lenergie-renouvelable-au-service-de-lagriculture\/#respond"]}]},{"@type":"WebPage","@id":"https:\/\/kapitalis.com\/tunisie\/2020\/02\/12\/projet-tuniso-italien-refat-lenergie-renouvelable-au-service-de-lagriculture\/","url":"https:\/\/kapitalis.com\/tunisie\/2020\/02\/12\/projet-tuniso-italien-refat-lenergie-renouvelable-au-service-de-lagriculture\/","name":"Projet tuniso-italien Refat : l\u2019\u00e9nergie renouvelable au service de l\u2019agriculture - Kapitalis","isPartOf":{"@id":"https:\/\/kapitalis.com\/tunisie\/#website"},"primaryImageOfPage":{"@id":"https:\/\/kapitalis.com\/tunisie\/2020\/02\/12\/projet-tuniso-italien-refat-lenergie-renouvelable-au-service-de-lagriculture\/#primaryimage"},"image":{"@id":"https:\/\/kapitalis.com\/tunisie\/2020\/02\/12\/projet-tuniso-italien-refat-lenergie-renouvelable-au-service-de-lagriculture\/#primaryimage"},"thumbnailUrl":"","datePublished":"2020-02-12T15:35:52+00:00","dateModified":"2020-02-12T15:37:04+00:00","breadcrumb":{"@id":"https:\/\/kapitalis.com\/tunisie\/2020\/02\/12\/projet-tuniso-italien-refat-lenergie-renouvelable-au-service-de-lagriculture\/#breadcrumb"},"inLanguage":"fr-FR","potentialAction":[{"@type":"ReadAction","target":["https:\/\/kapitalis.com\/tunisie\/2020\/02\/12\/projet-tuniso-italien-refat-lenergie-renouvelable-au-service-de-lagriculture\/"]}]},{"@type":"ImageObject","inLanguage":"fr-FR","@id":"https:\/\/kapitalis.com\/tunisie\/2020\/02\/12\/projet-tuniso-italien-refat-lenergie-renouvelable-au-service-de-lagriculture\/#primaryimage","url":"","contentUrl":""},{"@type":"BreadcrumbList","@id":"https:\/\/kapitalis.com\/tunisie\/2020\/02\/12\/projet-tuniso-italien-refat-lenergie-renouvelable-au-service-de-lagriculture\/#breadcrumb","itemListElement":[{"@type":"ListItem","position":1,"name":"Accueil","item":"https:\/\/kapitalis.com\/tunisie\/"},{"@type":"ListItem","position":2,"name":"Projet tuniso-italien Refat : l\u2019\u00e9nergie renouvelable au service de l\u2019agriculture"}]},{"@type":"WebSite","@id":"https:\/\/kapitalis.com\/tunisie\/#website","url":"https:\/\/kapitalis.com\/tunisie\/","name":"Kapitalis","description":"L&#039;actualit\u00e9 en Tunisie et dans le monde","publisher":{"@id":"https:\/\/kapitalis.com\/tunisie\/#organization"},"potentialAction":[{"@type":"SearchAction","target":{"@type":"EntryPoint","urlTemplate":"https:\/\/kapitalis.com\/tunisie\/?s={search_term_string}"},"query-input":{"@type":"PropertyValueSpecification","valueRequired":true,"valueName":"search_term_string"}}],"inLanguage":"fr-FR"},{"@type":"Organization","@id":"https:\/\/kapitalis.com\/tunisie\/#organization","name":"Kapitalis","url":"https:\/\/kapitalis.com\/tunisie\/","logo":{"@type":"ImageObject","inLanguage":"fr-FR","@id":"https:\/\/kapitalis.com\/tunisie\/#\/schema\/logo\/image\/","url":"https:\/\/kapitalis.com\/tunisie\/wp-content\/uploads\/2022\/05\/Kapitalis-big-size.png","contentUrl":"https:\/\/kapitalis.com\/tunisie\/wp-content\/uploads\/2022\/05\/Kapitalis-big-size.png","width":5000,"height":1500,"caption":"Kapitalis"},"image":{"@id":"https:\/\/kapitalis.com\/tunisie\/#\/schema\/logo\/image\/"},"sameAs":["https:\/\/www.facebook.com\/KapitalisInfo\/","https:\/\/x.com\/KapitalisInfo","https:\/\/www.youtube.com\/channel\/UC-yDYrHyfFBWWZaOw3FPg9Q"]},{"@type":"Person","@id":"https:\/\/kapitalis.com\/tunisie\/#\/schema\/person\/48fdbea283a929dd284e69d21e31a3d1","name":"Moncef Dhambri","url":"https:\/\/kapitalis.com\/tunisie\/author\/moncef\/"}]}},"_links":{"self":[{"href":"https:\/\/kapitalis.com\/tunisie\/wp-json\/wp\/v2\/posts\/280599","targetHints":{"allow":["GET"]}}],"collection":[{"href":"https:\/\/kapitalis.com\/tunisie\/wp-json\/wp\/v2\/posts"}],"about":[{"href":"https:\/\/kapitalis.com\/tunisie\/wp-json\/wp\/v2\/types\/post"}],"author":[{"embeddable":true,"href":"https:\/\/kapitalis.com\/tunisie\/wp-json\/wp\/v2\/users\/25"}],"replies":[{"embeddable":true,"href":"https:\/\/kapitalis.com\/tunisie\/wp-json\/wp\/v2\/comments?post=280599"}],"version-history":[{"count":0,"href":"https:\/\/kapitalis.com\/tunisie\/wp-json\/wp\/v2\/posts\/280599\/revisions"}],"wp:featuredmedia":[{"embeddable":true,"href":"https:\/\/kapitalis.com\/tunisie\/wp-json\/wp\/v2\/media\/280649"}],"wp:attachment":[{"href":"https:\/\/kapitalis.com\/tunisie\/wp-json\/wp\/v2\/media?parent=280599"}],"wp:term":[{"taxonomy":"category","embeddable":true,"href":"https:\/\/kapitalis.com\/tunisie\/wp-json\/wp\/v2\/categories?post=280599"},{"taxonomy":"post_tag","embeddable":true,"href":"https:\/\/kapitalis.com\/tunisie\/wp-json\/wp\/v2\/tags?post=280599"}],"curies":[{"name":"wp","href":"https:\/\/api.w.org\/{rel}","templated":true}]}}