{"id":280709,"date":"2020-02-12T21:39:09","date_gmt":"2020-02-12T20:39:09","guid":{"rendered":"http:\/\/kapitalis.com\/tunisie\/?p=280709"},"modified":"2020-02-13T07:31:49","modified_gmt":"2020-02-13T06:31:49","slug":"imed-khemiri-ennahdha-pour-linteret-du-pays-le-gouvernement-fakhfakh-doit-passer-video","status":"publish","type":"post","link":"https:\/\/kapitalis.com\/tunisie\/2020\/02\/12\/imed-khemiri-ennahdha-pour-linteret-du-pays-le-gouvernement-fakhfakh-doit-passer-video\/","title":{"rendered":"Imed Khemiri (Ennahdha) : \u00abPour l\u2019int\u00e9r\u00eat du pays, le gouvernement Fakhfakh doit passer\u00bb (Vid\u00e9o)"},"content":{"rendered":"\n<figure class=\"wp-block-image size-large\"><img decoding=\"async\" src=\"http:\/\/kapitalis.com\/tunisie\/wp-content\/uploads\/2020\/02\/Imed-Khemiri.jpg\" alt=\"\" class=\"wp-image-280712\"\/><\/figure>\n\n\n\n<p><strong><em>Imed Khemiri, porte-parole du parti islamiste Ennahdha, estime que la situation du pays ne supporte pas la tenue d&rsquo;\u00e9lections anticip\u00e9es et que son parti pourrait voter la confiance au gouvernement Fakhfakh, sans pour autant y participer. \u00abPour l\u2019int\u00e9r\u00eat du pays, le gouvernement doit passer\u00bb, a-t-il dit.<\/em><\/strong><\/p>\n\n\n\n<!--more-->\n\n\n\n<p>C&rsquo;est ce qu&rsquo;il a indiqu\u00e9, ce soir, mercredi 12 f\u00e9vrier 2020, lors de l&rsquo;\u00e9mission \u00ab\u00a0<em>Tounes El Youm\u00a0\u00bb<\/em>, pr\u00e9sent\u00e9e par Meriem Belkadhi, sur la cha\u00eene priv\u00e9e El-Hiwar Ettounsi, tout en rappelant l\u2019attachement du parti islamiste \u00e0 un gouvernement d\u2019union nationale, \u00ab<em>b\u00e9n\u00e9ficiant d\u2019un large soutien politique<\/em>\u00bb, a-t-il insist\u00e9. <\/p>\n\n\n\n<p>\u00ab<em>Le gouvernement Elyes Fakhfakh doit \u00eatre repr\u00e9sent\u00e9 par les partis politiques conform\u00e9ment \u00e0 leur repr\u00e9sentativit\u00e9 au sein de l&rsquo;Assembl\u00e9e et nous attendons du chef du gouvernement d\u00e9sign\u00e9 qu&rsquo;il \u00e9largisse les concertations, sans exclusion\u00bb<\/em>, a ajout\u00e9 Imed Khemiri, par allusion \u00e0 Qalb Tounes, pr\u00e9sid\u00e9 par Nabil Karoui, poursuivi dans des affaires de fraude fiscale et de blanchiment d&rsquo;argent, dont Ennahdha exige la participation au gouvernement et que le chef de gouvernement d\u00e9sign\u00e9 a \u00e9cart\u00e9 d&#8217;embl\u00e9e des consultations.<\/p>\n\n\n\n<figure class=\"wp-block-embed-facebook wp-block-embed is-type-video is-provider-facebook\"><div class=\"wp-block-embed__wrapper\">\nhttps:\/\/www.facebook.com\/EttounsiyaTV\/videos\/473834736837041\/\n<\/div><\/figure>\n\n\n\n<p>Imed Khemiri a \u00e9galement indiqu\u00e9 que le Conseil de la Choura d\u2019Ennahdha se r\u00e9unira le 15 f\u00e9vrier, pour d\u00e9cider de la participation du parti islamiste au gouvernement, ou non, en ajoutant que l\u2019int\u00e9r\u00eat du pays exige le passage du gouvernement.<\/p>\n\n\n\n<p>\u00ab<em>Le gouvernement de gestion des affaires courantes ne peut plus durer. Ennahdha ne veut pas bloquer le prochain gouvernement, d&rsquo;autant que la situation du pays ne supporte pas des \u00e9lections anticip\u00e9es, bien que le Conseil de la Choura avait, lors de sa derni\u00e8re r\u00e9union, affirm\u00e9 que nous sommes pr\u00eats pour des l\u00e9gislatives<\/em>\u00bb<em> , <\/em>a-t-il encore dit, en ajoutant : \u00ab<em>Mais l\u2019int\u00e9r\u00eat du pays est notre priorit\u00e9 et nous mettrons tout en \u0153uvre pour trouver une solution qui arrange tout le monde<\/em>\u00bb. <\/p>\n\n\n\n<p>Traduire : Ennahdha m\u00e9nage Qalb Tounes pour la forme, mais il n&rsquo;a aucun int\u00e9r\u00eat \u00e0 provoquer la chute du gouvernement Fakhfakh et la dissolution du parlement par le pr\u00e9sident de la r\u00e9publique Ka\u00efs Sa\u00efed, qui s&rsquo;en suivra, craignant la mont\u00e9e annonc\u00e9e du Parti destourien libre (PDL) de Abir Moussi, son ennemie jur\u00e9e, dont les sondages soulignent l&rsquo;irr\u00e9pressible mont\u00e9e sur un fond de chute de popularit\u00e9 de tous les autres partis. <\/p>\n\n\n\n<p class=\"has-text-align-right\"><strong>Y. N.<\/strong><\/p>\n\n\n\n<figure class=\"wp-block-embed-wordpress wp-block-embed is-type-wp-embed is-provider-kapitalis\"><div class=\"wp-block-embed__wrapper\">\n<blockquote class=\"wp-embedded-content\" data-secret=\"lx9gs7bI2f\"><a href=\"https:\/\/kapitalis.com\/tunisie\/2020\/02\/11\/elyes-fakhfakh-de-nouveau-embete-par-les-demandes-du-duo-ghannouchi-karoui\/\">Elyes Fakhfakh de nouveau emb\u00eat\u00e9 par les demandes du duo Ghannouchi &#8211; Karoui ?<\/a><\/blockquote><iframe loading=\"lazy\" class=\"wp-embedded-content\" sandbox=\"allow-scripts\" security=\"restricted\" style=\"position: absolute; clip: rect(1px, 1px, 1px, 1px);\" title=\"\u00ab\u00a0Elyes Fakhfakh de nouveau emb\u00eat\u00e9 par les demandes du duo Ghannouchi &#8211; Karoui ?\u00a0\u00bb &#8212; Kapitalis\" src=\"https:\/\/kapitalis.com\/tunisie\/2020\/02\/11\/elyes-fakhfakh-de-nouveau-embete-par-les-demandes-du-duo-ghannouchi-karoui\/embed\/#?secret=CSGouVWri5#?secret=lx9gs7bI2f\" data-secret=\"lx9gs7bI2f\" width=\"600\" height=\"338\" frameborder=\"0\" marginwidth=\"0\" marginheight=\"0\" scrolling=\"no\"><\/iframe>\n<\/div><\/figure>\n\n\n\n<figure class=\"wp-block-embed-wordpress wp-block-embed is-type-wp-embed is-provider-kapitalis\"><div class=\"wp-block-embed__wrapper\">\n<blockquote class=\"wp-embedded-content\" data-secret=\"0xQe2DpM1Z\"><a href=\"https:\/\/kapitalis.com\/tunisie\/2020\/02\/05\/fakhfakh-refuse-les-conditions-dennahdha-qalb-tounes-ne-sera-pas-dans-le-gouvernement\/\">Fakhfakh refuse les conditions d&rsquo;Ennahdha : Qalb Tounes ne sera pas dans le gouvernement<\/a><\/blockquote><iframe loading=\"lazy\" class=\"wp-embedded-content\" sandbox=\"allow-scripts\" security=\"restricted\" style=\"position: absolute; clip: rect(1px, 1px, 1px, 1px);\" title=\"\u00ab\u00a0Fakhfakh refuse les conditions d&rsquo;Ennahdha : Qalb Tounes ne sera pas dans le gouvernement\u00a0\u00bb &#8212; Kapitalis\" src=\"https:\/\/kapitalis.com\/tunisie\/2020\/02\/05\/fakhfakh-refuse-les-conditions-dennahdha-qalb-tounes-ne-sera-pas-dans-le-gouvernement\/embed\/#?secret=B0MmSHiu7m#?secret=0xQe2DpM1Z\" data-secret=\"0xQe2DpM1Z\" width=\"600\" height=\"338\" frameborder=\"0\" marginwidth=\"0\" marginheight=\"0\" scrolling=\"no\"><\/iframe>\n<\/div><\/figure>\n","protected":false},"excerpt":{"rendered":"<p>Imed Khemiri, porte-parole du parti islamiste Ennahdha, estime que la situation du pays ne supporte pas la tenue d&rsquo;\u00e9lections anticip\u00e9es et que son parti pourrait voter la confiance au gouvernement Fakhfakh, sans pour autant y participer. \u00abPour l\u2019int\u00e9r\u00eat du pays, le gouvernement doit passer\u00bb, a-t-il dit.<\/p>\n","protected":false},"author":6,"featured_media":280712,"comment_status":"open","ping_status":"open","sticky":false,"template":"","format":"standard","meta":{"footnotes":""},"categories":[997,2433,4806],"tags":[71026,73457,63723,49543,418,27831,1312,61989],"class_list":["post-280709","post","type-post","status-publish","format-standard","has-post-thumbnail","hentry","category-politique","category-tunisie","category-videos","tag-composition-gouvernement","tag-elections-anticipees","tag-elyes-fakhfakh","tag-ennahdha","tag-gouvernement","tag-imed-khemiri","tag-parti-islamiste","tag-qalb-tounes"],"yoast_head":"<!-- This site is optimized with the Yoast SEO plugin v26.6 - https:\/\/yoast.com\/wordpress\/plugins\/seo\/ -->\n<title>Imed Khemiri (Ennahdha) : \u00abPour l\u2019int\u00e9r\u00eat du pays, le gouvernement Fakhfakh doit passer\u00bb (Vid\u00e9o) - Kapitalis<\/title>\n<meta name=\"robots\" content=\"index, follow, max-snippet:-1, max-image-preview:large, max-video-preview:-1\" \/>\n<link rel=\"canonical\" href=\"https:\/\/kapitalis.com\/tunisie\/2020\/02\/12\/imed-khemiri-ennahdha-pour-linteret-du-pays-le-gouvernement-fakhfakh-doit-passer-video\/\" \/>\n<meta property=\"og:locale\" content=\"fr_FR\" \/>\n<meta property=\"og:type\" content=\"article\" \/>\n<meta property=\"og:title\" content=\"Imed Khemiri (Ennahdha) : \u00abPour l\u2019int\u00e9r\u00eat du pays, le gouvernement Fakhfakh doit passer\u00bb (Vid\u00e9o) - Kapitalis\" \/>\n<meta property=\"og:description\" content=\"Imed Khemiri, porte-parole du parti islamiste Ennahdha, estime que la situation du pays ne supporte pas la tenue d&rsquo;\u00e9lections anticip\u00e9es et que son parti pourrait voter la confiance au gouvernement Fakhfakh, sans pour autant y participer. \u00abPour l\u2019int\u00e9r\u00eat du pays, le gouvernement doit passer\u00bb, a-t-il dit.\" \/>\n<meta property=\"og:url\" content=\"https:\/\/kapitalis.com\/tunisie\/2020\/02\/12\/imed-khemiri-ennahdha-pour-linteret-du-pays-le-gouvernement-fakhfakh-doit-passer-video\/\" \/>\n<meta property=\"og:site_name\" content=\"Kapitalis\" \/>\n<meta property=\"article:publisher\" content=\"https:\/\/www.facebook.com\/KapitalisInfo\/\" \/>\n<meta property=\"article:published_time\" content=\"2020-02-12T20:39:09+00:00\" \/>\n<meta property=\"article:modified_time\" content=\"2020-02-13T06:31:49+00:00\" \/>\n<meta property=\"og:image\" content=\"https:\/\/kapitalis.com\/tunisie\/wp-content\/uploads\/2022\/05\/kapitalis-logo-fb.png\" \/>\n\t<meta property=\"og:image:width\" content=\"1200\" \/>\n\t<meta property=\"og:image:height\" content=\"630\" \/>\n\t<meta property=\"og:image:type\" content=\"image\/png\" \/>\n<meta name=\"author\" content=\"Yusra NY\" \/>\n<meta name=\"twitter:card\" content=\"summary_large_image\" \/>\n<meta name=\"twitter:creator\" content=\"@KapitalisInfo\" \/>\n<meta name=\"twitter:site\" content=\"@KapitalisInfo\" \/>\n<meta name=\"twitter:label1\" content=\"\u00c9crit par\" \/>\n\t<meta name=\"twitter:data1\" content=\"Yusra NY\" \/>\n\t<meta name=\"twitter:label2\" content=\"Dur\u00e9e de lecture estim\u00e9e\" \/>\n\t<meta name=\"twitter:data2\" content=\"2 minutes\" \/>\n<script type=\"application\/ld+json\" class=\"yoast-schema-graph\">{\"@context\":\"https:\/\/schema.org\",\"@graph\":[{\"@type\":\"Article\",\"@id\":\"https:\/\/kapitalis.com\/tunisie\/2020\/02\/12\/imed-khemiri-ennahdha-pour-linteret-du-pays-le-gouvernement-fakhfakh-doit-passer-video\/#article\",\"isPartOf\":{\"@id\":\"https:\/\/kapitalis.com\/tunisie\/2020\/02\/12\/imed-khemiri-ennahdha-pour-linteret-du-pays-le-gouvernement-fakhfakh-doit-passer-video\/\"},\"author\":{\"name\":\"Yusra NY\",\"@id\":\"https:\/\/kapitalis.com\/tunisie\/#\/schema\/person\/74bbde0154d49d790a92aaeac5bc01d5\"},\"headline\":\"Imed Khemiri (Ennahdha) : \u00abPour l\u2019int\u00e9r\u00eat du pays, le gouvernement Fakhfakh doit passer\u00bb (Vid\u00e9o)\",\"datePublished\":\"2020-02-12T20:39:09+00:00\",\"dateModified\":\"2020-02-13T06:31:49+00:00\",\"mainEntityOfPage\":{\"@id\":\"https:\/\/kapitalis.com\/tunisie\/2020\/02\/12\/imed-khemiri-ennahdha-pour-linteret-du-pays-le-gouvernement-fakhfakh-doit-passer-video\/\"},\"wordCount\":435,\"commentCount\":5,\"publisher\":{\"@id\":\"https:\/\/kapitalis.com\/tunisie\/#organization\"},\"image\":{\"@id\":\"https:\/\/kapitalis.com\/tunisie\/2020\/02\/12\/imed-khemiri-ennahdha-pour-linteret-du-pays-le-gouvernement-fakhfakh-doit-passer-video\/#primaryimage\"},\"thumbnailUrl\":\"\",\"keywords\":[\"composition gouvernement\",\"\u00e9lections anticip\u00e9es\",\"Ely\u00e8s Fakhfakh\",\"Ennahdha\",\"gouvernement\",\"Imed Khemiri\",\"parti islamiste\",\"Qalb Tounes\"],\"articleSection\":[\"POLITIQUE\",\"Tunisie\",\"VIDEOS\"],\"inLanguage\":\"fr-FR\",\"potentialAction\":[{\"@type\":\"CommentAction\",\"name\":\"Comment\",\"target\":[\"https:\/\/kapitalis.com\/tunisie\/2020\/02\/12\/imed-khemiri-ennahdha-pour-linteret-du-pays-le-gouvernement-fakhfakh-doit-passer-video\/#respond\"]}]},{\"@type\":\"WebPage\",\"@id\":\"https:\/\/kapitalis.com\/tunisie\/2020\/02\/12\/imed-khemiri-ennahdha-pour-linteret-du-pays-le-gouvernement-fakhfakh-doit-passer-video\/\",\"url\":\"https:\/\/kapitalis.com\/tunisie\/2020\/02\/12\/imed-khemiri-ennahdha-pour-linteret-du-pays-le-gouvernement-fakhfakh-doit-passer-video\/\",\"name\":\"Imed Khemiri (Ennahdha) : \u00abPour l\u2019int\u00e9r\u00eat du pays, le gouvernement Fakhfakh doit passer\u00bb (Vid\u00e9o) - Kapitalis\",\"isPartOf\":{\"@id\":\"https:\/\/kapitalis.com\/tunisie\/#website\"},\"primaryImageOfPage\":{\"@id\":\"https:\/\/kapitalis.com\/tunisie\/2020\/02\/12\/imed-khemiri-ennahdha-pour-linteret-du-pays-le-gouvernement-fakhfakh-doit-passer-video\/#primaryimage\"},\"image\":{\"@id\":\"https:\/\/kapitalis.com\/tunisie\/2020\/02\/12\/imed-khemiri-ennahdha-pour-linteret-du-pays-le-gouvernement-fakhfakh-doit-passer-video\/#primaryimage\"},\"thumbnailUrl\":\"\",\"datePublished\":\"2020-02-12T20:39:09+00:00\",\"dateModified\":\"2020-02-13T06:31:49+00:00\",\"breadcrumb\":{\"@id\":\"https:\/\/kapitalis.com\/tunisie\/2020\/02\/12\/imed-khemiri-ennahdha-pour-linteret-du-pays-le-gouvernement-fakhfakh-doit-passer-video\/#breadcrumb\"},\"inLanguage\":\"fr-FR\",\"potentialAction\":[{\"@type\":\"ReadAction\",\"target\":[\"https:\/\/kapitalis.com\/tunisie\/2020\/02\/12\/imed-khemiri-ennahdha-pour-linteret-du-pays-le-gouvernement-fakhfakh-doit-passer-video\/\"]}]},{\"@type\":\"ImageObject\",\"inLanguage\":\"fr-FR\",\"@id\":\"https:\/\/kapitalis.com\/tunisie\/2020\/02\/12\/imed-khemiri-ennahdha-pour-linteret-du-pays-le-gouvernement-fakhfakh-doit-passer-video\/#primaryimage\",\"url\":\"\",\"contentUrl\":\"\"},{\"@type\":\"BreadcrumbList\",\"@id\":\"https:\/\/kapitalis.com\/tunisie\/2020\/02\/12\/imed-khemiri-ennahdha-pour-linteret-du-pays-le-gouvernement-fakhfakh-doit-passer-video\/#breadcrumb\",\"itemListElement\":[{\"@type\":\"ListItem\",\"position\":1,\"name\":\"Accueil\",\"item\":\"https:\/\/kapitalis.com\/tunisie\/\"},{\"@type\":\"ListItem\",\"position\":2,\"name\":\"Imed Khemiri (Ennahdha) : \u00abPour l\u2019int\u00e9r\u00eat du pays, le gouvernement Fakhfakh doit passer\u00bb (Vid\u00e9o)\"}]},{\"@type\":\"WebSite\",\"@id\":\"https:\/\/kapitalis.com\/tunisie\/#website\",\"url\":\"https:\/\/kapitalis.com\/tunisie\/\",\"name\":\"Kapitalis\",\"description\":\"L&#039;actualit\u00e9 en Tunisie et dans le monde\",\"publisher\":{\"@id\":\"https:\/\/kapitalis.com\/tunisie\/#organization\"},\"potentialAction\":[{\"@type\":\"SearchAction\",\"target\":{\"@type\":\"EntryPoint\",\"urlTemplate\":\"https:\/\/kapitalis.com\/tunisie\/?s={search_term_string}\"},\"query-input\":{\"@type\":\"PropertyValueSpecification\",\"valueRequired\":true,\"valueName\":\"search_term_string\"}}],\"inLanguage\":\"fr-FR\"},{\"@type\":\"Organization\",\"@id\":\"https:\/\/kapitalis.com\/tunisie\/#organization\",\"name\":\"Kapitalis\",\"url\":\"https:\/\/kapitalis.com\/tunisie\/\",\"logo\":{\"@type\":\"ImageObject\",\"inLanguage\":\"fr-FR\",\"@id\":\"https:\/\/kapitalis.com\/tunisie\/#\/schema\/logo\/image\/\",\"url\":\"https:\/\/kapitalis.com\/tunisie\/wp-content\/uploads\/2022\/05\/Kapitalis-big-size.png\",\"contentUrl\":\"https:\/\/kapitalis.com\/tunisie\/wp-content\/uploads\/2022\/05\/Kapitalis-big-size.png\",\"width\":5000,\"height\":1500,\"caption\":\"Kapitalis\"},\"image\":{\"@id\":\"https:\/\/kapitalis.com\/tunisie\/#\/schema\/logo\/image\/\"},\"sameAs\":[\"https:\/\/www.facebook.com\/KapitalisInfo\/\",\"https:\/\/x.com\/KapitalisInfo\",\"https:\/\/www.youtube.com\/channel\/UC-yDYrHyfFBWWZaOw3FPg9Q\"]},{\"@type\":\"Person\",\"@id\":\"https:\/\/kapitalis.com\/tunisie\/#\/schema\/person\/74bbde0154d49d790a92aaeac5bc01d5\",\"name\":\"Yusra NY\",\"url\":\"https:\/\/kapitalis.com\/tunisie\/author\/yuza_adam\/\"}]}<\/script>\n<!-- \/ Yoast SEO plugin. -->","yoast_head_json":{"title":"Imed Khemiri (Ennahdha) : \u00abPour l\u2019int\u00e9r\u00eat du pays, le gouvernement Fakhfakh doit passer\u00bb (Vid\u00e9o) - Kapitalis","robots":{"index":"index","follow":"follow","max-snippet":"max-snippet:-1","max-image-preview":"max-image-preview:large","max-video-preview":"max-video-preview:-1"},"canonical":"https:\/\/kapitalis.com\/tunisie\/2020\/02\/12\/imed-khemiri-ennahdha-pour-linteret-du-pays-le-gouvernement-fakhfakh-doit-passer-video\/","og_locale":"fr_FR","og_type":"article","og_title":"Imed Khemiri (Ennahdha) : \u00abPour l\u2019int\u00e9r\u00eat du pays, le gouvernement Fakhfakh doit passer\u00bb (Vid\u00e9o) - Kapitalis","og_description":"Imed Khemiri, porte-parole du parti islamiste Ennahdha, estime que la situation du pays ne supporte pas la tenue d&rsquo;\u00e9lections anticip\u00e9es et que son parti pourrait voter la confiance au gouvernement Fakhfakh, sans pour autant y participer. \u00abPour l\u2019int\u00e9r\u00eat du pays, le gouvernement doit passer\u00bb, a-t-il dit.","og_url":"https:\/\/kapitalis.com\/tunisie\/2020\/02\/12\/imed-khemiri-ennahdha-pour-linteret-du-pays-le-gouvernement-fakhfakh-doit-passer-video\/","og_site_name":"Kapitalis","article_publisher":"https:\/\/www.facebook.com\/KapitalisInfo\/","article_published_time":"2020-02-12T20:39:09+00:00","article_modified_time":"2020-02-13T06:31:49+00:00","og_image":[{"width":1200,"height":630,"url":"https:\/\/kapitalis.com\/tunisie\/wp-content\/uploads\/2022\/05\/kapitalis-logo-fb.png","type":"image\/png"}],"author":"Yusra NY","twitter_card":"summary_large_image","twitter_creator":"@KapitalisInfo","twitter_site":"@KapitalisInfo","twitter_misc":{"\u00c9crit par":"Yusra NY","Dur\u00e9e de lecture estim\u00e9e":"2 minutes"},"schema":{"@context":"https:\/\/schema.org","@graph":[{"@type":"Article","@id":"https:\/\/kapitalis.com\/tunisie\/2020\/02\/12\/imed-khemiri-ennahdha-pour-linteret-du-pays-le-gouvernement-fakhfakh-doit-passer-video\/#article","isPartOf":{"@id":"https:\/\/kapitalis.com\/tunisie\/2020\/02\/12\/imed-khemiri-ennahdha-pour-linteret-du-pays-le-gouvernement-fakhfakh-doit-passer-video\/"},"author":{"name":"Yusra NY","@id":"https:\/\/kapitalis.com\/tunisie\/#\/schema\/person\/74bbde0154d49d790a92aaeac5bc01d5"},"headline":"Imed Khemiri (Ennahdha) : \u00abPour l\u2019int\u00e9r\u00eat du pays, le gouvernement Fakhfakh doit passer\u00bb (Vid\u00e9o)","datePublished":"2020-02-12T20:39:09+00:00","dateModified":"2020-02-13T06:31:49+00:00","mainEntityOfPage":{"@id":"https:\/\/kapitalis.com\/tunisie\/2020\/02\/12\/imed-khemiri-ennahdha-pour-linteret-du-pays-le-gouvernement-fakhfakh-doit-passer-video\/"},"wordCount":435,"commentCount":5,"publisher":{"@id":"https:\/\/kapitalis.com\/tunisie\/#organization"},"image":{"@id":"https:\/\/kapitalis.com\/tunisie\/2020\/02\/12\/imed-khemiri-ennahdha-pour-linteret-du-pays-le-gouvernement-fakhfakh-doit-passer-video\/#primaryimage"},"thumbnailUrl":"","keywords":["composition gouvernement","\u00e9lections anticip\u00e9es","Ely\u00e8s Fakhfakh","Ennahdha","gouvernement","Imed Khemiri","parti islamiste","Qalb Tounes"],"articleSection":["POLITIQUE","Tunisie","VIDEOS"],"inLanguage":"fr-FR","potentialAction":[{"@type":"CommentAction","name":"Comment","target":["https:\/\/kapitalis.com\/tunisie\/2020\/02\/12\/imed-khemiri-ennahdha-pour-linteret-du-pays-le-gouvernement-fakhfakh-doit-passer-video\/#respond"]}]},{"@type":"WebPage","@id":"https:\/\/kapitalis.com\/tunisie\/2020\/02\/12\/imed-khemiri-ennahdha-pour-linteret-du-pays-le-gouvernement-fakhfakh-doit-passer-video\/","url":"https:\/\/kapitalis.com\/tunisie\/2020\/02\/12\/imed-khemiri-ennahdha-pour-linteret-du-pays-le-gouvernement-fakhfakh-doit-passer-video\/","name":"Imed Khemiri (Ennahdha) : \u00abPour l\u2019int\u00e9r\u00eat du pays, le gouvernement Fakhfakh doit passer\u00bb (Vid\u00e9o) - Kapitalis","isPartOf":{"@id":"https:\/\/kapitalis.com\/tunisie\/#website"},"primaryImageOfPage":{"@id":"https:\/\/kapitalis.com\/tunisie\/2020\/02\/12\/imed-khemiri-ennahdha-pour-linteret-du-pays-le-gouvernement-fakhfakh-doit-passer-video\/#primaryimage"},"image":{"@id":"https:\/\/kapitalis.com\/tunisie\/2020\/02\/12\/imed-khemiri-ennahdha-pour-linteret-du-pays-le-gouvernement-fakhfakh-doit-passer-video\/#primaryimage"},"thumbnailUrl":"","datePublished":"2020-02-12T20:39:09+00:00","dateModified":"2020-02-13T06:31:49+00:00","breadcrumb":{"@id":"https:\/\/kapitalis.com\/tunisie\/2020\/02\/12\/imed-khemiri-ennahdha-pour-linteret-du-pays-le-gouvernement-fakhfakh-doit-passer-video\/#breadcrumb"},"inLanguage":"fr-FR","potentialAction":[{"@type":"ReadAction","target":["https:\/\/kapitalis.com\/tunisie\/2020\/02\/12\/imed-khemiri-ennahdha-pour-linteret-du-pays-le-gouvernement-fakhfakh-doit-passer-video\/"]}]},{"@type":"ImageObject","inLanguage":"fr-FR","@id":"https:\/\/kapitalis.com\/tunisie\/2020\/02\/12\/imed-khemiri-ennahdha-pour-linteret-du-pays-le-gouvernement-fakhfakh-doit-passer-video\/#primaryimage","url":"","contentUrl":""},{"@type":"BreadcrumbList","@id":"https:\/\/kapitalis.com\/tunisie\/2020\/02\/12\/imed-khemiri-ennahdha-pour-linteret-du-pays-le-gouvernement-fakhfakh-doit-passer-video\/#breadcrumb","itemListElement":[{"@type":"ListItem","position":1,"name":"Accueil","item":"https:\/\/kapitalis.com\/tunisie\/"},{"@type":"ListItem","position":2,"name":"Imed Khemiri (Ennahdha) : \u00abPour l\u2019int\u00e9r\u00eat du pays, le gouvernement Fakhfakh doit passer\u00bb (Vid\u00e9o)"}]},{"@type":"WebSite","@id":"https:\/\/kapitalis.com\/tunisie\/#website","url":"https:\/\/kapitalis.com\/tunisie\/","name":"Kapitalis","description":"L&#039;actualit\u00e9 en Tunisie et dans le monde","publisher":{"@id":"https:\/\/kapitalis.com\/tunisie\/#organization"},"potentialAction":[{"@type":"SearchAction","target":{"@type":"EntryPoint","urlTemplate":"https:\/\/kapitalis.com\/tunisie\/?s={search_term_string}"},"query-input":{"@type":"PropertyValueSpecification","valueRequired":true,"valueName":"search_term_string"}}],"inLanguage":"fr-FR"},{"@type":"Organization","@id":"https:\/\/kapitalis.com\/tunisie\/#organization","name":"Kapitalis","url":"https:\/\/kapitalis.com\/tunisie\/","logo":{"@type":"ImageObject","inLanguage":"fr-FR","@id":"https:\/\/kapitalis.com\/tunisie\/#\/schema\/logo\/image\/","url":"https:\/\/kapitalis.com\/tunisie\/wp-content\/uploads\/2022\/05\/Kapitalis-big-size.png","contentUrl":"https:\/\/kapitalis.com\/tunisie\/wp-content\/uploads\/2022\/05\/Kapitalis-big-size.png","width":5000,"height":1500,"caption":"Kapitalis"},"image":{"@id":"https:\/\/kapitalis.com\/tunisie\/#\/schema\/logo\/image\/"},"sameAs":["https:\/\/www.facebook.com\/KapitalisInfo\/","https:\/\/x.com\/KapitalisInfo","https:\/\/www.youtube.com\/channel\/UC-yDYrHyfFBWWZaOw3FPg9Q"]},{"@type":"Person","@id":"https:\/\/kapitalis.com\/tunisie\/#\/schema\/person\/74bbde0154d49d790a92aaeac5bc01d5","name":"Yusra NY","url":"https:\/\/kapitalis.com\/tunisie\/author\/yuza_adam\/"}]}},"_links":{"self":[{"href":"https:\/\/kapitalis.com\/tunisie\/wp-json\/wp\/v2\/posts\/280709","targetHints":{"allow":["GET"]}}],"collection":[{"href":"https:\/\/kapitalis.com\/tunisie\/wp-json\/wp\/v2\/posts"}],"about":[{"href":"https:\/\/kapitalis.com\/tunisie\/wp-json\/wp\/v2\/types\/post"}],"author":[{"embeddable":true,"href":"https:\/\/kapitalis.com\/tunisie\/wp-json\/wp\/v2\/users\/6"}],"replies":[{"embeddable":true,"href":"https:\/\/kapitalis.com\/tunisie\/wp-json\/wp\/v2\/comments?post=280709"}],"version-history":[{"count":0,"href":"https:\/\/kapitalis.com\/tunisie\/wp-json\/wp\/v2\/posts\/280709\/revisions"}],"wp:featuredmedia":[{"embeddable":true,"href":"https:\/\/kapitalis.com\/tunisie\/wp-json\/wp\/v2\/media\/280712"}],"wp:attachment":[{"href":"https:\/\/kapitalis.com\/tunisie\/wp-json\/wp\/v2\/media?parent=280709"}],"wp:term":[{"taxonomy":"category","embeddable":true,"href":"https:\/\/kapitalis.com\/tunisie\/wp-json\/wp\/v2\/categories?post=280709"},{"taxonomy":"post_tag","embeddable":true,"href":"https:\/\/kapitalis.com\/tunisie\/wp-json\/wp\/v2\/tags?post=280709"}],"curies":[{"name":"wp","href":"https:\/\/api.w.org\/{rel}","templated":true}]}}