{"id":280755,"date":"2020-02-13T11:44:37","date_gmt":"2020-02-13T10:44:37","guid":{"rendered":"http:\/\/kapitalis.com\/tunisie\/?p=280755"},"modified":"2020-02-13T11:44:42","modified_gmt":"2020-02-13T10:44:42","slug":"seminaire-sur-lenseignement-en-dialecte-tunisien","status":"publish","type":"post","link":"https:\/\/kapitalis.com\/tunisie\/2020\/02\/13\/seminaire-sur-lenseignement-en-dialecte-tunisien\/","title":{"rendered":"S\u00e9minaire sur l&rsquo;enseignement en dialecte tunisien"},"content":{"rendered":"\n<figure class=\"wp-block-image size-large\"><img decoding=\"async\" src=\"http:\/\/kapitalis.com\/tunisie\/wp-content\/uploads\/2020\/02\/Dar-Derja.jpg\" alt=\"\" class=\"wp-image-280767\"\/><\/figure>\n\n\n\n<p><strong><em>L\u2019association <a rel=\"noreferrer noopener\" aria-label=\"Derja (s\u2019ouvre dans un nouvel onglet)\" href=\"http:\/\/www.bettounsi.com\/index.html\" target=\"_blank\">Derja<\/a>, d\u00e9di\u00e9e \u00e0 la d\u00e9fense de l&rsquo;arabe usuel tunisien, organise, le samedi 22 f\u00e9vrier 2020, un s\u00e9minaire sur le th\u00e8me : \u00abEnseignement du tounsi, enseignement en tounsi\u00bb, \u00e0 l\u2019Universit\u00e9 centrale de Tunis, au 66 avenue Mohamed V \u00e0 Tunis. <\/em><\/strong><\/p>\n\n\n\n<!--more-->\n\n\n\n<p>Des enseignants et des chercheurs universitaires feront des pr\u00e9sentations, suivies de d\u00e9bats. <\/p>\n\n\n\n<p>De m\u00eame, une exposition de livres r\u00e9dig\u00e9s en dialecte tunisien sera organis\u00e9e, ainsi qu&rsquo;une c\u00e9r\u00e9monie de reconnaissance des meilleurs oeuvres en 2019 en arabe dialectal, baptis\u00e9e prix Ali Douagi, prix Abdelaziz Laroui et prix H\u00e9di Balegh.<\/p>\n\n\n\n<p>A cette occasion, le lancement du projet <em>\u00abLa Maison de la langue tunisienne\u00bb<\/em> sera annonc\u00e9.   <\/p>\n\n\n\n<p>Derja est une association d\u00e9di\u00e9e \u00e0 la promotion et \u00e0 la valorisation du dialecte tunisien, qui puise ses racines de la p\u00e9riode punico-berb\u00e8re, enrichie, \u00e0 travers l&rsquo;histoire et gr\u00e2ce aux brassages culturels successifs, par l\u2019arabe et plusieurs langues \u00e9trang\u00e8res : le turc, l&rsquo;espagnol, l&rsquo;italien, le maltais et autres fran\u00e7ais.<\/p>\n\n\n\n<p class=\"has-text-align-right\"><strong>A. M.<\/strong><\/p>\n","protected":false},"excerpt":{"rendered":"<p>L\u2019association Derja, d\u00e9di\u00e9e \u00e0 la d\u00e9fense de l&rsquo;arabe usuel tunisien, organise, le samedi 22 f\u00e9vrier 2020, un s\u00e9minaire sur le th\u00e8me : \u00abEnseignement du tounsi, enseignement en tounsi\u00bb, \u00e0 l\u2019Universit\u00e9 centrale de Tunis, au 66 avenue Mohamed V \u00e0 Tunis.<\/p>\n","protected":false},"author":22,"featured_media":280767,"comment_status":"open","ping_status":"open","sticky":false,"template":"","format":"standard","meta":{"footnotes":""},"categories":[994,2433],"tags":[],"class_list":["post-280755","post","type-post","status-publish","format-standard","has-post-thumbnail","hentry","category-culture","category-tunisie"],"yoast_head":"<!-- This site is optimized with the Yoast SEO plugin v26.6 - https:\/\/yoast.com\/wordpress\/plugins\/seo\/ -->\n<title>S\u00e9minaire sur l&#039;enseignement en dialecte tunisien - Kapitalis<\/title>\n<meta name=\"robots\" content=\"index, follow, max-snippet:-1, max-image-preview:large, max-video-preview:-1\" \/>\n<link rel=\"canonical\" href=\"https:\/\/kapitalis.com\/tunisie\/2020\/02\/13\/seminaire-sur-lenseignement-en-dialecte-tunisien\/\" \/>\n<meta property=\"og:locale\" content=\"fr_FR\" \/>\n<meta property=\"og:type\" content=\"article\" \/>\n<meta property=\"og:title\" content=\"S\u00e9minaire sur l&#039;enseignement en dialecte tunisien - Kapitalis\" \/>\n<meta property=\"og:description\" content=\"L\u2019association Derja, d\u00e9di\u00e9e \u00e0 la d\u00e9fense de l&rsquo;arabe usuel tunisien, organise, le samedi 22 f\u00e9vrier 2020, un s\u00e9minaire sur le th\u00e8me : \u00abEnseignement du tounsi, enseignement en tounsi\u00bb, \u00e0 l\u2019Universit\u00e9 centrale de Tunis, au 66 avenue Mohamed V \u00e0 Tunis.\" \/>\n<meta property=\"og:url\" content=\"https:\/\/kapitalis.com\/tunisie\/2020\/02\/13\/seminaire-sur-lenseignement-en-dialecte-tunisien\/\" \/>\n<meta property=\"og:site_name\" content=\"Kapitalis\" \/>\n<meta property=\"article:publisher\" content=\"https:\/\/www.facebook.com\/KapitalisInfo\/\" \/>\n<meta property=\"article:published_time\" content=\"2020-02-13T10:44:37+00:00\" \/>\n<meta property=\"article:modified_time\" content=\"2020-02-13T10:44:42+00:00\" \/>\n<meta property=\"og:image\" content=\"https:\/\/kapitalis.com\/tunisie\/wp-content\/uploads\/2022\/05\/kapitalis-logo-fb.png\" \/>\n\t<meta property=\"og:image:width\" content=\"1200\" \/>\n\t<meta property=\"og:image:height\" content=\"630\" \/>\n\t<meta property=\"og:image:type\" content=\"image\/png\" \/>\n<meta name=\"author\" content=\"Amina Mkada\" \/>\n<meta name=\"twitter:card\" content=\"summary_large_image\" \/>\n<meta name=\"twitter:creator\" content=\"@KapitalisInfo\" \/>\n<meta name=\"twitter:site\" content=\"@KapitalisInfo\" \/>\n<meta name=\"twitter:label1\" content=\"\u00c9crit par\" \/>\n\t<meta name=\"twitter:data1\" content=\"Amina Mkada\" \/>\n\t<meta name=\"twitter:label2\" content=\"Dur\u00e9e de lecture estim\u00e9e\" \/>\n\t<meta name=\"twitter:data2\" content=\"1 minute\" \/>\n<script type=\"application\/ld+json\" class=\"yoast-schema-graph\">{\"@context\":\"https:\/\/schema.org\",\"@graph\":[{\"@type\":\"Article\",\"@id\":\"https:\/\/kapitalis.com\/tunisie\/2020\/02\/13\/seminaire-sur-lenseignement-en-dialecte-tunisien\/#article\",\"isPartOf\":{\"@id\":\"https:\/\/kapitalis.com\/tunisie\/2020\/02\/13\/seminaire-sur-lenseignement-en-dialecte-tunisien\/\"},\"author\":{\"name\":\"Amina Mkada\",\"@id\":\"https:\/\/kapitalis.com\/tunisie\/#\/schema\/person\/093913313d3017554cb3ad077fff3fbd\"},\"headline\":\"S\u00e9minaire sur l&rsquo;enseignement en dialecte tunisien\",\"datePublished\":\"2020-02-13T10:44:37+00:00\",\"dateModified\":\"2020-02-13T10:44:42+00:00\",\"mainEntityOfPage\":{\"@id\":\"https:\/\/kapitalis.com\/tunisie\/2020\/02\/13\/seminaire-sur-lenseignement-en-dialecte-tunisien\/\"},\"wordCount\":175,\"commentCount\":1,\"publisher\":{\"@id\":\"https:\/\/kapitalis.com\/tunisie\/#organization\"},\"image\":{\"@id\":\"https:\/\/kapitalis.com\/tunisie\/2020\/02\/13\/seminaire-sur-lenseignement-en-dialecte-tunisien\/#primaryimage\"},\"thumbnailUrl\":\"\",\"articleSection\":[\"CULTURE\",\"Tunisie\"],\"inLanguage\":\"fr-FR\",\"potentialAction\":[{\"@type\":\"CommentAction\",\"name\":\"Comment\",\"target\":[\"https:\/\/kapitalis.com\/tunisie\/2020\/02\/13\/seminaire-sur-lenseignement-en-dialecte-tunisien\/#respond\"]}]},{\"@type\":\"WebPage\",\"@id\":\"https:\/\/kapitalis.com\/tunisie\/2020\/02\/13\/seminaire-sur-lenseignement-en-dialecte-tunisien\/\",\"url\":\"https:\/\/kapitalis.com\/tunisie\/2020\/02\/13\/seminaire-sur-lenseignement-en-dialecte-tunisien\/\",\"name\":\"S\u00e9minaire sur l'enseignement en dialecte tunisien - Kapitalis\",\"isPartOf\":{\"@id\":\"https:\/\/kapitalis.com\/tunisie\/#website\"},\"primaryImageOfPage\":{\"@id\":\"https:\/\/kapitalis.com\/tunisie\/2020\/02\/13\/seminaire-sur-lenseignement-en-dialecte-tunisien\/#primaryimage\"},\"image\":{\"@id\":\"https:\/\/kapitalis.com\/tunisie\/2020\/02\/13\/seminaire-sur-lenseignement-en-dialecte-tunisien\/#primaryimage\"},\"thumbnailUrl\":\"\",\"datePublished\":\"2020-02-13T10:44:37+00:00\",\"dateModified\":\"2020-02-13T10:44:42+00:00\",\"breadcrumb\":{\"@id\":\"https:\/\/kapitalis.com\/tunisie\/2020\/02\/13\/seminaire-sur-lenseignement-en-dialecte-tunisien\/#breadcrumb\"},\"inLanguage\":\"fr-FR\",\"potentialAction\":[{\"@type\":\"ReadAction\",\"target\":[\"https:\/\/kapitalis.com\/tunisie\/2020\/02\/13\/seminaire-sur-lenseignement-en-dialecte-tunisien\/\"]}]},{\"@type\":\"ImageObject\",\"inLanguage\":\"fr-FR\",\"@id\":\"https:\/\/kapitalis.com\/tunisie\/2020\/02\/13\/seminaire-sur-lenseignement-en-dialecte-tunisien\/#primaryimage\",\"url\":\"\",\"contentUrl\":\"\"},{\"@type\":\"BreadcrumbList\",\"@id\":\"https:\/\/kapitalis.com\/tunisie\/2020\/02\/13\/seminaire-sur-lenseignement-en-dialecte-tunisien\/#breadcrumb\",\"itemListElement\":[{\"@type\":\"ListItem\",\"position\":1,\"name\":\"Accueil\",\"item\":\"https:\/\/kapitalis.com\/tunisie\/\"},{\"@type\":\"ListItem\",\"position\":2,\"name\":\"S\u00e9minaire sur l&rsquo;enseignement en dialecte tunisien\"}]},{\"@type\":\"WebSite\",\"@id\":\"https:\/\/kapitalis.com\/tunisie\/#website\",\"url\":\"https:\/\/kapitalis.com\/tunisie\/\",\"name\":\"Kapitalis\",\"description\":\"L&#039;actualit\u00e9 en Tunisie et dans le monde\",\"publisher\":{\"@id\":\"https:\/\/kapitalis.com\/tunisie\/#organization\"},\"potentialAction\":[{\"@type\":\"SearchAction\",\"target\":{\"@type\":\"EntryPoint\",\"urlTemplate\":\"https:\/\/kapitalis.com\/tunisie\/?s={search_term_string}\"},\"query-input\":{\"@type\":\"PropertyValueSpecification\",\"valueRequired\":true,\"valueName\":\"search_term_string\"}}],\"inLanguage\":\"fr-FR\"},{\"@type\":\"Organization\",\"@id\":\"https:\/\/kapitalis.com\/tunisie\/#organization\",\"name\":\"Kapitalis\",\"url\":\"https:\/\/kapitalis.com\/tunisie\/\",\"logo\":{\"@type\":\"ImageObject\",\"inLanguage\":\"fr-FR\",\"@id\":\"https:\/\/kapitalis.com\/tunisie\/#\/schema\/logo\/image\/\",\"url\":\"https:\/\/kapitalis.com\/tunisie\/wp-content\/uploads\/2022\/05\/Kapitalis-big-size.png\",\"contentUrl\":\"https:\/\/kapitalis.com\/tunisie\/wp-content\/uploads\/2022\/05\/Kapitalis-big-size.png\",\"width\":5000,\"height\":1500,\"caption\":\"Kapitalis\"},\"image\":{\"@id\":\"https:\/\/kapitalis.com\/tunisie\/#\/schema\/logo\/image\/\"},\"sameAs\":[\"https:\/\/www.facebook.com\/KapitalisInfo\/\",\"https:\/\/x.com\/KapitalisInfo\",\"https:\/\/www.youtube.com\/channel\/UC-yDYrHyfFBWWZaOw3FPg9Q\"]},{\"@type\":\"Person\",\"@id\":\"https:\/\/kapitalis.com\/tunisie\/#\/schema\/person\/093913313d3017554cb3ad077fff3fbd\",\"name\":\"Amina Mkada\",\"url\":\"https:\/\/kapitalis.com\/tunisie\/author\/amina\/\"}]}<\/script>\n<!-- \/ Yoast SEO plugin. -->","yoast_head_json":{"title":"S\u00e9minaire sur l'enseignement en dialecte tunisien - Kapitalis","robots":{"index":"index","follow":"follow","max-snippet":"max-snippet:-1","max-image-preview":"max-image-preview:large","max-video-preview":"max-video-preview:-1"},"canonical":"https:\/\/kapitalis.com\/tunisie\/2020\/02\/13\/seminaire-sur-lenseignement-en-dialecte-tunisien\/","og_locale":"fr_FR","og_type":"article","og_title":"S\u00e9minaire sur l'enseignement en dialecte tunisien - Kapitalis","og_description":"L\u2019association Derja, d\u00e9di\u00e9e \u00e0 la d\u00e9fense de l&rsquo;arabe usuel tunisien, organise, le samedi 22 f\u00e9vrier 2020, un s\u00e9minaire sur le th\u00e8me : \u00abEnseignement du tounsi, enseignement en tounsi\u00bb, \u00e0 l\u2019Universit\u00e9 centrale de Tunis, au 66 avenue Mohamed V \u00e0 Tunis.","og_url":"https:\/\/kapitalis.com\/tunisie\/2020\/02\/13\/seminaire-sur-lenseignement-en-dialecte-tunisien\/","og_site_name":"Kapitalis","article_publisher":"https:\/\/www.facebook.com\/KapitalisInfo\/","article_published_time":"2020-02-13T10:44:37+00:00","article_modified_time":"2020-02-13T10:44:42+00:00","og_image":[{"width":1200,"height":630,"url":"https:\/\/kapitalis.com\/tunisie\/wp-content\/uploads\/2022\/05\/kapitalis-logo-fb.png","type":"image\/png"}],"author":"Amina Mkada","twitter_card":"summary_large_image","twitter_creator":"@KapitalisInfo","twitter_site":"@KapitalisInfo","twitter_misc":{"\u00c9crit par":"Amina Mkada","Dur\u00e9e de lecture estim\u00e9e":"1 minute"},"schema":{"@context":"https:\/\/schema.org","@graph":[{"@type":"Article","@id":"https:\/\/kapitalis.com\/tunisie\/2020\/02\/13\/seminaire-sur-lenseignement-en-dialecte-tunisien\/#article","isPartOf":{"@id":"https:\/\/kapitalis.com\/tunisie\/2020\/02\/13\/seminaire-sur-lenseignement-en-dialecte-tunisien\/"},"author":{"name":"Amina Mkada","@id":"https:\/\/kapitalis.com\/tunisie\/#\/schema\/person\/093913313d3017554cb3ad077fff3fbd"},"headline":"S\u00e9minaire sur l&rsquo;enseignement en dialecte tunisien","datePublished":"2020-02-13T10:44:37+00:00","dateModified":"2020-02-13T10:44:42+00:00","mainEntityOfPage":{"@id":"https:\/\/kapitalis.com\/tunisie\/2020\/02\/13\/seminaire-sur-lenseignement-en-dialecte-tunisien\/"},"wordCount":175,"commentCount":1,"publisher":{"@id":"https:\/\/kapitalis.com\/tunisie\/#organization"},"image":{"@id":"https:\/\/kapitalis.com\/tunisie\/2020\/02\/13\/seminaire-sur-lenseignement-en-dialecte-tunisien\/#primaryimage"},"thumbnailUrl":"","articleSection":["CULTURE","Tunisie"],"inLanguage":"fr-FR","potentialAction":[{"@type":"CommentAction","name":"Comment","target":["https:\/\/kapitalis.com\/tunisie\/2020\/02\/13\/seminaire-sur-lenseignement-en-dialecte-tunisien\/#respond"]}]},{"@type":"WebPage","@id":"https:\/\/kapitalis.com\/tunisie\/2020\/02\/13\/seminaire-sur-lenseignement-en-dialecte-tunisien\/","url":"https:\/\/kapitalis.com\/tunisie\/2020\/02\/13\/seminaire-sur-lenseignement-en-dialecte-tunisien\/","name":"S\u00e9minaire sur l'enseignement en dialecte tunisien - Kapitalis","isPartOf":{"@id":"https:\/\/kapitalis.com\/tunisie\/#website"},"primaryImageOfPage":{"@id":"https:\/\/kapitalis.com\/tunisie\/2020\/02\/13\/seminaire-sur-lenseignement-en-dialecte-tunisien\/#primaryimage"},"image":{"@id":"https:\/\/kapitalis.com\/tunisie\/2020\/02\/13\/seminaire-sur-lenseignement-en-dialecte-tunisien\/#primaryimage"},"thumbnailUrl":"","datePublished":"2020-02-13T10:44:37+00:00","dateModified":"2020-02-13T10:44:42+00:00","breadcrumb":{"@id":"https:\/\/kapitalis.com\/tunisie\/2020\/02\/13\/seminaire-sur-lenseignement-en-dialecte-tunisien\/#breadcrumb"},"inLanguage":"fr-FR","potentialAction":[{"@type":"ReadAction","target":["https:\/\/kapitalis.com\/tunisie\/2020\/02\/13\/seminaire-sur-lenseignement-en-dialecte-tunisien\/"]}]},{"@type":"ImageObject","inLanguage":"fr-FR","@id":"https:\/\/kapitalis.com\/tunisie\/2020\/02\/13\/seminaire-sur-lenseignement-en-dialecte-tunisien\/#primaryimage","url":"","contentUrl":""},{"@type":"BreadcrumbList","@id":"https:\/\/kapitalis.com\/tunisie\/2020\/02\/13\/seminaire-sur-lenseignement-en-dialecte-tunisien\/#breadcrumb","itemListElement":[{"@type":"ListItem","position":1,"name":"Accueil","item":"https:\/\/kapitalis.com\/tunisie\/"},{"@type":"ListItem","position":2,"name":"S\u00e9minaire sur l&rsquo;enseignement en dialecte tunisien"}]},{"@type":"WebSite","@id":"https:\/\/kapitalis.com\/tunisie\/#website","url":"https:\/\/kapitalis.com\/tunisie\/","name":"Kapitalis","description":"L&#039;actualit\u00e9 en Tunisie et dans le monde","publisher":{"@id":"https:\/\/kapitalis.com\/tunisie\/#organization"},"potentialAction":[{"@type":"SearchAction","target":{"@type":"EntryPoint","urlTemplate":"https:\/\/kapitalis.com\/tunisie\/?s={search_term_string}"},"query-input":{"@type":"PropertyValueSpecification","valueRequired":true,"valueName":"search_term_string"}}],"inLanguage":"fr-FR"},{"@type":"Organization","@id":"https:\/\/kapitalis.com\/tunisie\/#organization","name":"Kapitalis","url":"https:\/\/kapitalis.com\/tunisie\/","logo":{"@type":"ImageObject","inLanguage":"fr-FR","@id":"https:\/\/kapitalis.com\/tunisie\/#\/schema\/logo\/image\/","url":"https:\/\/kapitalis.com\/tunisie\/wp-content\/uploads\/2022\/05\/Kapitalis-big-size.png","contentUrl":"https:\/\/kapitalis.com\/tunisie\/wp-content\/uploads\/2022\/05\/Kapitalis-big-size.png","width":5000,"height":1500,"caption":"Kapitalis"},"image":{"@id":"https:\/\/kapitalis.com\/tunisie\/#\/schema\/logo\/image\/"},"sameAs":["https:\/\/www.facebook.com\/KapitalisInfo\/","https:\/\/x.com\/KapitalisInfo","https:\/\/www.youtube.com\/channel\/UC-yDYrHyfFBWWZaOw3FPg9Q"]},{"@type":"Person","@id":"https:\/\/kapitalis.com\/tunisie\/#\/schema\/person\/093913313d3017554cb3ad077fff3fbd","name":"Amina Mkada","url":"https:\/\/kapitalis.com\/tunisie\/author\/amina\/"}]}},"_links":{"self":[{"href":"https:\/\/kapitalis.com\/tunisie\/wp-json\/wp\/v2\/posts\/280755","targetHints":{"allow":["GET"]}}],"collection":[{"href":"https:\/\/kapitalis.com\/tunisie\/wp-json\/wp\/v2\/posts"}],"about":[{"href":"https:\/\/kapitalis.com\/tunisie\/wp-json\/wp\/v2\/types\/post"}],"author":[{"embeddable":true,"href":"https:\/\/kapitalis.com\/tunisie\/wp-json\/wp\/v2\/users\/22"}],"replies":[{"embeddable":true,"href":"https:\/\/kapitalis.com\/tunisie\/wp-json\/wp\/v2\/comments?post=280755"}],"version-history":[{"count":0,"href":"https:\/\/kapitalis.com\/tunisie\/wp-json\/wp\/v2\/posts\/280755\/revisions"}],"wp:featuredmedia":[{"embeddable":true,"href":"https:\/\/kapitalis.com\/tunisie\/wp-json\/wp\/v2\/media\/280767"}],"wp:attachment":[{"href":"https:\/\/kapitalis.com\/tunisie\/wp-json\/wp\/v2\/media?parent=280755"}],"wp:term":[{"taxonomy":"category","embeddable":true,"href":"https:\/\/kapitalis.com\/tunisie\/wp-json\/wp\/v2\/categories?post=280755"},{"taxonomy":"post_tag","embeddable":true,"href":"https:\/\/kapitalis.com\/tunisie\/wp-json\/wp\/v2\/tags?post=280755"}],"curies":[{"name":"wp","href":"https:\/\/api.w.org\/{rel}","templated":true}]}}