{"id":280901,"date":"2020-02-13T21:24:14","date_gmt":"2020-02-13T20:24:14","guid":{"rendered":"http:\/\/kapitalis.com\/tunisie\/?p=280901"},"modified":"2020-02-14T07:38:17","modified_gmt":"2020-02-14T06:38:17","slug":"laffaire-fathi-dammak-devant-le-pole-judiciaire-antiterroriste","status":"publish","type":"post","link":"https:\/\/kapitalis.com\/tunisie\/2020\/02\/13\/laffaire-fathi-dammak-devant-le-pole-judiciaire-antiterroriste\/","title":{"rendered":"L&rsquo;affaire Fathi Dammak devant le p\u00f4le judiciaire antiterroriste"},"content":{"rendered":"\n<div class=\"wp-block-image\"><figure class=\"aligncenter size-large\"><img decoding=\"async\" src=\"http:\/\/kapitalis.com\/tunisie\/wp-content\/uploads\/2016\/10\/Fathi-Dammak.jpg\" alt=\"\" class=\"wp-image-69934\"\/><figcaption><em>Fathi Dammak.<\/em><\/figcaption><\/figure><\/div>\n\n\n\n<p><strong><em>La cour d&rsquo;appel de Sousse a d\u00e9cid\u00e9 jeudi 13 f\u00e9vrier 2020 de renvoyer l&rsquo;affaire de l&rsquo;homme d&rsquo;affaires Fathi Dammak devant le p\u00f4le judiciaire antiterroriste. Ce dernier avait \u00e9t\u00e9 condamn\u00e9 \u00e0 2 ans avec sursis, pour formation d\u2019une bande de malfaiteurs et de trafic d&rsquo;armes.<\/em><\/strong> <strong><em>Ce n&rsquo;\u00e9tait pas ch\u00e8rement pay\u00e9 vu la gravit\u00e9 des accusations.<\/em><\/strong><\/p>\n\n\n\n<!--more-->\n\n\n\n<p>La justice a finalement d\u00e9cel\u00e9 un caract\u00e8re terroriste dans cette affaire, qui remonte \u00e0 2012, et a r\u00e9pondu favorablement \u00e0 la demande des avocats de la partie civile, en transf\u00e9rant le dossier aux autorit\u00e9s comp\u00e9tentes, \u00e0 savoir, le P\u00f4le judiciaire antiterroriste.<\/p>\n\n\n\n<p><em>\u00abLa cour d&rsquo;appel a cass\u00e9 le jugement et d\u00e9clar\u00e9 que les faits ont une connotation terroriste et que l&rsquo;affaire doit \u00eatre renvoy\u00e9e \u00e0 la juridiction comp\u00e9tente<\/em>\u00bb, a indiqu\u00e9 Me Imed Ben Halima, dans une d\u00e9claration, ce soir, \u00e0 Kapitalis.<\/p>\n\n\n\n<p>L&rsquo;avocat qui d\u00e9fend notamment un juge dont le nom figure dans une liste de personnalit\u00e9s \u00e0 assassiner, a rappel\u00e9 que cette affaire de trafic d&rsquo;armes est intimement li\u00e9e aux assassinats politiques, dont celui du dirigeant de gauche, Chokri Bela\u00efd, assassin\u00e9 le 6 f\u00e9vrier 2013, par des extr\u00e9mistes religieux.<\/p>\n\n\n\n<div class=\"wp-block-image\"><figure class=\"aligncenter size-large is-resized\"><img loading=\"lazy\" decoding=\"async\" src=\"http:\/\/kapitalis.com\/tunisie\/wp-content\/uploads\/2020\/02\/Imed-Ben-Halima.jpg\" alt=\"\" class=\"wp-image-280911\" width=\"500\" height=\"352\"\/><figcaption><em>Me Ben Halima.<\/em><\/figcaption><\/figure><\/div>\n\n\n\n<p>Il estime ainsi que l&rsquo;affaire Dammak doit \u00eatre prise en charge par le p\u00f4le antiterroriste, d&rsquo;autant que le concern\u00e9 avait envoy\u00e9 une lettre \u00e0 l&rsquo;ancien juge de la chambre N\u00b013 du tribunal de premi\u00e8re instance de Tunis, alors en charge de l&rsquo;affaire de l\u2019assassinat de Bela\u00efd, en indiquant qu&rsquo;il d\u00e9tient des informations pouvant aider la justice. Et \u00e9trangement, aucune suite n&rsquo;a \u00e9t\u00e9 donn\u00e9e \u00e0 sa lettre&#8230; <\/p>\n\n\n\n<p>L&rsquo;affaire serait aussi li\u00e9e \u00e0 l&rsquo;organisation secr\u00e8te d&rsquo;Ennahdha, sachant que Fathi Dammak avait indiqu\u00e9, dans sa lettre au juge de la chambre 13, que les 2 individus avec qui il avait discut\u00e9, dans la vid\u00e9o fuit\u00e9e en 2012, du plan d\u2019achat d\u2019armes et d\u2019assassinat d\u2019hommes politiques, d\u2019hommes d\u2019affaires et de journalistes, sont li\u00e9s au parti islamiste, et \u00e0 ses dirigeants de premier rang, ajoute Me Ben Halima.<\/p>\n\n\n\n<p>L&rsquo;avocat a \u00e9galement rappel\u00e9 que, fin d\u00e9cembre 2019, le minist\u00e8re public avait accept\u00e9 de r\u00e9examiner le dossier de Chokri Bela\u00efd, en ouvrant une enqu\u00eate contre 16 accus\u00e9s. <\/p>\n\n\n\n<p>\u00ab<em>Parmi eux figure le nom de Kamel Al-Aifi, cit\u00e9 par Fathi Dammak, comme l&rsquo;interm\u00e9diaire qui l&rsquo;a mis en contact avec ses 2 interlocuteurs dans l&rsquo;affaire de trafic d&rsquo;armes<\/em>\u00bb, a-t-il assur\u00e9. <\/p>\n\n\n\n<p>Affaire \u00e0 suivre&#8230; avec autant de cadavres dans le placard!<\/p>\n\n\n\n<p class=\"has-text-align-right\"><strong>Y. N.<\/strong><\/p>\n\n\n\n<figure class=\"wp-block-embed-wordpress wp-block-embed is-type-wp-embed is-provider-kapitalis\"><div class=\"wp-block-embed__wrapper\">\n<blockquote class=\"wp-embedded-content\" data-secret=\"nWFLOKIJAH\"><a href=\"https:\/\/kapitalis.com\/tunisie\/2016\/10\/27\/terrorisme-laffaire-fathi-dammak-de-nouveau-devant-la-justice\/\">Terrorisme : L&rsquo;affaire Fathi Dammak de nouveau devant la justice<\/a><\/blockquote><iframe loading=\"lazy\" class=\"wp-embedded-content\" sandbox=\"allow-scripts\" security=\"restricted\" style=\"position: absolute; clip: rect(1px, 1px, 1px, 1px);\" title=\"\u00ab\u00a0Terrorisme : L&rsquo;affaire Fathi Dammak de nouveau devant la justice\u00a0\u00bb &#8212; Kapitalis\" src=\"https:\/\/kapitalis.com\/tunisie\/2016\/10\/27\/terrorisme-laffaire-fathi-dammak-de-nouveau-devant-la-justice\/embed\/#?secret=UpRQ2Hznvm#?secret=nWFLOKIJAH\" data-secret=\"nWFLOKIJAH\" width=\"600\" height=\"338\" frameborder=\"0\" marginwidth=\"0\" marginheight=\"0\" scrolling=\"no\"><\/iframe>\n<\/div><\/figure>\n\n\n\n<figure class=\"wp-block-embed-wordpress wp-block-embed is-type-wp-embed is-provider-kapitalis\"><div class=\"wp-block-embed__wrapper\">\n<blockquote class=\"wp-embedded-content\" data-secret=\"WifDxfcSNX\"><a href=\"https:\/\/kapitalis.com\/tunisie\/2020\/02\/05\/le-comite-de-defense-de-belaid-et-brahmi-denonce-le-favoritisme-de-la-justice-vis-a-vis-de-ghannouchi\/\">Comit\u00e9 de d\u00e9fense de Bela\u00efd et Brahmi : la justice tunisienne exempte  Ghannouchi de poursuites judiciaires<\/a><\/blockquote><iframe loading=\"lazy\" class=\"wp-embedded-content\" sandbox=\"allow-scripts\" security=\"restricted\" style=\"position: absolute; clip: rect(1px, 1px, 1px, 1px);\" title=\"\u00ab\u00a0Comit\u00e9 de d\u00e9fense de Bela\u00efd et Brahmi : la justice tunisienne exempte  Ghannouchi de poursuites judiciaires\u00a0\u00bb &#8212; Kapitalis\" src=\"https:\/\/kapitalis.com\/tunisie\/2020\/02\/05\/le-comite-de-defense-de-belaid-et-brahmi-denonce-le-favoritisme-de-la-justice-vis-a-vis-de-ghannouchi\/embed\/#?secret=rnbbFn4Oob#?secret=WifDxfcSNX\" data-secret=\"WifDxfcSNX\" width=\"600\" height=\"338\" frameborder=\"0\" marginwidth=\"0\" marginheight=\"0\" scrolling=\"no\"><\/iframe>\n<\/div><\/figure>\n","protected":false},"excerpt":{"rendered":"<p>La cour d&rsquo;appel de Sousse a d\u00e9cid\u00e9 jeudi 13 f\u00e9vrier 2020 de renvoyer l&rsquo;affaire de l&rsquo;homme d&rsquo;affaires Fathi Dammak devant le p\u00f4le judiciaire antiterroriste. Ce dernier avait \u00e9t\u00e9 condamn\u00e9 \u00e0 2 ans avec sursis, pour formation d\u2019une bande de malfaiteurs et de trafic d&rsquo;armes. Ce n&rsquo;\u00e9tait pas ch\u00e8rement pay\u00e9 vu la gravit\u00e9 des accusations.<\/p>\n","protected":false},"author":6,"featured_media":280911,"comment_status":"open","ping_status":"open","sticky":false,"template":"","format":"standard","meta":{"footnotes":""},"categories":[997,2433],"tags":[17372,204,49543,64355,21473,854],"class_list":["post-280901","post","type-post","status-publish","format-standard","has-post-thumbnail","hentry","category-politique","category-tunisie","tag-assassinats-politique","tag-chokri-belaid","tag-ennahdha","tag-justice","tag-pole-judiciaire-antiterroriste","tag-sousse"],"yoast_head":"<!-- This site is optimized with the Yoast SEO plugin v26.6 - https:\/\/yoast.com\/wordpress\/plugins\/seo\/ -->\n<title>L&#039;affaire Fathi Dammak devant le p\u00f4le judiciaire antiterroriste - Kapitalis<\/title>\n<meta name=\"robots\" content=\"index, follow, max-snippet:-1, max-image-preview:large, max-video-preview:-1\" \/>\n<link rel=\"canonical\" href=\"https:\/\/kapitalis.com\/tunisie\/2020\/02\/13\/laffaire-fathi-dammak-devant-le-pole-judiciaire-antiterroriste\/\" \/>\n<meta property=\"og:locale\" content=\"fr_FR\" \/>\n<meta property=\"og:type\" content=\"article\" \/>\n<meta property=\"og:title\" content=\"L&#039;affaire Fathi Dammak devant le p\u00f4le judiciaire antiterroriste - Kapitalis\" \/>\n<meta property=\"og:description\" content=\"La cour d&rsquo;appel de Sousse a d\u00e9cid\u00e9 jeudi 13 f\u00e9vrier 2020 de renvoyer l&rsquo;affaire de l&rsquo;homme d&rsquo;affaires Fathi Dammak devant le p\u00f4le judiciaire antiterroriste. Ce dernier avait \u00e9t\u00e9 condamn\u00e9 \u00e0 2 ans avec sursis, pour formation d\u2019une bande de malfaiteurs et de trafic d&rsquo;armes. Ce n&rsquo;\u00e9tait pas ch\u00e8rement pay\u00e9 vu la gravit\u00e9 des accusations.\" \/>\n<meta property=\"og:url\" content=\"https:\/\/kapitalis.com\/tunisie\/2020\/02\/13\/laffaire-fathi-dammak-devant-le-pole-judiciaire-antiterroriste\/\" \/>\n<meta property=\"og:site_name\" content=\"Kapitalis\" \/>\n<meta property=\"article:publisher\" content=\"https:\/\/www.facebook.com\/KapitalisInfo\/\" \/>\n<meta property=\"article:published_time\" content=\"2020-02-13T20:24:14+00:00\" \/>\n<meta property=\"article:modified_time\" content=\"2020-02-14T06:38:17+00:00\" \/>\n<meta property=\"og:image\" content=\"https:\/\/kapitalis.com\/tunisie\/wp-content\/uploads\/2022\/05\/kapitalis-logo-fb.png\" \/>\n\t<meta property=\"og:image:width\" content=\"1200\" \/>\n\t<meta property=\"og:image:height\" content=\"630\" \/>\n\t<meta property=\"og:image:type\" content=\"image\/png\" \/>\n<meta name=\"author\" content=\"Yusra NY\" \/>\n<meta name=\"twitter:card\" content=\"summary_large_image\" \/>\n<meta name=\"twitter:creator\" content=\"@KapitalisInfo\" \/>\n<meta name=\"twitter:site\" content=\"@KapitalisInfo\" \/>\n<meta name=\"twitter:label1\" content=\"\u00c9crit par\" \/>\n\t<meta name=\"twitter:data1\" content=\"Yusra NY\" \/>\n\t<meta name=\"twitter:label2\" content=\"Dur\u00e9e de lecture estim\u00e9e\" \/>\n\t<meta name=\"twitter:data2\" content=\"2 minutes\" \/>\n<script type=\"application\/ld+json\" class=\"yoast-schema-graph\">{\"@context\":\"https:\/\/schema.org\",\"@graph\":[{\"@type\":\"Article\",\"@id\":\"https:\/\/kapitalis.com\/tunisie\/2020\/02\/13\/laffaire-fathi-dammak-devant-le-pole-judiciaire-antiterroriste\/#article\",\"isPartOf\":{\"@id\":\"https:\/\/kapitalis.com\/tunisie\/2020\/02\/13\/laffaire-fathi-dammak-devant-le-pole-judiciaire-antiterroriste\/\"},\"author\":{\"name\":\"Yusra NY\",\"@id\":\"https:\/\/kapitalis.com\/tunisie\/#\/schema\/person\/74bbde0154d49d790a92aaeac5bc01d5\"},\"headline\":\"L&rsquo;affaire Fathi Dammak devant le p\u00f4le judiciaire antiterroriste\",\"datePublished\":\"2020-02-13T20:24:14+00:00\",\"dateModified\":\"2020-02-14T06:38:17+00:00\",\"mainEntityOfPage\":{\"@id\":\"https:\/\/kapitalis.com\/tunisie\/2020\/02\/13\/laffaire-fathi-dammak-devant-le-pole-judiciaire-antiterroriste\/\"},\"wordCount\":431,\"commentCount\":1,\"publisher\":{\"@id\":\"https:\/\/kapitalis.com\/tunisie\/#organization\"},\"image\":{\"@id\":\"https:\/\/kapitalis.com\/tunisie\/2020\/02\/13\/laffaire-fathi-dammak-devant-le-pole-judiciaire-antiterroriste\/#primaryimage\"},\"thumbnailUrl\":\"\",\"keywords\":[\"assassinats politique\",\"Chokri Belaid\",\"Ennahdha\",\"justice\",\"P\u00f4le judiciaire antiterroriste\",\"Sousse\"],\"articleSection\":[\"POLITIQUE\",\"Tunisie\"],\"inLanguage\":\"fr-FR\",\"potentialAction\":[{\"@type\":\"CommentAction\",\"name\":\"Comment\",\"target\":[\"https:\/\/kapitalis.com\/tunisie\/2020\/02\/13\/laffaire-fathi-dammak-devant-le-pole-judiciaire-antiterroriste\/#respond\"]}]},{\"@type\":\"WebPage\",\"@id\":\"https:\/\/kapitalis.com\/tunisie\/2020\/02\/13\/laffaire-fathi-dammak-devant-le-pole-judiciaire-antiterroriste\/\",\"url\":\"https:\/\/kapitalis.com\/tunisie\/2020\/02\/13\/laffaire-fathi-dammak-devant-le-pole-judiciaire-antiterroriste\/\",\"name\":\"L'affaire Fathi Dammak devant le p\u00f4le judiciaire antiterroriste - Kapitalis\",\"isPartOf\":{\"@id\":\"https:\/\/kapitalis.com\/tunisie\/#website\"},\"primaryImageOfPage\":{\"@id\":\"https:\/\/kapitalis.com\/tunisie\/2020\/02\/13\/laffaire-fathi-dammak-devant-le-pole-judiciaire-antiterroriste\/#primaryimage\"},\"image\":{\"@id\":\"https:\/\/kapitalis.com\/tunisie\/2020\/02\/13\/laffaire-fathi-dammak-devant-le-pole-judiciaire-antiterroriste\/#primaryimage\"},\"thumbnailUrl\":\"\",\"datePublished\":\"2020-02-13T20:24:14+00:00\",\"dateModified\":\"2020-02-14T06:38:17+00:00\",\"breadcrumb\":{\"@id\":\"https:\/\/kapitalis.com\/tunisie\/2020\/02\/13\/laffaire-fathi-dammak-devant-le-pole-judiciaire-antiterroriste\/#breadcrumb\"},\"inLanguage\":\"fr-FR\",\"potentialAction\":[{\"@type\":\"ReadAction\",\"target\":[\"https:\/\/kapitalis.com\/tunisie\/2020\/02\/13\/laffaire-fathi-dammak-devant-le-pole-judiciaire-antiterroriste\/\"]}]},{\"@type\":\"ImageObject\",\"inLanguage\":\"fr-FR\",\"@id\":\"https:\/\/kapitalis.com\/tunisie\/2020\/02\/13\/laffaire-fathi-dammak-devant-le-pole-judiciaire-antiterroriste\/#primaryimage\",\"url\":\"\",\"contentUrl\":\"\"},{\"@type\":\"BreadcrumbList\",\"@id\":\"https:\/\/kapitalis.com\/tunisie\/2020\/02\/13\/laffaire-fathi-dammak-devant-le-pole-judiciaire-antiterroriste\/#breadcrumb\",\"itemListElement\":[{\"@type\":\"ListItem\",\"position\":1,\"name\":\"Accueil\",\"item\":\"https:\/\/kapitalis.com\/tunisie\/\"},{\"@type\":\"ListItem\",\"position\":2,\"name\":\"L&rsquo;affaire Fathi Dammak devant le p\u00f4le judiciaire antiterroriste\"}]},{\"@type\":\"WebSite\",\"@id\":\"https:\/\/kapitalis.com\/tunisie\/#website\",\"url\":\"https:\/\/kapitalis.com\/tunisie\/\",\"name\":\"Kapitalis\",\"description\":\"L&#039;actualit\u00e9 en Tunisie et dans le monde\",\"publisher\":{\"@id\":\"https:\/\/kapitalis.com\/tunisie\/#organization\"},\"potentialAction\":[{\"@type\":\"SearchAction\",\"target\":{\"@type\":\"EntryPoint\",\"urlTemplate\":\"https:\/\/kapitalis.com\/tunisie\/?s={search_term_string}\"},\"query-input\":{\"@type\":\"PropertyValueSpecification\",\"valueRequired\":true,\"valueName\":\"search_term_string\"}}],\"inLanguage\":\"fr-FR\"},{\"@type\":\"Organization\",\"@id\":\"https:\/\/kapitalis.com\/tunisie\/#organization\",\"name\":\"Kapitalis\",\"url\":\"https:\/\/kapitalis.com\/tunisie\/\",\"logo\":{\"@type\":\"ImageObject\",\"inLanguage\":\"fr-FR\",\"@id\":\"https:\/\/kapitalis.com\/tunisie\/#\/schema\/logo\/image\/\",\"url\":\"https:\/\/kapitalis.com\/tunisie\/wp-content\/uploads\/2022\/05\/Kapitalis-big-size.png\",\"contentUrl\":\"https:\/\/kapitalis.com\/tunisie\/wp-content\/uploads\/2022\/05\/Kapitalis-big-size.png\",\"width\":5000,\"height\":1500,\"caption\":\"Kapitalis\"},\"image\":{\"@id\":\"https:\/\/kapitalis.com\/tunisie\/#\/schema\/logo\/image\/\"},\"sameAs\":[\"https:\/\/www.facebook.com\/KapitalisInfo\/\",\"https:\/\/x.com\/KapitalisInfo\",\"https:\/\/www.youtube.com\/channel\/UC-yDYrHyfFBWWZaOw3FPg9Q\"]},{\"@type\":\"Person\",\"@id\":\"https:\/\/kapitalis.com\/tunisie\/#\/schema\/person\/74bbde0154d49d790a92aaeac5bc01d5\",\"name\":\"Yusra NY\",\"url\":\"https:\/\/kapitalis.com\/tunisie\/author\/yuza_adam\/\"}]}<\/script>\n<!-- \/ Yoast SEO plugin. -->","yoast_head_json":{"title":"L'affaire Fathi Dammak devant le p\u00f4le judiciaire antiterroriste - Kapitalis","robots":{"index":"index","follow":"follow","max-snippet":"max-snippet:-1","max-image-preview":"max-image-preview:large","max-video-preview":"max-video-preview:-1"},"canonical":"https:\/\/kapitalis.com\/tunisie\/2020\/02\/13\/laffaire-fathi-dammak-devant-le-pole-judiciaire-antiterroriste\/","og_locale":"fr_FR","og_type":"article","og_title":"L'affaire Fathi Dammak devant le p\u00f4le judiciaire antiterroriste - Kapitalis","og_description":"La cour d&rsquo;appel de Sousse a d\u00e9cid\u00e9 jeudi 13 f\u00e9vrier 2020 de renvoyer l&rsquo;affaire de l&rsquo;homme d&rsquo;affaires Fathi Dammak devant le p\u00f4le judiciaire antiterroriste. Ce dernier avait \u00e9t\u00e9 condamn\u00e9 \u00e0 2 ans avec sursis, pour formation d\u2019une bande de malfaiteurs et de trafic d&rsquo;armes. Ce n&rsquo;\u00e9tait pas ch\u00e8rement pay\u00e9 vu la gravit\u00e9 des accusations.","og_url":"https:\/\/kapitalis.com\/tunisie\/2020\/02\/13\/laffaire-fathi-dammak-devant-le-pole-judiciaire-antiterroriste\/","og_site_name":"Kapitalis","article_publisher":"https:\/\/www.facebook.com\/KapitalisInfo\/","article_published_time":"2020-02-13T20:24:14+00:00","article_modified_time":"2020-02-14T06:38:17+00:00","og_image":[{"width":1200,"height":630,"url":"https:\/\/kapitalis.com\/tunisie\/wp-content\/uploads\/2022\/05\/kapitalis-logo-fb.png","type":"image\/png"}],"author":"Yusra NY","twitter_card":"summary_large_image","twitter_creator":"@KapitalisInfo","twitter_site":"@KapitalisInfo","twitter_misc":{"\u00c9crit par":"Yusra NY","Dur\u00e9e de lecture estim\u00e9e":"2 minutes"},"schema":{"@context":"https:\/\/schema.org","@graph":[{"@type":"Article","@id":"https:\/\/kapitalis.com\/tunisie\/2020\/02\/13\/laffaire-fathi-dammak-devant-le-pole-judiciaire-antiterroriste\/#article","isPartOf":{"@id":"https:\/\/kapitalis.com\/tunisie\/2020\/02\/13\/laffaire-fathi-dammak-devant-le-pole-judiciaire-antiterroriste\/"},"author":{"name":"Yusra NY","@id":"https:\/\/kapitalis.com\/tunisie\/#\/schema\/person\/74bbde0154d49d790a92aaeac5bc01d5"},"headline":"L&rsquo;affaire Fathi Dammak devant le p\u00f4le judiciaire antiterroriste","datePublished":"2020-02-13T20:24:14+00:00","dateModified":"2020-02-14T06:38:17+00:00","mainEntityOfPage":{"@id":"https:\/\/kapitalis.com\/tunisie\/2020\/02\/13\/laffaire-fathi-dammak-devant-le-pole-judiciaire-antiterroriste\/"},"wordCount":431,"commentCount":1,"publisher":{"@id":"https:\/\/kapitalis.com\/tunisie\/#organization"},"image":{"@id":"https:\/\/kapitalis.com\/tunisie\/2020\/02\/13\/laffaire-fathi-dammak-devant-le-pole-judiciaire-antiterroriste\/#primaryimage"},"thumbnailUrl":"","keywords":["assassinats politique","Chokri Belaid","Ennahdha","justice","P\u00f4le judiciaire antiterroriste","Sousse"],"articleSection":["POLITIQUE","Tunisie"],"inLanguage":"fr-FR","potentialAction":[{"@type":"CommentAction","name":"Comment","target":["https:\/\/kapitalis.com\/tunisie\/2020\/02\/13\/laffaire-fathi-dammak-devant-le-pole-judiciaire-antiterroriste\/#respond"]}]},{"@type":"WebPage","@id":"https:\/\/kapitalis.com\/tunisie\/2020\/02\/13\/laffaire-fathi-dammak-devant-le-pole-judiciaire-antiterroriste\/","url":"https:\/\/kapitalis.com\/tunisie\/2020\/02\/13\/laffaire-fathi-dammak-devant-le-pole-judiciaire-antiterroriste\/","name":"L'affaire Fathi Dammak devant le p\u00f4le judiciaire antiterroriste - Kapitalis","isPartOf":{"@id":"https:\/\/kapitalis.com\/tunisie\/#website"},"primaryImageOfPage":{"@id":"https:\/\/kapitalis.com\/tunisie\/2020\/02\/13\/laffaire-fathi-dammak-devant-le-pole-judiciaire-antiterroriste\/#primaryimage"},"image":{"@id":"https:\/\/kapitalis.com\/tunisie\/2020\/02\/13\/laffaire-fathi-dammak-devant-le-pole-judiciaire-antiterroriste\/#primaryimage"},"thumbnailUrl":"","datePublished":"2020-02-13T20:24:14+00:00","dateModified":"2020-02-14T06:38:17+00:00","breadcrumb":{"@id":"https:\/\/kapitalis.com\/tunisie\/2020\/02\/13\/laffaire-fathi-dammak-devant-le-pole-judiciaire-antiterroriste\/#breadcrumb"},"inLanguage":"fr-FR","potentialAction":[{"@type":"ReadAction","target":["https:\/\/kapitalis.com\/tunisie\/2020\/02\/13\/laffaire-fathi-dammak-devant-le-pole-judiciaire-antiterroriste\/"]}]},{"@type":"ImageObject","inLanguage":"fr-FR","@id":"https:\/\/kapitalis.com\/tunisie\/2020\/02\/13\/laffaire-fathi-dammak-devant-le-pole-judiciaire-antiterroriste\/#primaryimage","url":"","contentUrl":""},{"@type":"BreadcrumbList","@id":"https:\/\/kapitalis.com\/tunisie\/2020\/02\/13\/laffaire-fathi-dammak-devant-le-pole-judiciaire-antiterroriste\/#breadcrumb","itemListElement":[{"@type":"ListItem","position":1,"name":"Accueil","item":"https:\/\/kapitalis.com\/tunisie\/"},{"@type":"ListItem","position":2,"name":"L&rsquo;affaire Fathi Dammak devant le p\u00f4le judiciaire antiterroriste"}]},{"@type":"WebSite","@id":"https:\/\/kapitalis.com\/tunisie\/#website","url":"https:\/\/kapitalis.com\/tunisie\/","name":"Kapitalis","description":"L&#039;actualit\u00e9 en Tunisie et dans le monde","publisher":{"@id":"https:\/\/kapitalis.com\/tunisie\/#organization"},"potentialAction":[{"@type":"SearchAction","target":{"@type":"EntryPoint","urlTemplate":"https:\/\/kapitalis.com\/tunisie\/?s={search_term_string}"},"query-input":{"@type":"PropertyValueSpecification","valueRequired":true,"valueName":"search_term_string"}}],"inLanguage":"fr-FR"},{"@type":"Organization","@id":"https:\/\/kapitalis.com\/tunisie\/#organization","name":"Kapitalis","url":"https:\/\/kapitalis.com\/tunisie\/","logo":{"@type":"ImageObject","inLanguage":"fr-FR","@id":"https:\/\/kapitalis.com\/tunisie\/#\/schema\/logo\/image\/","url":"https:\/\/kapitalis.com\/tunisie\/wp-content\/uploads\/2022\/05\/Kapitalis-big-size.png","contentUrl":"https:\/\/kapitalis.com\/tunisie\/wp-content\/uploads\/2022\/05\/Kapitalis-big-size.png","width":5000,"height":1500,"caption":"Kapitalis"},"image":{"@id":"https:\/\/kapitalis.com\/tunisie\/#\/schema\/logo\/image\/"},"sameAs":["https:\/\/www.facebook.com\/KapitalisInfo\/","https:\/\/x.com\/KapitalisInfo","https:\/\/www.youtube.com\/channel\/UC-yDYrHyfFBWWZaOw3FPg9Q"]},{"@type":"Person","@id":"https:\/\/kapitalis.com\/tunisie\/#\/schema\/person\/74bbde0154d49d790a92aaeac5bc01d5","name":"Yusra NY","url":"https:\/\/kapitalis.com\/tunisie\/author\/yuza_adam\/"}]}},"_links":{"self":[{"href":"https:\/\/kapitalis.com\/tunisie\/wp-json\/wp\/v2\/posts\/280901","targetHints":{"allow":["GET"]}}],"collection":[{"href":"https:\/\/kapitalis.com\/tunisie\/wp-json\/wp\/v2\/posts"}],"about":[{"href":"https:\/\/kapitalis.com\/tunisie\/wp-json\/wp\/v2\/types\/post"}],"author":[{"embeddable":true,"href":"https:\/\/kapitalis.com\/tunisie\/wp-json\/wp\/v2\/users\/6"}],"replies":[{"embeddable":true,"href":"https:\/\/kapitalis.com\/tunisie\/wp-json\/wp\/v2\/comments?post=280901"}],"version-history":[{"count":0,"href":"https:\/\/kapitalis.com\/tunisie\/wp-json\/wp\/v2\/posts\/280901\/revisions"}],"wp:featuredmedia":[{"embeddable":true,"href":"https:\/\/kapitalis.com\/tunisie\/wp-json\/wp\/v2\/media\/280911"}],"wp:attachment":[{"href":"https:\/\/kapitalis.com\/tunisie\/wp-json\/wp\/v2\/media?parent=280901"}],"wp:term":[{"taxonomy":"category","embeddable":true,"href":"https:\/\/kapitalis.com\/tunisie\/wp-json\/wp\/v2\/categories?post=280901"},{"taxonomy":"post_tag","embeddable":true,"href":"https:\/\/kapitalis.com\/tunisie\/wp-json\/wp\/v2\/tags?post=280901"}],"curies":[{"name":"wp","href":"https:\/\/api.w.org\/{rel}","templated":true}]}}