{"id":281035,"date":"2020-02-14T13:36:43","date_gmt":"2020-02-14T12:36:43","guid":{"rendered":"http:\/\/kapitalis.com\/tunisie\/?p=281035"},"modified":"2020-02-14T13:36:45","modified_gmt":"2020-02-14T12:36:45","slug":"des-universites-tunisiennes-et-europeennes-lancent-un-projet-de-master-international-sur-la-migration","status":"publish","type":"post","link":"https:\/\/kapitalis.com\/tunisie\/2020\/02\/14\/des-universites-tunisiennes-et-europeennes-lancent-un-projet-de-master-international-sur-la-migration\/","title":{"rendered":"Des universit\u00e9s tunisiennes et europ\u00e9ennes lancent un projet de master international sur la migration"},"content":{"rendered":"\n<figure class=\"wp-block-image size-large\"><img decoding=\"async\" src=\"http:\/\/kapitalis.com\/tunisie\/wp-content\/uploads\/2020\/02\/Master-Migration.jpg\" alt=\"\" class=\"wp-image-281036\"\/><\/figure>\n\n\n\n<p><strong><em> Un master international conjoint d\u2019\u00e9tudes relatives \u00e0 la migration, associant plusieurs universit\u00e9 tunisiennes et europ\u00e9ennes, a \u00e9t\u00e9 lanc\u00e9 officiellement les 13 et 14 f\u00e9vrier 2020 \u00e0 Tunis. <\/em><\/strong><\/p>\n\n\n\n<!--more-->\n\n\n\n<p> Il s\u2019agit d\u2019un master international conjoint associant des universit\u00e9s m\u00e9diterran\u00e9ennes, appel\u00e9 <em>\u00abMaster Degree in Migration Studies: Governance, Policies and Cultures &#8211; Migrants\u00bb<\/em>. Il implique l\u2019Universit\u00e9 de Tunis El Manar, l\u2019Universit\u00e9 de Tunis et l\u2019Universit\u00e9 de Manouba (en Tunisie) et, en Europe, l\u2019Universit\u00e9 de Grenade (Espagne), l\u2019Union des universit\u00e9s m\u00e9diterran\u00e9ennes (Italie), l\u2019Universit\u00e9 de Westminster (Royaume-Uni), la Coop\u00e9ration pour le d\u00e9veloppement des pays \u00e9mergents (COSPE, (Italie), la Clinique juridique des droits de l&rsquo;homme (CLEDU, (Italie).<\/p>\n\n\n\n<p> L\u2019Universit\u00e9 de Palerme (Italie) est le coordinateur de ce projet qui s\u2019inscrit dans le cadre du programme Erasmus +, KA2 (renforcement des capacit\u00e9s dans le domaine de l\u2019enseignement sup\u00e9rieur).<\/p>\n\n\n\n<p> Au cours de la r\u00e9union de lancement de ce nouveau master international, des conventions de cotutelles ont \u00e9t\u00e9 sign\u00e9es entre les universit\u00e9s mentionn\u00e9es pour dynamiser la coop\u00e9ration scientifique et la mobilit\u00e9 des \u00e9tudiants, des enseignants et des chercheurs.<\/p>\n\n\n\n<p> Le parcours <em>\u00abMigration Studies : Governance, Policies and Cultures &#8211; Migrants\u00bb<\/em> est une nouvelle formation internationale et pluridisciplinaire, propos\u00e9e par les trois universit\u00e9s tunisiennes au sein de 3 mentions : gouvernance, culture et science politique, pour offrir aux \u00e9tudiants une connaissance approfondie et des comp\u00e9tences sp\u00e9cifiques dans les domaines des migrations, de l\u2019int\u00e9gration et de la lutte contre les discriminations.<\/p>\n\n\n\n<p> Ce parcours porte sur un enjeu crucial dans le monde d\u2019aujourd\u2019hui: l\u2019impact des migrations et de la diversit\u00e9 sur les soci\u00e9t\u00e9s contemporaines.<\/p>\n\n\n\n<p><strong><em> Source<\/em><\/strong> : communiqu\u00e9. <\/p>\n","protected":false},"excerpt":{"rendered":"<p>Un master international conjoint d\u2019\u00e9tudes relatives \u00e0 la migration, associant plusieurs universit\u00e9 tunisiennes et europ\u00e9ennes, a \u00e9t\u00e9 lanc\u00e9 officiellement les 13 et 14 f\u00e9vrier 2020 \u00e0 Tunis.<\/p>\n","protected":false},"author":8,"featured_media":281036,"comment_status":"open","ping_status":"open","sticky":false,"template":"","format":"standard","meta":{"footnotes":""},"categories":[998,2433],"tags":[],"class_list":["post-281035","post","type-post","status-publish","format-standard","has-post-thumbnail","hentry","category-societe","category-tunisie"],"yoast_head":"<!-- This site is optimized with the Yoast SEO plugin v26.6 - https:\/\/yoast.com\/wordpress\/plugins\/seo\/ -->\n<title>Des universit\u00e9s tunisiennes et europ\u00e9ennes lancent un projet de master international sur la migration - Kapitalis<\/title>\n<meta name=\"robots\" content=\"index, follow, max-snippet:-1, max-image-preview:large, max-video-preview:-1\" \/>\n<link rel=\"canonical\" href=\"https:\/\/kapitalis.com\/tunisie\/2020\/02\/14\/des-universites-tunisiennes-et-europeennes-lancent-un-projet-de-master-international-sur-la-migration\/\" \/>\n<meta property=\"og:locale\" content=\"fr_FR\" \/>\n<meta property=\"og:type\" content=\"article\" \/>\n<meta property=\"og:title\" content=\"Des universit\u00e9s tunisiennes et europ\u00e9ennes lancent un projet de master international sur la migration - Kapitalis\" \/>\n<meta property=\"og:description\" content=\"Un master international conjoint d\u2019\u00e9tudes relatives \u00e0 la migration, associant plusieurs universit\u00e9 tunisiennes et europ\u00e9ennes, a \u00e9t\u00e9 lanc\u00e9 officiellement les 13 et 14 f\u00e9vrier 2020 \u00e0 Tunis.\" \/>\n<meta property=\"og:url\" content=\"https:\/\/kapitalis.com\/tunisie\/2020\/02\/14\/des-universites-tunisiennes-et-europeennes-lancent-un-projet-de-master-international-sur-la-migration\/\" \/>\n<meta property=\"og:site_name\" content=\"Kapitalis\" \/>\n<meta property=\"article:publisher\" content=\"https:\/\/www.facebook.com\/KapitalisInfo\/\" \/>\n<meta property=\"article:published_time\" content=\"2020-02-14T12:36:43+00:00\" \/>\n<meta property=\"article:modified_time\" content=\"2020-02-14T12:36:45+00:00\" \/>\n<meta property=\"og:image\" content=\"https:\/\/kapitalis.com\/tunisie\/wp-content\/uploads\/2022\/05\/kapitalis-logo-fb.png\" \/>\n\t<meta property=\"og:image:width\" content=\"1200\" \/>\n\t<meta property=\"og:image:height\" content=\"630\" \/>\n\t<meta property=\"og:image:type\" content=\"image\/png\" \/>\n<meta name=\"author\" content=\"webmaster kapitalis\" \/>\n<meta name=\"twitter:card\" content=\"summary_large_image\" \/>\n<meta name=\"twitter:creator\" content=\"@KapitalisInfo\" \/>\n<meta name=\"twitter:site\" content=\"@KapitalisInfo\" \/>\n<meta name=\"twitter:label1\" content=\"\u00c9crit par\" \/>\n\t<meta name=\"twitter:data1\" content=\"webmaster kapitalis\" \/>\n\t<meta name=\"twitter:label2\" content=\"Dur\u00e9e de lecture estim\u00e9e\" \/>\n\t<meta name=\"twitter:data2\" content=\"1 minute\" \/>\n<script type=\"application\/ld+json\" class=\"yoast-schema-graph\">{\"@context\":\"https:\/\/schema.org\",\"@graph\":[{\"@type\":\"Article\",\"@id\":\"https:\/\/kapitalis.com\/tunisie\/2020\/02\/14\/des-universites-tunisiennes-et-europeennes-lancent-un-projet-de-master-international-sur-la-migration\/#article\",\"isPartOf\":{\"@id\":\"https:\/\/kapitalis.com\/tunisie\/2020\/02\/14\/des-universites-tunisiennes-et-europeennes-lancent-un-projet-de-master-international-sur-la-migration\/\"},\"author\":{\"name\":\"webmaster kapitalis\",\"@id\":\"https:\/\/kapitalis.com\/tunisie\/#\/schema\/person\/d71f33a9ca44f7bad4698210b480c8e9\"},\"headline\":\"Des universit\u00e9s tunisiennes et europ\u00e9ennes lancent un projet de master international sur la migration\",\"datePublished\":\"2020-02-14T12:36:43+00:00\",\"dateModified\":\"2020-02-14T12:36:45+00:00\",\"mainEntityOfPage\":{\"@id\":\"https:\/\/kapitalis.com\/tunisie\/2020\/02\/14\/des-universites-tunisiennes-et-europeennes-lancent-un-projet-de-master-international-sur-la-migration\/\"},\"wordCount\":298,\"commentCount\":1,\"publisher\":{\"@id\":\"https:\/\/kapitalis.com\/tunisie\/#organization\"},\"image\":{\"@id\":\"https:\/\/kapitalis.com\/tunisie\/2020\/02\/14\/des-universites-tunisiennes-et-europeennes-lancent-un-projet-de-master-international-sur-la-migration\/#primaryimage\"},\"thumbnailUrl\":\"\",\"articleSection\":[\"SOCIETE\",\"Tunisie\"],\"inLanguage\":\"fr-FR\",\"potentialAction\":[{\"@type\":\"CommentAction\",\"name\":\"Comment\",\"target\":[\"https:\/\/kapitalis.com\/tunisie\/2020\/02\/14\/des-universites-tunisiennes-et-europeennes-lancent-un-projet-de-master-international-sur-la-migration\/#respond\"]}]},{\"@type\":\"WebPage\",\"@id\":\"https:\/\/kapitalis.com\/tunisie\/2020\/02\/14\/des-universites-tunisiennes-et-europeennes-lancent-un-projet-de-master-international-sur-la-migration\/\",\"url\":\"https:\/\/kapitalis.com\/tunisie\/2020\/02\/14\/des-universites-tunisiennes-et-europeennes-lancent-un-projet-de-master-international-sur-la-migration\/\",\"name\":\"Des universit\u00e9s tunisiennes et europ\u00e9ennes lancent un projet de master international sur la migration - Kapitalis\",\"isPartOf\":{\"@id\":\"https:\/\/kapitalis.com\/tunisie\/#website\"},\"primaryImageOfPage\":{\"@id\":\"https:\/\/kapitalis.com\/tunisie\/2020\/02\/14\/des-universites-tunisiennes-et-europeennes-lancent-un-projet-de-master-international-sur-la-migration\/#primaryimage\"},\"image\":{\"@id\":\"https:\/\/kapitalis.com\/tunisie\/2020\/02\/14\/des-universites-tunisiennes-et-europeennes-lancent-un-projet-de-master-international-sur-la-migration\/#primaryimage\"},\"thumbnailUrl\":\"\",\"datePublished\":\"2020-02-14T12:36:43+00:00\",\"dateModified\":\"2020-02-14T12:36:45+00:00\",\"breadcrumb\":{\"@id\":\"https:\/\/kapitalis.com\/tunisie\/2020\/02\/14\/des-universites-tunisiennes-et-europeennes-lancent-un-projet-de-master-international-sur-la-migration\/#breadcrumb\"},\"inLanguage\":\"fr-FR\",\"potentialAction\":[{\"@type\":\"ReadAction\",\"target\":[\"https:\/\/kapitalis.com\/tunisie\/2020\/02\/14\/des-universites-tunisiennes-et-europeennes-lancent-un-projet-de-master-international-sur-la-migration\/\"]}]},{\"@type\":\"ImageObject\",\"inLanguage\":\"fr-FR\",\"@id\":\"https:\/\/kapitalis.com\/tunisie\/2020\/02\/14\/des-universites-tunisiennes-et-europeennes-lancent-un-projet-de-master-international-sur-la-migration\/#primaryimage\",\"url\":\"\",\"contentUrl\":\"\"},{\"@type\":\"BreadcrumbList\",\"@id\":\"https:\/\/kapitalis.com\/tunisie\/2020\/02\/14\/des-universites-tunisiennes-et-europeennes-lancent-un-projet-de-master-international-sur-la-migration\/#breadcrumb\",\"itemListElement\":[{\"@type\":\"ListItem\",\"position\":1,\"name\":\"Accueil\",\"item\":\"https:\/\/kapitalis.com\/tunisie\/\"},{\"@type\":\"ListItem\",\"position\":2,\"name\":\"Des universit\u00e9s tunisiennes et europ\u00e9ennes lancent un projet de master international sur la migration\"}]},{\"@type\":\"WebSite\",\"@id\":\"https:\/\/kapitalis.com\/tunisie\/#website\",\"url\":\"https:\/\/kapitalis.com\/tunisie\/\",\"name\":\"Kapitalis\",\"description\":\"L&#039;actualit\u00e9 en Tunisie et dans le monde\",\"publisher\":{\"@id\":\"https:\/\/kapitalis.com\/tunisie\/#organization\"},\"potentialAction\":[{\"@type\":\"SearchAction\",\"target\":{\"@type\":\"EntryPoint\",\"urlTemplate\":\"https:\/\/kapitalis.com\/tunisie\/?s={search_term_string}\"},\"query-input\":{\"@type\":\"PropertyValueSpecification\",\"valueRequired\":true,\"valueName\":\"search_term_string\"}}],\"inLanguage\":\"fr-FR\"},{\"@type\":\"Organization\",\"@id\":\"https:\/\/kapitalis.com\/tunisie\/#organization\",\"name\":\"Kapitalis\",\"url\":\"https:\/\/kapitalis.com\/tunisie\/\",\"logo\":{\"@type\":\"ImageObject\",\"inLanguage\":\"fr-FR\",\"@id\":\"https:\/\/kapitalis.com\/tunisie\/#\/schema\/logo\/image\/\",\"url\":\"https:\/\/kapitalis.com\/tunisie\/wp-content\/uploads\/2022\/05\/Kapitalis-big-size.png\",\"contentUrl\":\"https:\/\/kapitalis.com\/tunisie\/wp-content\/uploads\/2022\/05\/Kapitalis-big-size.png\",\"width\":5000,\"height\":1500,\"caption\":\"Kapitalis\"},\"image\":{\"@id\":\"https:\/\/kapitalis.com\/tunisie\/#\/schema\/logo\/image\/\"},\"sameAs\":[\"https:\/\/www.facebook.com\/KapitalisInfo\/\",\"https:\/\/x.com\/KapitalisInfo\",\"https:\/\/www.youtube.com\/channel\/UC-yDYrHyfFBWWZaOw3FPg9Q\"]},{\"@type\":\"Person\",\"@id\":\"https:\/\/kapitalis.com\/tunisie\/#\/schema\/person\/d71f33a9ca44f7bad4698210b480c8e9\",\"name\":\"webmaster kapitalis\",\"url\":\"https:\/\/kapitalis.com\/tunisie\/author\/webmaster-kapitalis\/\"}]}<\/script>\n<!-- \/ Yoast SEO plugin. -->","yoast_head_json":{"title":"Des universit\u00e9s tunisiennes et europ\u00e9ennes lancent un projet de master international sur la migration - Kapitalis","robots":{"index":"index","follow":"follow","max-snippet":"max-snippet:-1","max-image-preview":"max-image-preview:large","max-video-preview":"max-video-preview:-1"},"canonical":"https:\/\/kapitalis.com\/tunisie\/2020\/02\/14\/des-universites-tunisiennes-et-europeennes-lancent-un-projet-de-master-international-sur-la-migration\/","og_locale":"fr_FR","og_type":"article","og_title":"Des universit\u00e9s tunisiennes et europ\u00e9ennes lancent un projet de master international sur la migration - Kapitalis","og_description":"Un master international conjoint d\u2019\u00e9tudes relatives \u00e0 la migration, associant plusieurs universit\u00e9 tunisiennes et europ\u00e9ennes, a \u00e9t\u00e9 lanc\u00e9 officiellement les 13 et 14 f\u00e9vrier 2020 \u00e0 Tunis.","og_url":"https:\/\/kapitalis.com\/tunisie\/2020\/02\/14\/des-universites-tunisiennes-et-europeennes-lancent-un-projet-de-master-international-sur-la-migration\/","og_site_name":"Kapitalis","article_publisher":"https:\/\/www.facebook.com\/KapitalisInfo\/","article_published_time":"2020-02-14T12:36:43+00:00","article_modified_time":"2020-02-14T12:36:45+00:00","og_image":[{"width":1200,"height":630,"url":"https:\/\/kapitalis.com\/tunisie\/wp-content\/uploads\/2022\/05\/kapitalis-logo-fb.png","type":"image\/png"}],"author":"webmaster kapitalis","twitter_card":"summary_large_image","twitter_creator":"@KapitalisInfo","twitter_site":"@KapitalisInfo","twitter_misc":{"\u00c9crit par":"webmaster kapitalis","Dur\u00e9e de lecture estim\u00e9e":"1 minute"},"schema":{"@context":"https:\/\/schema.org","@graph":[{"@type":"Article","@id":"https:\/\/kapitalis.com\/tunisie\/2020\/02\/14\/des-universites-tunisiennes-et-europeennes-lancent-un-projet-de-master-international-sur-la-migration\/#article","isPartOf":{"@id":"https:\/\/kapitalis.com\/tunisie\/2020\/02\/14\/des-universites-tunisiennes-et-europeennes-lancent-un-projet-de-master-international-sur-la-migration\/"},"author":{"name":"webmaster kapitalis","@id":"https:\/\/kapitalis.com\/tunisie\/#\/schema\/person\/d71f33a9ca44f7bad4698210b480c8e9"},"headline":"Des universit\u00e9s tunisiennes et europ\u00e9ennes lancent un projet de master international sur la migration","datePublished":"2020-02-14T12:36:43+00:00","dateModified":"2020-02-14T12:36:45+00:00","mainEntityOfPage":{"@id":"https:\/\/kapitalis.com\/tunisie\/2020\/02\/14\/des-universites-tunisiennes-et-europeennes-lancent-un-projet-de-master-international-sur-la-migration\/"},"wordCount":298,"commentCount":1,"publisher":{"@id":"https:\/\/kapitalis.com\/tunisie\/#organization"},"image":{"@id":"https:\/\/kapitalis.com\/tunisie\/2020\/02\/14\/des-universites-tunisiennes-et-europeennes-lancent-un-projet-de-master-international-sur-la-migration\/#primaryimage"},"thumbnailUrl":"","articleSection":["SOCIETE","Tunisie"],"inLanguage":"fr-FR","potentialAction":[{"@type":"CommentAction","name":"Comment","target":["https:\/\/kapitalis.com\/tunisie\/2020\/02\/14\/des-universites-tunisiennes-et-europeennes-lancent-un-projet-de-master-international-sur-la-migration\/#respond"]}]},{"@type":"WebPage","@id":"https:\/\/kapitalis.com\/tunisie\/2020\/02\/14\/des-universites-tunisiennes-et-europeennes-lancent-un-projet-de-master-international-sur-la-migration\/","url":"https:\/\/kapitalis.com\/tunisie\/2020\/02\/14\/des-universites-tunisiennes-et-europeennes-lancent-un-projet-de-master-international-sur-la-migration\/","name":"Des universit\u00e9s tunisiennes et europ\u00e9ennes lancent un projet de master international sur la migration - Kapitalis","isPartOf":{"@id":"https:\/\/kapitalis.com\/tunisie\/#website"},"primaryImageOfPage":{"@id":"https:\/\/kapitalis.com\/tunisie\/2020\/02\/14\/des-universites-tunisiennes-et-europeennes-lancent-un-projet-de-master-international-sur-la-migration\/#primaryimage"},"image":{"@id":"https:\/\/kapitalis.com\/tunisie\/2020\/02\/14\/des-universites-tunisiennes-et-europeennes-lancent-un-projet-de-master-international-sur-la-migration\/#primaryimage"},"thumbnailUrl":"","datePublished":"2020-02-14T12:36:43+00:00","dateModified":"2020-02-14T12:36:45+00:00","breadcrumb":{"@id":"https:\/\/kapitalis.com\/tunisie\/2020\/02\/14\/des-universites-tunisiennes-et-europeennes-lancent-un-projet-de-master-international-sur-la-migration\/#breadcrumb"},"inLanguage":"fr-FR","potentialAction":[{"@type":"ReadAction","target":["https:\/\/kapitalis.com\/tunisie\/2020\/02\/14\/des-universites-tunisiennes-et-europeennes-lancent-un-projet-de-master-international-sur-la-migration\/"]}]},{"@type":"ImageObject","inLanguage":"fr-FR","@id":"https:\/\/kapitalis.com\/tunisie\/2020\/02\/14\/des-universites-tunisiennes-et-europeennes-lancent-un-projet-de-master-international-sur-la-migration\/#primaryimage","url":"","contentUrl":""},{"@type":"BreadcrumbList","@id":"https:\/\/kapitalis.com\/tunisie\/2020\/02\/14\/des-universites-tunisiennes-et-europeennes-lancent-un-projet-de-master-international-sur-la-migration\/#breadcrumb","itemListElement":[{"@type":"ListItem","position":1,"name":"Accueil","item":"https:\/\/kapitalis.com\/tunisie\/"},{"@type":"ListItem","position":2,"name":"Des universit\u00e9s tunisiennes et europ\u00e9ennes lancent un projet de master international sur la migration"}]},{"@type":"WebSite","@id":"https:\/\/kapitalis.com\/tunisie\/#website","url":"https:\/\/kapitalis.com\/tunisie\/","name":"Kapitalis","description":"L&#039;actualit\u00e9 en Tunisie et dans le monde","publisher":{"@id":"https:\/\/kapitalis.com\/tunisie\/#organization"},"potentialAction":[{"@type":"SearchAction","target":{"@type":"EntryPoint","urlTemplate":"https:\/\/kapitalis.com\/tunisie\/?s={search_term_string}"},"query-input":{"@type":"PropertyValueSpecification","valueRequired":true,"valueName":"search_term_string"}}],"inLanguage":"fr-FR"},{"@type":"Organization","@id":"https:\/\/kapitalis.com\/tunisie\/#organization","name":"Kapitalis","url":"https:\/\/kapitalis.com\/tunisie\/","logo":{"@type":"ImageObject","inLanguage":"fr-FR","@id":"https:\/\/kapitalis.com\/tunisie\/#\/schema\/logo\/image\/","url":"https:\/\/kapitalis.com\/tunisie\/wp-content\/uploads\/2022\/05\/Kapitalis-big-size.png","contentUrl":"https:\/\/kapitalis.com\/tunisie\/wp-content\/uploads\/2022\/05\/Kapitalis-big-size.png","width":5000,"height":1500,"caption":"Kapitalis"},"image":{"@id":"https:\/\/kapitalis.com\/tunisie\/#\/schema\/logo\/image\/"},"sameAs":["https:\/\/www.facebook.com\/KapitalisInfo\/","https:\/\/x.com\/KapitalisInfo","https:\/\/www.youtube.com\/channel\/UC-yDYrHyfFBWWZaOw3FPg9Q"]},{"@type":"Person","@id":"https:\/\/kapitalis.com\/tunisie\/#\/schema\/person\/d71f33a9ca44f7bad4698210b480c8e9","name":"webmaster kapitalis","url":"https:\/\/kapitalis.com\/tunisie\/author\/webmaster-kapitalis\/"}]}},"_links":{"self":[{"href":"https:\/\/kapitalis.com\/tunisie\/wp-json\/wp\/v2\/posts\/281035","targetHints":{"allow":["GET"]}}],"collection":[{"href":"https:\/\/kapitalis.com\/tunisie\/wp-json\/wp\/v2\/posts"}],"about":[{"href":"https:\/\/kapitalis.com\/tunisie\/wp-json\/wp\/v2\/types\/post"}],"author":[{"embeddable":true,"href":"https:\/\/kapitalis.com\/tunisie\/wp-json\/wp\/v2\/users\/8"}],"replies":[{"embeddable":true,"href":"https:\/\/kapitalis.com\/tunisie\/wp-json\/wp\/v2\/comments?post=281035"}],"version-history":[{"count":0,"href":"https:\/\/kapitalis.com\/tunisie\/wp-json\/wp\/v2\/posts\/281035\/revisions"}],"wp:featuredmedia":[{"embeddable":true,"href":"https:\/\/kapitalis.com\/tunisie\/wp-json\/wp\/v2\/media\/281036"}],"wp:attachment":[{"href":"https:\/\/kapitalis.com\/tunisie\/wp-json\/wp\/v2\/media?parent=281035"}],"wp:term":[{"taxonomy":"category","embeddable":true,"href":"https:\/\/kapitalis.com\/tunisie\/wp-json\/wp\/v2\/categories?post=281035"},{"taxonomy":"post_tag","embeddable":true,"href":"https:\/\/kapitalis.com\/tunisie\/wp-json\/wp\/v2\/tags?post=281035"}],"curies":[{"name":"wp","href":"https:\/\/api.w.org\/{rel}","templated":true}]}}