{"id":281444,"date":"2020-02-17T09:36:42","date_gmt":"2020-02-17T08:36:42","guid":{"rendered":"http:\/\/kapitalis.com\/tunisie\/?p=281444"},"modified":"2020-02-17T09:36:58","modified_gmt":"2020-02-17T08:36:58","slug":"kef-programme-de-la-6e-edition-du-festival-sicca-jazz","status":"publish","type":"post","link":"https:\/\/kapitalis.com\/tunisie\/2020\/02\/17\/kef-programme-de-la-6e-edition-du-festival-sicca-jazz\/","title":{"rendered":"Kef : Programme de la 6e \u00e9dition du festival  Sicca Jazz"},"content":{"rendered":"\n<figure class=\"wp-block-image size-large\"><img decoding=\"async\" src=\"http:\/\/kapitalis.com\/tunisie\/wp-content\/uploads\/2020\/02\/Sicca-Jazz-Ramzi-Jebabli.jpg\" alt=\"\" class=\"wp-image-281446\"\/><figcaption><em>Ramzi Jebabli.<\/em><\/figcaption><\/figure>\n\n\n\n<p><strong><em> La 6e \u00e9dition du festival musical Sicca Jazz se tiendra du 14 au 21 mars 2020 \u00e0 la ville du Kef et dans trois d\u00e9l\u00e9gations de ce gouvernorat nord-ouest de la Tunisie. Un programme de taille vient d\u2019\u00eatre annonc\u00e9. Gr\u00e2ce \u00e0 l\u2019appui de trois sponsors : Biat, Tunisie T\u00e9l\u00e9com et Topnet. <\/em><\/strong><\/p>\n\n\n\n<p> Par <strong>Fawz Ben Ali<\/strong><\/p>\n\n\n\n<!--more-->\n\n\n\n<p> Le fondateur et directeur du festival Ramzi Jebabli a donn\u00e9 une conf\u00e9rence de presse, le vendredi 14 f\u00e9vrier, \u00e0 l\u2019h\u00f4tel Down Town \u00e0 Tunis pour annoncer le programme et les nouveaut\u00e9s de la 6e \u00e9dition qui s\u2019\u00e9talera pour la premi\u00e8re fois sur 8 jours, \u00e0 la Kasbah, \u00e0 la place municipale Boumakhlouf, et dans les d\u00e9l\u00e9gations de Sakiet Sidi Youssef, Nebeur et Barnoussa.<\/p>\n\n\n\n<h3 class=\"wp-block-heading\"> La musique comme promoteur touristique<\/h3>\n\n\n\n<p> Organis\u00e9 par l\u2019association  Culture et d\u00e9veloppement, Sicca Jazz est le second festival de jazz dans la r\u00e9gion nord-ouest tunisien, apr\u00e8s le c\u00e9l\u00e8bre (et historique) Festival de jazz de Tabarka. Fond\u00e9 en 2015 par Ramzi Jebabli, le festival keffois a su d\u00e8s la premi\u00e8re \u00e9dition attirer un public nombreux venant des diff\u00e9rentes villes du pays et m\u00eame d\u2019Alg\u00e9rie.<\/p>\n\n\n\n<p> Sicca Jazz est une initiative concr\u00e8te pour d\u00e9centraliser la culture et offrir aux jeunes des r\u00e9gions des spectacles musicaux de qualit\u00e9. Le projet a \u00e9t\u00e9 fortement soutenu par les Keffois dont beaucoup ouvrent chaque ann\u00e9e leurs demeures aux festivaliers, par la municipalit\u00e9 et la d\u00e9l\u00e9gation culturelle r\u00e9gionale du Kef, mais aussi par l\u2019Office national du tourisme tunisien (ONTT) qui a vu en cette manifestation culturelle un vrai promoteur touristique, d\u2019autant plus que le festival a lieu en printemps et donne ainsi l\u2019occasion de d\u00e9couvrir les magnifiques paysages du nord-ouest, notamment \u00e0 travers les randonn\u00e9es, campings et diff\u00e9rentes activit\u00e9s qu\u2019il propose en marge du programme musical.<\/p>\n\n\n\n<p> Le festival r\u00e9ussit en effet \u00e0 installer, chaque ann\u00e9e, une vraie dynamique et une ambiance festive dans toute la ville. Il s\u2019agit d\u2019une p\u00e9riode particuli\u00e8rement anim\u00e9e pour les h\u00f4tels, les maisons d\u2019h\u00f4tes, les restaurants et les diff\u00e9rents commerces de la r\u00e9gion.<\/p>\n\n\n\n<div class=\"wp-block-image\"><figure class=\"aligncenter size-large is-resized\"><img decoding=\"async\" src=\"http:\/\/kapitalis.com\/tunisie\/wp-content\/uploads\/2020\/02\/Nooman-Habassi-et-Ramzi-Jebabli-Sicca-Jazz.jpg\" alt=\"\" class=\"wp-image-281447\" width=\"500\"\/><figcaption><em>Nooman Habassi, d\u00e9l\u00e9gu\u00e9 du Kef, et Ramzi Jebabli.<\/em><\/figcaption><\/figure><\/div>\n\n\n\n<p> Malgr\u00e9 le succ\u00e8s des pr\u00e9c\u00e9dentes \u00e9ditions, l\u2019enthousiasme des Keffois et la forte participation des festivaliers, le directeur du festival a \u00e9voqu\u00e9 les difficult\u00e9s essentiellement financi\u00e8res auxquelles le festival continue de faire face.<\/p>\n\n\n\n<h3 class=\"wp-block-heading\"> Un beau programme malgr\u00e9 le peu de moyens<\/h3>\n\n\n\n<p> Les deux minist\u00e8res du Tourisme et des Affaires culturelles soutiennent certes le festival, mais aucun contrat de partenariat n\u2019a encore \u00e9t\u00e9 sign\u00e9, pr\u00e9cise Ramzi Jebabli. <em>\u00abSans le soutien de nos sponsors Biat, Tunisie T\u00e9l\u00e9com et TopNet, cette \u00e9dition n\u2019aurait probablement pas eu lieu\u00bb<\/em>, a-t-il indiqu\u00e9.<\/p>\n\n\n\n<p> Un festival qui souffre d\u2019un manque de visibilit\u00e9 financi\u00e8re ne peut pas se permettre d\u2019inviter de grands noms de la musique internationale dont les r\u00e9servations se font un an, voire deux ans \u00e0 l\u2019avance, a expliqu\u00e9 Ramzi Jebabli, tout en soulignant que le Kef est class\u00e9 comme une \u00abzone rouge\u00bb, sur le plan s\u00e9curitaire, chose qui ne facilite point la t\u00e2che pour les organisateurs du festival. <\/p>\n\n\n\n<p> D\u2019ailleurs deux artistes am\u00e9ricains ont r\u00e9cemment annul\u00e9 leur participation pour des raisons de s\u00e9curit\u00e9. Mais le festival tient bon, selon son directeur, car depuis le lancement de la premi\u00e8re \u00e9dition en mars 2015, quelques jours apr\u00e8s l\u2019attentat du Bardo, les festivaliers ont r\u00e9pondu pr\u00e9sents.<\/p>\n\n\n\n<p> Le festival revient cette ann\u00e9e avec un beau programme qui aura lieu entre la sc\u00e8ne principale de la Kasbah, la sc\u00e8ne libre de la place municipale et dans les trois d\u00e9l\u00e9gations de Sakiet Sidi Youssef, Nebeur et Barnoussa. Cette \u00e9dition continuera de s\u2019ouvrir sur les fusions, les musiques du monde, le patrimoine populaire du Kef, ou encore la musique soufie, tout en offrant comme chaque ann\u00e9e une place privil\u00e9gi\u00e9e aux artistes tunisiens, et notamment aux jeunes talents keffois.<\/p>\n\n\n\n<p> L\u2019ouverture sera assur\u00e9e par le groupe parisien multiculturel Arat Kilo Mamani Keita, compos\u00e9 d\u2019artistes fran\u00e7ais, maliens et am\u00e9ricains. La cl\u00f4ture, se fera en deux parties avec le trio allemand Pulsar Trio et le groupe am\u00e9ricain Kenny Administration.<\/p>\n\n\n\n<p> Au programme \u00e9galement un hommage \u00e0 Saliha, la diva native de cette r\u00e9gion, quatre r\u00e9sidences artistiques, des caravanes musicales, des concerts de rue gratuits au centre-ville, et une ouverture sur le street-art en partenariat avec le festival Behind the wall en pr\u00e9sence des deux artistes Shoof et Kool Core.<\/p>\n\n\n\n<div class=\"wp-block-image\"><figure class=\"aligncenter size-large is-resized\"><img decoding=\"async\" src=\"http:\/\/kapitalis.com\/tunisie\/wp-content\/uploads\/2020\/02\/Sicca.jpg\" alt=\"\" class=\"wp-image-281448\" width=\"500\"\/><\/figure><\/div>\n\n\n\n<h3 class=\"has-text-align-center wp-block-heading\"> Programme :<\/h3>\n\n\n\n<p> \u2022 <strong><em>Samedi 14 mars<\/em><\/strong> (ouverture) : Arat Kilo Mamani Keita (France \/ Mali \/ Etats-Unis);<\/p>\n\n\n\n<p> \u2022 <strong><em>Dimanche 15 mars <\/em><\/strong>: Tree9 (Tunisie \/ France);<\/p>\n\n\n\n<p> \u2022 <strong><em>Lundi 16 mars<\/em><\/strong> : Ben &amp; Lola (Tunisie \/ Allemagne) &#8211; Tigua Blanck NA (Tunisie);<\/p>\n\n\n\n<p> \u2022 <strong><em>Mardi 17 mars<\/em><\/strong> : Gultrah Sound System (Tunisie);<\/p>\n\n\n\n<p> \u2022 <strong><em>Mercredi 18 mars <\/em><\/strong>: Malted Milk (France);<\/p>\n\n\n\n<p> \u2022<strong><em> Jeudi 19 mars<\/em><\/strong> : Electro de luxe (France);<\/p>\n\n\n\n<p> \u2022 <strong><em>Vendredi  20 mars <\/em><\/strong>: Moncef Genoud Quartet (Suisse);<\/p>\n\n\n\n<p> \u2022<strong><em> Samedi 21 mars<\/em><\/strong> (cl\u00f4ture) : Kennedy Administration (Etats-Unis) &#8211; Pulsar Trio (Allemagne).<\/p>\n","protected":false},"excerpt":{"rendered":"<p>La 6e \u00e9dition du festival musical Sicca Jazz se tiendra du 14 au 21 mars 2020 \u00e0 la ville du Kef et dans trois d\u00e9l\u00e9gations de ce gouvernorat nord-ouest de la Tunisie. Un programme de taille vient d\u2019\u00eatre annonc\u00e9. Gr\u00e2ce \u00e0 l\u2019appui de trois sponsors : Biat, Tunisie T\u00e9l\u00e9com et Topnet. Par Fawz Ben Ali<\/p>\n","protected":false},"author":8,"featured_media":281446,"comment_status":"open","ping_status":"open","sticky":false,"template":"","format":"standard","meta":{"footnotes":""},"categories":[992,994,2433],"tags":[146,73359,527,15177],"class_list":["post-281444","post","type-post","status-publish","format-standard","has-post-thumbnail","hentry","category-a-la-une","category-culture","category-tunisie","tag-biat","tag-gultrah-sound-system","tag-kef","tag-sicca-jazz"],"yoast_head":"<!-- This site is optimized with the Yoast SEO plugin v26.6 - https:\/\/yoast.com\/wordpress\/plugins\/seo\/ -->\n<title>Kef : Programme de la 6e \u00e9dition du festival Sicca Jazz - Kapitalis<\/title>\n<meta name=\"robots\" content=\"index, follow, max-snippet:-1, max-image-preview:large, max-video-preview:-1\" \/>\n<link rel=\"canonical\" href=\"https:\/\/kapitalis.com\/tunisie\/2020\/02\/17\/kef-programme-de-la-6e-edition-du-festival-sicca-jazz\/\" \/>\n<meta property=\"og:locale\" content=\"fr_FR\" \/>\n<meta property=\"og:type\" content=\"article\" \/>\n<meta property=\"og:title\" content=\"Kef : Programme de la 6e \u00e9dition du festival Sicca Jazz - Kapitalis\" \/>\n<meta property=\"og:description\" content=\"La 6e \u00e9dition du festival musical Sicca Jazz se tiendra du 14 au 21 mars 2020 \u00e0 la ville du Kef et dans trois d\u00e9l\u00e9gations de ce gouvernorat nord-ouest de la Tunisie. Un programme de taille vient d\u2019\u00eatre annonc\u00e9. Gr\u00e2ce \u00e0 l\u2019appui de trois sponsors : Biat, Tunisie T\u00e9l\u00e9com et Topnet. Par Fawz Ben Ali\" \/>\n<meta property=\"og:url\" content=\"https:\/\/kapitalis.com\/tunisie\/2020\/02\/17\/kef-programme-de-la-6e-edition-du-festival-sicca-jazz\/\" \/>\n<meta property=\"og:site_name\" content=\"Kapitalis\" \/>\n<meta property=\"article:publisher\" content=\"https:\/\/www.facebook.com\/KapitalisInfo\/\" \/>\n<meta property=\"article:published_time\" content=\"2020-02-17T08:36:42+00:00\" \/>\n<meta property=\"article:modified_time\" content=\"2020-02-17T08:36:58+00:00\" \/>\n<meta property=\"og:image\" content=\"https:\/\/kapitalis.com\/tunisie\/wp-content\/uploads\/2022\/05\/kapitalis-logo-fb.png\" \/>\n\t<meta property=\"og:image:width\" content=\"1200\" \/>\n\t<meta property=\"og:image:height\" content=\"630\" \/>\n\t<meta property=\"og:image:type\" content=\"image\/png\" \/>\n<meta name=\"author\" content=\"webmaster kapitalis\" \/>\n<meta name=\"twitter:card\" content=\"summary_large_image\" \/>\n<meta name=\"twitter:creator\" content=\"@KapitalisInfo\" \/>\n<meta name=\"twitter:site\" content=\"@KapitalisInfo\" \/>\n<meta name=\"twitter:label1\" content=\"\u00c9crit par\" \/>\n\t<meta name=\"twitter:data1\" content=\"webmaster kapitalis\" \/>\n\t<meta name=\"twitter:label2\" content=\"Dur\u00e9e de lecture estim\u00e9e\" \/>\n\t<meta name=\"twitter:data2\" content=\"4 minutes\" \/>\n<script type=\"application\/ld+json\" class=\"yoast-schema-graph\">{\"@context\":\"https:\/\/schema.org\",\"@graph\":[{\"@type\":\"Article\",\"@id\":\"https:\/\/kapitalis.com\/tunisie\/2020\/02\/17\/kef-programme-de-la-6e-edition-du-festival-sicca-jazz\/#article\",\"isPartOf\":{\"@id\":\"https:\/\/kapitalis.com\/tunisie\/2020\/02\/17\/kef-programme-de-la-6e-edition-du-festival-sicca-jazz\/\"},\"author\":{\"name\":\"webmaster kapitalis\",\"@id\":\"https:\/\/kapitalis.com\/tunisie\/#\/schema\/person\/d71f33a9ca44f7bad4698210b480c8e9\"},\"headline\":\"Kef : Programme de la 6e \u00e9dition du festival Sicca Jazz\",\"datePublished\":\"2020-02-17T08:36:42+00:00\",\"dateModified\":\"2020-02-17T08:36:58+00:00\",\"mainEntityOfPage\":{\"@id\":\"https:\/\/kapitalis.com\/tunisie\/2020\/02\/17\/kef-programme-de-la-6e-edition-du-festival-sicca-jazz\/\"},\"wordCount\":853,\"commentCount\":0,\"publisher\":{\"@id\":\"https:\/\/kapitalis.com\/tunisie\/#organization\"},\"image\":{\"@id\":\"https:\/\/kapitalis.com\/tunisie\/2020\/02\/17\/kef-programme-de-la-6e-edition-du-festival-sicca-jazz\/#primaryimage\"},\"thumbnailUrl\":\"\",\"keywords\":[\"Biat\",\"Gultrah Sound System\",\"Kef\",\"Sicca Jazz\"],\"articleSection\":[\"A LA UNE\",\"CULTURE\",\"Tunisie\"],\"inLanguage\":\"fr-FR\",\"potentialAction\":[{\"@type\":\"CommentAction\",\"name\":\"Comment\",\"target\":[\"https:\/\/kapitalis.com\/tunisie\/2020\/02\/17\/kef-programme-de-la-6e-edition-du-festival-sicca-jazz\/#respond\"]}]},{\"@type\":\"WebPage\",\"@id\":\"https:\/\/kapitalis.com\/tunisie\/2020\/02\/17\/kef-programme-de-la-6e-edition-du-festival-sicca-jazz\/\",\"url\":\"https:\/\/kapitalis.com\/tunisie\/2020\/02\/17\/kef-programme-de-la-6e-edition-du-festival-sicca-jazz\/\",\"name\":\"Kef : Programme de la 6e \u00e9dition du festival Sicca Jazz - Kapitalis\",\"isPartOf\":{\"@id\":\"https:\/\/kapitalis.com\/tunisie\/#website\"},\"primaryImageOfPage\":{\"@id\":\"https:\/\/kapitalis.com\/tunisie\/2020\/02\/17\/kef-programme-de-la-6e-edition-du-festival-sicca-jazz\/#primaryimage\"},\"image\":{\"@id\":\"https:\/\/kapitalis.com\/tunisie\/2020\/02\/17\/kef-programme-de-la-6e-edition-du-festival-sicca-jazz\/#primaryimage\"},\"thumbnailUrl\":\"\",\"datePublished\":\"2020-02-17T08:36:42+00:00\",\"dateModified\":\"2020-02-17T08:36:58+00:00\",\"breadcrumb\":{\"@id\":\"https:\/\/kapitalis.com\/tunisie\/2020\/02\/17\/kef-programme-de-la-6e-edition-du-festival-sicca-jazz\/#breadcrumb\"},\"inLanguage\":\"fr-FR\",\"potentialAction\":[{\"@type\":\"ReadAction\",\"target\":[\"https:\/\/kapitalis.com\/tunisie\/2020\/02\/17\/kef-programme-de-la-6e-edition-du-festival-sicca-jazz\/\"]}]},{\"@type\":\"ImageObject\",\"inLanguage\":\"fr-FR\",\"@id\":\"https:\/\/kapitalis.com\/tunisie\/2020\/02\/17\/kef-programme-de-la-6e-edition-du-festival-sicca-jazz\/#primaryimage\",\"url\":\"\",\"contentUrl\":\"\"},{\"@type\":\"BreadcrumbList\",\"@id\":\"https:\/\/kapitalis.com\/tunisie\/2020\/02\/17\/kef-programme-de-la-6e-edition-du-festival-sicca-jazz\/#breadcrumb\",\"itemListElement\":[{\"@type\":\"ListItem\",\"position\":1,\"name\":\"Accueil\",\"item\":\"https:\/\/kapitalis.com\/tunisie\/\"},{\"@type\":\"ListItem\",\"position\":2,\"name\":\"Kef : Programme de la 6e \u00e9dition du festival Sicca Jazz\"}]},{\"@type\":\"WebSite\",\"@id\":\"https:\/\/kapitalis.com\/tunisie\/#website\",\"url\":\"https:\/\/kapitalis.com\/tunisie\/\",\"name\":\"Kapitalis\",\"description\":\"L&#039;actualit\u00e9 en Tunisie et dans le monde\",\"publisher\":{\"@id\":\"https:\/\/kapitalis.com\/tunisie\/#organization\"},\"potentialAction\":[{\"@type\":\"SearchAction\",\"target\":{\"@type\":\"EntryPoint\",\"urlTemplate\":\"https:\/\/kapitalis.com\/tunisie\/?s={search_term_string}\"},\"query-input\":{\"@type\":\"PropertyValueSpecification\",\"valueRequired\":true,\"valueName\":\"search_term_string\"}}],\"inLanguage\":\"fr-FR\"},{\"@type\":\"Organization\",\"@id\":\"https:\/\/kapitalis.com\/tunisie\/#organization\",\"name\":\"Kapitalis\",\"url\":\"https:\/\/kapitalis.com\/tunisie\/\",\"logo\":{\"@type\":\"ImageObject\",\"inLanguage\":\"fr-FR\",\"@id\":\"https:\/\/kapitalis.com\/tunisie\/#\/schema\/logo\/image\/\",\"url\":\"https:\/\/kapitalis.com\/tunisie\/wp-content\/uploads\/2022\/05\/Kapitalis-big-size.png\",\"contentUrl\":\"https:\/\/kapitalis.com\/tunisie\/wp-content\/uploads\/2022\/05\/Kapitalis-big-size.png\",\"width\":5000,\"height\":1500,\"caption\":\"Kapitalis\"},\"image\":{\"@id\":\"https:\/\/kapitalis.com\/tunisie\/#\/schema\/logo\/image\/\"},\"sameAs\":[\"https:\/\/www.facebook.com\/KapitalisInfo\/\",\"https:\/\/x.com\/KapitalisInfo\",\"https:\/\/www.youtube.com\/channel\/UC-yDYrHyfFBWWZaOw3FPg9Q\"]},{\"@type\":\"Person\",\"@id\":\"https:\/\/kapitalis.com\/tunisie\/#\/schema\/person\/d71f33a9ca44f7bad4698210b480c8e9\",\"name\":\"webmaster kapitalis\",\"url\":\"https:\/\/kapitalis.com\/tunisie\/author\/webmaster-kapitalis\/\"}]}<\/script>\n<!-- \/ Yoast SEO plugin. -->","yoast_head_json":{"title":"Kef : Programme de la 6e \u00e9dition du festival Sicca Jazz - Kapitalis","robots":{"index":"index","follow":"follow","max-snippet":"max-snippet:-1","max-image-preview":"max-image-preview:large","max-video-preview":"max-video-preview:-1"},"canonical":"https:\/\/kapitalis.com\/tunisie\/2020\/02\/17\/kef-programme-de-la-6e-edition-du-festival-sicca-jazz\/","og_locale":"fr_FR","og_type":"article","og_title":"Kef : Programme de la 6e \u00e9dition du festival Sicca Jazz - Kapitalis","og_description":"La 6e \u00e9dition du festival musical Sicca Jazz se tiendra du 14 au 21 mars 2020 \u00e0 la ville du Kef et dans trois d\u00e9l\u00e9gations de ce gouvernorat nord-ouest de la Tunisie. Un programme de taille vient d\u2019\u00eatre annonc\u00e9. Gr\u00e2ce \u00e0 l\u2019appui de trois sponsors : Biat, Tunisie T\u00e9l\u00e9com et Topnet. Par Fawz Ben Ali","og_url":"https:\/\/kapitalis.com\/tunisie\/2020\/02\/17\/kef-programme-de-la-6e-edition-du-festival-sicca-jazz\/","og_site_name":"Kapitalis","article_publisher":"https:\/\/www.facebook.com\/KapitalisInfo\/","article_published_time":"2020-02-17T08:36:42+00:00","article_modified_time":"2020-02-17T08:36:58+00:00","og_image":[{"width":1200,"height":630,"url":"https:\/\/kapitalis.com\/tunisie\/wp-content\/uploads\/2022\/05\/kapitalis-logo-fb.png","type":"image\/png"}],"author":"webmaster kapitalis","twitter_card":"summary_large_image","twitter_creator":"@KapitalisInfo","twitter_site":"@KapitalisInfo","twitter_misc":{"\u00c9crit par":"webmaster kapitalis","Dur\u00e9e de lecture estim\u00e9e":"4 minutes"},"schema":{"@context":"https:\/\/schema.org","@graph":[{"@type":"Article","@id":"https:\/\/kapitalis.com\/tunisie\/2020\/02\/17\/kef-programme-de-la-6e-edition-du-festival-sicca-jazz\/#article","isPartOf":{"@id":"https:\/\/kapitalis.com\/tunisie\/2020\/02\/17\/kef-programme-de-la-6e-edition-du-festival-sicca-jazz\/"},"author":{"name":"webmaster kapitalis","@id":"https:\/\/kapitalis.com\/tunisie\/#\/schema\/person\/d71f33a9ca44f7bad4698210b480c8e9"},"headline":"Kef : Programme de la 6e \u00e9dition du festival Sicca Jazz","datePublished":"2020-02-17T08:36:42+00:00","dateModified":"2020-02-17T08:36:58+00:00","mainEntityOfPage":{"@id":"https:\/\/kapitalis.com\/tunisie\/2020\/02\/17\/kef-programme-de-la-6e-edition-du-festival-sicca-jazz\/"},"wordCount":853,"commentCount":0,"publisher":{"@id":"https:\/\/kapitalis.com\/tunisie\/#organization"},"image":{"@id":"https:\/\/kapitalis.com\/tunisie\/2020\/02\/17\/kef-programme-de-la-6e-edition-du-festival-sicca-jazz\/#primaryimage"},"thumbnailUrl":"","keywords":["Biat","Gultrah Sound System","Kef","Sicca Jazz"],"articleSection":["A LA UNE","CULTURE","Tunisie"],"inLanguage":"fr-FR","potentialAction":[{"@type":"CommentAction","name":"Comment","target":["https:\/\/kapitalis.com\/tunisie\/2020\/02\/17\/kef-programme-de-la-6e-edition-du-festival-sicca-jazz\/#respond"]}]},{"@type":"WebPage","@id":"https:\/\/kapitalis.com\/tunisie\/2020\/02\/17\/kef-programme-de-la-6e-edition-du-festival-sicca-jazz\/","url":"https:\/\/kapitalis.com\/tunisie\/2020\/02\/17\/kef-programme-de-la-6e-edition-du-festival-sicca-jazz\/","name":"Kef : Programme de la 6e \u00e9dition du festival Sicca Jazz - Kapitalis","isPartOf":{"@id":"https:\/\/kapitalis.com\/tunisie\/#website"},"primaryImageOfPage":{"@id":"https:\/\/kapitalis.com\/tunisie\/2020\/02\/17\/kef-programme-de-la-6e-edition-du-festival-sicca-jazz\/#primaryimage"},"image":{"@id":"https:\/\/kapitalis.com\/tunisie\/2020\/02\/17\/kef-programme-de-la-6e-edition-du-festival-sicca-jazz\/#primaryimage"},"thumbnailUrl":"","datePublished":"2020-02-17T08:36:42+00:00","dateModified":"2020-02-17T08:36:58+00:00","breadcrumb":{"@id":"https:\/\/kapitalis.com\/tunisie\/2020\/02\/17\/kef-programme-de-la-6e-edition-du-festival-sicca-jazz\/#breadcrumb"},"inLanguage":"fr-FR","potentialAction":[{"@type":"ReadAction","target":["https:\/\/kapitalis.com\/tunisie\/2020\/02\/17\/kef-programme-de-la-6e-edition-du-festival-sicca-jazz\/"]}]},{"@type":"ImageObject","inLanguage":"fr-FR","@id":"https:\/\/kapitalis.com\/tunisie\/2020\/02\/17\/kef-programme-de-la-6e-edition-du-festival-sicca-jazz\/#primaryimage","url":"","contentUrl":""},{"@type":"BreadcrumbList","@id":"https:\/\/kapitalis.com\/tunisie\/2020\/02\/17\/kef-programme-de-la-6e-edition-du-festival-sicca-jazz\/#breadcrumb","itemListElement":[{"@type":"ListItem","position":1,"name":"Accueil","item":"https:\/\/kapitalis.com\/tunisie\/"},{"@type":"ListItem","position":2,"name":"Kef : Programme de la 6e \u00e9dition du festival Sicca Jazz"}]},{"@type":"WebSite","@id":"https:\/\/kapitalis.com\/tunisie\/#website","url":"https:\/\/kapitalis.com\/tunisie\/","name":"Kapitalis","description":"L&#039;actualit\u00e9 en Tunisie et dans le monde","publisher":{"@id":"https:\/\/kapitalis.com\/tunisie\/#organization"},"potentialAction":[{"@type":"SearchAction","target":{"@type":"EntryPoint","urlTemplate":"https:\/\/kapitalis.com\/tunisie\/?s={search_term_string}"},"query-input":{"@type":"PropertyValueSpecification","valueRequired":true,"valueName":"search_term_string"}}],"inLanguage":"fr-FR"},{"@type":"Organization","@id":"https:\/\/kapitalis.com\/tunisie\/#organization","name":"Kapitalis","url":"https:\/\/kapitalis.com\/tunisie\/","logo":{"@type":"ImageObject","inLanguage":"fr-FR","@id":"https:\/\/kapitalis.com\/tunisie\/#\/schema\/logo\/image\/","url":"https:\/\/kapitalis.com\/tunisie\/wp-content\/uploads\/2022\/05\/Kapitalis-big-size.png","contentUrl":"https:\/\/kapitalis.com\/tunisie\/wp-content\/uploads\/2022\/05\/Kapitalis-big-size.png","width":5000,"height":1500,"caption":"Kapitalis"},"image":{"@id":"https:\/\/kapitalis.com\/tunisie\/#\/schema\/logo\/image\/"},"sameAs":["https:\/\/www.facebook.com\/KapitalisInfo\/","https:\/\/x.com\/KapitalisInfo","https:\/\/www.youtube.com\/channel\/UC-yDYrHyfFBWWZaOw3FPg9Q"]},{"@type":"Person","@id":"https:\/\/kapitalis.com\/tunisie\/#\/schema\/person\/d71f33a9ca44f7bad4698210b480c8e9","name":"webmaster kapitalis","url":"https:\/\/kapitalis.com\/tunisie\/author\/webmaster-kapitalis\/"}]}},"_links":{"self":[{"href":"https:\/\/kapitalis.com\/tunisie\/wp-json\/wp\/v2\/posts\/281444","targetHints":{"allow":["GET"]}}],"collection":[{"href":"https:\/\/kapitalis.com\/tunisie\/wp-json\/wp\/v2\/posts"}],"about":[{"href":"https:\/\/kapitalis.com\/tunisie\/wp-json\/wp\/v2\/types\/post"}],"author":[{"embeddable":true,"href":"https:\/\/kapitalis.com\/tunisie\/wp-json\/wp\/v2\/users\/8"}],"replies":[{"embeddable":true,"href":"https:\/\/kapitalis.com\/tunisie\/wp-json\/wp\/v2\/comments?post=281444"}],"version-history":[{"count":0,"href":"https:\/\/kapitalis.com\/tunisie\/wp-json\/wp\/v2\/posts\/281444\/revisions"}],"wp:featuredmedia":[{"embeddable":true,"href":"https:\/\/kapitalis.com\/tunisie\/wp-json\/wp\/v2\/media\/281446"}],"wp:attachment":[{"href":"https:\/\/kapitalis.com\/tunisie\/wp-json\/wp\/v2\/media?parent=281444"}],"wp:term":[{"taxonomy":"category","embeddable":true,"href":"https:\/\/kapitalis.com\/tunisie\/wp-json\/wp\/v2\/categories?post=281444"},{"taxonomy":"post_tag","embeddable":true,"href":"https:\/\/kapitalis.com\/tunisie\/wp-json\/wp\/v2\/tags?post=281444"}],"curies":[{"name":"wp","href":"https:\/\/api.w.org\/{rel}","templated":true}]}}