{"id":281478,"date":"2020-02-17T11:49:26","date_gmt":"2020-02-17T10:49:26","guid":{"rendered":"http:\/\/kapitalis.com\/tunisie\/?p=281478"},"modified":"2020-02-17T11:55:58","modified_gmt":"2020-02-17T10:55:58","slug":"maghzaoui-les-ministres-dennahdha-seraient-sur-le-point-detre-remplaces","status":"publish","type":"post","link":"https:\/\/kapitalis.com\/tunisie\/2020\/02\/17\/maghzaoui-les-ministres-dennahdha-seraient-sur-le-point-detre-remplaces\/","title":{"rendered":"Maghzaoui : Les ministres d&rsquo;Ennahdha seraient sur le point d&rsquo;\u00eatre remplac\u00e9s"},"content":{"rendered":"\n<figure class=\"wp-block-image size-large\"><img decoding=\"async\" src=\"http:\/\/kapitalis.com\/tunisie\/wp-content\/uploads\/2019\/12\/Z-Maghzaoui.jpg\" alt=\"\" class=\"wp-image-265179\"\/><\/figure>\n\n\n\n<p><strong><em>A l&rsquo;approche de la fin du d\u00e9lai constitutionnel dont dispose Elyes Fakhfakh pour composer son gouvernement, ses chances d&rsquo;obtenir la confiance du parlement semblent infimes apr\u00e8s le retrait d&rsquo;Ennahdha. A moins qu&rsquo;il ne trouve, au plus vite, un terrain d&rsquo;entente avec le mouvement islamiste.<\/em><\/strong><\/p>\n\n\n\n<!--more-->\n\n\n\n<p>Dans ce cadre, le secr\u00e9taire g\u00e9n\u00e9ral du parti Echa\u00e2b, Zouha\u00efr Maghzaoui, a annonc\u00e9 ce matin, lundi 17 f\u00e9vrier 2020, via <a href=\"https:\/\/www.facebook.com\/permalink.php?story_fbid=3222204054460877&amp;id=354783807869597&amp;__xts__[0]=68.ARDurt7I_a7a2XyXDxyvWWdkP2FIZ3w28Jeu1zyF5C4qcfUfkWBk8Q92LdVHB_TC0VWGBGK-yJArRyTgIpd426oib2CH52MeNTaQD9x1SgaIElbQPwwU4KrVoHbZEdpX2aQoZgzQHwbe5l6oeQxq2rFzHzVXNwFxUnnfVUv5AN_XsTgwQtDmvW7OzilNgqlTG4JdQDJeI47nGPFQnqt9gWimvhP2ZKaes1yhILo-K6d40qUo8Ir8EWRbvKGNs4lBhNoxlFKQJkJZNX0Nu0h045irwIkd8ccVFB2Iv1Fwscznyd-46Btd4xPyWCmMt47ZF-9nLpoJXu3mLpvC7FUWog&amp;__tn__=-R\">un statut facebook<\/a>, qu&rsquo;aujourd&rsquo;hui est le dernier d\u00e9lai des concertations autour de la formation du prochain gouvernement.<\/p>\n\n\n\n<p> Si les n\u00e9gociations de ce soir ne feront pas avancer les choses, les ministres d&rsquo;Ennahdha figurant dans la composition gouvernementale du chef du gouvernement d\u00e9sign\u00e9, Elyes Fakhfakh, seront remplac\u00e9s, ajoute le politicien dont le parti, votera, pour sa part, la confiance.<\/p>\n\n\n\n<p>Rappelons qu&rsquo;Ennahdha avait d\u00e9cid\u00e9, vendredi dernier, de se retirer du gouvernement Fakhfakh et de ne pas lui accorder sa confiance parlementaire parce que ce dernier n&rsquo;a pas donn\u00e9 suite \u00e0 sa demande de mettre en place un gouvernement d&rsquo;union nationale, int\u00e9grant notamment Qalb Tounes, et ne lui a pas attribu\u00e9 les minist\u00e8res qu&rsquo;il demande, \u00e0 savoir ceux de l&rsquo;Int\u00e9rieur, de la Justice et des Technologies de la communication, de mani\u00e8re \u00e0 imposer un contr\u00f4le implacable sur l&rsquo;appareil de l&rsquo;Etat.<\/p>\n\n\n\n<p>Maghzaoui a indiqu\u00e9, sur un autre plan, que si le gouvernement Fakhfakh ne r\u00e9ussit pas \u00e0 obtenir la confiance du parlement, le pr\u00e9sident de la r\u00e9publique dissoudra l&rsquo;Assembl\u00e9e des repr\u00e9sentants du peuple (ARP) et donnera, ainsi, lieu \u00e0 des \u00e9lections l\u00e9gislatives anticip\u00e9es.<\/p>\n\n\n\n<p>Ce n&rsquo;est certainement pas \u00e0 titre informatif que le nationaliste arabe fait cette annonce, mais pour r\u00e9pondre indirectement \u00e0 certains dirigeants d&rsquo;Ennahdha (\u00e0 l&rsquo;instar de Noureddine Bhiri) qui ont annonc\u00e9 leur intention de <a href=\"http:\/\/kapitalis.com\/tunisie\/2020\/02\/17\/a-propos-du-putsch-constitutionnel-projete-dennadha-contre-kais-saied\/\">tirer le tapis sous les pieds du pr\u00e9sident Ka\u00efs Sa\u00efed<\/a>, en mettant en place un nouveau gouvernement pendant le d\u00e9lai constitutionnel que doit attendre le chef de l&rsquo;Etat pour proc\u00e9der \u00e0 la dissolution du parlement.<\/p>\n\n\n\n<p class=\"has-text-align-right\"><strong>C. B. Y.<\/strong><\/p>\n\n\n\n<figure class=\"wp-block-embed-wordpress wp-block-embed is-type-wp-embed is-provider-kapitalis\"><div class=\"wp-block-embed__wrapper\">\n<blockquote class=\"wp-embedded-content\" data-secret=\"O1XlcNUSMi\"><a href=\"https:\/\/kapitalis.com\/tunisie\/2020\/02\/17\/a-propos-du-putsch-constitutionnel-projete-dennadha-contre-kais-saied\/\">A propos du \u00abputsch constitutionnel\u00bb projet\u00e9 d&rsquo;Ennadha contre Ka\u00efs Sa\u00efed<\/a><\/blockquote><iframe loading=\"lazy\" class=\"wp-embedded-content\" sandbox=\"allow-scripts\" security=\"restricted\" style=\"position: absolute; clip: rect(1px, 1px, 1px, 1px);\" title=\"\u00ab\u00a0A propos du \u00abputsch constitutionnel\u00bb projet\u00e9 d&rsquo;Ennadha contre Ka\u00efs Sa\u00efed\u00a0\u00bb &#8212; Kapitalis\" src=\"https:\/\/kapitalis.com\/tunisie\/2020\/02\/17\/a-propos-du-putsch-constitutionnel-projete-dennadha-contre-kais-saied\/embed\/#?secret=9Y0TzsqSbY#?secret=O1XlcNUSMi\" data-secret=\"O1XlcNUSMi\" width=\"600\" height=\"338\" frameborder=\"0\" marginwidth=\"0\" marginheight=\"0\" scrolling=\"no\"><\/iframe>\n<\/div><\/figure>\n","protected":false},"excerpt":{"rendered":"<p>A l&rsquo;approche de la fin du d\u00e9lai constitutionnel dont dispose Elyes Fakhfakh pour composer son gouvernement, ses chances d&rsquo;obtenir la confiance du parlement semblent infimes apr\u00e8s le retrait d&rsquo;Ennahdha. A moins qu&rsquo;il ne trouve, au plus vite, un terrain d&rsquo;entente avec le mouvement islamiste.<\/p>\n","protected":false},"author":24,"featured_media":0,"comment_status":"open","ping_status":"open","sticky":false,"template":"","format":"standard","meta":{"footnotes":""},"categories":[997,2433],"tags":[49543,4896],"class_list":["post-281478","post","type-post","status-publish","format-standard","hentry","category-politique","category-tunisie","tag-ennahdha","tag-zouhair-maghzaoui"],"yoast_head":"<!-- This site is optimized with the Yoast SEO plugin v26.6 - https:\/\/yoast.com\/wordpress\/plugins\/seo\/ -->\n<title>Maghzaoui : Les ministres d&#039;Ennahdha seraient sur le point d&#039;\u00eatre remplac\u00e9s - Kapitalis<\/title>\n<meta name=\"robots\" content=\"index, follow, max-snippet:-1, max-image-preview:large, max-video-preview:-1\" \/>\n<link rel=\"canonical\" href=\"https:\/\/kapitalis.com\/tunisie\/2020\/02\/17\/maghzaoui-les-ministres-dennahdha-seraient-sur-le-point-detre-remplaces\/\" \/>\n<meta property=\"og:locale\" content=\"fr_FR\" \/>\n<meta property=\"og:type\" content=\"article\" \/>\n<meta property=\"og:title\" content=\"Maghzaoui : Les ministres d&#039;Ennahdha seraient sur le point d&#039;\u00eatre remplac\u00e9s - Kapitalis\" \/>\n<meta property=\"og:description\" content=\"A l&rsquo;approche de la fin du d\u00e9lai constitutionnel dont dispose Elyes Fakhfakh pour composer son gouvernement, ses chances d&rsquo;obtenir la confiance du parlement semblent infimes apr\u00e8s le retrait d&rsquo;Ennahdha. A moins qu&rsquo;il ne trouve, au plus vite, un terrain d&rsquo;entente avec le mouvement islamiste.\" \/>\n<meta property=\"og:url\" content=\"https:\/\/kapitalis.com\/tunisie\/2020\/02\/17\/maghzaoui-les-ministres-dennahdha-seraient-sur-le-point-detre-remplaces\/\" \/>\n<meta property=\"og:site_name\" content=\"Kapitalis\" \/>\n<meta property=\"article:publisher\" content=\"https:\/\/www.facebook.com\/KapitalisInfo\/\" \/>\n<meta property=\"article:published_time\" content=\"2020-02-17T10:49:26+00:00\" \/>\n<meta property=\"article:modified_time\" content=\"2020-02-17T10:55:58+00:00\" \/>\n<meta property=\"og:image\" content=\"http:\/\/kapitalis.com\/tunisie\/wp-content\/uploads\/2019\/12\/Z-Maghzaoui.jpg\" \/>\n<meta name=\"author\" content=\"Cherif Benyounes\" \/>\n<meta name=\"twitter:card\" content=\"summary_large_image\" \/>\n<meta name=\"twitter:creator\" content=\"@KapitalisInfo\" \/>\n<meta name=\"twitter:site\" content=\"@KapitalisInfo\" \/>\n<meta name=\"twitter:label1\" content=\"\u00c9crit par\" \/>\n\t<meta name=\"twitter:data1\" content=\"Cherif Benyounes\" \/>\n\t<meta name=\"twitter:label2\" content=\"Dur\u00e9e de lecture estim\u00e9e\" \/>\n\t<meta name=\"twitter:data2\" content=\"2 minutes\" \/>\n<script type=\"application\/ld+json\" class=\"yoast-schema-graph\">{\"@context\":\"https:\/\/schema.org\",\"@graph\":[{\"@type\":\"Article\",\"@id\":\"https:\/\/kapitalis.com\/tunisie\/2020\/02\/17\/maghzaoui-les-ministres-dennahdha-seraient-sur-le-point-detre-remplaces\/#article\",\"isPartOf\":{\"@id\":\"https:\/\/kapitalis.com\/tunisie\/2020\/02\/17\/maghzaoui-les-ministres-dennahdha-seraient-sur-le-point-detre-remplaces\/\"},\"author\":{\"name\":\"Cherif Benyounes\",\"@id\":\"https:\/\/kapitalis.com\/tunisie\/#\/schema\/person\/b35b8d631961131107263178aeb8019e\"},\"headline\":\"Maghzaoui : Les ministres d&rsquo;Ennahdha seraient sur le point d&rsquo;\u00eatre remplac\u00e9s\",\"datePublished\":\"2020-02-17T10:49:26+00:00\",\"dateModified\":\"2020-02-17T10:55:58+00:00\",\"mainEntityOfPage\":{\"@id\":\"https:\/\/kapitalis.com\/tunisie\/2020\/02\/17\/maghzaoui-les-ministres-dennahdha-seraient-sur-le-point-detre-remplaces\/\"},\"wordCount\":351,\"commentCount\":3,\"publisher\":{\"@id\":\"https:\/\/kapitalis.com\/tunisie\/#organization\"},\"image\":{\"@id\":\"https:\/\/kapitalis.com\/tunisie\/2020\/02\/17\/maghzaoui-les-ministres-dennahdha-seraient-sur-le-point-detre-remplaces\/#primaryimage\"},\"thumbnailUrl\":\"http:\/\/kapitalis.com\/tunisie\/wp-content\/uploads\/2019\/12\/Z-Maghzaoui.jpg\",\"keywords\":[\"Ennahdha\",\"Zouhair Maghzaoui\"],\"articleSection\":[\"POLITIQUE\",\"Tunisie\"],\"inLanguage\":\"fr-FR\",\"potentialAction\":[{\"@type\":\"CommentAction\",\"name\":\"Comment\",\"target\":[\"https:\/\/kapitalis.com\/tunisie\/2020\/02\/17\/maghzaoui-les-ministres-dennahdha-seraient-sur-le-point-detre-remplaces\/#respond\"]}]},{\"@type\":\"WebPage\",\"@id\":\"https:\/\/kapitalis.com\/tunisie\/2020\/02\/17\/maghzaoui-les-ministres-dennahdha-seraient-sur-le-point-detre-remplaces\/\",\"url\":\"https:\/\/kapitalis.com\/tunisie\/2020\/02\/17\/maghzaoui-les-ministres-dennahdha-seraient-sur-le-point-detre-remplaces\/\",\"name\":\"Maghzaoui : Les ministres d'Ennahdha seraient sur le point d'\u00eatre remplac\u00e9s - Kapitalis\",\"isPartOf\":{\"@id\":\"https:\/\/kapitalis.com\/tunisie\/#website\"},\"primaryImageOfPage\":{\"@id\":\"https:\/\/kapitalis.com\/tunisie\/2020\/02\/17\/maghzaoui-les-ministres-dennahdha-seraient-sur-le-point-detre-remplaces\/#primaryimage\"},\"image\":{\"@id\":\"https:\/\/kapitalis.com\/tunisie\/2020\/02\/17\/maghzaoui-les-ministres-dennahdha-seraient-sur-le-point-detre-remplaces\/#primaryimage\"},\"thumbnailUrl\":\"http:\/\/kapitalis.com\/tunisie\/wp-content\/uploads\/2019\/12\/Z-Maghzaoui.jpg\",\"datePublished\":\"2020-02-17T10:49:26+00:00\",\"dateModified\":\"2020-02-17T10:55:58+00:00\",\"breadcrumb\":{\"@id\":\"https:\/\/kapitalis.com\/tunisie\/2020\/02\/17\/maghzaoui-les-ministres-dennahdha-seraient-sur-le-point-detre-remplaces\/#breadcrumb\"},\"inLanguage\":\"fr-FR\",\"potentialAction\":[{\"@type\":\"ReadAction\",\"target\":[\"https:\/\/kapitalis.com\/tunisie\/2020\/02\/17\/maghzaoui-les-ministres-dennahdha-seraient-sur-le-point-detre-remplaces\/\"]}]},{\"@type\":\"ImageObject\",\"inLanguage\":\"fr-FR\",\"@id\":\"https:\/\/kapitalis.com\/tunisie\/2020\/02\/17\/maghzaoui-les-ministres-dennahdha-seraient-sur-le-point-detre-remplaces\/#primaryimage\",\"url\":\"\",\"contentUrl\":\"\"},{\"@type\":\"BreadcrumbList\",\"@id\":\"https:\/\/kapitalis.com\/tunisie\/2020\/02\/17\/maghzaoui-les-ministres-dennahdha-seraient-sur-le-point-detre-remplaces\/#breadcrumb\",\"itemListElement\":[{\"@type\":\"ListItem\",\"position\":1,\"name\":\"Accueil\",\"item\":\"https:\/\/kapitalis.com\/tunisie\/\"},{\"@type\":\"ListItem\",\"position\":2,\"name\":\"Maghzaoui : Les ministres d&rsquo;Ennahdha seraient sur le point d&rsquo;\u00eatre remplac\u00e9s\"}]},{\"@type\":\"WebSite\",\"@id\":\"https:\/\/kapitalis.com\/tunisie\/#website\",\"url\":\"https:\/\/kapitalis.com\/tunisie\/\",\"name\":\"Kapitalis\",\"description\":\"L&#039;actualit\u00e9 en Tunisie et dans le monde\",\"publisher\":{\"@id\":\"https:\/\/kapitalis.com\/tunisie\/#organization\"},\"potentialAction\":[{\"@type\":\"SearchAction\",\"target\":{\"@type\":\"EntryPoint\",\"urlTemplate\":\"https:\/\/kapitalis.com\/tunisie\/?s={search_term_string}\"},\"query-input\":{\"@type\":\"PropertyValueSpecification\",\"valueRequired\":true,\"valueName\":\"search_term_string\"}}],\"inLanguage\":\"fr-FR\"},{\"@type\":\"Organization\",\"@id\":\"https:\/\/kapitalis.com\/tunisie\/#organization\",\"name\":\"Kapitalis\",\"url\":\"https:\/\/kapitalis.com\/tunisie\/\",\"logo\":{\"@type\":\"ImageObject\",\"inLanguage\":\"fr-FR\",\"@id\":\"https:\/\/kapitalis.com\/tunisie\/#\/schema\/logo\/image\/\",\"url\":\"https:\/\/kapitalis.com\/tunisie\/wp-content\/uploads\/2022\/05\/Kapitalis-big-size.png\",\"contentUrl\":\"https:\/\/kapitalis.com\/tunisie\/wp-content\/uploads\/2022\/05\/Kapitalis-big-size.png\",\"width\":5000,\"height\":1500,\"caption\":\"Kapitalis\"},\"image\":{\"@id\":\"https:\/\/kapitalis.com\/tunisie\/#\/schema\/logo\/image\/\"},\"sameAs\":[\"https:\/\/www.facebook.com\/KapitalisInfo\/\",\"https:\/\/x.com\/KapitalisInfo\",\"https:\/\/www.youtube.com\/channel\/UC-yDYrHyfFBWWZaOw3FPg9Q\"]},{\"@type\":\"Person\",\"@id\":\"https:\/\/kapitalis.com\/tunisie\/#\/schema\/person\/b35b8d631961131107263178aeb8019e\",\"name\":\"Cherif Benyounes\",\"url\":\"https:\/\/kapitalis.com\/tunisie\/author\/cherif\/\"}]}<\/script>\n<!-- \/ Yoast SEO plugin. -->","yoast_head_json":{"title":"Maghzaoui : Les ministres d'Ennahdha seraient sur le point d'\u00eatre remplac\u00e9s - Kapitalis","robots":{"index":"index","follow":"follow","max-snippet":"max-snippet:-1","max-image-preview":"max-image-preview:large","max-video-preview":"max-video-preview:-1"},"canonical":"https:\/\/kapitalis.com\/tunisie\/2020\/02\/17\/maghzaoui-les-ministres-dennahdha-seraient-sur-le-point-detre-remplaces\/","og_locale":"fr_FR","og_type":"article","og_title":"Maghzaoui : Les ministres d'Ennahdha seraient sur le point d'\u00eatre remplac\u00e9s - Kapitalis","og_description":"A l&rsquo;approche de la fin du d\u00e9lai constitutionnel dont dispose Elyes Fakhfakh pour composer son gouvernement, ses chances d&rsquo;obtenir la confiance du parlement semblent infimes apr\u00e8s le retrait d&rsquo;Ennahdha. A moins qu&rsquo;il ne trouve, au plus vite, un terrain d&rsquo;entente avec le mouvement islamiste.","og_url":"https:\/\/kapitalis.com\/tunisie\/2020\/02\/17\/maghzaoui-les-ministres-dennahdha-seraient-sur-le-point-detre-remplaces\/","og_site_name":"Kapitalis","article_publisher":"https:\/\/www.facebook.com\/KapitalisInfo\/","article_published_time":"2020-02-17T10:49:26+00:00","article_modified_time":"2020-02-17T10:55:58+00:00","og_image":[{"url":"http:\/\/kapitalis.com\/tunisie\/wp-content\/uploads\/2019\/12\/Z-Maghzaoui.jpg","type":"","width":"","height":""}],"author":"Cherif Benyounes","twitter_card":"summary_large_image","twitter_creator":"@KapitalisInfo","twitter_site":"@KapitalisInfo","twitter_misc":{"\u00c9crit par":"Cherif Benyounes","Dur\u00e9e de lecture estim\u00e9e":"2 minutes"},"schema":{"@context":"https:\/\/schema.org","@graph":[{"@type":"Article","@id":"https:\/\/kapitalis.com\/tunisie\/2020\/02\/17\/maghzaoui-les-ministres-dennahdha-seraient-sur-le-point-detre-remplaces\/#article","isPartOf":{"@id":"https:\/\/kapitalis.com\/tunisie\/2020\/02\/17\/maghzaoui-les-ministres-dennahdha-seraient-sur-le-point-detre-remplaces\/"},"author":{"name":"Cherif Benyounes","@id":"https:\/\/kapitalis.com\/tunisie\/#\/schema\/person\/b35b8d631961131107263178aeb8019e"},"headline":"Maghzaoui : Les ministres d&rsquo;Ennahdha seraient sur le point d&rsquo;\u00eatre remplac\u00e9s","datePublished":"2020-02-17T10:49:26+00:00","dateModified":"2020-02-17T10:55:58+00:00","mainEntityOfPage":{"@id":"https:\/\/kapitalis.com\/tunisie\/2020\/02\/17\/maghzaoui-les-ministres-dennahdha-seraient-sur-le-point-detre-remplaces\/"},"wordCount":351,"commentCount":3,"publisher":{"@id":"https:\/\/kapitalis.com\/tunisie\/#organization"},"image":{"@id":"https:\/\/kapitalis.com\/tunisie\/2020\/02\/17\/maghzaoui-les-ministres-dennahdha-seraient-sur-le-point-detre-remplaces\/#primaryimage"},"thumbnailUrl":"http:\/\/kapitalis.com\/tunisie\/wp-content\/uploads\/2019\/12\/Z-Maghzaoui.jpg","keywords":["Ennahdha","Zouhair Maghzaoui"],"articleSection":["POLITIQUE","Tunisie"],"inLanguage":"fr-FR","potentialAction":[{"@type":"CommentAction","name":"Comment","target":["https:\/\/kapitalis.com\/tunisie\/2020\/02\/17\/maghzaoui-les-ministres-dennahdha-seraient-sur-le-point-detre-remplaces\/#respond"]}]},{"@type":"WebPage","@id":"https:\/\/kapitalis.com\/tunisie\/2020\/02\/17\/maghzaoui-les-ministres-dennahdha-seraient-sur-le-point-detre-remplaces\/","url":"https:\/\/kapitalis.com\/tunisie\/2020\/02\/17\/maghzaoui-les-ministres-dennahdha-seraient-sur-le-point-detre-remplaces\/","name":"Maghzaoui : Les ministres d'Ennahdha seraient sur le point d'\u00eatre remplac\u00e9s - Kapitalis","isPartOf":{"@id":"https:\/\/kapitalis.com\/tunisie\/#website"},"primaryImageOfPage":{"@id":"https:\/\/kapitalis.com\/tunisie\/2020\/02\/17\/maghzaoui-les-ministres-dennahdha-seraient-sur-le-point-detre-remplaces\/#primaryimage"},"image":{"@id":"https:\/\/kapitalis.com\/tunisie\/2020\/02\/17\/maghzaoui-les-ministres-dennahdha-seraient-sur-le-point-detre-remplaces\/#primaryimage"},"thumbnailUrl":"http:\/\/kapitalis.com\/tunisie\/wp-content\/uploads\/2019\/12\/Z-Maghzaoui.jpg","datePublished":"2020-02-17T10:49:26+00:00","dateModified":"2020-02-17T10:55:58+00:00","breadcrumb":{"@id":"https:\/\/kapitalis.com\/tunisie\/2020\/02\/17\/maghzaoui-les-ministres-dennahdha-seraient-sur-le-point-detre-remplaces\/#breadcrumb"},"inLanguage":"fr-FR","potentialAction":[{"@type":"ReadAction","target":["https:\/\/kapitalis.com\/tunisie\/2020\/02\/17\/maghzaoui-les-ministres-dennahdha-seraient-sur-le-point-detre-remplaces\/"]}]},{"@type":"ImageObject","inLanguage":"fr-FR","@id":"https:\/\/kapitalis.com\/tunisie\/2020\/02\/17\/maghzaoui-les-ministres-dennahdha-seraient-sur-le-point-detre-remplaces\/#primaryimage","url":"","contentUrl":""},{"@type":"BreadcrumbList","@id":"https:\/\/kapitalis.com\/tunisie\/2020\/02\/17\/maghzaoui-les-ministres-dennahdha-seraient-sur-le-point-detre-remplaces\/#breadcrumb","itemListElement":[{"@type":"ListItem","position":1,"name":"Accueil","item":"https:\/\/kapitalis.com\/tunisie\/"},{"@type":"ListItem","position":2,"name":"Maghzaoui : Les ministres d&rsquo;Ennahdha seraient sur le point d&rsquo;\u00eatre remplac\u00e9s"}]},{"@type":"WebSite","@id":"https:\/\/kapitalis.com\/tunisie\/#website","url":"https:\/\/kapitalis.com\/tunisie\/","name":"Kapitalis","description":"L&#039;actualit\u00e9 en Tunisie et dans le monde","publisher":{"@id":"https:\/\/kapitalis.com\/tunisie\/#organization"},"potentialAction":[{"@type":"SearchAction","target":{"@type":"EntryPoint","urlTemplate":"https:\/\/kapitalis.com\/tunisie\/?s={search_term_string}"},"query-input":{"@type":"PropertyValueSpecification","valueRequired":true,"valueName":"search_term_string"}}],"inLanguage":"fr-FR"},{"@type":"Organization","@id":"https:\/\/kapitalis.com\/tunisie\/#organization","name":"Kapitalis","url":"https:\/\/kapitalis.com\/tunisie\/","logo":{"@type":"ImageObject","inLanguage":"fr-FR","@id":"https:\/\/kapitalis.com\/tunisie\/#\/schema\/logo\/image\/","url":"https:\/\/kapitalis.com\/tunisie\/wp-content\/uploads\/2022\/05\/Kapitalis-big-size.png","contentUrl":"https:\/\/kapitalis.com\/tunisie\/wp-content\/uploads\/2022\/05\/Kapitalis-big-size.png","width":5000,"height":1500,"caption":"Kapitalis"},"image":{"@id":"https:\/\/kapitalis.com\/tunisie\/#\/schema\/logo\/image\/"},"sameAs":["https:\/\/www.facebook.com\/KapitalisInfo\/","https:\/\/x.com\/KapitalisInfo","https:\/\/www.youtube.com\/channel\/UC-yDYrHyfFBWWZaOw3FPg9Q"]},{"@type":"Person","@id":"https:\/\/kapitalis.com\/tunisie\/#\/schema\/person\/b35b8d631961131107263178aeb8019e","name":"Cherif Benyounes","url":"https:\/\/kapitalis.com\/tunisie\/author\/cherif\/"}]}},"_links":{"self":[{"href":"https:\/\/kapitalis.com\/tunisie\/wp-json\/wp\/v2\/posts\/281478","targetHints":{"allow":["GET"]}}],"collection":[{"href":"https:\/\/kapitalis.com\/tunisie\/wp-json\/wp\/v2\/posts"}],"about":[{"href":"https:\/\/kapitalis.com\/tunisie\/wp-json\/wp\/v2\/types\/post"}],"author":[{"embeddable":true,"href":"https:\/\/kapitalis.com\/tunisie\/wp-json\/wp\/v2\/users\/24"}],"replies":[{"embeddable":true,"href":"https:\/\/kapitalis.com\/tunisie\/wp-json\/wp\/v2\/comments?post=281478"}],"version-history":[{"count":0,"href":"https:\/\/kapitalis.com\/tunisie\/wp-json\/wp\/v2\/posts\/281478\/revisions"}],"wp:attachment":[{"href":"https:\/\/kapitalis.com\/tunisie\/wp-json\/wp\/v2\/media?parent=281478"}],"wp:term":[{"taxonomy":"category","embeddable":true,"href":"https:\/\/kapitalis.com\/tunisie\/wp-json\/wp\/v2\/categories?post=281478"},{"taxonomy":"post_tag","embeddable":true,"href":"https:\/\/kapitalis.com\/tunisie\/wp-json\/wp\/v2\/tags?post=281478"}],"curies":[{"name":"wp","href":"https:\/\/api.w.org\/{rel}","templated":true}]}}