{"id":281799,"date":"2020-02-18T16:38:59","date_gmt":"2020-02-18T15:38:59","guid":{"rendered":"http:\/\/kapitalis.com\/tunisie\/?p=281799"},"modified":"2020-02-18T16:39:03","modified_gmt":"2020-02-18T15:39:03","slug":"les-journees-de-la-fondation-bna-le-26-fevrier-2020-a-tunis","status":"publish","type":"post","link":"https:\/\/kapitalis.com\/tunisie\/2020\/02\/18\/les-journees-de-la-fondation-bna-le-26-fevrier-2020-a-tunis\/","title":{"rendered":"Les Journ\u00e9es de la Fondation BNA, le 26 f\u00e9vrier 2020 \u00e0 Tunis"},"content":{"rendered":"\n<figure class=\"wp-block-image size-large\"><img decoding=\"async\" src=\"http:\/\/kapitalis.com\/tunisie\/wp-content\/uploads\/2020\/02\/BNA-Fondation.jpg\" alt=\"\" class=\"wp-image-281807\"\/><\/figure>\n\n\n\n<p><em><strong>La 1\u00e8re \u00e9dition des Journ\u00e9es de la Fondation BNA se tiendra le mercredi 26 f\u00e9vrier 2020,<\/strong><\/em><strong style=\"font-style: italic;\"> <\/strong><em><strong>au si\u00e8ge de la Banque nationale agricole (BNA), \u00e0 Tunis.<\/strong><\/em><\/p>\n\n\n\n<!--more-->\n\n\n\n<p>Les journ\u00e9es seront ouvertes par l&rsquo;hymne national pr\u00e9sent\u00e9 par l&rsquo;Association de soutien aux d\u00e9ficients auditifs, suivi d&rsquo;un discours d\u2019accueil<br> de Habib Ben Hadj Kouider, coordinateur des journ\u00e9es, directeur g\u00e9n\u00e9ral de la BNA et pr\u00e9sident de la Fondation BNA.<\/p>\n\n\n\n<p>Suivront les interventions de Fatma Marrakchi Charfi, professeure d&rsquo;\u00e9conomie \u00e0 l&rsquo;Universit\u00e9 de Tunis El Manar pour donner une vision acad\u00e9mique du th\u00e8me, ainsi que Rym Kolsi, directrice g\u00e9n\u00e9rale de la politique mon\u00e9taire, et B\u00e9chir Trabelsi, directeur g\u00e9n\u00e9ral des finances ext\u00e9rieures, tous deux cadres de la Banque centrale de Tunisie, pour donner une vision de r\u00e9gulateur sur la question.<\/p>\n\n\n\n<p>La vision du praticien sera expos\u00e9e par Hatem Zaara, directeur du P\u00f4le Banque Corporate, Banque d&rsquo;affaires et participations d&rsquo;Amen Bank.<\/p>\n\n\n\n<p class=\"has-text-align-right\"><strong>A. M.<\/strong><\/p>\n","protected":false},"excerpt":{"rendered":"<p>La 1\u00e8re \u00e9dition des Journ\u00e9es de la Fondation BNA se tiendra le mercredi 26 f\u00e9vrier 2020, au si\u00e8ge de la Banque nationale agricole (BNA), \u00e0 Tunis.<\/p>\n","protected":false},"author":22,"featured_media":281807,"comment_status":"open","ping_status":"open","sticky":false,"template":"","format":"standard","meta":{"footnotes":""},"categories":[995,2433],"tags":[68,135,74912,65338,74910,38649,74914,74911,74913],"class_list":["post-281799","post","type-post","status-publish","format-standard","has-post-thumbnail","hentry","category-economie","category-tunisie","tag-amen-bank","tag-bct","tag-bechir-trabelsi","tag-bna-fondation","tag-fatma-marrakchi-charfi","tag-habib-ben-hadj-kouider","tag-hatem-zaara","tag-rym-kolsi","tag-universite-de-tunis-el-manar"],"yoast_head":"<!-- This site is optimized with the Yoast SEO plugin v26.6 - https:\/\/yoast.com\/wordpress\/plugins\/seo\/ -->\n<title>Les Journ\u00e9es de la Fondation BNA, le 26 f\u00e9vrier 2020 \u00e0 Tunis - Kapitalis<\/title>\n<meta name=\"robots\" content=\"index, follow, max-snippet:-1, max-image-preview:large, max-video-preview:-1\" \/>\n<link rel=\"canonical\" href=\"https:\/\/kapitalis.com\/tunisie\/2020\/02\/18\/les-journees-de-la-fondation-bna-le-26-fevrier-2020-a-tunis\/\" \/>\n<meta property=\"og:locale\" content=\"fr_FR\" \/>\n<meta property=\"og:type\" content=\"article\" \/>\n<meta property=\"og:title\" content=\"Les Journ\u00e9es de la Fondation BNA, le 26 f\u00e9vrier 2020 \u00e0 Tunis - Kapitalis\" \/>\n<meta property=\"og:description\" content=\"La 1\u00e8re \u00e9dition des Journ\u00e9es de la Fondation BNA se tiendra le mercredi 26 f\u00e9vrier 2020, au si\u00e8ge de la Banque nationale agricole (BNA), \u00e0 Tunis.\" \/>\n<meta property=\"og:url\" content=\"https:\/\/kapitalis.com\/tunisie\/2020\/02\/18\/les-journees-de-la-fondation-bna-le-26-fevrier-2020-a-tunis\/\" \/>\n<meta property=\"og:site_name\" content=\"Kapitalis\" \/>\n<meta property=\"article:publisher\" content=\"https:\/\/www.facebook.com\/KapitalisInfo\/\" \/>\n<meta property=\"article:published_time\" content=\"2020-02-18T15:38:59+00:00\" \/>\n<meta property=\"article:modified_time\" content=\"2020-02-18T15:39:03+00:00\" \/>\n<meta property=\"og:image\" content=\"https:\/\/kapitalis.com\/tunisie\/wp-content\/uploads\/2022\/05\/kapitalis-logo-fb.png\" \/>\n\t<meta property=\"og:image:width\" content=\"1200\" \/>\n\t<meta property=\"og:image:height\" content=\"630\" \/>\n\t<meta property=\"og:image:type\" content=\"image\/png\" \/>\n<meta name=\"author\" content=\"Amina Mkada\" \/>\n<meta name=\"twitter:card\" content=\"summary_large_image\" \/>\n<meta name=\"twitter:creator\" content=\"@KapitalisInfo\" \/>\n<meta name=\"twitter:site\" content=\"@KapitalisInfo\" \/>\n<meta name=\"twitter:label1\" content=\"\u00c9crit par\" \/>\n\t<meta name=\"twitter:data1\" content=\"Amina Mkada\" \/>\n\t<meta name=\"twitter:label2\" content=\"Dur\u00e9e de lecture estim\u00e9e\" \/>\n\t<meta name=\"twitter:data2\" content=\"1 minute\" \/>\n<script type=\"application\/ld+json\" class=\"yoast-schema-graph\">{\"@context\":\"https:\/\/schema.org\",\"@graph\":[{\"@type\":\"Article\",\"@id\":\"https:\/\/kapitalis.com\/tunisie\/2020\/02\/18\/les-journees-de-la-fondation-bna-le-26-fevrier-2020-a-tunis\/#article\",\"isPartOf\":{\"@id\":\"https:\/\/kapitalis.com\/tunisie\/2020\/02\/18\/les-journees-de-la-fondation-bna-le-26-fevrier-2020-a-tunis\/\"},\"author\":{\"name\":\"Amina Mkada\",\"@id\":\"https:\/\/kapitalis.com\/tunisie\/#\/schema\/person\/093913313d3017554cb3ad077fff3fbd\"},\"headline\":\"Les Journ\u00e9es de la Fondation BNA, le 26 f\u00e9vrier 2020 \u00e0 Tunis\",\"datePublished\":\"2020-02-18T15:38:59+00:00\",\"dateModified\":\"2020-02-18T15:39:03+00:00\",\"mainEntityOfPage\":{\"@id\":\"https:\/\/kapitalis.com\/tunisie\/2020\/02\/18\/les-journees-de-la-fondation-bna-le-26-fevrier-2020-a-tunis\/\"},\"wordCount\":175,\"commentCount\":0,\"publisher\":{\"@id\":\"https:\/\/kapitalis.com\/tunisie\/#organization\"},\"image\":{\"@id\":\"https:\/\/kapitalis.com\/tunisie\/2020\/02\/18\/les-journees-de-la-fondation-bna-le-26-fevrier-2020-a-tunis\/#primaryimage\"},\"thumbnailUrl\":\"\",\"keywords\":[\"Amen Bank\",\"BCT\",\"B\u00e9chir Trabelsi\",\"BNA Fondation\",\"Fatma Marrakchi Charfi\",\"Habib Ben Hadj Kouider\",\"Hatem Zaara\",\"Rym Kolsi\",\"Universit\u00e9 de Tunis El Manar\"],\"articleSection\":[\"ECONOMIE\",\"Tunisie\"],\"inLanguage\":\"fr-FR\",\"potentialAction\":[{\"@type\":\"CommentAction\",\"name\":\"Comment\",\"target\":[\"https:\/\/kapitalis.com\/tunisie\/2020\/02\/18\/les-journees-de-la-fondation-bna-le-26-fevrier-2020-a-tunis\/#respond\"]}]},{\"@type\":\"WebPage\",\"@id\":\"https:\/\/kapitalis.com\/tunisie\/2020\/02\/18\/les-journees-de-la-fondation-bna-le-26-fevrier-2020-a-tunis\/\",\"url\":\"https:\/\/kapitalis.com\/tunisie\/2020\/02\/18\/les-journees-de-la-fondation-bna-le-26-fevrier-2020-a-tunis\/\",\"name\":\"Les Journ\u00e9es de la Fondation BNA, le 26 f\u00e9vrier 2020 \u00e0 Tunis - Kapitalis\",\"isPartOf\":{\"@id\":\"https:\/\/kapitalis.com\/tunisie\/#website\"},\"primaryImageOfPage\":{\"@id\":\"https:\/\/kapitalis.com\/tunisie\/2020\/02\/18\/les-journees-de-la-fondation-bna-le-26-fevrier-2020-a-tunis\/#primaryimage\"},\"image\":{\"@id\":\"https:\/\/kapitalis.com\/tunisie\/2020\/02\/18\/les-journees-de-la-fondation-bna-le-26-fevrier-2020-a-tunis\/#primaryimage\"},\"thumbnailUrl\":\"\",\"datePublished\":\"2020-02-18T15:38:59+00:00\",\"dateModified\":\"2020-02-18T15:39:03+00:00\",\"breadcrumb\":{\"@id\":\"https:\/\/kapitalis.com\/tunisie\/2020\/02\/18\/les-journees-de-la-fondation-bna-le-26-fevrier-2020-a-tunis\/#breadcrumb\"},\"inLanguage\":\"fr-FR\",\"potentialAction\":[{\"@type\":\"ReadAction\",\"target\":[\"https:\/\/kapitalis.com\/tunisie\/2020\/02\/18\/les-journees-de-la-fondation-bna-le-26-fevrier-2020-a-tunis\/\"]}]},{\"@type\":\"ImageObject\",\"inLanguage\":\"fr-FR\",\"@id\":\"https:\/\/kapitalis.com\/tunisie\/2020\/02\/18\/les-journees-de-la-fondation-bna-le-26-fevrier-2020-a-tunis\/#primaryimage\",\"url\":\"\",\"contentUrl\":\"\"},{\"@type\":\"BreadcrumbList\",\"@id\":\"https:\/\/kapitalis.com\/tunisie\/2020\/02\/18\/les-journees-de-la-fondation-bna-le-26-fevrier-2020-a-tunis\/#breadcrumb\",\"itemListElement\":[{\"@type\":\"ListItem\",\"position\":1,\"name\":\"Accueil\",\"item\":\"https:\/\/kapitalis.com\/tunisie\/\"},{\"@type\":\"ListItem\",\"position\":2,\"name\":\"Les Journ\u00e9es de la Fondation BNA, le 26 f\u00e9vrier 2020 \u00e0 Tunis\"}]},{\"@type\":\"WebSite\",\"@id\":\"https:\/\/kapitalis.com\/tunisie\/#website\",\"url\":\"https:\/\/kapitalis.com\/tunisie\/\",\"name\":\"Kapitalis\",\"description\":\"L&#039;actualit\u00e9 en Tunisie et dans le monde\",\"publisher\":{\"@id\":\"https:\/\/kapitalis.com\/tunisie\/#organization\"},\"potentialAction\":[{\"@type\":\"SearchAction\",\"target\":{\"@type\":\"EntryPoint\",\"urlTemplate\":\"https:\/\/kapitalis.com\/tunisie\/?s={search_term_string}\"},\"query-input\":{\"@type\":\"PropertyValueSpecification\",\"valueRequired\":true,\"valueName\":\"search_term_string\"}}],\"inLanguage\":\"fr-FR\"},{\"@type\":\"Organization\",\"@id\":\"https:\/\/kapitalis.com\/tunisie\/#organization\",\"name\":\"Kapitalis\",\"url\":\"https:\/\/kapitalis.com\/tunisie\/\",\"logo\":{\"@type\":\"ImageObject\",\"inLanguage\":\"fr-FR\",\"@id\":\"https:\/\/kapitalis.com\/tunisie\/#\/schema\/logo\/image\/\",\"url\":\"https:\/\/kapitalis.com\/tunisie\/wp-content\/uploads\/2022\/05\/Kapitalis-big-size.png\",\"contentUrl\":\"https:\/\/kapitalis.com\/tunisie\/wp-content\/uploads\/2022\/05\/Kapitalis-big-size.png\",\"width\":5000,\"height\":1500,\"caption\":\"Kapitalis\"},\"image\":{\"@id\":\"https:\/\/kapitalis.com\/tunisie\/#\/schema\/logo\/image\/\"},\"sameAs\":[\"https:\/\/www.facebook.com\/KapitalisInfo\/\",\"https:\/\/x.com\/KapitalisInfo\",\"https:\/\/www.youtube.com\/channel\/UC-yDYrHyfFBWWZaOw3FPg9Q\"]},{\"@type\":\"Person\",\"@id\":\"https:\/\/kapitalis.com\/tunisie\/#\/schema\/person\/093913313d3017554cb3ad077fff3fbd\",\"name\":\"Amina Mkada\",\"url\":\"https:\/\/kapitalis.com\/tunisie\/author\/amina\/\"}]}<\/script>\n<!-- \/ Yoast SEO plugin. -->","yoast_head_json":{"title":"Les Journ\u00e9es de la Fondation BNA, le 26 f\u00e9vrier 2020 \u00e0 Tunis - Kapitalis","robots":{"index":"index","follow":"follow","max-snippet":"max-snippet:-1","max-image-preview":"max-image-preview:large","max-video-preview":"max-video-preview:-1"},"canonical":"https:\/\/kapitalis.com\/tunisie\/2020\/02\/18\/les-journees-de-la-fondation-bna-le-26-fevrier-2020-a-tunis\/","og_locale":"fr_FR","og_type":"article","og_title":"Les Journ\u00e9es de la Fondation BNA, le 26 f\u00e9vrier 2020 \u00e0 Tunis - Kapitalis","og_description":"La 1\u00e8re \u00e9dition des Journ\u00e9es de la Fondation BNA se tiendra le mercredi 26 f\u00e9vrier 2020, au si\u00e8ge de la Banque nationale agricole (BNA), \u00e0 Tunis.","og_url":"https:\/\/kapitalis.com\/tunisie\/2020\/02\/18\/les-journees-de-la-fondation-bna-le-26-fevrier-2020-a-tunis\/","og_site_name":"Kapitalis","article_publisher":"https:\/\/www.facebook.com\/KapitalisInfo\/","article_published_time":"2020-02-18T15:38:59+00:00","article_modified_time":"2020-02-18T15:39:03+00:00","og_image":[{"width":1200,"height":630,"url":"https:\/\/kapitalis.com\/tunisie\/wp-content\/uploads\/2022\/05\/kapitalis-logo-fb.png","type":"image\/png"}],"author":"Amina Mkada","twitter_card":"summary_large_image","twitter_creator":"@KapitalisInfo","twitter_site":"@KapitalisInfo","twitter_misc":{"\u00c9crit par":"Amina Mkada","Dur\u00e9e de lecture estim\u00e9e":"1 minute"},"schema":{"@context":"https:\/\/schema.org","@graph":[{"@type":"Article","@id":"https:\/\/kapitalis.com\/tunisie\/2020\/02\/18\/les-journees-de-la-fondation-bna-le-26-fevrier-2020-a-tunis\/#article","isPartOf":{"@id":"https:\/\/kapitalis.com\/tunisie\/2020\/02\/18\/les-journees-de-la-fondation-bna-le-26-fevrier-2020-a-tunis\/"},"author":{"name":"Amina Mkada","@id":"https:\/\/kapitalis.com\/tunisie\/#\/schema\/person\/093913313d3017554cb3ad077fff3fbd"},"headline":"Les Journ\u00e9es de la Fondation BNA, le 26 f\u00e9vrier 2020 \u00e0 Tunis","datePublished":"2020-02-18T15:38:59+00:00","dateModified":"2020-02-18T15:39:03+00:00","mainEntityOfPage":{"@id":"https:\/\/kapitalis.com\/tunisie\/2020\/02\/18\/les-journees-de-la-fondation-bna-le-26-fevrier-2020-a-tunis\/"},"wordCount":175,"commentCount":0,"publisher":{"@id":"https:\/\/kapitalis.com\/tunisie\/#organization"},"image":{"@id":"https:\/\/kapitalis.com\/tunisie\/2020\/02\/18\/les-journees-de-la-fondation-bna-le-26-fevrier-2020-a-tunis\/#primaryimage"},"thumbnailUrl":"","keywords":["Amen Bank","BCT","B\u00e9chir Trabelsi","BNA Fondation","Fatma Marrakchi Charfi","Habib Ben Hadj Kouider","Hatem Zaara","Rym Kolsi","Universit\u00e9 de Tunis El Manar"],"articleSection":["ECONOMIE","Tunisie"],"inLanguage":"fr-FR","potentialAction":[{"@type":"CommentAction","name":"Comment","target":["https:\/\/kapitalis.com\/tunisie\/2020\/02\/18\/les-journees-de-la-fondation-bna-le-26-fevrier-2020-a-tunis\/#respond"]}]},{"@type":"WebPage","@id":"https:\/\/kapitalis.com\/tunisie\/2020\/02\/18\/les-journees-de-la-fondation-bna-le-26-fevrier-2020-a-tunis\/","url":"https:\/\/kapitalis.com\/tunisie\/2020\/02\/18\/les-journees-de-la-fondation-bna-le-26-fevrier-2020-a-tunis\/","name":"Les Journ\u00e9es de la Fondation BNA, le 26 f\u00e9vrier 2020 \u00e0 Tunis - Kapitalis","isPartOf":{"@id":"https:\/\/kapitalis.com\/tunisie\/#website"},"primaryImageOfPage":{"@id":"https:\/\/kapitalis.com\/tunisie\/2020\/02\/18\/les-journees-de-la-fondation-bna-le-26-fevrier-2020-a-tunis\/#primaryimage"},"image":{"@id":"https:\/\/kapitalis.com\/tunisie\/2020\/02\/18\/les-journees-de-la-fondation-bna-le-26-fevrier-2020-a-tunis\/#primaryimage"},"thumbnailUrl":"","datePublished":"2020-02-18T15:38:59+00:00","dateModified":"2020-02-18T15:39:03+00:00","breadcrumb":{"@id":"https:\/\/kapitalis.com\/tunisie\/2020\/02\/18\/les-journees-de-la-fondation-bna-le-26-fevrier-2020-a-tunis\/#breadcrumb"},"inLanguage":"fr-FR","potentialAction":[{"@type":"ReadAction","target":["https:\/\/kapitalis.com\/tunisie\/2020\/02\/18\/les-journees-de-la-fondation-bna-le-26-fevrier-2020-a-tunis\/"]}]},{"@type":"ImageObject","inLanguage":"fr-FR","@id":"https:\/\/kapitalis.com\/tunisie\/2020\/02\/18\/les-journees-de-la-fondation-bna-le-26-fevrier-2020-a-tunis\/#primaryimage","url":"","contentUrl":""},{"@type":"BreadcrumbList","@id":"https:\/\/kapitalis.com\/tunisie\/2020\/02\/18\/les-journees-de-la-fondation-bna-le-26-fevrier-2020-a-tunis\/#breadcrumb","itemListElement":[{"@type":"ListItem","position":1,"name":"Accueil","item":"https:\/\/kapitalis.com\/tunisie\/"},{"@type":"ListItem","position":2,"name":"Les Journ\u00e9es de la Fondation BNA, le 26 f\u00e9vrier 2020 \u00e0 Tunis"}]},{"@type":"WebSite","@id":"https:\/\/kapitalis.com\/tunisie\/#website","url":"https:\/\/kapitalis.com\/tunisie\/","name":"Kapitalis","description":"L&#039;actualit\u00e9 en Tunisie et dans le monde","publisher":{"@id":"https:\/\/kapitalis.com\/tunisie\/#organization"},"potentialAction":[{"@type":"SearchAction","target":{"@type":"EntryPoint","urlTemplate":"https:\/\/kapitalis.com\/tunisie\/?s={search_term_string}"},"query-input":{"@type":"PropertyValueSpecification","valueRequired":true,"valueName":"search_term_string"}}],"inLanguage":"fr-FR"},{"@type":"Organization","@id":"https:\/\/kapitalis.com\/tunisie\/#organization","name":"Kapitalis","url":"https:\/\/kapitalis.com\/tunisie\/","logo":{"@type":"ImageObject","inLanguage":"fr-FR","@id":"https:\/\/kapitalis.com\/tunisie\/#\/schema\/logo\/image\/","url":"https:\/\/kapitalis.com\/tunisie\/wp-content\/uploads\/2022\/05\/Kapitalis-big-size.png","contentUrl":"https:\/\/kapitalis.com\/tunisie\/wp-content\/uploads\/2022\/05\/Kapitalis-big-size.png","width":5000,"height":1500,"caption":"Kapitalis"},"image":{"@id":"https:\/\/kapitalis.com\/tunisie\/#\/schema\/logo\/image\/"},"sameAs":["https:\/\/www.facebook.com\/KapitalisInfo\/","https:\/\/x.com\/KapitalisInfo","https:\/\/www.youtube.com\/channel\/UC-yDYrHyfFBWWZaOw3FPg9Q"]},{"@type":"Person","@id":"https:\/\/kapitalis.com\/tunisie\/#\/schema\/person\/093913313d3017554cb3ad077fff3fbd","name":"Amina Mkada","url":"https:\/\/kapitalis.com\/tunisie\/author\/amina\/"}]}},"_links":{"self":[{"href":"https:\/\/kapitalis.com\/tunisie\/wp-json\/wp\/v2\/posts\/281799","targetHints":{"allow":["GET"]}}],"collection":[{"href":"https:\/\/kapitalis.com\/tunisie\/wp-json\/wp\/v2\/posts"}],"about":[{"href":"https:\/\/kapitalis.com\/tunisie\/wp-json\/wp\/v2\/types\/post"}],"author":[{"embeddable":true,"href":"https:\/\/kapitalis.com\/tunisie\/wp-json\/wp\/v2\/users\/22"}],"replies":[{"embeddable":true,"href":"https:\/\/kapitalis.com\/tunisie\/wp-json\/wp\/v2\/comments?post=281799"}],"version-history":[{"count":0,"href":"https:\/\/kapitalis.com\/tunisie\/wp-json\/wp\/v2\/posts\/281799\/revisions"}],"wp:featuredmedia":[{"embeddable":true,"href":"https:\/\/kapitalis.com\/tunisie\/wp-json\/wp\/v2\/media\/281807"}],"wp:attachment":[{"href":"https:\/\/kapitalis.com\/tunisie\/wp-json\/wp\/v2\/media?parent=281799"}],"wp:term":[{"taxonomy":"category","embeddable":true,"href":"https:\/\/kapitalis.com\/tunisie\/wp-json\/wp\/v2\/categories?post=281799"},{"taxonomy":"post_tag","embeddable":true,"href":"https:\/\/kapitalis.com\/tunisie\/wp-json\/wp\/v2\/tags?post=281799"}],"curies":[{"name":"wp","href":"https:\/\/api.w.org\/{rel}","templated":true}]}}