{"id":281851,"date":"2020-02-19T09:13:40","date_gmt":"2020-02-19T08:13:40","guid":{"rendered":"http:\/\/kapitalis.com\/tunisie\/?p=281851"},"modified":"2020-02-19T10:43:43","modified_gmt":"2020-02-19T09:43:43","slug":"secheresse-la-sonede-appelle-a-rationaliser-la-consommation-deau","status":"publish","type":"post","link":"https:\/\/kapitalis.com\/tunisie\/2020\/02\/19\/secheresse-la-sonede-appelle-a-rationaliser-la-consommation-deau\/","title":{"rendered":"S\u00e9cheresse : La Sonede appelle \u00e0 rationaliser la consommation d&rsquo;eau"},"content":{"rendered":"\n<figure class=\"wp-block-image size-large\"><img decoding=\"async\" src=\"http:\/\/kapitalis.com\/tunisie\/wp-content\/uploads\/2020\/02\/Sonede-restrictions-deau-....jpg\" alt=\"\" class=\"wp-image-281874\"\/><\/figure>\n\n\n\n<p><strong><em>La Soci\u00e9t\u00e9 nationale d&rsquo;exploitation et de distribution des eaux (<a rel=\"noreferrer noopener\" aria-label=\"Sonede (s\u2019ouvre dans un nouvel onglet)\" href=\"https:\/\/www.facebook.com\/SONEDE\/photos\/a.448137178602923\/2886411688108781\/?type=3&amp;theater\" target=\"_blank\">Sonede<\/a>) a publi\u00e9 un important communiqu\u00e9 hier, mardi 18 f\u00e9vrier 2020, concernant les signes de p\u00e9nurie d&rsquo;eau due aux faibles pr\u00e9cipitations de cette saison hivernale, et les mesures de rationnement \u00e0 entreprendre.<\/em><\/strong><\/p>\n\n\n\n<p>Par <strong>Amina Mkada<\/strong><\/p>\n\n\n\n<!--more-->\n\n\n\n<p>La Tunisie a enregistr\u00e9, au cours de la saison actuelle, une forte baisse des pr\u00e9cipitations pluviales, les volumes d&rsquo;eau des barrages n&rsquo;ayant pas encore d\u00e9pass\u00e9 467 millions de m3 actuellement, contre 1.687 millions de m3 au cours de la m\u00eame p\u00e9riode l&rsquo;an dernier.<\/p>\n\n\n\n<h3 class=\"wp-block-heading\">Les mesures pr\u00e9ventives \u00e0 prendre<\/h3>\n\n\n\n<p>Compte tenu de cette situation climatique difficile du fait de la baisse aigu\u00eb des quantit\u00e9s de pluie enregistr\u00e9es, ainsi que du faible niveau des nappes phr\u00e9atiques et du d\u00e9s\u00e9quilibre qui en r\u00e9sulte dans le bilans des eaux de surface et souterraines sur l&rsquo;ensemble du pays, face aussi au pic de consommation d&rsquo;eau au cours de l&rsquo;\u00e9t\u00e9 2020, la Sonede fait part de ce qui suit, dans le cadre du contr\u00f4le de la demande en eau et du maintien de l&rsquo;approvisionnement.<\/p>\n\n\n\n<p>Toutes les institutions vitales du pays telles que les h\u00f4pitaux, les \u00e9tablissements de sant\u00e9, les casernes militaires, les \u00e9tablissements d&rsquo;enseignement, les prisons, et les h\u00f4tels, sont invit\u00e9es \u00e0 inspecter et entretenir les installations d&rsquo;eau autonomes, telles que les r\u00e9servoirs, les r\u00e9seaux et les \u00e9quipements d&rsquo;eau, pour \u00eatre pr\u00eates \u00e0 l&rsquo;utilisation en \u00e9t\u00e9 2020.<\/p>\n\n\n\n<h3 class=\"wp-block-heading\">Rationaliser la consommation et \u00e9viter le gaspillage  d&rsquo;eau<\/h3>\n\n\n\n<p>La soci\u00e9t\u00e9 indique \u00e9galement avoir \u00e9crit aux gouverneurs de l&rsquo;ensemble du territoire tunisien, le 7 janvier dernier, pour les exhorter \u00e0 mettre en \u0153uvre ces recommandations qui s&rsquo;inscrivent dans le cadre de la garantie d&rsquo;un niveau minimum de stockage d&rsquo;auto-sauvegarde pour chaque installation, en cas de p\u00e9nurie d&rsquo;approvisionnement en eau potable du r\u00e9seau public, selon les proc\u00e9dures et dispositions en vigueur.<\/p>\n\n\n\n<p>La Sonede invite tous ses clients \u00e0 collaborer pour rationaliser la consommation d&rsquo;eau, \u00e9viter son gaspillage, et r\u00e9duire au maximum les quantit\u00e9s d&rsquo;eau allou\u00e9es \u00e0 certains usages tels que l&rsquo;irrigation des jardins, des espaces verts, et le lavage des voitures.<\/p>\n","protected":false},"excerpt":{"rendered":"<p>La Soci\u00e9t\u00e9 nationale d&rsquo;exploitation et de distribution des eaux (Sonede) a publi\u00e9 un important communiqu\u00e9 hier, mardi 18 f\u00e9vrier 2020, concernant les signes de p\u00e9nurie d&rsquo;eau due aux faibles pr\u00e9cipitations de cette saison hivernale, et les mesures de rationnement \u00e0 entreprendre. Par Amina Mkada<\/p>\n","protected":false},"author":22,"featured_media":281874,"comment_status":"open","ping_status":"open","sticky":false,"template":"","format":"standard","meta":{"footnotes":""},"categories":[992,993,995,2433],"tags":[15272,849],"class_list":["post-281851","post","type-post","status-publish","format-standard","has-post-thumbnail","hentry","category-a-la-une","category-conso","category-economie","category-tunisie","tag-secheresse","tag-sonede"],"yoast_head":"<!-- This site is optimized with the Yoast SEO plugin v26.6 - https:\/\/yoast.com\/wordpress\/plugins\/seo\/ -->\n<title>S\u00e9cheresse : La Sonede appelle \u00e0 rationaliser la consommation d&#039;eau - Kapitalis<\/title>\n<meta name=\"robots\" content=\"index, follow, max-snippet:-1, max-image-preview:large, max-video-preview:-1\" \/>\n<link rel=\"canonical\" href=\"https:\/\/kapitalis.com\/tunisie\/2020\/02\/19\/secheresse-la-sonede-appelle-a-rationaliser-la-consommation-deau\/\" \/>\n<meta property=\"og:locale\" content=\"fr_FR\" \/>\n<meta property=\"og:type\" content=\"article\" \/>\n<meta property=\"og:title\" content=\"S\u00e9cheresse : La Sonede appelle \u00e0 rationaliser la consommation d&#039;eau - Kapitalis\" \/>\n<meta property=\"og:description\" content=\"La Soci\u00e9t\u00e9 nationale d&rsquo;exploitation et de distribution des eaux (Sonede) a publi\u00e9 un important communiqu\u00e9 hier, mardi 18 f\u00e9vrier 2020, concernant les signes de p\u00e9nurie d&rsquo;eau due aux faibles pr\u00e9cipitations de cette saison hivernale, et les mesures de rationnement \u00e0 entreprendre. Par Amina Mkada\" \/>\n<meta property=\"og:url\" content=\"https:\/\/kapitalis.com\/tunisie\/2020\/02\/19\/secheresse-la-sonede-appelle-a-rationaliser-la-consommation-deau\/\" \/>\n<meta property=\"og:site_name\" content=\"Kapitalis\" \/>\n<meta property=\"article:publisher\" content=\"https:\/\/www.facebook.com\/KapitalisInfo\/\" \/>\n<meta property=\"article:published_time\" content=\"2020-02-19T08:13:40+00:00\" \/>\n<meta property=\"article:modified_time\" content=\"2020-02-19T09:43:43+00:00\" \/>\n<meta property=\"og:image\" content=\"https:\/\/kapitalis.com\/tunisie\/wp-content\/uploads\/2022\/05\/kapitalis-logo-fb.png\" \/>\n\t<meta property=\"og:image:width\" content=\"1200\" \/>\n\t<meta property=\"og:image:height\" content=\"630\" \/>\n\t<meta property=\"og:image:type\" content=\"image\/png\" \/>\n<meta name=\"author\" content=\"Amina Mkada\" \/>\n<meta name=\"twitter:card\" content=\"summary_large_image\" \/>\n<meta name=\"twitter:creator\" content=\"@KapitalisInfo\" \/>\n<meta name=\"twitter:site\" content=\"@KapitalisInfo\" \/>\n<meta name=\"twitter:label1\" content=\"\u00c9crit par\" \/>\n\t<meta name=\"twitter:data1\" content=\"Amina Mkada\" \/>\n\t<meta name=\"twitter:label2\" content=\"Dur\u00e9e de lecture estim\u00e9e\" \/>\n\t<meta name=\"twitter:data2\" content=\"2 minutes\" \/>\n<script type=\"application\/ld+json\" class=\"yoast-schema-graph\">{\"@context\":\"https:\/\/schema.org\",\"@graph\":[{\"@type\":\"Article\",\"@id\":\"https:\/\/kapitalis.com\/tunisie\/2020\/02\/19\/secheresse-la-sonede-appelle-a-rationaliser-la-consommation-deau\/#article\",\"isPartOf\":{\"@id\":\"https:\/\/kapitalis.com\/tunisie\/2020\/02\/19\/secheresse-la-sonede-appelle-a-rationaliser-la-consommation-deau\/\"},\"author\":{\"name\":\"Amina Mkada\",\"@id\":\"https:\/\/kapitalis.com\/tunisie\/#\/schema\/person\/093913313d3017554cb3ad077fff3fbd\"},\"headline\":\"S\u00e9cheresse : La Sonede appelle \u00e0 rationaliser la consommation d&rsquo;eau\",\"datePublished\":\"2020-02-19T08:13:40+00:00\",\"dateModified\":\"2020-02-19T09:43:43+00:00\",\"mainEntityOfPage\":{\"@id\":\"https:\/\/kapitalis.com\/tunisie\/2020\/02\/19\/secheresse-la-sonede-appelle-a-rationaliser-la-consommation-deau\/\"},\"wordCount\":359,\"commentCount\":3,\"publisher\":{\"@id\":\"https:\/\/kapitalis.com\/tunisie\/#organization\"},\"image\":{\"@id\":\"https:\/\/kapitalis.com\/tunisie\/2020\/02\/19\/secheresse-la-sonede-appelle-a-rationaliser-la-consommation-deau\/#primaryimage\"},\"thumbnailUrl\":\"\",\"keywords\":[\"s\u00e9cheresse\",\"Sonede\"],\"articleSection\":[\"A LA UNE\",\"CONSO\",\"ECONOMIE\",\"Tunisie\"],\"inLanguage\":\"fr-FR\",\"potentialAction\":[{\"@type\":\"CommentAction\",\"name\":\"Comment\",\"target\":[\"https:\/\/kapitalis.com\/tunisie\/2020\/02\/19\/secheresse-la-sonede-appelle-a-rationaliser-la-consommation-deau\/#respond\"]}]},{\"@type\":\"WebPage\",\"@id\":\"https:\/\/kapitalis.com\/tunisie\/2020\/02\/19\/secheresse-la-sonede-appelle-a-rationaliser-la-consommation-deau\/\",\"url\":\"https:\/\/kapitalis.com\/tunisie\/2020\/02\/19\/secheresse-la-sonede-appelle-a-rationaliser-la-consommation-deau\/\",\"name\":\"S\u00e9cheresse : La Sonede appelle \u00e0 rationaliser la consommation d'eau - Kapitalis\",\"isPartOf\":{\"@id\":\"https:\/\/kapitalis.com\/tunisie\/#website\"},\"primaryImageOfPage\":{\"@id\":\"https:\/\/kapitalis.com\/tunisie\/2020\/02\/19\/secheresse-la-sonede-appelle-a-rationaliser-la-consommation-deau\/#primaryimage\"},\"image\":{\"@id\":\"https:\/\/kapitalis.com\/tunisie\/2020\/02\/19\/secheresse-la-sonede-appelle-a-rationaliser-la-consommation-deau\/#primaryimage\"},\"thumbnailUrl\":\"\",\"datePublished\":\"2020-02-19T08:13:40+00:00\",\"dateModified\":\"2020-02-19T09:43:43+00:00\",\"breadcrumb\":{\"@id\":\"https:\/\/kapitalis.com\/tunisie\/2020\/02\/19\/secheresse-la-sonede-appelle-a-rationaliser-la-consommation-deau\/#breadcrumb\"},\"inLanguage\":\"fr-FR\",\"potentialAction\":[{\"@type\":\"ReadAction\",\"target\":[\"https:\/\/kapitalis.com\/tunisie\/2020\/02\/19\/secheresse-la-sonede-appelle-a-rationaliser-la-consommation-deau\/\"]}]},{\"@type\":\"ImageObject\",\"inLanguage\":\"fr-FR\",\"@id\":\"https:\/\/kapitalis.com\/tunisie\/2020\/02\/19\/secheresse-la-sonede-appelle-a-rationaliser-la-consommation-deau\/#primaryimage\",\"url\":\"\",\"contentUrl\":\"\"},{\"@type\":\"BreadcrumbList\",\"@id\":\"https:\/\/kapitalis.com\/tunisie\/2020\/02\/19\/secheresse-la-sonede-appelle-a-rationaliser-la-consommation-deau\/#breadcrumb\",\"itemListElement\":[{\"@type\":\"ListItem\",\"position\":1,\"name\":\"Accueil\",\"item\":\"https:\/\/kapitalis.com\/tunisie\/\"},{\"@type\":\"ListItem\",\"position\":2,\"name\":\"S\u00e9cheresse : La Sonede appelle \u00e0 rationaliser la consommation d&rsquo;eau\"}]},{\"@type\":\"WebSite\",\"@id\":\"https:\/\/kapitalis.com\/tunisie\/#website\",\"url\":\"https:\/\/kapitalis.com\/tunisie\/\",\"name\":\"Kapitalis\",\"description\":\"L&#039;actualit\u00e9 en Tunisie et dans le monde\",\"publisher\":{\"@id\":\"https:\/\/kapitalis.com\/tunisie\/#organization\"},\"potentialAction\":[{\"@type\":\"SearchAction\",\"target\":{\"@type\":\"EntryPoint\",\"urlTemplate\":\"https:\/\/kapitalis.com\/tunisie\/?s={search_term_string}\"},\"query-input\":{\"@type\":\"PropertyValueSpecification\",\"valueRequired\":true,\"valueName\":\"search_term_string\"}}],\"inLanguage\":\"fr-FR\"},{\"@type\":\"Organization\",\"@id\":\"https:\/\/kapitalis.com\/tunisie\/#organization\",\"name\":\"Kapitalis\",\"url\":\"https:\/\/kapitalis.com\/tunisie\/\",\"logo\":{\"@type\":\"ImageObject\",\"inLanguage\":\"fr-FR\",\"@id\":\"https:\/\/kapitalis.com\/tunisie\/#\/schema\/logo\/image\/\",\"url\":\"https:\/\/kapitalis.com\/tunisie\/wp-content\/uploads\/2022\/05\/Kapitalis-big-size.png\",\"contentUrl\":\"https:\/\/kapitalis.com\/tunisie\/wp-content\/uploads\/2022\/05\/Kapitalis-big-size.png\",\"width\":5000,\"height\":1500,\"caption\":\"Kapitalis\"},\"image\":{\"@id\":\"https:\/\/kapitalis.com\/tunisie\/#\/schema\/logo\/image\/\"},\"sameAs\":[\"https:\/\/www.facebook.com\/KapitalisInfo\/\",\"https:\/\/x.com\/KapitalisInfo\",\"https:\/\/www.youtube.com\/channel\/UC-yDYrHyfFBWWZaOw3FPg9Q\"]},{\"@type\":\"Person\",\"@id\":\"https:\/\/kapitalis.com\/tunisie\/#\/schema\/person\/093913313d3017554cb3ad077fff3fbd\",\"name\":\"Amina Mkada\",\"url\":\"https:\/\/kapitalis.com\/tunisie\/author\/amina\/\"}]}<\/script>\n<!-- \/ Yoast SEO plugin. -->","yoast_head_json":{"title":"S\u00e9cheresse : La Sonede appelle \u00e0 rationaliser la consommation d'eau - Kapitalis","robots":{"index":"index","follow":"follow","max-snippet":"max-snippet:-1","max-image-preview":"max-image-preview:large","max-video-preview":"max-video-preview:-1"},"canonical":"https:\/\/kapitalis.com\/tunisie\/2020\/02\/19\/secheresse-la-sonede-appelle-a-rationaliser-la-consommation-deau\/","og_locale":"fr_FR","og_type":"article","og_title":"S\u00e9cheresse : La Sonede appelle \u00e0 rationaliser la consommation d'eau - Kapitalis","og_description":"La Soci\u00e9t\u00e9 nationale d&rsquo;exploitation et de distribution des eaux (Sonede) a publi\u00e9 un important communiqu\u00e9 hier, mardi 18 f\u00e9vrier 2020, concernant les signes de p\u00e9nurie d&rsquo;eau due aux faibles pr\u00e9cipitations de cette saison hivernale, et les mesures de rationnement \u00e0 entreprendre. Par Amina Mkada","og_url":"https:\/\/kapitalis.com\/tunisie\/2020\/02\/19\/secheresse-la-sonede-appelle-a-rationaliser-la-consommation-deau\/","og_site_name":"Kapitalis","article_publisher":"https:\/\/www.facebook.com\/KapitalisInfo\/","article_published_time":"2020-02-19T08:13:40+00:00","article_modified_time":"2020-02-19T09:43:43+00:00","og_image":[{"width":1200,"height":630,"url":"https:\/\/kapitalis.com\/tunisie\/wp-content\/uploads\/2022\/05\/kapitalis-logo-fb.png","type":"image\/png"}],"author":"Amina Mkada","twitter_card":"summary_large_image","twitter_creator":"@KapitalisInfo","twitter_site":"@KapitalisInfo","twitter_misc":{"\u00c9crit par":"Amina Mkada","Dur\u00e9e de lecture estim\u00e9e":"2 minutes"},"schema":{"@context":"https:\/\/schema.org","@graph":[{"@type":"Article","@id":"https:\/\/kapitalis.com\/tunisie\/2020\/02\/19\/secheresse-la-sonede-appelle-a-rationaliser-la-consommation-deau\/#article","isPartOf":{"@id":"https:\/\/kapitalis.com\/tunisie\/2020\/02\/19\/secheresse-la-sonede-appelle-a-rationaliser-la-consommation-deau\/"},"author":{"name":"Amina Mkada","@id":"https:\/\/kapitalis.com\/tunisie\/#\/schema\/person\/093913313d3017554cb3ad077fff3fbd"},"headline":"S\u00e9cheresse : La Sonede appelle \u00e0 rationaliser la consommation d&rsquo;eau","datePublished":"2020-02-19T08:13:40+00:00","dateModified":"2020-02-19T09:43:43+00:00","mainEntityOfPage":{"@id":"https:\/\/kapitalis.com\/tunisie\/2020\/02\/19\/secheresse-la-sonede-appelle-a-rationaliser-la-consommation-deau\/"},"wordCount":359,"commentCount":3,"publisher":{"@id":"https:\/\/kapitalis.com\/tunisie\/#organization"},"image":{"@id":"https:\/\/kapitalis.com\/tunisie\/2020\/02\/19\/secheresse-la-sonede-appelle-a-rationaliser-la-consommation-deau\/#primaryimage"},"thumbnailUrl":"","keywords":["s\u00e9cheresse","Sonede"],"articleSection":["A LA UNE","CONSO","ECONOMIE","Tunisie"],"inLanguage":"fr-FR","potentialAction":[{"@type":"CommentAction","name":"Comment","target":["https:\/\/kapitalis.com\/tunisie\/2020\/02\/19\/secheresse-la-sonede-appelle-a-rationaliser-la-consommation-deau\/#respond"]}]},{"@type":"WebPage","@id":"https:\/\/kapitalis.com\/tunisie\/2020\/02\/19\/secheresse-la-sonede-appelle-a-rationaliser-la-consommation-deau\/","url":"https:\/\/kapitalis.com\/tunisie\/2020\/02\/19\/secheresse-la-sonede-appelle-a-rationaliser-la-consommation-deau\/","name":"S\u00e9cheresse : La Sonede appelle \u00e0 rationaliser la consommation d'eau - Kapitalis","isPartOf":{"@id":"https:\/\/kapitalis.com\/tunisie\/#website"},"primaryImageOfPage":{"@id":"https:\/\/kapitalis.com\/tunisie\/2020\/02\/19\/secheresse-la-sonede-appelle-a-rationaliser-la-consommation-deau\/#primaryimage"},"image":{"@id":"https:\/\/kapitalis.com\/tunisie\/2020\/02\/19\/secheresse-la-sonede-appelle-a-rationaliser-la-consommation-deau\/#primaryimage"},"thumbnailUrl":"","datePublished":"2020-02-19T08:13:40+00:00","dateModified":"2020-02-19T09:43:43+00:00","breadcrumb":{"@id":"https:\/\/kapitalis.com\/tunisie\/2020\/02\/19\/secheresse-la-sonede-appelle-a-rationaliser-la-consommation-deau\/#breadcrumb"},"inLanguage":"fr-FR","potentialAction":[{"@type":"ReadAction","target":["https:\/\/kapitalis.com\/tunisie\/2020\/02\/19\/secheresse-la-sonede-appelle-a-rationaliser-la-consommation-deau\/"]}]},{"@type":"ImageObject","inLanguage":"fr-FR","@id":"https:\/\/kapitalis.com\/tunisie\/2020\/02\/19\/secheresse-la-sonede-appelle-a-rationaliser-la-consommation-deau\/#primaryimage","url":"","contentUrl":""},{"@type":"BreadcrumbList","@id":"https:\/\/kapitalis.com\/tunisie\/2020\/02\/19\/secheresse-la-sonede-appelle-a-rationaliser-la-consommation-deau\/#breadcrumb","itemListElement":[{"@type":"ListItem","position":1,"name":"Accueil","item":"https:\/\/kapitalis.com\/tunisie\/"},{"@type":"ListItem","position":2,"name":"S\u00e9cheresse : La Sonede appelle \u00e0 rationaliser la consommation d&rsquo;eau"}]},{"@type":"WebSite","@id":"https:\/\/kapitalis.com\/tunisie\/#website","url":"https:\/\/kapitalis.com\/tunisie\/","name":"Kapitalis","description":"L&#039;actualit\u00e9 en Tunisie et dans le monde","publisher":{"@id":"https:\/\/kapitalis.com\/tunisie\/#organization"},"potentialAction":[{"@type":"SearchAction","target":{"@type":"EntryPoint","urlTemplate":"https:\/\/kapitalis.com\/tunisie\/?s={search_term_string}"},"query-input":{"@type":"PropertyValueSpecification","valueRequired":true,"valueName":"search_term_string"}}],"inLanguage":"fr-FR"},{"@type":"Organization","@id":"https:\/\/kapitalis.com\/tunisie\/#organization","name":"Kapitalis","url":"https:\/\/kapitalis.com\/tunisie\/","logo":{"@type":"ImageObject","inLanguage":"fr-FR","@id":"https:\/\/kapitalis.com\/tunisie\/#\/schema\/logo\/image\/","url":"https:\/\/kapitalis.com\/tunisie\/wp-content\/uploads\/2022\/05\/Kapitalis-big-size.png","contentUrl":"https:\/\/kapitalis.com\/tunisie\/wp-content\/uploads\/2022\/05\/Kapitalis-big-size.png","width":5000,"height":1500,"caption":"Kapitalis"},"image":{"@id":"https:\/\/kapitalis.com\/tunisie\/#\/schema\/logo\/image\/"},"sameAs":["https:\/\/www.facebook.com\/KapitalisInfo\/","https:\/\/x.com\/KapitalisInfo","https:\/\/www.youtube.com\/channel\/UC-yDYrHyfFBWWZaOw3FPg9Q"]},{"@type":"Person","@id":"https:\/\/kapitalis.com\/tunisie\/#\/schema\/person\/093913313d3017554cb3ad077fff3fbd","name":"Amina Mkada","url":"https:\/\/kapitalis.com\/tunisie\/author\/amina\/"}]}},"_links":{"self":[{"href":"https:\/\/kapitalis.com\/tunisie\/wp-json\/wp\/v2\/posts\/281851","targetHints":{"allow":["GET"]}}],"collection":[{"href":"https:\/\/kapitalis.com\/tunisie\/wp-json\/wp\/v2\/posts"}],"about":[{"href":"https:\/\/kapitalis.com\/tunisie\/wp-json\/wp\/v2\/types\/post"}],"author":[{"embeddable":true,"href":"https:\/\/kapitalis.com\/tunisie\/wp-json\/wp\/v2\/users\/22"}],"replies":[{"embeddable":true,"href":"https:\/\/kapitalis.com\/tunisie\/wp-json\/wp\/v2\/comments?post=281851"}],"version-history":[{"count":0,"href":"https:\/\/kapitalis.com\/tunisie\/wp-json\/wp\/v2\/posts\/281851\/revisions"}],"wp:featuredmedia":[{"embeddable":true,"href":"https:\/\/kapitalis.com\/tunisie\/wp-json\/wp\/v2\/media\/281874"}],"wp:attachment":[{"href":"https:\/\/kapitalis.com\/tunisie\/wp-json\/wp\/v2\/media?parent=281851"}],"wp:term":[{"taxonomy":"category","embeddable":true,"href":"https:\/\/kapitalis.com\/tunisie\/wp-json\/wp\/v2\/categories?post=281851"},{"taxonomy":"post_tag","embeddable":true,"href":"https:\/\/kapitalis.com\/tunisie\/wp-json\/wp\/v2\/tags?post=281851"}],"curies":[{"name":"wp","href":"https:\/\/api.w.org\/{rel}","templated":true}]}}