{"id":281976,"date":"2020-02-19T12:23:22","date_gmt":"2020-02-19T11:23:22","guid":{"rendered":"http:\/\/kapitalis.com\/tunisie\/?p=281976"},"modified":"2020-02-19T12:23:27","modified_gmt":"2020-02-19T11:23:27","slug":"a-propos-de-la-notation-stable-attribuee-par-moodys-a-latb","status":"publish","type":"post","link":"https:\/\/kapitalis.com\/tunisie\/2020\/02\/19\/a-propos-de-la-notation-stable-attribuee-par-moodys-a-latb\/","title":{"rendered":"A propos de la notation \u00ab\u00a0Perspectives stables\u00a0\u00bb attribu\u00e9e par Moody&rsquo;s \u00e0 l&rsquo;ATB"},"content":{"rendered":"\n<figure class=\"wp-block-image size-large\"><img decoding=\"async\" src=\"http:\/\/kapitalis.com\/tunisie\/wp-content\/uploads\/2020\/02\/ATB-Moodys-1.jpg\" alt=\"\" class=\"wp-image-282024\"\/><\/figure>\n\n\n\n<p><strong><em>L&rsquo;agence am\u00e9ricaine <a rel=\"noreferrer noopener\" aria-label=\"Moody's (s\u2019ouvre dans un nouvel onglet)\" href=\"https:\/\/www.moodys.com\/research\/Moodys-affirms-five-Tunisian-banks-ratings-changes-outlook-to-stable--PR_418219?WT.mc_id=MDCAlerts_realtime%7e77220DE7-06D0-44BD-A343-C96B5FF1EE0B\" target=\"_blank\">Moody&rsquo;s<\/a> a annonc\u00e9, le 18 f\u00e9vrier 2020, le changement de la notation d&rsquo;Arab Tunisian Bank (ATB) de <\/em><\/strong> <strong><em>perspectives n\u00e9gatives \u00e0 stables.<\/em><\/strong> <\/p>\n\n\n\n<!--more-->\n\n\n\n<p>Moody&rsquo;s a confirm\u00e9 la notation de ATB des d\u00e9p\u00f4ts \u00e0 long terme en monnaie locale \u00e0 B2, celle en devises \u00e0 B3, l&rsquo;\u00e9valuation du cr\u00e9dit de base (BCA en anglais) \u00e0 caa1, et la BCA ajust\u00e9e \u00e0 b3. <\/p>\n\n\n\n<p>Notons qu&rsquo;une BCA est une opinion sur la force intrins\u00e8que autonome des \u00e9metteurs, en l\u2019absence de tout soutien extraordinaire. <\/p>\n\n\n\n<p>L&rsquo;affirmation des cotes de d\u00e9p\u00f4t \u00e0 long terme refl\u00e8te l&rsquo;opinion de Moody&rsquo;s, selon laquelle les cotes sous-tendent les d\u00e9fis pos\u00e9s par l&rsquo;environnement op\u00e9rationnel en Tunisie sur le profil du cr\u00e9dit autonome de l&rsquo;ATB (caa1 confirm\u00e9).<\/p>\n\n\n\n<p>La BCA refl\u00e8te la d\u00e9t\u00e9rioration de la qualit\u00e9 des actifs de la banque et des concentrations de cr\u00e9dit \u00e9lev\u00e9es (le ratio de pr\u00eats \u00e0 probl\u00e8mes est estim\u00e9 \u00e0 11,6% en juin 2019), et refl\u00e8te aussi des tampons de capital modestes compte tenu du risque d&rsquo;actif \u00e9lev\u00e9, ainsi que des param\u00e8tres de financement et de liquidit\u00e9 sup\u00e9rieurs \u00e0 la moyenne soutenus par une base de financement stable.<\/p>\n\n\n\n<p>Cette affirmation de Moody&rsquo;s signifie, \u00e9galement, que la notation \u00e0 long terme des d\u00e9p\u00f4ts en monnaie locale B2 d&rsquo;ATB continue de b\u00e9n\u00e9ficier d&rsquo;une hausse du soutien aux affili\u00e9s, bas\u00e9e sur l&rsquo;\u00e9valuation de Moody&rsquo;s d&rsquo;une probabilit\u00e9 mod\u00e9r\u00e9e de soutien parental de la part de l&rsquo;actionnaire majoritaire d&rsquo;ATB, la Arab Bank PLC (notation des d\u00e9p\u00f4ts en monnaie locale \u00e0 long terme Ba2 stable, BCA ba2).<\/p>\n\n\n\n<p>Elle signifie aussi un soutien du gouvernement, bas\u00e9 sur l&rsquo;\u00e9valuation de Moody&rsquo;s d&rsquo;une forte probabilit\u00e9 de soutien des autorit\u00e9s tunisiennes bas\u00e9 sur l&rsquo;importance syst\u00e9mique de ATB en Tunisie avec une part de march\u00e9 de d\u00e9p\u00f4t de 7,6%, et la preuve du soutien du gouvernement tunisien accord\u00e9 aux banques en cas de besoin.<\/p>\n\n\n\n<p class=\"has-text-align-right\"><strong>A. M.<\/strong><\/p>\n\n\n\n<figure class=\"wp-block-embed-wordpress wp-block-embed is-type-wp-embed is-provider-kapitalis\"><div class=\"wp-block-embed__wrapper\">\n<blockquote class=\"wp-embedded-content\" data-secret=\"Mftqp1pS7l\"><a href=\"https:\/\/kapitalis.com\/tunisie\/2020\/02\/19\/moodys-fait-passer-les-perspectives-de-5-banques-tunisiennes-de-negatives-a-stables\/\">Moody&rsquo;s fait passer les perspectives de 5 banques tunisiennes de n\u00e9gatives \u00e0 stables<\/a><\/blockquote><iframe loading=\"lazy\" class=\"wp-embedded-content\" sandbox=\"allow-scripts\" security=\"restricted\" style=\"position: absolute; clip: rect(1px, 1px, 1px, 1px);\" title=\"\u00ab\u00a0Moody&rsquo;s fait passer les perspectives de 5 banques tunisiennes de n\u00e9gatives \u00e0 stables\u00a0\u00bb &#8212; Kapitalis\" src=\"https:\/\/kapitalis.com\/tunisie\/2020\/02\/19\/moodys-fait-passer-les-perspectives-de-5-banques-tunisiennes-de-negatives-a-stables\/embed\/#?secret=vR66t3sJQZ#?secret=Mftqp1pS7l\" data-secret=\"Mftqp1pS7l\" width=\"600\" height=\"338\" frameborder=\"0\" marginwidth=\"0\" marginheight=\"0\" scrolling=\"no\"><\/iframe>\n<\/div><\/figure>\n","protected":false},"excerpt":{"rendered":"<p>L&rsquo;agence am\u00e9ricaine Moody&rsquo;s a annonc\u00e9, le 18 f\u00e9vrier 2020, le changement de la notation d&rsquo;Arab Tunisian Bank (ATB) de perspectives n\u00e9gatives \u00e0 stables.<\/p>\n","protected":false},"author":22,"featured_media":282024,"comment_status":"open","ping_status":"open","sticky":false,"template":"","format":"standard","meta":{"footnotes":""},"categories":[995,2433],"tags":[99,635],"class_list":["post-281976","post","type-post","status-publish","format-standard","has-post-thumbnail","hentry","category-economie","category-tunisie","tag-atb","tag-moodys"],"yoast_head":"<!-- This site is optimized with the Yoast SEO plugin v26.6 - https:\/\/yoast.com\/wordpress\/plugins\/seo\/ -->\n<title>A propos de la notation &quot;Perspectives stables&quot; attribu\u00e9e par Moody&#039;s \u00e0 l&#039;ATB - Kapitalis<\/title>\n<meta name=\"robots\" content=\"index, follow, max-snippet:-1, max-image-preview:large, max-video-preview:-1\" \/>\n<link rel=\"canonical\" href=\"https:\/\/kapitalis.com\/tunisie\/2020\/02\/19\/a-propos-de-la-notation-stable-attribuee-par-moodys-a-latb\/\" \/>\n<meta property=\"og:locale\" content=\"fr_FR\" \/>\n<meta property=\"og:type\" content=\"article\" \/>\n<meta property=\"og:title\" content=\"A propos de la notation &quot;Perspectives stables&quot; attribu\u00e9e par Moody&#039;s \u00e0 l&#039;ATB - Kapitalis\" \/>\n<meta property=\"og:description\" content=\"L&rsquo;agence am\u00e9ricaine Moody&rsquo;s a annonc\u00e9, le 18 f\u00e9vrier 2020, le changement de la notation d&rsquo;Arab Tunisian Bank (ATB) de perspectives n\u00e9gatives \u00e0 stables.\" \/>\n<meta property=\"og:url\" content=\"https:\/\/kapitalis.com\/tunisie\/2020\/02\/19\/a-propos-de-la-notation-stable-attribuee-par-moodys-a-latb\/\" \/>\n<meta property=\"og:site_name\" content=\"Kapitalis\" \/>\n<meta property=\"article:publisher\" content=\"https:\/\/www.facebook.com\/KapitalisInfo\/\" \/>\n<meta property=\"article:published_time\" content=\"2020-02-19T11:23:22+00:00\" \/>\n<meta property=\"article:modified_time\" content=\"2020-02-19T11:23:27+00:00\" \/>\n<meta property=\"og:image\" content=\"https:\/\/kapitalis.com\/tunisie\/wp-content\/uploads\/2022\/05\/kapitalis-logo-fb.png\" \/>\n\t<meta property=\"og:image:width\" content=\"1200\" \/>\n\t<meta property=\"og:image:height\" content=\"630\" \/>\n\t<meta property=\"og:image:type\" content=\"image\/png\" \/>\n<meta name=\"author\" content=\"Amina Mkada\" \/>\n<meta name=\"twitter:card\" content=\"summary_large_image\" \/>\n<meta name=\"twitter:creator\" content=\"@KapitalisInfo\" \/>\n<meta name=\"twitter:site\" content=\"@KapitalisInfo\" \/>\n<meta name=\"twitter:label1\" content=\"\u00c9crit par\" \/>\n\t<meta name=\"twitter:data1\" content=\"Amina Mkada\" \/>\n\t<meta name=\"twitter:label2\" content=\"Dur\u00e9e de lecture estim\u00e9e\" \/>\n\t<meta name=\"twitter:data2\" content=\"2 minutes\" \/>\n<script type=\"application\/ld+json\" class=\"yoast-schema-graph\">{\"@context\":\"https:\/\/schema.org\",\"@graph\":[{\"@type\":\"Article\",\"@id\":\"https:\/\/kapitalis.com\/tunisie\/2020\/02\/19\/a-propos-de-la-notation-stable-attribuee-par-moodys-a-latb\/#article\",\"isPartOf\":{\"@id\":\"https:\/\/kapitalis.com\/tunisie\/2020\/02\/19\/a-propos-de-la-notation-stable-attribuee-par-moodys-a-latb\/\"},\"author\":{\"name\":\"Amina Mkada\",\"@id\":\"https:\/\/kapitalis.com\/tunisie\/#\/schema\/person\/093913313d3017554cb3ad077fff3fbd\"},\"headline\":\"A propos de la notation \u00ab\u00a0Perspectives stables\u00a0\u00bb attribu\u00e9e par Moody&rsquo;s \u00e0 l&rsquo;ATB\",\"datePublished\":\"2020-02-19T11:23:22+00:00\",\"dateModified\":\"2020-02-19T11:23:27+00:00\",\"mainEntityOfPage\":{\"@id\":\"https:\/\/kapitalis.com\/tunisie\/2020\/02\/19\/a-propos-de-la-notation-stable-attribuee-par-moodys-a-latb\/\"},\"wordCount\":342,\"commentCount\":0,\"publisher\":{\"@id\":\"https:\/\/kapitalis.com\/tunisie\/#organization\"},\"image\":{\"@id\":\"https:\/\/kapitalis.com\/tunisie\/2020\/02\/19\/a-propos-de-la-notation-stable-attribuee-par-moodys-a-latb\/#primaryimage\"},\"thumbnailUrl\":\"\",\"keywords\":[\"ATB\",\"Moody's\"],\"articleSection\":[\"ECONOMIE\",\"Tunisie\"],\"inLanguage\":\"fr-FR\",\"potentialAction\":[{\"@type\":\"CommentAction\",\"name\":\"Comment\",\"target\":[\"https:\/\/kapitalis.com\/tunisie\/2020\/02\/19\/a-propos-de-la-notation-stable-attribuee-par-moodys-a-latb\/#respond\"]}]},{\"@type\":\"WebPage\",\"@id\":\"https:\/\/kapitalis.com\/tunisie\/2020\/02\/19\/a-propos-de-la-notation-stable-attribuee-par-moodys-a-latb\/\",\"url\":\"https:\/\/kapitalis.com\/tunisie\/2020\/02\/19\/a-propos-de-la-notation-stable-attribuee-par-moodys-a-latb\/\",\"name\":\"A propos de la notation \\\"Perspectives stables\\\" attribu\u00e9e par Moody's \u00e0 l'ATB - Kapitalis\",\"isPartOf\":{\"@id\":\"https:\/\/kapitalis.com\/tunisie\/#website\"},\"primaryImageOfPage\":{\"@id\":\"https:\/\/kapitalis.com\/tunisie\/2020\/02\/19\/a-propos-de-la-notation-stable-attribuee-par-moodys-a-latb\/#primaryimage\"},\"image\":{\"@id\":\"https:\/\/kapitalis.com\/tunisie\/2020\/02\/19\/a-propos-de-la-notation-stable-attribuee-par-moodys-a-latb\/#primaryimage\"},\"thumbnailUrl\":\"\",\"datePublished\":\"2020-02-19T11:23:22+00:00\",\"dateModified\":\"2020-02-19T11:23:27+00:00\",\"breadcrumb\":{\"@id\":\"https:\/\/kapitalis.com\/tunisie\/2020\/02\/19\/a-propos-de-la-notation-stable-attribuee-par-moodys-a-latb\/#breadcrumb\"},\"inLanguage\":\"fr-FR\",\"potentialAction\":[{\"@type\":\"ReadAction\",\"target\":[\"https:\/\/kapitalis.com\/tunisie\/2020\/02\/19\/a-propos-de-la-notation-stable-attribuee-par-moodys-a-latb\/\"]}]},{\"@type\":\"ImageObject\",\"inLanguage\":\"fr-FR\",\"@id\":\"https:\/\/kapitalis.com\/tunisie\/2020\/02\/19\/a-propos-de-la-notation-stable-attribuee-par-moodys-a-latb\/#primaryimage\",\"url\":\"\",\"contentUrl\":\"\"},{\"@type\":\"BreadcrumbList\",\"@id\":\"https:\/\/kapitalis.com\/tunisie\/2020\/02\/19\/a-propos-de-la-notation-stable-attribuee-par-moodys-a-latb\/#breadcrumb\",\"itemListElement\":[{\"@type\":\"ListItem\",\"position\":1,\"name\":\"Accueil\",\"item\":\"https:\/\/kapitalis.com\/tunisie\/\"},{\"@type\":\"ListItem\",\"position\":2,\"name\":\"A propos de la notation \u00ab\u00a0Perspectives stables\u00a0\u00bb attribu\u00e9e par Moody&rsquo;s \u00e0 l&rsquo;ATB\"}]},{\"@type\":\"WebSite\",\"@id\":\"https:\/\/kapitalis.com\/tunisie\/#website\",\"url\":\"https:\/\/kapitalis.com\/tunisie\/\",\"name\":\"Kapitalis\",\"description\":\"L&#039;actualit\u00e9 en Tunisie et dans le monde\",\"publisher\":{\"@id\":\"https:\/\/kapitalis.com\/tunisie\/#organization\"},\"potentialAction\":[{\"@type\":\"SearchAction\",\"target\":{\"@type\":\"EntryPoint\",\"urlTemplate\":\"https:\/\/kapitalis.com\/tunisie\/?s={search_term_string}\"},\"query-input\":{\"@type\":\"PropertyValueSpecification\",\"valueRequired\":true,\"valueName\":\"search_term_string\"}}],\"inLanguage\":\"fr-FR\"},{\"@type\":\"Organization\",\"@id\":\"https:\/\/kapitalis.com\/tunisie\/#organization\",\"name\":\"Kapitalis\",\"url\":\"https:\/\/kapitalis.com\/tunisie\/\",\"logo\":{\"@type\":\"ImageObject\",\"inLanguage\":\"fr-FR\",\"@id\":\"https:\/\/kapitalis.com\/tunisie\/#\/schema\/logo\/image\/\",\"url\":\"https:\/\/kapitalis.com\/tunisie\/wp-content\/uploads\/2022\/05\/Kapitalis-big-size.png\",\"contentUrl\":\"https:\/\/kapitalis.com\/tunisie\/wp-content\/uploads\/2022\/05\/Kapitalis-big-size.png\",\"width\":5000,\"height\":1500,\"caption\":\"Kapitalis\"},\"image\":{\"@id\":\"https:\/\/kapitalis.com\/tunisie\/#\/schema\/logo\/image\/\"},\"sameAs\":[\"https:\/\/www.facebook.com\/KapitalisInfo\/\",\"https:\/\/x.com\/KapitalisInfo\",\"https:\/\/www.youtube.com\/channel\/UC-yDYrHyfFBWWZaOw3FPg9Q\"]},{\"@type\":\"Person\",\"@id\":\"https:\/\/kapitalis.com\/tunisie\/#\/schema\/person\/093913313d3017554cb3ad077fff3fbd\",\"name\":\"Amina Mkada\",\"url\":\"https:\/\/kapitalis.com\/tunisie\/author\/amina\/\"}]}<\/script>\n<!-- \/ Yoast SEO plugin. -->","yoast_head_json":{"title":"A propos de la notation \"Perspectives stables\" attribu\u00e9e par Moody's \u00e0 l'ATB - Kapitalis","robots":{"index":"index","follow":"follow","max-snippet":"max-snippet:-1","max-image-preview":"max-image-preview:large","max-video-preview":"max-video-preview:-1"},"canonical":"https:\/\/kapitalis.com\/tunisie\/2020\/02\/19\/a-propos-de-la-notation-stable-attribuee-par-moodys-a-latb\/","og_locale":"fr_FR","og_type":"article","og_title":"A propos de la notation \"Perspectives stables\" attribu\u00e9e par Moody's \u00e0 l'ATB - Kapitalis","og_description":"L&rsquo;agence am\u00e9ricaine Moody&rsquo;s a annonc\u00e9, le 18 f\u00e9vrier 2020, le changement de la notation d&rsquo;Arab Tunisian Bank (ATB) de perspectives n\u00e9gatives \u00e0 stables.","og_url":"https:\/\/kapitalis.com\/tunisie\/2020\/02\/19\/a-propos-de-la-notation-stable-attribuee-par-moodys-a-latb\/","og_site_name":"Kapitalis","article_publisher":"https:\/\/www.facebook.com\/KapitalisInfo\/","article_published_time":"2020-02-19T11:23:22+00:00","article_modified_time":"2020-02-19T11:23:27+00:00","og_image":[{"width":1200,"height":630,"url":"https:\/\/kapitalis.com\/tunisie\/wp-content\/uploads\/2022\/05\/kapitalis-logo-fb.png","type":"image\/png"}],"author":"Amina Mkada","twitter_card":"summary_large_image","twitter_creator":"@KapitalisInfo","twitter_site":"@KapitalisInfo","twitter_misc":{"\u00c9crit par":"Amina Mkada","Dur\u00e9e de lecture estim\u00e9e":"2 minutes"},"schema":{"@context":"https:\/\/schema.org","@graph":[{"@type":"Article","@id":"https:\/\/kapitalis.com\/tunisie\/2020\/02\/19\/a-propos-de-la-notation-stable-attribuee-par-moodys-a-latb\/#article","isPartOf":{"@id":"https:\/\/kapitalis.com\/tunisie\/2020\/02\/19\/a-propos-de-la-notation-stable-attribuee-par-moodys-a-latb\/"},"author":{"name":"Amina Mkada","@id":"https:\/\/kapitalis.com\/tunisie\/#\/schema\/person\/093913313d3017554cb3ad077fff3fbd"},"headline":"A propos de la notation \u00ab\u00a0Perspectives stables\u00a0\u00bb attribu\u00e9e par Moody&rsquo;s \u00e0 l&rsquo;ATB","datePublished":"2020-02-19T11:23:22+00:00","dateModified":"2020-02-19T11:23:27+00:00","mainEntityOfPage":{"@id":"https:\/\/kapitalis.com\/tunisie\/2020\/02\/19\/a-propos-de-la-notation-stable-attribuee-par-moodys-a-latb\/"},"wordCount":342,"commentCount":0,"publisher":{"@id":"https:\/\/kapitalis.com\/tunisie\/#organization"},"image":{"@id":"https:\/\/kapitalis.com\/tunisie\/2020\/02\/19\/a-propos-de-la-notation-stable-attribuee-par-moodys-a-latb\/#primaryimage"},"thumbnailUrl":"","keywords":["ATB","Moody's"],"articleSection":["ECONOMIE","Tunisie"],"inLanguage":"fr-FR","potentialAction":[{"@type":"CommentAction","name":"Comment","target":["https:\/\/kapitalis.com\/tunisie\/2020\/02\/19\/a-propos-de-la-notation-stable-attribuee-par-moodys-a-latb\/#respond"]}]},{"@type":"WebPage","@id":"https:\/\/kapitalis.com\/tunisie\/2020\/02\/19\/a-propos-de-la-notation-stable-attribuee-par-moodys-a-latb\/","url":"https:\/\/kapitalis.com\/tunisie\/2020\/02\/19\/a-propos-de-la-notation-stable-attribuee-par-moodys-a-latb\/","name":"A propos de la notation \"Perspectives stables\" attribu\u00e9e par Moody's \u00e0 l'ATB - Kapitalis","isPartOf":{"@id":"https:\/\/kapitalis.com\/tunisie\/#website"},"primaryImageOfPage":{"@id":"https:\/\/kapitalis.com\/tunisie\/2020\/02\/19\/a-propos-de-la-notation-stable-attribuee-par-moodys-a-latb\/#primaryimage"},"image":{"@id":"https:\/\/kapitalis.com\/tunisie\/2020\/02\/19\/a-propos-de-la-notation-stable-attribuee-par-moodys-a-latb\/#primaryimage"},"thumbnailUrl":"","datePublished":"2020-02-19T11:23:22+00:00","dateModified":"2020-02-19T11:23:27+00:00","breadcrumb":{"@id":"https:\/\/kapitalis.com\/tunisie\/2020\/02\/19\/a-propos-de-la-notation-stable-attribuee-par-moodys-a-latb\/#breadcrumb"},"inLanguage":"fr-FR","potentialAction":[{"@type":"ReadAction","target":["https:\/\/kapitalis.com\/tunisie\/2020\/02\/19\/a-propos-de-la-notation-stable-attribuee-par-moodys-a-latb\/"]}]},{"@type":"ImageObject","inLanguage":"fr-FR","@id":"https:\/\/kapitalis.com\/tunisie\/2020\/02\/19\/a-propos-de-la-notation-stable-attribuee-par-moodys-a-latb\/#primaryimage","url":"","contentUrl":""},{"@type":"BreadcrumbList","@id":"https:\/\/kapitalis.com\/tunisie\/2020\/02\/19\/a-propos-de-la-notation-stable-attribuee-par-moodys-a-latb\/#breadcrumb","itemListElement":[{"@type":"ListItem","position":1,"name":"Accueil","item":"https:\/\/kapitalis.com\/tunisie\/"},{"@type":"ListItem","position":2,"name":"A propos de la notation \u00ab\u00a0Perspectives stables\u00a0\u00bb attribu\u00e9e par Moody&rsquo;s \u00e0 l&rsquo;ATB"}]},{"@type":"WebSite","@id":"https:\/\/kapitalis.com\/tunisie\/#website","url":"https:\/\/kapitalis.com\/tunisie\/","name":"Kapitalis","description":"L&#039;actualit\u00e9 en Tunisie et dans le monde","publisher":{"@id":"https:\/\/kapitalis.com\/tunisie\/#organization"},"potentialAction":[{"@type":"SearchAction","target":{"@type":"EntryPoint","urlTemplate":"https:\/\/kapitalis.com\/tunisie\/?s={search_term_string}"},"query-input":{"@type":"PropertyValueSpecification","valueRequired":true,"valueName":"search_term_string"}}],"inLanguage":"fr-FR"},{"@type":"Organization","@id":"https:\/\/kapitalis.com\/tunisie\/#organization","name":"Kapitalis","url":"https:\/\/kapitalis.com\/tunisie\/","logo":{"@type":"ImageObject","inLanguage":"fr-FR","@id":"https:\/\/kapitalis.com\/tunisie\/#\/schema\/logo\/image\/","url":"https:\/\/kapitalis.com\/tunisie\/wp-content\/uploads\/2022\/05\/Kapitalis-big-size.png","contentUrl":"https:\/\/kapitalis.com\/tunisie\/wp-content\/uploads\/2022\/05\/Kapitalis-big-size.png","width":5000,"height":1500,"caption":"Kapitalis"},"image":{"@id":"https:\/\/kapitalis.com\/tunisie\/#\/schema\/logo\/image\/"},"sameAs":["https:\/\/www.facebook.com\/KapitalisInfo\/","https:\/\/x.com\/KapitalisInfo","https:\/\/www.youtube.com\/channel\/UC-yDYrHyfFBWWZaOw3FPg9Q"]},{"@type":"Person","@id":"https:\/\/kapitalis.com\/tunisie\/#\/schema\/person\/093913313d3017554cb3ad077fff3fbd","name":"Amina Mkada","url":"https:\/\/kapitalis.com\/tunisie\/author\/amina\/"}]}},"_links":{"self":[{"href":"https:\/\/kapitalis.com\/tunisie\/wp-json\/wp\/v2\/posts\/281976","targetHints":{"allow":["GET"]}}],"collection":[{"href":"https:\/\/kapitalis.com\/tunisie\/wp-json\/wp\/v2\/posts"}],"about":[{"href":"https:\/\/kapitalis.com\/tunisie\/wp-json\/wp\/v2\/types\/post"}],"author":[{"embeddable":true,"href":"https:\/\/kapitalis.com\/tunisie\/wp-json\/wp\/v2\/users\/22"}],"replies":[{"embeddable":true,"href":"https:\/\/kapitalis.com\/tunisie\/wp-json\/wp\/v2\/comments?post=281976"}],"version-history":[{"count":0,"href":"https:\/\/kapitalis.com\/tunisie\/wp-json\/wp\/v2\/posts\/281976\/revisions"}],"wp:featuredmedia":[{"embeddable":true,"href":"https:\/\/kapitalis.com\/tunisie\/wp-json\/wp\/v2\/media\/282024"}],"wp:attachment":[{"href":"https:\/\/kapitalis.com\/tunisie\/wp-json\/wp\/v2\/media?parent=281976"}],"wp:term":[{"taxonomy":"category","embeddable":true,"href":"https:\/\/kapitalis.com\/tunisie\/wp-json\/wp\/v2\/categories?post=281976"},{"taxonomy":"post_tag","embeddable":true,"href":"https:\/\/kapitalis.com\/tunisie\/wp-json\/wp\/v2\/tags?post=281976"}],"curies":[{"name":"wp","href":"https:\/\/api.w.org\/{rel}","templated":true}]}}