{"id":28205,"date":"2015-12-01T17:12:55","date_gmt":"2015-12-01T16:12:55","guid":{"rendered":"http:\/\/kapitalis.com\/tunisie\/?p=28205"},"modified":"2015-12-01T18:29:43","modified_gmt":"2015-12-01T17:29:43","slug":"sidi-bouzid-arrestation-de-12-presumes-terroristes","status":"publish","type":"post","link":"https:\/\/kapitalis.com\/tunisie\/2015\/12\/01\/sidi-bouzid-arrestation-de-12-presumes-terroristes\/","title":{"rendered":"Sidi Bouzid : Arrestation de 12 pr\u00e9sum\u00e9s terroristes"},"content":{"rendered":"<p><img loading=\"lazy\" decoding=\"async\" class=\"alignnone size-full wp-image-28207 aligncenter\" src=\"http:\/\/kapitalis.com\/tunisie\/wp-content\/uploads\/2015\/12\/police-n.jpg\" alt=\"police n\" width=\"626\" height=\"380\" \/><\/p>\n<p><em><strong>La police a arr\u00eat\u00e9, \u00e0 Sidi Bouzid, 12 extr\u00e9mistes religieux suspect\u00e9s d&rsquo;\u00eatre en relation avec des groupes terroristes.<\/strong><\/em><br \/>\n<!--more--><\/p>\n<p>Les arrestations ont \u00e9t\u00e9 effectu\u00e9es hier et aujourd\u2019hui. Les 12 pr\u00e9venus avaient en leur possession des uniformes militaires, des livres takfiristes, des tracts appelant au jihad et leurs ordinateurs portables contenaient des vid\u00e9os faisant l\u2019apologie de l\u2019Etat islamique (Daech).<\/p>\n<p>Selon les enqu\u00eateurs,\u00a0trois\u00a0d\u2019entre eux \u00e9taient en relation t\u00e9l\u00e9phonique avec des groupes terroristes op\u00e9rant dans les zones de conflits. Traduire: Libye, Syrie et Irak.<\/p>\n<p>Les suspects ont \u00e9t\u00e9 maintenus en d\u00e9tention et devraient \u00eatre transf\u00e9r\u00e9s \u00e0 El-Gorjani (Tunis), pour \u00eatre interrog\u00e9s par la Brigade nationale de lutte contre le terrorisme.<\/p>\n<p style=\"text-align: right;\"><strong>Y. N.<\/strong><\/p>\n","protected":false},"excerpt":{"rendered":"<p>La police a arr\u00eat\u00e9, \u00e0 Sidi Bouzid, 12 extr\u00e9mistes religieux suspect\u00e9s d&rsquo;\u00eatre en relation avec des groupes terroristes.<\/p>\n","protected":false},"author":11,"featured_media":28207,"comment_status":"open","ping_status":"open","sticky":false,"template":"","format":"standard","meta":{"footnotes":""},"categories":[998,2433],"tags":[1499,1753,4632,828,2765],"class_list":["post-28205","post","type-post","status-publish","format-standard","has-post-thumbnail","hentry","category-societe","category-tunisie","tag-extremistes-religieux","tag-jihad","tag-militaire","tag-sidi-bouzid","tag-takfiriste"],"yoast_head":"<!-- This site is optimized with the Yoast SEO plugin v26.6 - https:\/\/yoast.com\/wordpress\/plugins\/seo\/ -->\n<title>Sidi Bouzid : Arrestation de 12 pr\u00e9sum\u00e9s terroristes - Kapitalis<\/title>\n<meta name=\"robots\" content=\"index, follow, max-snippet:-1, max-image-preview:large, max-video-preview:-1\" \/>\n<link rel=\"canonical\" href=\"https:\/\/kapitalis.com\/tunisie\/2015\/12\/01\/sidi-bouzid-arrestation-de-12-presumes-terroristes\/\" \/>\n<meta property=\"og:locale\" content=\"fr_FR\" \/>\n<meta property=\"og:type\" content=\"article\" \/>\n<meta property=\"og:title\" content=\"Sidi Bouzid : Arrestation de 12 pr\u00e9sum\u00e9s terroristes - Kapitalis\" \/>\n<meta property=\"og:description\" content=\"La police a arr\u00eat\u00e9, \u00e0 Sidi Bouzid, 12 extr\u00e9mistes religieux suspect\u00e9s d&rsquo;\u00eatre en relation avec des groupes terroristes.\" \/>\n<meta property=\"og:url\" content=\"https:\/\/kapitalis.com\/tunisie\/2015\/12\/01\/sidi-bouzid-arrestation-de-12-presumes-terroristes\/\" \/>\n<meta property=\"og:site_name\" content=\"Kapitalis\" \/>\n<meta property=\"article:publisher\" content=\"https:\/\/www.facebook.com\/KapitalisInfo\/\" \/>\n<meta property=\"article:published_time\" content=\"2015-12-01T16:12:55+00:00\" \/>\n<meta property=\"article:modified_time\" content=\"2015-12-01T17:29:43+00:00\" \/>\n<meta property=\"og:image\" content=\"https:\/\/kapitalis.com\/tunisie\/wp-content\/uploads\/2022\/05\/kapitalis-logo-fb.png\" \/>\n\t<meta property=\"og:image:width\" content=\"1200\" \/>\n\t<meta property=\"og:image:height\" content=\"630\" \/>\n\t<meta property=\"og:image:type\" content=\"image\/png\" \/>\n<meta name=\"author\" content=\"benmansour3 benmansour\" \/>\n<meta name=\"twitter:card\" content=\"summary_large_image\" \/>\n<meta name=\"twitter:creator\" content=\"@KapitalisInfo\" \/>\n<meta name=\"twitter:site\" content=\"@KapitalisInfo\" \/>\n<meta name=\"twitter:label1\" content=\"\u00c9crit par\" \/>\n\t<meta name=\"twitter:data1\" content=\"benmansour3 benmansour\" \/>\n\t<meta name=\"twitter:label2\" content=\"Dur\u00e9e de lecture estim\u00e9e\" \/>\n\t<meta name=\"twitter:data2\" content=\"1 minute\" \/>\n<script type=\"application\/ld+json\" class=\"yoast-schema-graph\">{\"@context\":\"https:\/\/schema.org\",\"@graph\":[{\"@type\":\"Article\",\"@id\":\"https:\/\/kapitalis.com\/tunisie\/2015\/12\/01\/sidi-bouzid-arrestation-de-12-presumes-terroristes\/#article\",\"isPartOf\":{\"@id\":\"https:\/\/kapitalis.com\/tunisie\/2015\/12\/01\/sidi-bouzid-arrestation-de-12-presumes-terroristes\/\"},\"author\":{\"name\":\"benmansour3 benmansour\",\"@id\":\"https:\/\/kapitalis.com\/tunisie\/#\/schema\/person\/035372e645ad321edc01006468cd4c8b\"},\"headline\":\"Sidi Bouzid : Arrestation de 12 pr\u00e9sum\u00e9s terroristes\",\"datePublished\":\"2015-12-01T16:12:55+00:00\",\"dateModified\":\"2015-12-01T17:29:43+00:00\",\"mainEntityOfPage\":{\"@id\":\"https:\/\/kapitalis.com\/tunisie\/2015\/12\/01\/sidi-bouzid-arrestation-de-12-presumes-terroristes\/\"},\"wordCount\":133,\"commentCount\":0,\"publisher\":{\"@id\":\"https:\/\/kapitalis.com\/tunisie\/#organization\"},\"image\":{\"@id\":\"https:\/\/kapitalis.com\/tunisie\/2015\/12\/01\/sidi-bouzid-arrestation-de-12-presumes-terroristes\/#primaryimage\"},\"thumbnailUrl\":\"\",\"keywords\":[\"extr\u00e9mistes religieux\",\"jihad\",\"militaire\",\"Sidi Bouzid\",\"takfiriste\"],\"articleSection\":[\"SOCIETE\",\"Tunisie\"],\"inLanguage\":\"fr-FR\",\"potentialAction\":[{\"@type\":\"CommentAction\",\"name\":\"Comment\",\"target\":[\"https:\/\/kapitalis.com\/tunisie\/2015\/12\/01\/sidi-bouzid-arrestation-de-12-presumes-terroristes\/#respond\"]}]},{\"@type\":\"WebPage\",\"@id\":\"https:\/\/kapitalis.com\/tunisie\/2015\/12\/01\/sidi-bouzid-arrestation-de-12-presumes-terroristes\/\",\"url\":\"https:\/\/kapitalis.com\/tunisie\/2015\/12\/01\/sidi-bouzid-arrestation-de-12-presumes-terroristes\/\",\"name\":\"Sidi Bouzid : Arrestation de 12 pr\u00e9sum\u00e9s terroristes - Kapitalis\",\"isPartOf\":{\"@id\":\"https:\/\/kapitalis.com\/tunisie\/#website\"},\"primaryImageOfPage\":{\"@id\":\"https:\/\/kapitalis.com\/tunisie\/2015\/12\/01\/sidi-bouzid-arrestation-de-12-presumes-terroristes\/#primaryimage\"},\"image\":{\"@id\":\"https:\/\/kapitalis.com\/tunisie\/2015\/12\/01\/sidi-bouzid-arrestation-de-12-presumes-terroristes\/#primaryimage\"},\"thumbnailUrl\":\"\",\"datePublished\":\"2015-12-01T16:12:55+00:00\",\"dateModified\":\"2015-12-01T17:29:43+00:00\",\"breadcrumb\":{\"@id\":\"https:\/\/kapitalis.com\/tunisie\/2015\/12\/01\/sidi-bouzid-arrestation-de-12-presumes-terroristes\/#breadcrumb\"},\"inLanguage\":\"fr-FR\",\"potentialAction\":[{\"@type\":\"ReadAction\",\"target\":[\"https:\/\/kapitalis.com\/tunisie\/2015\/12\/01\/sidi-bouzid-arrestation-de-12-presumes-terroristes\/\"]}]},{\"@type\":\"ImageObject\",\"inLanguage\":\"fr-FR\",\"@id\":\"https:\/\/kapitalis.com\/tunisie\/2015\/12\/01\/sidi-bouzid-arrestation-de-12-presumes-terroristes\/#primaryimage\",\"url\":\"\",\"contentUrl\":\"\"},{\"@type\":\"BreadcrumbList\",\"@id\":\"https:\/\/kapitalis.com\/tunisie\/2015\/12\/01\/sidi-bouzid-arrestation-de-12-presumes-terroristes\/#breadcrumb\",\"itemListElement\":[{\"@type\":\"ListItem\",\"position\":1,\"name\":\"Accueil\",\"item\":\"https:\/\/kapitalis.com\/tunisie\/\"},{\"@type\":\"ListItem\",\"position\":2,\"name\":\"Sidi Bouzid : Arrestation de 12 pr\u00e9sum\u00e9s terroristes\"}]},{\"@type\":\"WebSite\",\"@id\":\"https:\/\/kapitalis.com\/tunisie\/#website\",\"url\":\"https:\/\/kapitalis.com\/tunisie\/\",\"name\":\"Kapitalis\",\"description\":\"L&#039;actualit\u00e9 en Tunisie et dans le monde\",\"publisher\":{\"@id\":\"https:\/\/kapitalis.com\/tunisie\/#organization\"},\"potentialAction\":[{\"@type\":\"SearchAction\",\"target\":{\"@type\":\"EntryPoint\",\"urlTemplate\":\"https:\/\/kapitalis.com\/tunisie\/?s={search_term_string}\"},\"query-input\":{\"@type\":\"PropertyValueSpecification\",\"valueRequired\":true,\"valueName\":\"search_term_string\"}}],\"inLanguage\":\"fr-FR\"},{\"@type\":\"Organization\",\"@id\":\"https:\/\/kapitalis.com\/tunisie\/#organization\",\"name\":\"Kapitalis\",\"url\":\"https:\/\/kapitalis.com\/tunisie\/\",\"logo\":{\"@type\":\"ImageObject\",\"inLanguage\":\"fr-FR\",\"@id\":\"https:\/\/kapitalis.com\/tunisie\/#\/schema\/logo\/image\/\",\"url\":\"https:\/\/kapitalis.com\/tunisie\/wp-content\/uploads\/2022\/05\/Kapitalis-big-size.png\",\"contentUrl\":\"https:\/\/kapitalis.com\/tunisie\/wp-content\/uploads\/2022\/05\/Kapitalis-big-size.png\",\"width\":5000,\"height\":1500,\"caption\":\"Kapitalis\"},\"image\":{\"@id\":\"https:\/\/kapitalis.com\/tunisie\/#\/schema\/logo\/image\/\"},\"sameAs\":[\"https:\/\/www.facebook.com\/KapitalisInfo\/\",\"https:\/\/x.com\/KapitalisInfo\",\"https:\/\/www.youtube.com\/channel\/UC-yDYrHyfFBWWZaOw3FPg9Q\"]},{\"@type\":\"Person\",\"@id\":\"https:\/\/kapitalis.com\/tunisie\/#\/schema\/person\/035372e645ad321edc01006468cd4c8b\",\"name\":\"benmansour3 benmansour\",\"url\":\"https:\/\/kapitalis.com\/tunisie\/author\/benmansour3\/\"}]}<\/script>\n<!-- \/ Yoast SEO plugin. -->","yoast_head_json":{"title":"Sidi Bouzid : Arrestation de 12 pr\u00e9sum\u00e9s terroristes - Kapitalis","robots":{"index":"index","follow":"follow","max-snippet":"max-snippet:-1","max-image-preview":"max-image-preview:large","max-video-preview":"max-video-preview:-1"},"canonical":"https:\/\/kapitalis.com\/tunisie\/2015\/12\/01\/sidi-bouzid-arrestation-de-12-presumes-terroristes\/","og_locale":"fr_FR","og_type":"article","og_title":"Sidi Bouzid : Arrestation de 12 pr\u00e9sum\u00e9s terroristes - Kapitalis","og_description":"La police a arr\u00eat\u00e9, \u00e0 Sidi Bouzid, 12 extr\u00e9mistes religieux suspect\u00e9s d&rsquo;\u00eatre en relation avec des groupes terroristes.","og_url":"https:\/\/kapitalis.com\/tunisie\/2015\/12\/01\/sidi-bouzid-arrestation-de-12-presumes-terroristes\/","og_site_name":"Kapitalis","article_publisher":"https:\/\/www.facebook.com\/KapitalisInfo\/","article_published_time":"2015-12-01T16:12:55+00:00","article_modified_time":"2015-12-01T17:29:43+00:00","og_image":[{"width":1200,"height":630,"url":"https:\/\/kapitalis.com\/tunisie\/wp-content\/uploads\/2022\/05\/kapitalis-logo-fb.png","type":"image\/png"}],"author":"benmansour3 benmansour","twitter_card":"summary_large_image","twitter_creator":"@KapitalisInfo","twitter_site":"@KapitalisInfo","twitter_misc":{"\u00c9crit par":"benmansour3 benmansour","Dur\u00e9e de lecture estim\u00e9e":"1 minute"},"schema":{"@context":"https:\/\/schema.org","@graph":[{"@type":"Article","@id":"https:\/\/kapitalis.com\/tunisie\/2015\/12\/01\/sidi-bouzid-arrestation-de-12-presumes-terroristes\/#article","isPartOf":{"@id":"https:\/\/kapitalis.com\/tunisie\/2015\/12\/01\/sidi-bouzid-arrestation-de-12-presumes-terroristes\/"},"author":{"name":"benmansour3 benmansour","@id":"https:\/\/kapitalis.com\/tunisie\/#\/schema\/person\/035372e645ad321edc01006468cd4c8b"},"headline":"Sidi Bouzid : Arrestation de 12 pr\u00e9sum\u00e9s terroristes","datePublished":"2015-12-01T16:12:55+00:00","dateModified":"2015-12-01T17:29:43+00:00","mainEntityOfPage":{"@id":"https:\/\/kapitalis.com\/tunisie\/2015\/12\/01\/sidi-bouzid-arrestation-de-12-presumes-terroristes\/"},"wordCount":133,"commentCount":0,"publisher":{"@id":"https:\/\/kapitalis.com\/tunisie\/#organization"},"image":{"@id":"https:\/\/kapitalis.com\/tunisie\/2015\/12\/01\/sidi-bouzid-arrestation-de-12-presumes-terroristes\/#primaryimage"},"thumbnailUrl":"","keywords":["extr\u00e9mistes religieux","jihad","militaire","Sidi Bouzid","takfiriste"],"articleSection":["SOCIETE","Tunisie"],"inLanguage":"fr-FR","potentialAction":[{"@type":"CommentAction","name":"Comment","target":["https:\/\/kapitalis.com\/tunisie\/2015\/12\/01\/sidi-bouzid-arrestation-de-12-presumes-terroristes\/#respond"]}]},{"@type":"WebPage","@id":"https:\/\/kapitalis.com\/tunisie\/2015\/12\/01\/sidi-bouzid-arrestation-de-12-presumes-terroristes\/","url":"https:\/\/kapitalis.com\/tunisie\/2015\/12\/01\/sidi-bouzid-arrestation-de-12-presumes-terroristes\/","name":"Sidi Bouzid : Arrestation de 12 pr\u00e9sum\u00e9s terroristes - Kapitalis","isPartOf":{"@id":"https:\/\/kapitalis.com\/tunisie\/#website"},"primaryImageOfPage":{"@id":"https:\/\/kapitalis.com\/tunisie\/2015\/12\/01\/sidi-bouzid-arrestation-de-12-presumes-terroristes\/#primaryimage"},"image":{"@id":"https:\/\/kapitalis.com\/tunisie\/2015\/12\/01\/sidi-bouzid-arrestation-de-12-presumes-terroristes\/#primaryimage"},"thumbnailUrl":"","datePublished":"2015-12-01T16:12:55+00:00","dateModified":"2015-12-01T17:29:43+00:00","breadcrumb":{"@id":"https:\/\/kapitalis.com\/tunisie\/2015\/12\/01\/sidi-bouzid-arrestation-de-12-presumes-terroristes\/#breadcrumb"},"inLanguage":"fr-FR","potentialAction":[{"@type":"ReadAction","target":["https:\/\/kapitalis.com\/tunisie\/2015\/12\/01\/sidi-bouzid-arrestation-de-12-presumes-terroristes\/"]}]},{"@type":"ImageObject","inLanguage":"fr-FR","@id":"https:\/\/kapitalis.com\/tunisie\/2015\/12\/01\/sidi-bouzid-arrestation-de-12-presumes-terroristes\/#primaryimage","url":"","contentUrl":""},{"@type":"BreadcrumbList","@id":"https:\/\/kapitalis.com\/tunisie\/2015\/12\/01\/sidi-bouzid-arrestation-de-12-presumes-terroristes\/#breadcrumb","itemListElement":[{"@type":"ListItem","position":1,"name":"Accueil","item":"https:\/\/kapitalis.com\/tunisie\/"},{"@type":"ListItem","position":2,"name":"Sidi Bouzid : Arrestation de 12 pr\u00e9sum\u00e9s terroristes"}]},{"@type":"WebSite","@id":"https:\/\/kapitalis.com\/tunisie\/#website","url":"https:\/\/kapitalis.com\/tunisie\/","name":"Kapitalis","description":"L&#039;actualit\u00e9 en Tunisie et dans le monde","publisher":{"@id":"https:\/\/kapitalis.com\/tunisie\/#organization"},"potentialAction":[{"@type":"SearchAction","target":{"@type":"EntryPoint","urlTemplate":"https:\/\/kapitalis.com\/tunisie\/?s={search_term_string}"},"query-input":{"@type":"PropertyValueSpecification","valueRequired":true,"valueName":"search_term_string"}}],"inLanguage":"fr-FR"},{"@type":"Organization","@id":"https:\/\/kapitalis.com\/tunisie\/#organization","name":"Kapitalis","url":"https:\/\/kapitalis.com\/tunisie\/","logo":{"@type":"ImageObject","inLanguage":"fr-FR","@id":"https:\/\/kapitalis.com\/tunisie\/#\/schema\/logo\/image\/","url":"https:\/\/kapitalis.com\/tunisie\/wp-content\/uploads\/2022\/05\/Kapitalis-big-size.png","contentUrl":"https:\/\/kapitalis.com\/tunisie\/wp-content\/uploads\/2022\/05\/Kapitalis-big-size.png","width":5000,"height":1500,"caption":"Kapitalis"},"image":{"@id":"https:\/\/kapitalis.com\/tunisie\/#\/schema\/logo\/image\/"},"sameAs":["https:\/\/www.facebook.com\/KapitalisInfo\/","https:\/\/x.com\/KapitalisInfo","https:\/\/www.youtube.com\/channel\/UC-yDYrHyfFBWWZaOw3FPg9Q"]},{"@type":"Person","@id":"https:\/\/kapitalis.com\/tunisie\/#\/schema\/person\/035372e645ad321edc01006468cd4c8b","name":"benmansour3 benmansour","url":"https:\/\/kapitalis.com\/tunisie\/author\/benmansour3\/"}]}},"_links":{"self":[{"href":"https:\/\/kapitalis.com\/tunisie\/wp-json\/wp\/v2\/posts\/28205","targetHints":{"allow":["GET"]}}],"collection":[{"href":"https:\/\/kapitalis.com\/tunisie\/wp-json\/wp\/v2\/posts"}],"about":[{"href":"https:\/\/kapitalis.com\/tunisie\/wp-json\/wp\/v2\/types\/post"}],"author":[{"embeddable":true,"href":"https:\/\/kapitalis.com\/tunisie\/wp-json\/wp\/v2\/users\/11"}],"replies":[{"embeddable":true,"href":"https:\/\/kapitalis.com\/tunisie\/wp-json\/wp\/v2\/comments?post=28205"}],"version-history":[{"count":0,"href":"https:\/\/kapitalis.com\/tunisie\/wp-json\/wp\/v2\/posts\/28205\/revisions"}],"wp:featuredmedia":[{"embeddable":true,"href":"https:\/\/kapitalis.com\/tunisie\/wp-json\/wp\/v2\/media\/28207"}],"wp:attachment":[{"href":"https:\/\/kapitalis.com\/tunisie\/wp-json\/wp\/v2\/media?parent=28205"}],"wp:term":[{"taxonomy":"category","embeddable":true,"href":"https:\/\/kapitalis.com\/tunisie\/wp-json\/wp\/v2\/categories?post=28205"},{"taxonomy":"post_tag","embeddable":true,"href":"https:\/\/kapitalis.com\/tunisie\/wp-json\/wp\/v2\/tags?post=28205"}],"curies":[{"name":"wp","href":"https:\/\/api.w.org\/{rel}","templated":true}]}}