{"id":282282,"date":"2020-02-20T08:28:55","date_gmt":"2020-02-20T07:28:55","guid":{"rendered":"http:\/\/kapitalis.com\/tunisie\/?p=282282"},"modified":"2020-02-20T08:40:23","modified_gmt":"2020-02-20T07:40:23","slug":"finale-de-la-ligue-des-champions-rades-parmi-les-5-options-de-la-caf","status":"publish","type":"post","link":"https:\/\/kapitalis.com\/tunisie\/2020\/02\/20\/finale-de-la-ligue-des-champions-rades-parmi-les-5-options-de-la-caf\/","title":{"rendered":"Finale de la Ligue des champions : Rad\u00e8s parmi les 5 options de la CAF"},"content":{"rendered":"\n<figure class=\"wp-block-image size-large\"><img decoding=\"async\" src=\"http:\/\/kapitalis.com\/tunisie\/wp-content\/uploads\/2016\/02\/stade-Rad\u00e8s.jpg\" alt=\"\" class=\"wp-image-39490\"\/><\/figure>\n\n\n\n<p><strong><em>Le choix de l\u2019ar\u00e8ne qui abritera la finale de la Ligue des champions africaine  se fera le 30 avril 2020, lors d\u2019un vote avant les deux demi-finales.<\/em><\/strong><\/p>\n\n\n\n<!--more-->\n\n\n\n<p> O\u00f9 se jouera la finale de la Ligue des champions 2019-2020 ? La CAF n\u2019a pas d\u00e9voil\u00e9 sa d\u00e9cision mais elle a mis en concurrence 5 stades : le stade de Rad\u00e8s (Tunis), le stade Mohammed V (Casablanca), la Perle Bleue (Khartoum-Soudan), le stade international du Caire (Egypte) et le stade d\u2019Amahoro (Kigali-Rwanda).<\/p>\n\n\n\n<p> Le choix de l\u2019ar\u00e8ne qui abritera la finale se fera le 30 avril, lors d\u2019un vote avant les deux demi-finales de la Ligue des champions, et non \u00e0 la suite d\u2019une d\u00e9cision du Comit\u00e9 ex\u00e9cutif, comme annonc\u00e9 auparavant.<\/p>\n\n\n\n<p> Pour rappel, la CAF avait d\u00e9cid\u00e9 l\u2019an dernier de faire disputer la finale de la Ligue des champions dor\u00e9navant sur un seul match et sur terrain neutre. La finale est pr\u00e9vue le 28 mai prochain. <\/p>\n\n\n\n<p class=\"has-text-align-right\"><strong> H. M.<\/strong><\/p>\n","protected":false},"excerpt":{"rendered":"<p>Le choix de l\u2019ar\u00e8ne qui abritera la finale de la Ligue des champions africaine se fera le 30 avril 2020, lors d\u2019un vote avant les deux demi-finales.<\/p>\n","protected":false},"author":8,"featured_media":0,"comment_status":"open","ping_status":"open","sticky":false,"template":"","format":"standard","meta":{"footnotes":""},"categories":[999,2433],"tags":[176,14013],"class_list":["post-282282","post","type-post","status-publish","format-standard","hentry","category-sport","category-tunisie","tag-caf","tag-ligue-des-champions-dafrique"],"yoast_head":"<!-- This site is optimized with the Yoast SEO plugin v26.6 - https:\/\/yoast.com\/wordpress\/plugins\/seo\/ -->\n<title>Finale de la Ligue des champions : Rad\u00e8s parmi les 5 options de la CAF - Kapitalis<\/title>\n<meta name=\"robots\" content=\"index, follow, max-snippet:-1, max-image-preview:large, max-video-preview:-1\" \/>\n<link rel=\"canonical\" href=\"https:\/\/kapitalis.com\/tunisie\/2020\/02\/20\/finale-de-la-ligue-des-champions-rades-parmi-les-5-options-de-la-caf\/\" \/>\n<meta property=\"og:locale\" content=\"fr_FR\" \/>\n<meta property=\"og:type\" content=\"article\" \/>\n<meta property=\"og:title\" content=\"Finale de la Ligue des champions : Rad\u00e8s parmi les 5 options de la CAF - Kapitalis\" \/>\n<meta property=\"og:description\" content=\"Le choix de l\u2019ar\u00e8ne qui abritera la finale de la Ligue des champions africaine se fera le 30 avril 2020, lors d\u2019un vote avant les deux demi-finales.\" \/>\n<meta property=\"og:url\" content=\"https:\/\/kapitalis.com\/tunisie\/2020\/02\/20\/finale-de-la-ligue-des-champions-rades-parmi-les-5-options-de-la-caf\/\" \/>\n<meta property=\"og:site_name\" content=\"Kapitalis\" \/>\n<meta property=\"article:publisher\" content=\"https:\/\/www.facebook.com\/KapitalisInfo\/\" \/>\n<meta property=\"article:published_time\" content=\"2020-02-20T07:28:55+00:00\" \/>\n<meta property=\"article:modified_time\" content=\"2020-02-20T07:40:23+00:00\" \/>\n<meta property=\"og:image\" content=\"https:\/\/kapitalis.com\/tunisie\/wp-content\/uploads\/2022\/05\/kapitalis-logo-fb.png\" \/>\n\t<meta property=\"og:image:width\" content=\"1200\" \/>\n\t<meta property=\"og:image:height\" content=\"630\" \/>\n\t<meta property=\"og:image:type\" content=\"image\/png\" \/>\n<meta name=\"author\" content=\"webmaster kapitalis\" \/>\n<meta name=\"twitter:card\" content=\"summary_large_image\" \/>\n<meta name=\"twitter:creator\" content=\"@KapitalisInfo\" \/>\n<meta name=\"twitter:site\" content=\"@KapitalisInfo\" \/>\n<meta name=\"twitter:label1\" content=\"\u00c9crit par\" \/>\n\t<meta name=\"twitter:data1\" content=\"webmaster kapitalis\" \/>\n\t<meta name=\"twitter:label2\" content=\"Dur\u00e9e de lecture estim\u00e9e\" \/>\n\t<meta name=\"twitter:data2\" content=\"1 minute\" \/>\n<script type=\"application\/ld+json\" class=\"yoast-schema-graph\">{\"@context\":\"https:\/\/schema.org\",\"@graph\":[{\"@type\":\"Article\",\"@id\":\"https:\/\/kapitalis.com\/tunisie\/2020\/02\/20\/finale-de-la-ligue-des-champions-rades-parmi-les-5-options-de-la-caf\/#article\",\"isPartOf\":{\"@id\":\"https:\/\/kapitalis.com\/tunisie\/2020\/02\/20\/finale-de-la-ligue-des-champions-rades-parmi-les-5-options-de-la-caf\/\"},\"author\":{\"name\":\"webmaster kapitalis\",\"@id\":\"https:\/\/kapitalis.com\/tunisie\/#\/schema\/person\/d71f33a9ca44f7bad4698210b480c8e9\"},\"headline\":\"Finale de la Ligue des champions : Rad\u00e8s parmi les 5 options de la CAF\",\"datePublished\":\"2020-02-20T07:28:55+00:00\",\"dateModified\":\"2020-02-20T07:40:23+00:00\",\"mainEntityOfPage\":{\"@id\":\"https:\/\/kapitalis.com\/tunisie\/2020\/02\/20\/finale-de-la-ligue-des-champions-rades-parmi-les-5-options-de-la-caf\/\"},\"wordCount\":179,\"commentCount\":1,\"publisher\":{\"@id\":\"https:\/\/kapitalis.com\/tunisie\/#organization\"},\"keywords\":[\"CAF\",\"Ligue des champions d\u2019Afrique\"],\"articleSection\":[\"SPORT\",\"Tunisie\"],\"inLanguage\":\"fr-FR\",\"potentialAction\":[{\"@type\":\"CommentAction\",\"name\":\"Comment\",\"target\":[\"https:\/\/kapitalis.com\/tunisie\/2020\/02\/20\/finale-de-la-ligue-des-champions-rades-parmi-les-5-options-de-la-caf\/#respond\"]}]},{\"@type\":\"WebPage\",\"@id\":\"https:\/\/kapitalis.com\/tunisie\/2020\/02\/20\/finale-de-la-ligue-des-champions-rades-parmi-les-5-options-de-la-caf\/\",\"url\":\"https:\/\/kapitalis.com\/tunisie\/2020\/02\/20\/finale-de-la-ligue-des-champions-rades-parmi-les-5-options-de-la-caf\/\",\"name\":\"Finale de la Ligue des champions : Rad\u00e8s parmi les 5 options de la CAF - Kapitalis\",\"isPartOf\":{\"@id\":\"https:\/\/kapitalis.com\/tunisie\/#website\"},\"datePublished\":\"2020-02-20T07:28:55+00:00\",\"dateModified\":\"2020-02-20T07:40:23+00:00\",\"breadcrumb\":{\"@id\":\"https:\/\/kapitalis.com\/tunisie\/2020\/02\/20\/finale-de-la-ligue-des-champions-rades-parmi-les-5-options-de-la-caf\/#breadcrumb\"},\"inLanguage\":\"fr-FR\",\"potentialAction\":[{\"@type\":\"ReadAction\",\"target\":[\"https:\/\/kapitalis.com\/tunisie\/2020\/02\/20\/finale-de-la-ligue-des-champions-rades-parmi-les-5-options-de-la-caf\/\"]}]},{\"@type\":\"BreadcrumbList\",\"@id\":\"https:\/\/kapitalis.com\/tunisie\/2020\/02\/20\/finale-de-la-ligue-des-champions-rades-parmi-les-5-options-de-la-caf\/#breadcrumb\",\"itemListElement\":[{\"@type\":\"ListItem\",\"position\":1,\"name\":\"Accueil\",\"item\":\"https:\/\/kapitalis.com\/tunisie\/\"},{\"@type\":\"ListItem\",\"position\":2,\"name\":\"Finale de la Ligue des champions : Rad\u00e8s parmi les 5 options de la CAF\"}]},{\"@type\":\"WebSite\",\"@id\":\"https:\/\/kapitalis.com\/tunisie\/#website\",\"url\":\"https:\/\/kapitalis.com\/tunisie\/\",\"name\":\"Kapitalis\",\"description\":\"L&#039;actualit\u00e9 en Tunisie et dans le monde\",\"publisher\":{\"@id\":\"https:\/\/kapitalis.com\/tunisie\/#organization\"},\"potentialAction\":[{\"@type\":\"SearchAction\",\"target\":{\"@type\":\"EntryPoint\",\"urlTemplate\":\"https:\/\/kapitalis.com\/tunisie\/?s={search_term_string}\"},\"query-input\":{\"@type\":\"PropertyValueSpecification\",\"valueRequired\":true,\"valueName\":\"search_term_string\"}}],\"inLanguage\":\"fr-FR\"},{\"@type\":\"Organization\",\"@id\":\"https:\/\/kapitalis.com\/tunisie\/#organization\",\"name\":\"Kapitalis\",\"url\":\"https:\/\/kapitalis.com\/tunisie\/\",\"logo\":{\"@type\":\"ImageObject\",\"inLanguage\":\"fr-FR\",\"@id\":\"https:\/\/kapitalis.com\/tunisie\/#\/schema\/logo\/image\/\",\"url\":\"https:\/\/kapitalis.com\/tunisie\/wp-content\/uploads\/2022\/05\/Kapitalis-big-size.png\",\"contentUrl\":\"https:\/\/kapitalis.com\/tunisie\/wp-content\/uploads\/2022\/05\/Kapitalis-big-size.png\",\"width\":5000,\"height\":1500,\"caption\":\"Kapitalis\"},\"image\":{\"@id\":\"https:\/\/kapitalis.com\/tunisie\/#\/schema\/logo\/image\/\"},\"sameAs\":[\"https:\/\/www.facebook.com\/KapitalisInfo\/\",\"https:\/\/x.com\/KapitalisInfo\",\"https:\/\/www.youtube.com\/channel\/UC-yDYrHyfFBWWZaOw3FPg9Q\"]},{\"@type\":\"Person\",\"@id\":\"https:\/\/kapitalis.com\/tunisie\/#\/schema\/person\/d71f33a9ca44f7bad4698210b480c8e9\",\"name\":\"webmaster kapitalis\",\"url\":\"https:\/\/kapitalis.com\/tunisie\/author\/webmaster-kapitalis\/\"}]}<\/script>\n<!-- \/ Yoast SEO plugin. -->","yoast_head_json":{"title":"Finale de la Ligue des champions : Rad\u00e8s parmi les 5 options de la CAF - Kapitalis","robots":{"index":"index","follow":"follow","max-snippet":"max-snippet:-1","max-image-preview":"max-image-preview:large","max-video-preview":"max-video-preview:-1"},"canonical":"https:\/\/kapitalis.com\/tunisie\/2020\/02\/20\/finale-de-la-ligue-des-champions-rades-parmi-les-5-options-de-la-caf\/","og_locale":"fr_FR","og_type":"article","og_title":"Finale de la Ligue des champions : Rad\u00e8s parmi les 5 options de la CAF - Kapitalis","og_description":"Le choix de l\u2019ar\u00e8ne qui abritera la finale de la Ligue des champions africaine se fera le 30 avril 2020, lors d\u2019un vote avant les deux demi-finales.","og_url":"https:\/\/kapitalis.com\/tunisie\/2020\/02\/20\/finale-de-la-ligue-des-champions-rades-parmi-les-5-options-de-la-caf\/","og_site_name":"Kapitalis","article_publisher":"https:\/\/www.facebook.com\/KapitalisInfo\/","article_published_time":"2020-02-20T07:28:55+00:00","article_modified_time":"2020-02-20T07:40:23+00:00","og_image":[{"width":1200,"height":630,"url":"https:\/\/kapitalis.com\/tunisie\/wp-content\/uploads\/2022\/05\/kapitalis-logo-fb.png","type":"image\/png"}],"author":"webmaster kapitalis","twitter_card":"summary_large_image","twitter_creator":"@KapitalisInfo","twitter_site":"@KapitalisInfo","twitter_misc":{"\u00c9crit par":"webmaster kapitalis","Dur\u00e9e de lecture estim\u00e9e":"1 minute"},"schema":{"@context":"https:\/\/schema.org","@graph":[{"@type":"Article","@id":"https:\/\/kapitalis.com\/tunisie\/2020\/02\/20\/finale-de-la-ligue-des-champions-rades-parmi-les-5-options-de-la-caf\/#article","isPartOf":{"@id":"https:\/\/kapitalis.com\/tunisie\/2020\/02\/20\/finale-de-la-ligue-des-champions-rades-parmi-les-5-options-de-la-caf\/"},"author":{"name":"webmaster kapitalis","@id":"https:\/\/kapitalis.com\/tunisie\/#\/schema\/person\/d71f33a9ca44f7bad4698210b480c8e9"},"headline":"Finale de la Ligue des champions : Rad\u00e8s parmi les 5 options de la CAF","datePublished":"2020-02-20T07:28:55+00:00","dateModified":"2020-02-20T07:40:23+00:00","mainEntityOfPage":{"@id":"https:\/\/kapitalis.com\/tunisie\/2020\/02\/20\/finale-de-la-ligue-des-champions-rades-parmi-les-5-options-de-la-caf\/"},"wordCount":179,"commentCount":1,"publisher":{"@id":"https:\/\/kapitalis.com\/tunisie\/#organization"},"keywords":["CAF","Ligue des champions d\u2019Afrique"],"articleSection":["SPORT","Tunisie"],"inLanguage":"fr-FR","potentialAction":[{"@type":"CommentAction","name":"Comment","target":["https:\/\/kapitalis.com\/tunisie\/2020\/02\/20\/finale-de-la-ligue-des-champions-rades-parmi-les-5-options-de-la-caf\/#respond"]}]},{"@type":"WebPage","@id":"https:\/\/kapitalis.com\/tunisie\/2020\/02\/20\/finale-de-la-ligue-des-champions-rades-parmi-les-5-options-de-la-caf\/","url":"https:\/\/kapitalis.com\/tunisie\/2020\/02\/20\/finale-de-la-ligue-des-champions-rades-parmi-les-5-options-de-la-caf\/","name":"Finale de la Ligue des champions : Rad\u00e8s parmi les 5 options de la CAF - Kapitalis","isPartOf":{"@id":"https:\/\/kapitalis.com\/tunisie\/#website"},"datePublished":"2020-02-20T07:28:55+00:00","dateModified":"2020-02-20T07:40:23+00:00","breadcrumb":{"@id":"https:\/\/kapitalis.com\/tunisie\/2020\/02\/20\/finale-de-la-ligue-des-champions-rades-parmi-les-5-options-de-la-caf\/#breadcrumb"},"inLanguage":"fr-FR","potentialAction":[{"@type":"ReadAction","target":["https:\/\/kapitalis.com\/tunisie\/2020\/02\/20\/finale-de-la-ligue-des-champions-rades-parmi-les-5-options-de-la-caf\/"]}]},{"@type":"BreadcrumbList","@id":"https:\/\/kapitalis.com\/tunisie\/2020\/02\/20\/finale-de-la-ligue-des-champions-rades-parmi-les-5-options-de-la-caf\/#breadcrumb","itemListElement":[{"@type":"ListItem","position":1,"name":"Accueil","item":"https:\/\/kapitalis.com\/tunisie\/"},{"@type":"ListItem","position":2,"name":"Finale de la Ligue des champions : Rad\u00e8s parmi les 5 options de la CAF"}]},{"@type":"WebSite","@id":"https:\/\/kapitalis.com\/tunisie\/#website","url":"https:\/\/kapitalis.com\/tunisie\/","name":"Kapitalis","description":"L&#039;actualit\u00e9 en Tunisie et dans le monde","publisher":{"@id":"https:\/\/kapitalis.com\/tunisie\/#organization"},"potentialAction":[{"@type":"SearchAction","target":{"@type":"EntryPoint","urlTemplate":"https:\/\/kapitalis.com\/tunisie\/?s={search_term_string}"},"query-input":{"@type":"PropertyValueSpecification","valueRequired":true,"valueName":"search_term_string"}}],"inLanguage":"fr-FR"},{"@type":"Organization","@id":"https:\/\/kapitalis.com\/tunisie\/#organization","name":"Kapitalis","url":"https:\/\/kapitalis.com\/tunisie\/","logo":{"@type":"ImageObject","inLanguage":"fr-FR","@id":"https:\/\/kapitalis.com\/tunisie\/#\/schema\/logo\/image\/","url":"https:\/\/kapitalis.com\/tunisie\/wp-content\/uploads\/2022\/05\/Kapitalis-big-size.png","contentUrl":"https:\/\/kapitalis.com\/tunisie\/wp-content\/uploads\/2022\/05\/Kapitalis-big-size.png","width":5000,"height":1500,"caption":"Kapitalis"},"image":{"@id":"https:\/\/kapitalis.com\/tunisie\/#\/schema\/logo\/image\/"},"sameAs":["https:\/\/www.facebook.com\/KapitalisInfo\/","https:\/\/x.com\/KapitalisInfo","https:\/\/www.youtube.com\/channel\/UC-yDYrHyfFBWWZaOw3FPg9Q"]},{"@type":"Person","@id":"https:\/\/kapitalis.com\/tunisie\/#\/schema\/person\/d71f33a9ca44f7bad4698210b480c8e9","name":"webmaster kapitalis","url":"https:\/\/kapitalis.com\/tunisie\/author\/webmaster-kapitalis\/"}]}},"_links":{"self":[{"href":"https:\/\/kapitalis.com\/tunisie\/wp-json\/wp\/v2\/posts\/282282","targetHints":{"allow":["GET"]}}],"collection":[{"href":"https:\/\/kapitalis.com\/tunisie\/wp-json\/wp\/v2\/posts"}],"about":[{"href":"https:\/\/kapitalis.com\/tunisie\/wp-json\/wp\/v2\/types\/post"}],"author":[{"embeddable":true,"href":"https:\/\/kapitalis.com\/tunisie\/wp-json\/wp\/v2\/users\/8"}],"replies":[{"embeddable":true,"href":"https:\/\/kapitalis.com\/tunisie\/wp-json\/wp\/v2\/comments?post=282282"}],"version-history":[{"count":0,"href":"https:\/\/kapitalis.com\/tunisie\/wp-json\/wp\/v2\/posts\/282282\/revisions"}],"wp:attachment":[{"href":"https:\/\/kapitalis.com\/tunisie\/wp-json\/wp\/v2\/media?parent=282282"}],"wp:term":[{"taxonomy":"category","embeddable":true,"href":"https:\/\/kapitalis.com\/tunisie\/wp-json\/wp\/v2\/categories?post=282282"},{"taxonomy":"post_tag","embeddable":true,"href":"https:\/\/kapitalis.com\/tunisie\/wp-json\/wp\/v2\/tags?post=282282"}],"curies":[{"name":"wp","href":"https:\/\/api.w.org\/{rel}","templated":true}]}}