{"id":282341,"date":"2020-02-20T11:22:09","date_gmt":"2020-02-20T10:22:09","guid":{"rendered":"http:\/\/kapitalis.com\/tunisie\/?p=282341"},"modified":"2020-02-20T11:42:41","modified_gmt":"2020-02-20T10:42:41","slug":"la-pleniere-consacree-au-vote-de-confiance-au-gouvernement-fakhfakh-aura-lieu-le-26-fevrier","status":"publish","type":"post","link":"https:\/\/kapitalis.com\/tunisie\/2020\/02\/20\/la-pleniere-consacree-au-vote-de-confiance-au-gouvernement-fakhfakh-aura-lieu-le-26-fevrier\/","title":{"rendered":"La pl\u00e9ni\u00e8re consacr\u00e9e au vote de confiance au gouvernement Fakhfakh aura lieu le 26 f\u00e9vrier"},"content":{"rendered":"\n<figure class=\"wp-block-image size-large\"><img decoding=\"async\" src=\"http:\/\/kapitalis.com\/tunisie\/wp-content\/uploads\/2020\/02\/fakhfakh-ARP.jpg\" alt=\"\" class=\"wp-image-282350\"\/><\/figure>\n\n\n\n<p> <strong><em>L<\/em><\/strong><em><strong>ors de la r\u00e9union du bureau de l&rsquo;Assembl\u00e9e, tenue ce matin du jeudi, 20 f\u00e9vrier 2020, il a \u00e9t\u00e9 d\u00e9cid\u00e9 que le mercredi 26 f\u00e9vrier soit la date de la pl\u00e9ni\u00e8re consacr\u00e9e au vote de confiance au gouvernement d&rsquo;Elyes Fakhfakh.<\/strong><\/em> <\/p>\n\n\n\n<!--more-->\n\n\n\n<p>Rappelons qu&rsquo;Elyes Fakhfakh a \u00e9t\u00e9 charg\u00e9 par le pr\u00e9sident de la r\u00e9publique, Ka\u00efs Sa\u00efed, le 21 janvier, de former un gouvernement. <\/p>\n\n\n\n<p>Apr\u00e8s un mois de concertations avec plusieurs partis politiques, Fakhfakh a finalement fix\u00e9 sa composition gouvernementale, qui comporte 30 ministres et 2 secr\u00e9taires d&rsquo;Etat.<\/p>\n\n\n\n<p>L&rsquo;\u00e9quipe propos\u00e9e se compose de 15 ind\u00e9pendants et de 17 personnalit\u00e9s politiques appartenant \u00e0 Ennahdha, Attayar, Echa\u00e2b, Tahya Tounes, Nidaa Tounes et Al Badil Ettounsi.<\/p>\n\n\n\n<p>Au vu de cette ceinture politique, il est attendu que le gouvernement Fakhfakh r\u00e9ussisse \u00e0 obtenir la majorit\u00e9 parlementaire lors du vote de confiance et devenir ainsi le 8e depuis la r\u00e9volution de 2011, apr\u00e8s ceux de Mohamed Ghannouchi, B\u00e9ji Ca\u00efd Essebsi, Hammadi Jebali, Ali Larayedh, Mehdi Joma\u00e2, Habib Essid et Youssef Chahed. <\/p>\n\n\n\n<p class=\"has-text-align-right\"><strong>C. B. Y.<\/strong><\/p>\n","protected":false},"excerpt":{"rendered":"<p>Lors de la r\u00e9union du bureau de l&rsquo;Assembl\u00e9e, tenue ce matin du jeudi, 20 f\u00e9vrier 2020, il a \u00e9t\u00e9 d\u00e9cid\u00e9 que le mercredi 26 f\u00e9vrier soit la date de la pl\u00e9ni\u00e8re consacr\u00e9e au vote de confiance au gouvernement d&rsquo;Elyes Fakhfakh.<\/p>\n","protected":false},"author":24,"featured_media":282350,"comment_status":"open","ping_status":"open","sticky":false,"template":"","format":"standard","meta":{"footnotes":""},"categories":[997,2433],"tags":[30995,1583,15519,1108,66604,63723,75032,2965,49571,54991,11246],"class_list":["post-282341","post","type-post","status-publish","format-standard","has-post-thumbnail","hentry","category-politique","category-tunisie","tag-al-badil","tag-ali-larayedh","tag-attayar","tag-beji-caid-essebsi","tag-echaab","tag-elyes-fakhfakh","tag-gouvernement-fakhfakh","tag-mehdi-jomaa","tag-nidaa-tounes","tag-tahya-tounes","tag-youssef-chahed"],"yoast_head":"<!-- This site is optimized with the Yoast SEO plugin v26.6 - https:\/\/yoast.com\/wordpress\/plugins\/seo\/ -->\n<title>La pl\u00e9ni\u00e8re consacr\u00e9e au vote de confiance au gouvernement Fakhfakh aura lieu le 26 f\u00e9vrier - Kapitalis<\/title>\n<meta name=\"robots\" content=\"index, follow, max-snippet:-1, max-image-preview:large, max-video-preview:-1\" \/>\n<link rel=\"canonical\" href=\"https:\/\/kapitalis.com\/tunisie\/2020\/02\/20\/la-pleniere-consacree-au-vote-de-confiance-au-gouvernement-fakhfakh-aura-lieu-le-26-fevrier\/\" \/>\n<meta property=\"og:locale\" content=\"fr_FR\" \/>\n<meta property=\"og:type\" content=\"article\" \/>\n<meta property=\"og:title\" content=\"La pl\u00e9ni\u00e8re consacr\u00e9e au vote de confiance au gouvernement Fakhfakh aura lieu le 26 f\u00e9vrier - Kapitalis\" \/>\n<meta property=\"og:description\" content=\"Lors de la r\u00e9union du bureau de l&rsquo;Assembl\u00e9e, tenue ce matin du jeudi, 20 f\u00e9vrier 2020, il a \u00e9t\u00e9 d\u00e9cid\u00e9 que le mercredi 26 f\u00e9vrier soit la date de la pl\u00e9ni\u00e8re consacr\u00e9e au vote de confiance au gouvernement d&rsquo;Elyes Fakhfakh.\" \/>\n<meta property=\"og:url\" content=\"https:\/\/kapitalis.com\/tunisie\/2020\/02\/20\/la-pleniere-consacree-au-vote-de-confiance-au-gouvernement-fakhfakh-aura-lieu-le-26-fevrier\/\" \/>\n<meta property=\"og:site_name\" content=\"Kapitalis\" \/>\n<meta property=\"article:publisher\" content=\"https:\/\/www.facebook.com\/KapitalisInfo\/\" \/>\n<meta property=\"article:published_time\" content=\"2020-02-20T10:22:09+00:00\" \/>\n<meta property=\"article:modified_time\" content=\"2020-02-20T10:42:41+00:00\" \/>\n<meta property=\"og:image\" content=\"https:\/\/kapitalis.com\/tunisie\/wp-content\/uploads\/2022\/05\/kapitalis-logo-fb.png\" \/>\n\t<meta property=\"og:image:width\" content=\"1200\" \/>\n\t<meta property=\"og:image:height\" content=\"630\" \/>\n\t<meta property=\"og:image:type\" content=\"image\/png\" \/>\n<meta name=\"author\" content=\"Cherif Benyounes\" \/>\n<meta name=\"twitter:card\" content=\"summary_large_image\" \/>\n<meta name=\"twitter:creator\" content=\"@KapitalisInfo\" \/>\n<meta name=\"twitter:site\" content=\"@KapitalisInfo\" \/>\n<meta name=\"twitter:label1\" content=\"\u00c9crit par\" \/>\n\t<meta name=\"twitter:data1\" content=\"Cherif Benyounes\" \/>\n\t<meta name=\"twitter:label2\" content=\"Dur\u00e9e de lecture estim\u00e9e\" \/>\n\t<meta name=\"twitter:data2\" content=\"1 minute\" \/>\n<script type=\"application\/ld+json\" class=\"yoast-schema-graph\">{\"@context\":\"https:\/\/schema.org\",\"@graph\":[{\"@type\":\"Article\",\"@id\":\"https:\/\/kapitalis.com\/tunisie\/2020\/02\/20\/la-pleniere-consacree-au-vote-de-confiance-au-gouvernement-fakhfakh-aura-lieu-le-26-fevrier\/#article\",\"isPartOf\":{\"@id\":\"https:\/\/kapitalis.com\/tunisie\/2020\/02\/20\/la-pleniere-consacree-au-vote-de-confiance-au-gouvernement-fakhfakh-aura-lieu-le-26-fevrier\/\"},\"author\":{\"name\":\"Cherif Benyounes\",\"@id\":\"https:\/\/kapitalis.com\/tunisie\/#\/schema\/person\/b35b8d631961131107263178aeb8019e\"},\"headline\":\"La pl\u00e9ni\u00e8re consacr\u00e9e au vote de confiance au gouvernement Fakhfakh aura lieu le 26 f\u00e9vrier\",\"datePublished\":\"2020-02-20T10:22:09+00:00\",\"dateModified\":\"2020-02-20T10:42:41+00:00\",\"mainEntityOfPage\":{\"@id\":\"https:\/\/kapitalis.com\/tunisie\/2020\/02\/20\/la-pleniere-consacree-au-vote-de-confiance-au-gouvernement-fakhfakh-aura-lieu-le-26-fevrier\/\"},\"wordCount\":198,\"commentCount\":0,\"publisher\":{\"@id\":\"https:\/\/kapitalis.com\/tunisie\/#organization\"},\"image\":{\"@id\":\"https:\/\/kapitalis.com\/tunisie\/2020\/02\/20\/la-pleniere-consacree-au-vote-de-confiance-au-gouvernement-fakhfakh-aura-lieu-le-26-fevrier\/#primaryimage\"},\"thumbnailUrl\":\"\",\"keywords\":[\"Al-Badil\",\"Ali Larayedh\",\"Attayar\",\"B\u00e9ji Ca\u00efd Essebsi\",\"ech\u00e2ab\",\"Ely\u00e8s Fakhfakh\",\"gouvernement Fakhfakh\",\"Mehdi Jomaa\",\"Nidaa Tounes\",\"Tahya Tounes\",\"Youssef Chahed\"],\"articleSection\":[\"POLITIQUE\",\"Tunisie\"],\"inLanguage\":\"fr-FR\",\"potentialAction\":[{\"@type\":\"CommentAction\",\"name\":\"Comment\",\"target\":[\"https:\/\/kapitalis.com\/tunisie\/2020\/02\/20\/la-pleniere-consacree-au-vote-de-confiance-au-gouvernement-fakhfakh-aura-lieu-le-26-fevrier\/#respond\"]}]},{\"@type\":\"WebPage\",\"@id\":\"https:\/\/kapitalis.com\/tunisie\/2020\/02\/20\/la-pleniere-consacree-au-vote-de-confiance-au-gouvernement-fakhfakh-aura-lieu-le-26-fevrier\/\",\"url\":\"https:\/\/kapitalis.com\/tunisie\/2020\/02\/20\/la-pleniere-consacree-au-vote-de-confiance-au-gouvernement-fakhfakh-aura-lieu-le-26-fevrier\/\",\"name\":\"La pl\u00e9ni\u00e8re consacr\u00e9e au vote de confiance au gouvernement Fakhfakh aura lieu le 26 f\u00e9vrier - Kapitalis\",\"isPartOf\":{\"@id\":\"https:\/\/kapitalis.com\/tunisie\/#website\"},\"primaryImageOfPage\":{\"@id\":\"https:\/\/kapitalis.com\/tunisie\/2020\/02\/20\/la-pleniere-consacree-au-vote-de-confiance-au-gouvernement-fakhfakh-aura-lieu-le-26-fevrier\/#primaryimage\"},\"image\":{\"@id\":\"https:\/\/kapitalis.com\/tunisie\/2020\/02\/20\/la-pleniere-consacree-au-vote-de-confiance-au-gouvernement-fakhfakh-aura-lieu-le-26-fevrier\/#primaryimage\"},\"thumbnailUrl\":\"\",\"datePublished\":\"2020-02-20T10:22:09+00:00\",\"dateModified\":\"2020-02-20T10:42:41+00:00\",\"breadcrumb\":{\"@id\":\"https:\/\/kapitalis.com\/tunisie\/2020\/02\/20\/la-pleniere-consacree-au-vote-de-confiance-au-gouvernement-fakhfakh-aura-lieu-le-26-fevrier\/#breadcrumb\"},\"inLanguage\":\"fr-FR\",\"potentialAction\":[{\"@type\":\"ReadAction\",\"target\":[\"https:\/\/kapitalis.com\/tunisie\/2020\/02\/20\/la-pleniere-consacree-au-vote-de-confiance-au-gouvernement-fakhfakh-aura-lieu-le-26-fevrier\/\"]}]},{\"@type\":\"ImageObject\",\"inLanguage\":\"fr-FR\",\"@id\":\"https:\/\/kapitalis.com\/tunisie\/2020\/02\/20\/la-pleniere-consacree-au-vote-de-confiance-au-gouvernement-fakhfakh-aura-lieu-le-26-fevrier\/#primaryimage\",\"url\":\"\",\"contentUrl\":\"\"},{\"@type\":\"BreadcrumbList\",\"@id\":\"https:\/\/kapitalis.com\/tunisie\/2020\/02\/20\/la-pleniere-consacree-au-vote-de-confiance-au-gouvernement-fakhfakh-aura-lieu-le-26-fevrier\/#breadcrumb\",\"itemListElement\":[{\"@type\":\"ListItem\",\"position\":1,\"name\":\"Accueil\",\"item\":\"https:\/\/kapitalis.com\/tunisie\/\"},{\"@type\":\"ListItem\",\"position\":2,\"name\":\"La pl\u00e9ni\u00e8re consacr\u00e9e au vote de confiance au gouvernement Fakhfakh aura lieu le 26 f\u00e9vrier\"}]},{\"@type\":\"WebSite\",\"@id\":\"https:\/\/kapitalis.com\/tunisie\/#website\",\"url\":\"https:\/\/kapitalis.com\/tunisie\/\",\"name\":\"Kapitalis\",\"description\":\"L&#039;actualit\u00e9 en Tunisie et dans le monde\",\"publisher\":{\"@id\":\"https:\/\/kapitalis.com\/tunisie\/#organization\"},\"potentialAction\":[{\"@type\":\"SearchAction\",\"target\":{\"@type\":\"EntryPoint\",\"urlTemplate\":\"https:\/\/kapitalis.com\/tunisie\/?s={search_term_string}\"},\"query-input\":{\"@type\":\"PropertyValueSpecification\",\"valueRequired\":true,\"valueName\":\"search_term_string\"}}],\"inLanguage\":\"fr-FR\"},{\"@type\":\"Organization\",\"@id\":\"https:\/\/kapitalis.com\/tunisie\/#organization\",\"name\":\"Kapitalis\",\"url\":\"https:\/\/kapitalis.com\/tunisie\/\",\"logo\":{\"@type\":\"ImageObject\",\"inLanguage\":\"fr-FR\",\"@id\":\"https:\/\/kapitalis.com\/tunisie\/#\/schema\/logo\/image\/\",\"url\":\"https:\/\/kapitalis.com\/tunisie\/wp-content\/uploads\/2022\/05\/Kapitalis-big-size.png\",\"contentUrl\":\"https:\/\/kapitalis.com\/tunisie\/wp-content\/uploads\/2022\/05\/Kapitalis-big-size.png\",\"width\":5000,\"height\":1500,\"caption\":\"Kapitalis\"},\"image\":{\"@id\":\"https:\/\/kapitalis.com\/tunisie\/#\/schema\/logo\/image\/\"},\"sameAs\":[\"https:\/\/www.facebook.com\/KapitalisInfo\/\",\"https:\/\/x.com\/KapitalisInfo\",\"https:\/\/www.youtube.com\/channel\/UC-yDYrHyfFBWWZaOw3FPg9Q\"]},{\"@type\":\"Person\",\"@id\":\"https:\/\/kapitalis.com\/tunisie\/#\/schema\/person\/b35b8d631961131107263178aeb8019e\",\"name\":\"Cherif Benyounes\",\"url\":\"https:\/\/kapitalis.com\/tunisie\/author\/cherif\/\"}]}<\/script>\n<!-- \/ Yoast SEO plugin. -->","yoast_head_json":{"title":"La pl\u00e9ni\u00e8re consacr\u00e9e au vote de confiance au gouvernement Fakhfakh aura lieu le 26 f\u00e9vrier - Kapitalis","robots":{"index":"index","follow":"follow","max-snippet":"max-snippet:-1","max-image-preview":"max-image-preview:large","max-video-preview":"max-video-preview:-1"},"canonical":"https:\/\/kapitalis.com\/tunisie\/2020\/02\/20\/la-pleniere-consacree-au-vote-de-confiance-au-gouvernement-fakhfakh-aura-lieu-le-26-fevrier\/","og_locale":"fr_FR","og_type":"article","og_title":"La pl\u00e9ni\u00e8re consacr\u00e9e au vote de confiance au gouvernement Fakhfakh aura lieu le 26 f\u00e9vrier - Kapitalis","og_description":"Lors de la r\u00e9union du bureau de l&rsquo;Assembl\u00e9e, tenue ce matin du jeudi, 20 f\u00e9vrier 2020, il a \u00e9t\u00e9 d\u00e9cid\u00e9 que le mercredi 26 f\u00e9vrier soit la date de la pl\u00e9ni\u00e8re consacr\u00e9e au vote de confiance au gouvernement d&rsquo;Elyes Fakhfakh.","og_url":"https:\/\/kapitalis.com\/tunisie\/2020\/02\/20\/la-pleniere-consacree-au-vote-de-confiance-au-gouvernement-fakhfakh-aura-lieu-le-26-fevrier\/","og_site_name":"Kapitalis","article_publisher":"https:\/\/www.facebook.com\/KapitalisInfo\/","article_published_time":"2020-02-20T10:22:09+00:00","article_modified_time":"2020-02-20T10:42:41+00:00","og_image":[{"width":1200,"height":630,"url":"https:\/\/kapitalis.com\/tunisie\/wp-content\/uploads\/2022\/05\/kapitalis-logo-fb.png","type":"image\/png"}],"author":"Cherif Benyounes","twitter_card":"summary_large_image","twitter_creator":"@KapitalisInfo","twitter_site":"@KapitalisInfo","twitter_misc":{"\u00c9crit par":"Cherif Benyounes","Dur\u00e9e de lecture estim\u00e9e":"1 minute"},"schema":{"@context":"https:\/\/schema.org","@graph":[{"@type":"Article","@id":"https:\/\/kapitalis.com\/tunisie\/2020\/02\/20\/la-pleniere-consacree-au-vote-de-confiance-au-gouvernement-fakhfakh-aura-lieu-le-26-fevrier\/#article","isPartOf":{"@id":"https:\/\/kapitalis.com\/tunisie\/2020\/02\/20\/la-pleniere-consacree-au-vote-de-confiance-au-gouvernement-fakhfakh-aura-lieu-le-26-fevrier\/"},"author":{"name":"Cherif Benyounes","@id":"https:\/\/kapitalis.com\/tunisie\/#\/schema\/person\/b35b8d631961131107263178aeb8019e"},"headline":"La pl\u00e9ni\u00e8re consacr\u00e9e au vote de confiance au gouvernement Fakhfakh aura lieu le 26 f\u00e9vrier","datePublished":"2020-02-20T10:22:09+00:00","dateModified":"2020-02-20T10:42:41+00:00","mainEntityOfPage":{"@id":"https:\/\/kapitalis.com\/tunisie\/2020\/02\/20\/la-pleniere-consacree-au-vote-de-confiance-au-gouvernement-fakhfakh-aura-lieu-le-26-fevrier\/"},"wordCount":198,"commentCount":0,"publisher":{"@id":"https:\/\/kapitalis.com\/tunisie\/#organization"},"image":{"@id":"https:\/\/kapitalis.com\/tunisie\/2020\/02\/20\/la-pleniere-consacree-au-vote-de-confiance-au-gouvernement-fakhfakh-aura-lieu-le-26-fevrier\/#primaryimage"},"thumbnailUrl":"","keywords":["Al-Badil","Ali Larayedh","Attayar","B\u00e9ji Ca\u00efd Essebsi","ech\u00e2ab","Ely\u00e8s Fakhfakh","gouvernement Fakhfakh","Mehdi Jomaa","Nidaa Tounes","Tahya Tounes","Youssef Chahed"],"articleSection":["POLITIQUE","Tunisie"],"inLanguage":"fr-FR","potentialAction":[{"@type":"CommentAction","name":"Comment","target":["https:\/\/kapitalis.com\/tunisie\/2020\/02\/20\/la-pleniere-consacree-au-vote-de-confiance-au-gouvernement-fakhfakh-aura-lieu-le-26-fevrier\/#respond"]}]},{"@type":"WebPage","@id":"https:\/\/kapitalis.com\/tunisie\/2020\/02\/20\/la-pleniere-consacree-au-vote-de-confiance-au-gouvernement-fakhfakh-aura-lieu-le-26-fevrier\/","url":"https:\/\/kapitalis.com\/tunisie\/2020\/02\/20\/la-pleniere-consacree-au-vote-de-confiance-au-gouvernement-fakhfakh-aura-lieu-le-26-fevrier\/","name":"La pl\u00e9ni\u00e8re consacr\u00e9e au vote de confiance au gouvernement Fakhfakh aura lieu le 26 f\u00e9vrier - Kapitalis","isPartOf":{"@id":"https:\/\/kapitalis.com\/tunisie\/#website"},"primaryImageOfPage":{"@id":"https:\/\/kapitalis.com\/tunisie\/2020\/02\/20\/la-pleniere-consacree-au-vote-de-confiance-au-gouvernement-fakhfakh-aura-lieu-le-26-fevrier\/#primaryimage"},"image":{"@id":"https:\/\/kapitalis.com\/tunisie\/2020\/02\/20\/la-pleniere-consacree-au-vote-de-confiance-au-gouvernement-fakhfakh-aura-lieu-le-26-fevrier\/#primaryimage"},"thumbnailUrl":"","datePublished":"2020-02-20T10:22:09+00:00","dateModified":"2020-02-20T10:42:41+00:00","breadcrumb":{"@id":"https:\/\/kapitalis.com\/tunisie\/2020\/02\/20\/la-pleniere-consacree-au-vote-de-confiance-au-gouvernement-fakhfakh-aura-lieu-le-26-fevrier\/#breadcrumb"},"inLanguage":"fr-FR","potentialAction":[{"@type":"ReadAction","target":["https:\/\/kapitalis.com\/tunisie\/2020\/02\/20\/la-pleniere-consacree-au-vote-de-confiance-au-gouvernement-fakhfakh-aura-lieu-le-26-fevrier\/"]}]},{"@type":"ImageObject","inLanguage":"fr-FR","@id":"https:\/\/kapitalis.com\/tunisie\/2020\/02\/20\/la-pleniere-consacree-au-vote-de-confiance-au-gouvernement-fakhfakh-aura-lieu-le-26-fevrier\/#primaryimage","url":"","contentUrl":""},{"@type":"BreadcrumbList","@id":"https:\/\/kapitalis.com\/tunisie\/2020\/02\/20\/la-pleniere-consacree-au-vote-de-confiance-au-gouvernement-fakhfakh-aura-lieu-le-26-fevrier\/#breadcrumb","itemListElement":[{"@type":"ListItem","position":1,"name":"Accueil","item":"https:\/\/kapitalis.com\/tunisie\/"},{"@type":"ListItem","position":2,"name":"La pl\u00e9ni\u00e8re consacr\u00e9e au vote de confiance au gouvernement Fakhfakh aura lieu le 26 f\u00e9vrier"}]},{"@type":"WebSite","@id":"https:\/\/kapitalis.com\/tunisie\/#website","url":"https:\/\/kapitalis.com\/tunisie\/","name":"Kapitalis","description":"L&#039;actualit\u00e9 en Tunisie et dans le monde","publisher":{"@id":"https:\/\/kapitalis.com\/tunisie\/#organization"},"potentialAction":[{"@type":"SearchAction","target":{"@type":"EntryPoint","urlTemplate":"https:\/\/kapitalis.com\/tunisie\/?s={search_term_string}"},"query-input":{"@type":"PropertyValueSpecification","valueRequired":true,"valueName":"search_term_string"}}],"inLanguage":"fr-FR"},{"@type":"Organization","@id":"https:\/\/kapitalis.com\/tunisie\/#organization","name":"Kapitalis","url":"https:\/\/kapitalis.com\/tunisie\/","logo":{"@type":"ImageObject","inLanguage":"fr-FR","@id":"https:\/\/kapitalis.com\/tunisie\/#\/schema\/logo\/image\/","url":"https:\/\/kapitalis.com\/tunisie\/wp-content\/uploads\/2022\/05\/Kapitalis-big-size.png","contentUrl":"https:\/\/kapitalis.com\/tunisie\/wp-content\/uploads\/2022\/05\/Kapitalis-big-size.png","width":5000,"height":1500,"caption":"Kapitalis"},"image":{"@id":"https:\/\/kapitalis.com\/tunisie\/#\/schema\/logo\/image\/"},"sameAs":["https:\/\/www.facebook.com\/KapitalisInfo\/","https:\/\/x.com\/KapitalisInfo","https:\/\/www.youtube.com\/channel\/UC-yDYrHyfFBWWZaOw3FPg9Q"]},{"@type":"Person","@id":"https:\/\/kapitalis.com\/tunisie\/#\/schema\/person\/b35b8d631961131107263178aeb8019e","name":"Cherif Benyounes","url":"https:\/\/kapitalis.com\/tunisie\/author\/cherif\/"}]}},"_links":{"self":[{"href":"https:\/\/kapitalis.com\/tunisie\/wp-json\/wp\/v2\/posts\/282341","targetHints":{"allow":["GET"]}}],"collection":[{"href":"https:\/\/kapitalis.com\/tunisie\/wp-json\/wp\/v2\/posts"}],"about":[{"href":"https:\/\/kapitalis.com\/tunisie\/wp-json\/wp\/v2\/types\/post"}],"author":[{"embeddable":true,"href":"https:\/\/kapitalis.com\/tunisie\/wp-json\/wp\/v2\/users\/24"}],"replies":[{"embeddable":true,"href":"https:\/\/kapitalis.com\/tunisie\/wp-json\/wp\/v2\/comments?post=282341"}],"version-history":[{"count":0,"href":"https:\/\/kapitalis.com\/tunisie\/wp-json\/wp\/v2\/posts\/282341\/revisions"}],"wp:featuredmedia":[{"embeddable":true,"href":"https:\/\/kapitalis.com\/tunisie\/wp-json\/wp\/v2\/media\/282350"}],"wp:attachment":[{"href":"https:\/\/kapitalis.com\/tunisie\/wp-json\/wp\/v2\/media?parent=282341"}],"wp:term":[{"taxonomy":"category","embeddable":true,"href":"https:\/\/kapitalis.com\/tunisie\/wp-json\/wp\/v2\/categories?post=282341"},{"taxonomy":"post_tag","embeddable":true,"href":"https:\/\/kapitalis.com\/tunisie\/wp-json\/wp\/v2\/tags?post=282341"}],"curies":[{"name":"wp","href":"https:\/\/api.w.org\/{rel}","templated":true}]}}