{"id":282647,"date":"2020-02-21T12:54:30","date_gmt":"2020-02-21T11:54:30","guid":{"rendered":"http:\/\/kapitalis.com\/tunisie\/?p=282647"},"modified":"2020-02-21T12:54:31","modified_gmt":"2020-02-21T11:54:31","slug":"tunisie-a-propos-des-emplois-non-crees-dans-la-fonction-publique","status":"publish","type":"post","link":"https:\/\/kapitalis.com\/tunisie\/2020\/02\/21\/tunisie-a-propos-des-emplois-non-crees-dans-la-fonction-publique\/","title":{"rendered":"Tunisie : \u00e0 propos des emplois non-cr\u00e9\u00e9s dans la fonction publique"},"content":{"rendered":"\n<figure class=\"wp-block-image size-large\"><img decoding=\"async\" src=\"http:\/\/kapitalis.com\/tunisie\/wp-content\/uploads\/2016\/06\/Administration.jpg\" alt=\"\" class=\"wp-image-55302\"\/><\/figure>\n\n\n\n<p><strong><em> Depuis 2011, le poids de la masse salariale de la fonction publique en Tunisie est point\u00e9 du doigt par les observateurs de l\u2019\u00e9conomie tunisienne (expert, bailleurs de fonds\u2026) comme un des plus \u00e9lev\u00e9s du monde. <\/em><\/strong><\/p>\n\n\n\n<!--more-->\n\n\n\n<p> Selon Walid Ben Salah, expert comptable, cette masse salariale, estim\u00e9e \u00e0 40% du total du budget 2020 (47 milliards de dinars) et \u00e0 15,3% du PIB du m\u00eame exercice (125 milliards de dinars pr\u00e9vus), a tripl\u00e9, depuis 2010, passant de 6, 5 Mds de DT, \u00e0 19 Mds, actuellement.<\/p>\n\n\n\n<p> Interpell\u00e9 sur la cha\u00eene de t\u00e9l\u00e9vision priv\u00e9e Attessia, Mohamed Trabelsi, ministre des Affaires sociales, a estim\u00e9 \u00e0 environ 240.000 fonctionnaires et agents suppl\u00e9mentaires recrut\u00e9s et titularis\u00e9s entre 2012 et 2019. L\u2019effectif des fonctionnaires est pass\u00e9 ainsi de 404.000 en 2010 \u00e0 644.000 en 2018.  <\/p>\n\n\n\n<p> Pour r\u00e9duire cet effectif jug\u00e9 pl\u00e9thorique et satisfaire un tant soit peu le FMI, le gouvernement de Youssef Chahed a pris la douloureuse d\u00e9cision de suspendre, \u00e0 partir de 2017, les recrutements dans la fonction publique et de ne pas remplacer les partants \u00e0 la retraite. <\/p>\n\n\n\n<p> Avant 2011, le gouvernement recrutait dans la fonction publique en moyenne quelque 18.000 fonctionnaires par an et rempla\u00e7ait, r\u00e9guli\u00e8rement, les retrait\u00e9s. <\/p>\n\n\n\n<p> Si on s\u2019amuse \u00e0 faire le calcul des emplois non cr\u00e9\u00e9s depuis 2017 jusqu\u2019\u00e0 fin 2019 et si on leur ajoute les emplois supprim\u00e9s par l\u2019effet des d\u00e9parts \u00e0 la retraite et non remplac\u00e9s, on pourrait, facilement, les estimer au minimum \u00e0 60.000, ce qui est norme.<\/p>\n\n\n\n<p> Et pourtant, les ministres de Youssef Chahed qui nous ont habitu\u00e9s \u00e0 ne divulguer que les mauvais chiffres n\u2019ont jamais communiqu\u00e9 sur cette question. M\u00eame le s\u00e9rieux Institut national de la statistique (INS), apparemment toujours aux ordres, n\u2019a jamais os\u00e9 s\u2019en charger.<\/p>\n\n\n\n<p> Face au verrouillage syst\u00e9matique pratiqu\u00e9 vis-\u00e0-vis de ces bonnes nouvelles, seuls les d\u00e9put\u00e9s et l\u2019Union g\u00e9n\u00e9rale tunisienne du travail (UGTT) peuvent solliciter des \u00e9clairages sur ce sujet. <\/p>\n\n\n\n<p class=\"has-text-align-right\"><strong> Kh\u00e9maies Krimi<\/strong><\/p>\n","protected":false},"excerpt":{"rendered":"<p>Depuis 2011, le poids de la masse salariale de la fonction publique en Tunisie est point\u00e9 du doigt par les observateurs de l\u2019\u00e9conomie tunisienne (expert, bailleurs de fonds\u2026) comme un des plus \u00e9lev\u00e9s du monde.<\/p>\n","protected":false},"author":8,"featured_media":0,"comment_status":"open","ping_status":"open","sticky":false,"template":"","format":"standard","meta":{"footnotes":""},"categories":[995,2433],"tags":[75147,1194,5107,21896,8005,936,75148,11246],"class_list":["post-282647","post","type-post","status-publish","format-standard","hentry","category-economie","category-tunisie","tag-emplois-non-crees","tag-fonction-publique","tag-masse-salariale","tag-mohamed-trabelsi","tag-recrutements","tag-ugtt","tag-walid-ben-salah","tag-youssef-chahed"],"yoast_head":"<!-- This site is optimized with the Yoast SEO plugin v26.6 - https:\/\/yoast.com\/wordpress\/plugins\/seo\/ -->\n<title>Tunisie : \u00e0 propos des emplois non-cr\u00e9\u00e9s dans la fonction publique - Kapitalis<\/title>\n<meta name=\"robots\" content=\"index, follow, max-snippet:-1, max-image-preview:large, max-video-preview:-1\" \/>\n<link rel=\"canonical\" href=\"https:\/\/kapitalis.com\/tunisie\/2020\/02\/21\/tunisie-a-propos-des-emplois-non-crees-dans-la-fonction-publique\/\" \/>\n<meta property=\"og:locale\" content=\"fr_FR\" \/>\n<meta property=\"og:type\" content=\"article\" \/>\n<meta property=\"og:title\" content=\"Tunisie : \u00e0 propos des emplois non-cr\u00e9\u00e9s dans la fonction publique - Kapitalis\" \/>\n<meta property=\"og:description\" content=\"Depuis 2011, le poids de la masse salariale de la fonction publique en Tunisie est point\u00e9 du doigt par les observateurs de l\u2019\u00e9conomie tunisienne (expert, bailleurs de fonds\u2026) comme un des plus \u00e9lev\u00e9s du monde.\" \/>\n<meta property=\"og:url\" content=\"https:\/\/kapitalis.com\/tunisie\/2020\/02\/21\/tunisie-a-propos-des-emplois-non-crees-dans-la-fonction-publique\/\" \/>\n<meta property=\"og:site_name\" content=\"Kapitalis\" \/>\n<meta property=\"article:publisher\" content=\"https:\/\/www.facebook.com\/KapitalisInfo\/\" \/>\n<meta property=\"article:published_time\" content=\"2020-02-21T11:54:30+00:00\" \/>\n<meta property=\"article:modified_time\" content=\"2020-02-21T11:54:31+00:00\" \/>\n<meta property=\"og:image\" content=\"http:\/\/kapitalis.com\/tunisie\/wp-content\/uploads\/2016\/06\/Administration.jpg\" \/>\n<meta name=\"author\" content=\"webmaster kapitalis\" \/>\n<meta name=\"twitter:card\" content=\"summary_large_image\" \/>\n<meta name=\"twitter:creator\" content=\"@KapitalisInfo\" \/>\n<meta name=\"twitter:site\" content=\"@KapitalisInfo\" \/>\n<meta name=\"twitter:label1\" content=\"\u00c9crit par\" \/>\n\t<meta name=\"twitter:data1\" content=\"webmaster kapitalis\" \/>\n\t<meta name=\"twitter:label2\" content=\"Dur\u00e9e de lecture estim\u00e9e\" \/>\n\t<meta name=\"twitter:data2\" content=\"2 minutes\" \/>\n<script type=\"application\/ld+json\" class=\"yoast-schema-graph\">{\"@context\":\"https:\/\/schema.org\",\"@graph\":[{\"@type\":\"Article\",\"@id\":\"https:\/\/kapitalis.com\/tunisie\/2020\/02\/21\/tunisie-a-propos-des-emplois-non-crees-dans-la-fonction-publique\/#article\",\"isPartOf\":{\"@id\":\"https:\/\/kapitalis.com\/tunisie\/2020\/02\/21\/tunisie-a-propos-des-emplois-non-crees-dans-la-fonction-publique\/\"},\"author\":{\"name\":\"webmaster kapitalis\",\"@id\":\"https:\/\/kapitalis.com\/tunisie\/#\/schema\/person\/d71f33a9ca44f7bad4698210b480c8e9\"},\"headline\":\"Tunisie : \u00e0 propos des emplois non-cr\u00e9\u00e9s dans la fonction publique\",\"datePublished\":\"2020-02-21T11:54:30+00:00\",\"dateModified\":\"2020-02-21T11:54:31+00:00\",\"mainEntityOfPage\":{\"@id\":\"https:\/\/kapitalis.com\/tunisie\/2020\/02\/21\/tunisie-a-propos-des-emplois-non-crees-dans-la-fonction-publique\/\"},\"wordCount\":329,\"commentCount\":0,\"publisher\":{\"@id\":\"https:\/\/kapitalis.com\/tunisie\/#organization\"},\"image\":{\"@id\":\"https:\/\/kapitalis.com\/tunisie\/2020\/02\/21\/tunisie-a-propos-des-emplois-non-crees-dans-la-fonction-publique\/#primaryimage\"},\"thumbnailUrl\":\"http:\/\/kapitalis.com\/tunisie\/wp-content\/uploads\/2016\/06\/Administration.jpg\",\"keywords\":[\"emplois non-cr\u00e9\u00e9s\",\"fonction publique\",\"masse salariale\",\"Mohamed Trabelsi\",\"recrutements\",\"UGTT\",\"Walid Ben Salah\",\"Youssef Chahed\"],\"articleSection\":[\"ECONOMIE\",\"Tunisie\"],\"inLanguage\":\"fr-FR\",\"potentialAction\":[{\"@type\":\"CommentAction\",\"name\":\"Comment\",\"target\":[\"https:\/\/kapitalis.com\/tunisie\/2020\/02\/21\/tunisie-a-propos-des-emplois-non-crees-dans-la-fonction-publique\/#respond\"]}]},{\"@type\":\"WebPage\",\"@id\":\"https:\/\/kapitalis.com\/tunisie\/2020\/02\/21\/tunisie-a-propos-des-emplois-non-crees-dans-la-fonction-publique\/\",\"url\":\"https:\/\/kapitalis.com\/tunisie\/2020\/02\/21\/tunisie-a-propos-des-emplois-non-crees-dans-la-fonction-publique\/\",\"name\":\"Tunisie : \u00e0 propos des emplois non-cr\u00e9\u00e9s dans la fonction publique - Kapitalis\",\"isPartOf\":{\"@id\":\"https:\/\/kapitalis.com\/tunisie\/#website\"},\"primaryImageOfPage\":{\"@id\":\"https:\/\/kapitalis.com\/tunisie\/2020\/02\/21\/tunisie-a-propos-des-emplois-non-crees-dans-la-fonction-publique\/#primaryimage\"},\"image\":{\"@id\":\"https:\/\/kapitalis.com\/tunisie\/2020\/02\/21\/tunisie-a-propos-des-emplois-non-crees-dans-la-fonction-publique\/#primaryimage\"},\"thumbnailUrl\":\"http:\/\/kapitalis.com\/tunisie\/wp-content\/uploads\/2016\/06\/Administration.jpg\",\"datePublished\":\"2020-02-21T11:54:30+00:00\",\"dateModified\":\"2020-02-21T11:54:31+00:00\",\"breadcrumb\":{\"@id\":\"https:\/\/kapitalis.com\/tunisie\/2020\/02\/21\/tunisie-a-propos-des-emplois-non-crees-dans-la-fonction-publique\/#breadcrumb\"},\"inLanguage\":\"fr-FR\",\"potentialAction\":[{\"@type\":\"ReadAction\",\"target\":[\"https:\/\/kapitalis.com\/tunisie\/2020\/02\/21\/tunisie-a-propos-des-emplois-non-crees-dans-la-fonction-publique\/\"]}]},{\"@type\":\"ImageObject\",\"inLanguage\":\"fr-FR\",\"@id\":\"https:\/\/kapitalis.com\/tunisie\/2020\/02\/21\/tunisie-a-propos-des-emplois-non-crees-dans-la-fonction-publique\/#primaryimage\",\"url\":\"http:\/\/kapitalis.com\/tunisie\/wp-content\/uploads\/2016\/06\/Administration.jpg\",\"contentUrl\":\"http:\/\/kapitalis.com\/tunisie\/wp-content\/uploads\/2016\/06\/Administration.jpg\"},{\"@type\":\"BreadcrumbList\",\"@id\":\"https:\/\/kapitalis.com\/tunisie\/2020\/02\/21\/tunisie-a-propos-des-emplois-non-crees-dans-la-fonction-publique\/#breadcrumb\",\"itemListElement\":[{\"@type\":\"ListItem\",\"position\":1,\"name\":\"Accueil\",\"item\":\"https:\/\/kapitalis.com\/tunisie\/\"},{\"@type\":\"ListItem\",\"position\":2,\"name\":\"Tunisie : \u00e0 propos des emplois non-cr\u00e9\u00e9s dans la fonction publique\"}]},{\"@type\":\"WebSite\",\"@id\":\"https:\/\/kapitalis.com\/tunisie\/#website\",\"url\":\"https:\/\/kapitalis.com\/tunisie\/\",\"name\":\"Kapitalis\",\"description\":\"L&#039;actualit\u00e9 en Tunisie et dans le monde\",\"publisher\":{\"@id\":\"https:\/\/kapitalis.com\/tunisie\/#organization\"},\"potentialAction\":[{\"@type\":\"SearchAction\",\"target\":{\"@type\":\"EntryPoint\",\"urlTemplate\":\"https:\/\/kapitalis.com\/tunisie\/?s={search_term_string}\"},\"query-input\":{\"@type\":\"PropertyValueSpecification\",\"valueRequired\":true,\"valueName\":\"search_term_string\"}}],\"inLanguage\":\"fr-FR\"},{\"@type\":\"Organization\",\"@id\":\"https:\/\/kapitalis.com\/tunisie\/#organization\",\"name\":\"Kapitalis\",\"url\":\"https:\/\/kapitalis.com\/tunisie\/\",\"logo\":{\"@type\":\"ImageObject\",\"inLanguage\":\"fr-FR\",\"@id\":\"https:\/\/kapitalis.com\/tunisie\/#\/schema\/logo\/image\/\",\"url\":\"https:\/\/kapitalis.com\/tunisie\/wp-content\/uploads\/2022\/05\/Kapitalis-big-size.png\",\"contentUrl\":\"https:\/\/kapitalis.com\/tunisie\/wp-content\/uploads\/2022\/05\/Kapitalis-big-size.png\",\"width\":5000,\"height\":1500,\"caption\":\"Kapitalis\"},\"image\":{\"@id\":\"https:\/\/kapitalis.com\/tunisie\/#\/schema\/logo\/image\/\"},\"sameAs\":[\"https:\/\/www.facebook.com\/KapitalisInfo\/\",\"https:\/\/x.com\/KapitalisInfo\",\"https:\/\/www.youtube.com\/channel\/UC-yDYrHyfFBWWZaOw3FPg9Q\"]},{\"@type\":\"Person\",\"@id\":\"https:\/\/kapitalis.com\/tunisie\/#\/schema\/person\/d71f33a9ca44f7bad4698210b480c8e9\",\"name\":\"webmaster kapitalis\",\"url\":\"https:\/\/kapitalis.com\/tunisie\/author\/webmaster-kapitalis\/\"}]}<\/script>\n<!-- \/ Yoast SEO plugin. -->","yoast_head_json":{"title":"Tunisie : \u00e0 propos des emplois non-cr\u00e9\u00e9s dans la fonction publique - Kapitalis","robots":{"index":"index","follow":"follow","max-snippet":"max-snippet:-1","max-image-preview":"max-image-preview:large","max-video-preview":"max-video-preview:-1"},"canonical":"https:\/\/kapitalis.com\/tunisie\/2020\/02\/21\/tunisie-a-propos-des-emplois-non-crees-dans-la-fonction-publique\/","og_locale":"fr_FR","og_type":"article","og_title":"Tunisie : \u00e0 propos des emplois non-cr\u00e9\u00e9s dans la fonction publique - Kapitalis","og_description":"Depuis 2011, le poids de la masse salariale de la fonction publique en Tunisie est point\u00e9 du doigt par les observateurs de l\u2019\u00e9conomie tunisienne (expert, bailleurs de fonds\u2026) comme un des plus \u00e9lev\u00e9s du monde.","og_url":"https:\/\/kapitalis.com\/tunisie\/2020\/02\/21\/tunisie-a-propos-des-emplois-non-crees-dans-la-fonction-publique\/","og_site_name":"Kapitalis","article_publisher":"https:\/\/www.facebook.com\/KapitalisInfo\/","article_published_time":"2020-02-21T11:54:30+00:00","article_modified_time":"2020-02-21T11:54:31+00:00","og_image":[{"url":"http:\/\/kapitalis.com\/tunisie\/wp-content\/uploads\/2016\/06\/Administration.jpg","type":"","width":"","height":""}],"author":"webmaster kapitalis","twitter_card":"summary_large_image","twitter_creator":"@KapitalisInfo","twitter_site":"@KapitalisInfo","twitter_misc":{"\u00c9crit par":"webmaster kapitalis","Dur\u00e9e de lecture estim\u00e9e":"2 minutes"},"schema":{"@context":"https:\/\/schema.org","@graph":[{"@type":"Article","@id":"https:\/\/kapitalis.com\/tunisie\/2020\/02\/21\/tunisie-a-propos-des-emplois-non-crees-dans-la-fonction-publique\/#article","isPartOf":{"@id":"https:\/\/kapitalis.com\/tunisie\/2020\/02\/21\/tunisie-a-propos-des-emplois-non-crees-dans-la-fonction-publique\/"},"author":{"name":"webmaster kapitalis","@id":"https:\/\/kapitalis.com\/tunisie\/#\/schema\/person\/d71f33a9ca44f7bad4698210b480c8e9"},"headline":"Tunisie : \u00e0 propos des emplois non-cr\u00e9\u00e9s dans la fonction publique","datePublished":"2020-02-21T11:54:30+00:00","dateModified":"2020-02-21T11:54:31+00:00","mainEntityOfPage":{"@id":"https:\/\/kapitalis.com\/tunisie\/2020\/02\/21\/tunisie-a-propos-des-emplois-non-crees-dans-la-fonction-publique\/"},"wordCount":329,"commentCount":0,"publisher":{"@id":"https:\/\/kapitalis.com\/tunisie\/#organization"},"image":{"@id":"https:\/\/kapitalis.com\/tunisie\/2020\/02\/21\/tunisie-a-propos-des-emplois-non-crees-dans-la-fonction-publique\/#primaryimage"},"thumbnailUrl":"http:\/\/kapitalis.com\/tunisie\/wp-content\/uploads\/2016\/06\/Administration.jpg","keywords":["emplois non-cr\u00e9\u00e9s","fonction publique","masse salariale","Mohamed Trabelsi","recrutements","UGTT","Walid Ben Salah","Youssef Chahed"],"articleSection":["ECONOMIE","Tunisie"],"inLanguage":"fr-FR","potentialAction":[{"@type":"CommentAction","name":"Comment","target":["https:\/\/kapitalis.com\/tunisie\/2020\/02\/21\/tunisie-a-propos-des-emplois-non-crees-dans-la-fonction-publique\/#respond"]}]},{"@type":"WebPage","@id":"https:\/\/kapitalis.com\/tunisie\/2020\/02\/21\/tunisie-a-propos-des-emplois-non-crees-dans-la-fonction-publique\/","url":"https:\/\/kapitalis.com\/tunisie\/2020\/02\/21\/tunisie-a-propos-des-emplois-non-crees-dans-la-fonction-publique\/","name":"Tunisie : \u00e0 propos des emplois non-cr\u00e9\u00e9s dans la fonction publique - Kapitalis","isPartOf":{"@id":"https:\/\/kapitalis.com\/tunisie\/#website"},"primaryImageOfPage":{"@id":"https:\/\/kapitalis.com\/tunisie\/2020\/02\/21\/tunisie-a-propos-des-emplois-non-crees-dans-la-fonction-publique\/#primaryimage"},"image":{"@id":"https:\/\/kapitalis.com\/tunisie\/2020\/02\/21\/tunisie-a-propos-des-emplois-non-crees-dans-la-fonction-publique\/#primaryimage"},"thumbnailUrl":"http:\/\/kapitalis.com\/tunisie\/wp-content\/uploads\/2016\/06\/Administration.jpg","datePublished":"2020-02-21T11:54:30+00:00","dateModified":"2020-02-21T11:54:31+00:00","breadcrumb":{"@id":"https:\/\/kapitalis.com\/tunisie\/2020\/02\/21\/tunisie-a-propos-des-emplois-non-crees-dans-la-fonction-publique\/#breadcrumb"},"inLanguage":"fr-FR","potentialAction":[{"@type":"ReadAction","target":["https:\/\/kapitalis.com\/tunisie\/2020\/02\/21\/tunisie-a-propos-des-emplois-non-crees-dans-la-fonction-publique\/"]}]},{"@type":"ImageObject","inLanguage":"fr-FR","@id":"https:\/\/kapitalis.com\/tunisie\/2020\/02\/21\/tunisie-a-propos-des-emplois-non-crees-dans-la-fonction-publique\/#primaryimage","url":"http:\/\/kapitalis.com\/tunisie\/wp-content\/uploads\/2016\/06\/Administration.jpg","contentUrl":"http:\/\/kapitalis.com\/tunisie\/wp-content\/uploads\/2016\/06\/Administration.jpg"},{"@type":"BreadcrumbList","@id":"https:\/\/kapitalis.com\/tunisie\/2020\/02\/21\/tunisie-a-propos-des-emplois-non-crees-dans-la-fonction-publique\/#breadcrumb","itemListElement":[{"@type":"ListItem","position":1,"name":"Accueil","item":"https:\/\/kapitalis.com\/tunisie\/"},{"@type":"ListItem","position":2,"name":"Tunisie : \u00e0 propos des emplois non-cr\u00e9\u00e9s dans la fonction publique"}]},{"@type":"WebSite","@id":"https:\/\/kapitalis.com\/tunisie\/#website","url":"https:\/\/kapitalis.com\/tunisie\/","name":"Kapitalis","description":"L&#039;actualit\u00e9 en Tunisie et dans le monde","publisher":{"@id":"https:\/\/kapitalis.com\/tunisie\/#organization"},"potentialAction":[{"@type":"SearchAction","target":{"@type":"EntryPoint","urlTemplate":"https:\/\/kapitalis.com\/tunisie\/?s={search_term_string}"},"query-input":{"@type":"PropertyValueSpecification","valueRequired":true,"valueName":"search_term_string"}}],"inLanguage":"fr-FR"},{"@type":"Organization","@id":"https:\/\/kapitalis.com\/tunisie\/#organization","name":"Kapitalis","url":"https:\/\/kapitalis.com\/tunisie\/","logo":{"@type":"ImageObject","inLanguage":"fr-FR","@id":"https:\/\/kapitalis.com\/tunisie\/#\/schema\/logo\/image\/","url":"https:\/\/kapitalis.com\/tunisie\/wp-content\/uploads\/2022\/05\/Kapitalis-big-size.png","contentUrl":"https:\/\/kapitalis.com\/tunisie\/wp-content\/uploads\/2022\/05\/Kapitalis-big-size.png","width":5000,"height":1500,"caption":"Kapitalis"},"image":{"@id":"https:\/\/kapitalis.com\/tunisie\/#\/schema\/logo\/image\/"},"sameAs":["https:\/\/www.facebook.com\/KapitalisInfo\/","https:\/\/x.com\/KapitalisInfo","https:\/\/www.youtube.com\/channel\/UC-yDYrHyfFBWWZaOw3FPg9Q"]},{"@type":"Person","@id":"https:\/\/kapitalis.com\/tunisie\/#\/schema\/person\/d71f33a9ca44f7bad4698210b480c8e9","name":"webmaster kapitalis","url":"https:\/\/kapitalis.com\/tunisie\/author\/webmaster-kapitalis\/"}]}},"_links":{"self":[{"href":"https:\/\/kapitalis.com\/tunisie\/wp-json\/wp\/v2\/posts\/282647","targetHints":{"allow":["GET"]}}],"collection":[{"href":"https:\/\/kapitalis.com\/tunisie\/wp-json\/wp\/v2\/posts"}],"about":[{"href":"https:\/\/kapitalis.com\/tunisie\/wp-json\/wp\/v2\/types\/post"}],"author":[{"embeddable":true,"href":"https:\/\/kapitalis.com\/tunisie\/wp-json\/wp\/v2\/users\/8"}],"replies":[{"embeddable":true,"href":"https:\/\/kapitalis.com\/tunisie\/wp-json\/wp\/v2\/comments?post=282647"}],"version-history":[{"count":0,"href":"https:\/\/kapitalis.com\/tunisie\/wp-json\/wp\/v2\/posts\/282647\/revisions"}],"wp:attachment":[{"href":"https:\/\/kapitalis.com\/tunisie\/wp-json\/wp\/v2\/media?parent=282647"}],"wp:term":[{"taxonomy":"category","embeddable":true,"href":"https:\/\/kapitalis.com\/tunisie\/wp-json\/wp\/v2\/categories?post=282647"},{"taxonomy":"post_tag","embeddable":true,"href":"https:\/\/kapitalis.com\/tunisie\/wp-json\/wp\/v2\/tags?post=282647"}],"curies":[{"name":"wp","href":"https:\/\/api.w.org\/{rel}","templated":true}]}}