{"id":282712,"date":"2020-02-21T17:50:20","date_gmt":"2020-02-21T16:50:20","guid":{"rendered":"http:\/\/kapitalis.com\/tunisie\/?p=282712"},"modified":"2020-02-21T17:50:23","modified_gmt":"2020-02-21T16:50:23","slug":"une-delegation-de-haut-niveau-de-la-kfw-visite-la-station-photovoltaique-tozeur-1-et-2","status":"publish","type":"post","link":"https:\/\/kapitalis.com\/tunisie\/2020\/02\/21\/une-delegation-de-haut-niveau-de-la-kfw-visite-la-station-photovoltaique-tozeur-1-et-2\/","title":{"rendered":"Une d\u00e9l\u00e9gation de haut niveau de la KfW visite la station photovolta\u00efque Tozeur 1 et 2"},"content":{"rendered":"\n<figure class=\"wp-block-image size-large\"><img decoding=\"async\" src=\"http:\/\/kapitalis.com\/tunisie\/wp-content\/uploads\/2020\/02\/KfW-Steg.jpg\" alt=\"\" class=\"wp-image-282731\"\/><\/figure>\n\n\n\n<p> <strong><em>Une d\u00e9l\u00e9gation de haut niveau de la Banque allemande de d\u00e9veloppement (KfW) a effectu\u00e9 le 8 f\u00e9vrier 2020 au site de la station photovolta\u00efque (PV) de Tozeur 1 et 2<\/em><\/strong>. <\/p>\n\n\n\n<!--more-->\n\n\n\n<p>C&rsquo;est ce qu&rsquo;a annonc\u00e9 la Soci\u00e9t\u00e9 tunisienne d&rsquo;\u00e9lectricit\u00e9 et de gaz (Steg) dans un communiqu\u00e9 publi\u00e9 ce vendredi 21 f\u00e9vrier 2020. <\/p>\n\n\n\n<p>La d\u00e9l\u00e9gation allemande \u00e9tait compos\u00e9e de G\u00fcnther Br\u00e4unig, pr\u00e9sident du groupe allemand KfW, de Joachim Nagel, membre de son conseil d&rsquo;administration, Andrea Hauser, directrice charg\u00e9e de l&rsquo;Afrique du Nord, en plus des 20 journalistes allemands de la presse \u00e9crite et parl\u00e9e. <\/p>\n\n\n\n<p>Du c\u00f4t\u00e9 de la Steg, la d\u00e9l\u00e9gation allemande a \u00e9t\u00e9 re\u00e7ue par N\u00e9jib Sayyari, directeur du d\u00e9partement central de l&rsquo;\u00e9quipement, et par Amal Qanoun, directrice du d\u00e9partement de la r\u00e9alisation des moyens de production d&rsquo;\u00e9lectricit\u00e9, qui \u00e9taient accompagn\u00e9s d&rsquo;autres cadres de la soci\u00e9t\u00e9. <\/p>\n\n\n\n<p>A cette occasion, N\u00e9jib Sayyari a pass\u00e9 en revue les relations de coop\u00e9ration entre la Steg et la KfW en mati\u00e8re de financement des \u00e9tudes et des projets li\u00e9s aux \u00e9nergies renouvelables, en particulier les stations de Tozeur 1 et 2.<\/p>\n\n\n\n<p>De son c\u00f4t\u00e9, le patron de KfW a fait part de sa volont\u00e9 de d\u00e9velopper et financer d&rsquo;autres projets dans les \u00e9nergies renouvelables, d&rsquo;autant plus que la Tunisie jouit d&rsquo;un \u00e9norme potentiel d&rsquo;\u00e9nergie solaire et \u00e9olienne. <\/p>\n\n\n\n<p>A la station de Tozeur 1, Abb\u00e8s Miladi, chef du projet, a pr\u00e9sent\u00e9 les diff\u00e9rentes \u00e9tapes de sa mise en \u0153uvre, et son importance \u00e9conomique, sociale et environnementale. <\/p>\n\n\n\n<p>D&rsquo;autre part, les journalistes allemands ont pos\u00e9 plusieurs questions principalement sur le projet et son impact \u00e9conomique et social sur Tozeur, ainsi que sur la strat\u00e9gie nationale de promotion des \u00e9nergies renouvelables et le renforcement du mix \u00e9nerg\u00e9tique dans la production de l&rsquo;\u00e9lectricit\u00e9.<\/p>\n\n\n\n<p>A cette occasion, la d\u00e9l\u00e9gation allemande a effectu\u00e9 une visite de terrain \u00e0 l&rsquo;int\u00e9rieur des stations Tozeur 1 et 2, et a suivi le d\u00e9roulement des travaux ainsi que la mani\u00e8re de produire, transf\u00e9rer et d\u00e9charger de l&rsquo;\u00e9nergie \u00e9lectrique \u00e0 travers le r\u00e9seau, tout en suivant en direct la production d&rsquo;\u00e9lectricit\u00e9 vers l&rsquo;un des onduleurs et vers les \u00e9quipements de connexion au r\u00e9seau, li\u00e9s \u00e0 Tozeur 1.<\/p>\n\n\n\n<p class=\"has-text-align-right\"><strong>A. M.<\/strong><\/p>\n","protected":false},"excerpt":{"rendered":"<p>Une d\u00e9l\u00e9gation de haut niveau de la Banque allemande de d\u00e9veloppement (KfW) a effectu\u00e9 le 8 f\u00e9vrier 2020 au site de la station photovolta\u00efque (PV) de Tozeur 1 et 2.<\/p>\n","protected":false},"author":22,"featured_media":282731,"comment_status":"open","ping_status":"open","sticky":false,"template":"","format":"standard","meta":{"footnotes":""},"categories":[995,2433],"tags":[75186,75183,75187,75184,75185,17872,75182,3763,75181],"class_list":["post-282712","post","type-post","status-publish","format-standard","has-post-thumbnail","hentry","category-economie","category-tunisie","tag-abbes-miladi","tag-amel-qanoun","tag-andrea-hauser","tag-gunther-braunig","tag-joachim-nagel","tag-kfw","tag-nejib-sayyari","tag-steg","tag-tozeur-1-et-2"],"yoast_head":"<!-- This site is optimized with the Yoast SEO plugin v26.6 - https:\/\/yoast.com\/wordpress\/plugins\/seo\/ -->\n<title>Une d\u00e9l\u00e9gation de haut niveau de la KfW visite la station photovolta\u00efque Tozeur 1 et 2 - Kapitalis<\/title>\n<meta name=\"robots\" content=\"index, follow, max-snippet:-1, max-image-preview:large, max-video-preview:-1\" \/>\n<link rel=\"canonical\" href=\"https:\/\/kapitalis.com\/tunisie\/2020\/02\/21\/une-delegation-de-haut-niveau-de-la-kfw-visite-la-station-photovoltaique-tozeur-1-et-2\/\" \/>\n<meta property=\"og:locale\" content=\"fr_FR\" \/>\n<meta property=\"og:type\" content=\"article\" \/>\n<meta property=\"og:title\" content=\"Une d\u00e9l\u00e9gation de haut niveau de la KfW visite la station photovolta\u00efque Tozeur 1 et 2 - Kapitalis\" \/>\n<meta property=\"og:description\" content=\"Une d\u00e9l\u00e9gation de haut niveau de la Banque allemande de d\u00e9veloppement (KfW) a effectu\u00e9 le 8 f\u00e9vrier 2020 au site de la station photovolta\u00efque (PV) de Tozeur 1 et 2.\" \/>\n<meta property=\"og:url\" content=\"https:\/\/kapitalis.com\/tunisie\/2020\/02\/21\/une-delegation-de-haut-niveau-de-la-kfw-visite-la-station-photovoltaique-tozeur-1-et-2\/\" \/>\n<meta property=\"og:site_name\" content=\"Kapitalis\" \/>\n<meta property=\"article:publisher\" content=\"https:\/\/www.facebook.com\/KapitalisInfo\/\" \/>\n<meta property=\"article:published_time\" content=\"2020-02-21T16:50:20+00:00\" \/>\n<meta property=\"article:modified_time\" content=\"2020-02-21T16:50:23+00:00\" \/>\n<meta property=\"og:image\" content=\"https:\/\/kapitalis.com\/tunisie\/wp-content\/uploads\/2022\/05\/kapitalis-logo-fb.png\" \/>\n\t<meta property=\"og:image:width\" content=\"1200\" \/>\n\t<meta property=\"og:image:height\" content=\"630\" \/>\n\t<meta property=\"og:image:type\" content=\"image\/png\" \/>\n<meta name=\"author\" content=\"Amina Mkada\" \/>\n<meta name=\"twitter:card\" content=\"summary_large_image\" \/>\n<meta name=\"twitter:creator\" content=\"@KapitalisInfo\" \/>\n<meta name=\"twitter:site\" content=\"@KapitalisInfo\" \/>\n<meta name=\"twitter:label1\" content=\"\u00c9crit par\" \/>\n\t<meta name=\"twitter:data1\" content=\"Amina Mkada\" \/>\n\t<meta name=\"twitter:label2\" content=\"Dur\u00e9e de lecture estim\u00e9e\" \/>\n\t<meta name=\"twitter:data2\" content=\"2 minutes\" \/>\n<script type=\"application\/ld+json\" class=\"yoast-schema-graph\">{\"@context\":\"https:\/\/schema.org\",\"@graph\":[{\"@type\":\"Article\",\"@id\":\"https:\/\/kapitalis.com\/tunisie\/2020\/02\/21\/une-delegation-de-haut-niveau-de-la-kfw-visite-la-station-photovoltaique-tozeur-1-et-2\/#article\",\"isPartOf\":{\"@id\":\"https:\/\/kapitalis.com\/tunisie\/2020\/02\/21\/une-delegation-de-haut-niveau-de-la-kfw-visite-la-station-photovoltaique-tozeur-1-et-2\/\"},\"author\":{\"name\":\"Amina Mkada\",\"@id\":\"https:\/\/kapitalis.com\/tunisie\/#\/schema\/person\/093913313d3017554cb3ad077fff3fbd\"},\"headline\":\"Une d\u00e9l\u00e9gation de haut niveau de la KfW visite la station photovolta\u00efque Tozeur 1 et 2\",\"datePublished\":\"2020-02-21T16:50:20+00:00\",\"dateModified\":\"2020-02-21T16:50:23+00:00\",\"mainEntityOfPage\":{\"@id\":\"https:\/\/kapitalis.com\/tunisie\/2020\/02\/21\/une-delegation-de-haut-niveau-de-la-kfw-visite-la-station-photovoltaique-tozeur-1-et-2\/\"},\"wordCount\":406,\"commentCount\":0,\"publisher\":{\"@id\":\"https:\/\/kapitalis.com\/tunisie\/#organization\"},\"image\":{\"@id\":\"https:\/\/kapitalis.com\/tunisie\/2020\/02\/21\/une-delegation-de-haut-niveau-de-la-kfw-visite-la-station-photovoltaique-tozeur-1-et-2\/#primaryimage\"},\"thumbnailUrl\":\"\",\"keywords\":[\"Abb\u00e8s Miladi\",\"Amel Qanoun\",\"Andrea Hauser\",\"G\u00fcnther Br\u00e4unig\",\"Joachim Nagel\",\"KfW\",\"Nejib Sayyari\",\"Steg\",\"Tozeur 1 et 2\"],\"articleSection\":[\"ECONOMIE\",\"Tunisie\"],\"inLanguage\":\"fr-FR\",\"potentialAction\":[{\"@type\":\"CommentAction\",\"name\":\"Comment\",\"target\":[\"https:\/\/kapitalis.com\/tunisie\/2020\/02\/21\/une-delegation-de-haut-niveau-de-la-kfw-visite-la-station-photovoltaique-tozeur-1-et-2\/#respond\"]}]},{\"@type\":\"WebPage\",\"@id\":\"https:\/\/kapitalis.com\/tunisie\/2020\/02\/21\/une-delegation-de-haut-niveau-de-la-kfw-visite-la-station-photovoltaique-tozeur-1-et-2\/\",\"url\":\"https:\/\/kapitalis.com\/tunisie\/2020\/02\/21\/une-delegation-de-haut-niveau-de-la-kfw-visite-la-station-photovoltaique-tozeur-1-et-2\/\",\"name\":\"Une d\u00e9l\u00e9gation de haut niveau de la KfW visite la station photovolta\u00efque Tozeur 1 et 2 - Kapitalis\",\"isPartOf\":{\"@id\":\"https:\/\/kapitalis.com\/tunisie\/#website\"},\"primaryImageOfPage\":{\"@id\":\"https:\/\/kapitalis.com\/tunisie\/2020\/02\/21\/une-delegation-de-haut-niveau-de-la-kfw-visite-la-station-photovoltaique-tozeur-1-et-2\/#primaryimage\"},\"image\":{\"@id\":\"https:\/\/kapitalis.com\/tunisie\/2020\/02\/21\/une-delegation-de-haut-niveau-de-la-kfw-visite-la-station-photovoltaique-tozeur-1-et-2\/#primaryimage\"},\"thumbnailUrl\":\"\",\"datePublished\":\"2020-02-21T16:50:20+00:00\",\"dateModified\":\"2020-02-21T16:50:23+00:00\",\"breadcrumb\":{\"@id\":\"https:\/\/kapitalis.com\/tunisie\/2020\/02\/21\/une-delegation-de-haut-niveau-de-la-kfw-visite-la-station-photovoltaique-tozeur-1-et-2\/#breadcrumb\"},\"inLanguage\":\"fr-FR\",\"potentialAction\":[{\"@type\":\"ReadAction\",\"target\":[\"https:\/\/kapitalis.com\/tunisie\/2020\/02\/21\/une-delegation-de-haut-niveau-de-la-kfw-visite-la-station-photovoltaique-tozeur-1-et-2\/\"]}]},{\"@type\":\"ImageObject\",\"inLanguage\":\"fr-FR\",\"@id\":\"https:\/\/kapitalis.com\/tunisie\/2020\/02\/21\/une-delegation-de-haut-niveau-de-la-kfw-visite-la-station-photovoltaique-tozeur-1-et-2\/#primaryimage\",\"url\":\"\",\"contentUrl\":\"\"},{\"@type\":\"BreadcrumbList\",\"@id\":\"https:\/\/kapitalis.com\/tunisie\/2020\/02\/21\/une-delegation-de-haut-niveau-de-la-kfw-visite-la-station-photovoltaique-tozeur-1-et-2\/#breadcrumb\",\"itemListElement\":[{\"@type\":\"ListItem\",\"position\":1,\"name\":\"Accueil\",\"item\":\"https:\/\/kapitalis.com\/tunisie\/\"},{\"@type\":\"ListItem\",\"position\":2,\"name\":\"Une d\u00e9l\u00e9gation de haut niveau de la KfW visite la station photovolta\u00efque Tozeur 1 et 2\"}]},{\"@type\":\"WebSite\",\"@id\":\"https:\/\/kapitalis.com\/tunisie\/#website\",\"url\":\"https:\/\/kapitalis.com\/tunisie\/\",\"name\":\"Kapitalis\",\"description\":\"L&#039;actualit\u00e9 en Tunisie et dans le monde\",\"publisher\":{\"@id\":\"https:\/\/kapitalis.com\/tunisie\/#organization\"},\"potentialAction\":[{\"@type\":\"SearchAction\",\"target\":{\"@type\":\"EntryPoint\",\"urlTemplate\":\"https:\/\/kapitalis.com\/tunisie\/?s={search_term_string}\"},\"query-input\":{\"@type\":\"PropertyValueSpecification\",\"valueRequired\":true,\"valueName\":\"search_term_string\"}}],\"inLanguage\":\"fr-FR\"},{\"@type\":\"Organization\",\"@id\":\"https:\/\/kapitalis.com\/tunisie\/#organization\",\"name\":\"Kapitalis\",\"url\":\"https:\/\/kapitalis.com\/tunisie\/\",\"logo\":{\"@type\":\"ImageObject\",\"inLanguage\":\"fr-FR\",\"@id\":\"https:\/\/kapitalis.com\/tunisie\/#\/schema\/logo\/image\/\",\"url\":\"https:\/\/kapitalis.com\/tunisie\/wp-content\/uploads\/2022\/05\/Kapitalis-big-size.png\",\"contentUrl\":\"https:\/\/kapitalis.com\/tunisie\/wp-content\/uploads\/2022\/05\/Kapitalis-big-size.png\",\"width\":5000,\"height\":1500,\"caption\":\"Kapitalis\"},\"image\":{\"@id\":\"https:\/\/kapitalis.com\/tunisie\/#\/schema\/logo\/image\/\"},\"sameAs\":[\"https:\/\/www.facebook.com\/KapitalisInfo\/\",\"https:\/\/x.com\/KapitalisInfo\",\"https:\/\/www.youtube.com\/channel\/UC-yDYrHyfFBWWZaOw3FPg9Q\"]},{\"@type\":\"Person\",\"@id\":\"https:\/\/kapitalis.com\/tunisie\/#\/schema\/person\/093913313d3017554cb3ad077fff3fbd\",\"name\":\"Amina Mkada\",\"url\":\"https:\/\/kapitalis.com\/tunisie\/author\/amina\/\"}]}<\/script>\n<!-- \/ Yoast SEO plugin. -->","yoast_head_json":{"title":"Une d\u00e9l\u00e9gation de haut niveau de la KfW visite la station photovolta\u00efque Tozeur 1 et 2 - Kapitalis","robots":{"index":"index","follow":"follow","max-snippet":"max-snippet:-1","max-image-preview":"max-image-preview:large","max-video-preview":"max-video-preview:-1"},"canonical":"https:\/\/kapitalis.com\/tunisie\/2020\/02\/21\/une-delegation-de-haut-niveau-de-la-kfw-visite-la-station-photovoltaique-tozeur-1-et-2\/","og_locale":"fr_FR","og_type":"article","og_title":"Une d\u00e9l\u00e9gation de haut niveau de la KfW visite la station photovolta\u00efque Tozeur 1 et 2 - Kapitalis","og_description":"Une d\u00e9l\u00e9gation de haut niveau de la Banque allemande de d\u00e9veloppement (KfW) a effectu\u00e9 le 8 f\u00e9vrier 2020 au site de la station photovolta\u00efque (PV) de Tozeur 1 et 2.","og_url":"https:\/\/kapitalis.com\/tunisie\/2020\/02\/21\/une-delegation-de-haut-niveau-de-la-kfw-visite-la-station-photovoltaique-tozeur-1-et-2\/","og_site_name":"Kapitalis","article_publisher":"https:\/\/www.facebook.com\/KapitalisInfo\/","article_published_time":"2020-02-21T16:50:20+00:00","article_modified_time":"2020-02-21T16:50:23+00:00","og_image":[{"width":1200,"height":630,"url":"https:\/\/kapitalis.com\/tunisie\/wp-content\/uploads\/2022\/05\/kapitalis-logo-fb.png","type":"image\/png"}],"author":"Amina Mkada","twitter_card":"summary_large_image","twitter_creator":"@KapitalisInfo","twitter_site":"@KapitalisInfo","twitter_misc":{"\u00c9crit par":"Amina Mkada","Dur\u00e9e de lecture estim\u00e9e":"2 minutes"},"schema":{"@context":"https:\/\/schema.org","@graph":[{"@type":"Article","@id":"https:\/\/kapitalis.com\/tunisie\/2020\/02\/21\/une-delegation-de-haut-niveau-de-la-kfw-visite-la-station-photovoltaique-tozeur-1-et-2\/#article","isPartOf":{"@id":"https:\/\/kapitalis.com\/tunisie\/2020\/02\/21\/une-delegation-de-haut-niveau-de-la-kfw-visite-la-station-photovoltaique-tozeur-1-et-2\/"},"author":{"name":"Amina Mkada","@id":"https:\/\/kapitalis.com\/tunisie\/#\/schema\/person\/093913313d3017554cb3ad077fff3fbd"},"headline":"Une d\u00e9l\u00e9gation de haut niveau de la KfW visite la station photovolta\u00efque Tozeur 1 et 2","datePublished":"2020-02-21T16:50:20+00:00","dateModified":"2020-02-21T16:50:23+00:00","mainEntityOfPage":{"@id":"https:\/\/kapitalis.com\/tunisie\/2020\/02\/21\/une-delegation-de-haut-niveau-de-la-kfw-visite-la-station-photovoltaique-tozeur-1-et-2\/"},"wordCount":406,"commentCount":0,"publisher":{"@id":"https:\/\/kapitalis.com\/tunisie\/#organization"},"image":{"@id":"https:\/\/kapitalis.com\/tunisie\/2020\/02\/21\/une-delegation-de-haut-niveau-de-la-kfw-visite-la-station-photovoltaique-tozeur-1-et-2\/#primaryimage"},"thumbnailUrl":"","keywords":["Abb\u00e8s Miladi","Amel Qanoun","Andrea Hauser","G\u00fcnther Br\u00e4unig","Joachim Nagel","KfW","Nejib Sayyari","Steg","Tozeur 1 et 2"],"articleSection":["ECONOMIE","Tunisie"],"inLanguage":"fr-FR","potentialAction":[{"@type":"CommentAction","name":"Comment","target":["https:\/\/kapitalis.com\/tunisie\/2020\/02\/21\/une-delegation-de-haut-niveau-de-la-kfw-visite-la-station-photovoltaique-tozeur-1-et-2\/#respond"]}]},{"@type":"WebPage","@id":"https:\/\/kapitalis.com\/tunisie\/2020\/02\/21\/une-delegation-de-haut-niveau-de-la-kfw-visite-la-station-photovoltaique-tozeur-1-et-2\/","url":"https:\/\/kapitalis.com\/tunisie\/2020\/02\/21\/une-delegation-de-haut-niveau-de-la-kfw-visite-la-station-photovoltaique-tozeur-1-et-2\/","name":"Une d\u00e9l\u00e9gation de haut niveau de la KfW visite la station photovolta\u00efque Tozeur 1 et 2 - Kapitalis","isPartOf":{"@id":"https:\/\/kapitalis.com\/tunisie\/#website"},"primaryImageOfPage":{"@id":"https:\/\/kapitalis.com\/tunisie\/2020\/02\/21\/une-delegation-de-haut-niveau-de-la-kfw-visite-la-station-photovoltaique-tozeur-1-et-2\/#primaryimage"},"image":{"@id":"https:\/\/kapitalis.com\/tunisie\/2020\/02\/21\/une-delegation-de-haut-niveau-de-la-kfw-visite-la-station-photovoltaique-tozeur-1-et-2\/#primaryimage"},"thumbnailUrl":"","datePublished":"2020-02-21T16:50:20+00:00","dateModified":"2020-02-21T16:50:23+00:00","breadcrumb":{"@id":"https:\/\/kapitalis.com\/tunisie\/2020\/02\/21\/une-delegation-de-haut-niveau-de-la-kfw-visite-la-station-photovoltaique-tozeur-1-et-2\/#breadcrumb"},"inLanguage":"fr-FR","potentialAction":[{"@type":"ReadAction","target":["https:\/\/kapitalis.com\/tunisie\/2020\/02\/21\/une-delegation-de-haut-niveau-de-la-kfw-visite-la-station-photovoltaique-tozeur-1-et-2\/"]}]},{"@type":"ImageObject","inLanguage":"fr-FR","@id":"https:\/\/kapitalis.com\/tunisie\/2020\/02\/21\/une-delegation-de-haut-niveau-de-la-kfw-visite-la-station-photovoltaique-tozeur-1-et-2\/#primaryimage","url":"","contentUrl":""},{"@type":"BreadcrumbList","@id":"https:\/\/kapitalis.com\/tunisie\/2020\/02\/21\/une-delegation-de-haut-niveau-de-la-kfw-visite-la-station-photovoltaique-tozeur-1-et-2\/#breadcrumb","itemListElement":[{"@type":"ListItem","position":1,"name":"Accueil","item":"https:\/\/kapitalis.com\/tunisie\/"},{"@type":"ListItem","position":2,"name":"Une d\u00e9l\u00e9gation de haut niveau de la KfW visite la station photovolta\u00efque Tozeur 1 et 2"}]},{"@type":"WebSite","@id":"https:\/\/kapitalis.com\/tunisie\/#website","url":"https:\/\/kapitalis.com\/tunisie\/","name":"Kapitalis","description":"L&#039;actualit\u00e9 en Tunisie et dans le monde","publisher":{"@id":"https:\/\/kapitalis.com\/tunisie\/#organization"},"potentialAction":[{"@type":"SearchAction","target":{"@type":"EntryPoint","urlTemplate":"https:\/\/kapitalis.com\/tunisie\/?s={search_term_string}"},"query-input":{"@type":"PropertyValueSpecification","valueRequired":true,"valueName":"search_term_string"}}],"inLanguage":"fr-FR"},{"@type":"Organization","@id":"https:\/\/kapitalis.com\/tunisie\/#organization","name":"Kapitalis","url":"https:\/\/kapitalis.com\/tunisie\/","logo":{"@type":"ImageObject","inLanguage":"fr-FR","@id":"https:\/\/kapitalis.com\/tunisie\/#\/schema\/logo\/image\/","url":"https:\/\/kapitalis.com\/tunisie\/wp-content\/uploads\/2022\/05\/Kapitalis-big-size.png","contentUrl":"https:\/\/kapitalis.com\/tunisie\/wp-content\/uploads\/2022\/05\/Kapitalis-big-size.png","width":5000,"height":1500,"caption":"Kapitalis"},"image":{"@id":"https:\/\/kapitalis.com\/tunisie\/#\/schema\/logo\/image\/"},"sameAs":["https:\/\/www.facebook.com\/KapitalisInfo\/","https:\/\/x.com\/KapitalisInfo","https:\/\/www.youtube.com\/channel\/UC-yDYrHyfFBWWZaOw3FPg9Q"]},{"@type":"Person","@id":"https:\/\/kapitalis.com\/tunisie\/#\/schema\/person\/093913313d3017554cb3ad077fff3fbd","name":"Amina Mkada","url":"https:\/\/kapitalis.com\/tunisie\/author\/amina\/"}]}},"_links":{"self":[{"href":"https:\/\/kapitalis.com\/tunisie\/wp-json\/wp\/v2\/posts\/282712","targetHints":{"allow":["GET"]}}],"collection":[{"href":"https:\/\/kapitalis.com\/tunisie\/wp-json\/wp\/v2\/posts"}],"about":[{"href":"https:\/\/kapitalis.com\/tunisie\/wp-json\/wp\/v2\/types\/post"}],"author":[{"embeddable":true,"href":"https:\/\/kapitalis.com\/tunisie\/wp-json\/wp\/v2\/users\/22"}],"replies":[{"embeddable":true,"href":"https:\/\/kapitalis.com\/tunisie\/wp-json\/wp\/v2\/comments?post=282712"}],"version-history":[{"count":0,"href":"https:\/\/kapitalis.com\/tunisie\/wp-json\/wp\/v2\/posts\/282712\/revisions"}],"wp:featuredmedia":[{"embeddable":true,"href":"https:\/\/kapitalis.com\/tunisie\/wp-json\/wp\/v2\/media\/282731"}],"wp:attachment":[{"href":"https:\/\/kapitalis.com\/tunisie\/wp-json\/wp\/v2\/media?parent=282712"}],"wp:term":[{"taxonomy":"category","embeddable":true,"href":"https:\/\/kapitalis.com\/tunisie\/wp-json\/wp\/v2\/categories?post=282712"},{"taxonomy":"post_tag","embeddable":true,"href":"https:\/\/kapitalis.com\/tunisie\/wp-json\/wp\/v2\/tags?post=282712"}],"curies":[{"name":"wp","href":"https:\/\/api.w.org\/{rel}","templated":true}]}}