{"id":2827690,"date":"2022-08-05T21:08:28","date_gmt":"2022-08-05T20:08:28","guid":{"rendered":"https:\/\/kapitalis.com\/tunisie\/?p=2827690"},"modified":"2022-08-05T21:13:07","modified_gmt":"2022-08-05T20:13:07","slug":"tunisie-mandat-de-depot-contre-lazhar-loungou-dans-laffaire-instalingo","status":"publish","type":"post","link":"https:\/\/kapitalis.com\/tunisie\/2022\/08\/05\/tunisie-mandat-de-depot-contre-lazhar-loungou-dans-laffaire-instalingo\/","title":{"rendered":"Tunisie : Mandat de d\u00e9p\u00f4t contre Lazhar Loungou dans l&rsquo;affaire Instalingo"},"content":{"rendered":"\n<p><em><strong>Arr\u00eat\u00e9 le 21 juillet en Alg\u00e9rie avant d&rsquo;\u00eatre remis aux autorit\u00e9s tunisiennes qui l&rsquo;ont plac\u00e9s en d\u00e9tention, l&rsquo;ancien directeur g\u00e9n\u00e9ral des services sp\u00e9ciaux Lazhar Loungou a fait l&rsquo;objet, ce vendredi 5 ao\u00fbt 2022, d&rsquo;un mandat de d\u00e9p\u00f4t dans le cadre de l&rsquo;affaire Instalingo.<\/strong><\/em><\/p>\n\n\n\n<!--more-->\n\n\n\n<p>C&rsquo;est ce qu&rsquo;a indiqu\u00e9 Mosa\u00efque FM, citant<em> \u00abdes sources bien inform\u00e9es\u00bb<\/em> et en pr\u00e9cisant que le mandat de d\u00e9p\u00f4t a \u00e9t\u00e9 \u00e9mis par le juge d\u2019instruction du Tribunal de premi\u00e8re instance de Sousse 2.<\/p>\n\n\n\n<p>Rappelons que le parquet avait ordonn\u00e9 le 20 juin dernier, l\u2019ouverture d\u2019une information judiciaire contre 28 personnes soup\u00e7onn\u00e9es d\u2019\u00eatre impliqu\u00e9es dans l&rsquo;affaire li\u00e9e \u00e0 cette soci\u00e9t\u00e9 dirig\u00e9e \u00e0 partir de la Turquie et implant\u00e9e \u00e0 Kal\u00e2a Kebira et qui est sp\u00e9cialis\u00e9e dans la cr\u00e9ation de contenu et la communication num\u00e9rique.<\/p>\n\n\n\n<p>Parmi les accus\u00e9s, on compte notamment Mohamed Ali Aroui, ancien porte-parole du minist\u00e8re de l\u2019int\u00e9rieur, qui a \u00e9galement occup\u00e9 le poste d&rsquo;attach\u00e9 s\u00e9curitaire aupr\u00e8s de l\u2019ambassade de Tunisie en Turquie, des hommes d\u2019affaires, des activistes ainsi que des blogueurs et administrateurs de pages Facebook,  vis\u00e9s par de graves chefs d\u2019accusations, notamment <em>\u00abcomplot form\u00e9 dans le but d\u2019attenter \u00e0 la s\u00fbret\u00e9 int\u00e9rieure de l\u2019\u00c9tat et de changer la forme du gouvernement, de remonter les gens les uns contre les autres et de provoquer le d\u00e9sordre\u00bb<\/em>.<\/p>\n\n\n\n<p class=\"has-text-align-right\"><strong>Y. N.<\/strong><\/p>\n\n\n\n<figure class=\"wp-block-embed is-type-wp-embed is-provider-kapitalis wp-block-embed-kapitalis\"><div class=\"wp-block-embed__wrapper\">\n<blockquote class=\"wp-embedded-content\" data-secret=\"UJRmrZLqcd\"><a href=\"https:\/\/kapitalis.com\/tunisie\/2022\/07\/28\/tunisie-prolongation-de-la-detention-de-lazhar-loungou\/\">Tunisie : Prolongation de la d\u00e9tention de Lazhar Loungou<\/a><\/blockquote><iframe loading=\"lazy\" class=\"wp-embedded-content\" sandbox=\"allow-scripts\" security=\"restricted\" style=\"position: absolute; clip: rect(1px, 1px, 1px, 1px);\" title=\"\u00ab\u00a0Tunisie : Prolongation de la d\u00e9tention de Lazhar Loungou\u00a0\u00bb &#8212; Kapitalis\" src=\"https:\/\/kapitalis.com\/tunisie\/2022\/07\/28\/tunisie-prolongation-de-la-detention-de-lazhar-loungou\/embed\/#?secret=SMdfEZvdYA#?secret=UJRmrZLqcd\" data-secret=\"UJRmrZLqcd\" width=\"600\" height=\"338\" frameborder=\"0\" marginwidth=\"0\" marginheight=\"0\" scrolling=\"no\"><\/iframe>\n<\/div><\/figure>\n\n\n\n<figure class=\"wp-block-embed is-type-wp-embed is-provider-kapitalis wp-block-embed-kapitalis\"><div class=\"wp-block-embed__wrapper\">\n<blockquote class=\"wp-embedded-content\" data-secret=\"HWj1ScWy0l\"><a href=\"https:\/\/kapitalis.com\/tunisie\/2022\/07\/21\/tunisie-arrestation-de-lazhar-loungou-en-algerie\/\">Tunisie : Arrestation de Lazhar Loungou en Alg\u00e9rie<\/a><\/blockquote><iframe loading=\"lazy\" class=\"wp-embedded-content\" sandbox=\"allow-scripts\" security=\"restricted\" style=\"position: absolute; clip: rect(1px, 1px, 1px, 1px);\" title=\"\u00ab\u00a0Tunisie : Arrestation de Lazhar Loungou en Alg\u00e9rie\u00a0\u00bb &#8212; Kapitalis\" src=\"https:\/\/kapitalis.com\/tunisie\/2022\/07\/21\/tunisie-arrestation-de-lazhar-loungou-en-algerie\/embed\/#?secret=LlNCgWdmFs#?secret=HWj1ScWy0l\" data-secret=\"HWj1ScWy0l\" width=\"600\" height=\"338\" frameborder=\"0\" marginwidth=\"0\" marginheight=\"0\" scrolling=\"no\"><\/iframe>\n<\/div><\/figure>\n","protected":false},"excerpt":{"rendered":"<p>Tunisie : Mandat de d\u00e9p\u00f4t contre Lazhar Loungou dans l&rsquo;affaire Instalingo<\/p>\n","protected":false},"author":6,"featured_media":2828986,"comment_status":"open","ping_status":"open","sticky":false,"template":"","format":"standard","meta":{"footnotes":""},"categories":[998,2433],"tags":[92841,89519,12310,83480,62643],"class_list":["post-2827690","post","type-post","status-publish","format-standard","has-post-thumbnail","hentry","category-societe","category-tunisie","tag-instalingo","tag-lazhar-loungou","tag-mandat-depot","tag-tribunal-sousse","tag-tunisie"],"yoast_head":"<!-- This site is optimized with the Yoast SEO plugin v26.6 - https:\/\/yoast.com\/wordpress\/plugins\/seo\/ -->\n<title>Tunisie : Mandat de d\u00e9p\u00f4t contre Lazhar Loungou dans l&#039;affaire Instalingo - Kapitalis<\/title>\n<meta name=\"description\" content=\"Arr\u00eat\u00e9 le 21 juillet en Alg\u00e9rie avant d&#039;\u00eatre remis aux autorit\u00e9s tunisiennes qui l&#039;ont plac\u00e9s en d\u00e9tention, l&#039;ancien directeur g\u00e9n\u00e9ral des services sp\u00e9ciaux Lazhar Loungou a fait l&#039;objet, ce vendredi 5 ao\u00fbt 2022, d&#039;un mandat de d\u00e9p\u00f4t dans le cadre de l&#039;affaire Instalingo.\" \/>\n<meta name=\"robots\" content=\"index, follow, max-snippet:-1, max-image-preview:large, max-video-preview:-1\" \/>\n<link rel=\"canonical\" href=\"https:\/\/kapitalis.com\/tunisie\/2022\/08\/05\/tunisie-mandat-de-depot-contre-lazhar-loungou-dans-laffaire-instalingo\/\" \/>\n<meta property=\"og:locale\" content=\"fr_FR\" \/>\n<meta property=\"og:type\" content=\"article\" \/>\n<meta property=\"og:title\" content=\"Tunisie : Mandat de d\u00e9p\u00f4t contre Lazhar Loungou dans l&#039;affaire Instalingo - Kapitalis\" \/>\n<meta property=\"og:description\" content=\"Arr\u00eat\u00e9 le 21 juillet en Alg\u00e9rie avant d&#039;\u00eatre remis aux autorit\u00e9s tunisiennes qui l&#039;ont plac\u00e9s en d\u00e9tention, l&#039;ancien directeur g\u00e9n\u00e9ral des services sp\u00e9ciaux Lazhar Loungou a fait l&#039;objet, ce vendredi 5 ao\u00fbt 2022, d&#039;un mandat de d\u00e9p\u00f4t dans le cadre de l&#039;affaire Instalingo.\" \/>\n<meta property=\"og:url\" content=\"https:\/\/kapitalis.com\/tunisie\/2022\/08\/05\/tunisie-mandat-de-depot-contre-lazhar-loungou-dans-laffaire-instalingo\/\" \/>\n<meta property=\"og:site_name\" content=\"Kapitalis\" \/>\n<meta property=\"article:publisher\" content=\"https:\/\/www.facebook.com\/KapitalisInfo\/\" \/>\n<meta property=\"article:published_time\" content=\"2022-08-05T20:08:28+00:00\" \/>\n<meta property=\"article:modified_time\" content=\"2022-08-05T20:13:07+00:00\" \/>\n<meta property=\"og:image\" content=\"https:\/\/kapitalis.com\/tunisie\/wp-content\/uploads\/2022\/08\/Lazhar-Loungou-depot.jpg\" \/>\n\t<meta property=\"og:image:width\" content=\"1200\" \/>\n\t<meta property=\"og:image:height\" content=\"630\" \/>\n\t<meta property=\"og:image:type\" content=\"image\/jpeg\" \/>\n<meta name=\"author\" content=\"Yusra NY\" \/>\n<meta name=\"twitter:card\" content=\"summary_large_image\" \/>\n<meta name=\"twitter:creator\" content=\"@KapitalisInfo\" \/>\n<meta name=\"twitter:site\" content=\"@KapitalisInfo\" \/>\n<meta name=\"twitter:label1\" content=\"\u00c9crit par\" \/>\n\t<meta name=\"twitter:data1\" content=\"Yusra NY\" \/>\n\t<meta name=\"twitter:label2\" content=\"Dur\u00e9e de lecture estim\u00e9e\" \/>\n\t<meta name=\"twitter:data2\" content=\"2 minutes\" \/>\n<script type=\"application\/ld+json\" class=\"yoast-schema-graph\">{\"@context\":\"https:\/\/schema.org\",\"@graph\":[{\"@type\":\"Article\",\"@id\":\"https:\/\/kapitalis.com\/tunisie\/2022\/08\/05\/tunisie-mandat-de-depot-contre-lazhar-loungou-dans-laffaire-instalingo\/#article\",\"isPartOf\":{\"@id\":\"https:\/\/kapitalis.com\/tunisie\/2022\/08\/05\/tunisie-mandat-de-depot-contre-lazhar-loungou-dans-laffaire-instalingo\/\"},\"author\":{\"name\":\"Yusra NY\",\"@id\":\"https:\/\/kapitalis.com\/tunisie\/#\/schema\/person\/74bbde0154d49d790a92aaeac5bc01d5\"},\"headline\":\"Tunisie : Mandat de d\u00e9p\u00f4t contre Lazhar Loungou dans l&rsquo;affaire Instalingo\",\"datePublished\":\"2022-08-05T20:08:28+00:00\",\"dateModified\":\"2022-08-05T20:13:07+00:00\",\"mainEntityOfPage\":{\"@id\":\"https:\/\/kapitalis.com\/tunisie\/2022\/08\/05\/tunisie-mandat-de-depot-contre-lazhar-loungou-dans-laffaire-instalingo\/\"},\"wordCount\":274,\"commentCount\":0,\"publisher\":{\"@id\":\"https:\/\/kapitalis.com\/tunisie\/#organization\"},\"image\":{\"@id\":\"https:\/\/kapitalis.com\/tunisie\/2022\/08\/05\/tunisie-mandat-de-depot-contre-lazhar-loungou-dans-laffaire-instalingo\/#primaryimage\"},\"thumbnailUrl\":\"https:\/\/kapitalis.com\/tunisie\/wp-content\/uploads\/2022\/08\/Lazhar-Loungou-depot.jpg\",\"keywords\":[\"Instalingo\",\"Lazhar Loungou\",\"mandat d\u00e9p\u00f4t\",\"tribunal Sousse\",\"Tunisie\"],\"articleSection\":[\"SOCIETE\",\"Tunisie\"],\"inLanguage\":\"fr-FR\",\"potentialAction\":[{\"@type\":\"CommentAction\",\"name\":\"Comment\",\"target\":[\"https:\/\/kapitalis.com\/tunisie\/2022\/08\/05\/tunisie-mandat-de-depot-contre-lazhar-loungou-dans-laffaire-instalingo\/#respond\"]}]},{\"@type\":\"WebPage\",\"@id\":\"https:\/\/kapitalis.com\/tunisie\/2022\/08\/05\/tunisie-mandat-de-depot-contre-lazhar-loungou-dans-laffaire-instalingo\/\",\"url\":\"https:\/\/kapitalis.com\/tunisie\/2022\/08\/05\/tunisie-mandat-de-depot-contre-lazhar-loungou-dans-laffaire-instalingo\/\",\"name\":\"Tunisie : Mandat de d\u00e9p\u00f4t contre Lazhar Loungou dans l'affaire Instalingo - Kapitalis\",\"isPartOf\":{\"@id\":\"https:\/\/kapitalis.com\/tunisie\/#website\"},\"primaryImageOfPage\":{\"@id\":\"https:\/\/kapitalis.com\/tunisie\/2022\/08\/05\/tunisie-mandat-de-depot-contre-lazhar-loungou-dans-laffaire-instalingo\/#primaryimage\"},\"image\":{\"@id\":\"https:\/\/kapitalis.com\/tunisie\/2022\/08\/05\/tunisie-mandat-de-depot-contre-lazhar-loungou-dans-laffaire-instalingo\/#primaryimage\"},\"thumbnailUrl\":\"https:\/\/kapitalis.com\/tunisie\/wp-content\/uploads\/2022\/08\/Lazhar-Loungou-depot.jpg\",\"datePublished\":\"2022-08-05T20:08:28+00:00\",\"dateModified\":\"2022-08-05T20:13:07+00:00\",\"description\":\"Arr\u00eat\u00e9 le 21 juillet en Alg\u00e9rie avant d'\u00eatre remis aux autorit\u00e9s tunisiennes qui l'ont plac\u00e9s en d\u00e9tention, l'ancien directeur g\u00e9n\u00e9ral des services sp\u00e9ciaux Lazhar Loungou a fait l'objet, ce vendredi 5 ao\u00fbt 2022, d'un mandat de d\u00e9p\u00f4t dans le cadre de l'affaire Instalingo.\",\"breadcrumb\":{\"@id\":\"https:\/\/kapitalis.com\/tunisie\/2022\/08\/05\/tunisie-mandat-de-depot-contre-lazhar-loungou-dans-laffaire-instalingo\/#breadcrumb\"},\"inLanguage\":\"fr-FR\",\"potentialAction\":[{\"@type\":\"ReadAction\",\"target\":[\"https:\/\/kapitalis.com\/tunisie\/2022\/08\/05\/tunisie-mandat-de-depot-contre-lazhar-loungou-dans-laffaire-instalingo\/\"]}]},{\"@type\":\"ImageObject\",\"inLanguage\":\"fr-FR\",\"@id\":\"https:\/\/kapitalis.com\/tunisie\/2022\/08\/05\/tunisie-mandat-de-depot-contre-lazhar-loungou-dans-laffaire-instalingo\/#primaryimage\",\"url\":\"https:\/\/kapitalis.com\/tunisie\/wp-content\/uploads\/2022\/08\/Lazhar-Loungou-depot.jpg\",\"contentUrl\":\"https:\/\/kapitalis.com\/tunisie\/wp-content\/uploads\/2022\/08\/Lazhar-Loungou-depot.jpg\",\"width\":1200,\"height\":630},{\"@type\":\"BreadcrumbList\",\"@id\":\"https:\/\/kapitalis.com\/tunisie\/2022\/08\/05\/tunisie-mandat-de-depot-contre-lazhar-loungou-dans-laffaire-instalingo\/#breadcrumb\",\"itemListElement\":[{\"@type\":\"ListItem\",\"position\":1,\"name\":\"Accueil\",\"item\":\"https:\/\/kapitalis.com\/tunisie\/\"},{\"@type\":\"ListItem\",\"position\":2,\"name\":\"Tunisie : Mandat de d\u00e9p\u00f4t contre Lazhar Loungou dans l&rsquo;affaire Instalingo\"}]},{\"@type\":\"WebSite\",\"@id\":\"https:\/\/kapitalis.com\/tunisie\/#website\",\"url\":\"https:\/\/kapitalis.com\/tunisie\/\",\"name\":\"Kapitalis\",\"description\":\"L&#039;actualit\u00e9 en Tunisie et dans le monde\",\"publisher\":{\"@id\":\"https:\/\/kapitalis.com\/tunisie\/#organization\"},\"potentialAction\":[{\"@type\":\"SearchAction\",\"target\":{\"@type\":\"EntryPoint\",\"urlTemplate\":\"https:\/\/kapitalis.com\/tunisie\/?s={search_term_string}\"},\"query-input\":{\"@type\":\"PropertyValueSpecification\",\"valueRequired\":true,\"valueName\":\"search_term_string\"}}],\"inLanguage\":\"fr-FR\"},{\"@type\":\"Organization\",\"@id\":\"https:\/\/kapitalis.com\/tunisie\/#organization\",\"name\":\"Kapitalis\",\"url\":\"https:\/\/kapitalis.com\/tunisie\/\",\"logo\":{\"@type\":\"ImageObject\",\"inLanguage\":\"fr-FR\",\"@id\":\"https:\/\/kapitalis.com\/tunisie\/#\/schema\/logo\/image\/\",\"url\":\"https:\/\/kapitalis.com\/tunisie\/wp-content\/uploads\/2022\/05\/Kapitalis-big-size.png\",\"contentUrl\":\"https:\/\/kapitalis.com\/tunisie\/wp-content\/uploads\/2022\/05\/Kapitalis-big-size.png\",\"width\":5000,\"height\":1500,\"caption\":\"Kapitalis\"},\"image\":{\"@id\":\"https:\/\/kapitalis.com\/tunisie\/#\/schema\/logo\/image\/\"},\"sameAs\":[\"https:\/\/www.facebook.com\/KapitalisInfo\/\",\"https:\/\/x.com\/KapitalisInfo\",\"https:\/\/www.youtube.com\/channel\/UC-yDYrHyfFBWWZaOw3FPg9Q\"]},{\"@type\":\"Person\",\"@id\":\"https:\/\/kapitalis.com\/tunisie\/#\/schema\/person\/74bbde0154d49d790a92aaeac5bc01d5\",\"name\":\"Yusra NY\",\"url\":\"https:\/\/kapitalis.com\/tunisie\/author\/yuza_adam\/\"}]}<\/script>\n<!-- \/ Yoast SEO plugin. -->","yoast_head_json":{"title":"Tunisie : Mandat de d\u00e9p\u00f4t contre Lazhar Loungou dans l'affaire Instalingo - Kapitalis","description":"Arr\u00eat\u00e9 le 21 juillet en Alg\u00e9rie avant d'\u00eatre remis aux autorit\u00e9s tunisiennes qui l'ont plac\u00e9s en d\u00e9tention, l'ancien directeur g\u00e9n\u00e9ral des services sp\u00e9ciaux Lazhar Loungou a fait l'objet, ce vendredi 5 ao\u00fbt 2022, d'un mandat de d\u00e9p\u00f4t dans le cadre de l'affaire Instalingo.","robots":{"index":"index","follow":"follow","max-snippet":"max-snippet:-1","max-image-preview":"max-image-preview:large","max-video-preview":"max-video-preview:-1"},"canonical":"https:\/\/kapitalis.com\/tunisie\/2022\/08\/05\/tunisie-mandat-de-depot-contre-lazhar-loungou-dans-laffaire-instalingo\/","og_locale":"fr_FR","og_type":"article","og_title":"Tunisie : Mandat de d\u00e9p\u00f4t contre Lazhar Loungou dans l'affaire Instalingo - Kapitalis","og_description":"Arr\u00eat\u00e9 le 21 juillet en Alg\u00e9rie avant d'\u00eatre remis aux autorit\u00e9s tunisiennes qui l'ont plac\u00e9s en d\u00e9tention, l'ancien directeur g\u00e9n\u00e9ral des services sp\u00e9ciaux Lazhar Loungou a fait l'objet, ce vendredi 5 ao\u00fbt 2022, d'un mandat de d\u00e9p\u00f4t dans le cadre de l'affaire Instalingo.","og_url":"https:\/\/kapitalis.com\/tunisie\/2022\/08\/05\/tunisie-mandat-de-depot-contre-lazhar-loungou-dans-laffaire-instalingo\/","og_site_name":"Kapitalis","article_publisher":"https:\/\/www.facebook.com\/KapitalisInfo\/","article_published_time":"2022-08-05T20:08:28+00:00","article_modified_time":"2022-08-05T20:13:07+00:00","og_image":[{"width":1200,"height":630,"url":"https:\/\/kapitalis.com\/tunisie\/wp-content\/uploads\/2022\/08\/Lazhar-Loungou-depot.jpg","type":"image\/jpeg"}],"author":"Yusra NY","twitter_card":"summary_large_image","twitter_creator":"@KapitalisInfo","twitter_site":"@KapitalisInfo","twitter_misc":{"\u00c9crit par":"Yusra NY","Dur\u00e9e de lecture estim\u00e9e":"2 minutes"},"schema":{"@context":"https:\/\/schema.org","@graph":[{"@type":"Article","@id":"https:\/\/kapitalis.com\/tunisie\/2022\/08\/05\/tunisie-mandat-de-depot-contre-lazhar-loungou-dans-laffaire-instalingo\/#article","isPartOf":{"@id":"https:\/\/kapitalis.com\/tunisie\/2022\/08\/05\/tunisie-mandat-de-depot-contre-lazhar-loungou-dans-laffaire-instalingo\/"},"author":{"name":"Yusra NY","@id":"https:\/\/kapitalis.com\/tunisie\/#\/schema\/person\/74bbde0154d49d790a92aaeac5bc01d5"},"headline":"Tunisie : Mandat de d\u00e9p\u00f4t contre Lazhar Loungou dans l&rsquo;affaire Instalingo","datePublished":"2022-08-05T20:08:28+00:00","dateModified":"2022-08-05T20:13:07+00:00","mainEntityOfPage":{"@id":"https:\/\/kapitalis.com\/tunisie\/2022\/08\/05\/tunisie-mandat-de-depot-contre-lazhar-loungou-dans-laffaire-instalingo\/"},"wordCount":274,"commentCount":0,"publisher":{"@id":"https:\/\/kapitalis.com\/tunisie\/#organization"},"image":{"@id":"https:\/\/kapitalis.com\/tunisie\/2022\/08\/05\/tunisie-mandat-de-depot-contre-lazhar-loungou-dans-laffaire-instalingo\/#primaryimage"},"thumbnailUrl":"https:\/\/kapitalis.com\/tunisie\/wp-content\/uploads\/2022\/08\/Lazhar-Loungou-depot.jpg","keywords":["Instalingo","Lazhar Loungou","mandat d\u00e9p\u00f4t","tribunal Sousse","Tunisie"],"articleSection":["SOCIETE","Tunisie"],"inLanguage":"fr-FR","potentialAction":[{"@type":"CommentAction","name":"Comment","target":["https:\/\/kapitalis.com\/tunisie\/2022\/08\/05\/tunisie-mandat-de-depot-contre-lazhar-loungou-dans-laffaire-instalingo\/#respond"]}]},{"@type":"WebPage","@id":"https:\/\/kapitalis.com\/tunisie\/2022\/08\/05\/tunisie-mandat-de-depot-contre-lazhar-loungou-dans-laffaire-instalingo\/","url":"https:\/\/kapitalis.com\/tunisie\/2022\/08\/05\/tunisie-mandat-de-depot-contre-lazhar-loungou-dans-laffaire-instalingo\/","name":"Tunisie : Mandat de d\u00e9p\u00f4t contre Lazhar Loungou dans l'affaire Instalingo - Kapitalis","isPartOf":{"@id":"https:\/\/kapitalis.com\/tunisie\/#website"},"primaryImageOfPage":{"@id":"https:\/\/kapitalis.com\/tunisie\/2022\/08\/05\/tunisie-mandat-de-depot-contre-lazhar-loungou-dans-laffaire-instalingo\/#primaryimage"},"image":{"@id":"https:\/\/kapitalis.com\/tunisie\/2022\/08\/05\/tunisie-mandat-de-depot-contre-lazhar-loungou-dans-laffaire-instalingo\/#primaryimage"},"thumbnailUrl":"https:\/\/kapitalis.com\/tunisie\/wp-content\/uploads\/2022\/08\/Lazhar-Loungou-depot.jpg","datePublished":"2022-08-05T20:08:28+00:00","dateModified":"2022-08-05T20:13:07+00:00","description":"Arr\u00eat\u00e9 le 21 juillet en Alg\u00e9rie avant d'\u00eatre remis aux autorit\u00e9s tunisiennes qui l'ont plac\u00e9s en d\u00e9tention, l'ancien directeur g\u00e9n\u00e9ral des services sp\u00e9ciaux Lazhar Loungou a fait l'objet, ce vendredi 5 ao\u00fbt 2022, d'un mandat de d\u00e9p\u00f4t dans le cadre de l'affaire Instalingo.","breadcrumb":{"@id":"https:\/\/kapitalis.com\/tunisie\/2022\/08\/05\/tunisie-mandat-de-depot-contre-lazhar-loungou-dans-laffaire-instalingo\/#breadcrumb"},"inLanguage":"fr-FR","potentialAction":[{"@type":"ReadAction","target":["https:\/\/kapitalis.com\/tunisie\/2022\/08\/05\/tunisie-mandat-de-depot-contre-lazhar-loungou-dans-laffaire-instalingo\/"]}]},{"@type":"ImageObject","inLanguage":"fr-FR","@id":"https:\/\/kapitalis.com\/tunisie\/2022\/08\/05\/tunisie-mandat-de-depot-contre-lazhar-loungou-dans-laffaire-instalingo\/#primaryimage","url":"https:\/\/kapitalis.com\/tunisie\/wp-content\/uploads\/2022\/08\/Lazhar-Loungou-depot.jpg","contentUrl":"https:\/\/kapitalis.com\/tunisie\/wp-content\/uploads\/2022\/08\/Lazhar-Loungou-depot.jpg","width":1200,"height":630},{"@type":"BreadcrumbList","@id":"https:\/\/kapitalis.com\/tunisie\/2022\/08\/05\/tunisie-mandat-de-depot-contre-lazhar-loungou-dans-laffaire-instalingo\/#breadcrumb","itemListElement":[{"@type":"ListItem","position":1,"name":"Accueil","item":"https:\/\/kapitalis.com\/tunisie\/"},{"@type":"ListItem","position":2,"name":"Tunisie : Mandat de d\u00e9p\u00f4t contre Lazhar Loungou dans l&rsquo;affaire Instalingo"}]},{"@type":"WebSite","@id":"https:\/\/kapitalis.com\/tunisie\/#website","url":"https:\/\/kapitalis.com\/tunisie\/","name":"Kapitalis","description":"L&#039;actualit\u00e9 en Tunisie et dans le monde","publisher":{"@id":"https:\/\/kapitalis.com\/tunisie\/#organization"},"potentialAction":[{"@type":"SearchAction","target":{"@type":"EntryPoint","urlTemplate":"https:\/\/kapitalis.com\/tunisie\/?s={search_term_string}"},"query-input":{"@type":"PropertyValueSpecification","valueRequired":true,"valueName":"search_term_string"}}],"inLanguage":"fr-FR"},{"@type":"Organization","@id":"https:\/\/kapitalis.com\/tunisie\/#organization","name":"Kapitalis","url":"https:\/\/kapitalis.com\/tunisie\/","logo":{"@type":"ImageObject","inLanguage":"fr-FR","@id":"https:\/\/kapitalis.com\/tunisie\/#\/schema\/logo\/image\/","url":"https:\/\/kapitalis.com\/tunisie\/wp-content\/uploads\/2022\/05\/Kapitalis-big-size.png","contentUrl":"https:\/\/kapitalis.com\/tunisie\/wp-content\/uploads\/2022\/05\/Kapitalis-big-size.png","width":5000,"height":1500,"caption":"Kapitalis"},"image":{"@id":"https:\/\/kapitalis.com\/tunisie\/#\/schema\/logo\/image\/"},"sameAs":["https:\/\/www.facebook.com\/KapitalisInfo\/","https:\/\/x.com\/KapitalisInfo","https:\/\/www.youtube.com\/channel\/UC-yDYrHyfFBWWZaOw3FPg9Q"]},{"@type":"Person","@id":"https:\/\/kapitalis.com\/tunisie\/#\/schema\/person\/74bbde0154d49d790a92aaeac5bc01d5","name":"Yusra NY","url":"https:\/\/kapitalis.com\/tunisie\/author\/yuza_adam\/"}]}},"_links":{"self":[{"href":"https:\/\/kapitalis.com\/tunisie\/wp-json\/wp\/v2\/posts\/2827690","targetHints":{"allow":["GET"]}}],"collection":[{"href":"https:\/\/kapitalis.com\/tunisie\/wp-json\/wp\/v2\/posts"}],"about":[{"href":"https:\/\/kapitalis.com\/tunisie\/wp-json\/wp\/v2\/types\/post"}],"author":[{"embeddable":true,"href":"https:\/\/kapitalis.com\/tunisie\/wp-json\/wp\/v2\/users\/6"}],"replies":[{"embeddable":true,"href":"https:\/\/kapitalis.com\/tunisie\/wp-json\/wp\/v2\/comments?post=2827690"}],"version-history":[{"count":0,"href":"https:\/\/kapitalis.com\/tunisie\/wp-json\/wp\/v2\/posts\/2827690\/revisions"}],"wp:featuredmedia":[{"embeddable":true,"href":"https:\/\/kapitalis.com\/tunisie\/wp-json\/wp\/v2\/media\/2828986"}],"wp:attachment":[{"href":"https:\/\/kapitalis.com\/tunisie\/wp-json\/wp\/v2\/media?parent=2827690"}],"wp:term":[{"taxonomy":"category","embeddable":true,"href":"https:\/\/kapitalis.com\/tunisie\/wp-json\/wp\/v2\/categories?post=2827690"},{"taxonomy":"post_tag","embeddable":true,"href":"https:\/\/kapitalis.com\/tunisie\/wp-json\/wp\/v2\/tags?post=2827690"}],"curies":[{"name":"wp","href":"https:\/\/api.w.org\/{rel}","templated":true}]}}