{"id":282829,"date":"2020-02-22T11:31:37","date_gmt":"2020-02-22T10:31:37","guid":{"rendered":"http:\/\/kapitalis.com\/tunisie\/?p=282829"},"modified":"2020-02-22T11:31:40","modified_gmt":"2020-02-22T10:31:40","slug":"le-prix-eureka-sera-remis-le-27-fevrier-2020-a-tunis","status":"publish","type":"post","link":"https:\/\/kapitalis.com\/tunisie\/2020\/02\/22\/le-prix-eureka-sera-remis-le-27-fevrier-2020-a-tunis\/","title":{"rendered":"Le Prix Eur\u00eaka sera remis le 27 f\u00e9vrier 2020 \u00e0 Tunis"},"content":{"rendered":"\n<figure class=\"wp-block-image size-large\"><img decoding=\"async\" src=\"http:\/\/kapitalis.com\/tunisie\/wp-content\/uploads\/2020\/02\/prix-Eur\u00eaka.jpg\" alt=\"\" class=\"wp-image-282847\"\/><\/figure>\n\n\n\n<p><strong><em>Le <a rel=\"noreferrer noopener\" aria-label=\"Prix Eur\u00eaka (s\u2019ouvre dans un nouvel onglet)\" href=\"https:\/\/www.facebook.com\/search\/top\/?q=c%C3%A9r%C3%A9monie%20de%20remise%20du%20prix%20eur%C3%AAka&amp;epa=SEARCH_BOX\" target=\"_blank\">Prix Eur\u00eaka<\/a> de promotion de l&rsquo;enseignement et de la vulgarisation scientifiques sera d\u00e9cern\u00e9 aux laur\u00e9ats, le 27 f\u00e9vrier 2020, \u00e0 la Cit\u00e9 des Sciences de Tunis.<\/em><\/strong><\/p>\n\n\n\n<!--more-->\n\n\n\n<p>La c\u00e9r\u00e9monie de remise du prix Eur\u00eaka est organis\u00e9e par le programme MED21, en partenariat avec la Cit\u00e9 des Sciences de Tunis (CST) et l\u2019Association des mus\u00e9es et centres pour le d\u00e9veloppement de la culture scientifique, technique et industrielle (AMCSTI, France). <\/p>\n\n\n\n<p>Ce prix r\u00e9compense des acteurs engag\u00e9s dans la promotion de l\u2019enseignement et de la vulgarisation scientifiques en M\u00e9diterran\u00e9e. <\/p>\n\n\n\n<p>Des laur\u00e9ats des 2 rives de la M\u00e9diterran\u00e9e ont \u00e9t\u00e9 s\u00e9lectionn\u00e9s : Pr. Jamal Mimouni, laur\u00e9at de la rive sud de la M\u00e9diterran\u00e9e, est physicien \u00e0 l\u2019Universit\u00e9 Mentouri, Constantine 1, en Alg\u00e9rie. Il est aussi pr\u00e9sident de l\u2019association d\u2019astronomie Sirius et pr\u00e9sident de la Soci\u00e9t\u00e9 africaine d\u2019astronomie.<\/p>\n\n\n\n<figure class=\"wp-block-gallery columns-2 is-cropped wp-block-gallery-1 is-layout-flex wp-block-gallery-is-layout-flex\"><ul class=\"blocks-gallery-grid\"><li class=\"blocks-gallery-item\"><figure><img decoding=\"async\" src=\"http:\/\/kapitalis.com\/tunisie\/wp-content\/uploads\/2020\/02\/Jamal-Mimouni-1.jpg\" alt=\"\" data-id=\"282863\" data-link=\"http:\/\/kapitalis.com\/tunisie\/?attachment_id=282863\" class=\"wp-image-282863\"\/><figcaption class=\"blocks-gallery-item__caption\"><em>Jamal Mimouni<\/em>.<\/figcaption><\/figure><\/li><li class=\"blocks-gallery-item\"><figure><img decoding=\"async\" src=\"http:\/\/kapitalis.com\/tunisie\/wp-content\/uploads\/2020\/02\/Fran\u00e7ois-Taddei.jpg\" alt=\"\" data-id=\"282864\" data-full-url=\"http:\/\/kapitalis.com\/tunisie\/wp-content\/uploads\/2020\/02\/Fran\u00e7ois-Taddei.jpg\" data-link=\"http:\/\/kapitalis.com\/tunisie\/?attachment_id=282864\" class=\"wp-image-282864\"\/><\/figure><\/li><\/ul><\/figure>\n\n\n\n<p>Le laur\u00e9at de la rive nord de la M\u00e9diterran\u00e9e est Pr. Fran\u00e7ois Taddel. Il est directeur de recherche \u00e0 l\u2019Institut national de la sant\u00e9 et de la recherche m\u00e9dicale, Inserm, en France, Chevalier de l\u2019ordre des palmes acad\u00e9miques et des arts et des lettres, et Docteur Honoris Causa de l\u2019Universit\u00e9 catholique de Louvain, en f\u00e9vrier 2020.  <\/p>\n\n\n\n<p class=\"has-text-align-right\"><strong>A. M.<\/strong><\/p>\n","protected":false},"excerpt":{"rendered":"<p>Le Prix Eur\u00eaka de promotion de l&rsquo;enseignement et de la vulgarisation scientifiques sera d\u00e9cern\u00e9 aux laur\u00e9ats, le 27 f\u00e9vrier 2020, \u00e0 la Cit\u00e9 des Sciences de Tunis.<\/p>\n","protected":false},"author":22,"featured_media":282847,"comment_status":"open","ping_status":"open","sticky":false,"template":"","format":"standard","meta":{"footnotes":""},"categories":[994,998,2433],"tags":[75243,30522,75246,75245,75242,75244],"class_list":["post-282829","post","type-post","status-publish","format-standard","has-post-thumbnail","hentry","category-culture","category-societe","category-tunisie","tag-amcsti","tag-cite-des-sciences-de-tunis","tag-pr-francois-taddel","tag-pr-jamal-mimouni","tag-prix-eureka","tag-programme-med21"],"yoast_head":"<!-- This site is optimized with the Yoast SEO plugin v26.6 - https:\/\/yoast.com\/wordpress\/plugins\/seo\/ -->\n<title>Le Prix Eur\u00eaka sera remis le 27 f\u00e9vrier 2020 \u00e0 Tunis - Kapitalis<\/title>\n<meta name=\"robots\" content=\"index, follow, max-snippet:-1, max-image-preview:large, max-video-preview:-1\" \/>\n<link rel=\"canonical\" href=\"https:\/\/kapitalis.com\/tunisie\/2020\/02\/22\/le-prix-eureka-sera-remis-le-27-fevrier-2020-a-tunis\/\" \/>\n<meta property=\"og:locale\" content=\"fr_FR\" \/>\n<meta property=\"og:type\" content=\"article\" \/>\n<meta property=\"og:title\" content=\"Le Prix Eur\u00eaka sera remis le 27 f\u00e9vrier 2020 \u00e0 Tunis - Kapitalis\" \/>\n<meta property=\"og:description\" content=\"Le Prix Eur\u00eaka de promotion de l&rsquo;enseignement et de la vulgarisation scientifiques sera d\u00e9cern\u00e9 aux laur\u00e9ats, le 27 f\u00e9vrier 2020, \u00e0 la Cit\u00e9 des Sciences de Tunis.\" \/>\n<meta property=\"og:url\" content=\"https:\/\/kapitalis.com\/tunisie\/2020\/02\/22\/le-prix-eureka-sera-remis-le-27-fevrier-2020-a-tunis\/\" \/>\n<meta property=\"og:site_name\" content=\"Kapitalis\" \/>\n<meta property=\"article:publisher\" content=\"https:\/\/www.facebook.com\/KapitalisInfo\/\" \/>\n<meta property=\"article:published_time\" content=\"2020-02-22T10:31:37+00:00\" \/>\n<meta property=\"article:modified_time\" content=\"2020-02-22T10:31:40+00:00\" \/>\n<meta property=\"og:image\" content=\"https:\/\/kapitalis.com\/tunisie\/wp-content\/uploads\/2022\/05\/kapitalis-logo-fb.png\" \/>\n\t<meta property=\"og:image:width\" content=\"1200\" \/>\n\t<meta property=\"og:image:height\" content=\"630\" \/>\n\t<meta property=\"og:image:type\" content=\"image\/png\" \/>\n<meta name=\"author\" content=\"Amina Mkada\" \/>\n<meta name=\"twitter:card\" content=\"summary_large_image\" \/>\n<meta name=\"twitter:creator\" content=\"@KapitalisInfo\" \/>\n<meta name=\"twitter:site\" content=\"@KapitalisInfo\" \/>\n<meta name=\"twitter:label1\" content=\"\u00c9crit par\" \/>\n\t<meta name=\"twitter:data1\" content=\"Amina Mkada\" \/>\n\t<meta name=\"twitter:label2\" content=\"Dur\u00e9e de lecture estim\u00e9e\" \/>\n\t<meta name=\"twitter:data2\" content=\"1 minute\" \/>\n<script type=\"application\/ld+json\" class=\"yoast-schema-graph\">{\"@context\":\"https:\/\/schema.org\",\"@graph\":[{\"@type\":\"Article\",\"@id\":\"https:\/\/kapitalis.com\/tunisie\/2020\/02\/22\/le-prix-eureka-sera-remis-le-27-fevrier-2020-a-tunis\/#article\",\"isPartOf\":{\"@id\":\"https:\/\/kapitalis.com\/tunisie\/2020\/02\/22\/le-prix-eureka-sera-remis-le-27-fevrier-2020-a-tunis\/\"},\"author\":{\"name\":\"Amina Mkada\",\"@id\":\"https:\/\/kapitalis.com\/tunisie\/#\/schema\/person\/093913313d3017554cb3ad077fff3fbd\"},\"headline\":\"Le Prix Eur\u00eaka sera remis le 27 f\u00e9vrier 2020 \u00e0 Tunis\",\"datePublished\":\"2020-02-22T10:31:37+00:00\",\"dateModified\":\"2020-02-22T10:31:40+00:00\",\"mainEntityOfPage\":{\"@id\":\"https:\/\/kapitalis.com\/tunisie\/2020\/02\/22\/le-prix-eureka-sera-remis-le-27-fevrier-2020-a-tunis\/\"},\"wordCount\":236,\"commentCount\":0,\"publisher\":{\"@id\":\"https:\/\/kapitalis.com\/tunisie\/#organization\"},\"image\":{\"@id\":\"https:\/\/kapitalis.com\/tunisie\/2020\/02\/22\/le-prix-eureka-sera-remis-le-27-fevrier-2020-a-tunis\/#primaryimage\"},\"thumbnailUrl\":\"\",\"keywords\":[\"AMCSTI\",\"Cit\u00e9 des sciences de Tunis\",\"Pr Fran\u00e7ois Taddel\",\"Pr Jamal Mimouni\",\"Prix Eur\u00eaka\",\"programme MED21\"],\"articleSection\":[\"CULTURE\",\"SOCIETE\",\"Tunisie\"],\"inLanguage\":\"fr-FR\",\"potentialAction\":[{\"@type\":\"CommentAction\",\"name\":\"Comment\",\"target\":[\"https:\/\/kapitalis.com\/tunisie\/2020\/02\/22\/le-prix-eureka-sera-remis-le-27-fevrier-2020-a-tunis\/#respond\"]}]},{\"@type\":\"WebPage\",\"@id\":\"https:\/\/kapitalis.com\/tunisie\/2020\/02\/22\/le-prix-eureka-sera-remis-le-27-fevrier-2020-a-tunis\/\",\"url\":\"https:\/\/kapitalis.com\/tunisie\/2020\/02\/22\/le-prix-eureka-sera-remis-le-27-fevrier-2020-a-tunis\/\",\"name\":\"Le Prix Eur\u00eaka sera remis le 27 f\u00e9vrier 2020 \u00e0 Tunis - Kapitalis\",\"isPartOf\":{\"@id\":\"https:\/\/kapitalis.com\/tunisie\/#website\"},\"primaryImageOfPage\":{\"@id\":\"https:\/\/kapitalis.com\/tunisie\/2020\/02\/22\/le-prix-eureka-sera-remis-le-27-fevrier-2020-a-tunis\/#primaryimage\"},\"image\":{\"@id\":\"https:\/\/kapitalis.com\/tunisie\/2020\/02\/22\/le-prix-eureka-sera-remis-le-27-fevrier-2020-a-tunis\/#primaryimage\"},\"thumbnailUrl\":\"\",\"datePublished\":\"2020-02-22T10:31:37+00:00\",\"dateModified\":\"2020-02-22T10:31:40+00:00\",\"breadcrumb\":{\"@id\":\"https:\/\/kapitalis.com\/tunisie\/2020\/02\/22\/le-prix-eureka-sera-remis-le-27-fevrier-2020-a-tunis\/#breadcrumb\"},\"inLanguage\":\"fr-FR\",\"potentialAction\":[{\"@type\":\"ReadAction\",\"target\":[\"https:\/\/kapitalis.com\/tunisie\/2020\/02\/22\/le-prix-eureka-sera-remis-le-27-fevrier-2020-a-tunis\/\"]}]},{\"@type\":\"ImageObject\",\"inLanguage\":\"fr-FR\",\"@id\":\"https:\/\/kapitalis.com\/tunisie\/2020\/02\/22\/le-prix-eureka-sera-remis-le-27-fevrier-2020-a-tunis\/#primaryimage\",\"url\":\"\",\"contentUrl\":\"\"},{\"@type\":\"BreadcrumbList\",\"@id\":\"https:\/\/kapitalis.com\/tunisie\/2020\/02\/22\/le-prix-eureka-sera-remis-le-27-fevrier-2020-a-tunis\/#breadcrumb\",\"itemListElement\":[{\"@type\":\"ListItem\",\"position\":1,\"name\":\"Accueil\",\"item\":\"https:\/\/kapitalis.com\/tunisie\/\"},{\"@type\":\"ListItem\",\"position\":2,\"name\":\"Le Prix Eur\u00eaka sera remis le 27 f\u00e9vrier 2020 \u00e0 Tunis\"}]},{\"@type\":\"WebSite\",\"@id\":\"https:\/\/kapitalis.com\/tunisie\/#website\",\"url\":\"https:\/\/kapitalis.com\/tunisie\/\",\"name\":\"Kapitalis\",\"description\":\"L&#039;actualit\u00e9 en Tunisie et dans le monde\",\"publisher\":{\"@id\":\"https:\/\/kapitalis.com\/tunisie\/#organization\"},\"potentialAction\":[{\"@type\":\"SearchAction\",\"target\":{\"@type\":\"EntryPoint\",\"urlTemplate\":\"https:\/\/kapitalis.com\/tunisie\/?s={search_term_string}\"},\"query-input\":{\"@type\":\"PropertyValueSpecification\",\"valueRequired\":true,\"valueName\":\"search_term_string\"}}],\"inLanguage\":\"fr-FR\"},{\"@type\":\"Organization\",\"@id\":\"https:\/\/kapitalis.com\/tunisie\/#organization\",\"name\":\"Kapitalis\",\"url\":\"https:\/\/kapitalis.com\/tunisie\/\",\"logo\":{\"@type\":\"ImageObject\",\"inLanguage\":\"fr-FR\",\"@id\":\"https:\/\/kapitalis.com\/tunisie\/#\/schema\/logo\/image\/\",\"url\":\"https:\/\/kapitalis.com\/tunisie\/wp-content\/uploads\/2022\/05\/Kapitalis-big-size.png\",\"contentUrl\":\"https:\/\/kapitalis.com\/tunisie\/wp-content\/uploads\/2022\/05\/Kapitalis-big-size.png\",\"width\":5000,\"height\":1500,\"caption\":\"Kapitalis\"},\"image\":{\"@id\":\"https:\/\/kapitalis.com\/tunisie\/#\/schema\/logo\/image\/\"},\"sameAs\":[\"https:\/\/www.facebook.com\/KapitalisInfo\/\",\"https:\/\/x.com\/KapitalisInfo\",\"https:\/\/www.youtube.com\/channel\/UC-yDYrHyfFBWWZaOw3FPg9Q\"]},{\"@type\":\"Person\",\"@id\":\"https:\/\/kapitalis.com\/tunisie\/#\/schema\/person\/093913313d3017554cb3ad077fff3fbd\",\"name\":\"Amina Mkada\",\"url\":\"https:\/\/kapitalis.com\/tunisie\/author\/amina\/\"}]}<\/script>\n<!-- \/ Yoast SEO plugin. -->","yoast_head_json":{"title":"Le Prix Eur\u00eaka sera remis le 27 f\u00e9vrier 2020 \u00e0 Tunis - Kapitalis","robots":{"index":"index","follow":"follow","max-snippet":"max-snippet:-1","max-image-preview":"max-image-preview:large","max-video-preview":"max-video-preview:-1"},"canonical":"https:\/\/kapitalis.com\/tunisie\/2020\/02\/22\/le-prix-eureka-sera-remis-le-27-fevrier-2020-a-tunis\/","og_locale":"fr_FR","og_type":"article","og_title":"Le Prix Eur\u00eaka sera remis le 27 f\u00e9vrier 2020 \u00e0 Tunis - Kapitalis","og_description":"Le Prix Eur\u00eaka de promotion de l&rsquo;enseignement et de la vulgarisation scientifiques sera d\u00e9cern\u00e9 aux laur\u00e9ats, le 27 f\u00e9vrier 2020, \u00e0 la Cit\u00e9 des Sciences de Tunis.","og_url":"https:\/\/kapitalis.com\/tunisie\/2020\/02\/22\/le-prix-eureka-sera-remis-le-27-fevrier-2020-a-tunis\/","og_site_name":"Kapitalis","article_publisher":"https:\/\/www.facebook.com\/KapitalisInfo\/","article_published_time":"2020-02-22T10:31:37+00:00","article_modified_time":"2020-02-22T10:31:40+00:00","og_image":[{"width":1200,"height":630,"url":"https:\/\/kapitalis.com\/tunisie\/wp-content\/uploads\/2022\/05\/kapitalis-logo-fb.png","type":"image\/png"}],"author":"Amina Mkada","twitter_card":"summary_large_image","twitter_creator":"@KapitalisInfo","twitter_site":"@KapitalisInfo","twitter_misc":{"\u00c9crit par":"Amina Mkada","Dur\u00e9e de lecture estim\u00e9e":"1 minute"},"schema":{"@context":"https:\/\/schema.org","@graph":[{"@type":"Article","@id":"https:\/\/kapitalis.com\/tunisie\/2020\/02\/22\/le-prix-eureka-sera-remis-le-27-fevrier-2020-a-tunis\/#article","isPartOf":{"@id":"https:\/\/kapitalis.com\/tunisie\/2020\/02\/22\/le-prix-eureka-sera-remis-le-27-fevrier-2020-a-tunis\/"},"author":{"name":"Amina Mkada","@id":"https:\/\/kapitalis.com\/tunisie\/#\/schema\/person\/093913313d3017554cb3ad077fff3fbd"},"headline":"Le Prix Eur\u00eaka sera remis le 27 f\u00e9vrier 2020 \u00e0 Tunis","datePublished":"2020-02-22T10:31:37+00:00","dateModified":"2020-02-22T10:31:40+00:00","mainEntityOfPage":{"@id":"https:\/\/kapitalis.com\/tunisie\/2020\/02\/22\/le-prix-eureka-sera-remis-le-27-fevrier-2020-a-tunis\/"},"wordCount":236,"commentCount":0,"publisher":{"@id":"https:\/\/kapitalis.com\/tunisie\/#organization"},"image":{"@id":"https:\/\/kapitalis.com\/tunisie\/2020\/02\/22\/le-prix-eureka-sera-remis-le-27-fevrier-2020-a-tunis\/#primaryimage"},"thumbnailUrl":"","keywords":["AMCSTI","Cit\u00e9 des sciences de Tunis","Pr Fran\u00e7ois Taddel","Pr Jamal Mimouni","Prix Eur\u00eaka","programme MED21"],"articleSection":["CULTURE","SOCIETE","Tunisie"],"inLanguage":"fr-FR","potentialAction":[{"@type":"CommentAction","name":"Comment","target":["https:\/\/kapitalis.com\/tunisie\/2020\/02\/22\/le-prix-eureka-sera-remis-le-27-fevrier-2020-a-tunis\/#respond"]}]},{"@type":"WebPage","@id":"https:\/\/kapitalis.com\/tunisie\/2020\/02\/22\/le-prix-eureka-sera-remis-le-27-fevrier-2020-a-tunis\/","url":"https:\/\/kapitalis.com\/tunisie\/2020\/02\/22\/le-prix-eureka-sera-remis-le-27-fevrier-2020-a-tunis\/","name":"Le Prix Eur\u00eaka sera remis le 27 f\u00e9vrier 2020 \u00e0 Tunis - Kapitalis","isPartOf":{"@id":"https:\/\/kapitalis.com\/tunisie\/#website"},"primaryImageOfPage":{"@id":"https:\/\/kapitalis.com\/tunisie\/2020\/02\/22\/le-prix-eureka-sera-remis-le-27-fevrier-2020-a-tunis\/#primaryimage"},"image":{"@id":"https:\/\/kapitalis.com\/tunisie\/2020\/02\/22\/le-prix-eureka-sera-remis-le-27-fevrier-2020-a-tunis\/#primaryimage"},"thumbnailUrl":"","datePublished":"2020-02-22T10:31:37+00:00","dateModified":"2020-02-22T10:31:40+00:00","breadcrumb":{"@id":"https:\/\/kapitalis.com\/tunisie\/2020\/02\/22\/le-prix-eureka-sera-remis-le-27-fevrier-2020-a-tunis\/#breadcrumb"},"inLanguage":"fr-FR","potentialAction":[{"@type":"ReadAction","target":["https:\/\/kapitalis.com\/tunisie\/2020\/02\/22\/le-prix-eureka-sera-remis-le-27-fevrier-2020-a-tunis\/"]}]},{"@type":"ImageObject","inLanguage":"fr-FR","@id":"https:\/\/kapitalis.com\/tunisie\/2020\/02\/22\/le-prix-eureka-sera-remis-le-27-fevrier-2020-a-tunis\/#primaryimage","url":"","contentUrl":""},{"@type":"BreadcrumbList","@id":"https:\/\/kapitalis.com\/tunisie\/2020\/02\/22\/le-prix-eureka-sera-remis-le-27-fevrier-2020-a-tunis\/#breadcrumb","itemListElement":[{"@type":"ListItem","position":1,"name":"Accueil","item":"https:\/\/kapitalis.com\/tunisie\/"},{"@type":"ListItem","position":2,"name":"Le Prix Eur\u00eaka sera remis le 27 f\u00e9vrier 2020 \u00e0 Tunis"}]},{"@type":"WebSite","@id":"https:\/\/kapitalis.com\/tunisie\/#website","url":"https:\/\/kapitalis.com\/tunisie\/","name":"Kapitalis","description":"L&#039;actualit\u00e9 en Tunisie et dans le monde","publisher":{"@id":"https:\/\/kapitalis.com\/tunisie\/#organization"},"potentialAction":[{"@type":"SearchAction","target":{"@type":"EntryPoint","urlTemplate":"https:\/\/kapitalis.com\/tunisie\/?s={search_term_string}"},"query-input":{"@type":"PropertyValueSpecification","valueRequired":true,"valueName":"search_term_string"}}],"inLanguage":"fr-FR"},{"@type":"Organization","@id":"https:\/\/kapitalis.com\/tunisie\/#organization","name":"Kapitalis","url":"https:\/\/kapitalis.com\/tunisie\/","logo":{"@type":"ImageObject","inLanguage":"fr-FR","@id":"https:\/\/kapitalis.com\/tunisie\/#\/schema\/logo\/image\/","url":"https:\/\/kapitalis.com\/tunisie\/wp-content\/uploads\/2022\/05\/Kapitalis-big-size.png","contentUrl":"https:\/\/kapitalis.com\/tunisie\/wp-content\/uploads\/2022\/05\/Kapitalis-big-size.png","width":5000,"height":1500,"caption":"Kapitalis"},"image":{"@id":"https:\/\/kapitalis.com\/tunisie\/#\/schema\/logo\/image\/"},"sameAs":["https:\/\/www.facebook.com\/KapitalisInfo\/","https:\/\/x.com\/KapitalisInfo","https:\/\/www.youtube.com\/channel\/UC-yDYrHyfFBWWZaOw3FPg9Q"]},{"@type":"Person","@id":"https:\/\/kapitalis.com\/tunisie\/#\/schema\/person\/093913313d3017554cb3ad077fff3fbd","name":"Amina Mkada","url":"https:\/\/kapitalis.com\/tunisie\/author\/amina\/"}]}},"_links":{"self":[{"href":"https:\/\/kapitalis.com\/tunisie\/wp-json\/wp\/v2\/posts\/282829","targetHints":{"allow":["GET"]}}],"collection":[{"href":"https:\/\/kapitalis.com\/tunisie\/wp-json\/wp\/v2\/posts"}],"about":[{"href":"https:\/\/kapitalis.com\/tunisie\/wp-json\/wp\/v2\/types\/post"}],"author":[{"embeddable":true,"href":"https:\/\/kapitalis.com\/tunisie\/wp-json\/wp\/v2\/users\/22"}],"replies":[{"embeddable":true,"href":"https:\/\/kapitalis.com\/tunisie\/wp-json\/wp\/v2\/comments?post=282829"}],"version-history":[{"count":0,"href":"https:\/\/kapitalis.com\/tunisie\/wp-json\/wp\/v2\/posts\/282829\/revisions"}],"wp:featuredmedia":[{"embeddable":true,"href":"https:\/\/kapitalis.com\/tunisie\/wp-json\/wp\/v2\/media\/282847"}],"wp:attachment":[{"href":"https:\/\/kapitalis.com\/tunisie\/wp-json\/wp\/v2\/media?parent=282829"}],"wp:term":[{"taxonomy":"category","embeddable":true,"href":"https:\/\/kapitalis.com\/tunisie\/wp-json\/wp\/v2\/categories?post=282829"},{"taxonomy":"post_tag","embeddable":true,"href":"https:\/\/kapitalis.com\/tunisie\/wp-json\/wp\/v2\/tags?post=282829"}],"curies":[{"name":"wp","href":"https:\/\/api.w.org\/{rel}","templated":true}]}}