{"id":28288,"date":"2015-12-02T09:17:23","date_gmt":"2015-12-02T08:17:23","guid":{"rendered":"http:\/\/kapitalis.com\/tunisie\/?p=28288"},"modified":"2015-12-02T09:17:23","modified_gmt":"2015-12-02T08:17:23","slug":"la-tunisie-cherche-un-chef-de-guerre-desesperement","status":"publish","type":"post","link":"https:\/\/kapitalis.com\/tunisie\/2015\/12\/02\/la-tunisie-cherche-un-chef-de-guerre-desesperement\/","title":{"rendered":"La Tunisie cherche un chef de guerre d\u00e9sesp\u00e9r\u00e9ment"},"content":{"rendered":"<p><img loading=\"lazy\" decoding=\"async\" class=\"alignnone size-full wp-image-17784 aligncenter\" src=\"http:\/\/kapitalis.com\/tunisie\/wp-content\/uploads\/2015\/10\/Caid-Essebsi-et-Habib-Essid.jpg\" alt=\"Caid-Essebsi-et-Habib-Essid\" width=\"626\" height=\"380\" \/><\/p>\n<p><em><strong>Dans sa guerre contre le terrorisme, la Tunisie a besoin\u00a0 d\u2019une autre politique, d\u2019un gouvernement de battants, de ministres d\u00e9termin\u00e9s et d\u2019un chef \u00e0 poigne.<\/strong><\/em><\/p>\n<p>Par <strong>Tarak Arfaoui<\/strong><\/p>\n<p><!--more--><\/p>\n<p>La situation s\u00e9curitaire critique\u00a0 de la Tunisie a besoin\u00a0 sans\u00a0 discussion d\u2019une prise en main urgente, vigoureuse et intransigeante au niveau du pouvoir pour s\u2019opposer d\u2019une mani\u00e8re radicale \u00e0 la gangr\u00e8ne extr\u00e9miste qui s\u2019incruste dans le pays. Les rem\u00e8des actuellement pr\u00e9conis\u00e9s par la pr\u00e9sidence de la r\u00e9publique et, surtout, par le gouvernement, venus trop tard apr\u00e8s une longue p\u00e9riode d\u2019errements, de tergiversation et de calculs politiques faits d\u2019opportunisme et d\u2019hypocrisie n\u2019auront aucune port\u00e9e tant que les donneurs d\u2019ordre naviguent \u00e0 vue avec h\u00e9sitation, mollesse et sans une r\u00e9elle\u00a0 d\u00e9termination.<\/p>\n<p><strong>Trop de politique tue la politique <\/strong><\/p>\n<p>Il est \u00e9vident que le pr\u00e9sident Ca\u00efd Essebsi n\u2019est en d\u00e9finitive pas un ca\u00efd. Fin politicien, sentimental et paternel, il n\u2019a pas la vocation de v\u00eatir le costume d\u2019un dictateur \u00e9clair\u00e9. Ses pr\u00e9rogatives limit\u00e9es, mais aussi son accointance malheureuse et inattendue avec\u00a0 les islamistes d\u2019Ennahdha ont plong\u00e9 le pays dans des eaux troubles o\u00f9 la navigation se fait \u00e0 vue.<\/p>\n<p>Vis-\u00e0-vis de ses \u00e9lecteurs M. Caid Essebsi est\u00a0 coupable de ne pas avoir honor\u00e9 ses promesses \u00e9lectorales. Il a peut \u00eatre agi \u00e0 contrecoeur dans ce qu\u2019il croit \u00eatre le\u00a0 bien de la Tunisie en associant les islamistes au pouvoir mais les \u00e9v\u00e9nements de tous les jours d\u00e9montrent qu\u2019il a fait malheureusement fausse route. La condescendance, le langage trop raisonnable, l\u2019indulgence excessive ne sont plus \u00e0 un certain moment des armes politiques. Trop de politique tue parfois la politique.<\/p>\n<p>Le pr\u00e9sident de la r\u00e9publique n\u2019est pas dupe; il savait tr\u00e8s bien qu\u2019il allait gouverner avec un parti qui est id\u00e9ologiquement aux antipodes de ses convictions, qu\u2019il aurait \u00e0 faire \u00e0 des opportunistes aptes \u00e0 toutes les manigances, \u00e0 des revanchards\u00a0 machiav\u00e9liques, \u00e0 des anciens militants qui n\u2019ont jamais renonc\u00e9\u00a0 ouvertement \u00e0 la violence. Croyant les amadouer en pratiquant la politique de la carotte mais sans le b\u00e2ton, il doit avoir la lucidit\u00e9 de se rendre compte qu\u2019il s\u2019est ouvertement mis dans une impasse, et qu\u2019il est de la plus\u00a0 grande urgence de changer de direction.<\/p>\n<p><strong>Lion rugissant ou matou docile<\/strong><\/p>\n<p>Le\u00a0 choix de M. Essid comme chef de gouvernement rentre dans la m\u00eame logique. Cens\u00e9\u00a0 \u00eatre le principal responsable des destin\u00e9es du pays, M. Essid, au lieu\u00a0 d\u2019\u00eatre un lion rugissant, s\u2019est r\u00e9v\u00e9l\u00e9 plut\u00f4t un matou docile et ronronnant depuis qu\u2019il a pris ses\u00a0 fonctions. Parachut\u00e9 \u00e0 un poste de tr\u00e8s haute responsabilit\u00e9, peut \u00eatre malgr\u00e9 lui, \u00e0 la suite d\u2019innombrables joutes politico-politiciennes, ce grand commis de l\u2019Etat s\u2019est trouv\u00e9\u00a0 dans l\u2019obligation de\u00a0 composer avec un panel gouvernemental h\u00e9t\u00e9roclite (Nidaa tounes, Ennahdha, Union patriotique libre, Afek Tounes, ind\u00e9pendants), qui lui a peut-\u00eatre \u00e9t\u00e9 impos\u00e9, o\u00f9 les ambitions personnelles des uns se disputent avec la suspicion des autres et o\u00f9 l\u2019incomp\u00e9tence le dispute \u00e0 la suffisance.<\/p>\n<p>Peut-on lutter contre\u00a0 le terrorisme quand les rouages de l\u2019Etat sont paralys\u00e9s par les\u00a0 accointances politiques, quand les minist\u00e8res cl\u00e9s sont infiltr\u00e9s par des responsables douteux nomm\u00e9s du temps de la Tro\u00efka par les islamistes; quand des terroristes impliqu\u00e9s jusqu\u2019au cou dans des actes criminels sont vite remis en libert\u00e9 par des magistrats partisans sinon couards; quand des purges annonc\u00e9es tant au minist\u00e8re de l\u2019Int\u00e9rieur qu\u2019\u00e0 celui des Affaires religieuses sont renvoy\u00e9es aux calendes grecques; quand des imams takfiristes infestent encore les mosqu\u00e9es; quand les\u00a0 contrebandiers se d\u00e9lectent dans un trafic florissant; quand une poign\u00e9e de criminels psychopathes d\u00e9fient\u00a0 encore et toujours l\u2019Etat tunisien dans les montagnes du centre du pays?<\/p>\n<p><strong>Un cirque\u00a0 politique<\/strong><\/p>\n<p>Le r\u00e9cent discours du chef du gouvernement \u00e0 l\u2019Assembl\u00e9e des repr\u00e9sentants du peuple (ARP) est \u00e0 la limite risible et caricatural du marasme actuel. Se r\u00e9veillant soudainement de sa torpeur, voila que M. Essid, apr\u00e8s plus d\u2019une centaines de martyrs, se r\u00e9sout \u00e0 d\u00e9clarer une \u00e9ni\u00e8me fois la guerre aux terroristes en promettant de remettre sur la table une loi antiterroriste qu\u2019il n\u2019a jamais appliqu\u00e9e auparavant et voil\u00e0 qu\u2019il assure qu\u2019il va appliquer, cette fois-ci, l\u2019\u00e9tat d\u2019urgence <em>\u00abbikolli hazm\u00bb<\/em> (sans dilettantisme, sic!), qu\u2019il va bloquer tous les sites jihadistes qui infestent Internet et qu\u2019il a de tout temps tol\u00e9r\u00e9s, qu\u2019il ne va plus accueillir avec bienveillance les assassins qui reviennent de Syrie mais\u00a0 les surveiller\u00a0 (re-sic !), qu\u2019il va enfin fermer pendant 15 jours les fronti\u00e8res poreuses avec la Libye, malgr\u00e9 sa fameuse barri\u00e8re protectrice, principal fournisseur d\u2019armes en tout genre aux terroristes tunisiens, voil\u00e0 qu\u2019il se vante d\u2019avoir arr\u00eat\u00e9 2700 terroristes depuis qu\u2019il est aux commandes tout en omettant de dire combien ont \u00e9t\u00e9 lib\u00e9r\u00e9s depuis\u00a0 et combien ont \u00e9t\u00e9 jug\u00e9s.<\/p>\n<p>Discours d\u00e9cevant d\u2019un chef qui r\u00e9sonne comme une\u00a0 fausse note d\u00e9bit\u00e9 d\u2019une voix\u00a0 h\u00e9sitante par un homme peu convainquant qui n\u2019arrive plus rassurer ses concitoyens.<\/p>\n<p>Le terrorisme a \u00e9t\u00e9 banalis\u00e9 et s\u2019est install\u00e9 dans notre vie quotidienne comme un fait divers. Bon nombre de Tunisiens n\u2019arrivent plus \u00e0 gober ces boniments, ce cirque\u00a0 politique, ces \u00e9ternels\u00a0 blablabla sur les plateaux de t\u00e9l\u00e9vision d\u2019une classe politique us\u00e9e qui n\u2019a plus aucun cr\u00e9dit, ces litanies creuses de <em>\u00abtarahom\u00bb<\/em> sur la m\u00e9moire des martyrs, ces appels \u00e0 l\u2019unit\u00e9 nationale avec un parti, en l\u2019occurrence Ennahdha, dont le pass\u00e9 violent est connu de tous.<\/p>\n<p>La Tunisie a besoin\u00a0 d\u2019une autre politique, d\u2019un gouvernement de battants, de ministres d\u00e9termin\u00e9s et d\u2019un chef \u00e0 poigne intransigeant. Tout le reste est du folklore national.<\/p>\n","protected":false},"excerpt":{"rendered":"<p>Dans sa guerre contre le terrorisme, la Tunisie a besoin\u00a0 d\u2019une autre politique, d\u2019un gouvernement de battants, de ministres d\u00e9termin\u00e9s et d\u2019un chef \u00e0 poigne. Par Tarak Arfaoui<\/p>\n","protected":false},"author":8,"featured_media":0,"comment_status":"open","ping_status":"open","sticky":false,"template":"","format":"standard","meta":{"footnotes":""},"categories":[992,1000,2433],"tags":[178,3592,345,2948,517],"class_list":["post-28288","post","type-post","status-publish","format-standard","hentry","category-a-la-une","category-tribune","category-tunisie","tag-caid-essebsi","tag-contrebandiers","tag-essid","tag-etat-durgence","tag-jihadistes"],"yoast_head":"<!-- This site is optimized with the Yoast SEO plugin v26.6 - https:\/\/yoast.com\/wordpress\/plugins\/seo\/ -->\n<title>La Tunisie cherche un chef de guerre d\u00e9sesp\u00e9r\u00e9ment - Kapitalis<\/title>\n<meta name=\"robots\" content=\"index, follow, max-snippet:-1, max-image-preview:large, max-video-preview:-1\" \/>\n<link rel=\"canonical\" href=\"https:\/\/kapitalis.com\/tunisie\/2015\/12\/02\/la-tunisie-cherche-un-chef-de-guerre-desesperement\/\" \/>\n<meta property=\"og:locale\" content=\"fr_FR\" \/>\n<meta property=\"og:type\" content=\"article\" \/>\n<meta property=\"og:title\" content=\"La Tunisie cherche un chef de guerre d\u00e9sesp\u00e9r\u00e9ment - Kapitalis\" \/>\n<meta property=\"og:description\" content=\"Dans sa guerre contre le terrorisme, la Tunisie a besoin\u00a0 d\u2019une autre politique, d\u2019un gouvernement de battants, de ministres d\u00e9termin\u00e9s et d\u2019un chef \u00e0 poigne. Par Tarak Arfaoui\" \/>\n<meta property=\"og:url\" content=\"https:\/\/kapitalis.com\/tunisie\/2015\/12\/02\/la-tunisie-cherche-un-chef-de-guerre-desesperement\/\" \/>\n<meta property=\"og:site_name\" content=\"Kapitalis\" \/>\n<meta property=\"article:publisher\" content=\"https:\/\/www.facebook.com\/KapitalisInfo\/\" \/>\n<meta property=\"article:published_time\" content=\"2015-12-02T08:17:23+00:00\" \/>\n<meta property=\"og:image\" content=\"http:\/\/kapitalis.com\/tunisie\/wp-content\/uploads\/2015\/10\/Caid-Essebsi-et-Habib-Essid.jpg\" \/>\n<meta name=\"author\" content=\"webmaster kapitalis\" \/>\n<meta name=\"twitter:card\" content=\"summary_large_image\" \/>\n<meta name=\"twitter:creator\" content=\"@KapitalisInfo\" \/>\n<meta name=\"twitter:site\" content=\"@KapitalisInfo\" \/>\n<meta name=\"twitter:label1\" content=\"\u00c9crit par\" \/>\n\t<meta name=\"twitter:data1\" content=\"webmaster kapitalis\" \/>\n\t<meta name=\"twitter:label2\" content=\"Dur\u00e9e de lecture estim\u00e9e\" \/>\n\t<meta name=\"twitter:data2\" content=\"5 minutes\" \/>\n<script type=\"application\/ld+json\" class=\"yoast-schema-graph\">{\"@context\":\"https:\/\/schema.org\",\"@graph\":[{\"@type\":\"Article\",\"@id\":\"https:\/\/kapitalis.com\/tunisie\/2015\/12\/02\/la-tunisie-cherche-un-chef-de-guerre-desesperement\/#article\",\"isPartOf\":{\"@id\":\"https:\/\/kapitalis.com\/tunisie\/2015\/12\/02\/la-tunisie-cherche-un-chef-de-guerre-desesperement\/\"},\"author\":{\"name\":\"webmaster kapitalis\",\"@id\":\"https:\/\/kapitalis.com\/tunisie\/#\/schema\/person\/d71f33a9ca44f7bad4698210b480c8e9\"},\"headline\":\"La Tunisie cherche un chef de guerre d\u00e9sesp\u00e9r\u00e9ment\",\"datePublished\":\"2015-12-02T08:17:23+00:00\",\"mainEntityOfPage\":{\"@id\":\"https:\/\/kapitalis.com\/tunisie\/2015\/12\/02\/la-tunisie-cherche-un-chef-de-guerre-desesperement\/\"},\"wordCount\":1031,\"commentCount\":0,\"publisher\":{\"@id\":\"https:\/\/kapitalis.com\/tunisie\/#organization\"},\"image\":{\"@id\":\"https:\/\/kapitalis.com\/tunisie\/2015\/12\/02\/la-tunisie-cherche-un-chef-de-guerre-desesperement\/#primaryimage\"},\"thumbnailUrl\":\"http:\/\/kapitalis.com\/tunisie\/wp-content\/uploads\/2015\/10\/Caid-Essebsi-et-Habib-Essid.jpg\",\"keywords\":[\"Ca\u00efd Essebsi\",\"contrebandiers\",\"Essid\",\"\u00e9tat d'urgence\",\"jihadistes\"],\"articleSection\":[\"A LA UNE\",\"TRIBUNE\",\"Tunisie\"],\"inLanguage\":\"fr-FR\",\"potentialAction\":[{\"@type\":\"CommentAction\",\"name\":\"Comment\",\"target\":[\"https:\/\/kapitalis.com\/tunisie\/2015\/12\/02\/la-tunisie-cherche-un-chef-de-guerre-desesperement\/#respond\"]}]},{\"@type\":\"WebPage\",\"@id\":\"https:\/\/kapitalis.com\/tunisie\/2015\/12\/02\/la-tunisie-cherche-un-chef-de-guerre-desesperement\/\",\"url\":\"https:\/\/kapitalis.com\/tunisie\/2015\/12\/02\/la-tunisie-cherche-un-chef-de-guerre-desesperement\/\",\"name\":\"La Tunisie cherche un chef de guerre d\u00e9sesp\u00e9r\u00e9ment - Kapitalis\",\"isPartOf\":{\"@id\":\"https:\/\/kapitalis.com\/tunisie\/#website\"},\"primaryImageOfPage\":{\"@id\":\"https:\/\/kapitalis.com\/tunisie\/2015\/12\/02\/la-tunisie-cherche-un-chef-de-guerre-desesperement\/#primaryimage\"},\"image\":{\"@id\":\"https:\/\/kapitalis.com\/tunisie\/2015\/12\/02\/la-tunisie-cherche-un-chef-de-guerre-desesperement\/#primaryimage\"},\"thumbnailUrl\":\"http:\/\/kapitalis.com\/tunisie\/wp-content\/uploads\/2015\/10\/Caid-Essebsi-et-Habib-Essid.jpg\",\"datePublished\":\"2015-12-02T08:17:23+00:00\",\"breadcrumb\":{\"@id\":\"https:\/\/kapitalis.com\/tunisie\/2015\/12\/02\/la-tunisie-cherche-un-chef-de-guerre-desesperement\/#breadcrumb\"},\"inLanguage\":\"fr-FR\",\"potentialAction\":[{\"@type\":\"ReadAction\",\"target\":[\"https:\/\/kapitalis.com\/tunisie\/2015\/12\/02\/la-tunisie-cherche-un-chef-de-guerre-desesperement\/\"]}]},{\"@type\":\"ImageObject\",\"inLanguage\":\"fr-FR\",\"@id\":\"https:\/\/kapitalis.com\/tunisie\/2015\/12\/02\/la-tunisie-cherche-un-chef-de-guerre-desesperement\/#primaryimage\",\"url\":\"http:\/\/kapitalis.com\/tunisie\/wp-content\/uploads\/2015\/10\/Caid-Essebsi-et-Habib-Essid.jpg\",\"contentUrl\":\"http:\/\/kapitalis.com\/tunisie\/wp-content\/uploads\/2015\/10\/Caid-Essebsi-et-Habib-Essid.jpg\"},{\"@type\":\"BreadcrumbList\",\"@id\":\"https:\/\/kapitalis.com\/tunisie\/2015\/12\/02\/la-tunisie-cherche-un-chef-de-guerre-desesperement\/#breadcrumb\",\"itemListElement\":[{\"@type\":\"ListItem\",\"position\":1,\"name\":\"Accueil\",\"item\":\"https:\/\/kapitalis.com\/tunisie\/\"},{\"@type\":\"ListItem\",\"position\":2,\"name\":\"La Tunisie cherche un chef de guerre d\u00e9sesp\u00e9r\u00e9ment\"}]},{\"@type\":\"WebSite\",\"@id\":\"https:\/\/kapitalis.com\/tunisie\/#website\",\"url\":\"https:\/\/kapitalis.com\/tunisie\/\",\"name\":\"Kapitalis\",\"description\":\"L&#039;actualit\u00e9 en Tunisie et dans le monde\",\"publisher\":{\"@id\":\"https:\/\/kapitalis.com\/tunisie\/#organization\"},\"potentialAction\":[{\"@type\":\"SearchAction\",\"target\":{\"@type\":\"EntryPoint\",\"urlTemplate\":\"https:\/\/kapitalis.com\/tunisie\/?s={search_term_string}\"},\"query-input\":{\"@type\":\"PropertyValueSpecification\",\"valueRequired\":true,\"valueName\":\"search_term_string\"}}],\"inLanguage\":\"fr-FR\"},{\"@type\":\"Organization\",\"@id\":\"https:\/\/kapitalis.com\/tunisie\/#organization\",\"name\":\"Kapitalis\",\"url\":\"https:\/\/kapitalis.com\/tunisie\/\",\"logo\":{\"@type\":\"ImageObject\",\"inLanguage\":\"fr-FR\",\"@id\":\"https:\/\/kapitalis.com\/tunisie\/#\/schema\/logo\/image\/\",\"url\":\"https:\/\/kapitalis.com\/tunisie\/wp-content\/uploads\/2022\/05\/Kapitalis-big-size.png\",\"contentUrl\":\"https:\/\/kapitalis.com\/tunisie\/wp-content\/uploads\/2022\/05\/Kapitalis-big-size.png\",\"width\":5000,\"height\":1500,\"caption\":\"Kapitalis\"},\"image\":{\"@id\":\"https:\/\/kapitalis.com\/tunisie\/#\/schema\/logo\/image\/\"},\"sameAs\":[\"https:\/\/www.facebook.com\/KapitalisInfo\/\",\"https:\/\/x.com\/KapitalisInfo\",\"https:\/\/www.youtube.com\/channel\/UC-yDYrHyfFBWWZaOw3FPg9Q\"]},{\"@type\":\"Person\",\"@id\":\"https:\/\/kapitalis.com\/tunisie\/#\/schema\/person\/d71f33a9ca44f7bad4698210b480c8e9\",\"name\":\"webmaster kapitalis\",\"url\":\"https:\/\/kapitalis.com\/tunisie\/author\/webmaster-kapitalis\/\"}]}<\/script>\n<!-- \/ Yoast SEO plugin. -->","yoast_head_json":{"title":"La Tunisie cherche un chef de guerre d\u00e9sesp\u00e9r\u00e9ment - Kapitalis","robots":{"index":"index","follow":"follow","max-snippet":"max-snippet:-1","max-image-preview":"max-image-preview:large","max-video-preview":"max-video-preview:-1"},"canonical":"https:\/\/kapitalis.com\/tunisie\/2015\/12\/02\/la-tunisie-cherche-un-chef-de-guerre-desesperement\/","og_locale":"fr_FR","og_type":"article","og_title":"La Tunisie cherche un chef de guerre d\u00e9sesp\u00e9r\u00e9ment - Kapitalis","og_description":"Dans sa guerre contre le terrorisme, la Tunisie a besoin\u00a0 d\u2019une autre politique, d\u2019un gouvernement de battants, de ministres d\u00e9termin\u00e9s et d\u2019un chef \u00e0 poigne. Par Tarak Arfaoui","og_url":"https:\/\/kapitalis.com\/tunisie\/2015\/12\/02\/la-tunisie-cherche-un-chef-de-guerre-desesperement\/","og_site_name":"Kapitalis","article_publisher":"https:\/\/www.facebook.com\/KapitalisInfo\/","article_published_time":"2015-12-02T08:17:23+00:00","og_image":[{"url":"http:\/\/kapitalis.com\/tunisie\/wp-content\/uploads\/2015\/10\/Caid-Essebsi-et-Habib-Essid.jpg","type":"","width":"","height":""}],"author":"webmaster kapitalis","twitter_card":"summary_large_image","twitter_creator":"@KapitalisInfo","twitter_site":"@KapitalisInfo","twitter_misc":{"\u00c9crit par":"webmaster kapitalis","Dur\u00e9e de lecture estim\u00e9e":"5 minutes"},"schema":{"@context":"https:\/\/schema.org","@graph":[{"@type":"Article","@id":"https:\/\/kapitalis.com\/tunisie\/2015\/12\/02\/la-tunisie-cherche-un-chef-de-guerre-desesperement\/#article","isPartOf":{"@id":"https:\/\/kapitalis.com\/tunisie\/2015\/12\/02\/la-tunisie-cherche-un-chef-de-guerre-desesperement\/"},"author":{"name":"webmaster kapitalis","@id":"https:\/\/kapitalis.com\/tunisie\/#\/schema\/person\/d71f33a9ca44f7bad4698210b480c8e9"},"headline":"La Tunisie cherche un chef de guerre d\u00e9sesp\u00e9r\u00e9ment","datePublished":"2015-12-02T08:17:23+00:00","mainEntityOfPage":{"@id":"https:\/\/kapitalis.com\/tunisie\/2015\/12\/02\/la-tunisie-cherche-un-chef-de-guerre-desesperement\/"},"wordCount":1031,"commentCount":0,"publisher":{"@id":"https:\/\/kapitalis.com\/tunisie\/#organization"},"image":{"@id":"https:\/\/kapitalis.com\/tunisie\/2015\/12\/02\/la-tunisie-cherche-un-chef-de-guerre-desesperement\/#primaryimage"},"thumbnailUrl":"http:\/\/kapitalis.com\/tunisie\/wp-content\/uploads\/2015\/10\/Caid-Essebsi-et-Habib-Essid.jpg","keywords":["Ca\u00efd Essebsi","contrebandiers","Essid","\u00e9tat d'urgence","jihadistes"],"articleSection":["A LA UNE","TRIBUNE","Tunisie"],"inLanguage":"fr-FR","potentialAction":[{"@type":"CommentAction","name":"Comment","target":["https:\/\/kapitalis.com\/tunisie\/2015\/12\/02\/la-tunisie-cherche-un-chef-de-guerre-desesperement\/#respond"]}]},{"@type":"WebPage","@id":"https:\/\/kapitalis.com\/tunisie\/2015\/12\/02\/la-tunisie-cherche-un-chef-de-guerre-desesperement\/","url":"https:\/\/kapitalis.com\/tunisie\/2015\/12\/02\/la-tunisie-cherche-un-chef-de-guerre-desesperement\/","name":"La Tunisie cherche un chef de guerre d\u00e9sesp\u00e9r\u00e9ment - Kapitalis","isPartOf":{"@id":"https:\/\/kapitalis.com\/tunisie\/#website"},"primaryImageOfPage":{"@id":"https:\/\/kapitalis.com\/tunisie\/2015\/12\/02\/la-tunisie-cherche-un-chef-de-guerre-desesperement\/#primaryimage"},"image":{"@id":"https:\/\/kapitalis.com\/tunisie\/2015\/12\/02\/la-tunisie-cherche-un-chef-de-guerre-desesperement\/#primaryimage"},"thumbnailUrl":"http:\/\/kapitalis.com\/tunisie\/wp-content\/uploads\/2015\/10\/Caid-Essebsi-et-Habib-Essid.jpg","datePublished":"2015-12-02T08:17:23+00:00","breadcrumb":{"@id":"https:\/\/kapitalis.com\/tunisie\/2015\/12\/02\/la-tunisie-cherche-un-chef-de-guerre-desesperement\/#breadcrumb"},"inLanguage":"fr-FR","potentialAction":[{"@type":"ReadAction","target":["https:\/\/kapitalis.com\/tunisie\/2015\/12\/02\/la-tunisie-cherche-un-chef-de-guerre-desesperement\/"]}]},{"@type":"ImageObject","inLanguage":"fr-FR","@id":"https:\/\/kapitalis.com\/tunisie\/2015\/12\/02\/la-tunisie-cherche-un-chef-de-guerre-desesperement\/#primaryimage","url":"http:\/\/kapitalis.com\/tunisie\/wp-content\/uploads\/2015\/10\/Caid-Essebsi-et-Habib-Essid.jpg","contentUrl":"http:\/\/kapitalis.com\/tunisie\/wp-content\/uploads\/2015\/10\/Caid-Essebsi-et-Habib-Essid.jpg"},{"@type":"BreadcrumbList","@id":"https:\/\/kapitalis.com\/tunisie\/2015\/12\/02\/la-tunisie-cherche-un-chef-de-guerre-desesperement\/#breadcrumb","itemListElement":[{"@type":"ListItem","position":1,"name":"Accueil","item":"https:\/\/kapitalis.com\/tunisie\/"},{"@type":"ListItem","position":2,"name":"La Tunisie cherche un chef de guerre d\u00e9sesp\u00e9r\u00e9ment"}]},{"@type":"WebSite","@id":"https:\/\/kapitalis.com\/tunisie\/#website","url":"https:\/\/kapitalis.com\/tunisie\/","name":"Kapitalis","description":"L&#039;actualit\u00e9 en Tunisie et dans le monde","publisher":{"@id":"https:\/\/kapitalis.com\/tunisie\/#organization"},"potentialAction":[{"@type":"SearchAction","target":{"@type":"EntryPoint","urlTemplate":"https:\/\/kapitalis.com\/tunisie\/?s={search_term_string}"},"query-input":{"@type":"PropertyValueSpecification","valueRequired":true,"valueName":"search_term_string"}}],"inLanguage":"fr-FR"},{"@type":"Organization","@id":"https:\/\/kapitalis.com\/tunisie\/#organization","name":"Kapitalis","url":"https:\/\/kapitalis.com\/tunisie\/","logo":{"@type":"ImageObject","inLanguage":"fr-FR","@id":"https:\/\/kapitalis.com\/tunisie\/#\/schema\/logo\/image\/","url":"https:\/\/kapitalis.com\/tunisie\/wp-content\/uploads\/2022\/05\/Kapitalis-big-size.png","contentUrl":"https:\/\/kapitalis.com\/tunisie\/wp-content\/uploads\/2022\/05\/Kapitalis-big-size.png","width":5000,"height":1500,"caption":"Kapitalis"},"image":{"@id":"https:\/\/kapitalis.com\/tunisie\/#\/schema\/logo\/image\/"},"sameAs":["https:\/\/www.facebook.com\/KapitalisInfo\/","https:\/\/x.com\/KapitalisInfo","https:\/\/www.youtube.com\/channel\/UC-yDYrHyfFBWWZaOw3FPg9Q"]},{"@type":"Person","@id":"https:\/\/kapitalis.com\/tunisie\/#\/schema\/person\/d71f33a9ca44f7bad4698210b480c8e9","name":"webmaster kapitalis","url":"https:\/\/kapitalis.com\/tunisie\/author\/webmaster-kapitalis\/"}]}},"_links":{"self":[{"href":"https:\/\/kapitalis.com\/tunisie\/wp-json\/wp\/v2\/posts\/28288","targetHints":{"allow":["GET"]}}],"collection":[{"href":"https:\/\/kapitalis.com\/tunisie\/wp-json\/wp\/v2\/posts"}],"about":[{"href":"https:\/\/kapitalis.com\/tunisie\/wp-json\/wp\/v2\/types\/post"}],"author":[{"embeddable":true,"href":"https:\/\/kapitalis.com\/tunisie\/wp-json\/wp\/v2\/users\/8"}],"replies":[{"embeddable":true,"href":"https:\/\/kapitalis.com\/tunisie\/wp-json\/wp\/v2\/comments?post=28288"}],"version-history":[{"count":0,"href":"https:\/\/kapitalis.com\/tunisie\/wp-json\/wp\/v2\/posts\/28288\/revisions"}],"wp:attachment":[{"href":"https:\/\/kapitalis.com\/tunisie\/wp-json\/wp\/v2\/media?parent=28288"}],"wp:term":[{"taxonomy":"category","embeddable":true,"href":"https:\/\/kapitalis.com\/tunisie\/wp-json\/wp\/v2\/categories?post=28288"},{"taxonomy":"post_tag","embeddable":true,"href":"https:\/\/kapitalis.com\/tunisie\/wp-json\/wp\/v2\/tags?post=28288"}],"curies":[{"name":"wp","href":"https:\/\/api.w.org\/{rel}","templated":true}]}}