{"id":282989,"date":"2020-02-23T09:08:56","date_gmt":"2020-02-23T08:08:56","guid":{"rendered":"http:\/\/kapitalis.com\/tunisie\/?p=282989"},"modified":"2020-02-23T09:08:58","modified_gmt":"2020-02-23T08:08:58","slug":"le-poeme-du-dimanche-epigramme-contre-staline-dossip-mandelstam","status":"publish","type":"post","link":"https:\/\/kapitalis.com\/tunisie\/2020\/02\/23\/le-poeme-du-dimanche-epigramme-contre-staline-dossip-mandelstam\/","title":{"rendered":"Le po\u00e8me du dimanche: \u2018\u2018\u00c9pigramme contre Staline\u2019\u2019 d\u2019Ossip Mandelstam"},"content":{"rendered":"\n<figure class=\"wp-block-image size-large\"><img decoding=\"async\" src=\"http:\/\/kapitalis.com\/tunisie\/wp-content\/uploads\/2020\/02\/Ossip-Mandelstam.jpg\" alt=\"\" class=\"wp-image-282990\"\/><\/figure>\n\n\n\n<p><strong><em> Le po\u00e8te russe Ossip Mandelstam est un po\u00e8te et essayiste russe, n\u00e9 \u00e0 Varsovie le 3 janvier 1891 et mort le 27 d\u00e9cembre 1938 \u00e0 Vladivostok. Son pr\u00e9sent po\u00e8me lui vaudra la d\u00e9portation, les travaux forc\u00e9s et la mort.<\/em><\/strong><\/p>\n\n\n\n<!--more-->\n\n\n\n<p> Son p\u00e8re est un commer\u00e7ant en maroquinerie et sa m\u00e8re enseigne le piano. \u00c0 Saint-P\u00e9tersbourg, il suit les cours de la prestigieuse \u00e9cole Tenishev (1900-1907), puis \u00e0 la Sorbonne \u00e0 Paris (1907-1908) et en Allemagne (1908-1910), o\u00f9 il \u00e9tudie la litt\u00e9rature fran\u00e7aise ancienne \u00e0 l\u2019Universit\u00e9 de Heidelberg (1909-1910). De 1911 \u00e0 1917, il \u00e9tudie la philosophie \u00e0 l\u2019Universit\u00e9 de Saint-P\u00e9tersbourg. Mandelstam est membre de la Guilde des po\u00e8tes \u00e0 partir de 1911. Ses premiers po\u00e8mes paraissent en 1910 dans la revue Apollon.<\/p>\n\n\n\n<p> Avec <a href=\"http:\/\/kapitalis.com\/tunisie\/2018\/12\/02\/le-poeme-du-dimanche-a-la-mort-danna-akhmatova\/\" target=\"_blank\" rel=\"noreferrer noopener\" aria-label=\"Anna Akhmatova (s\u2019ouvre dans un nouvel onglet)\">Anna Akhmatova<\/a> et Mikha\u00efl Kouzmine, il est l\u2019une des principales figures de l\u2019\u00e9cole acm\u00e9iste fond\u00e9e par Nikola\u00ef Goumilev \u2013 l\u2019\u00e9poux d&rsquo;Anna \u2013 et Sergue\u00ef Gorodetsky.<\/p>\n\n\n\n<p> Dans les ann\u00e9es 1920, Mandelstam pourvoit \u00e0 ses besoins en \u00e9crivant des livres pour enfants et en traduisant des \u0153uvres d\u2019Upton Sinclair, de Jules Romains, de Charles de Coster, entre autres. Il ne compose plus de po\u00e8mes de 1920 \u00e0 1925, et se tourne vers la prose.<\/p>\n\n\n\n<p> Quelques ann\u00e9es plus tard, alors qu\u2019il est de plus en plus suspect\u00e9 d\u2019<em>\u00abactivit\u00e9 contre-r\u00e9volutionnaire<\/em>\u00bb, il part en Arm\u00e9nie (<em>\u2018\u2018Voyage en Arm\u00e9nie\u2019\u2019<\/em>) et revient \u00e0 la po\u00e9sie apr\u00e8s un silence de cinq ans. Son recueil sur l\u2019Arm\u00e9nie est violemment critiqu\u00e9 par la <em>Pravda<\/em>.<\/p>\n\n\n\n<p> \u00c0 l\u2019automne 1933, il compose un bref po\u00e8me (une \u00e9pigramme) contre Staline, <em>\u2018\u2018Le Montagnard du Kremlin\u2019\u2019.<\/em> Mandelstam fut arr\u00eat\u00e9 pour la premi\u00e8re fois en 1934 pour ce po\u00e8me. Il fut exil\u00e9 \u00e0 Tcherdyne. Apr\u00e8s une tentative de suicide, la sentence fut commu\u00e9e en exil \u00e0 Voronej, jusqu\u2019en 1937. C\u2019est de cette p\u00e9riode que date des derniers vers \u00e9crits par Mandelstam et regroup\u00e9s sous le titre<em> \u2018\u2018Les cahiers de Voronej\u2019\u2019<\/em>.<\/p>\n\n\n\n<p> Apr\u00e8s trois ans d\u2019exil, Mandelstam est arr\u00eat\u00e9 pour activit\u00e9s contre-r\u00e9volutionnaires en mai 1938, et condamn\u00e9 \u00e0 5 ans de travaux forc\u00e9s.<\/p>\n\n\n\n<p> Apr\u00e8s avoir subi les pires humiliations, il meurt de faim et de froid, du c\u00f4t\u00e9 de Vladivostok pendant le voyage qui le conduit dans un camp de transit aux portes de la Kolyma, apr\u00e8s avoir subi de multiples privations. Son corps est jet\u00e9 dans une fosse commune.<\/p>\n\n\n\n<p> Cet immense po\u00e8te ne sera pleinement connu et enfin reconnu internationalement que dans les ann\u00e9es 1970, plus de trente ans apr\u00e8s sa mort.<\/p>\n\n\n\n<p> Dans un article du <em>Monde<\/em> intitul\u00e9<em> \u2018\u2018Nadejda Mandelstam, l\u2019autre confidente d\u2019Anna Akhmatova\u2019<\/em>\u2019, on peut lire: <em>\u00abLorsqu\u2019il meurt dans un camp, en 1938, le po\u00e8te russe Ossip Mandelstam laisse derri\u00e8re lui deux femmes dans la peine. L\u2019une est son \u00e9pouse, Nadejda Mandelstam (1899-1980), surtout connue en Occident pour ses M\u00e9moires,<\/em> \u2018\u2018Contre tout espoir\u2019\u2019<em> (Gallimard, 1972-1975) ; l\u2019autre est son amie, la po\u00e9tesse Anna Akhmatova (1889-1966) qui, depuis les ann\u00e9es 1910, partage avec lui une m\u00eame conception de l\u2019art. Li\u00e9es depuis leur premi\u00e8re rencontre, en 1924, les deux femmes vont se rapprocher encore dans le souvenir du pass\u00e9 commun \u2013<\/em> \u2018\u2018Vous \u00eates tout ce qui nous reste de Mandelstam\u2019\u2019<em>, d\u00e9clare Anna \u00e0 Nadejda. Ensemble, elles vont aussi affronter le quotidien tragique de leur \u00e9poque : censure, pers\u00e9cutions, trahisons, rel\u00e9gations, arrestations et ex\u00e9cutions des proches\u2026\u00bb<\/em><\/p>\n\n\n\n<p><em>Nous vivons sans sentir sous nos pieds le pays,<br> Nos paroles \u00e0 dix pas ne sont m\u00eame plus ou\u00efes,<br> Et l\u00e0 o\u00f9 s\u2019engage un d\u00e9but d\u2019entretien, \u2014<br> L\u00e0 on se rappelle le montagnard du Kremlin.<\/em><\/p>\n\n\n\n<p><em>Ses gros doigts sont gras comme des vers,<br> Ses mots comme des quintaux lourds sont pr\u00e9cis.<br> Ses moustaches narguent comme des cafards,<br> Et tout le haut de ses bottes luit.<\/em><\/p>\n\n\n\n<p><em>Une bande de chefs au cou gr\u00eale tourne autour de lui,<br> Et des services de ces ombres d\u2019humains, il se r\u00e9jouit.<br> L\u2019un siffle, l\u2019autre miaule, un autre g\u00e9mit,<br> Il n\u2019y a que lui qui d\u00e9signe et punit.<\/em><\/p>\n\n\n\n<p><em>Or, de d\u00e9cret en d\u00e9cret, comme des fers, il forge \u2014<br> \u00c0 qui au ventre, au front, \u00e0 qui \u00e0 l\u2019\u0153il, au sourcil.<br> Pour lui, ce qui n\u2019est pas une ex\u00e9cution, est une f\u00eate.<br> Ainsi comme elle est large la poitrine de l\u2019Oss\u00e8te.<\/em><\/p>\n\n\n\n<figure class=\"wp-block-embed-wordpress wp-block-embed is-type-wp-embed is-provider-kapitalis\"><div class=\"wp-block-embed__wrapper\">\n<blockquote class=\"wp-embedded-content\" data-secret=\"GT0aJCf5eP\"><a href=\"https:\/\/kapitalis.com\/tunisie\/2018\/12\/02\/le-poeme-du-dimanche-a-la-mort-danna-akhmatova\/\">Le po\u00e8me du dimanche: \u2018\u2018A la mort\u2019\u2019 d\u2019Anna Akhmatova<\/a><\/blockquote><iframe loading=\"lazy\" class=\"wp-embedded-content\" sandbox=\"allow-scripts\" security=\"restricted\" style=\"position: absolute; clip: rect(1px, 1px, 1px, 1px);\" title=\"\u00ab\u00a0Le po\u00e8me du dimanche: \u2018\u2018A la mort\u2019\u2019 d\u2019Anna Akhmatova\u00a0\u00bb &#8212; Kapitalis\" src=\"https:\/\/kapitalis.com\/tunisie\/2018\/12\/02\/le-poeme-du-dimanche-a-la-mort-danna-akhmatova\/embed\/#?secret=RgwjJGuYeQ#?secret=GT0aJCf5eP\" data-secret=\"GT0aJCf5eP\" width=\"600\" height=\"338\" frameborder=\"0\" marginwidth=\"0\" marginheight=\"0\" scrolling=\"no\"><\/iframe>\n<\/div><\/figure>\n\n\n\n<figure class=\"wp-block-embed-wordpress wp-block-embed is-type-wp-embed is-provider-kapitalis\"><div class=\"wp-block-embed__wrapper\">\n<blockquote class=\"wp-embedded-content\" data-secret=\"BKz5BRAkvQ\"><a href=\"https:\/\/kapitalis.com\/tunisie\/2020\/02\/16\/le-poeme-du-dimanche-incertitude-dadam-mickiewicz\/\">Le po\u00e8me du dimanche: \u2018\u2018Incertitude\u2019\u2019 d\u2019Adam Mickiewicz<\/a><\/blockquote><iframe loading=\"lazy\" class=\"wp-embedded-content\" sandbox=\"allow-scripts\" security=\"restricted\" style=\"position: absolute; clip: rect(1px, 1px, 1px, 1px);\" title=\"\u00ab\u00a0Le po\u00e8me du dimanche: \u2018\u2018Incertitude\u2019\u2019 d\u2019Adam Mickiewicz\u00a0\u00bb &#8212; Kapitalis\" src=\"https:\/\/kapitalis.com\/tunisie\/2020\/02\/16\/le-poeme-du-dimanche-incertitude-dadam-mickiewicz\/embed\/#?secret=hkKZfrnqKy#?secret=BKz5BRAkvQ\" data-secret=\"BKz5BRAkvQ\" width=\"600\" height=\"338\" frameborder=\"0\" marginwidth=\"0\" marginheight=\"0\" scrolling=\"no\"><\/iframe>\n<\/div><\/figure>\n\n\n\n<figure class=\"wp-block-embed-wordpress wp-block-embed is-type-wp-embed is-provider-kapitalis\"><div class=\"wp-block-embed__wrapper\">\n<blockquote class=\"wp-embedded-content\" data-secret=\"Ghjsf3ngcl\"><a href=\"https:\/\/kapitalis.com\/tunisie\/2020\/01\/05\/le-poeme-du-dimanche-sur-les-champs-de-koulikovo-dalexandre-blok\/\">Le po\u00e8me du dimanche: \u2018\u2018Sur les champs de Koulikovo\u2019\u2019 d\u2019Alexandre Blok<\/a><\/blockquote><iframe loading=\"lazy\" class=\"wp-embedded-content\" sandbox=\"allow-scripts\" security=\"restricted\" style=\"position: absolute; clip: rect(1px, 1px, 1px, 1px);\" title=\"\u00ab\u00a0Le po\u00e8me du dimanche: \u2018\u2018Sur les champs de Koulikovo\u2019\u2019 d\u2019Alexandre Blok\u00a0\u00bb &#8212; Kapitalis\" src=\"https:\/\/kapitalis.com\/tunisie\/2020\/01\/05\/le-poeme-du-dimanche-sur-les-champs-de-koulikovo-dalexandre-blok\/embed\/#?secret=BWgMC3WR46#?secret=Ghjsf3ngcl\" data-secret=\"Ghjsf3ngcl\" width=\"600\" height=\"338\" frameborder=\"0\" marginwidth=\"0\" marginheight=\"0\" scrolling=\"no\"><\/iframe>\n<\/div><\/figure>\n","protected":false},"excerpt":{"rendered":"<p>Le po\u00e8te russe Ossip Mandelstam est un po\u00e8te et essayiste russe, n\u00e9 \u00e0 Varsovie le 3 janvier 1891 et mort le 27 d\u00e9cembre 1938 \u00e0 Vladivostok. Son pr\u00e9sent po\u00e8me lui vaudra la d\u00e9portation, les travaux forc\u00e9s et la mort.<\/p>\n","protected":false},"author":8,"featured_media":282990,"comment_status":"open","ping_status":"open","sticky":false,"template":"","format":"standard","meta":{"footnotes":""},"categories":[992,994],"tags":[],"class_list":["post-282989","post","type-post","status-publish","format-standard","has-post-thumbnail","hentry","category-a-la-une","category-culture"],"yoast_head":"<!-- This site is optimized with the Yoast SEO plugin v26.6 - https:\/\/yoast.com\/wordpress\/plugins\/seo\/ -->\n<title>Le po\u00e8me du dimanche: \u2018\u2018\u00c9pigramme contre Staline\u2019\u2019 d\u2019Ossip Mandelstam - Kapitalis<\/title>\n<meta name=\"robots\" content=\"index, follow, max-snippet:-1, max-image-preview:large, max-video-preview:-1\" \/>\n<link rel=\"canonical\" href=\"https:\/\/kapitalis.com\/tunisie\/2020\/02\/23\/le-poeme-du-dimanche-epigramme-contre-staline-dossip-mandelstam\/\" \/>\n<meta property=\"og:locale\" content=\"fr_FR\" \/>\n<meta property=\"og:type\" content=\"article\" \/>\n<meta property=\"og:title\" content=\"Le po\u00e8me du dimanche: \u2018\u2018\u00c9pigramme contre Staline\u2019\u2019 d\u2019Ossip Mandelstam - Kapitalis\" \/>\n<meta property=\"og:description\" content=\"Le po\u00e8te russe Ossip Mandelstam est un po\u00e8te et essayiste russe, n\u00e9 \u00e0 Varsovie le 3 janvier 1891 et mort le 27 d\u00e9cembre 1938 \u00e0 Vladivostok. Son pr\u00e9sent po\u00e8me lui vaudra la d\u00e9portation, les travaux forc\u00e9s et la mort.\" \/>\n<meta property=\"og:url\" content=\"https:\/\/kapitalis.com\/tunisie\/2020\/02\/23\/le-poeme-du-dimanche-epigramme-contre-staline-dossip-mandelstam\/\" \/>\n<meta property=\"og:site_name\" content=\"Kapitalis\" \/>\n<meta property=\"article:publisher\" content=\"https:\/\/www.facebook.com\/KapitalisInfo\/\" \/>\n<meta property=\"article:published_time\" content=\"2020-02-23T08:08:56+00:00\" \/>\n<meta property=\"article:modified_time\" content=\"2020-02-23T08:08:58+00:00\" \/>\n<meta property=\"og:image\" content=\"https:\/\/kapitalis.com\/tunisie\/wp-content\/uploads\/2022\/05\/kapitalis-logo-fb.png\" \/>\n\t<meta property=\"og:image:width\" content=\"1200\" \/>\n\t<meta property=\"og:image:height\" content=\"630\" \/>\n\t<meta property=\"og:image:type\" content=\"image\/png\" \/>\n<meta name=\"author\" content=\"webmaster kapitalis\" \/>\n<meta name=\"twitter:card\" content=\"summary_large_image\" \/>\n<meta name=\"twitter:creator\" content=\"@KapitalisInfo\" \/>\n<meta name=\"twitter:site\" content=\"@KapitalisInfo\" \/>\n<meta name=\"twitter:label1\" content=\"\u00c9crit par\" \/>\n\t<meta name=\"twitter:data1\" content=\"webmaster kapitalis\" \/>\n\t<meta name=\"twitter:label2\" content=\"Dur\u00e9e de lecture estim\u00e9e\" \/>\n\t<meta name=\"twitter:data2\" content=\"4 minutes\" \/>\n<script type=\"application\/ld+json\" class=\"yoast-schema-graph\">{\"@context\":\"https:\/\/schema.org\",\"@graph\":[{\"@type\":\"Article\",\"@id\":\"https:\/\/kapitalis.com\/tunisie\/2020\/02\/23\/le-poeme-du-dimanche-epigramme-contre-staline-dossip-mandelstam\/#article\",\"isPartOf\":{\"@id\":\"https:\/\/kapitalis.com\/tunisie\/2020\/02\/23\/le-poeme-du-dimanche-epigramme-contre-staline-dossip-mandelstam\/\"},\"author\":{\"name\":\"webmaster kapitalis\",\"@id\":\"https:\/\/kapitalis.com\/tunisie\/#\/schema\/person\/d71f33a9ca44f7bad4698210b480c8e9\"},\"headline\":\"Le po\u00e8me du dimanche: \u2018\u2018\u00c9pigramme contre Staline\u2019\u2019 d\u2019Ossip Mandelstam\",\"datePublished\":\"2020-02-23T08:08:56+00:00\",\"dateModified\":\"2020-02-23T08:08:58+00:00\",\"mainEntityOfPage\":{\"@id\":\"https:\/\/kapitalis.com\/tunisie\/2020\/02\/23\/le-poeme-du-dimanche-epigramme-contre-staline-dossip-mandelstam\/\"},\"wordCount\":751,\"commentCount\":1,\"publisher\":{\"@id\":\"https:\/\/kapitalis.com\/tunisie\/#organization\"},\"image\":{\"@id\":\"https:\/\/kapitalis.com\/tunisie\/2020\/02\/23\/le-poeme-du-dimanche-epigramme-contre-staline-dossip-mandelstam\/#primaryimage\"},\"thumbnailUrl\":\"\",\"articleSection\":[\"A LA UNE\",\"CULTURE\"],\"inLanguage\":\"fr-FR\",\"potentialAction\":[{\"@type\":\"CommentAction\",\"name\":\"Comment\",\"target\":[\"https:\/\/kapitalis.com\/tunisie\/2020\/02\/23\/le-poeme-du-dimanche-epigramme-contre-staline-dossip-mandelstam\/#respond\"]}]},{\"@type\":\"WebPage\",\"@id\":\"https:\/\/kapitalis.com\/tunisie\/2020\/02\/23\/le-poeme-du-dimanche-epigramme-contre-staline-dossip-mandelstam\/\",\"url\":\"https:\/\/kapitalis.com\/tunisie\/2020\/02\/23\/le-poeme-du-dimanche-epigramme-contre-staline-dossip-mandelstam\/\",\"name\":\"Le po\u00e8me du dimanche: \u2018\u2018\u00c9pigramme contre Staline\u2019\u2019 d\u2019Ossip Mandelstam - Kapitalis\",\"isPartOf\":{\"@id\":\"https:\/\/kapitalis.com\/tunisie\/#website\"},\"primaryImageOfPage\":{\"@id\":\"https:\/\/kapitalis.com\/tunisie\/2020\/02\/23\/le-poeme-du-dimanche-epigramme-contre-staline-dossip-mandelstam\/#primaryimage\"},\"image\":{\"@id\":\"https:\/\/kapitalis.com\/tunisie\/2020\/02\/23\/le-poeme-du-dimanche-epigramme-contre-staline-dossip-mandelstam\/#primaryimage\"},\"thumbnailUrl\":\"\",\"datePublished\":\"2020-02-23T08:08:56+00:00\",\"dateModified\":\"2020-02-23T08:08:58+00:00\",\"breadcrumb\":{\"@id\":\"https:\/\/kapitalis.com\/tunisie\/2020\/02\/23\/le-poeme-du-dimanche-epigramme-contre-staline-dossip-mandelstam\/#breadcrumb\"},\"inLanguage\":\"fr-FR\",\"potentialAction\":[{\"@type\":\"ReadAction\",\"target\":[\"https:\/\/kapitalis.com\/tunisie\/2020\/02\/23\/le-poeme-du-dimanche-epigramme-contre-staline-dossip-mandelstam\/\"]}]},{\"@type\":\"ImageObject\",\"inLanguage\":\"fr-FR\",\"@id\":\"https:\/\/kapitalis.com\/tunisie\/2020\/02\/23\/le-poeme-du-dimanche-epigramme-contre-staline-dossip-mandelstam\/#primaryimage\",\"url\":\"\",\"contentUrl\":\"\"},{\"@type\":\"BreadcrumbList\",\"@id\":\"https:\/\/kapitalis.com\/tunisie\/2020\/02\/23\/le-poeme-du-dimanche-epigramme-contre-staline-dossip-mandelstam\/#breadcrumb\",\"itemListElement\":[{\"@type\":\"ListItem\",\"position\":1,\"name\":\"Accueil\",\"item\":\"https:\/\/kapitalis.com\/tunisie\/\"},{\"@type\":\"ListItem\",\"position\":2,\"name\":\"Le po\u00e8me du dimanche: \u2018\u2018\u00c9pigramme contre Staline\u2019\u2019 d\u2019Ossip Mandelstam\"}]},{\"@type\":\"WebSite\",\"@id\":\"https:\/\/kapitalis.com\/tunisie\/#website\",\"url\":\"https:\/\/kapitalis.com\/tunisie\/\",\"name\":\"Kapitalis\",\"description\":\"L&#039;actualit\u00e9 en Tunisie et dans le monde\",\"publisher\":{\"@id\":\"https:\/\/kapitalis.com\/tunisie\/#organization\"},\"potentialAction\":[{\"@type\":\"SearchAction\",\"target\":{\"@type\":\"EntryPoint\",\"urlTemplate\":\"https:\/\/kapitalis.com\/tunisie\/?s={search_term_string}\"},\"query-input\":{\"@type\":\"PropertyValueSpecification\",\"valueRequired\":true,\"valueName\":\"search_term_string\"}}],\"inLanguage\":\"fr-FR\"},{\"@type\":\"Organization\",\"@id\":\"https:\/\/kapitalis.com\/tunisie\/#organization\",\"name\":\"Kapitalis\",\"url\":\"https:\/\/kapitalis.com\/tunisie\/\",\"logo\":{\"@type\":\"ImageObject\",\"inLanguage\":\"fr-FR\",\"@id\":\"https:\/\/kapitalis.com\/tunisie\/#\/schema\/logo\/image\/\",\"url\":\"https:\/\/kapitalis.com\/tunisie\/wp-content\/uploads\/2022\/05\/Kapitalis-big-size.png\",\"contentUrl\":\"https:\/\/kapitalis.com\/tunisie\/wp-content\/uploads\/2022\/05\/Kapitalis-big-size.png\",\"width\":5000,\"height\":1500,\"caption\":\"Kapitalis\"},\"image\":{\"@id\":\"https:\/\/kapitalis.com\/tunisie\/#\/schema\/logo\/image\/\"},\"sameAs\":[\"https:\/\/www.facebook.com\/KapitalisInfo\/\",\"https:\/\/x.com\/KapitalisInfo\",\"https:\/\/www.youtube.com\/channel\/UC-yDYrHyfFBWWZaOw3FPg9Q\"]},{\"@type\":\"Person\",\"@id\":\"https:\/\/kapitalis.com\/tunisie\/#\/schema\/person\/d71f33a9ca44f7bad4698210b480c8e9\",\"name\":\"webmaster kapitalis\",\"url\":\"https:\/\/kapitalis.com\/tunisie\/author\/webmaster-kapitalis\/\"}]}<\/script>\n<!-- \/ Yoast SEO plugin. -->","yoast_head_json":{"title":"Le po\u00e8me du dimanche: \u2018\u2018\u00c9pigramme contre Staline\u2019\u2019 d\u2019Ossip Mandelstam - Kapitalis","robots":{"index":"index","follow":"follow","max-snippet":"max-snippet:-1","max-image-preview":"max-image-preview:large","max-video-preview":"max-video-preview:-1"},"canonical":"https:\/\/kapitalis.com\/tunisie\/2020\/02\/23\/le-poeme-du-dimanche-epigramme-contre-staline-dossip-mandelstam\/","og_locale":"fr_FR","og_type":"article","og_title":"Le po\u00e8me du dimanche: \u2018\u2018\u00c9pigramme contre Staline\u2019\u2019 d\u2019Ossip Mandelstam - Kapitalis","og_description":"Le po\u00e8te russe Ossip Mandelstam est un po\u00e8te et essayiste russe, n\u00e9 \u00e0 Varsovie le 3 janvier 1891 et mort le 27 d\u00e9cembre 1938 \u00e0 Vladivostok. Son pr\u00e9sent po\u00e8me lui vaudra la d\u00e9portation, les travaux forc\u00e9s et la mort.","og_url":"https:\/\/kapitalis.com\/tunisie\/2020\/02\/23\/le-poeme-du-dimanche-epigramme-contre-staline-dossip-mandelstam\/","og_site_name":"Kapitalis","article_publisher":"https:\/\/www.facebook.com\/KapitalisInfo\/","article_published_time":"2020-02-23T08:08:56+00:00","article_modified_time":"2020-02-23T08:08:58+00:00","og_image":[{"width":1200,"height":630,"url":"https:\/\/kapitalis.com\/tunisie\/wp-content\/uploads\/2022\/05\/kapitalis-logo-fb.png","type":"image\/png"}],"author":"webmaster kapitalis","twitter_card":"summary_large_image","twitter_creator":"@KapitalisInfo","twitter_site":"@KapitalisInfo","twitter_misc":{"\u00c9crit par":"webmaster kapitalis","Dur\u00e9e de lecture estim\u00e9e":"4 minutes"},"schema":{"@context":"https:\/\/schema.org","@graph":[{"@type":"Article","@id":"https:\/\/kapitalis.com\/tunisie\/2020\/02\/23\/le-poeme-du-dimanche-epigramme-contre-staline-dossip-mandelstam\/#article","isPartOf":{"@id":"https:\/\/kapitalis.com\/tunisie\/2020\/02\/23\/le-poeme-du-dimanche-epigramme-contre-staline-dossip-mandelstam\/"},"author":{"name":"webmaster kapitalis","@id":"https:\/\/kapitalis.com\/tunisie\/#\/schema\/person\/d71f33a9ca44f7bad4698210b480c8e9"},"headline":"Le po\u00e8me du dimanche: \u2018\u2018\u00c9pigramme contre Staline\u2019\u2019 d\u2019Ossip Mandelstam","datePublished":"2020-02-23T08:08:56+00:00","dateModified":"2020-02-23T08:08:58+00:00","mainEntityOfPage":{"@id":"https:\/\/kapitalis.com\/tunisie\/2020\/02\/23\/le-poeme-du-dimanche-epigramme-contre-staline-dossip-mandelstam\/"},"wordCount":751,"commentCount":1,"publisher":{"@id":"https:\/\/kapitalis.com\/tunisie\/#organization"},"image":{"@id":"https:\/\/kapitalis.com\/tunisie\/2020\/02\/23\/le-poeme-du-dimanche-epigramme-contre-staline-dossip-mandelstam\/#primaryimage"},"thumbnailUrl":"","articleSection":["A LA UNE","CULTURE"],"inLanguage":"fr-FR","potentialAction":[{"@type":"CommentAction","name":"Comment","target":["https:\/\/kapitalis.com\/tunisie\/2020\/02\/23\/le-poeme-du-dimanche-epigramme-contre-staline-dossip-mandelstam\/#respond"]}]},{"@type":"WebPage","@id":"https:\/\/kapitalis.com\/tunisie\/2020\/02\/23\/le-poeme-du-dimanche-epigramme-contre-staline-dossip-mandelstam\/","url":"https:\/\/kapitalis.com\/tunisie\/2020\/02\/23\/le-poeme-du-dimanche-epigramme-contre-staline-dossip-mandelstam\/","name":"Le po\u00e8me du dimanche: \u2018\u2018\u00c9pigramme contre Staline\u2019\u2019 d\u2019Ossip Mandelstam - Kapitalis","isPartOf":{"@id":"https:\/\/kapitalis.com\/tunisie\/#website"},"primaryImageOfPage":{"@id":"https:\/\/kapitalis.com\/tunisie\/2020\/02\/23\/le-poeme-du-dimanche-epigramme-contre-staline-dossip-mandelstam\/#primaryimage"},"image":{"@id":"https:\/\/kapitalis.com\/tunisie\/2020\/02\/23\/le-poeme-du-dimanche-epigramme-contre-staline-dossip-mandelstam\/#primaryimage"},"thumbnailUrl":"","datePublished":"2020-02-23T08:08:56+00:00","dateModified":"2020-02-23T08:08:58+00:00","breadcrumb":{"@id":"https:\/\/kapitalis.com\/tunisie\/2020\/02\/23\/le-poeme-du-dimanche-epigramme-contre-staline-dossip-mandelstam\/#breadcrumb"},"inLanguage":"fr-FR","potentialAction":[{"@type":"ReadAction","target":["https:\/\/kapitalis.com\/tunisie\/2020\/02\/23\/le-poeme-du-dimanche-epigramme-contre-staline-dossip-mandelstam\/"]}]},{"@type":"ImageObject","inLanguage":"fr-FR","@id":"https:\/\/kapitalis.com\/tunisie\/2020\/02\/23\/le-poeme-du-dimanche-epigramme-contre-staline-dossip-mandelstam\/#primaryimage","url":"","contentUrl":""},{"@type":"BreadcrumbList","@id":"https:\/\/kapitalis.com\/tunisie\/2020\/02\/23\/le-poeme-du-dimanche-epigramme-contre-staline-dossip-mandelstam\/#breadcrumb","itemListElement":[{"@type":"ListItem","position":1,"name":"Accueil","item":"https:\/\/kapitalis.com\/tunisie\/"},{"@type":"ListItem","position":2,"name":"Le po\u00e8me du dimanche: \u2018\u2018\u00c9pigramme contre Staline\u2019\u2019 d\u2019Ossip Mandelstam"}]},{"@type":"WebSite","@id":"https:\/\/kapitalis.com\/tunisie\/#website","url":"https:\/\/kapitalis.com\/tunisie\/","name":"Kapitalis","description":"L&#039;actualit\u00e9 en Tunisie et dans le monde","publisher":{"@id":"https:\/\/kapitalis.com\/tunisie\/#organization"},"potentialAction":[{"@type":"SearchAction","target":{"@type":"EntryPoint","urlTemplate":"https:\/\/kapitalis.com\/tunisie\/?s={search_term_string}"},"query-input":{"@type":"PropertyValueSpecification","valueRequired":true,"valueName":"search_term_string"}}],"inLanguage":"fr-FR"},{"@type":"Organization","@id":"https:\/\/kapitalis.com\/tunisie\/#organization","name":"Kapitalis","url":"https:\/\/kapitalis.com\/tunisie\/","logo":{"@type":"ImageObject","inLanguage":"fr-FR","@id":"https:\/\/kapitalis.com\/tunisie\/#\/schema\/logo\/image\/","url":"https:\/\/kapitalis.com\/tunisie\/wp-content\/uploads\/2022\/05\/Kapitalis-big-size.png","contentUrl":"https:\/\/kapitalis.com\/tunisie\/wp-content\/uploads\/2022\/05\/Kapitalis-big-size.png","width":5000,"height":1500,"caption":"Kapitalis"},"image":{"@id":"https:\/\/kapitalis.com\/tunisie\/#\/schema\/logo\/image\/"},"sameAs":["https:\/\/www.facebook.com\/KapitalisInfo\/","https:\/\/x.com\/KapitalisInfo","https:\/\/www.youtube.com\/channel\/UC-yDYrHyfFBWWZaOw3FPg9Q"]},{"@type":"Person","@id":"https:\/\/kapitalis.com\/tunisie\/#\/schema\/person\/d71f33a9ca44f7bad4698210b480c8e9","name":"webmaster kapitalis","url":"https:\/\/kapitalis.com\/tunisie\/author\/webmaster-kapitalis\/"}]}},"_links":{"self":[{"href":"https:\/\/kapitalis.com\/tunisie\/wp-json\/wp\/v2\/posts\/282989","targetHints":{"allow":["GET"]}}],"collection":[{"href":"https:\/\/kapitalis.com\/tunisie\/wp-json\/wp\/v2\/posts"}],"about":[{"href":"https:\/\/kapitalis.com\/tunisie\/wp-json\/wp\/v2\/types\/post"}],"author":[{"embeddable":true,"href":"https:\/\/kapitalis.com\/tunisie\/wp-json\/wp\/v2\/users\/8"}],"replies":[{"embeddable":true,"href":"https:\/\/kapitalis.com\/tunisie\/wp-json\/wp\/v2\/comments?post=282989"}],"version-history":[{"count":0,"href":"https:\/\/kapitalis.com\/tunisie\/wp-json\/wp\/v2\/posts\/282989\/revisions"}],"wp:featuredmedia":[{"embeddable":true,"href":"https:\/\/kapitalis.com\/tunisie\/wp-json\/wp\/v2\/media\/282990"}],"wp:attachment":[{"href":"https:\/\/kapitalis.com\/tunisie\/wp-json\/wp\/v2\/media?parent=282989"}],"wp:term":[{"taxonomy":"category","embeddable":true,"href":"https:\/\/kapitalis.com\/tunisie\/wp-json\/wp\/v2\/categories?post=282989"},{"taxonomy":"post_tag","embeddable":true,"href":"https:\/\/kapitalis.com\/tunisie\/wp-json\/wp\/v2\/tags?post=282989"}],"curies":[{"name":"wp","href":"https:\/\/api.w.org\/{rel}","templated":true}]}}