{"id":283082,"date":"2020-02-24T10:53:57","date_gmt":"2020-02-24T09:53:57","guid":{"rendered":"http:\/\/kapitalis.com\/tunisie\/?p=283082"},"modified":"2020-02-24T12:03:35","modified_gmt":"2020-02-24T11:03:35","slug":"tunisie-greve-des-surveillants-et-surveillants-generaux","status":"publish","type":"post","link":"https:\/\/kapitalis.com\/tunisie\/2020\/02\/24\/tunisie-greve-des-surveillants-et-surveillants-generaux\/","title":{"rendered":"Tunisie : Gr\u00e8ve des surveillants et surveillants g\u00e9n\u00e9raux"},"content":{"rendered":"\n<figure class=\"wp-block-image size-large\"><img decoding=\"async\" src=\"http:\/\/kapitalis.com\/tunisie\/wp-content\/uploads\/2019\/01\/Lyc\u00e9e-Tunisie-\u00e9l\u00e8ves.jpg\" alt=\"\" class=\"wp-image-192827\"\/><\/figure>\n\n\n\n<p><strong><em>Les surveillants et surveillants g\u00e9n\u00e9raux observeront une gr\u00e8ve les 26 et 27 f\u00e9vrier 2020 dans tous les \u00e9tablissements scolaires du pays. C&rsquo;est ce qui a \u00e9t\u00e9 d\u00e9cid\u00e9 par le comit\u00e9 directeur<\/em><\/strong> <strong><em>des\u00a0surveillants et surveillants  g\u00e9n\u00e9raux, sous la tutelle de l\u2019Union g\u00e9n\u00e9rale tunisienne du travail (UGTT).<\/em><\/strong><\/p>\n\n\n\n<!--more-->\n\n\n\n<p>La F\u00e9d\u00e9ration g\u00e9n\u00e9rale des surveillants et des surveillants g\u00e9n\u00e9raux (FGSSG) a, pour sa part, pr\u00e9cis\u00e9, via un communiqu\u00e9 rendu public hier, dimanche 23 f\u00e9vrier, qu\u2019une manifestation est pr\u00e9vue \u00e0 la Kasbah, le 27 f\u00e9vrier, pour exprimer ses revendications. <\/p>\n\n\n\n<p>La f\u00e9d\u00e9ration reproche, en effet, au minist\u00e8re de l\u2019Education et \u00e0 la pr\u00e9sidence du gouvernement de ne pas avoir respect\u00e9 leurs engagements par rapport \u00e0 un accord sign\u00e9 le 8 mai 2018, et appelle \u00e0 r\u00e9pondre \u00e0 ses demandes concernant la publication des promotions annuelles dans les d\u00e9lais, la r\u00e9gularisation de la situation des employ\u00e9s retrait\u00e9s et la formation dans les technologies de l\u2019information. <\/p>\n\n\n\n<p class=\"has-text-align-right\"><strong>C. B. Y.<\/strong><\/p>\n","protected":false},"excerpt":{"rendered":"<p>Les surveillants et surveillants g\u00e9n\u00e9raux observeront une gr\u00e8ve les 26 et 27 f\u00e9vrier 2020 dans tous les \u00e9tablissements scolaires du pays. C&rsquo;est ce qui a \u00e9t\u00e9 d\u00e9cid\u00e9 par le comit\u00e9 directeur des\u00a0surveillants et surveillants g\u00e9n\u00e9raux, sous la tutelle de l\u2019Union g\u00e9n\u00e9rale tunisienne du travail (UGTT).<\/p>\n","protected":false},"author":24,"featured_media":0,"comment_status":"open","ping_status":"open","sticky":false,"template":"","format":"standard","meta":{"footnotes":""},"categories":[998,2433],"tags":[],"class_list":["post-283082","post","type-post","status-publish","format-standard","hentry","category-societe","category-tunisie"],"yoast_head":"<!-- This site is optimized with the Yoast SEO plugin v26.6 - https:\/\/yoast.com\/wordpress\/plugins\/seo\/ -->\n<title>Tunisie : Gr\u00e8ve des surveillants et surveillants g\u00e9n\u00e9raux - Kapitalis<\/title>\n<meta name=\"robots\" content=\"index, follow, max-snippet:-1, max-image-preview:large, max-video-preview:-1\" \/>\n<link rel=\"canonical\" href=\"https:\/\/kapitalis.com\/tunisie\/2020\/02\/24\/tunisie-greve-des-surveillants-et-surveillants-generaux\/\" \/>\n<meta property=\"og:locale\" content=\"fr_FR\" \/>\n<meta property=\"og:type\" content=\"article\" \/>\n<meta property=\"og:title\" content=\"Tunisie : Gr\u00e8ve des surveillants et surveillants g\u00e9n\u00e9raux - Kapitalis\" \/>\n<meta property=\"og:description\" content=\"Les surveillants et surveillants g\u00e9n\u00e9raux observeront une gr\u00e8ve les 26 et 27 f\u00e9vrier 2020 dans tous les \u00e9tablissements scolaires du pays. C&rsquo;est ce qui a \u00e9t\u00e9 d\u00e9cid\u00e9 par le comit\u00e9 directeur des\u00a0surveillants et surveillants g\u00e9n\u00e9raux, sous la tutelle de l\u2019Union g\u00e9n\u00e9rale tunisienne du travail (UGTT).\" \/>\n<meta property=\"og:url\" content=\"https:\/\/kapitalis.com\/tunisie\/2020\/02\/24\/tunisie-greve-des-surveillants-et-surveillants-generaux\/\" \/>\n<meta property=\"og:site_name\" content=\"Kapitalis\" \/>\n<meta property=\"article:publisher\" content=\"https:\/\/www.facebook.com\/KapitalisInfo\/\" \/>\n<meta property=\"article:published_time\" content=\"2020-02-24T09:53:57+00:00\" \/>\n<meta property=\"article:modified_time\" content=\"2020-02-24T11:03:35+00:00\" \/>\n<meta property=\"og:image\" content=\"https:\/\/kapitalis.com\/tunisie\/wp-content\/uploads\/2022\/05\/kapitalis-logo-fb.png\" \/>\n\t<meta property=\"og:image:width\" content=\"1200\" \/>\n\t<meta property=\"og:image:height\" content=\"630\" \/>\n\t<meta property=\"og:image:type\" content=\"image\/png\" \/>\n<meta name=\"author\" content=\"Cherif Benyounes\" \/>\n<meta name=\"twitter:card\" content=\"summary_large_image\" \/>\n<meta name=\"twitter:creator\" content=\"@KapitalisInfo\" \/>\n<meta name=\"twitter:site\" content=\"@KapitalisInfo\" \/>\n<meta name=\"twitter:label1\" content=\"\u00c9crit par\" \/>\n\t<meta name=\"twitter:data1\" content=\"Cherif Benyounes\" \/>\n\t<meta name=\"twitter:label2\" content=\"Dur\u00e9e de lecture estim\u00e9e\" \/>\n\t<meta name=\"twitter:data2\" content=\"1 minute\" \/>\n<script type=\"application\/ld+json\" class=\"yoast-schema-graph\">{\"@context\":\"https:\/\/schema.org\",\"@graph\":[{\"@type\":\"Article\",\"@id\":\"https:\/\/kapitalis.com\/tunisie\/2020\/02\/24\/tunisie-greve-des-surveillants-et-surveillants-generaux\/#article\",\"isPartOf\":{\"@id\":\"https:\/\/kapitalis.com\/tunisie\/2020\/02\/24\/tunisie-greve-des-surveillants-et-surveillants-generaux\/\"},\"author\":{\"name\":\"Cherif Benyounes\",\"@id\":\"https:\/\/kapitalis.com\/tunisie\/#\/schema\/person\/b35b8d631961131107263178aeb8019e\"},\"headline\":\"Tunisie : Gr\u00e8ve des surveillants et surveillants g\u00e9n\u00e9raux\",\"datePublished\":\"2020-02-24T09:53:57+00:00\",\"dateModified\":\"2020-02-24T11:03:35+00:00\",\"mainEntityOfPage\":{\"@id\":\"https:\/\/kapitalis.com\/tunisie\/2020\/02\/24\/tunisie-greve-des-surveillants-et-surveillants-generaux\/\"},\"wordCount\":181,\"commentCount\":1,\"publisher\":{\"@id\":\"https:\/\/kapitalis.com\/tunisie\/#organization\"},\"articleSection\":[\"SOCIETE\",\"Tunisie\"],\"inLanguage\":\"fr-FR\",\"potentialAction\":[{\"@type\":\"CommentAction\",\"name\":\"Comment\",\"target\":[\"https:\/\/kapitalis.com\/tunisie\/2020\/02\/24\/tunisie-greve-des-surveillants-et-surveillants-generaux\/#respond\"]}]},{\"@type\":\"WebPage\",\"@id\":\"https:\/\/kapitalis.com\/tunisie\/2020\/02\/24\/tunisie-greve-des-surveillants-et-surveillants-generaux\/\",\"url\":\"https:\/\/kapitalis.com\/tunisie\/2020\/02\/24\/tunisie-greve-des-surveillants-et-surveillants-generaux\/\",\"name\":\"Tunisie : Gr\u00e8ve des surveillants et surveillants g\u00e9n\u00e9raux - Kapitalis\",\"isPartOf\":{\"@id\":\"https:\/\/kapitalis.com\/tunisie\/#website\"},\"datePublished\":\"2020-02-24T09:53:57+00:00\",\"dateModified\":\"2020-02-24T11:03:35+00:00\",\"breadcrumb\":{\"@id\":\"https:\/\/kapitalis.com\/tunisie\/2020\/02\/24\/tunisie-greve-des-surveillants-et-surveillants-generaux\/#breadcrumb\"},\"inLanguage\":\"fr-FR\",\"potentialAction\":[{\"@type\":\"ReadAction\",\"target\":[\"https:\/\/kapitalis.com\/tunisie\/2020\/02\/24\/tunisie-greve-des-surveillants-et-surveillants-generaux\/\"]}]},{\"@type\":\"BreadcrumbList\",\"@id\":\"https:\/\/kapitalis.com\/tunisie\/2020\/02\/24\/tunisie-greve-des-surveillants-et-surveillants-generaux\/#breadcrumb\",\"itemListElement\":[{\"@type\":\"ListItem\",\"position\":1,\"name\":\"Accueil\",\"item\":\"https:\/\/kapitalis.com\/tunisie\/\"},{\"@type\":\"ListItem\",\"position\":2,\"name\":\"Tunisie : Gr\u00e8ve des surveillants et surveillants g\u00e9n\u00e9raux\"}]},{\"@type\":\"WebSite\",\"@id\":\"https:\/\/kapitalis.com\/tunisie\/#website\",\"url\":\"https:\/\/kapitalis.com\/tunisie\/\",\"name\":\"Kapitalis\",\"description\":\"L&#039;actualit\u00e9 en Tunisie et dans le monde\",\"publisher\":{\"@id\":\"https:\/\/kapitalis.com\/tunisie\/#organization\"},\"potentialAction\":[{\"@type\":\"SearchAction\",\"target\":{\"@type\":\"EntryPoint\",\"urlTemplate\":\"https:\/\/kapitalis.com\/tunisie\/?s={search_term_string}\"},\"query-input\":{\"@type\":\"PropertyValueSpecification\",\"valueRequired\":true,\"valueName\":\"search_term_string\"}}],\"inLanguage\":\"fr-FR\"},{\"@type\":\"Organization\",\"@id\":\"https:\/\/kapitalis.com\/tunisie\/#organization\",\"name\":\"Kapitalis\",\"url\":\"https:\/\/kapitalis.com\/tunisie\/\",\"logo\":{\"@type\":\"ImageObject\",\"inLanguage\":\"fr-FR\",\"@id\":\"https:\/\/kapitalis.com\/tunisie\/#\/schema\/logo\/image\/\",\"url\":\"https:\/\/kapitalis.com\/tunisie\/wp-content\/uploads\/2022\/05\/Kapitalis-big-size.png\",\"contentUrl\":\"https:\/\/kapitalis.com\/tunisie\/wp-content\/uploads\/2022\/05\/Kapitalis-big-size.png\",\"width\":5000,\"height\":1500,\"caption\":\"Kapitalis\"},\"image\":{\"@id\":\"https:\/\/kapitalis.com\/tunisie\/#\/schema\/logo\/image\/\"},\"sameAs\":[\"https:\/\/www.facebook.com\/KapitalisInfo\/\",\"https:\/\/x.com\/KapitalisInfo\",\"https:\/\/www.youtube.com\/channel\/UC-yDYrHyfFBWWZaOw3FPg9Q\"]},{\"@type\":\"Person\",\"@id\":\"https:\/\/kapitalis.com\/tunisie\/#\/schema\/person\/b35b8d631961131107263178aeb8019e\",\"name\":\"Cherif Benyounes\",\"url\":\"https:\/\/kapitalis.com\/tunisie\/author\/cherif\/\"}]}<\/script>\n<!-- \/ Yoast SEO plugin. -->","yoast_head_json":{"title":"Tunisie : Gr\u00e8ve des surveillants et surveillants g\u00e9n\u00e9raux - Kapitalis","robots":{"index":"index","follow":"follow","max-snippet":"max-snippet:-1","max-image-preview":"max-image-preview:large","max-video-preview":"max-video-preview:-1"},"canonical":"https:\/\/kapitalis.com\/tunisie\/2020\/02\/24\/tunisie-greve-des-surveillants-et-surveillants-generaux\/","og_locale":"fr_FR","og_type":"article","og_title":"Tunisie : Gr\u00e8ve des surveillants et surveillants g\u00e9n\u00e9raux - Kapitalis","og_description":"Les surveillants et surveillants g\u00e9n\u00e9raux observeront une gr\u00e8ve les 26 et 27 f\u00e9vrier 2020 dans tous les \u00e9tablissements scolaires du pays. C&rsquo;est ce qui a \u00e9t\u00e9 d\u00e9cid\u00e9 par le comit\u00e9 directeur des\u00a0surveillants et surveillants g\u00e9n\u00e9raux, sous la tutelle de l\u2019Union g\u00e9n\u00e9rale tunisienne du travail (UGTT).","og_url":"https:\/\/kapitalis.com\/tunisie\/2020\/02\/24\/tunisie-greve-des-surveillants-et-surveillants-generaux\/","og_site_name":"Kapitalis","article_publisher":"https:\/\/www.facebook.com\/KapitalisInfo\/","article_published_time":"2020-02-24T09:53:57+00:00","article_modified_time":"2020-02-24T11:03:35+00:00","og_image":[{"width":1200,"height":630,"url":"https:\/\/kapitalis.com\/tunisie\/wp-content\/uploads\/2022\/05\/kapitalis-logo-fb.png","type":"image\/png"}],"author":"Cherif Benyounes","twitter_card":"summary_large_image","twitter_creator":"@KapitalisInfo","twitter_site":"@KapitalisInfo","twitter_misc":{"\u00c9crit par":"Cherif Benyounes","Dur\u00e9e de lecture estim\u00e9e":"1 minute"},"schema":{"@context":"https:\/\/schema.org","@graph":[{"@type":"Article","@id":"https:\/\/kapitalis.com\/tunisie\/2020\/02\/24\/tunisie-greve-des-surveillants-et-surveillants-generaux\/#article","isPartOf":{"@id":"https:\/\/kapitalis.com\/tunisie\/2020\/02\/24\/tunisie-greve-des-surveillants-et-surveillants-generaux\/"},"author":{"name":"Cherif Benyounes","@id":"https:\/\/kapitalis.com\/tunisie\/#\/schema\/person\/b35b8d631961131107263178aeb8019e"},"headline":"Tunisie : Gr\u00e8ve des surveillants et surveillants g\u00e9n\u00e9raux","datePublished":"2020-02-24T09:53:57+00:00","dateModified":"2020-02-24T11:03:35+00:00","mainEntityOfPage":{"@id":"https:\/\/kapitalis.com\/tunisie\/2020\/02\/24\/tunisie-greve-des-surveillants-et-surveillants-generaux\/"},"wordCount":181,"commentCount":1,"publisher":{"@id":"https:\/\/kapitalis.com\/tunisie\/#organization"},"articleSection":["SOCIETE","Tunisie"],"inLanguage":"fr-FR","potentialAction":[{"@type":"CommentAction","name":"Comment","target":["https:\/\/kapitalis.com\/tunisie\/2020\/02\/24\/tunisie-greve-des-surveillants-et-surveillants-generaux\/#respond"]}]},{"@type":"WebPage","@id":"https:\/\/kapitalis.com\/tunisie\/2020\/02\/24\/tunisie-greve-des-surveillants-et-surveillants-generaux\/","url":"https:\/\/kapitalis.com\/tunisie\/2020\/02\/24\/tunisie-greve-des-surveillants-et-surveillants-generaux\/","name":"Tunisie : Gr\u00e8ve des surveillants et surveillants g\u00e9n\u00e9raux - Kapitalis","isPartOf":{"@id":"https:\/\/kapitalis.com\/tunisie\/#website"},"datePublished":"2020-02-24T09:53:57+00:00","dateModified":"2020-02-24T11:03:35+00:00","breadcrumb":{"@id":"https:\/\/kapitalis.com\/tunisie\/2020\/02\/24\/tunisie-greve-des-surveillants-et-surveillants-generaux\/#breadcrumb"},"inLanguage":"fr-FR","potentialAction":[{"@type":"ReadAction","target":["https:\/\/kapitalis.com\/tunisie\/2020\/02\/24\/tunisie-greve-des-surveillants-et-surveillants-generaux\/"]}]},{"@type":"BreadcrumbList","@id":"https:\/\/kapitalis.com\/tunisie\/2020\/02\/24\/tunisie-greve-des-surveillants-et-surveillants-generaux\/#breadcrumb","itemListElement":[{"@type":"ListItem","position":1,"name":"Accueil","item":"https:\/\/kapitalis.com\/tunisie\/"},{"@type":"ListItem","position":2,"name":"Tunisie : Gr\u00e8ve des surveillants et surveillants g\u00e9n\u00e9raux"}]},{"@type":"WebSite","@id":"https:\/\/kapitalis.com\/tunisie\/#website","url":"https:\/\/kapitalis.com\/tunisie\/","name":"Kapitalis","description":"L&#039;actualit\u00e9 en Tunisie et dans le monde","publisher":{"@id":"https:\/\/kapitalis.com\/tunisie\/#organization"},"potentialAction":[{"@type":"SearchAction","target":{"@type":"EntryPoint","urlTemplate":"https:\/\/kapitalis.com\/tunisie\/?s={search_term_string}"},"query-input":{"@type":"PropertyValueSpecification","valueRequired":true,"valueName":"search_term_string"}}],"inLanguage":"fr-FR"},{"@type":"Organization","@id":"https:\/\/kapitalis.com\/tunisie\/#organization","name":"Kapitalis","url":"https:\/\/kapitalis.com\/tunisie\/","logo":{"@type":"ImageObject","inLanguage":"fr-FR","@id":"https:\/\/kapitalis.com\/tunisie\/#\/schema\/logo\/image\/","url":"https:\/\/kapitalis.com\/tunisie\/wp-content\/uploads\/2022\/05\/Kapitalis-big-size.png","contentUrl":"https:\/\/kapitalis.com\/tunisie\/wp-content\/uploads\/2022\/05\/Kapitalis-big-size.png","width":5000,"height":1500,"caption":"Kapitalis"},"image":{"@id":"https:\/\/kapitalis.com\/tunisie\/#\/schema\/logo\/image\/"},"sameAs":["https:\/\/www.facebook.com\/KapitalisInfo\/","https:\/\/x.com\/KapitalisInfo","https:\/\/www.youtube.com\/channel\/UC-yDYrHyfFBWWZaOw3FPg9Q"]},{"@type":"Person","@id":"https:\/\/kapitalis.com\/tunisie\/#\/schema\/person\/b35b8d631961131107263178aeb8019e","name":"Cherif Benyounes","url":"https:\/\/kapitalis.com\/tunisie\/author\/cherif\/"}]}},"_links":{"self":[{"href":"https:\/\/kapitalis.com\/tunisie\/wp-json\/wp\/v2\/posts\/283082","targetHints":{"allow":["GET"]}}],"collection":[{"href":"https:\/\/kapitalis.com\/tunisie\/wp-json\/wp\/v2\/posts"}],"about":[{"href":"https:\/\/kapitalis.com\/tunisie\/wp-json\/wp\/v2\/types\/post"}],"author":[{"embeddable":true,"href":"https:\/\/kapitalis.com\/tunisie\/wp-json\/wp\/v2\/users\/24"}],"replies":[{"embeddable":true,"href":"https:\/\/kapitalis.com\/tunisie\/wp-json\/wp\/v2\/comments?post=283082"}],"version-history":[{"count":0,"href":"https:\/\/kapitalis.com\/tunisie\/wp-json\/wp\/v2\/posts\/283082\/revisions"}],"wp:attachment":[{"href":"https:\/\/kapitalis.com\/tunisie\/wp-json\/wp\/v2\/media?parent=283082"}],"wp:term":[{"taxonomy":"category","embeddable":true,"href":"https:\/\/kapitalis.com\/tunisie\/wp-json\/wp\/v2\/categories?post=283082"},{"taxonomy":"post_tag","embeddable":true,"href":"https:\/\/kapitalis.com\/tunisie\/wp-json\/wp\/v2\/tags?post=283082"}],"curies":[{"name":"wp","href":"https:\/\/api.w.org\/{rel}","templated":true}]}}