{"id":283113,"date":"2020-02-24T13:49:51","date_gmt":"2020-02-24T12:49:51","guid":{"rendered":"http:\/\/kapitalis.com\/tunisie\/?p=283113"},"modified":"2020-02-24T13:49:53","modified_gmt":"2020-02-24T12:49:53","slug":"tunisie-evolutions-economiques-et-monetaires-et-perspectives-2020-selon-la-bct","status":"publish","type":"post","link":"https:\/\/kapitalis.com\/tunisie\/2020\/02\/24\/tunisie-evolutions-economiques-et-monetaires-et-perspectives-2020-selon-la-bct\/","title":{"rendered":"Tunisie : Evolutions \u00e9conomiques et mon\u00e9taires, et perspectives 2020, selon la BCT"},"content":{"rendered":"\n<figure class=\"wp-block-image size-large\"><img decoding=\"async\" src=\"http:\/\/kapitalis.com\/tunisie\/wp-content\/uploads\/2019\/12\/BCT-drapeau.jpg\" alt=\"\" class=\"wp-image-266794\"\/><\/figure>\n\n\n\n<p><strong><em>Dans un communiqu\u00e9 dat\u00e9 du 21 f\u00e9vrier 2020, la Banque centrale de Tunisie (<a rel=\"noreferrer noopener\" aria-label=\"BCT (s\u2019ouvre dans un nouvel onglet)\" href=\"https:\/\/www.bct.gov.tn\/bct\/siteprod\/actualites.jsp?id=672\" target=\"_blank\">BCT<\/a>) a publi\u00e9 les principales r\u00e9alisations \u00e9conomiques et mon\u00e9taires en 2019, et les perspectives attendues \u00e0 moyen terme en 2020.<\/em><\/strong><\/p>\n\n\n\n<!--more-->\n\n\n\n<p>En r\u00e9sum\u00e9, l&rsquo;ann\u00e9e 2019 a connu autant de bonnes performances que de contre-performances par rapport \u00e0 l&rsquo;exercice 2018 en termes d&rsquo;\u00e9volutions \u00e9conomiques et mon\u00e9taires, ce qui laisse pr\u00e9sager des perspectives d&rsquo;un optimisme mesur\u00e9 en 2020, qui doivent rester sous une stricte surveillance, selon la BCT.<\/p>\n\n\n\n<p>Parmi les principales contre performances relev\u00e9es en 2019, celle de l&rsquo;activit\u00e9 industrielle imputable surtout aux industries exportatrices et au secteur du transport et qui a quelque peu ralenti l\u2019activit\u00e9 \u00e9conomique (1% de croissance contre 2,7% en 2018). <\/p>\n\n\n\n<p>Par ailleurs, le volume global de refinancement de 11,9 milliards DT enregistr\u00e9 en d\u00e9cembre 2019 continue de baisser apr\u00e8s avoir franchi la barre des 16 milliards en 2018, tout comme le rythme de progression des cr\u00e9dits \u00e0 l\u2019\u00e9conomie en 2019, qui a accus\u00e9 un  ralentissement g\u00e9n\u00e9ralis\u00e9 par rapport \u00e0 2018.   <\/p>\n\n\n\n<p>De leur c\u00f4t\u00e9, les \u00e9changes ext\u00e9rieurs ont d\u00e9gag\u00e9, en 2019, un d\u00e9ficit commercial de 19,4 milliards DT (qui \u00e9tait de 19 milliards DT en 2018). Le d\u00e9ficit de la balance \u00e9nerg\u00e9tique en particulier &#8211; qui a augment\u00e9 \u00e0 pr\u00e8s de 7,8 milliards DT &#8211; y a une lourde part de 40%.  <\/p>\n\n\n\n<p>Par contre, parmi les (relativement) bonnes performances de l&rsquo;ann\u00e9e 2019, celle de l\u2019inflation et de l\u2019inflation sous-jacente, qui repr\u00e9sente la tendance \u00e0 long terme de l&rsquo;\u00e9volution du niveau des prix. Celles-ci se sont toutes deux \u00e9tablies \u00e0 6,1%, contre 7,5% et 8,8% respectivement en 2018. <\/p>\n\n\n\n<p>Cette d\u00e9tente devrait continuer durant le 1er trimestre 2020 selon les estimations de la BCT, et devrait se situer en moyenne \u00e0 5,8%. Aussi, le niveau annuel moyen &#8211; \u00e0 moyen terme &#8211; devrait-il se situer autour de 5,3% en 2020 et 2021. Mais en d\u00e9pit de cela, l\u2019inflation sous-jacente reste \u00e9lev\u00e9e, car les forces qui l&rsquo;entretiennent ne sont pas \u00e9limin\u00e9es. Aussi, la BCT reste-t-elle vigilante quant \u00e0 son \u00e9volution et les facteurs de risques qui p\u00e8sent sur elle.  <\/p>\n\n\n\n<p>La 2e performance de l&rsquo;ann\u00e9e 2019 r\u00e9side dans la baisse remarquable du d\u00e9ficit courant \u00e0 8,8% du produit int\u00e9rieur brut (PIB), apr\u00e8s avoir atteint un record historique de 11,1% en 2018 et malgr\u00e9 le poids grandissant de la facture \u00e9nerg\u00e9tique. Cette \u00e9volution a \u00e9t\u00e9 favoris\u00e9e par l\u2019am\u00e9lioration de la balance des services et les restrictions de la politique mon\u00e9taire de la BCT.<\/p>\n\n\n\n<p>Autres bonnes performances en 2019, la nette consolidation des r\u00e9serves de change qui ont atteint leur plus haut niveau depuis 5 ans avec + $ 6,9 milliards (environ 19,761\u202fmilliards DT), ainsi que la quasi-stabilit\u00e9 du taux du march\u00e9 mon\u00e9taire (TMM) \u00e0 7,81%, qui reste n\u00e9anmoins tr\u00e8s \u00e9lev\u00e9 et risque de freiner l&rsquo;investissement, en berne depuis 2011.<\/p>\n\n\n\n<p class=\"has-text-align-right\"><strong>A. M.<\/strong><\/p>\n\n\n\n<p> <\/p>\n","protected":false},"excerpt":{"rendered":"<p>Dans un communiqu\u00e9 dat\u00e9 du 21 f\u00e9vrier 2020, la Banque centrale de Tunisie (BCT) a publi\u00e9 les principales r\u00e9alisations \u00e9conomiques et mon\u00e9taires en 2019, et les perspectives attendues \u00e0 moyen terme en 2020.<\/p>\n","protected":false},"author":22,"featured_media":0,"comment_status":"open","ping_status":"open","sticky":false,"template":"","format":"standard","meta":{"footnotes":""},"categories":[995,2433],"tags":[8938,135],"class_list":["post-283113","post","type-post","status-publish","format-standard","hentry","category-economie","category-tunisie","tag-banque-centrale-de-tunisie","tag-bct"],"yoast_head":"<!-- This site is optimized with the Yoast SEO plugin v26.6 - https:\/\/yoast.com\/wordpress\/plugins\/seo\/ -->\n<title>Tunisie : Evolutions \u00e9conomiques et mon\u00e9taires, et perspectives 2020, selon la BCT - Kapitalis<\/title>\n<meta name=\"robots\" content=\"index, follow, max-snippet:-1, max-image-preview:large, max-video-preview:-1\" \/>\n<link rel=\"canonical\" href=\"https:\/\/kapitalis.com\/tunisie\/2020\/02\/24\/tunisie-evolutions-economiques-et-monetaires-et-perspectives-2020-selon-la-bct\/\" \/>\n<meta property=\"og:locale\" content=\"fr_FR\" \/>\n<meta property=\"og:type\" content=\"article\" \/>\n<meta property=\"og:title\" content=\"Tunisie : Evolutions \u00e9conomiques et mon\u00e9taires, et perspectives 2020, selon la BCT - Kapitalis\" \/>\n<meta property=\"og:description\" content=\"Dans un communiqu\u00e9 dat\u00e9 du 21 f\u00e9vrier 2020, la Banque centrale de Tunisie (BCT) a publi\u00e9 les principales r\u00e9alisations \u00e9conomiques et mon\u00e9taires en 2019, et les perspectives attendues \u00e0 moyen terme en 2020.\" \/>\n<meta property=\"og:url\" content=\"https:\/\/kapitalis.com\/tunisie\/2020\/02\/24\/tunisie-evolutions-economiques-et-monetaires-et-perspectives-2020-selon-la-bct\/\" \/>\n<meta property=\"og:site_name\" content=\"Kapitalis\" \/>\n<meta property=\"article:publisher\" content=\"https:\/\/www.facebook.com\/KapitalisInfo\/\" \/>\n<meta property=\"article:published_time\" content=\"2020-02-24T12:49:51+00:00\" \/>\n<meta property=\"article:modified_time\" content=\"2020-02-24T12:49:53+00:00\" \/>\n<meta property=\"og:image\" content=\"http:\/\/kapitalis.com\/tunisie\/wp-content\/uploads\/2019\/12\/BCT-drapeau.jpg\" \/>\n<meta name=\"author\" content=\"Amina Mkada\" \/>\n<meta name=\"twitter:card\" content=\"summary_large_image\" \/>\n<meta name=\"twitter:creator\" content=\"@KapitalisInfo\" \/>\n<meta name=\"twitter:site\" content=\"@KapitalisInfo\" \/>\n<meta name=\"twitter:label1\" content=\"\u00c9crit par\" \/>\n\t<meta name=\"twitter:data1\" content=\"Amina Mkada\" \/>\n\t<meta name=\"twitter:label2\" content=\"Dur\u00e9e de lecture estim\u00e9e\" \/>\n\t<meta name=\"twitter:data2\" content=\"2 minutes\" \/>\n<script type=\"application\/ld+json\" class=\"yoast-schema-graph\">{\"@context\":\"https:\/\/schema.org\",\"@graph\":[{\"@type\":\"Article\",\"@id\":\"https:\/\/kapitalis.com\/tunisie\/2020\/02\/24\/tunisie-evolutions-economiques-et-monetaires-et-perspectives-2020-selon-la-bct\/#article\",\"isPartOf\":{\"@id\":\"https:\/\/kapitalis.com\/tunisie\/2020\/02\/24\/tunisie-evolutions-economiques-et-monetaires-et-perspectives-2020-selon-la-bct\/\"},\"author\":{\"name\":\"Amina Mkada\",\"@id\":\"https:\/\/kapitalis.com\/tunisie\/#\/schema\/person\/093913313d3017554cb3ad077fff3fbd\"},\"headline\":\"Tunisie : Evolutions \u00e9conomiques et mon\u00e9taires, et perspectives 2020, selon la BCT\",\"datePublished\":\"2020-02-24T12:49:51+00:00\",\"dateModified\":\"2020-02-24T12:49:53+00:00\",\"mainEntityOfPage\":{\"@id\":\"https:\/\/kapitalis.com\/tunisie\/2020\/02\/24\/tunisie-evolutions-economiques-et-monetaires-et-perspectives-2020-selon-la-bct\/\"},\"wordCount\":463,\"commentCount\":1,\"publisher\":{\"@id\":\"https:\/\/kapitalis.com\/tunisie\/#organization\"},\"image\":{\"@id\":\"https:\/\/kapitalis.com\/tunisie\/2020\/02\/24\/tunisie-evolutions-economiques-et-monetaires-et-perspectives-2020-selon-la-bct\/#primaryimage\"},\"thumbnailUrl\":\"http:\/\/kapitalis.com\/tunisie\/wp-content\/uploads\/2019\/12\/BCT-drapeau.jpg\",\"keywords\":[\"Banque centrale de Tunisie\",\"BCT\"],\"articleSection\":[\"ECONOMIE\",\"Tunisie\"],\"inLanguage\":\"fr-FR\",\"potentialAction\":[{\"@type\":\"CommentAction\",\"name\":\"Comment\",\"target\":[\"https:\/\/kapitalis.com\/tunisie\/2020\/02\/24\/tunisie-evolutions-economiques-et-monetaires-et-perspectives-2020-selon-la-bct\/#respond\"]}]},{\"@type\":\"WebPage\",\"@id\":\"https:\/\/kapitalis.com\/tunisie\/2020\/02\/24\/tunisie-evolutions-economiques-et-monetaires-et-perspectives-2020-selon-la-bct\/\",\"url\":\"https:\/\/kapitalis.com\/tunisie\/2020\/02\/24\/tunisie-evolutions-economiques-et-monetaires-et-perspectives-2020-selon-la-bct\/\",\"name\":\"Tunisie : Evolutions \u00e9conomiques et mon\u00e9taires, et perspectives 2020, selon la BCT - Kapitalis\",\"isPartOf\":{\"@id\":\"https:\/\/kapitalis.com\/tunisie\/#website\"},\"primaryImageOfPage\":{\"@id\":\"https:\/\/kapitalis.com\/tunisie\/2020\/02\/24\/tunisie-evolutions-economiques-et-monetaires-et-perspectives-2020-selon-la-bct\/#primaryimage\"},\"image\":{\"@id\":\"https:\/\/kapitalis.com\/tunisie\/2020\/02\/24\/tunisie-evolutions-economiques-et-monetaires-et-perspectives-2020-selon-la-bct\/#primaryimage\"},\"thumbnailUrl\":\"http:\/\/kapitalis.com\/tunisie\/wp-content\/uploads\/2019\/12\/BCT-drapeau.jpg\",\"datePublished\":\"2020-02-24T12:49:51+00:00\",\"dateModified\":\"2020-02-24T12:49:53+00:00\",\"breadcrumb\":{\"@id\":\"https:\/\/kapitalis.com\/tunisie\/2020\/02\/24\/tunisie-evolutions-economiques-et-monetaires-et-perspectives-2020-selon-la-bct\/#breadcrumb\"},\"inLanguage\":\"fr-FR\",\"potentialAction\":[{\"@type\":\"ReadAction\",\"target\":[\"https:\/\/kapitalis.com\/tunisie\/2020\/02\/24\/tunisie-evolutions-economiques-et-monetaires-et-perspectives-2020-selon-la-bct\/\"]}]},{\"@type\":\"ImageObject\",\"inLanguage\":\"fr-FR\",\"@id\":\"https:\/\/kapitalis.com\/tunisie\/2020\/02\/24\/tunisie-evolutions-economiques-et-monetaires-et-perspectives-2020-selon-la-bct\/#primaryimage\",\"url\":\"\",\"contentUrl\":\"\"},{\"@type\":\"BreadcrumbList\",\"@id\":\"https:\/\/kapitalis.com\/tunisie\/2020\/02\/24\/tunisie-evolutions-economiques-et-monetaires-et-perspectives-2020-selon-la-bct\/#breadcrumb\",\"itemListElement\":[{\"@type\":\"ListItem\",\"position\":1,\"name\":\"Accueil\",\"item\":\"https:\/\/kapitalis.com\/tunisie\/\"},{\"@type\":\"ListItem\",\"position\":2,\"name\":\"Tunisie : Evolutions \u00e9conomiques et mon\u00e9taires, et perspectives 2020, selon la BCT\"}]},{\"@type\":\"WebSite\",\"@id\":\"https:\/\/kapitalis.com\/tunisie\/#website\",\"url\":\"https:\/\/kapitalis.com\/tunisie\/\",\"name\":\"Kapitalis\",\"description\":\"L&#039;actualit\u00e9 en Tunisie et dans le monde\",\"publisher\":{\"@id\":\"https:\/\/kapitalis.com\/tunisie\/#organization\"},\"potentialAction\":[{\"@type\":\"SearchAction\",\"target\":{\"@type\":\"EntryPoint\",\"urlTemplate\":\"https:\/\/kapitalis.com\/tunisie\/?s={search_term_string}\"},\"query-input\":{\"@type\":\"PropertyValueSpecification\",\"valueRequired\":true,\"valueName\":\"search_term_string\"}}],\"inLanguage\":\"fr-FR\"},{\"@type\":\"Organization\",\"@id\":\"https:\/\/kapitalis.com\/tunisie\/#organization\",\"name\":\"Kapitalis\",\"url\":\"https:\/\/kapitalis.com\/tunisie\/\",\"logo\":{\"@type\":\"ImageObject\",\"inLanguage\":\"fr-FR\",\"@id\":\"https:\/\/kapitalis.com\/tunisie\/#\/schema\/logo\/image\/\",\"url\":\"https:\/\/kapitalis.com\/tunisie\/wp-content\/uploads\/2022\/05\/Kapitalis-big-size.png\",\"contentUrl\":\"https:\/\/kapitalis.com\/tunisie\/wp-content\/uploads\/2022\/05\/Kapitalis-big-size.png\",\"width\":5000,\"height\":1500,\"caption\":\"Kapitalis\"},\"image\":{\"@id\":\"https:\/\/kapitalis.com\/tunisie\/#\/schema\/logo\/image\/\"},\"sameAs\":[\"https:\/\/www.facebook.com\/KapitalisInfo\/\",\"https:\/\/x.com\/KapitalisInfo\",\"https:\/\/www.youtube.com\/channel\/UC-yDYrHyfFBWWZaOw3FPg9Q\"]},{\"@type\":\"Person\",\"@id\":\"https:\/\/kapitalis.com\/tunisie\/#\/schema\/person\/093913313d3017554cb3ad077fff3fbd\",\"name\":\"Amina Mkada\",\"url\":\"https:\/\/kapitalis.com\/tunisie\/author\/amina\/\"}]}<\/script>\n<!-- \/ Yoast SEO plugin. -->","yoast_head_json":{"title":"Tunisie : Evolutions \u00e9conomiques et mon\u00e9taires, et perspectives 2020, selon la BCT - Kapitalis","robots":{"index":"index","follow":"follow","max-snippet":"max-snippet:-1","max-image-preview":"max-image-preview:large","max-video-preview":"max-video-preview:-1"},"canonical":"https:\/\/kapitalis.com\/tunisie\/2020\/02\/24\/tunisie-evolutions-economiques-et-monetaires-et-perspectives-2020-selon-la-bct\/","og_locale":"fr_FR","og_type":"article","og_title":"Tunisie : Evolutions \u00e9conomiques et mon\u00e9taires, et perspectives 2020, selon la BCT - Kapitalis","og_description":"Dans un communiqu\u00e9 dat\u00e9 du 21 f\u00e9vrier 2020, la Banque centrale de Tunisie (BCT) a publi\u00e9 les principales r\u00e9alisations \u00e9conomiques et mon\u00e9taires en 2019, et les perspectives attendues \u00e0 moyen terme en 2020.","og_url":"https:\/\/kapitalis.com\/tunisie\/2020\/02\/24\/tunisie-evolutions-economiques-et-monetaires-et-perspectives-2020-selon-la-bct\/","og_site_name":"Kapitalis","article_publisher":"https:\/\/www.facebook.com\/KapitalisInfo\/","article_published_time":"2020-02-24T12:49:51+00:00","article_modified_time":"2020-02-24T12:49:53+00:00","og_image":[{"url":"http:\/\/kapitalis.com\/tunisie\/wp-content\/uploads\/2019\/12\/BCT-drapeau.jpg","type":"","width":"","height":""}],"author":"Amina Mkada","twitter_card":"summary_large_image","twitter_creator":"@KapitalisInfo","twitter_site":"@KapitalisInfo","twitter_misc":{"\u00c9crit par":"Amina Mkada","Dur\u00e9e de lecture estim\u00e9e":"2 minutes"},"schema":{"@context":"https:\/\/schema.org","@graph":[{"@type":"Article","@id":"https:\/\/kapitalis.com\/tunisie\/2020\/02\/24\/tunisie-evolutions-economiques-et-monetaires-et-perspectives-2020-selon-la-bct\/#article","isPartOf":{"@id":"https:\/\/kapitalis.com\/tunisie\/2020\/02\/24\/tunisie-evolutions-economiques-et-monetaires-et-perspectives-2020-selon-la-bct\/"},"author":{"name":"Amina Mkada","@id":"https:\/\/kapitalis.com\/tunisie\/#\/schema\/person\/093913313d3017554cb3ad077fff3fbd"},"headline":"Tunisie : Evolutions \u00e9conomiques et mon\u00e9taires, et perspectives 2020, selon la BCT","datePublished":"2020-02-24T12:49:51+00:00","dateModified":"2020-02-24T12:49:53+00:00","mainEntityOfPage":{"@id":"https:\/\/kapitalis.com\/tunisie\/2020\/02\/24\/tunisie-evolutions-economiques-et-monetaires-et-perspectives-2020-selon-la-bct\/"},"wordCount":463,"commentCount":1,"publisher":{"@id":"https:\/\/kapitalis.com\/tunisie\/#organization"},"image":{"@id":"https:\/\/kapitalis.com\/tunisie\/2020\/02\/24\/tunisie-evolutions-economiques-et-monetaires-et-perspectives-2020-selon-la-bct\/#primaryimage"},"thumbnailUrl":"http:\/\/kapitalis.com\/tunisie\/wp-content\/uploads\/2019\/12\/BCT-drapeau.jpg","keywords":["Banque centrale de Tunisie","BCT"],"articleSection":["ECONOMIE","Tunisie"],"inLanguage":"fr-FR","potentialAction":[{"@type":"CommentAction","name":"Comment","target":["https:\/\/kapitalis.com\/tunisie\/2020\/02\/24\/tunisie-evolutions-economiques-et-monetaires-et-perspectives-2020-selon-la-bct\/#respond"]}]},{"@type":"WebPage","@id":"https:\/\/kapitalis.com\/tunisie\/2020\/02\/24\/tunisie-evolutions-economiques-et-monetaires-et-perspectives-2020-selon-la-bct\/","url":"https:\/\/kapitalis.com\/tunisie\/2020\/02\/24\/tunisie-evolutions-economiques-et-monetaires-et-perspectives-2020-selon-la-bct\/","name":"Tunisie : Evolutions \u00e9conomiques et mon\u00e9taires, et perspectives 2020, selon la BCT - Kapitalis","isPartOf":{"@id":"https:\/\/kapitalis.com\/tunisie\/#website"},"primaryImageOfPage":{"@id":"https:\/\/kapitalis.com\/tunisie\/2020\/02\/24\/tunisie-evolutions-economiques-et-monetaires-et-perspectives-2020-selon-la-bct\/#primaryimage"},"image":{"@id":"https:\/\/kapitalis.com\/tunisie\/2020\/02\/24\/tunisie-evolutions-economiques-et-monetaires-et-perspectives-2020-selon-la-bct\/#primaryimage"},"thumbnailUrl":"http:\/\/kapitalis.com\/tunisie\/wp-content\/uploads\/2019\/12\/BCT-drapeau.jpg","datePublished":"2020-02-24T12:49:51+00:00","dateModified":"2020-02-24T12:49:53+00:00","breadcrumb":{"@id":"https:\/\/kapitalis.com\/tunisie\/2020\/02\/24\/tunisie-evolutions-economiques-et-monetaires-et-perspectives-2020-selon-la-bct\/#breadcrumb"},"inLanguage":"fr-FR","potentialAction":[{"@type":"ReadAction","target":["https:\/\/kapitalis.com\/tunisie\/2020\/02\/24\/tunisie-evolutions-economiques-et-monetaires-et-perspectives-2020-selon-la-bct\/"]}]},{"@type":"ImageObject","inLanguage":"fr-FR","@id":"https:\/\/kapitalis.com\/tunisie\/2020\/02\/24\/tunisie-evolutions-economiques-et-monetaires-et-perspectives-2020-selon-la-bct\/#primaryimage","url":"","contentUrl":""},{"@type":"BreadcrumbList","@id":"https:\/\/kapitalis.com\/tunisie\/2020\/02\/24\/tunisie-evolutions-economiques-et-monetaires-et-perspectives-2020-selon-la-bct\/#breadcrumb","itemListElement":[{"@type":"ListItem","position":1,"name":"Accueil","item":"https:\/\/kapitalis.com\/tunisie\/"},{"@type":"ListItem","position":2,"name":"Tunisie : Evolutions \u00e9conomiques et mon\u00e9taires, et perspectives 2020, selon la BCT"}]},{"@type":"WebSite","@id":"https:\/\/kapitalis.com\/tunisie\/#website","url":"https:\/\/kapitalis.com\/tunisie\/","name":"Kapitalis","description":"L&#039;actualit\u00e9 en Tunisie et dans le monde","publisher":{"@id":"https:\/\/kapitalis.com\/tunisie\/#organization"},"potentialAction":[{"@type":"SearchAction","target":{"@type":"EntryPoint","urlTemplate":"https:\/\/kapitalis.com\/tunisie\/?s={search_term_string}"},"query-input":{"@type":"PropertyValueSpecification","valueRequired":true,"valueName":"search_term_string"}}],"inLanguage":"fr-FR"},{"@type":"Organization","@id":"https:\/\/kapitalis.com\/tunisie\/#organization","name":"Kapitalis","url":"https:\/\/kapitalis.com\/tunisie\/","logo":{"@type":"ImageObject","inLanguage":"fr-FR","@id":"https:\/\/kapitalis.com\/tunisie\/#\/schema\/logo\/image\/","url":"https:\/\/kapitalis.com\/tunisie\/wp-content\/uploads\/2022\/05\/Kapitalis-big-size.png","contentUrl":"https:\/\/kapitalis.com\/tunisie\/wp-content\/uploads\/2022\/05\/Kapitalis-big-size.png","width":5000,"height":1500,"caption":"Kapitalis"},"image":{"@id":"https:\/\/kapitalis.com\/tunisie\/#\/schema\/logo\/image\/"},"sameAs":["https:\/\/www.facebook.com\/KapitalisInfo\/","https:\/\/x.com\/KapitalisInfo","https:\/\/www.youtube.com\/channel\/UC-yDYrHyfFBWWZaOw3FPg9Q"]},{"@type":"Person","@id":"https:\/\/kapitalis.com\/tunisie\/#\/schema\/person\/093913313d3017554cb3ad077fff3fbd","name":"Amina Mkada","url":"https:\/\/kapitalis.com\/tunisie\/author\/amina\/"}]}},"_links":{"self":[{"href":"https:\/\/kapitalis.com\/tunisie\/wp-json\/wp\/v2\/posts\/283113","targetHints":{"allow":["GET"]}}],"collection":[{"href":"https:\/\/kapitalis.com\/tunisie\/wp-json\/wp\/v2\/posts"}],"about":[{"href":"https:\/\/kapitalis.com\/tunisie\/wp-json\/wp\/v2\/types\/post"}],"author":[{"embeddable":true,"href":"https:\/\/kapitalis.com\/tunisie\/wp-json\/wp\/v2\/users\/22"}],"replies":[{"embeddable":true,"href":"https:\/\/kapitalis.com\/tunisie\/wp-json\/wp\/v2\/comments?post=283113"}],"version-history":[{"count":0,"href":"https:\/\/kapitalis.com\/tunisie\/wp-json\/wp\/v2\/posts\/283113\/revisions"}],"wp:attachment":[{"href":"https:\/\/kapitalis.com\/tunisie\/wp-json\/wp\/v2\/media?parent=283113"}],"wp:term":[{"taxonomy":"category","embeddable":true,"href":"https:\/\/kapitalis.com\/tunisie\/wp-json\/wp\/v2\/categories?post=283113"},{"taxonomy":"post_tag","embeddable":true,"href":"https:\/\/kapitalis.com\/tunisie\/wp-json\/wp\/v2\/tags?post=283113"}],"curies":[{"name":"wp","href":"https:\/\/api.w.org\/{rel}","templated":true}]}}