{"id":283332,"date":"2020-02-25T09:21:41","date_gmt":"2020-02-25T08:21:41","guid":{"rendered":"http:\/\/kapitalis.com\/tunisie\/?p=283332"},"modified":"2020-02-25T09:21:42","modified_gmt":"2020-02-25T08:21:42","slug":"rencontres-et-echanges-a-la-fondation-rambourg-le-29-fevrier-2020-a-tunis","status":"publish","type":"post","link":"https:\/\/kapitalis.com\/tunisie\/2020\/02\/25\/rencontres-et-echanges-a-la-fondation-rambourg-le-29-fevrier-2020-a-tunis\/","title":{"rendered":"Rencontres et \u00e9changes \u00e0 la Fondation Rambourg, le 29 f\u00e9vrier 2020 \u00e0 Tunis"},"content":{"rendered":"\n<figure class=\"wp-block-image size-large\"><img decoding=\"async\" src=\"http:\/\/kapitalis.com\/tunisie\/wp-content\/uploads\/2020\/02\/Fondation-Rambourg.jpg\" alt=\"\" class=\"wp-image-283335\"\/><\/figure>\n\n\n\n<p><strong><em> La Fondation Rambourg organise l\u2019\u00e9v\u00e9nement \u00abRencontres et \u00e9changes\u00bb, une journ\u00e9e portes-ouvertes dans ses locaux \u00e0 Tunis, pour des rencontres conviviales avec trois artistes internationaux.<\/em><\/strong><\/p>\n\n\n\n<!--more-->\n\n\n\n<p> Dans le cadre de son programme d\u2019appui au secteur de l\u2019artisanat tunisien, la Fondation Rambourg pour l\u2019art et la culture invite le grand public \u00e0 une s\u00e9rie de rencontres et de discussions pour d\u00e9couvrir les d\u00e9marches de cr\u00e9ation et les parcours de trois artistes de renomm\u00e9e internationale, \u0153uvrant chacun dans une discipline diff\u00e9rente.<\/p>\n\n\n\n<p> Les artistes invit\u00e9s sont le performeur sc\u00e9nique et designer textile et visuel Antonin Simon Giraudet, le duo fran\u00e7ais sp\u00e9cialis\u00e9 dans le design d\u2019objets Dach &amp; Zephyr, et le peintre italien sp\u00e9cialis\u00e9 dans l\u2019art mural Giuseppe Caccavale.<\/p>\n\n\n\n<p> Le programme s\u2019\u00e9talera de 10h \u00e0 18h, et sera articul\u00e9 autour de trois volets : <em>\u00abM\u00e9moires des gestes et partage de savoir\u00bb<\/em> avec Antonin Giraudet, <em>\u00abTransmission : La m\u00e9moire pour l\u2019avenir\u00bb<\/em> avec Dach &amp; Zephyr, et <em>\u00abLa fraternit\u00e9 du faire\u00bb <\/em>(en partenariat avec le Centre culturel italien de Tunis) avec Giuseppe Caccavale.<\/p>\n\n\n\n<p> La Fondation Rambourg est sise au 26, rue du 1er-Juin 1955, Mutuelleville, Tunis.<\/p>\n\n\n\n<p class=\"has-text-align-right\"><strong> Fawz Ben Ali<\/strong><\/p>\n","protected":false},"excerpt":{"rendered":"<p>La Fondation Rambourg organise l\u2019\u00e9v\u00e9nement \u00abRencontres et \u00e9changes\u00bb, une journ\u00e9e portes-ouvertes dans ses locaux \u00e0 Tunis, pour des rencontres conviviales avec trois artistes internationaux.<\/p>\n","protected":false},"author":8,"featured_media":283335,"comment_status":"open","ping_status":"open","sticky":false,"template":"","format":"standard","meta":{"footnotes":""},"categories":[994,2433],"tags":[75369,75370,17889,75371],"class_list":["post-283332","post","type-post","status-publish","format-standard","has-post-thumbnail","hentry","category-culture","category-tunisie","tag-antonin-simon-giraudet","tag-dach-zephyr","tag-fondation-rambourg","tag-giuseppe-caccavale"],"yoast_head":"<!-- This site is optimized with the Yoast SEO plugin v26.6 - https:\/\/yoast.com\/wordpress\/plugins\/seo\/ -->\n<title>Rencontres et \u00e9changes \u00e0 la Fondation Rambourg, le 29 f\u00e9vrier 2020 \u00e0 Tunis - Kapitalis<\/title>\n<meta name=\"robots\" content=\"index, follow, max-snippet:-1, max-image-preview:large, max-video-preview:-1\" \/>\n<link rel=\"canonical\" href=\"https:\/\/kapitalis.com\/tunisie\/2020\/02\/25\/rencontres-et-echanges-a-la-fondation-rambourg-le-29-fevrier-2020-a-tunis\/\" \/>\n<meta property=\"og:locale\" content=\"fr_FR\" \/>\n<meta property=\"og:type\" content=\"article\" \/>\n<meta property=\"og:title\" content=\"Rencontres et \u00e9changes \u00e0 la Fondation Rambourg, le 29 f\u00e9vrier 2020 \u00e0 Tunis - Kapitalis\" \/>\n<meta property=\"og:description\" content=\"La Fondation Rambourg organise l\u2019\u00e9v\u00e9nement \u00abRencontres et \u00e9changes\u00bb, une journ\u00e9e portes-ouvertes dans ses locaux \u00e0 Tunis, pour des rencontres conviviales avec trois artistes internationaux.\" \/>\n<meta property=\"og:url\" content=\"https:\/\/kapitalis.com\/tunisie\/2020\/02\/25\/rencontres-et-echanges-a-la-fondation-rambourg-le-29-fevrier-2020-a-tunis\/\" \/>\n<meta property=\"og:site_name\" content=\"Kapitalis\" \/>\n<meta property=\"article:publisher\" content=\"https:\/\/www.facebook.com\/KapitalisInfo\/\" \/>\n<meta property=\"article:published_time\" content=\"2020-02-25T08:21:41+00:00\" \/>\n<meta property=\"article:modified_time\" content=\"2020-02-25T08:21:42+00:00\" \/>\n<meta property=\"og:image\" content=\"https:\/\/kapitalis.com\/tunisie\/wp-content\/uploads\/2022\/05\/kapitalis-logo-fb.png\" \/>\n\t<meta property=\"og:image:width\" content=\"1200\" \/>\n\t<meta property=\"og:image:height\" content=\"630\" \/>\n\t<meta property=\"og:image:type\" content=\"image\/png\" \/>\n<meta name=\"author\" content=\"webmaster kapitalis\" \/>\n<meta name=\"twitter:card\" content=\"summary_large_image\" \/>\n<meta name=\"twitter:creator\" content=\"@KapitalisInfo\" \/>\n<meta name=\"twitter:site\" content=\"@KapitalisInfo\" \/>\n<meta name=\"twitter:label1\" content=\"\u00c9crit par\" \/>\n\t<meta name=\"twitter:data1\" content=\"webmaster kapitalis\" \/>\n\t<meta name=\"twitter:label2\" content=\"Dur\u00e9e de lecture estim\u00e9e\" \/>\n\t<meta name=\"twitter:data2\" content=\"1 minute\" \/>\n<script type=\"application\/ld+json\" class=\"yoast-schema-graph\">{\"@context\":\"https:\/\/schema.org\",\"@graph\":[{\"@type\":\"Article\",\"@id\":\"https:\/\/kapitalis.com\/tunisie\/2020\/02\/25\/rencontres-et-echanges-a-la-fondation-rambourg-le-29-fevrier-2020-a-tunis\/#article\",\"isPartOf\":{\"@id\":\"https:\/\/kapitalis.com\/tunisie\/2020\/02\/25\/rencontres-et-echanges-a-la-fondation-rambourg-le-29-fevrier-2020-a-tunis\/\"},\"author\":{\"name\":\"webmaster kapitalis\",\"@id\":\"https:\/\/kapitalis.com\/tunisie\/#\/schema\/person\/d71f33a9ca44f7bad4698210b480c8e9\"},\"headline\":\"Rencontres et \u00e9changes \u00e0 la Fondation Rambourg, le 29 f\u00e9vrier 2020 \u00e0 Tunis\",\"datePublished\":\"2020-02-25T08:21:41+00:00\",\"dateModified\":\"2020-02-25T08:21:42+00:00\",\"mainEntityOfPage\":{\"@id\":\"https:\/\/kapitalis.com\/tunisie\/2020\/02\/25\/rencontres-et-echanges-a-la-fondation-rambourg-le-29-fevrier-2020-a-tunis\/\"},\"wordCount\":207,\"commentCount\":0,\"publisher\":{\"@id\":\"https:\/\/kapitalis.com\/tunisie\/#organization\"},\"image\":{\"@id\":\"https:\/\/kapitalis.com\/tunisie\/2020\/02\/25\/rencontres-et-echanges-a-la-fondation-rambourg-le-29-fevrier-2020-a-tunis\/#primaryimage\"},\"thumbnailUrl\":\"\",\"keywords\":[\"Antonin Simon Giraudet\",\"Dach &amp; Zephyr\",\"Fondation Rambourg\",\"Giuseppe Caccavale\"],\"articleSection\":[\"CULTURE\",\"Tunisie\"],\"inLanguage\":\"fr-FR\",\"potentialAction\":[{\"@type\":\"CommentAction\",\"name\":\"Comment\",\"target\":[\"https:\/\/kapitalis.com\/tunisie\/2020\/02\/25\/rencontres-et-echanges-a-la-fondation-rambourg-le-29-fevrier-2020-a-tunis\/#respond\"]}]},{\"@type\":\"WebPage\",\"@id\":\"https:\/\/kapitalis.com\/tunisie\/2020\/02\/25\/rencontres-et-echanges-a-la-fondation-rambourg-le-29-fevrier-2020-a-tunis\/\",\"url\":\"https:\/\/kapitalis.com\/tunisie\/2020\/02\/25\/rencontres-et-echanges-a-la-fondation-rambourg-le-29-fevrier-2020-a-tunis\/\",\"name\":\"Rencontres et \u00e9changes \u00e0 la Fondation Rambourg, le 29 f\u00e9vrier 2020 \u00e0 Tunis - Kapitalis\",\"isPartOf\":{\"@id\":\"https:\/\/kapitalis.com\/tunisie\/#website\"},\"primaryImageOfPage\":{\"@id\":\"https:\/\/kapitalis.com\/tunisie\/2020\/02\/25\/rencontres-et-echanges-a-la-fondation-rambourg-le-29-fevrier-2020-a-tunis\/#primaryimage\"},\"image\":{\"@id\":\"https:\/\/kapitalis.com\/tunisie\/2020\/02\/25\/rencontres-et-echanges-a-la-fondation-rambourg-le-29-fevrier-2020-a-tunis\/#primaryimage\"},\"thumbnailUrl\":\"\",\"datePublished\":\"2020-02-25T08:21:41+00:00\",\"dateModified\":\"2020-02-25T08:21:42+00:00\",\"breadcrumb\":{\"@id\":\"https:\/\/kapitalis.com\/tunisie\/2020\/02\/25\/rencontres-et-echanges-a-la-fondation-rambourg-le-29-fevrier-2020-a-tunis\/#breadcrumb\"},\"inLanguage\":\"fr-FR\",\"potentialAction\":[{\"@type\":\"ReadAction\",\"target\":[\"https:\/\/kapitalis.com\/tunisie\/2020\/02\/25\/rencontres-et-echanges-a-la-fondation-rambourg-le-29-fevrier-2020-a-tunis\/\"]}]},{\"@type\":\"ImageObject\",\"inLanguage\":\"fr-FR\",\"@id\":\"https:\/\/kapitalis.com\/tunisie\/2020\/02\/25\/rencontres-et-echanges-a-la-fondation-rambourg-le-29-fevrier-2020-a-tunis\/#primaryimage\",\"url\":\"\",\"contentUrl\":\"\"},{\"@type\":\"BreadcrumbList\",\"@id\":\"https:\/\/kapitalis.com\/tunisie\/2020\/02\/25\/rencontres-et-echanges-a-la-fondation-rambourg-le-29-fevrier-2020-a-tunis\/#breadcrumb\",\"itemListElement\":[{\"@type\":\"ListItem\",\"position\":1,\"name\":\"Accueil\",\"item\":\"https:\/\/kapitalis.com\/tunisie\/\"},{\"@type\":\"ListItem\",\"position\":2,\"name\":\"Rencontres et \u00e9changes \u00e0 la Fondation Rambourg, le 29 f\u00e9vrier 2020 \u00e0 Tunis\"}]},{\"@type\":\"WebSite\",\"@id\":\"https:\/\/kapitalis.com\/tunisie\/#website\",\"url\":\"https:\/\/kapitalis.com\/tunisie\/\",\"name\":\"Kapitalis\",\"description\":\"L&#039;actualit\u00e9 en Tunisie et dans le monde\",\"publisher\":{\"@id\":\"https:\/\/kapitalis.com\/tunisie\/#organization\"},\"potentialAction\":[{\"@type\":\"SearchAction\",\"target\":{\"@type\":\"EntryPoint\",\"urlTemplate\":\"https:\/\/kapitalis.com\/tunisie\/?s={search_term_string}\"},\"query-input\":{\"@type\":\"PropertyValueSpecification\",\"valueRequired\":true,\"valueName\":\"search_term_string\"}}],\"inLanguage\":\"fr-FR\"},{\"@type\":\"Organization\",\"@id\":\"https:\/\/kapitalis.com\/tunisie\/#organization\",\"name\":\"Kapitalis\",\"url\":\"https:\/\/kapitalis.com\/tunisie\/\",\"logo\":{\"@type\":\"ImageObject\",\"inLanguage\":\"fr-FR\",\"@id\":\"https:\/\/kapitalis.com\/tunisie\/#\/schema\/logo\/image\/\",\"url\":\"https:\/\/kapitalis.com\/tunisie\/wp-content\/uploads\/2022\/05\/Kapitalis-big-size.png\",\"contentUrl\":\"https:\/\/kapitalis.com\/tunisie\/wp-content\/uploads\/2022\/05\/Kapitalis-big-size.png\",\"width\":5000,\"height\":1500,\"caption\":\"Kapitalis\"},\"image\":{\"@id\":\"https:\/\/kapitalis.com\/tunisie\/#\/schema\/logo\/image\/\"},\"sameAs\":[\"https:\/\/www.facebook.com\/KapitalisInfo\/\",\"https:\/\/x.com\/KapitalisInfo\",\"https:\/\/www.youtube.com\/channel\/UC-yDYrHyfFBWWZaOw3FPg9Q\"]},{\"@type\":\"Person\",\"@id\":\"https:\/\/kapitalis.com\/tunisie\/#\/schema\/person\/d71f33a9ca44f7bad4698210b480c8e9\",\"name\":\"webmaster kapitalis\",\"url\":\"https:\/\/kapitalis.com\/tunisie\/author\/webmaster-kapitalis\/\"}]}<\/script>\n<!-- \/ Yoast SEO plugin. -->","yoast_head_json":{"title":"Rencontres et \u00e9changes \u00e0 la Fondation Rambourg, le 29 f\u00e9vrier 2020 \u00e0 Tunis - Kapitalis","robots":{"index":"index","follow":"follow","max-snippet":"max-snippet:-1","max-image-preview":"max-image-preview:large","max-video-preview":"max-video-preview:-1"},"canonical":"https:\/\/kapitalis.com\/tunisie\/2020\/02\/25\/rencontres-et-echanges-a-la-fondation-rambourg-le-29-fevrier-2020-a-tunis\/","og_locale":"fr_FR","og_type":"article","og_title":"Rencontres et \u00e9changes \u00e0 la Fondation Rambourg, le 29 f\u00e9vrier 2020 \u00e0 Tunis - Kapitalis","og_description":"La Fondation Rambourg organise l\u2019\u00e9v\u00e9nement \u00abRencontres et \u00e9changes\u00bb, une journ\u00e9e portes-ouvertes dans ses locaux \u00e0 Tunis, pour des rencontres conviviales avec trois artistes internationaux.","og_url":"https:\/\/kapitalis.com\/tunisie\/2020\/02\/25\/rencontres-et-echanges-a-la-fondation-rambourg-le-29-fevrier-2020-a-tunis\/","og_site_name":"Kapitalis","article_publisher":"https:\/\/www.facebook.com\/KapitalisInfo\/","article_published_time":"2020-02-25T08:21:41+00:00","article_modified_time":"2020-02-25T08:21:42+00:00","og_image":[{"width":1200,"height":630,"url":"https:\/\/kapitalis.com\/tunisie\/wp-content\/uploads\/2022\/05\/kapitalis-logo-fb.png","type":"image\/png"}],"author":"webmaster kapitalis","twitter_card":"summary_large_image","twitter_creator":"@KapitalisInfo","twitter_site":"@KapitalisInfo","twitter_misc":{"\u00c9crit par":"webmaster kapitalis","Dur\u00e9e de lecture estim\u00e9e":"1 minute"},"schema":{"@context":"https:\/\/schema.org","@graph":[{"@type":"Article","@id":"https:\/\/kapitalis.com\/tunisie\/2020\/02\/25\/rencontres-et-echanges-a-la-fondation-rambourg-le-29-fevrier-2020-a-tunis\/#article","isPartOf":{"@id":"https:\/\/kapitalis.com\/tunisie\/2020\/02\/25\/rencontres-et-echanges-a-la-fondation-rambourg-le-29-fevrier-2020-a-tunis\/"},"author":{"name":"webmaster kapitalis","@id":"https:\/\/kapitalis.com\/tunisie\/#\/schema\/person\/d71f33a9ca44f7bad4698210b480c8e9"},"headline":"Rencontres et \u00e9changes \u00e0 la Fondation Rambourg, le 29 f\u00e9vrier 2020 \u00e0 Tunis","datePublished":"2020-02-25T08:21:41+00:00","dateModified":"2020-02-25T08:21:42+00:00","mainEntityOfPage":{"@id":"https:\/\/kapitalis.com\/tunisie\/2020\/02\/25\/rencontres-et-echanges-a-la-fondation-rambourg-le-29-fevrier-2020-a-tunis\/"},"wordCount":207,"commentCount":0,"publisher":{"@id":"https:\/\/kapitalis.com\/tunisie\/#organization"},"image":{"@id":"https:\/\/kapitalis.com\/tunisie\/2020\/02\/25\/rencontres-et-echanges-a-la-fondation-rambourg-le-29-fevrier-2020-a-tunis\/#primaryimage"},"thumbnailUrl":"","keywords":["Antonin Simon Giraudet","Dach &amp; Zephyr","Fondation Rambourg","Giuseppe Caccavale"],"articleSection":["CULTURE","Tunisie"],"inLanguage":"fr-FR","potentialAction":[{"@type":"CommentAction","name":"Comment","target":["https:\/\/kapitalis.com\/tunisie\/2020\/02\/25\/rencontres-et-echanges-a-la-fondation-rambourg-le-29-fevrier-2020-a-tunis\/#respond"]}]},{"@type":"WebPage","@id":"https:\/\/kapitalis.com\/tunisie\/2020\/02\/25\/rencontres-et-echanges-a-la-fondation-rambourg-le-29-fevrier-2020-a-tunis\/","url":"https:\/\/kapitalis.com\/tunisie\/2020\/02\/25\/rencontres-et-echanges-a-la-fondation-rambourg-le-29-fevrier-2020-a-tunis\/","name":"Rencontres et \u00e9changes \u00e0 la Fondation Rambourg, le 29 f\u00e9vrier 2020 \u00e0 Tunis - Kapitalis","isPartOf":{"@id":"https:\/\/kapitalis.com\/tunisie\/#website"},"primaryImageOfPage":{"@id":"https:\/\/kapitalis.com\/tunisie\/2020\/02\/25\/rencontres-et-echanges-a-la-fondation-rambourg-le-29-fevrier-2020-a-tunis\/#primaryimage"},"image":{"@id":"https:\/\/kapitalis.com\/tunisie\/2020\/02\/25\/rencontres-et-echanges-a-la-fondation-rambourg-le-29-fevrier-2020-a-tunis\/#primaryimage"},"thumbnailUrl":"","datePublished":"2020-02-25T08:21:41+00:00","dateModified":"2020-02-25T08:21:42+00:00","breadcrumb":{"@id":"https:\/\/kapitalis.com\/tunisie\/2020\/02\/25\/rencontres-et-echanges-a-la-fondation-rambourg-le-29-fevrier-2020-a-tunis\/#breadcrumb"},"inLanguage":"fr-FR","potentialAction":[{"@type":"ReadAction","target":["https:\/\/kapitalis.com\/tunisie\/2020\/02\/25\/rencontres-et-echanges-a-la-fondation-rambourg-le-29-fevrier-2020-a-tunis\/"]}]},{"@type":"ImageObject","inLanguage":"fr-FR","@id":"https:\/\/kapitalis.com\/tunisie\/2020\/02\/25\/rencontres-et-echanges-a-la-fondation-rambourg-le-29-fevrier-2020-a-tunis\/#primaryimage","url":"","contentUrl":""},{"@type":"BreadcrumbList","@id":"https:\/\/kapitalis.com\/tunisie\/2020\/02\/25\/rencontres-et-echanges-a-la-fondation-rambourg-le-29-fevrier-2020-a-tunis\/#breadcrumb","itemListElement":[{"@type":"ListItem","position":1,"name":"Accueil","item":"https:\/\/kapitalis.com\/tunisie\/"},{"@type":"ListItem","position":2,"name":"Rencontres et \u00e9changes \u00e0 la Fondation Rambourg, le 29 f\u00e9vrier 2020 \u00e0 Tunis"}]},{"@type":"WebSite","@id":"https:\/\/kapitalis.com\/tunisie\/#website","url":"https:\/\/kapitalis.com\/tunisie\/","name":"Kapitalis","description":"L&#039;actualit\u00e9 en Tunisie et dans le monde","publisher":{"@id":"https:\/\/kapitalis.com\/tunisie\/#organization"},"potentialAction":[{"@type":"SearchAction","target":{"@type":"EntryPoint","urlTemplate":"https:\/\/kapitalis.com\/tunisie\/?s={search_term_string}"},"query-input":{"@type":"PropertyValueSpecification","valueRequired":true,"valueName":"search_term_string"}}],"inLanguage":"fr-FR"},{"@type":"Organization","@id":"https:\/\/kapitalis.com\/tunisie\/#organization","name":"Kapitalis","url":"https:\/\/kapitalis.com\/tunisie\/","logo":{"@type":"ImageObject","inLanguage":"fr-FR","@id":"https:\/\/kapitalis.com\/tunisie\/#\/schema\/logo\/image\/","url":"https:\/\/kapitalis.com\/tunisie\/wp-content\/uploads\/2022\/05\/Kapitalis-big-size.png","contentUrl":"https:\/\/kapitalis.com\/tunisie\/wp-content\/uploads\/2022\/05\/Kapitalis-big-size.png","width":5000,"height":1500,"caption":"Kapitalis"},"image":{"@id":"https:\/\/kapitalis.com\/tunisie\/#\/schema\/logo\/image\/"},"sameAs":["https:\/\/www.facebook.com\/KapitalisInfo\/","https:\/\/x.com\/KapitalisInfo","https:\/\/www.youtube.com\/channel\/UC-yDYrHyfFBWWZaOw3FPg9Q"]},{"@type":"Person","@id":"https:\/\/kapitalis.com\/tunisie\/#\/schema\/person\/d71f33a9ca44f7bad4698210b480c8e9","name":"webmaster kapitalis","url":"https:\/\/kapitalis.com\/tunisie\/author\/webmaster-kapitalis\/"}]}},"_links":{"self":[{"href":"https:\/\/kapitalis.com\/tunisie\/wp-json\/wp\/v2\/posts\/283332","targetHints":{"allow":["GET"]}}],"collection":[{"href":"https:\/\/kapitalis.com\/tunisie\/wp-json\/wp\/v2\/posts"}],"about":[{"href":"https:\/\/kapitalis.com\/tunisie\/wp-json\/wp\/v2\/types\/post"}],"author":[{"embeddable":true,"href":"https:\/\/kapitalis.com\/tunisie\/wp-json\/wp\/v2\/users\/8"}],"replies":[{"embeddable":true,"href":"https:\/\/kapitalis.com\/tunisie\/wp-json\/wp\/v2\/comments?post=283332"}],"version-history":[{"count":0,"href":"https:\/\/kapitalis.com\/tunisie\/wp-json\/wp\/v2\/posts\/283332\/revisions"}],"wp:featuredmedia":[{"embeddable":true,"href":"https:\/\/kapitalis.com\/tunisie\/wp-json\/wp\/v2\/media\/283335"}],"wp:attachment":[{"href":"https:\/\/kapitalis.com\/tunisie\/wp-json\/wp\/v2\/media?parent=283332"}],"wp:term":[{"taxonomy":"category","embeddable":true,"href":"https:\/\/kapitalis.com\/tunisie\/wp-json\/wp\/v2\/categories?post=283332"},{"taxonomy":"post_tag","embeddable":true,"href":"https:\/\/kapitalis.com\/tunisie\/wp-json\/wp\/v2\/tags?post=283332"}],"curies":[{"name":"wp","href":"https:\/\/api.w.org\/{rel}","templated":true}]}}