{"id":283360,"date":"2020-02-25T11:04:41","date_gmt":"2020-02-25T10:04:41","guid":{"rendered":"http:\/\/kapitalis.com\/tunisie\/?p=283360"},"modified":"2020-02-25T11:32:17","modified_gmt":"2020-02-25T10:32:17","slug":"sousse-arrestation-dun-jeune-homme-specialise-dans-le-vol-des-taxis","status":"publish","type":"post","link":"https:\/\/kapitalis.com\/tunisie\/2020\/02\/25\/sousse-arrestation-dun-jeune-homme-specialise-dans-le-vol-des-taxis\/","title":{"rendered":"Sousse : Arrestation d&rsquo;un jeune homme sp\u00e9cialis\u00e9 dans le vol des taxis"},"content":{"rendered":"\n<figure class=\"wp-block-image size-large\"><img decoding=\"async\" src=\"http:\/\/kapitalis.com\/tunisie\/wp-content\/uploads\/2020\/02\/taxis-1.jpg\" alt=\"\" class=\"wp-image-281155\"\/><\/figure>\n\n\n\n<p><em><strong>La police judiciaire de la ville de Sousse a r\u00e9ussi hier, 24 f\u00e9vrier 2020, \u00e0 arr\u00eater un individu impliqu\u00e9 dans le vol de voitures de taxi.<\/strong><\/em><\/p>\n\n\n\n<!--more-->\n\n\n\n<p>La strat\u00e9gie du jeune homme, n\u00e9 en 1990, consiste \u00e0 travailler, dans un premier temps, avec les propri\u00e9taires de ces v\u00e9hicules, en tant que chauffeur de taxi, avant de d\u00e9monter les voitures et de les revendre sous forme de pi\u00e8ces d\u00e9tach\u00e9es.<\/p>\n\n\n\n<p>Originaire de Sidi Bouzid, le suspect, qui vit \u00e0 la cit\u00e9 Riadh de Sousse, a fait l&rsquo;objet de plusieurs plaintes \u00e0 ce sujet, depuis 2017, aupr\u00e8s de diverses unit\u00e9s de s\u00e9curit\u00e9.<\/p>\n\n\n\n<p>Hier, l&rsquo;unit\u00e9 susmentionn\u00e9 a fait le d\u00e9placement \u00e0 Sidi Bouzid, o\u00f9 le jeune homme a \u00e9t\u00e9 arr\u00eat\u00e9, et o\u00f9 l&rsquo;une des voitures qu&rsquo;il a vol\u00e9es a \u00e9t\u00e9 r\u00e9cup\u00e9r\u00e9e.<\/p>\n\n\n\n<p class=\"has-text-align-right\"><strong>C. B. Y.<\/strong><\/p>\n","protected":false},"excerpt":{"rendered":"<p>La police judiciaire de la ville de Sousse a r\u00e9ussi hier, 24 f\u00e9vrier 2020, \u00e0 arr\u00eater un individu impliqu\u00e9 dans le vol de voitures de taxi.<\/p>\n","protected":false},"author":24,"featured_media":0,"comment_status":"open","ping_status":"open","sticky":false,"template":"","format":"standard","meta":{"footnotes":""},"categories":[998,2433],"tags":[1468,828,854,75380],"class_list":["post-283360","post","type-post","status-publish","format-standard","hentry","category-societe","category-tunisie","tag-cite-riadh","tag-sidi-bouzid","tag-sousse","tag-vol-de-taxis"],"yoast_head":"<!-- This site is optimized with the Yoast SEO plugin v26.6 - https:\/\/yoast.com\/wordpress\/plugins\/seo\/ -->\n<title>Sousse : Arrestation d&#039;un jeune homme sp\u00e9cialis\u00e9 dans le vol des taxis - Kapitalis<\/title>\n<meta name=\"robots\" content=\"index, follow, max-snippet:-1, max-image-preview:large, max-video-preview:-1\" \/>\n<link rel=\"canonical\" href=\"https:\/\/kapitalis.com\/tunisie\/2020\/02\/25\/sousse-arrestation-dun-jeune-homme-specialise-dans-le-vol-des-taxis\/\" \/>\n<meta property=\"og:locale\" content=\"fr_FR\" \/>\n<meta property=\"og:type\" content=\"article\" \/>\n<meta property=\"og:title\" content=\"Sousse : Arrestation d&#039;un jeune homme sp\u00e9cialis\u00e9 dans le vol des taxis - Kapitalis\" \/>\n<meta property=\"og:description\" content=\"La police judiciaire de la ville de Sousse a r\u00e9ussi hier, 24 f\u00e9vrier 2020, \u00e0 arr\u00eater un individu impliqu\u00e9 dans le vol de voitures de taxi.\" \/>\n<meta property=\"og:url\" content=\"https:\/\/kapitalis.com\/tunisie\/2020\/02\/25\/sousse-arrestation-dun-jeune-homme-specialise-dans-le-vol-des-taxis\/\" \/>\n<meta property=\"og:site_name\" content=\"Kapitalis\" \/>\n<meta property=\"article:publisher\" content=\"https:\/\/www.facebook.com\/KapitalisInfo\/\" \/>\n<meta property=\"article:published_time\" content=\"2020-02-25T10:04:41+00:00\" \/>\n<meta property=\"article:modified_time\" content=\"2020-02-25T10:32:17+00:00\" \/>\n<meta property=\"og:image\" content=\"http:\/\/kapitalis.com\/tunisie\/wp-content\/uploads\/2020\/02\/taxis-1.jpg\" \/>\n<meta name=\"author\" content=\"Cherif Benyounes\" \/>\n<meta name=\"twitter:card\" content=\"summary_large_image\" \/>\n<meta name=\"twitter:creator\" content=\"@KapitalisInfo\" \/>\n<meta name=\"twitter:site\" content=\"@KapitalisInfo\" \/>\n<meta name=\"twitter:label1\" content=\"\u00c9crit par\" \/>\n\t<meta name=\"twitter:data1\" content=\"Cherif Benyounes\" \/>\n\t<meta name=\"twitter:label2\" content=\"Dur\u00e9e de lecture estim\u00e9e\" \/>\n\t<meta name=\"twitter:data2\" content=\"1 minute\" \/>\n<script type=\"application\/ld+json\" class=\"yoast-schema-graph\">{\"@context\":\"https:\/\/schema.org\",\"@graph\":[{\"@type\":\"Article\",\"@id\":\"https:\/\/kapitalis.com\/tunisie\/2020\/02\/25\/sousse-arrestation-dun-jeune-homme-specialise-dans-le-vol-des-taxis\/#article\",\"isPartOf\":{\"@id\":\"https:\/\/kapitalis.com\/tunisie\/2020\/02\/25\/sousse-arrestation-dun-jeune-homme-specialise-dans-le-vol-des-taxis\/\"},\"author\":{\"name\":\"Cherif Benyounes\",\"@id\":\"https:\/\/kapitalis.com\/tunisie\/#\/schema\/person\/b35b8d631961131107263178aeb8019e\"},\"headline\":\"Sousse : Arrestation d&rsquo;un jeune homme sp\u00e9cialis\u00e9 dans le vol des taxis\",\"datePublished\":\"2020-02-25T10:04:41+00:00\",\"dateModified\":\"2020-02-25T10:32:17+00:00\",\"mainEntityOfPage\":{\"@id\":\"https:\/\/kapitalis.com\/tunisie\/2020\/02\/25\/sousse-arrestation-dun-jeune-homme-specialise-dans-le-vol-des-taxis\/\"},\"wordCount\":151,\"commentCount\":0,\"publisher\":{\"@id\":\"https:\/\/kapitalis.com\/tunisie\/#organization\"},\"image\":{\"@id\":\"https:\/\/kapitalis.com\/tunisie\/2020\/02\/25\/sousse-arrestation-dun-jeune-homme-specialise-dans-le-vol-des-taxis\/#primaryimage\"},\"thumbnailUrl\":\"http:\/\/kapitalis.com\/tunisie\/wp-content\/uploads\/2020\/02\/taxis-1.jpg\",\"keywords\":[\"Cit\u00e9 Riadh\",\"Sidi Bouzid\",\"Sousse\",\"vol de taxis\"],\"articleSection\":[\"SOCIETE\",\"Tunisie\"],\"inLanguage\":\"fr-FR\",\"potentialAction\":[{\"@type\":\"CommentAction\",\"name\":\"Comment\",\"target\":[\"https:\/\/kapitalis.com\/tunisie\/2020\/02\/25\/sousse-arrestation-dun-jeune-homme-specialise-dans-le-vol-des-taxis\/#respond\"]}]},{\"@type\":\"WebPage\",\"@id\":\"https:\/\/kapitalis.com\/tunisie\/2020\/02\/25\/sousse-arrestation-dun-jeune-homme-specialise-dans-le-vol-des-taxis\/\",\"url\":\"https:\/\/kapitalis.com\/tunisie\/2020\/02\/25\/sousse-arrestation-dun-jeune-homme-specialise-dans-le-vol-des-taxis\/\",\"name\":\"Sousse : Arrestation d'un jeune homme sp\u00e9cialis\u00e9 dans le vol des taxis - Kapitalis\",\"isPartOf\":{\"@id\":\"https:\/\/kapitalis.com\/tunisie\/#website\"},\"primaryImageOfPage\":{\"@id\":\"https:\/\/kapitalis.com\/tunisie\/2020\/02\/25\/sousse-arrestation-dun-jeune-homme-specialise-dans-le-vol-des-taxis\/#primaryimage\"},\"image\":{\"@id\":\"https:\/\/kapitalis.com\/tunisie\/2020\/02\/25\/sousse-arrestation-dun-jeune-homme-specialise-dans-le-vol-des-taxis\/#primaryimage\"},\"thumbnailUrl\":\"http:\/\/kapitalis.com\/tunisie\/wp-content\/uploads\/2020\/02\/taxis-1.jpg\",\"datePublished\":\"2020-02-25T10:04:41+00:00\",\"dateModified\":\"2020-02-25T10:32:17+00:00\",\"breadcrumb\":{\"@id\":\"https:\/\/kapitalis.com\/tunisie\/2020\/02\/25\/sousse-arrestation-dun-jeune-homme-specialise-dans-le-vol-des-taxis\/#breadcrumb\"},\"inLanguage\":\"fr-FR\",\"potentialAction\":[{\"@type\":\"ReadAction\",\"target\":[\"https:\/\/kapitalis.com\/tunisie\/2020\/02\/25\/sousse-arrestation-dun-jeune-homme-specialise-dans-le-vol-des-taxis\/\"]}]},{\"@type\":\"ImageObject\",\"inLanguage\":\"fr-FR\",\"@id\":\"https:\/\/kapitalis.com\/tunisie\/2020\/02\/25\/sousse-arrestation-dun-jeune-homme-specialise-dans-le-vol-des-taxis\/#primaryimage\",\"url\":\"\",\"contentUrl\":\"\"},{\"@type\":\"BreadcrumbList\",\"@id\":\"https:\/\/kapitalis.com\/tunisie\/2020\/02\/25\/sousse-arrestation-dun-jeune-homme-specialise-dans-le-vol-des-taxis\/#breadcrumb\",\"itemListElement\":[{\"@type\":\"ListItem\",\"position\":1,\"name\":\"Accueil\",\"item\":\"https:\/\/kapitalis.com\/tunisie\/\"},{\"@type\":\"ListItem\",\"position\":2,\"name\":\"Sousse : Arrestation d&rsquo;un jeune homme sp\u00e9cialis\u00e9 dans le vol des taxis\"}]},{\"@type\":\"WebSite\",\"@id\":\"https:\/\/kapitalis.com\/tunisie\/#website\",\"url\":\"https:\/\/kapitalis.com\/tunisie\/\",\"name\":\"Kapitalis\",\"description\":\"L&#039;actualit\u00e9 en Tunisie et dans le monde\",\"publisher\":{\"@id\":\"https:\/\/kapitalis.com\/tunisie\/#organization\"},\"potentialAction\":[{\"@type\":\"SearchAction\",\"target\":{\"@type\":\"EntryPoint\",\"urlTemplate\":\"https:\/\/kapitalis.com\/tunisie\/?s={search_term_string}\"},\"query-input\":{\"@type\":\"PropertyValueSpecification\",\"valueRequired\":true,\"valueName\":\"search_term_string\"}}],\"inLanguage\":\"fr-FR\"},{\"@type\":\"Organization\",\"@id\":\"https:\/\/kapitalis.com\/tunisie\/#organization\",\"name\":\"Kapitalis\",\"url\":\"https:\/\/kapitalis.com\/tunisie\/\",\"logo\":{\"@type\":\"ImageObject\",\"inLanguage\":\"fr-FR\",\"@id\":\"https:\/\/kapitalis.com\/tunisie\/#\/schema\/logo\/image\/\",\"url\":\"https:\/\/kapitalis.com\/tunisie\/wp-content\/uploads\/2022\/05\/Kapitalis-big-size.png\",\"contentUrl\":\"https:\/\/kapitalis.com\/tunisie\/wp-content\/uploads\/2022\/05\/Kapitalis-big-size.png\",\"width\":5000,\"height\":1500,\"caption\":\"Kapitalis\"},\"image\":{\"@id\":\"https:\/\/kapitalis.com\/tunisie\/#\/schema\/logo\/image\/\"},\"sameAs\":[\"https:\/\/www.facebook.com\/KapitalisInfo\/\",\"https:\/\/x.com\/KapitalisInfo\",\"https:\/\/www.youtube.com\/channel\/UC-yDYrHyfFBWWZaOw3FPg9Q\"]},{\"@type\":\"Person\",\"@id\":\"https:\/\/kapitalis.com\/tunisie\/#\/schema\/person\/b35b8d631961131107263178aeb8019e\",\"name\":\"Cherif Benyounes\",\"url\":\"https:\/\/kapitalis.com\/tunisie\/author\/cherif\/\"}]}<\/script>\n<!-- \/ Yoast SEO plugin. -->","yoast_head_json":{"title":"Sousse : Arrestation d'un jeune homme sp\u00e9cialis\u00e9 dans le vol des taxis - Kapitalis","robots":{"index":"index","follow":"follow","max-snippet":"max-snippet:-1","max-image-preview":"max-image-preview:large","max-video-preview":"max-video-preview:-1"},"canonical":"https:\/\/kapitalis.com\/tunisie\/2020\/02\/25\/sousse-arrestation-dun-jeune-homme-specialise-dans-le-vol-des-taxis\/","og_locale":"fr_FR","og_type":"article","og_title":"Sousse : Arrestation d'un jeune homme sp\u00e9cialis\u00e9 dans le vol des taxis - Kapitalis","og_description":"La police judiciaire de la ville de Sousse a r\u00e9ussi hier, 24 f\u00e9vrier 2020, \u00e0 arr\u00eater un individu impliqu\u00e9 dans le vol de voitures de taxi.","og_url":"https:\/\/kapitalis.com\/tunisie\/2020\/02\/25\/sousse-arrestation-dun-jeune-homme-specialise-dans-le-vol-des-taxis\/","og_site_name":"Kapitalis","article_publisher":"https:\/\/www.facebook.com\/KapitalisInfo\/","article_published_time":"2020-02-25T10:04:41+00:00","article_modified_time":"2020-02-25T10:32:17+00:00","og_image":[{"url":"http:\/\/kapitalis.com\/tunisie\/wp-content\/uploads\/2020\/02\/taxis-1.jpg","type":"","width":"","height":""}],"author":"Cherif Benyounes","twitter_card":"summary_large_image","twitter_creator":"@KapitalisInfo","twitter_site":"@KapitalisInfo","twitter_misc":{"\u00c9crit par":"Cherif Benyounes","Dur\u00e9e de lecture estim\u00e9e":"1 minute"},"schema":{"@context":"https:\/\/schema.org","@graph":[{"@type":"Article","@id":"https:\/\/kapitalis.com\/tunisie\/2020\/02\/25\/sousse-arrestation-dun-jeune-homme-specialise-dans-le-vol-des-taxis\/#article","isPartOf":{"@id":"https:\/\/kapitalis.com\/tunisie\/2020\/02\/25\/sousse-arrestation-dun-jeune-homme-specialise-dans-le-vol-des-taxis\/"},"author":{"name":"Cherif Benyounes","@id":"https:\/\/kapitalis.com\/tunisie\/#\/schema\/person\/b35b8d631961131107263178aeb8019e"},"headline":"Sousse : Arrestation d&rsquo;un jeune homme sp\u00e9cialis\u00e9 dans le vol des taxis","datePublished":"2020-02-25T10:04:41+00:00","dateModified":"2020-02-25T10:32:17+00:00","mainEntityOfPage":{"@id":"https:\/\/kapitalis.com\/tunisie\/2020\/02\/25\/sousse-arrestation-dun-jeune-homme-specialise-dans-le-vol-des-taxis\/"},"wordCount":151,"commentCount":0,"publisher":{"@id":"https:\/\/kapitalis.com\/tunisie\/#organization"},"image":{"@id":"https:\/\/kapitalis.com\/tunisie\/2020\/02\/25\/sousse-arrestation-dun-jeune-homme-specialise-dans-le-vol-des-taxis\/#primaryimage"},"thumbnailUrl":"http:\/\/kapitalis.com\/tunisie\/wp-content\/uploads\/2020\/02\/taxis-1.jpg","keywords":["Cit\u00e9 Riadh","Sidi Bouzid","Sousse","vol de taxis"],"articleSection":["SOCIETE","Tunisie"],"inLanguage":"fr-FR","potentialAction":[{"@type":"CommentAction","name":"Comment","target":["https:\/\/kapitalis.com\/tunisie\/2020\/02\/25\/sousse-arrestation-dun-jeune-homme-specialise-dans-le-vol-des-taxis\/#respond"]}]},{"@type":"WebPage","@id":"https:\/\/kapitalis.com\/tunisie\/2020\/02\/25\/sousse-arrestation-dun-jeune-homme-specialise-dans-le-vol-des-taxis\/","url":"https:\/\/kapitalis.com\/tunisie\/2020\/02\/25\/sousse-arrestation-dun-jeune-homme-specialise-dans-le-vol-des-taxis\/","name":"Sousse : Arrestation d'un jeune homme sp\u00e9cialis\u00e9 dans le vol des taxis - Kapitalis","isPartOf":{"@id":"https:\/\/kapitalis.com\/tunisie\/#website"},"primaryImageOfPage":{"@id":"https:\/\/kapitalis.com\/tunisie\/2020\/02\/25\/sousse-arrestation-dun-jeune-homme-specialise-dans-le-vol-des-taxis\/#primaryimage"},"image":{"@id":"https:\/\/kapitalis.com\/tunisie\/2020\/02\/25\/sousse-arrestation-dun-jeune-homme-specialise-dans-le-vol-des-taxis\/#primaryimage"},"thumbnailUrl":"http:\/\/kapitalis.com\/tunisie\/wp-content\/uploads\/2020\/02\/taxis-1.jpg","datePublished":"2020-02-25T10:04:41+00:00","dateModified":"2020-02-25T10:32:17+00:00","breadcrumb":{"@id":"https:\/\/kapitalis.com\/tunisie\/2020\/02\/25\/sousse-arrestation-dun-jeune-homme-specialise-dans-le-vol-des-taxis\/#breadcrumb"},"inLanguage":"fr-FR","potentialAction":[{"@type":"ReadAction","target":["https:\/\/kapitalis.com\/tunisie\/2020\/02\/25\/sousse-arrestation-dun-jeune-homme-specialise-dans-le-vol-des-taxis\/"]}]},{"@type":"ImageObject","inLanguage":"fr-FR","@id":"https:\/\/kapitalis.com\/tunisie\/2020\/02\/25\/sousse-arrestation-dun-jeune-homme-specialise-dans-le-vol-des-taxis\/#primaryimage","url":"","contentUrl":""},{"@type":"BreadcrumbList","@id":"https:\/\/kapitalis.com\/tunisie\/2020\/02\/25\/sousse-arrestation-dun-jeune-homme-specialise-dans-le-vol-des-taxis\/#breadcrumb","itemListElement":[{"@type":"ListItem","position":1,"name":"Accueil","item":"https:\/\/kapitalis.com\/tunisie\/"},{"@type":"ListItem","position":2,"name":"Sousse : Arrestation d&rsquo;un jeune homme sp\u00e9cialis\u00e9 dans le vol des taxis"}]},{"@type":"WebSite","@id":"https:\/\/kapitalis.com\/tunisie\/#website","url":"https:\/\/kapitalis.com\/tunisie\/","name":"Kapitalis","description":"L&#039;actualit\u00e9 en Tunisie et dans le monde","publisher":{"@id":"https:\/\/kapitalis.com\/tunisie\/#organization"},"potentialAction":[{"@type":"SearchAction","target":{"@type":"EntryPoint","urlTemplate":"https:\/\/kapitalis.com\/tunisie\/?s={search_term_string}"},"query-input":{"@type":"PropertyValueSpecification","valueRequired":true,"valueName":"search_term_string"}}],"inLanguage":"fr-FR"},{"@type":"Organization","@id":"https:\/\/kapitalis.com\/tunisie\/#organization","name":"Kapitalis","url":"https:\/\/kapitalis.com\/tunisie\/","logo":{"@type":"ImageObject","inLanguage":"fr-FR","@id":"https:\/\/kapitalis.com\/tunisie\/#\/schema\/logo\/image\/","url":"https:\/\/kapitalis.com\/tunisie\/wp-content\/uploads\/2022\/05\/Kapitalis-big-size.png","contentUrl":"https:\/\/kapitalis.com\/tunisie\/wp-content\/uploads\/2022\/05\/Kapitalis-big-size.png","width":5000,"height":1500,"caption":"Kapitalis"},"image":{"@id":"https:\/\/kapitalis.com\/tunisie\/#\/schema\/logo\/image\/"},"sameAs":["https:\/\/www.facebook.com\/KapitalisInfo\/","https:\/\/x.com\/KapitalisInfo","https:\/\/www.youtube.com\/channel\/UC-yDYrHyfFBWWZaOw3FPg9Q"]},{"@type":"Person","@id":"https:\/\/kapitalis.com\/tunisie\/#\/schema\/person\/b35b8d631961131107263178aeb8019e","name":"Cherif Benyounes","url":"https:\/\/kapitalis.com\/tunisie\/author\/cherif\/"}]}},"_links":{"self":[{"href":"https:\/\/kapitalis.com\/tunisie\/wp-json\/wp\/v2\/posts\/283360","targetHints":{"allow":["GET"]}}],"collection":[{"href":"https:\/\/kapitalis.com\/tunisie\/wp-json\/wp\/v2\/posts"}],"about":[{"href":"https:\/\/kapitalis.com\/tunisie\/wp-json\/wp\/v2\/types\/post"}],"author":[{"embeddable":true,"href":"https:\/\/kapitalis.com\/tunisie\/wp-json\/wp\/v2\/users\/24"}],"replies":[{"embeddable":true,"href":"https:\/\/kapitalis.com\/tunisie\/wp-json\/wp\/v2\/comments?post=283360"}],"version-history":[{"count":0,"href":"https:\/\/kapitalis.com\/tunisie\/wp-json\/wp\/v2\/posts\/283360\/revisions"}],"wp:attachment":[{"href":"https:\/\/kapitalis.com\/tunisie\/wp-json\/wp\/v2\/media?parent=283360"}],"wp:term":[{"taxonomy":"category","embeddable":true,"href":"https:\/\/kapitalis.com\/tunisie\/wp-json\/wp\/v2\/categories?post=283360"},{"taxonomy":"post_tag","embeddable":true,"href":"https:\/\/kapitalis.com\/tunisie\/wp-json\/wp\/v2\/tags?post=283360"}],"curies":[{"name":"wp","href":"https:\/\/api.w.org\/{rel}","templated":true}]}}