{"id":283364,"date":"2020-02-25T12:21:19","date_gmt":"2020-02-25T11:21:19","guid":{"rendered":"http:\/\/kapitalis.com\/tunisie\/?p=283364"},"modified":"2020-02-25T12:21:20","modified_gmt":"2020-02-25T11:21:20","slug":"selon-ghazi-el-biche-la-responsabilite-sincere-de-lentreprise-est-une-attitude-plus-rentable","status":"publish","type":"post","link":"https:\/\/kapitalis.com\/tunisie\/2020\/02\/25\/selon-ghazi-el-biche-la-responsabilite-sincere-de-lentreprise-est-une-attitude-plus-rentable\/","title":{"rendered":"Selon Ghazi El Biche, la responsabilit\u00e9 \u00absinc\u00e8re\u00bb de l&rsquo;entreprise est une \u00abattitude\u00bb plus rentable"},"content":{"rendered":"\n<figure class=\"wp-block-image size-large\"><img decoding=\"async\" src=\"http:\/\/kapitalis.com\/tunisie\/wp-content\/uploads\/2020\/02\/Ghazi-El-Biche.jpg\" alt=\"\" class=\"wp-image-283385\"\/><\/figure>\n\n\n\n<p><strong><em>Ghazi El Biche, vice-pr\u00e9sident de la F\u00e9d\u00e9ration du textile et chef d&rsquo;entreprise, donne son point de vue sur les r\u00e9sultats probants d&rsquo;une responsabilit\u00e9 \u00absinc\u00e8re\u00bb plut\u00f4t que \u00absoci\u00e9tale\u00bb<\/em><\/strong> <strong><em>de l&rsquo;entreprise. Une \u00abattitude\u00bb rentable pour tous, qu&rsquo;il a mise en oeuvre dans sa propre soci\u00e9t\u00e9.<\/em><\/strong><\/p>\n\n\n\n<!--more-->\n\n\n\n<p>Ghazi El Biche a toujours cru au concept de la responsabilit\u00e9 <em>\u00absinc\u00e8re\u00bb <\/em>de l&rsquo;entreprise (RSE), qui, selon l&rsquo;exp\u00e9rience v\u00e9cue, donne de bons r\u00e9sultats \u00e0 l&rsquo;entreprise et cr\u00e9e un environnement <em>\u00abhumainement\u00bb<\/em> rentable au profit des travailleurs et du management. <\/p>\n\n\n\n<p>C&rsquo;est en synth\u00e8se le contenu de l&rsquo;interview accord\u00e9e par Ghazi El Biche \u00e0 Express FM, le dimanche dernier 23 f\u00e9vrier 2020.  <\/p>\n\n\n\n<p>Contrairement \u00e0 la\u00a0responsabilit\u00e9 soci\u00e9tale des\u00a0entreprises qui est un <em>\u00abconcept o\u00f9 les\u00a0entreprises\u00a0int\u00e8grent les pr\u00e9occupations sociales, environnementales, et \u00e9conomiques dans leurs activit\u00e9s et dans leurs interactions avec leurs parties prenantes, sur une base volontaire, la (RSE<strong>) <\/strong>se base sur la sinc\u00e9rit\u00e9 de l&rsquo;entreprise envers ses employ\u00e9s, qui doit se comporter plus que jamais comme un chef de famille \u00ab\u00a0\u00e9clair\u00e9\u00a0\u00bb au secours de ses employ\u00e9s\u00bb<\/em>. Aussi, pr\u00e9cise El Biche, la RSE ne co\u00fbte pas d&rsquo;argent et n&rsquo;est pas non plus une prise en charge financi\u00e8re de l&#8217;employ\u00e9.<\/p>\n\n\n\n<p>Ghazi a mis ce concept en pratique en affectant, dans son entreprise, un sociologue, un avocat, une assistante sociale, un nutritionniste, etc., pour \u00eatre \u00e0 l&rsquo;\u00e9coute des employ\u00e9s et surtout les aider \u00e0 g\u00e9rer leurs probl\u00e8mes. <\/p>\n\n\n\n<p>Les managers eux-m\u00eames d\u00e9dient quelque temps apr\u00e8s le travail, pour dialoguer avec leurs employ\u00e9s et surtout les \u00e9couter, sans n\u00e9cessairement parler de l&rsquo;entreprise mais plut\u00f4t de leurs propres conditions de vie. Des cours de yoga, d&rsquo;\u00e9ducation des adolescents, de culture bancaire, etc., sont donn\u00e9s aux employ\u00e9s. Un nouveau projet vient de se rajouter : suivre l&rsquo;\u00e9tat psychique et \u00e9motionnel du travailleur pour l&rsquo;aider \u00e0 \u00eatre plus heureux dans sa vie et dans son travail.<\/p>\n\n\n\n<p>M. El Biche ironise en disant que cela co\u00fbte le prix d&rsquo;une voiture et qu&rsquo;il vaut investir dans de tels services, qui \u00e0 long terme sont b\u00e9n\u00e9fiques \u00e0 tout le monde.  <\/p>\n\n\n\n<p>Pour ce qui est de valoriser le travail qui, somme toute repr\u00e9sente une obligation et m\u00eame une souffrance pour certains, l&rsquo;id\u00e9al est de donner un sens au travail pour amener les travailleurs \u00e0 l&rsquo;aimer. M. El Biche base son sens du travail sur 3 credo : la formation continue, l&rsquo;\u00e9quit\u00e9 et la justice sociale. Et il les met en pratique de cette mani\u00e8re.<\/p>\n\n\n\n<p>Quant \u00e0 la question sur les conseils \u00e0 donner aux politiciens en Tunisie, Ghazi El Biche pr\u00e9cise qu&rsquo;ils sont tous bons et ont de bonnes comp\u00e9tences techniques. Le probl\u00e8me qui se pose se trouve ailleurs : ils doivent avoir un profil de vrai leader, ne pas tout changer et tout r\u00e9former sit\u00f4t leur nouveau poste occup\u00e9. Ils devraient plut\u00f4t communiquer de plus pr\u00e8s avec le personnel de leurs minist\u00e8res respectifs, et travailler dans la continuit\u00e9 des dossiers tout en entreprenant quelques reformes avec l&rsquo;engagement collectif de tout le monde. Un ministre qui travaille seul tout en haut de l&rsquo;\u00e9chelle, sans descendre voir ce qu&rsquo;il y a en dessous, ne r\u00e9ussira pas son passage au minist\u00e8re qu&rsquo;il dirige et ses d\u00e9cisions seront individualistes.<\/p>\n\n\n\n<p>Pour ce qui est de banques, celles-ci devraient, selon lui, tenter de solutionner le probl\u00e8me de logement de leurs employ\u00e9s en s&rsquo;associant avec des soci\u00e9t\u00e9s, et construire des logements sur mesure selon la capacit\u00e9 de remboursement des employ\u00e9s (40%), avec des zones de vie pour leurs familles.<\/p>\n\n\n\n<p class=\"has-text-align-right\"><strong>A. M.<\/strong><\/p>\n","protected":false},"excerpt":{"rendered":"<p>Ghazi El Biche, vice-pr\u00e9sident de la F\u00e9d\u00e9ration du textile et chef d&rsquo;entreprise, donne son point de vue sur les r\u00e9sultats probants d&rsquo;une responsabilit\u00e9 \u00absinc\u00e8re\u00bb plut\u00f4t que \u00absoci\u00e9tale\u00bb de l&rsquo;entreprise. Une \u00abattitude\u00bb rentable pour tous, qu&rsquo;il a mise en oeuvre dans sa propre soci\u00e9t\u00e9.<\/p>\n","protected":false},"author":22,"featured_media":283385,"comment_status":"open","ping_status":"open","sticky":false,"template":"","format":"standard","meta":{"footnotes":""},"categories":[995,2433],"tags":[75386,75385],"class_list":["post-283364","post","type-post","status-publish","format-standard","has-post-thumbnail","hentry","category-economie","category-tunisie","tag-federation-du-textile","tag-ghazi-el-biche"],"yoast_head":"<!-- This site is optimized with the Yoast SEO plugin v26.6 - https:\/\/yoast.com\/wordpress\/plugins\/seo\/ -->\n<title>Selon Ghazi El Biche, la responsabilit\u00e9 \u00absinc\u00e8re\u00bb de l&#039;entreprise est une \u00abattitude\u00bb plus rentable - Kapitalis<\/title>\n<meta name=\"robots\" content=\"index, follow, max-snippet:-1, max-image-preview:large, max-video-preview:-1\" \/>\n<link rel=\"canonical\" href=\"https:\/\/kapitalis.com\/tunisie\/2020\/02\/25\/selon-ghazi-el-biche-la-responsabilite-sincere-de-lentreprise-est-une-attitude-plus-rentable\/\" \/>\n<meta property=\"og:locale\" content=\"fr_FR\" \/>\n<meta property=\"og:type\" content=\"article\" \/>\n<meta property=\"og:title\" content=\"Selon Ghazi El Biche, la responsabilit\u00e9 \u00absinc\u00e8re\u00bb de l&#039;entreprise est une \u00abattitude\u00bb plus rentable - Kapitalis\" \/>\n<meta property=\"og:description\" content=\"Ghazi El Biche, vice-pr\u00e9sident de la F\u00e9d\u00e9ration du textile et chef d&rsquo;entreprise, donne son point de vue sur les r\u00e9sultats probants d&rsquo;une responsabilit\u00e9 \u00absinc\u00e8re\u00bb plut\u00f4t que \u00absoci\u00e9tale\u00bb de l&rsquo;entreprise. Une \u00abattitude\u00bb rentable pour tous, qu&rsquo;il a mise en oeuvre dans sa propre soci\u00e9t\u00e9.\" \/>\n<meta property=\"og:url\" content=\"https:\/\/kapitalis.com\/tunisie\/2020\/02\/25\/selon-ghazi-el-biche-la-responsabilite-sincere-de-lentreprise-est-une-attitude-plus-rentable\/\" \/>\n<meta property=\"og:site_name\" content=\"Kapitalis\" \/>\n<meta property=\"article:publisher\" content=\"https:\/\/www.facebook.com\/KapitalisInfo\/\" \/>\n<meta property=\"article:published_time\" content=\"2020-02-25T11:21:19+00:00\" \/>\n<meta property=\"article:modified_time\" content=\"2020-02-25T11:21:20+00:00\" \/>\n<meta property=\"og:image\" content=\"https:\/\/kapitalis.com\/tunisie\/wp-content\/uploads\/2022\/05\/kapitalis-logo-fb.png\" \/>\n\t<meta property=\"og:image:width\" content=\"1200\" \/>\n\t<meta property=\"og:image:height\" content=\"630\" \/>\n\t<meta property=\"og:image:type\" content=\"image\/png\" \/>\n<meta name=\"author\" content=\"Amina Mkada\" \/>\n<meta name=\"twitter:card\" content=\"summary_large_image\" \/>\n<meta name=\"twitter:creator\" content=\"@KapitalisInfo\" \/>\n<meta name=\"twitter:site\" content=\"@KapitalisInfo\" \/>\n<meta name=\"twitter:label1\" content=\"\u00c9crit par\" \/>\n\t<meta name=\"twitter:data1\" content=\"Amina Mkada\" \/>\n\t<meta name=\"twitter:label2\" content=\"Dur\u00e9e de lecture estim\u00e9e\" \/>\n\t<meta name=\"twitter:data2\" content=\"3 minutes\" \/>\n<script type=\"application\/ld+json\" class=\"yoast-schema-graph\">{\"@context\":\"https:\/\/schema.org\",\"@graph\":[{\"@type\":\"Article\",\"@id\":\"https:\/\/kapitalis.com\/tunisie\/2020\/02\/25\/selon-ghazi-el-biche-la-responsabilite-sincere-de-lentreprise-est-une-attitude-plus-rentable\/#article\",\"isPartOf\":{\"@id\":\"https:\/\/kapitalis.com\/tunisie\/2020\/02\/25\/selon-ghazi-el-biche-la-responsabilite-sincere-de-lentreprise-est-une-attitude-plus-rentable\/\"},\"author\":{\"name\":\"Amina Mkada\",\"@id\":\"https:\/\/kapitalis.com\/tunisie\/#\/schema\/person\/093913313d3017554cb3ad077fff3fbd\"},\"headline\":\"Selon Ghazi El Biche, la responsabilit\u00e9 \u00absinc\u00e8re\u00bb de l&rsquo;entreprise est une \u00abattitude\u00bb plus rentable\",\"datePublished\":\"2020-02-25T11:21:19+00:00\",\"dateModified\":\"2020-02-25T11:21:20+00:00\",\"mainEntityOfPage\":{\"@id\":\"https:\/\/kapitalis.com\/tunisie\/2020\/02\/25\/selon-ghazi-el-biche-la-responsabilite-sincere-de-lentreprise-est-une-attitude-plus-rentable\/\"},\"wordCount\":627,\"commentCount\":1,\"publisher\":{\"@id\":\"https:\/\/kapitalis.com\/tunisie\/#organization\"},\"image\":{\"@id\":\"https:\/\/kapitalis.com\/tunisie\/2020\/02\/25\/selon-ghazi-el-biche-la-responsabilite-sincere-de-lentreprise-est-une-attitude-plus-rentable\/#primaryimage\"},\"thumbnailUrl\":\"\",\"keywords\":[\"f\u00e9d\u00e9ration du textile\",\"Ghazi El Biche\"],\"articleSection\":[\"ECONOMIE\",\"Tunisie\"],\"inLanguage\":\"fr-FR\",\"potentialAction\":[{\"@type\":\"CommentAction\",\"name\":\"Comment\",\"target\":[\"https:\/\/kapitalis.com\/tunisie\/2020\/02\/25\/selon-ghazi-el-biche-la-responsabilite-sincere-de-lentreprise-est-une-attitude-plus-rentable\/#respond\"]}]},{\"@type\":\"WebPage\",\"@id\":\"https:\/\/kapitalis.com\/tunisie\/2020\/02\/25\/selon-ghazi-el-biche-la-responsabilite-sincere-de-lentreprise-est-une-attitude-plus-rentable\/\",\"url\":\"https:\/\/kapitalis.com\/tunisie\/2020\/02\/25\/selon-ghazi-el-biche-la-responsabilite-sincere-de-lentreprise-est-une-attitude-plus-rentable\/\",\"name\":\"Selon Ghazi El Biche, la responsabilit\u00e9 \u00absinc\u00e8re\u00bb de l'entreprise est une \u00abattitude\u00bb plus rentable - Kapitalis\",\"isPartOf\":{\"@id\":\"https:\/\/kapitalis.com\/tunisie\/#website\"},\"primaryImageOfPage\":{\"@id\":\"https:\/\/kapitalis.com\/tunisie\/2020\/02\/25\/selon-ghazi-el-biche-la-responsabilite-sincere-de-lentreprise-est-une-attitude-plus-rentable\/#primaryimage\"},\"image\":{\"@id\":\"https:\/\/kapitalis.com\/tunisie\/2020\/02\/25\/selon-ghazi-el-biche-la-responsabilite-sincere-de-lentreprise-est-une-attitude-plus-rentable\/#primaryimage\"},\"thumbnailUrl\":\"\",\"datePublished\":\"2020-02-25T11:21:19+00:00\",\"dateModified\":\"2020-02-25T11:21:20+00:00\",\"breadcrumb\":{\"@id\":\"https:\/\/kapitalis.com\/tunisie\/2020\/02\/25\/selon-ghazi-el-biche-la-responsabilite-sincere-de-lentreprise-est-une-attitude-plus-rentable\/#breadcrumb\"},\"inLanguage\":\"fr-FR\",\"potentialAction\":[{\"@type\":\"ReadAction\",\"target\":[\"https:\/\/kapitalis.com\/tunisie\/2020\/02\/25\/selon-ghazi-el-biche-la-responsabilite-sincere-de-lentreprise-est-une-attitude-plus-rentable\/\"]}]},{\"@type\":\"ImageObject\",\"inLanguage\":\"fr-FR\",\"@id\":\"https:\/\/kapitalis.com\/tunisie\/2020\/02\/25\/selon-ghazi-el-biche-la-responsabilite-sincere-de-lentreprise-est-une-attitude-plus-rentable\/#primaryimage\",\"url\":\"\",\"contentUrl\":\"\"},{\"@type\":\"BreadcrumbList\",\"@id\":\"https:\/\/kapitalis.com\/tunisie\/2020\/02\/25\/selon-ghazi-el-biche-la-responsabilite-sincere-de-lentreprise-est-une-attitude-plus-rentable\/#breadcrumb\",\"itemListElement\":[{\"@type\":\"ListItem\",\"position\":1,\"name\":\"Accueil\",\"item\":\"https:\/\/kapitalis.com\/tunisie\/\"},{\"@type\":\"ListItem\",\"position\":2,\"name\":\"Selon Ghazi El Biche, la responsabilit\u00e9 \u00absinc\u00e8re\u00bb de l&rsquo;entreprise est une \u00abattitude\u00bb plus rentable\"}]},{\"@type\":\"WebSite\",\"@id\":\"https:\/\/kapitalis.com\/tunisie\/#website\",\"url\":\"https:\/\/kapitalis.com\/tunisie\/\",\"name\":\"Kapitalis\",\"description\":\"L&#039;actualit\u00e9 en Tunisie et dans le monde\",\"publisher\":{\"@id\":\"https:\/\/kapitalis.com\/tunisie\/#organization\"},\"potentialAction\":[{\"@type\":\"SearchAction\",\"target\":{\"@type\":\"EntryPoint\",\"urlTemplate\":\"https:\/\/kapitalis.com\/tunisie\/?s={search_term_string}\"},\"query-input\":{\"@type\":\"PropertyValueSpecification\",\"valueRequired\":true,\"valueName\":\"search_term_string\"}}],\"inLanguage\":\"fr-FR\"},{\"@type\":\"Organization\",\"@id\":\"https:\/\/kapitalis.com\/tunisie\/#organization\",\"name\":\"Kapitalis\",\"url\":\"https:\/\/kapitalis.com\/tunisie\/\",\"logo\":{\"@type\":\"ImageObject\",\"inLanguage\":\"fr-FR\",\"@id\":\"https:\/\/kapitalis.com\/tunisie\/#\/schema\/logo\/image\/\",\"url\":\"https:\/\/kapitalis.com\/tunisie\/wp-content\/uploads\/2022\/05\/Kapitalis-big-size.png\",\"contentUrl\":\"https:\/\/kapitalis.com\/tunisie\/wp-content\/uploads\/2022\/05\/Kapitalis-big-size.png\",\"width\":5000,\"height\":1500,\"caption\":\"Kapitalis\"},\"image\":{\"@id\":\"https:\/\/kapitalis.com\/tunisie\/#\/schema\/logo\/image\/\"},\"sameAs\":[\"https:\/\/www.facebook.com\/KapitalisInfo\/\",\"https:\/\/x.com\/KapitalisInfo\",\"https:\/\/www.youtube.com\/channel\/UC-yDYrHyfFBWWZaOw3FPg9Q\"]},{\"@type\":\"Person\",\"@id\":\"https:\/\/kapitalis.com\/tunisie\/#\/schema\/person\/093913313d3017554cb3ad077fff3fbd\",\"name\":\"Amina Mkada\",\"url\":\"https:\/\/kapitalis.com\/tunisie\/author\/amina\/\"}]}<\/script>\n<!-- \/ Yoast SEO plugin. -->","yoast_head_json":{"title":"Selon Ghazi El Biche, la responsabilit\u00e9 \u00absinc\u00e8re\u00bb de l'entreprise est une \u00abattitude\u00bb plus rentable - Kapitalis","robots":{"index":"index","follow":"follow","max-snippet":"max-snippet:-1","max-image-preview":"max-image-preview:large","max-video-preview":"max-video-preview:-1"},"canonical":"https:\/\/kapitalis.com\/tunisie\/2020\/02\/25\/selon-ghazi-el-biche-la-responsabilite-sincere-de-lentreprise-est-une-attitude-plus-rentable\/","og_locale":"fr_FR","og_type":"article","og_title":"Selon Ghazi El Biche, la responsabilit\u00e9 \u00absinc\u00e8re\u00bb de l'entreprise est une \u00abattitude\u00bb plus rentable - Kapitalis","og_description":"Ghazi El Biche, vice-pr\u00e9sident de la F\u00e9d\u00e9ration du textile et chef d&rsquo;entreprise, donne son point de vue sur les r\u00e9sultats probants d&rsquo;une responsabilit\u00e9 \u00absinc\u00e8re\u00bb plut\u00f4t que \u00absoci\u00e9tale\u00bb de l&rsquo;entreprise. Une \u00abattitude\u00bb rentable pour tous, qu&rsquo;il a mise en oeuvre dans sa propre soci\u00e9t\u00e9.","og_url":"https:\/\/kapitalis.com\/tunisie\/2020\/02\/25\/selon-ghazi-el-biche-la-responsabilite-sincere-de-lentreprise-est-une-attitude-plus-rentable\/","og_site_name":"Kapitalis","article_publisher":"https:\/\/www.facebook.com\/KapitalisInfo\/","article_published_time":"2020-02-25T11:21:19+00:00","article_modified_time":"2020-02-25T11:21:20+00:00","og_image":[{"width":1200,"height":630,"url":"https:\/\/kapitalis.com\/tunisie\/wp-content\/uploads\/2022\/05\/kapitalis-logo-fb.png","type":"image\/png"}],"author":"Amina Mkada","twitter_card":"summary_large_image","twitter_creator":"@KapitalisInfo","twitter_site":"@KapitalisInfo","twitter_misc":{"\u00c9crit par":"Amina Mkada","Dur\u00e9e de lecture estim\u00e9e":"3 minutes"},"schema":{"@context":"https:\/\/schema.org","@graph":[{"@type":"Article","@id":"https:\/\/kapitalis.com\/tunisie\/2020\/02\/25\/selon-ghazi-el-biche-la-responsabilite-sincere-de-lentreprise-est-une-attitude-plus-rentable\/#article","isPartOf":{"@id":"https:\/\/kapitalis.com\/tunisie\/2020\/02\/25\/selon-ghazi-el-biche-la-responsabilite-sincere-de-lentreprise-est-une-attitude-plus-rentable\/"},"author":{"name":"Amina Mkada","@id":"https:\/\/kapitalis.com\/tunisie\/#\/schema\/person\/093913313d3017554cb3ad077fff3fbd"},"headline":"Selon Ghazi El Biche, la responsabilit\u00e9 \u00absinc\u00e8re\u00bb de l&rsquo;entreprise est une \u00abattitude\u00bb plus rentable","datePublished":"2020-02-25T11:21:19+00:00","dateModified":"2020-02-25T11:21:20+00:00","mainEntityOfPage":{"@id":"https:\/\/kapitalis.com\/tunisie\/2020\/02\/25\/selon-ghazi-el-biche-la-responsabilite-sincere-de-lentreprise-est-une-attitude-plus-rentable\/"},"wordCount":627,"commentCount":1,"publisher":{"@id":"https:\/\/kapitalis.com\/tunisie\/#organization"},"image":{"@id":"https:\/\/kapitalis.com\/tunisie\/2020\/02\/25\/selon-ghazi-el-biche-la-responsabilite-sincere-de-lentreprise-est-une-attitude-plus-rentable\/#primaryimage"},"thumbnailUrl":"","keywords":["f\u00e9d\u00e9ration du textile","Ghazi El Biche"],"articleSection":["ECONOMIE","Tunisie"],"inLanguage":"fr-FR","potentialAction":[{"@type":"CommentAction","name":"Comment","target":["https:\/\/kapitalis.com\/tunisie\/2020\/02\/25\/selon-ghazi-el-biche-la-responsabilite-sincere-de-lentreprise-est-une-attitude-plus-rentable\/#respond"]}]},{"@type":"WebPage","@id":"https:\/\/kapitalis.com\/tunisie\/2020\/02\/25\/selon-ghazi-el-biche-la-responsabilite-sincere-de-lentreprise-est-une-attitude-plus-rentable\/","url":"https:\/\/kapitalis.com\/tunisie\/2020\/02\/25\/selon-ghazi-el-biche-la-responsabilite-sincere-de-lentreprise-est-une-attitude-plus-rentable\/","name":"Selon Ghazi El Biche, la responsabilit\u00e9 \u00absinc\u00e8re\u00bb de l'entreprise est une \u00abattitude\u00bb plus rentable - Kapitalis","isPartOf":{"@id":"https:\/\/kapitalis.com\/tunisie\/#website"},"primaryImageOfPage":{"@id":"https:\/\/kapitalis.com\/tunisie\/2020\/02\/25\/selon-ghazi-el-biche-la-responsabilite-sincere-de-lentreprise-est-une-attitude-plus-rentable\/#primaryimage"},"image":{"@id":"https:\/\/kapitalis.com\/tunisie\/2020\/02\/25\/selon-ghazi-el-biche-la-responsabilite-sincere-de-lentreprise-est-une-attitude-plus-rentable\/#primaryimage"},"thumbnailUrl":"","datePublished":"2020-02-25T11:21:19+00:00","dateModified":"2020-02-25T11:21:20+00:00","breadcrumb":{"@id":"https:\/\/kapitalis.com\/tunisie\/2020\/02\/25\/selon-ghazi-el-biche-la-responsabilite-sincere-de-lentreprise-est-une-attitude-plus-rentable\/#breadcrumb"},"inLanguage":"fr-FR","potentialAction":[{"@type":"ReadAction","target":["https:\/\/kapitalis.com\/tunisie\/2020\/02\/25\/selon-ghazi-el-biche-la-responsabilite-sincere-de-lentreprise-est-une-attitude-plus-rentable\/"]}]},{"@type":"ImageObject","inLanguage":"fr-FR","@id":"https:\/\/kapitalis.com\/tunisie\/2020\/02\/25\/selon-ghazi-el-biche-la-responsabilite-sincere-de-lentreprise-est-une-attitude-plus-rentable\/#primaryimage","url":"","contentUrl":""},{"@type":"BreadcrumbList","@id":"https:\/\/kapitalis.com\/tunisie\/2020\/02\/25\/selon-ghazi-el-biche-la-responsabilite-sincere-de-lentreprise-est-une-attitude-plus-rentable\/#breadcrumb","itemListElement":[{"@type":"ListItem","position":1,"name":"Accueil","item":"https:\/\/kapitalis.com\/tunisie\/"},{"@type":"ListItem","position":2,"name":"Selon Ghazi El Biche, la responsabilit\u00e9 \u00absinc\u00e8re\u00bb de l&rsquo;entreprise est une \u00abattitude\u00bb plus rentable"}]},{"@type":"WebSite","@id":"https:\/\/kapitalis.com\/tunisie\/#website","url":"https:\/\/kapitalis.com\/tunisie\/","name":"Kapitalis","description":"L&#039;actualit\u00e9 en Tunisie et dans le monde","publisher":{"@id":"https:\/\/kapitalis.com\/tunisie\/#organization"},"potentialAction":[{"@type":"SearchAction","target":{"@type":"EntryPoint","urlTemplate":"https:\/\/kapitalis.com\/tunisie\/?s={search_term_string}"},"query-input":{"@type":"PropertyValueSpecification","valueRequired":true,"valueName":"search_term_string"}}],"inLanguage":"fr-FR"},{"@type":"Organization","@id":"https:\/\/kapitalis.com\/tunisie\/#organization","name":"Kapitalis","url":"https:\/\/kapitalis.com\/tunisie\/","logo":{"@type":"ImageObject","inLanguage":"fr-FR","@id":"https:\/\/kapitalis.com\/tunisie\/#\/schema\/logo\/image\/","url":"https:\/\/kapitalis.com\/tunisie\/wp-content\/uploads\/2022\/05\/Kapitalis-big-size.png","contentUrl":"https:\/\/kapitalis.com\/tunisie\/wp-content\/uploads\/2022\/05\/Kapitalis-big-size.png","width":5000,"height":1500,"caption":"Kapitalis"},"image":{"@id":"https:\/\/kapitalis.com\/tunisie\/#\/schema\/logo\/image\/"},"sameAs":["https:\/\/www.facebook.com\/KapitalisInfo\/","https:\/\/x.com\/KapitalisInfo","https:\/\/www.youtube.com\/channel\/UC-yDYrHyfFBWWZaOw3FPg9Q"]},{"@type":"Person","@id":"https:\/\/kapitalis.com\/tunisie\/#\/schema\/person\/093913313d3017554cb3ad077fff3fbd","name":"Amina Mkada","url":"https:\/\/kapitalis.com\/tunisie\/author\/amina\/"}]}},"_links":{"self":[{"href":"https:\/\/kapitalis.com\/tunisie\/wp-json\/wp\/v2\/posts\/283364","targetHints":{"allow":["GET"]}}],"collection":[{"href":"https:\/\/kapitalis.com\/tunisie\/wp-json\/wp\/v2\/posts"}],"about":[{"href":"https:\/\/kapitalis.com\/tunisie\/wp-json\/wp\/v2\/types\/post"}],"author":[{"embeddable":true,"href":"https:\/\/kapitalis.com\/tunisie\/wp-json\/wp\/v2\/users\/22"}],"replies":[{"embeddable":true,"href":"https:\/\/kapitalis.com\/tunisie\/wp-json\/wp\/v2\/comments?post=283364"}],"version-history":[{"count":0,"href":"https:\/\/kapitalis.com\/tunisie\/wp-json\/wp\/v2\/posts\/283364\/revisions"}],"wp:featuredmedia":[{"embeddable":true,"href":"https:\/\/kapitalis.com\/tunisie\/wp-json\/wp\/v2\/media\/283385"}],"wp:attachment":[{"href":"https:\/\/kapitalis.com\/tunisie\/wp-json\/wp\/v2\/media?parent=283364"}],"wp:term":[{"taxonomy":"category","embeddable":true,"href":"https:\/\/kapitalis.com\/tunisie\/wp-json\/wp\/v2\/categories?post=283364"},{"taxonomy":"post_tag","embeddable":true,"href":"https:\/\/kapitalis.com\/tunisie\/wp-json\/wp\/v2\/tags?post=283364"}],"curies":[{"name":"wp","href":"https:\/\/api.w.org\/{rel}","templated":true}]}}