{"id":283418,"date":"2020-02-25T13:58:57","date_gmt":"2020-02-25T12:58:57","guid":{"rendered":"http:\/\/kapitalis.com\/tunisie\/?p=283418"},"modified":"2020-02-25T13:58:58","modified_gmt":"2020-02-25T12:58:58","slug":"le-marathon-run-med-a-medjez-el-beb-ce-dimanche-1er-mars-2020","status":"publish","type":"post","link":"https:\/\/kapitalis.com\/tunisie\/2020\/02\/25\/le-marathon-run-med-a-medjez-el-beb-ce-dimanche-1er-mars-2020\/","title":{"rendered":"Le marathon Run Med \u00e0 Medjez El-Beb, ce dimanche 1er mars 2020"},"content":{"rendered":"\n<figure class=\"wp-block-image size-large\"><img decoding=\"async\" src=\"http:\/\/kapitalis.com\/tunisie\/wp-content\/uploads\/2020\/02\/Run-Med-2020.jpg\" alt=\"\" class=\"wp-image-283419\"\/><\/figure>\n\n\n\n<p><strong><em> La ville de Medjez El-Beb (gouvernorat de B\u00e9j\u00e0), au nord-ouest de Tunis, accueille la cinqui\u00e8me \u00e9dition du marathon Run Med, le dimanche 1er mars 2020, organis\u00e9  en collaboration entre JCI Medjez El-Beb et Sporting Medjez El- Beb.<\/em><\/strong><\/p>\n\n\n\n<!--more-->\n\n\n\n<p> Le parcours du marathon est rythm\u00e9 par des paysages forestiers et pr\u00e9-forestiers. <\/p>\n\n\n\n<p> Le d\u00e9part se fera depuis la maison de la culture en passant par une jolie ferme avec des petites c\u00f4tes, avant d\u2019attaquer une route entre la for\u00eat et les plaines vertes de 7 km de plat, puis la belle for\u00eat de Jebel Boumouss avec ses paysages magnifiques, la descente vers la ville de Medjez El-Beb en passant le centre-ville avec un passage par le l\u00e9gendaire pont Al-Mouradi, avant de franchir la ligne d\u2019arriv\u00e9e exactement l\u00e0 o\u00f9 la course a commenc\u00e9.<\/p>\n\n\n\n<p> \u00c0 l\u2019\u00e9poque romaine, cette ville agricole portait le nom de Membrassa. Elle a \u00e9t\u00e9 le th\u00e9\u00e2tre de la victoire du chef romain Mitulus sur Jugurtha, le roi des Numides, suite \u00e0 la bataille qui s\u2019est d\u00e9roul\u00e9e aux environs de la ville en l\u2019an 111 avant J.-C. La ville propose au visiteur contient plusieurs monuments historiques, les plus importants sont les thermes romains.<\/p>\n\n\n\n<figure class=\"wp-block-gallery columns-2 is-cropped wp-block-gallery-1 is-layout-flex wp-block-gallery-is-layout-flex\"><ul class=\"blocks-gallery-grid\"><li class=\"blocks-gallery-item\"><figure><img decoding=\"async\" src=\"http:\/\/kapitalis.com\/tunisie\/wp-content\/uploads\/2020\/02\/Run-Med-2020-2.jpg\" alt=\"\" data-id=\"283420\" data-full-url=\"http:\/\/kapitalis.com\/tunisie\/wp-content\/uploads\/2020\/02\/Run-Med-2020-2.jpg\" data-link=\"http:\/\/kapitalis.com\/tunisie\/?attachment_id=283420\" class=\"wp-image-283420\"\/><\/figure><\/li><li class=\"blocks-gallery-item\"><figure><img decoding=\"async\" src=\"http:\/\/kapitalis.com\/tunisie\/wp-content\/uploads\/2020\/02\/Run-Med-2020-3.jpg\" alt=\"\" data-id=\"283421\" data-full-url=\"http:\/\/kapitalis.com\/tunisie\/wp-content\/uploads\/2020\/02\/Run-Med-2020-3.jpg\" data-link=\"http:\/\/kapitalis.com\/tunisie\/?attachment_id=283421\" class=\"wp-image-283421\"\/><\/figure><\/li><\/ul><\/figure>\n\n\n\n<p> \u00c0 l\u2019\u00e9poque islamique, la ville a pris son nom actuel en l\u2019an 701, date du passage de Hassen Ibn Al-Noomane et ses troupes portant l\u2019\u00e9tendard de l\u2019islam, \u00e0 la poursuite d\u2019Al-Kahena, la cheffe de la r\u00e9bellion berb\u00e8re.<\/p>\n\n\n\n<p><strong><em> Source<\/em><\/strong> : communiqu\u00e9. <\/p>\n","protected":false},"excerpt":{"rendered":"<p>La ville de Medjez El-Beb (gouvernorat de B\u00e9j\u00e0), au nord-ouest de Tunis, accueille la cinqui\u00e8me \u00e9dition du marathon Run Med, le dimanche 1er mars 2020, organis\u00e9 en collaboration entre JCI Medjez El-Beb et Sporting Medjez El- Beb.<\/p>\n","protected":false},"author":8,"featured_media":283419,"comment_status":"open","ping_status":"open","sticky":false,"template":"","format":"standard","meta":{"footnotes":""},"categories":[999,2433],"tags":[75403,75401,75402],"class_list":["post-283418","post","type-post","status-publish","format-standard","has-post-thumbnail","hentry","category-sport","category-tunisie","tag-jebel-boumouss","tag-marathon-run-med","tag-medjez-el-beb"],"yoast_head":"<!-- This site is optimized with the Yoast SEO plugin v26.6 - https:\/\/yoast.com\/wordpress\/plugins\/seo\/ -->\n<title>Le marathon Run Med \u00e0 Medjez El-Beb, ce dimanche 1er mars 2020 - Kapitalis<\/title>\n<meta name=\"robots\" content=\"index, follow, max-snippet:-1, max-image-preview:large, max-video-preview:-1\" \/>\n<link rel=\"canonical\" href=\"https:\/\/kapitalis.com\/tunisie\/2020\/02\/25\/le-marathon-run-med-a-medjez-el-beb-ce-dimanche-1er-mars-2020\/\" \/>\n<meta property=\"og:locale\" content=\"fr_FR\" \/>\n<meta property=\"og:type\" content=\"article\" \/>\n<meta property=\"og:title\" content=\"Le marathon Run Med \u00e0 Medjez El-Beb, ce dimanche 1er mars 2020 - Kapitalis\" \/>\n<meta property=\"og:description\" content=\"La ville de Medjez El-Beb (gouvernorat de B\u00e9j\u00e0), au nord-ouest de Tunis, accueille la cinqui\u00e8me \u00e9dition du marathon Run Med, le dimanche 1er mars 2020, organis\u00e9 en collaboration entre JCI Medjez El-Beb et Sporting Medjez El- Beb.\" \/>\n<meta property=\"og:url\" content=\"https:\/\/kapitalis.com\/tunisie\/2020\/02\/25\/le-marathon-run-med-a-medjez-el-beb-ce-dimanche-1er-mars-2020\/\" \/>\n<meta property=\"og:site_name\" content=\"Kapitalis\" \/>\n<meta property=\"article:publisher\" content=\"https:\/\/www.facebook.com\/KapitalisInfo\/\" \/>\n<meta property=\"article:published_time\" content=\"2020-02-25T12:58:57+00:00\" \/>\n<meta property=\"article:modified_time\" content=\"2020-02-25T12:58:58+00:00\" \/>\n<meta property=\"og:image\" content=\"https:\/\/kapitalis.com\/tunisie\/wp-content\/uploads\/2022\/05\/kapitalis-logo-fb.png\" \/>\n\t<meta property=\"og:image:width\" content=\"1200\" \/>\n\t<meta property=\"og:image:height\" content=\"630\" \/>\n\t<meta property=\"og:image:type\" content=\"image\/png\" \/>\n<meta name=\"author\" content=\"webmaster kapitalis\" \/>\n<meta name=\"twitter:card\" content=\"summary_large_image\" \/>\n<meta name=\"twitter:creator\" content=\"@KapitalisInfo\" \/>\n<meta name=\"twitter:site\" content=\"@KapitalisInfo\" \/>\n<meta name=\"twitter:label1\" content=\"\u00c9crit par\" \/>\n\t<meta name=\"twitter:data1\" content=\"webmaster kapitalis\" \/>\n\t<meta name=\"twitter:label2\" content=\"Dur\u00e9e de lecture estim\u00e9e\" \/>\n\t<meta name=\"twitter:data2\" content=\"1 minute\" \/>\n<script type=\"application\/ld+json\" class=\"yoast-schema-graph\">{\"@context\":\"https:\/\/schema.org\",\"@graph\":[{\"@type\":\"Article\",\"@id\":\"https:\/\/kapitalis.com\/tunisie\/2020\/02\/25\/le-marathon-run-med-a-medjez-el-beb-ce-dimanche-1er-mars-2020\/#article\",\"isPartOf\":{\"@id\":\"https:\/\/kapitalis.com\/tunisie\/2020\/02\/25\/le-marathon-run-med-a-medjez-el-beb-ce-dimanche-1er-mars-2020\/\"},\"author\":{\"name\":\"webmaster kapitalis\",\"@id\":\"https:\/\/kapitalis.com\/tunisie\/#\/schema\/person\/d71f33a9ca44f7bad4698210b480c8e9\"},\"headline\":\"Le marathon Run Med \u00e0 Medjez El-Beb, ce dimanche 1er mars 2020\",\"datePublished\":\"2020-02-25T12:58:57+00:00\",\"dateModified\":\"2020-02-25T12:58:58+00:00\",\"mainEntityOfPage\":{\"@id\":\"https:\/\/kapitalis.com\/tunisie\/2020\/02\/25\/le-marathon-run-med-a-medjez-el-beb-ce-dimanche-1er-mars-2020\/\"},\"wordCount\":257,\"commentCount\":1,\"publisher\":{\"@id\":\"https:\/\/kapitalis.com\/tunisie\/#organization\"},\"image\":{\"@id\":\"https:\/\/kapitalis.com\/tunisie\/2020\/02\/25\/le-marathon-run-med-a-medjez-el-beb-ce-dimanche-1er-mars-2020\/#primaryimage\"},\"thumbnailUrl\":\"\",\"keywords\":[\"Jebel Boumouss\",\"marathon Run Med\",\"Medjez El-Beb\"],\"articleSection\":[\"SPORT\",\"Tunisie\"],\"inLanguage\":\"fr-FR\",\"potentialAction\":[{\"@type\":\"CommentAction\",\"name\":\"Comment\",\"target\":[\"https:\/\/kapitalis.com\/tunisie\/2020\/02\/25\/le-marathon-run-med-a-medjez-el-beb-ce-dimanche-1er-mars-2020\/#respond\"]}]},{\"@type\":\"WebPage\",\"@id\":\"https:\/\/kapitalis.com\/tunisie\/2020\/02\/25\/le-marathon-run-med-a-medjez-el-beb-ce-dimanche-1er-mars-2020\/\",\"url\":\"https:\/\/kapitalis.com\/tunisie\/2020\/02\/25\/le-marathon-run-med-a-medjez-el-beb-ce-dimanche-1er-mars-2020\/\",\"name\":\"Le marathon Run Med \u00e0 Medjez El-Beb, ce dimanche 1er mars 2020 - Kapitalis\",\"isPartOf\":{\"@id\":\"https:\/\/kapitalis.com\/tunisie\/#website\"},\"primaryImageOfPage\":{\"@id\":\"https:\/\/kapitalis.com\/tunisie\/2020\/02\/25\/le-marathon-run-med-a-medjez-el-beb-ce-dimanche-1er-mars-2020\/#primaryimage\"},\"image\":{\"@id\":\"https:\/\/kapitalis.com\/tunisie\/2020\/02\/25\/le-marathon-run-med-a-medjez-el-beb-ce-dimanche-1er-mars-2020\/#primaryimage\"},\"thumbnailUrl\":\"\",\"datePublished\":\"2020-02-25T12:58:57+00:00\",\"dateModified\":\"2020-02-25T12:58:58+00:00\",\"breadcrumb\":{\"@id\":\"https:\/\/kapitalis.com\/tunisie\/2020\/02\/25\/le-marathon-run-med-a-medjez-el-beb-ce-dimanche-1er-mars-2020\/#breadcrumb\"},\"inLanguage\":\"fr-FR\",\"potentialAction\":[{\"@type\":\"ReadAction\",\"target\":[\"https:\/\/kapitalis.com\/tunisie\/2020\/02\/25\/le-marathon-run-med-a-medjez-el-beb-ce-dimanche-1er-mars-2020\/\"]}]},{\"@type\":\"ImageObject\",\"inLanguage\":\"fr-FR\",\"@id\":\"https:\/\/kapitalis.com\/tunisie\/2020\/02\/25\/le-marathon-run-med-a-medjez-el-beb-ce-dimanche-1er-mars-2020\/#primaryimage\",\"url\":\"\",\"contentUrl\":\"\"},{\"@type\":\"BreadcrumbList\",\"@id\":\"https:\/\/kapitalis.com\/tunisie\/2020\/02\/25\/le-marathon-run-med-a-medjez-el-beb-ce-dimanche-1er-mars-2020\/#breadcrumb\",\"itemListElement\":[{\"@type\":\"ListItem\",\"position\":1,\"name\":\"Accueil\",\"item\":\"https:\/\/kapitalis.com\/tunisie\/\"},{\"@type\":\"ListItem\",\"position\":2,\"name\":\"Le marathon Run Med \u00e0 Medjez El-Beb, ce dimanche 1er mars 2020\"}]},{\"@type\":\"WebSite\",\"@id\":\"https:\/\/kapitalis.com\/tunisie\/#website\",\"url\":\"https:\/\/kapitalis.com\/tunisie\/\",\"name\":\"Kapitalis\",\"description\":\"L&#039;actualit\u00e9 en Tunisie et dans le monde\",\"publisher\":{\"@id\":\"https:\/\/kapitalis.com\/tunisie\/#organization\"},\"potentialAction\":[{\"@type\":\"SearchAction\",\"target\":{\"@type\":\"EntryPoint\",\"urlTemplate\":\"https:\/\/kapitalis.com\/tunisie\/?s={search_term_string}\"},\"query-input\":{\"@type\":\"PropertyValueSpecification\",\"valueRequired\":true,\"valueName\":\"search_term_string\"}}],\"inLanguage\":\"fr-FR\"},{\"@type\":\"Organization\",\"@id\":\"https:\/\/kapitalis.com\/tunisie\/#organization\",\"name\":\"Kapitalis\",\"url\":\"https:\/\/kapitalis.com\/tunisie\/\",\"logo\":{\"@type\":\"ImageObject\",\"inLanguage\":\"fr-FR\",\"@id\":\"https:\/\/kapitalis.com\/tunisie\/#\/schema\/logo\/image\/\",\"url\":\"https:\/\/kapitalis.com\/tunisie\/wp-content\/uploads\/2022\/05\/Kapitalis-big-size.png\",\"contentUrl\":\"https:\/\/kapitalis.com\/tunisie\/wp-content\/uploads\/2022\/05\/Kapitalis-big-size.png\",\"width\":5000,\"height\":1500,\"caption\":\"Kapitalis\"},\"image\":{\"@id\":\"https:\/\/kapitalis.com\/tunisie\/#\/schema\/logo\/image\/\"},\"sameAs\":[\"https:\/\/www.facebook.com\/KapitalisInfo\/\",\"https:\/\/x.com\/KapitalisInfo\",\"https:\/\/www.youtube.com\/channel\/UC-yDYrHyfFBWWZaOw3FPg9Q\"]},{\"@type\":\"Person\",\"@id\":\"https:\/\/kapitalis.com\/tunisie\/#\/schema\/person\/d71f33a9ca44f7bad4698210b480c8e9\",\"name\":\"webmaster kapitalis\",\"url\":\"https:\/\/kapitalis.com\/tunisie\/author\/webmaster-kapitalis\/\"}]}<\/script>\n<!-- \/ Yoast SEO plugin. -->","yoast_head_json":{"title":"Le marathon Run Med \u00e0 Medjez El-Beb, ce dimanche 1er mars 2020 - Kapitalis","robots":{"index":"index","follow":"follow","max-snippet":"max-snippet:-1","max-image-preview":"max-image-preview:large","max-video-preview":"max-video-preview:-1"},"canonical":"https:\/\/kapitalis.com\/tunisie\/2020\/02\/25\/le-marathon-run-med-a-medjez-el-beb-ce-dimanche-1er-mars-2020\/","og_locale":"fr_FR","og_type":"article","og_title":"Le marathon Run Med \u00e0 Medjez El-Beb, ce dimanche 1er mars 2020 - Kapitalis","og_description":"La ville de Medjez El-Beb (gouvernorat de B\u00e9j\u00e0), au nord-ouest de Tunis, accueille la cinqui\u00e8me \u00e9dition du marathon Run Med, le dimanche 1er mars 2020, organis\u00e9 en collaboration entre JCI Medjez El-Beb et Sporting Medjez El- Beb.","og_url":"https:\/\/kapitalis.com\/tunisie\/2020\/02\/25\/le-marathon-run-med-a-medjez-el-beb-ce-dimanche-1er-mars-2020\/","og_site_name":"Kapitalis","article_publisher":"https:\/\/www.facebook.com\/KapitalisInfo\/","article_published_time":"2020-02-25T12:58:57+00:00","article_modified_time":"2020-02-25T12:58:58+00:00","og_image":[{"width":1200,"height":630,"url":"https:\/\/kapitalis.com\/tunisie\/wp-content\/uploads\/2022\/05\/kapitalis-logo-fb.png","type":"image\/png"}],"author":"webmaster kapitalis","twitter_card":"summary_large_image","twitter_creator":"@KapitalisInfo","twitter_site":"@KapitalisInfo","twitter_misc":{"\u00c9crit par":"webmaster kapitalis","Dur\u00e9e de lecture estim\u00e9e":"1 minute"},"schema":{"@context":"https:\/\/schema.org","@graph":[{"@type":"Article","@id":"https:\/\/kapitalis.com\/tunisie\/2020\/02\/25\/le-marathon-run-med-a-medjez-el-beb-ce-dimanche-1er-mars-2020\/#article","isPartOf":{"@id":"https:\/\/kapitalis.com\/tunisie\/2020\/02\/25\/le-marathon-run-med-a-medjez-el-beb-ce-dimanche-1er-mars-2020\/"},"author":{"name":"webmaster kapitalis","@id":"https:\/\/kapitalis.com\/tunisie\/#\/schema\/person\/d71f33a9ca44f7bad4698210b480c8e9"},"headline":"Le marathon Run Med \u00e0 Medjez El-Beb, ce dimanche 1er mars 2020","datePublished":"2020-02-25T12:58:57+00:00","dateModified":"2020-02-25T12:58:58+00:00","mainEntityOfPage":{"@id":"https:\/\/kapitalis.com\/tunisie\/2020\/02\/25\/le-marathon-run-med-a-medjez-el-beb-ce-dimanche-1er-mars-2020\/"},"wordCount":257,"commentCount":1,"publisher":{"@id":"https:\/\/kapitalis.com\/tunisie\/#organization"},"image":{"@id":"https:\/\/kapitalis.com\/tunisie\/2020\/02\/25\/le-marathon-run-med-a-medjez-el-beb-ce-dimanche-1er-mars-2020\/#primaryimage"},"thumbnailUrl":"","keywords":["Jebel Boumouss","marathon Run Med","Medjez El-Beb"],"articleSection":["SPORT","Tunisie"],"inLanguage":"fr-FR","potentialAction":[{"@type":"CommentAction","name":"Comment","target":["https:\/\/kapitalis.com\/tunisie\/2020\/02\/25\/le-marathon-run-med-a-medjez-el-beb-ce-dimanche-1er-mars-2020\/#respond"]}]},{"@type":"WebPage","@id":"https:\/\/kapitalis.com\/tunisie\/2020\/02\/25\/le-marathon-run-med-a-medjez-el-beb-ce-dimanche-1er-mars-2020\/","url":"https:\/\/kapitalis.com\/tunisie\/2020\/02\/25\/le-marathon-run-med-a-medjez-el-beb-ce-dimanche-1er-mars-2020\/","name":"Le marathon Run Med \u00e0 Medjez El-Beb, ce dimanche 1er mars 2020 - Kapitalis","isPartOf":{"@id":"https:\/\/kapitalis.com\/tunisie\/#website"},"primaryImageOfPage":{"@id":"https:\/\/kapitalis.com\/tunisie\/2020\/02\/25\/le-marathon-run-med-a-medjez-el-beb-ce-dimanche-1er-mars-2020\/#primaryimage"},"image":{"@id":"https:\/\/kapitalis.com\/tunisie\/2020\/02\/25\/le-marathon-run-med-a-medjez-el-beb-ce-dimanche-1er-mars-2020\/#primaryimage"},"thumbnailUrl":"","datePublished":"2020-02-25T12:58:57+00:00","dateModified":"2020-02-25T12:58:58+00:00","breadcrumb":{"@id":"https:\/\/kapitalis.com\/tunisie\/2020\/02\/25\/le-marathon-run-med-a-medjez-el-beb-ce-dimanche-1er-mars-2020\/#breadcrumb"},"inLanguage":"fr-FR","potentialAction":[{"@type":"ReadAction","target":["https:\/\/kapitalis.com\/tunisie\/2020\/02\/25\/le-marathon-run-med-a-medjez-el-beb-ce-dimanche-1er-mars-2020\/"]}]},{"@type":"ImageObject","inLanguage":"fr-FR","@id":"https:\/\/kapitalis.com\/tunisie\/2020\/02\/25\/le-marathon-run-med-a-medjez-el-beb-ce-dimanche-1er-mars-2020\/#primaryimage","url":"","contentUrl":""},{"@type":"BreadcrumbList","@id":"https:\/\/kapitalis.com\/tunisie\/2020\/02\/25\/le-marathon-run-med-a-medjez-el-beb-ce-dimanche-1er-mars-2020\/#breadcrumb","itemListElement":[{"@type":"ListItem","position":1,"name":"Accueil","item":"https:\/\/kapitalis.com\/tunisie\/"},{"@type":"ListItem","position":2,"name":"Le marathon Run Med \u00e0 Medjez El-Beb, ce dimanche 1er mars 2020"}]},{"@type":"WebSite","@id":"https:\/\/kapitalis.com\/tunisie\/#website","url":"https:\/\/kapitalis.com\/tunisie\/","name":"Kapitalis","description":"L&#039;actualit\u00e9 en Tunisie et dans le monde","publisher":{"@id":"https:\/\/kapitalis.com\/tunisie\/#organization"},"potentialAction":[{"@type":"SearchAction","target":{"@type":"EntryPoint","urlTemplate":"https:\/\/kapitalis.com\/tunisie\/?s={search_term_string}"},"query-input":{"@type":"PropertyValueSpecification","valueRequired":true,"valueName":"search_term_string"}}],"inLanguage":"fr-FR"},{"@type":"Organization","@id":"https:\/\/kapitalis.com\/tunisie\/#organization","name":"Kapitalis","url":"https:\/\/kapitalis.com\/tunisie\/","logo":{"@type":"ImageObject","inLanguage":"fr-FR","@id":"https:\/\/kapitalis.com\/tunisie\/#\/schema\/logo\/image\/","url":"https:\/\/kapitalis.com\/tunisie\/wp-content\/uploads\/2022\/05\/Kapitalis-big-size.png","contentUrl":"https:\/\/kapitalis.com\/tunisie\/wp-content\/uploads\/2022\/05\/Kapitalis-big-size.png","width":5000,"height":1500,"caption":"Kapitalis"},"image":{"@id":"https:\/\/kapitalis.com\/tunisie\/#\/schema\/logo\/image\/"},"sameAs":["https:\/\/www.facebook.com\/KapitalisInfo\/","https:\/\/x.com\/KapitalisInfo","https:\/\/www.youtube.com\/channel\/UC-yDYrHyfFBWWZaOw3FPg9Q"]},{"@type":"Person","@id":"https:\/\/kapitalis.com\/tunisie\/#\/schema\/person\/d71f33a9ca44f7bad4698210b480c8e9","name":"webmaster kapitalis","url":"https:\/\/kapitalis.com\/tunisie\/author\/webmaster-kapitalis\/"}]}},"_links":{"self":[{"href":"https:\/\/kapitalis.com\/tunisie\/wp-json\/wp\/v2\/posts\/283418","targetHints":{"allow":["GET"]}}],"collection":[{"href":"https:\/\/kapitalis.com\/tunisie\/wp-json\/wp\/v2\/posts"}],"about":[{"href":"https:\/\/kapitalis.com\/tunisie\/wp-json\/wp\/v2\/types\/post"}],"author":[{"embeddable":true,"href":"https:\/\/kapitalis.com\/tunisie\/wp-json\/wp\/v2\/users\/8"}],"replies":[{"embeddable":true,"href":"https:\/\/kapitalis.com\/tunisie\/wp-json\/wp\/v2\/comments?post=283418"}],"version-history":[{"count":0,"href":"https:\/\/kapitalis.com\/tunisie\/wp-json\/wp\/v2\/posts\/283418\/revisions"}],"wp:featuredmedia":[{"embeddable":true,"href":"https:\/\/kapitalis.com\/tunisie\/wp-json\/wp\/v2\/media\/283419"}],"wp:attachment":[{"href":"https:\/\/kapitalis.com\/tunisie\/wp-json\/wp\/v2\/media?parent=283418"}],"wp:term":[{"taxonomy":"category","embeddable":true,"href":"https:\/\/kapitalis.com\/tunisie\/wp-json\/wp\/v2\/categories?post=283418"},{"taxonomy":"post_tag","embeddable":true,"href":"https:\/\/kapitalis.com\/tunisie\/wp-json\/wp\/v2\/tags?post=283418"}],"curies":[{"name":"wp","href":"https:\/\/api.w.org\/{rel}","templated":true}]}}