{"id":283425,"date":"2020-02-25T16:32:01","date_gmt":"2020-02-25T15:32:01","guid":{"rendered":"http:\/\/kapitalis.com\/tunisie\/?p=283425"},"modified":"2020-02-25T16:38:24","modified_gmt":"2020-02-25T15:38:24","slug":"la-date-limite-de-candidature-en-ligne-sur-la-plateforme-digital-africa-est-reculee","status":"publish","type":"post","link":"https:\/\/kapitalis.com\/tunisie\/2020\/02\/25\/la-date-limite-de-candidature-en-ligne-sur-la-plateforme-digital-africa-est-reculee\/","title":{"rendered":"Sommet Afrique-France : La date limite de la candidature en ligne est recul\u00e9e"},"content":{"rendered":"\n<figure class=\"wp-block-image size-large\"><img decoding=\"async\" src=\"http:\/\/kapitalis.com\/tunisie\/wp-content\/uploads\/2020\/02\/Sommet-Afrique-France-2020.jpg\" alt=\"\" class=\"wp-image-283478\"\/><\/figure>\n\n\n\n<p> <strong><em>La date limite de candidature en ligne sur la plateforme Digital Africa,&nbsp;pour participer \u00e0 la 28e \u00e9dition du Sommet Afrique-France, du 4 au 6 juin 2020 \u00e0 Bordeaux, est recul\u00e9e au 28 f\u00e9vrier 2020. Parmi les laur\u00e9ats, le projet tunisien de Ras Jebel. <\/em><\/strong><\/p>\n\n\n\n<!--more-->\n\n\n\n<p><em>\u00abDigital Africa : rassembler, accompagner et soutenir l&rsquo;innovation par le num\u00e9rique en Afrique\u00bb<\/em>, tel est le slogan choisi pour la 28e \u00e9dition du  Sommet Afrique-France.<\/p>\n\n\n\n<p>L&rsquo;association Digital Africa est n\u00e9e de la volont\u00e9 du pr\u00e9sident Emmanuel Macron de soutenir la dynamique entrepreneuriale africaine, et d\u2019accompagner le d\u00e9veloppement de l\u2019entrepreneuriat innovant en Afrique. C&rsquo;est une initiative au service de l\u2019entrepreneur africain qui illustre la r\u00e9invention de la relation entre la France et l\u2019Afrique. Co-fond\u00e9e par 10 organisations fran\u00e7aises et africaines, Digital Africa joue un r\u00f4le majeur dans le monde de l\u2019entrepreneuriat et de l\u2019innovation.  <\/p>\n\n\n\n<p> Digital Africa se base sur 2 axes majeurs. Le 1er est un fonds de EUR 65 millions, orchestr\u00e9 par l\u2019Agence fran\u00e7aise de d\u00e9veloppement (AFD) pour renforcer l\u2019\u00e9cosyst\u00e8me, et par Proparco (filiale de l&rsquo;AFD) pour l&rsquo;investissement. Il est destin\u00e9 \u00e0 financer des projets innovants en Afrique.<\/p>\n\n\n\n<p>Le 2e axe majeur consiste en une plateforme pour f\u00e9d\u00e9rer et mobiliser les acteurs cl\u00e9s de l\u2019\u00e9cosyst\u00e8me entrepreneurial innovant, durant les phases du parcours de l\u2019entrepreneur o\u00f9 il existe aujourd\u2019hui le moins de soutien. <\/p>\n\n\n\n<p>Parmi les laur\u00e9ats du Sommet Afrique-France 2020 de juin prochain, le projet tunisien de Ras Jebel, un projet innovant pr\u00e9sentant une solution de t\u00e9l\u00e9gestion de l&rsquo;\u00e9clairage public.  <\/p>\n\n\n\n<p class=\"has-text-align-right\"><strong>A. M.<\/strong><\/p>\n\n\n\n<figure class=\"wp-block-embed-wordpress wp-block-embed is-type-wp-embed is-provider-kapitalis\"><div class=\"wp-block-embed__wrapper\">\n<blockquote class=\"wp-embedded-content\" data-secret=\"w5Kshg49W5\"><a href=\"https:\/\/kapitalis.com\/tunisie\/2019\/12\/27\/le-projet-tunisien-de-ras-jbel-parmi-les-laureats-du-sommet-afrique-france-2020\/\">Le projet tunisien de Ras Jbel parmi les laur\u00e9ats du sommet Afrique-France 2020<\/a><\/blockquote><iframe loading=\"lazy\" class=\"wp-embedded-content\" sandbox=\"allow-scripts\" security=\"restricted\" style=\"position: absolute; clip: rect(1px, 1px, 1px, 1px);\" title=\"\u00ab\u00a0Le projet tunisien de Ras Jbel parmi les laur\u00e9ats du sommet Afrique-France 2020\u00a0\u00bb &#8212; Kapitalis\" src=\"https:\/\/kapitalis.com\/tunisie\/2019\/12\/27\/le-projet-tunisien-de-ras-jbel-parmi-les-laureats-du-sommet-afrique-france-2020\/embed\/#?secret=6PbuwN37mS#?secret=w5Kshg49W5\" data-secret=\"w5Kshg49W5\" width=\"600\" height=\"338\" frameborder=\"0\" marginwidth=\"0\" marginheight=\"0\" scrolling=\"no\"><\/iframe>\n<\/div><\/figure>\n","protected":false},"excerpt":{"rendered":"<p>La date limite de candidature en ligne sur la plateforme Digital Africa,&nbsp;pour participer \u00e0 la 28e \u00e9dition du Sommet Afrique-France, du 4 au 6 juin 2020 \u00e0 Bordeaux, est recul\u00e9e au 28 f\u00e9vrier 2020. Parmi les laur\u00e9ats, le projet tunisien de Ras Jebel.<\/p>\n","protected":false},"author":22,"featured_media":283435,"comment_status":"open","ping_status":"open","sticky":false,"template":"","format":"standard","meta":{"footnotes":""},"categories":[995,2433],"tags":[4924,11753,75408,19579,11586,75407,75406],"class_list":["post-283425","post","type-post","status-publish","format-standard","has-post-thumbnail","hentry","category-economie","category-tunisie","tag-afd","tag-bordeaux","tag-digital-africa","tag-emmanuel-macron","tag-proparco","tag-ras-jbel","tag-sommet-afrique-france-2020"],"yoast_head":"<!-- This site is optimized with the Yoast SEO plugin v26.6 - https:\/\/yoast.com\/wordpress\/plugins\/seo\/ -->\n<title>Sommet Afrique-France : La date limite de la candidature en ligne est recul\u00e9e - Kapitalis<\/title>\n<meta name=\"robots\" content=\"index, follow, max-snippet:-1, max-image-preview:large, max-video-preview:-1\" \/>\n<link rel=\"canonical\" href=\"https:\/\/kapitalis.com\/tunisie\/2020\/02\/25\/la-date-limite-de-candidature-en-ligne-sur-la-plateforme-digital-africa-est-reculee\/\" \/>\n<meta property=\"og:locale\" content=\"fr_FR\" \/>\n<meta property=\"og:type\" content=\"article\" \/>\n<meta property=\"og:title\" content=\"Sommet Afrique-France : La date limite de la candidature en ligne est recul\u00e9e - Kapitalis\" \/>\n<meta property=\"og:description\" content=\"La date limite de candidature en ligne sur la plateforme Digital Africa,&nbsp;pour participer \u00e0 la 28e \u00e9dition du Sommet Afrique-France, du 4 au 6 juin 2020 \u00e0 Bordeaux, est recul\u00e9e au 28 f\u00e9vrier 2020. Parmi les laur\u00e9ats, le projet tunisien de Ras Jebel.\" \/>\n<meta property=\"og:url\" content=\"https:\/\/kapitalis.com\/tunisie\/2020\/02\/25\/la-date-limite-de-candidature-en-ligne-sur-la-plateforme-digital-africa-est-reculee\/\" \/>\n<meta property=\"og:site_name\" content=\"Kapitalis\" \/>\n<meta property=\"article:publisher\" content=\"https:\/\/www.facebook.com\/KapitalisInfo\/\" \/>\n<meta property=\"article:published_time\" content=\"2020-02-25T15:32:01+00:00\" \/>\n<meta property=\"article:modified_time\" content=\"2020-02-25T15:38:24+00:00\" \/>\n<meta property=\"og:image\" content=\"https:\/\/kapitalis.com\/tunisie\/wp-content\/uploads\/2022\/05\/kapitalis-logo-fb.png\" \/>\n\t<meta property=\"og:image:width\" content=\"1200\" \/>\n\t<meta property=\"og:image:height\" content=\"630\" \/>\n\t<meta property=\"og:image:type\" content=\"image\/png\" \/>\n<meta name=\"author\" content=\"Amina Mkada\" \/>\n<meta name=\"twitter:card\" content=\"summary_large_image\" \/>\n<meta name=\"twitter:creator\" content=\"@KapitalisInfo\" \/>\n<meta name=\"twitter:site\" content=\"@KapitalisInfo\" \/>\n<meta name=\"twitter:label1\" content=\"\u00c9crit par\" \/>\n\t<meta name=\"twitter:data1\" content=\"Amina Mkada\" \/>\n\t<meta name=\"twitter:label2\" content=\"Dur\u00e9e de lecture estim\u00e9e\" \/>\n\t<meta name=\"twitter:data2\" content=\"1 minute\" \/>\n<script type=\"application\/ld+json\" class=\"yoast-schema-graph\">{\"@context\":\"https:\/\/schema.org\",\"@graph\":[{\"@type\":\"Article\",\"@id\":\"https:\/\/kapitalis.com\/tunisie\/2020\/02\/25\/la-date-limite-de-candidature-en-ligne-sur-la-plateforme-digital-africa-est-reculee\/#article\",\"isPartOf\":{\"@id\":\"https:\/\/kapitalis.com\/tunisie\/2020\/02\/25\/la-date-limite-de-candidature-en-ligne-sur-la-plateforme-digital-africa-est-reculee\/\"},\"author\":{\"name\":\"Amina Mkada\",\"@id\":\"https:\/\/kapitalis.com\/tunisie\/#\/schema\/person\/093913313d3017554cb3ad077fff3fbd\"},\"headline\":\"Sommet Afrique-France : La date limite de la candidature en ligne est recul\u00e9e\",\"datePublished\":\"2020-02-25T15:32:01+00:00\",\"dateModified\":\"2020-02-25T15:38:24+00:00\",\"mainEntityOfPage\":{\"@id\":\"https:\/\/kapitalis.com\/tunisie\/2020\/02\/25\/la-date-limite-de-candidature-en-ligne-sur-la-plateforme-digital-africa-est-reculee\/\"},\"wordCount\":285,\"commentCount\":0,\"publisher\":{\"@id\":\"https:\/\/kapitalis.com\/tunisie\/#organization\"},\"image\":{\"@id\":\"https:\/\/kapitalis.com\/tunisie\/2020\/02\/25\/la-date-limite-de-candidature-en-ligne-sur-la-plateforme-digital-africa-est-reculee\/#primaryimage\"},\"thumbnailUrl\":\"\",\"keywords\":[\"AFD\",\"Bordeaux\",\"Digital Africa\",\"Emmanuel Macron\",\"Proparco\",\"Ras Jbel\",\"Sommet Afrique-France 2020\"],\"articleSection\":[\"ECONOMIE\",\"Tunisie\"],\"inLanguage\":\"fr-FR\",\"potentialAction\":[{\"@type\":\"CommentAction\",\"name\":\"Comment\",\"target\":[\"https:\/\/kapitalis.com\/tunisie\/2020\/02\/25\/la-date-limite-de-candidature-en-ligne-sur-la-plateforme-digital-africa-est-reculee\/#respond\"]}]},{\"@type\":\"WebPage\",\"@id\":\"https:\/\/kapitalis.com\/tunisie\/2020\/02\/25\/la-date-limite-de-candidature-en-ligne-sur-la-plateforme-digital-africa-est-reculee\/\",\"url\":\"https:\/\/kapitalis.com\/tunisie\/2020\/02\/25\/la-date-limite-de-candidature-en-ligne-sur-la-plateforme-digital-africa-est-reculee\/\",\"name\":\"Sommet Afrique-France : La date limite de la candidature en ligne est recul\u00e9e - Kapitalis\",\"isPartOf\":{\"@id\":\"https:\/\/kapitalis.com\/tunisie\/#website\"},\"primaryImageOfPage\":{\"@id\":\"https:\/\/kapitalis.com\/tunisie\/2020\/02\/25\/la-date-limite-de-candidature-en-ligne-sur-la-plateforme-digital-africa-est-reculee\/#primaryimage\"},\"image\":{\"@id\":\"https:\/\/kapitalis.com\/tunisie\/2020\/02\/25\/la-date-limite-de-candidature-en-ligne-sur-la-plateforme-digital-africa-est-reculee\/#primaryimage\"},\"thumbnailUrl\":\"\",\"datePublished\":\"2020-02-25T15:32:01+00:00\",\"dateModified\":\"2020-02-25T15:38:24+00:00\",\"breadcrumb\":{\"@id\":\"https:\/\/kapitalis.com\/tunisie\/2020\/02\/25\/la-date-limite-de-candidature-en-ligne-sur-la-plateforme-digital-africa-est-reculee\/#breadcrumb\"},\"inLanguage\":\"fr-FR\",\"potentialAction\":[{\"@type\":\"ReadAction\",\"target\":[\"https:\/\/kapitalis.com\/tunisie\/2020\/02\/25\/la-date-limite-de-candidature-en-ligne-sur-la-plateforme-digital-africa-est-reculee\/\"]}]},{\"@type\":\"ImageObject\",\"inLanguage\":\"fr-FR\",\"@id\":\"https:\/\/kapitalis.com\/tunisie\/2020\/02\/25\/la-date-limite-de-candidature-en-ligne-sur-la-plateforme-digital-africa-est-reculee\/#primaryimage\",\"url\":\"\",\"contentUrl\":\"\"},{\"@type\":\"BreadcrumbList\",\"@id\":\"https:\/\/kapitalis.com\/tunisie\/2020\/02\/25\/la-date-limite-de-candidature-en-ligne-sur-la-plateforme-digital-africa-est-reculee\/#breadcrumb\",\"itemListElement\":[{\"@type\":\"ListItem\",\"position\":1,\"name\":\"Accueil\",\"item\":\"https:\/\/kapitalis.com\/tunisie\/\"},{\"@type\":\"ListItem\",\"position\":2,\"name\":\"Sommet Afrique-France : La date limite de la candidature en ligne est recul\u00e9e\"}]},{\"@type\":\"WebSite\",\"@id\":\"https:\/\/kapitalis.com\/tunisie\/#website\",\"url\":\"https:\/\/kapitalis.com\/tunisie\/\",\"name\":\"Kapitalis\",\"description\":\"L&#039;actualit\u00e9 en Tunisie et dans le monde\",\"publisher\":{\"@id\":\"https:\/\/kapitalis.com\/tunisie\/#organization\"},\"potentialAction\":[{\"@type\":\"SearchAction\",\"target\":{\"@type\":\"EntryPoint\",\"urlTemplate\":\"https:\/\/kapitalis.com\/tunisie\/?s={search_term_string}\"},\"query-input\":{\"@type\":\"PropertyValueSpecification\",\"valueRequired\":true,\"valueName\":\"search_term_string\"}}],\"inLanguage\":\"fr-FR\"},{\"@type\":\"Organization\",\"@id\":\"https:\/\/kapitalis.com\/tunisie\/#organization\",\"name\":\"Kapitalis\",\"url\":\"https:\/\/kapitalis.com\/tunisie\/\",\"logo\":{\"@type\":\"ImageObject\",\"inLanguage\":\"fr-FR\",\"@id\":\"https:\/\/kapitalis.com\/tunisie\/#\/schema\/logo\/image\/\",\"url\":\"https:\/\/kapitalis.com\/tunisie\/wp-content\/uploads\/2022\/05\/Kapitalis-big-size.png\",\"contentUrl\":\"https:\/\/kapitalis.com\/tunisie\/wp-content\/uploads\/2022\/05\/Kapitalis-big-size.png\",\"width\":5000,\"height\":1500,\"caption\":\"Kapitalis\"},\"image\":{\"@id\":\"https:\/\/kapitalis.com\/tunisie\/#\/schema\/logo\/image\/\"},\"sameAs\":[\"https:\/\/www.facebook.com\/KapitalisInfo\/\",\"https:\/\/x.com\/KapitalisInfo\",\"https:\/\/www.youtube.com\/channel\/UC-yDYrHyfFBWWZaOw3FPg9Q\"]},{\"@type\":\"Person\",\"@id\":\"https:\/\/kapitalis.com\/tunisie\/#\/schema\/person\/093913313d3017554cb3ad077fff3fbd\",\"name\":\"Amina Mkada\",\"url\":\"https:\/\/kapitalis.com\/tunisie\/author\/amina\/\"}]}<\/script>\n<!-- \/ Yoast SEO plugin. -->","yoast_head_json":{"title":"Sommet Afrique-France : La date limite de la candidature en ligne est recul\u00e9e - Kapitalis","robots":{"index":"index","follow":"follow","max-snippet":"max-snippet:-1","max-image-preview":"max-image-preview:large","max-video-preview":"max-video-preview:-1"},"canonical":"https:\/\/kapitalis.com\/tunisie\/2020\/02\/25\/la-date-limite-de-candidature-en-ligne-sur-la-plateforme-digital-africa-est-reculee\/","og_locale":"fr_FR","og_type":"article","og_title":"Sommet Afrique-France : La date limite de la candidature en ligne est recul\u00e9e - Kapitalis","og_description":"La date limite de candidature en ligne sur la plateforme Digital Africa,&nbsp;pour participer \u00e0 la 28e \u00e9dition du Sommet Afrique-France, du 4 au 6 juin 2020 \u00e0 Bordeaux, est recul\u00e9e au 28 f\u00e9vrier 2020. Parmi les laur\u00e9ats, le projet tunisien de Ras Jebel.","og_url":"https:\/\/kapitalis.com\/tunisie\/2020\/02\/25\/la-date-limite-de-candidature-en-ligne-sur-la-plateforme-digital-africa-est-reculee\/","og_site_name":"Kapitalis","article_publisher":"https:\/\/www.facebook.com\/KapitalisInfo\/","article_published_time":"2020-02-25T15:32:01+00:00","article_modified_time":"2020-02-25T15:38:24+00:00","og_image":[{"width":1200,"height":630,"url":"https:\/\/kapitalis.com\/tunisie\/wp-content\/uploads\/2022\/05\/kapitalis-logo-fb.png","type":"image\/png"}],"author":"Amina Mkada","twitter_card":"summary_large_image","twitter_creator":"@KapitalisInfo","twitter_site":"@KapitalisInfo","twitter_misc":{"\u00c9crit par":"Amina Mkada","Dur\u00e9e de lecture estim\u00e9e":"1 minute"},"schema":{"@context":"https:\/\/schema.org","@graph":[{"@type":"Article","@id":"https:\/\/kapitalis.com\/tunisie\/2020\/02\/25\/la-date-limite-de-candidature-en-ligne-sur-la-plateforme-digital-africa-est-reculee\/#article","isPartOf":{"@id":"https:\/\/kapitalis.com\/tunisie\/2020\/02\/25\/la-date-limite-de-candidature-en-ligne-sur-la-plateforme-digital-africa-est-reculee\/"},"author":{"name":"Amina Mkada","@id":"https:\/\/kapitalis.com\/tunisie\/#\/schema\/person\/093913313d3017554cb3ad077fff3fbd"},"headline":"Sommet Afrique-France : La date limite de la candidature en ligne est recul\u00e9e","datePublished":"2020-02-25T15:32:01+00:00","dateModified":"2020-02-25T15:38:24+00:00","mainEntityOfPage":{"@id":"https:\/\/kapitalis.com\/tunisie\/2020\/02\/25\/la-date-limite-de-candidature-en-ligne-sur-la-plateforme-digital-africa-est-reculee\/"},"wordCount":285,"commentCount":0,"publisher":{"@id":"https:\/\/kapitalis.com\/tunisie\/#organization"},"image":{"@id":"https:\/\/kapitalis.com\/tunisie\/2020\/02\/25\/la-date-limite-de-candidature-en-ligne-sur-la-plateforme-digital-africa-est-reculee\/#primaryimage"},"thumbnailUrl":"","keywords":["AFD","Bordeaux","Digital Africa","Emmanuel Macron","Proparco","Ras Jbel","Sommet Afrique-France 2020"],"articleSection":["ECONOMIE","Tunisie"],"inLanguage":"fr-FR","potentialAction":[{"@type":"CommentAction","name":"Comment","target":["https:\/\/kapitalis.com\/tunisie\/2020\/02\/25\/la-date-limite-de-candidature-en-ligne-sur-la-plateforme-digital-africa-est-reculee\/#respond"]}]},{"@type":"WebPage","@id":"https:\/\/kapitalis.com\/tunisie\/2020\/02\/25\/la-date-limite-de-candidature-en-ligne-sur-la-plateforme-digital-africa-est-reculee\/","url":"https:\/\/kapitalis.com\/tunisie\/2020\/02\/25\/la-date-limite-de-candidature-en-ligne-sur-la-plateforme-digital-africa-est-reculee\/","name":"Sommet Afrique-France : La date limite de la candidature en ligne est recul\u00e9e - Kapitalis","isPartOf":{"@id":"https:\/\/kapitalis.com\/tunisie\/#website"},"primaryImageOfPage":{"@id":"https:\/\/kapitalis.com\/tunisie\/2020\/02\/25\/la-date-limite-de-candidature-en-ligne-sur-la-plateforme-digital-africa-est-reculee\/#primaryimage"},"image":{"@id":"https:\/\/kapitalis.com\/tunisie\/2020\/02\/25\/la-date-limite-de-candidature-en-ligne-sur-la-plateforme-digital-africa-est-reculee\/#primaryimage"},"thumbnailUrl":"","datePublished":"2020-02-25T15:32:01+00:00","dateModified":"2020-02-25T15:38:24+00:00","breadcrumb":{"@id":"https:\/\/kapitalis.com\/tunisie\/2020\/02\/25\/la-date-limite-de-candidature-en-ligne-sur-la-plateforme-digital-africa-est-reculee\/#breadcrumb"},"inLanguage":"fr-FR","potentialAction":[{"@type":"ReadAction","target":["https:\/\/kapitalis.com\/tunisie\/2020\/02\/25\/la-date-limite-de-candidature-en-ligne-sur-la-plateforme-digital-africa-est-reculee\/"]}]},{"@type":"ImageObject","inLanguage":"fr-FR","@id":"https:\/\/kapitalis.com\/tunisie\/2020\/02\/25\/la-date-limite-de-candidature-en-ligne-sur-la-plateforme-digital-africa-est-reculee\/#primaryimage","url":"","contentUrl":""},{"@type":"BreadcrumbList","@id":"https:\/\/kapitalis.com\/tunisie\/2020\/02\/25\/la-date-limite-de-candidature-en-ligne-sur-la-plateforme-digital-africa-est-reculee\/#breadcrumb","itemListElement":[{"@type":"ListItem","position":1,"name":"Accueil","item":"https:\/\/kapitalis.com\/tunisie\/"},{"@type":"ListItem","position":2,"name":"Sommet Afrique-France : La date limite de la candidature en ligne est recul\u00e9e"}]},{"@type":"WebSite","@id":"https:\/\/kapitalis.com\/tunisie\/#website","url":"https:\/\/kapitalis.com\/tunisie\/","name":"Kapitalis","description":"L&#039;actualit\u00e9 en Tunisie et dans le monde","publisher":{"@id":"https:\/\/kapitalis.com\/tunisie\/#organization"},"potentialAction":[{"@type":"SearchAction","target":{"@type":"EntryPoint","urlTemplate":"https:\/\/kapitalis.com\/tunisie\/?s={search_term_string}"},"query-input":{"@type":"PropertyValueSpecification","valueRequired":true,"valueName":"search_term_string"}}],"inLanguage":"fr-FR"},{"@type":"Organization","@id":"https:\/\/kapitalis.com\/tunisie\/#organization","name":"Kapitalis","url":"https:\/\/kapitalis.com\/tunisie\/","logo":{"@type":"ImageObject","inLanguage":"fr-FR","@id":"https:\/\/kapitalis.com\/tunisie\/#\/schema\/logo\/image\/","url":"https:\/\/kapitalis.com\/tunisie\/wp-content\/uploads\/2022\/05\/Kapitalis-big-size.png","contentUrl":"https:\/\/kapitalis.com\/tunisie\/wp-content\/uploads\/2022\/05\/Kapitalis-big-size.png","width":5000,"height":1500,"caption":"Kapitalis"},"image":{"@id":"https:\/\/kapitalis.com\/tunisie\/#\/schema\/logo\/image\/"},"sameAs":["https:\/\/www.facebook.com\/KapitalisInfo\/","https:\/\/x.com\/KapitalisInfo","https:\/\/www.youtube.com\/channel\/UC-yDYrHyfFBWWZaOw3FPg9Q"]},{"@type":"Person","@id":"https:\/\/kapitalis.com\/tunisie\/#\/schema\/person\/093913313d3017554cb3ad077fff3fbd","name":"Amina Mkada","url":"https:\/\/kapitalis.com\/tunisie\/author\/amina\/"}]}},"_links":{"self":[{"href":"https:\/\/kapitalis.com\/tunisie\/wp-json\/wp\/v2\/posts\/283425","targetHints":{"allow":["GET"]}}],"collection":[{"href":"https:\/\/kapitalis.com\/tunisie\/wp-json\/wp\/v2\/posts"}],"about":[{"href":"https:\/\/kapitalis.com\/tunisie\/wp-json\/wp\/v2\/types\/post"}],"author":[{"embeddable":true,"href":"https:\/\/kapitalis.com\/tunisie\/wp-json\/wp\/v2\/users\/22"}],"replies":[{"embeddable":true,"href":"https:\/\/kapitalis.com\/tunisie\/wp-json\/wp\/v2\/comments?post=283425"}],"version-history":[{"count":0,"href":"https:\/\/kapitalis.com\/tunisie\/wp-json\/wp\/v2\/posts\/283425\/revisions"}],"wp:featuredmedia":[{"embeddable":true,"href":"https:\/\/kapitalis.com\/tunisie\/wp-json\/wp\/v2\/media\/283435"}],"wp:attachment":[{"href":"https:\/\/kapitalis.com\/tunisie\/wp-json\/wp\/v2\/media?parent=283425"}],"wp:term":[{"taxonomy":"category","embeddable":true,"href":"https:\/\/kapitalis.com\/tunisie\/wp-json\/wp\/v2\/categories?post=283425"},{"taxonomy":"post_tag","embeddable":true,"href":"https:\/\/kapitalis.com\/tunisie\/wp-json\/wp\/v2\/tags?post=283425"}],"curies":[{"name":"wp","href":"https:\/\/api.w.org\/{rel}","templated":true}]}}