{"id":283589,"date":"2020-02-26T11:27:50","date_gmt":"2020-02-26T10:27:50","guid":{"rendered":"http:\/\/kapitalis.com\/tunisie\/?p=283589"},"modified":"2020-02-26T11:27:51","modified_gmt":"2020-02-26T10:27:51","slug":"deux-athletes-de-la-bna-olympic-team-au-meeting-international-de-marrakech","status":"publish","type":"post","link":"https:\/\/kapitalis.com\/tunisie\/2020\/02\/26\/deux-athletes-de-la-bna-olympic-team-au-meeting-international-de-marrakech\/","title":{"rendered":"Deux athl\u00e8tes de la BNA Olympic Team au Meeting international de Marrakech"},"content":{"rendered":"\n<figure class=\"wp-block-image size-large\"><img decoding=\"async\" src=\"http:\/\/kapitalis.com\/tunisie\/wp-content\/uploads\/2020\/02\/Bilel-Aloui-Najeh-Chwaya.jpg\" alt=\"\" class=\"wp-image-283609\"\/><\/figure>\n\n\n\n<p><strong><em>La saison paralympique 2020 commence pour les athl\u00e8tes handisport Najeh Chwaya et Bilel Aloui, membres de la BNA Olympic Team, avec le Meeting international de Marrakech, qui aura lieu dans cette ville du sud-ouest du Maroc, du 27 f\u00e9vrier au 1er mars 2020. <\/em><\/strong><\/p>\n\n\n\n<!--more-->\n\n\n\n<p>A Marrakech, Bilel Aloui sera align\u00e9 sur la distance des 5.000 m\u00e8tres. <\/p>\n\n\n\n<p>En 2016, aux Jeux paralympiques de Rio de Janeiro au Br\u00e9sil, l&rsquo;athl\u00e8te avait remport\u00e9 la m\u00e9daille de bronze, puis en 2017, aux Mondiaux Handisport de Londres, il avait d\u00e9croch\u00e9 la m\u00e9daille d&rsquo;argent sur la m\u00eame distance. <\/p>\n\n\n\n<p>Quant \u00e0 Najeh Chwaya, elle prendra le d\u00e9part du 1.500 m\u00e8tres. Parmi les meilleures performances de Najeh, la m\u00e9daille d&rsquo;or du Meeting international de Constantine en Alg\u00e9rie sur 1.500 M, avec un chrono de 4&rsquo;49&Prime;75. <\/p>\n\n\n\n<p>Najeh est professeure de sport \u00e0 la Cit\u00e9 olympique de l&rsquo;Ariana.<\/p>\n\n\n\n<p class=\"has-text-align-right\"><strong>A. M.<\/strong><\/p>\n\n\n\n<figure class=\"wp-block-embed-wordpress wp-block-embed is-type-wp-embed is-provider-kapitalis\"><div class=\"wp-block-embed__wrapper\">\n<blockquote class=\"wp-embedded-content\" data-secret=\"RAfKqrkGBv\"><a href=\"https:\/\/kapitalis.com\/tunisie\/2019\/04\/26\/neuf-medailles-tunisiennes-au-1er-jour-du-meeting-paralympique-de-marrakech\/\">Neuf m\u00e9dailles tunisiennes au 1er jour du meeting paralympique de Marrakech<\/a><\/blockquote><iframe loading=\"lazy\" class=\"wp-embedded-content\" sandbox=\"allow-scripts\" security=\"restricted\" style=\"position: absolute; clip: rect(1px, 1px, 1px, 1px);\" title=\"\u00ab\u00a0Neuf m\u00e9dailles tunisiennes au 1er jour du meeting paralympique de Marrakech\u00a0\u00bb &#8212; Kapitalis\" src=\"https:\/\/kapitalis.com\/tunisie\/2019\/04\/26\/neuf-medailles-tunisiennes-au-1er-jour-du-meeting-paralympique-de-marrakech\/embed\/#?secret=9Xd6gFv13k#?secret=RAfKqrkGBv\" data-secret=\"RAfKqrkGBv\" width=\"600\" height=\"338\" frameborder=\"0\" marginwidth=\"0\" marginheight=\"0\" scrolling=\"no\"><\/iframe>\n<\/div><\/figure>\n","protected":false},"excerpt":{"rendered":"<p>La saison paralympique 2020 commence pour les athl\u00e8tes handisport Najeh Chwaya et Bilel Aloui, membres de la BNA Olympic Team, avec le Meeting international de Marrakech, qui aura lieu dans cette ville du sud-ouest du Maroc, du 27 f\u00e9vrier au 1er mars 2020.<\/p>\n","protected":false},"author":22,"featured_media":283609,"comment_status":"open","ping_status":"open","sticky":false,"template":"","format":"standard","meta":{"footnotes":""},"categories":[999,2433],"tags":[22785,65152,23153,75459,75458],"class_list":["post-283589","post","type-post","status-publish","format-standard","has-post-thumbnail","hentry","category-sport","category-tunisie","tag-bilel-aloui","tag-bna-olympic-team","tag-handisport","tag-meeting-international-de-marrakech","tag-najeh-chwaya"],"yoast_head":"<!-- This site is optimized with the Yoast SEO plugin v26.6 - https:\/\/yoast.com\/wordpress\/plugins\/seo\/ -->\n<title>Deux athl\u00e8tes de la BNA Olympic Team au Meeting international de Marrakech - Kapitalis<\/title>\n<meta name=\"robots\" content=\"index, follow, max-snippet:-1, max-image-preview:large, max-video-preview:-1\" \/>\n<link rel=\"canonical\" href=\"https:\/\/kapitalis.com\/tunisie\/2020\/02\/26\/deux-athletes-de-la-bna-olympic-team-au-meeting-international-de-marrakech\/\" \/>\n<meta property=\"og:locale\" content=\"fr_FR\" \/>\n<meta property=\"og:type\" content=\"article\" \/>\n<meta property=\"og:title\" content=\"Deux athl\u00e8tes de la BNA Olympic Team au Meeting international de Marrakech - Kapitalis\" \/>\n<meta property=\"og:description\" content=\"La saison paralympique 2020 commence pour les athl\u00e8tes handisport Najeh Chwaya et Bilel Aloui, membres de la BNA Olympic Team, avec le Meeting international de Marrakech, qui aura lieu dans cette ville du sud-ouest du Maroc, du 27 f\u00e9vrier au 1er mars 2020.\" \/>\n<meta property=\"og:url\" content=\"https:\/\/kapitalis.com\/tunisie\/2020\/02\/26\/deux-athletes-de-la-bna-olympic-team-au-meeting-international-de-marrakech\/\" \/>\n<meta property=\"og:site_name\" content=\"Kapitalis\" \/>\n<meta property=\"article:publisher\" content=\"https:\/\/www.facebook.com\/KapitalisInfo\/\" \/>\n<meta property=\"article:published_time\" content=\"2020-02-26T10:27:50+00:00\" \/>\n<meta property=\"article:modified_time\" content=\"2020-02-26T10:27:51+00:00\" \/>\n<meta property=\"og:image\" content=\"https:\/\/kapitalis.com\/tunisie\/wp-content\/uploads\/2022\/05\/kapitalis-logo-fb.png\" \/>\n\t<meta property=\"og:image:width\" content=\"1200\" \/>\n\t<meta property=\"og:image:height\" content=\"630\" \/>\n\t<meta property=\"og:image:type\" content=\"image\/png\" \/>\n<meta name=\"author\" content=\"Amina Mkada\" \/>\n<meta name=\"twitter:card\" content=\"summary_large_image\" \/>\n<meta name=\"twitter:creator\" content=\"@KapitalisInfo\" \/>\n<meta name=\"twitter:site\" content=\"@KapitalisInfo\" \/>\n<meta name=\"twitter:label1\" content=\"\u00c9crit par\" \/>\n\t<meta name=\"twitter:data1\" content=\"Amina Mkada\" \/>\n\t<meta name=\"twitter:label2\" content=\"Dur\u00e9e de lecture estim\u00e9e\" \/>\n\t<meta name=\"twitter:data2\" content=\"1 minute\" \/>\n<script type=\"application\/ld+json\" class=\"yoast-schema-graph\">{\"@context\":\"https:\/\/schema.org\",\"@graph\":[{\"@type\":\"Article\",\"@id\":\"https:\/\/kapitalis.com\/tunisie\/2020\/02\/26\/deux-athletes-de-la-bna-olympic-team-au-meeting-international-de-marrakech\/#article\",\"isPartOf\":{\"@id\":\"https:\/\/kapitalis.com\/tunisie\/2020\/02\/26\/deux-athletes-de-la-bna-olympic-team-au-meeting-international-de-marrakech\/\"},\"author\":{\"name\":\"Amina Mkada\",\"@id\":\"https:\/\/kapitalis.com\/tunisie\/#\/schema\/person\/093913313d3017554cb3ad077fff3fbd\"},\"headline\":\"Deux athl\u00e8tes de la BNA Olympic Team au Meeting international de Marrakech\",\"datePublished\":\"2020-02-26T10:27:50+00:00\",\"dateModified\":\"2020-02-26T10:27:51+00:00\",\"mainEntityOfPage\":{\"@id\":\"https:\/\/kapitalis.com\/tunisie\/2020\/02\/26\/deux-athletes-de-la-bna-olympic-team-au-meeting-international-de-marrakech\/\"},\"wordCount\":161,\"commentCount\":0,\"publisher\":{\"@id\":\"https:\/\/kapitalis.com\/tunisie\/#organization\"},\"image\":{\"@id\":\"https:\/\/kapitalis.com\/tunisie\/2020\/02\/26\/deux-athletes-de-la-bna-olympic-team-au-meeting-international-de-marrakech\/#primaryimage\"},\"thumbnailUrl\":\"\",\"keywords\":[\"Bilel Aloui\",\"BNA Olympic Team\",\"handisport\",\"Meeting international de Marrakech\",\"Najeh Chwaya\"],\"articleSection\":[\"SPORT\",\"Tunisie\"],\"inLanguage\":\"fr-FR\",\"potentialAction\":[{\"@type\":\"CommentAction\",\"name\":\"Comment\",\"target\":[\"https:\/\/kapitalis.com\/tunisie\/2020\/02\/26\/deux-athletes-de-la-bna-olympic-team-au-meeting-international-de-marrakech\/#respond\"]}]},{\"@type\":\"WebPage\",\"@id\":\"https:\/\/kapitalis.com\/tunisie\/2020\/02\/26\/deux-athletes-de-la-bna-olympic-team-au-meeting-international-de-marrakech\/\",\"url\":\"https:\/\/kapitalis.com\/tunisie\/2020\/02\/26\/deux-athletes-de-la-bna-olympic-team-au-meeting-international-de-marrakech\/\",\"name\":\"Deux athl\u00e8tes de la BNA Olympic Team au Meeting international de Marrakech - Kapitalis\",\"isPartOf\":{\"@id\":\"https:\/\/kapitalis.com\/tunisie\/#website\"},\"primaryImageOfPage\":{\"@id\":\"https:\/\/kapitalis.com\/tunisie\/2020\/02\/26\/deux-athletes-de-la-bna-olympic-team-au-meeting-international-de-marrakech\/#primaryimage\"},\"image\":{\"@id\":\"https:\/\/kapitalis.com\/tunisie\/2020\/02\/26\/deux-athletes-de-la-bna-olympic-team-au-meeting-international-de-marrakech\/#primaryimage\"},\"thumbnailUrl\":\"\",\"datePublished\":\"2020-02-26T10:27:50+00:00\",\"dateModified\":\"2020-02-26T10:27:51+00:00\",\"breadcrumb\":{\"@id\":\"https:\/\/kapitalis.com\/tunisie\/2020\/02\/26\/deux-athletes-de-la-bna-olympic-team-au-meeting-international-de-marrakech\/#breadcrumb\"},\"inLanguage\":\"fr-FR\",\"potentialAction\":[{\"@type\":\"ReadAction\",\"target\":[\"https:\/\/kapitalis.com\/tunisie\/2020\/02\/26\/deux-athletes-de-la-bna-olympic-team-au-meeting-international-de-marrakech\/\"]}]},{\"@type\":\"ImageObject\",\"inLanguage\":\"fr-FR\",\"@id\":\"https:\/\/kapitalis.com\/tunisie\/2020\/02\/26\/deux-athletes-de-la-bna-olympic-team-au-meeting-international-de-marrakech\/#primaryimage\",\"url\":\"\",\"contentUrl\":\"\"},{\"@type\":\"BreadcrumbList\",\"@id\":\"https:\/\/kapitalis.com\/tunisie\/2020\/02\/26\/deux-athletes-de-la-bna-olympic-team-au-meeting-international-de-marrakech\/#breadcrumb\",\"itemListElement\":[{\"@type\":\"ListItem\",\"position\":1,\"name\":\"Accueil\",\"item\":\"https:\/\/kapitalis.com\/tunisie\/\"},{\"@type\":\"ListItem\",\"position\":2,\"name\":\"Deux athl\u00e8tes de la BNA Olympic Team au Meeting international de Marrakech\"}]},{\"@type\":\"WebSite\",\"@id\":\"https:\/\/kapitalis.com\/tunisie\/#website\",\"url\":\"https:\/\/kapitalis.com\/tunisie\/\",\"name\":\"Kapitalis\",\"description\":\"L&#039;actualit\u00e9 en Tunisie et dans le monde\",\"publisher\":{\"@id\":\"https:\/\/kapitalis.com\/tunisie\/#organization\"},\"potentialAction\":[{\"@type\":\"SearchAction\",\"target\":{\"@type\":\"EntryPoint\",\"urlTemplate\":\"https:\/\/kapitalis.com\/tunisie\/?s={search_term_string}\"},\"query-input\":{\"@type\":\"PropertyValueSpecification\",\"valueRequired\":true,\"valueName\":\"search_term_string\"}}],\"inLanguage\":\"fr-FR\"},{\"@type\":\"Organization\",\"@id\":\"https:\/\/kapitalis.com\/tunisie\/#organization\",\"name\":\"Kapitalis\",\"url\":\"https:\/\/kapitalis.com\/tunisie\/\",\"logo\":{\"@type\":\"ImageObject\",\"inLanguage\":\"fr-FR\",\"@id\":\"https:\/\/kapitalis.com\/tunisie\/#\/schema\/logo\/image\/\",\"url\":\"https:\/\/kapitalis.com\/tunisie\/wp-content\/uploads\/2022\/05\/Kapitalis-big-size.png\",\"contentUrl\":\"https:\/\/kapitalis.com\/tunisie\/wp-content\/uploads\/2022\/05\/Kapitalis-big-size.png\",\"width\":5000,\"height\":1500,\"caption\":\"Kapitalis\"},\"image\":{\"@id\":\"https:\/\/kapitalis.com\/tunisie\/#\/schema\/logo\/image\/\"},\"sameAs\":[\"https:\/\/www.facebook.com\/KapitalisInfo\/\",\"https:\/\/x.com\/KapitalisInfo\",\"https:\/\/www.youtube.com\/channel\/UC-yDYrHyfFBWWZaOw3FPg9Q\"]},{\"@type\":\"Person\",\"@id\":\"https:\/\/kapitalis.com\/tunisie\/#\/schema\/person\/093913313d3017554cb3ad077fff3fbd\",\"name\":\"Amina Mkada\",\"url\":\"https:\/\/kapitalis.com\/tunisie\/author\/amina\/\"}]}<\/script>\n<!-- \/ Yoast SEO plugin. -->","yoast_head_json":{"title":"Deux athl\u00e8tes de la BNA Olympic Team au Meeting international de Marrakech - Kapitalis","robots":{"index":"index","follow":"follow","max-snippet":"max-snippet:-1","max-image-preview":"max-image-preview:large","max-video-preview":"max-video-preview:-1"},"canonical":"https:\/\/kapitalis.com\/tunisie\/2020\/02\/26\/deux-athletes-de-la-bna-olympic-team-au-meeting-international-de-marrakech\/","og_locale":"fr_FR","og_type":"article","og_title":"Deux athl\u00e8tes de la BNA Olympic Team au Meeting international de Marrakech - Kapitalis","og_description":"La saison paralympique 2020 commence pour les athl\u00e8tes handisport Najeh Chwaya et Bilel Aloui, membres de la BNA Olympic Team, avec le Meeting international de Marrakech, qui aura lieu dans cette ville du sud-ouest du Maroc, du 27 f\u00e9vrier au 1er mars 2020.","og_url":"https:\/\/kapitalis.com\/tunisie\/2020\/02\/26\/deux-athletes-de-la-bna-olympic-team-au-meeting-international-de-marrakech\/","og_site_name":"Kapitalis","article_publisher":"https:\/\/www.facebook.com\/KapitalisInfo\/","article_published_time":"2020-02-26T10:27:50+00:00","article_modified_time":"2020-02-26T10:27:51+00:00","og_image":[{"width":1200,"height":630,"url":"https:\/\/kapitalis.com\/tunisie\/wp-content\/uploads\/2022\/05\/kapitalis-logo-fb.png","type":"image\/png"}],"author":"Amina Mkada","twitter_card":"summary_large_image","twitter_creator":"@KapitalisInfo","twitter_site":"@KapitalisInfo","twitter_misc":{"\u00c9crit par":"Amina Mkada","Dur\u00e9e de lecture estim\u00e9e":"1 minute"},"schema":{"@context":"https:\/\/schema.org","@graph":[{"@type":"Article","@id":"https:\/\/kapitalis.com\/tunisie\/2020\/02\/26\/deux-athletes-de-la-bna-olympic-team-au-meeting-international-de-marrakech\/#article","isPartOf":{"@id":"https:\/\/kapitalis.com\/tunisie\/2020\/02\/26\/deux-athletes-de-la-bna-olympic-team-au-meeting-international-de-marrakech\/"},"author":{"name":"Amina Mkada","@id":"https:\/\/kapitalis.com\/tunisie\/#\/schema\/person\/093913313d3017554cb3ad077fff3fbd"},"headline":"Deux athl\u00e8tes de la BNA Olympic Team au Meeting international de Marrakech","datePublished":"2020-02-26T10:27:50+00:00","dateModified":"2020-02-26T10:27:51+00:00","mainEntityOfPage":{"@id":"https:\/\/kapitalis.com\/tunisie\/2020\/02\/26\/deux-athletes-de-la-bna-olympic-team-au-meeting-international-de-marrakech\/"},"wordCount":161,"commentCount":0,"publisher":{"@id":"https:\/\/kapitalis.com\/tunisie\/#organization"},"image":{"@id":"https:\/\/kapitalis.com\/tunisie\/2020\/02\/26\/deux-athletes-de-la-bna-olympic-team-au-meeting-international-de-marrakech\/#primaryimage"},"thumbnailUrl":"","keywords":["Bilel Aloui","BNA Olympic Team","handisport","Meeting international de Marrakech","Najeh Chwaya"],"articleSection":["SPORT","Tunisie"],"inLanguage":"fr-FR","potentialAction":[{"@type":"CommentAction","name":"Comment","target":["https:\/\/kapitalis.com\/tunisie\/2020\/02\/26\/deux-athletes-de-la-bna-olympic-team-au-meeting-international-de-marrakech\/#respond"]}]},{"@type":"WebPage","@id":"https:\/\/kapitalis.com\/tunisie\/2020\/02\/26\/deux-athletes-de-la-bna-olympic-team-au-meeting-international-de-marrakech\/","url":"https:\/\/kapitalis.com\/tunisie\/2020\/02\/26\/deux-athletes-de-la-bna-olympic-team-au-meeting-international-de-marrakech\/","name":"Deux athl\u00e8tes de la BNA Olympic Team au Meeting international de Marrakech - Kapitalis","isPartOf":{"@id":"https:\/\/kapitalis.com\/tunisie\/#website"},"primaryImageOfPage":{"@id":"https:\/\/kapitalis.com\/tunisie\/2020\/02\/26\/deux-athletes-de-la-bna-olympic-team-au-meeting-international-de-marrakech\/#primaryimage"},"image":{"@id":"https:\/\/kapitalis.com\/tunisie\/2020\/02\/26\/deux-athletes-de-la-bna-olympic-team-au-meeting-international-de-marrakech\/#primaryimage"},"thumbnailUrl":"","datePublished":"2020-02-26T10:27:50+00:00","dateModified":"2020-02-26T10:27:51+00:00","breadcrumb":{"@id":"https:\/\/kapitalis.com\/tunisie\/2020\/02\/26\/deux-athletes-de-la-bna-olympic-team-au-meeting-international-de-marrakech\/#breadcrumb"},"inLanguage":"fr-FR","potentialAction":[{"@type":"ReadAction","target":["https:\/\/kapitalis.com\/tunisie\/2020\/02\/26\/deux-athletes-de-la-bna-olympic-team-au-meeting-international-de-marrakech\/"]}]},{"@type":"ImageObject","inLanguage":"fr-FR","@id":"https:\/\/kapitalis.com\/tunisie\/2020\/02\/26\/deux-athletes-de-la-bna-olympic-team-au-meeting-international-de-marrakech\/#primaryimage","url":"","contentUrl":""},{"@type":"BreadcrumbList","@id":"https:\/\/kapitalis.com\/tunisie\/2020\/02\/26\/deux-athletes-de-la-bna-olympic-team-au-meeting-international-de-marrakech\/#breadcrumb","itemListElement":[{"@type":"ListItem","position":1,"name":"Accueil","item":"https:\/\/kapitalis.com\/tunisie\/"},{"@type":"ListItem","position":2,"name":"Deux athl\u00e8tes de la BNA Olympic Team au Meeting international de Marrakech"}]},{"@type":"WebSite","@id":"https:\/\/kapitalis.com\/tunisie\/#website","url":"https:\/\/kapitalis.com\/tunisie\/","name":"Kapitalis","description":"L&#039;actualit\u00e9 en Tunisie et dans le monde","publisher":{"@id":"https:\/\/kapitalis.com\/tunisie\/#organization"},"potentialAction":[{"@type":"SearchAction","target":{"@type":"EntryPoint","urlTemplate":"https:\/\/kapitalis.com\/tunisie\/?s={search_term_string}"},"query-input":{"@type":"PropertyValueSpecification","valueRequired":true,"valueName":"search_term_string"}}],"inLanguage":"fr-FR"},{"@type":"Organization","@id":"https:\/\/kapitalis.com\/tunisie\/#organization","name":"Kapitalis","url":"https:\/\/kapitalis.com\/tunisie\/","logo":{"@type":"ImageObject","inLanguage":"fr-FR","@id":"https:\/\/kapitalis.com\/tunisie\/#\/schema\/logo\/image\/","url":"https:\/\/kapitalis.com\/tunisie\/wp-content\/uploads\/2022\/05\/Kapitalis-big-size.png","contentUrl":"https:\/\/kapitalis.com\/tunisie\/wp-content\/uploads\/2022\/05\/Kapitalis-big-size.png","width":5000,"height":1500,"caption":"Kapitalis"},"image":{"@id":"https:\/\/kapitalis.com\/tunisie\/#\/schema\/logo\/image\/"},"sameAs":["https:\/\/www.facebook.com\/KapitalisInfo\/","https:\/\/x.com\/KapitalisInfo","https:\/\/www.youtube.com\/channel\/UC-yDYrHyfFBWWZaOw3FPg9Q"]},{"@type":"Person","@id":"https:\/\/kapitalis.com\/tunisie\/#\/schema\/person\/093913313d3017554cb3ad077fff3fbd","name":"Amina Mkada","url":"https:\/\/kapitalis.com\/tunisie\/author\/amina\/"}]}},"_links":{"self":[{"href":"https:\/\/kapitalis.com\/tunisie\/wp-json\/wp\/v2\/posts\/283589","targetHints":{"allow":["GET"]}}],"collection":[{"href":"https:\/\/kapitalis.com\/tunisie\/wp-json\/wp\/v2\/posts"}],"about":[{"href":"https:\/\/kapitalis.com\/tunisie\/wp-json\/wp\/v2\/types\/post"}],"author":[{"embeddable":true,"href":"https:\/\/kapitalis.com\/tunisie\/wp-json\/wp\/v2\/users\/22"}],"replies":[{"embeddable":true,"href":"https:\/\/kapitalis.com\/tunisie\/wp-json\/wp\/v2\/comments?post=283589"}],"version-history":[{"count":0,"href":"https:\/\/kapitalis.com\/tunisie\/wp-json\/wp\/v2\/posts\/283589\/revisions"}],"wp:featuredmedia":[{"embeddable":true,"href":"https:\/\/kapitalis.com\/tunisie\/wp-json\/wp\/v2\/media\/283609"}],"wp:attachment":[{"href":"https:\/\/kapitalis.com\/tunisie\/wp-json\/wp\/v2\/media?parent=283589"}],"wp:term":[{"taxonomy":"category","embeddable":true,"href":"https:\/\/kapitalis.com\/tunisie\/wp-json\/wp\/v2\/categories?post=283589"},{"taxonomy":"post_tag","embeddable":true,"href":"https:\/\/kapitalis.com\/tunisie\/wp-json\/wp\/v2\/tags?post=283589"}],"curies":[{"name":"wp","href":"https:\/\/api.w.org\/{rel}","templated":true}]}}